{"id":9841,"date":"2023-10-13T21:17:17","date_gmt":"2023-10-13T21:17:17","guid":{"rendered":"https:\/\/portosma.com.br\/?p=9841"},"modified":"2023-10-13T21:18:36","modified_gmt":"2023-10-13T21:18:36","slug":"itaqui-e-destaque-com-novo-recorde-na-movimentacao-de-milho","status":"publish","type":"post","link":"https:\/\/portosma.com.br\/index.php\/2023\/10\/13\/itaqui-e-destaque-com-novo-recorde-na-movimentacao-de-milho\/","title":{"rendered":"Itaqui \u00e9 destaque com novo recorde na movimenta\u00e7\u00e3o de milho"},"content":{"rendered":"<h4><span style=\"color: #800000;\">Os n\u00fameros revelam um forte crescimento ao longo deste ano, destacando-se, principalmente, nos segmentos de gran\u00e9is s\u00f3lidos, gran\u00e9is l\u00edquidos e carga geral.<\/span><\/h4>\n<p>O Porto do Itaqui continua a registrar importantes n\u00fameros de crescimento, com um acumulado de 27,5 milh\u00f5es de toneladas de carga movimentada de janeiro a setembro de 2023, marcando um aumento de 6% em rela\u00e7\u00e3o ao mesmo per\u00edodo do ano anterior. Al\u00e9m disso, o Porto celebra um novo recorde mensal de movimenta\u00e7\u00e3o de milho, atingindo 1,4 milh\u00e3o de toneladas em setembro, superando o recorde anterior de 1,3 milh\u00e3o de toneladas, de setembro de 2022.<\/p>\n<p>Os n\u00fameros revelam um forte crescimento ao longo deste ano, destacando-se, principalmente, nos seguintes segmentos, segundo o site da Emap:<\/p>\n<p><strong>Gran\u00e9is S\u00f3lidos<\/strong> &#8211; De janeiro a setembro de 2023, foram movimentadas 19,8 milh\u00f5es de toneladas de gran\u00e9is s\u00f3lidos, registrando um aumento de 10% em compara\u00e7\u00e3o ao acumulado do mesmo per\u00edodo em 2022.<\/p>\n<p><strong>Gran\u00e9is L\u00edquidos<\/strong> &#8211; O Porto tamb\u00e9m apresentou um maior desempenho em rela\u00e7\u00e3o aos gran\u00e9is l\u00edquidos, com um total de 6,5 milh\u00f5es de toneladas movimentadas de janeiro a setembro de 2023.<\/p>\n<p><strong>Carga Geral<\/strong> \u2013 levando-se em conta a carga geral, no m\u00eas de setembro o Porto do Itaqui registrou uma movimenta\u00e7\u00e3o total de 3,520 milh\u00f5es de toneladas, solidificando sua posi\u00e7\u00e3o como um dos principais terminais de carga do pa\u00eds e o maior porto do Arco Norte, contribuindo significativamente para a economia regional e nacional.<\/p>\n<p>Para o presidente do Porto do Itaqui, Gilberto Lins, \u201co Porto do Itaqui se orgulha de sua contribui\u00e7\u00e3o para o crescimento econ\u00f4mico do Maranh\u00e3o e do Brasil. Os n\u00fameros positivos s\u00e3o resultado de empenho de nossa equipe e de muito planejamento, que se reflete em investimento cont\u00ednuo em infraestrutura, efici\u00eancia operacional e parcerias estrat\u00e9gicas. Estamos focados em continuar aprimorando nossas opera\u00e7\u00f5es para atender \u00e0s demandas crescentes do mercado\u201d.<\/p>\n","protected":false},"excerpt":{"rendered":"<p>Os n\u00fameros revelam um forte crescimento ao longo deste ano, destacando-se, principalmente, nos segmentos de gran\u00e9is s\u00f3lidos e gran\u00e9is l\u00edquidos.<\/p>\n","protected":false},"author":1,"featured_media":9842,"comment_status":"closed","ping_status":"open","sticky":false,"template":"","format":"standard","meta":{"_editorskit_title_hidden":false,"_editorskit_reading_time":0,"_editorskit_is_block_options_detached":false,"_editorskit_block_options_position":"{}","ngg_post_thumbnail":0,"footnotes":""},"categories":[1],"tags":[],"class_list":["post-9841","post","type-post","status-publish","format-standard","has-post-thumbnail","hentry","category-noticias"],"yoast_head":"<!-- This site is optimized with the Yoast SEO plugin v22.5 - https:\/\/yoast.com\/wordpress\/plugins\/seo\/ -->\n<title>Itaqui \u00e9 destaque com novo recorde na movimenta\u00e7\u00e3o de milho - Portosma<\/title>\n<meta name=\"robots\" content=\"index, follow, max-snippet:-1, max-image-preview:large, max-video-preview:-1\" \/>\n<link rel=\"canonical\" href=\"https:\/\/portosma.com.br\/index.php\/2023\/10\/13\/itaqui-e-destaque-com-novo-recorde-na-movimentacao-de-milho\/\" \/>\n<meta property=\"og:locale\" content=\"pt_BR\" \/>\n<meta property=\"og:type\" content=\"article\" \/>\n<meta property=\"og:title\" content=\"Itaqui \u00e9 destaque com novo recorde na movimenta\u00e7\u00e3o de milho - Portosma\" \/>\n<meta property=\"og:description\" content=\"Os n\u00fameros revelam um forte crescimento ao longo deste ano, destacando-se, principalmente, nos segmentos de gran\u00e9is s\u00f3lidos e gran\u00e9is l\u00edquidos.\" \/>\n<meta property=\"og:url\" content=\"https:\/\/portosma.com.br\/index.php\/2023\/10\/13\/itaqui-e-destaque-com-novo-recorde-na-movimentacao-de-milho\/\" \/>\n<meta property=\"og:site_name\" content=\"Portosma\" \/>\n<meta property=\"article:published_time\" content=\"2023-10-13T21:17:17+00:00\" \/>\n<meta property=\"article:modified_time\" content=\"2023-10-13T21:18:36+00:00\" \/>\n<meta property=\"og:image\" content=\"https:\/\/portosma.com.br\/wp-content\/uploads\/2023\/10\/MILHO.jpg\" \/>\n\t<meta property=\"og:image:width\" content=\"1200\" \/>\n\t<meta property=\"og:image:height\" content=\"505\" \/>\n\t<meta property=\"og:image:type\" content=\"image\/jpeg\" \/>\n<meta name=\"author\" content=\"admin\" \/>\n<meta name=\"twitter:card\" content=\"summary_large_image\" \/>\n<meta name=\"twitter:label1\" content=\"Escrito por\" \/>\n\t<meta name=\"twitter:data1\" content=\"admin\" \/>\n\t<meta name=\"twitter:label2\" content=\"Est. tempo de leitura\" \/>\n\t<meta name=\"twitter:data2\" content=\"2 minutos\" \/>\n<script type=\"application\/ld+json\" class=\"yoast-schema-graph\">{\"@context\":\"https:\/\/schema.org\",\"@graph\":[{\"@type\":\"Article\",\"@id\":\"https:\/\/portosma.com.br\/index.php\/2023\/10\/13\/itaqui-e-destaque-com-novo-recorde-na-movimentacao-de-milho\/#article\",\"isPartOf\":{\"@id\":\"https:\/\/portosma.com.br\/index.php\/2023\/10\/13\/itaqui-e-destaque-com-novo-recorde-na-movimentacao-de-milho\/\"},\"author\":{\"name\":\"admin\",\"@id\":\"https:\/\/portosma.com.br\/#\/schema\/person\/fb92dfe283ab47293259c87c813d8623\"},\"headline\":\"Itaqui \u00e9 destaque com novo recorde na movimenta\u00e7\u00e3o de milho\",\"datePublished\":\"2023-10-13T21:17:17+00:00\",\"dateModified\":\"2023-10-13T21:18:36+00:00\",\"mainEntityOfPage\":{\"@id\":\"https:\/\/portosma.com.br\/index.php\/2023\/10\/13\/itaqui-e-destaque-com-novo-recorde-na-movimentacao-de-milho\/\"},\"wordCount\":337,\"publisher\":{\"@id\":\"https:\/\/portosma.com.br\/#organization\"},\"image\":{\"@id\":\"https:\/\/portosma.com.br\/index.php\/2023\/10\/13\/itaqui-e-destaque-com-novo-recorde-na-movimentacao-de-milho\/#primaryimage\"},\"thumbnailUrl\":\"https:\/\/portosma.com.br\/wp-content\/uploads\/2023\/10\/MILHO.jpg\",\"articleSection\":[\"Not\u00edcias\"],\"inLanguage\":\"pt-BR\"},{\"@type\":\"WebPage\",\"@id\":\"https:\/\/portosma.com.br\/index.php\/2023\/10\/13\/itaqui-e-destaque-com-novo-recorde-na-movimentacao-de-milho\/\",\"url\":\"https:\/\/portosma.com.br\/index.php\/2023\/10\/13\/itaqui-e-destaque-com-novo-recorde-na-movimentacao-de-milho\/\",\"name\":\"Itaqui \u00e9 destaque com novo recorde na movimenta\u00e7\u00e3o de milho - Portosma\",\"isPartOf\":{\"@id\":\"https:\/\/portosma.com.br\/#website\"},\"primaryImageOfPage\":{\"@id\":\"https:\/\/portosma.com.br\/index.php\/2023\/10\/13\/itaqui-e-destaque-com-novo-recorde-na-movimentacao-de-milho\/#primaryimage\"},\"image\":{\"@id\":\"https:\/\/portosma.com.br\/index.php\/2023\/10\/13\/itaqui-e-destaque-com-novo-recorde-na-movimentacao-de-milho\/#primaryimage\"},\"thumbnailUrl\":\"https:\/\/portosma.com.br\/wp-content\/uploads\/2023\/10\/MILHO.jpg\",\"datePublished\":\"2023-10-13T21:17:17+00:00\",\"dateModified\":\"2023-10-13T21:18:36+00:00\",\"breadcrumb\":{\"@id\":\"https:\/\/portosma.com.br\/index.php\/2023\/10\/13\/itaqui-e-destaque-com-novo-recorde-na-movimentacao-de-milho\/#breadcrumb\"},\"inLanguage\":\"pt-BR\",\"potentialAction\":[{\"@type\":\"ReadAction\",\"target\":[\"https:\/\/portosma.com.br\/index.php\/2023\/10\/13\/itaqui-e-destaque-com-novo-recorde-na-movimentacao-de-milho\/\"]}]},{\"@type\":\"ImageObject\",\"inLanguage\":\"pt-BR\",\"@id\":\"https:\/\/portosma.com.br\/index.php\/2023\/10\/13\/itaqui-e-destaque-com-novo-recorde-na-movimentacao-de-milho\/#primaryimage\",\"url\":\"https:\/\/portosma.com.br\/wp-content\/uploads\/2023\/10\/MILHO.jpg\",\"contentUrl\":\"https:\/\/portosma.com.br\/wp-content\/uploads\/2023\/10\/MILHO.jpg\",\"width\":1200,\"height\":505},{\"@type\":\"BreadcrumbList\",\"@id\":\"https:\/\/portosma.com.br\/index.php\/2023\/10\/13\/itaqui-e-destaque-com-novo-recorde-na-movimentacao-de-milho\/#breadcrumb\",\"itemListElement\":[{\"@type\":\"ListItem\",\"position\":1,\"name\":\"In\u00edcio\",\"item\":\"https:\/\/portosma.com.br\/\"},{\"@type\":\"ListItem\",\"position\":2,\"name\":\"Itaqui \u00e9 destaque com novo recorde na movimenta\u00e7\u00e3o de milho\"}]},{\"@type\":\"WebSite\",\"@id\":\"https:\/\/portosma.com.br\/#website\",\"url\":\"https:\/\/portosma.com.br\/\",\"name\":\"Portosma\",\"description\":\"Um site de not\u00edcias\",\"publisher\":{\"@id\":\"https:\/\/portosma.com.br\/#organization\"},\"potentialAction\":[{\"@type\":\"SearchAction\",\"target\":{\"@type\":\"EntryPoint\",\"urlTemplate\":\"https:\/\/portosma.com.br\/?s={search_term_string}\"},\"query-input\":\"required name=search_term_string\"}],\"inLanguage\":\"pt-BR\"},{\"@type\":\"Organization\",\"@id\":\"https:\/\/portosma.com.br\/#organization\",\"name\":\"Portosma\",\"alternateName\":\"Portosma\",\"url\":\"https:\/\/portosma.com.br\/\",\"logo\":{\"@type\":\"ImageObject\",\"inLanguage\":\"pt-BR\",\"@id\":\"https:\/\/portosma.com.br\/#\/schema\/logo\/image\/\",\"url\":\"https:\/\/portosma.com.br\/wp-content\/uploads\/2026\/03\/cropped-AD-PORTOSMA.jpg\",\"contentUrl\":\"https:\/\/portosma.com.br\/wp-content\/uploads\/2026\/03\/cropped-AD-PORTOSMA.jpg\",\"width\":400,\"height\":115,\"caption\":\"Portosma\"},\"image\":{\"@id\":\"https:\/\/portosma.com.br\/#\/schema\/logo\/image\/\"}},{\"@type\":\"Person\",\"@id\":\"https:\/\/portosma.com.br\/#\/schema\/person\/fb92dfe283ab47293259c87c813d8623\",\"name\":\"admin\",\"sameAs\":[\"https:\/\/portosma.com.br\"],\"url\":\"https:\/\/portosma.com.br\/index.php\/author\/portosma\/\"}]}<\/script>\n<!-- \/ Yoast SEO plugin. -->","yoast_head_json":{"title":"Itaqui \u00e9 destaque com novo recorde na movimenta\u00e7\u00e3o de milho - Portosma","robots":{"index":"index","follow":"follow","max-snippet":"max-snippet:-1","max-image-preview":"max-image-preview:large","max-video-preview":"max-video-preview:-1"},"canonical":"https:\/\/portosma.com.br\/index.php\/2023\/10\/13\/itaqui-e-destaque-com-novo-recorde-na-movimentacao-de-milho\/","og_locale":"pt_BR","og_type":"article","og_title":"Itaqui \u00e9 destaque com novo recorde na movimenta\u00e7\u00e3o de milho - Portosma","og_description":"Os n\u00fameros revelam um forte crescimento ao longo deste ano, destacando-se, principalmente, nos segmentos de gran\u00e9is s\u00f3lidos e gran\u00e9is l\u00edquidos.","og_url":"https:\/\/portosma.com.br\/index.php\/2023\/10\/13\/itaqui-e-destaque-com-novo-recorde-na-movimentacao-de-milho\/","og_site_name":"Portosma","article_published_time":"2023-10-13T21:17:17+00:00","article_modified_time":"2023-10-13T21:18:36+00:00","og_image":[{"width":1200,"height":505,"url":"https:\/\/portosma.com.br\/wp-content\/uploads\/2023\/10\/MILHO.jpg","type":"image\/jpeg"}],"author":"admin","twitter_card":"summary_large_image","twitter_misc":{"Escrito por":"admin","Est. tempo de leitura":"2 minutos"},"schema":{"@context":"https:\/\/schema.org","@graph":[{"@type":"Article","@id":"https:\/\/portosma.com.br\/index.php\/2023\/10\/13\/itaqui-e-destaque-com-novo-recorde-na-movimentacao-de-milho\/#article","isPartOf":{"@id":"https:\/\/portosma.com.br\/index.php\/2023\/10\/13\/itaqui-e-destaque-com-novo-recorde-na-movimentacao-de-milho\/"},"author":{"name":"admin","@id":"https:\/\/portosma.com.br\/#\/schema\/person\/fb92dfe283ab47293259c87c813d8623"},"headline":"Itaqui \u00e9 destaque com novo recorde na movimenta\u00e7\u00e3o de milho","datePublished":"2023-10-13T21:17:17+00:00","dateModified":"2023-10-13T21:18:36+00:00","mainEntityOfPage":{"@id":"https:\/\/portosma.com.br\/index.php\/2023\/10\/13\/itaqui-e-destaque-com-novo-recorde-na-movimentacao-de-milho\/"},"wordCount":337,"publisher":{"@id":"https:\/\/portosma.com.br\/#organization"},"image":{"@id":"https:\/\/portosma.com.br\/index.php\/2023\/10\/13\/itaqui-e-destaque-com-novo-recorde-na-movimentacao-de-milho\/#primaryimage"},"thumbnailUrl":"https:\/\/portosma.com.br\/wp-content\/uploads\/2023\/10\/MILHO.jpg","articleSection":["Not\u00edcias"],"inLanguage":"pt-BR"},{"@type":"WebPage","@id":"https:\/\/portosma.com.br\/index.php\/2023\/10\/13\/itaqui-e-destaque-com-novo-recorde-na-movimentacao-de-milho\/","url":"https:\/\/portosma.com.br\/index.php\/2023\/10\/13\/itaqui-e-destaque-com-novo-recorde-na-movimentacao-de-milho\/","name":"Itaqui \u00e9 destaque com novo recorde na movimenta\u00e7\u00e3o de milho - Portosma","isPartOf":{"@id":"https:\/\/portosma.com.br\/#website"},"primaryImageOfPage":{"@id":"https:\/\/portosma.com.br\/index.php\/2023\/10\/13\/itaqui-e-destaque-com-novo-recorde-na-movimentacao-de-milho\/#primaryimage"},"image":{"@id":"https:\/\/portosma.com.br\/index.php\/2023\/10\/13\/itaqui-e-destaque-com-novo-recorde-na-movimentacao-de-milho\/#primaryimage"},"thumbnailUrl":"https:\/\/portosma.com.br\/wp-content\/uploads\/2023\/10\/MILHO.jpg","datePublished":"2023-10-13T21:17:17+00:00","dateModified":"2023-10-13T21:18:36+00:00","breadcrumb":{"@id":"https:\/\/portosma.com.br\/index.php\/2023\/10\/13\/itaqui-e-destaque-com-novo-recorde-na-movimentacao-de-milho\/#breadcrumb"},"inLanguage":"pt-BR","potentialAction":[{"@type":"ReadAction","target":["https:\/\/portosma.com.br\/index.php\/2023\/10\/13\/itaqui-e-destaque-com-novo-recorde-na-movimentacao-de-milho\/"]}]},{"@type":"ImageObject","inLanguage":"pt-BR","@id":"https:\/\/portosma.com.br\/index.php\/2023\/10\/13\/itaqui-e-destaque-com-novo-recorde-na-movimentacao-de-milho\/#primaryimage","url":"https:\/\/portosma.com.br\/wp-content\/uploads\/2023\/10\/MILHO.jpg","contentUrl":"https:\/\/portosma.com.br\/wp-content\/uploads\/2023\/10\/MILHO.jpg","width":1200,"height":505},{"@type":"BreadcrumbList","@id":"https:\/\/portosma.com.br\/index.php\/2023\/10\/13\/itaqui-e-destaque-com-novo-recorde-na-movimentacao-de-milho\/#breadcrumb","itemListElement":[{"@type":"ListItem","position":1,"name":"In\u00edcio","item":"https:\/\/portosma.com.br\/"},{"@type":"ListItem","position":2,"name":"Itaqui \u00e9 destaque com novo recorde na movimenta\u00e7\u00e3o de milho"}]},{"@type":"WebSite","@id":"https:\/\/portosma.com.br\/#website","url":"https:\/\/portosma.com.br\/","name":"Portosma","description":"Um site de not\u00edcias","publisher":{"@id":"https:\/\/portosma.com.br\/#organization"},"potentialAction":[{"@type":"SearchAction","target":{"@type":"EntryPoint","urlTemplate":"https:\/\/portosma.com.br\/?s={search_term_string}"},"query-input":"required name=search_term_string"}],"inLanguage":"pt-BR"},{"@type":"Organization","@id":"https:\/\/portosma.com.br\/#organization","name":"Portosma","alternateName":"Portosma","url":"https:\/\/portosma.com.br\/","logo":{"@type":"ImageObject","inLanguage":"pt-BR","@id":"https:\/\/portosma.com.br\/#\/schema\/logo\/image\/","url":"https:\/\/portosma.com.br\/wp-content\/uploads\/2026\/03\/cropped-AD-PORTOSMA.jpg","contentUrl":"https:\/\/portosma.com.br\/wp-content\/uploads\/2026\/03\/cropped-AD-PORTOSMA.jpg","width":400,"height":115,"caption":"Portosma"},"image":{"@id":"https:\/\/portosma.com.br\/#\/schema\/logo\/image\/"}},{"@type":"Person","@id":"https:\/\/portosma.com.br\/#\/schema\/person\/fb92dfe283ab47293259c87c813d8623","name":"admin","sameAs":["https:\/\/portosma.com.br"],"url":"https:\/\/portosma.com.br\/index.php\/author\/portosma\/"}]}},"_links":{"self":[{"href":"https:\/\/portosma.com.br\/index.php\/wp-json\/wp\/v2\/posts\/9841","targetHints":{"allow":["GET"]}}],"collection":[{"href":"https:\/\/portosma.com.br\/index.php\/wp-json\/wp\/v2\/posts"}],"about":[{"href":"https:\/\/portosma.com.br\/index.php\/wp-json\/wp\/v2\/types\/post"}],"author":[{"embeddable":true,"href":"https:\/\/portosma.com.br\/index.php\/wp-json\/wp\/v2\/users\/1"}],"replies":[{"embeddable":true,"href":"https:\/\/portosma.com.br\/index.php\/wp-json\/wp\/v2\/comments?post=9841"}],"version-history":[{"count":2,"href":"https:\/\/portosma.com.br\/index.php\/wp-json\/wp\/v2\/posts\/9841\/revisions"}],"predecessor-version":[{"id":9844,"href":"https:\/\/portosma.com.br\/index.php\/wp-json\/wp\/v2\/posts\/9841\/revisions\/9844"}],"wp:featuredmedia":[{"embeddable":true,"href":"https:\/\/portosma.com.br\/index.php\/wp-json\/wp\/v2\/media\/9842"}],"wp:attachment":[{"href":"https:\/\/portosma.com.br\/index.php\/wp-json\/wp\/v2\/media?parent=9841"}],"wp:term":[{"taxonomy":"category","embeddable":true,"href":"https:\/\/portosma.com.br\/index.php\/wp-json\/wp\/v2\/categories?post=9841"},{"taxonomy":"post_tag","embeddable":true,"href":"https:\/\/portosma.com.br\/index.php\/wp-json\/wp\/v2\/tags?post=9841"}],"curies":[{"name":"wp","href":"https:\/\/api.w.org\/{rel}","templated":true}]}}