{"id":9827,"date":"2023-10-11T23:14:17","date_gmt":"2023-10-11T23:14:17","guid":{"rendered":"https:\/\/portosma.com.br\/?p=9827"},"modified":"2023-10-11T23:16:14","modified_gmt":"2023-10-11T23:16:14","slug":"alcoa-e-alumar-destinam-r-540-mil-a-projetos-comunitarios","status":"publish","type":"post","link":"https:\/\/portosma.com.br\/index.php\/2023\/10\/11\/alcoa-e-alumar-destinam-r-540-mil-a-projetos-comunitarios\/","title":{"rendered":"Alcoa e Alumar destinam R$ 540 mil a projetos comunit\u00e1rios"},"content":{"rendered":"<h4><span style=\"color: #800000;\">O avento teve tamb\u00e9m oficina sobre mobiliza\u00e7\u00e3o comunit\u00e1ria com o Instituto Alcoa e Est\u00fadio Cais, com vistas ao planejamento de 2024.<\/span><\/h4>\n<p>&#8220;O apoio do Instituto Alcoa e da Alumar aos projetos comunit\u00e1rios locais vai al\u00e9m do aspecto financeiro, pois \u00e9 uma iniciativa que impacta positivamente a nossa vida em comunidade. Acreditamos que incentivar\u00e1 mulheres a sa\u00edrem da condi\u00e7\u00e3o de vulnerabilidade socioecon\u00f4mica por meio da qualifica\u00e7\u00e3o profissional e do empreendedorismo&#8221;, destacou L\u00edvia Viana, idealizadora do Projeto Ela na Obra, ao receber o recurso de R$171 mil destinado pelo Programa de Apoio a Projetos Locais 2023, do Instituto Alcoa. A Associa\u00e7\u00e3o Ela na Obra busca estimular a autonomia das mulheres, fortalecendo-as coletivamente e mostrando potencialidades que, muitas vezes, elas at\u00e9 desconhecem. Ao projeto, juntaram-se mais dois beneficiados: &#8220;Ler \u00e9 viver&#8221;, da Sociedade de Amigos das Bibliotecas do Maranh\u00e3o, e &#8220;Nave Empreende&#8221;, da Organiza\u00e7\u00e3o em prol da Natureza, Arte, Vida e Educa\u00e7\u00e3o. A entrega dos recursos \u00e0s institui\u00e7\u00f5es totalizou cerca de R$ 540 mil e ocorreu em 29 de setembro, no hotel Luzeiros, com a presen\u00e7a de representantes do Conselho Consultivo de Rela\u00e7\u00f5es Comunit\u00e1rias e lideran\u00e7as da Alumar.<\/p>\n<p>Walmer Rocha, diretor do Cons\u00f3rcio, lembrou a hist\u00f3rica parceria com a comunidade. \u201cS\u00e3o projetos que buscam transforma\u00e7\u00f5es nas estruturas sociais e pessoais, no ambiente coletivo, tudo trabalhando para a constru\u00e7\u00e3o deuma sociedade cada vez mais inclusiva e menos desigual. Estamos unidos aos esfor\u00e7os do poder p\u00fablico, do terceiro setor, de todas as esferas para buscar o desenvolvimento com qualidade de vida\u201d, disse.&nbsp; \u201cE a melhoria de uma comunidade passa, em sua ess\u00eancia, pelas pessoas\u201d, complementou o gerente de Rela\u00e7\u00f5es Institucionais, Comunica\u00e7\u00e3o e Sustentabilidade, Daniel Florenzano, ao ressaltar \u00e0s iniciativas da Alumar nas comunidades, \u201ctrabalhamos em projetos para fortalecer e proporcionar oportunidades \u00e0s pessoas, produzindo, num esfor\u00e7o rec\u00edproco e di\u00e1rio, uma rela\u00e7\u00e3o de confian\u00e7a e parceira com organiza\u00e7\u00f5es da sociedade civil e as comunidades\u201d afirmou.<\/p>\n<p>Ap\u00f3s o evento que oficializou a doa\u00e7\u00e3o, representantes do Conselho Consultivo de Rela\u00e7\u00f5es Comunit\u00e1rias da Alumar participaram de uma oficina sobre mobiliza\u00e7\u00e3o comunit\u00e1ria com o Instituto Alcoa e Est\u00fadio Cais, com vistas ao planejamento de 2024.<\/p>\n<p><span style=\"color: #800000;\"><strong>Sobre o Instituto Alcoa<\/strong> <\/span>&#8211; Fundado em 1990, no Brasil, o Instituto Alcoa \u00e9 uma entidade sem fins lucrativos, que tem o prop\u00f3sito de transformar coletivamente os territ\u00f3rios em que a Alcoa est\u00e1 presente \u2013 Po\u00e7os de Caldas (MG), S\u00e3o Lu\u00eds (MA) e Juruti (PA) \u2013 a fim de torn\u00e1-los mais inclusivos e menos desiguais.<\/p>\n<p>Para isso, o Instituto Alcoa promove iniciativas em educa\u00e7\u00e3o e gera\u00e7\u00e3o de trabalho e renda, causas estruturantes para o desenvolvimento de uma sociedade mais justa, al\u00e9m de incentivar a participa\u00e7\u00e3o social e o di\u00e1logo em torno das causas como forma de mobiliza\u00e7\u00e3o para o engajamento. Sua atua\u00e7\u00e3o se conecta \u00e0s pol\u00edticas p\u00fablicas e agendas de interesses globais, como os Objetivos de Desenvolvimento Sustent\u00e1vel (ODS).<\/p>\n<p><span style=\"color: #800000;\"><strong>Sobre a Alumar<\/strong> <\/span>&#8211; O Cons\u00f3rcio de Alum\u00ednio do Maranh\u00e3o &#8211; Alumar \u00e9 um dos maiores complexos industriais de produ\u00e7\u00e3o de alumina e alum\u00ednio do mundo. Inaugurado em julho de 1984, \u00e9 formado pelas empresas Alcoa, Rio Tinto e South32 e desempenha um papel importante no Maranh\u00e3o. Cerca de 90% de seus colaboradores s\u00e3o maranhenses, al\u00e9m de contar com centenas de fornecedores locais.<\/p>\n<p>O sistema de gest\u00e3o da Alumar \u00e9 integrado e engloba gest\u00f5es de qualidade, sa\u00fade, seguran\u00e7a e meio ambiente estabelecido com base nas normas NBR ISO 9001, NBR ISO 14001 e NBR ISO 45001. Em 2019, obteve a certifica\u00e7\u00e3o ASI (Aluminium Stewardship Initiative), o mais importante Selo de Sustentabilidade na cadeia de valor do alum\u00ednio.<\/p>\n","protected":false},"excerpt":{"rendered":"<p>O avento teve tamb\u00e9m oficina sobre mobiliza\u00e7\u00e3o comunit\u00e1ria com o Instituto Alcoa e Est\u00fadio Cais, com vistas ao planejamento de 2024.<\/p>\n","protected":false},"author":1,"featured_media":9828,"comment_status":"closed","ping_status":"open","sticky":false,"template":"","format":"standard","meta":{"_editorskit_title_hidden":false,"_editorskit_reading_time":0,"_editorskit_is_block_options_detached":false,"_editorskit_block_options_position":"{}","ngg_post_thumbnail":0,"footnotes":""},"categories":[1],"tags":[],"class_list":["post-9827","post","type-post","status-publish","format-standard","has-post-thumbnail","hentry","category-noticias"],"yoast_head":"<!-- This site is optimized with the Yoast SEO plugin v22.5 - https:\/\/yoast.com\/wordpress\/plugins\/seo\/ -->\n<title>Alcoa e Alumar destinam R$ 540 mil a projetos comunit\u00e1rios - Portosma<\/title>\n<meta name=\"robots\" content=\"index, follow, max-snippet:-1, max-image-preview:large, max-video-preview:-1\" \/>\n<link rel=\"canonical\" href=\"https:\/\/portosma.com.br\/index.php\/2023\/10\/11\/alcoa-e-alumar-destinam-r-540-mil-a-projetos-comunitarios\/\" \/>\n<meta property=\"og:locale\" content=\"pt_BR\" \/>\n<meta property=\"og:type\" content=\"article\" \/>\n<meta property=\"og:title\" content=\"Alcoa e Alumar destinam R$ 540 mil a projetos comunit\u00e1rios - Portosma\" \/>\n<meta property=\"og:description\" content=\"O avento teve tamb\u00e9m oficina sobre mobiliza\u00e7\u00e3o comunit\u00e1ria com o Instituto Alcoa e Est\u00fadio Cais, com vistas ao planejamento de 2024.\" \/>\n<meta property=\"og:url\" content=\"https:\/\/portosma.com.br\/index.php\/2023\/10\/11\/alcoa-e-alumar-destinam-r-540-mil-a-projetos-comunitarios\/\" \/>\n<meta property=\"og:site_name\" content=\"Portosma\" \/>\n<meta property=\"article:published_time\" content=\"2023-10-11T23:14:17+00:00\" \/>\n<meta property=\"article:modified_time\" content=\"2023-10-11T23:16:14+00:00\" \/>\n<meta property=\"og:image\" content=\"https:\/\/portosma.com.br\/wp-content\/uploads\/2023\/10\/FOTO-ALCOA.jpg\" \/>\n\t<meta property=\"og:image:width\" content=\"1200\" \/>\n\t<meta property=\"og:image:height\" content=\"504\" \/>\n\t<meta property=\"og:image:type\" content=\"image\/jpeg\" \/>\n<meta name=\"author\" content=\"admin\" \/>\n<meta name=\"twitter:card\" content=\"summary_large_image\" \/>\n<meta name=\"twitter:label1\" content=\"Escrito por\" \/>\n\t<meta name=\"twitter:data1\" content=\"admin\" \/>\n\t<meta name=\"twitter:label2\" content=\"Est. tempo de leitura\" \/>\n\t<meta name=\"twitter:data2\" content=\"3 minutos\" \/>\n<script type=\"application\/ld+json\" class=\"yoast-schema-graph\">{\"@context\":\"https:\/\/schema.org\",\"@graph\":[{\"@type\":\"Article\",\"@id\":\"https:\/\/portosma.com.br\/index.php\/2023\/10\/11\/alcoa-e-alumar-destinam-r-540-mil-a-projetos-comunitarios\/#article\",\"isPartOf\":{\"@id\":\"https:\/\/portosma.com.br\/index.php\/2023\/10\/11\/alcoa-e-alumar-destinam-r-540-mil-a-projetos-comunitarios\/\"},\"author\":{\"name\":\"admin\",\"@id\":\"https:\/\/portosma.com.br\/#\/schema\/person\/fb92dfe283ab47293259c87c813d8623\"},\"headline\":\"Alcoa e Alumar destinam R$ 540 mil a projetos comunit\u00e1rios\",\"datePublished\":\"2023-10-11T23:14:17+00:00\",\"dateModified\":\"2023-10-11T23:16:14+00:00\",\"mainEntityOfPage\":{\"@id\":\"https:\/\/portosma.com.br\/index.php\/2023\/10\/11\/alcoa-e-alumar-destinam-r-540-mil-a-projetos-comunitarios\/\"},\"wordCount\":645,\"publisher\":{\"@id\":\"https:\/\/portosma.com.br\/#organization\"},\"image\":{\"@id\":\"https:\/\/portosma.com.br\/index.php\/2023\/10\/11\/alcoa-e-alumar-destinam-r-540-mil-a-projetos-comunitarios\/#primaryimage\"},\"thumbnailUrl\":\"https:\/\/portosma.com.br\/wp-content\/uploads\/2023\/10\/FOTO-ALCOA.jpg\",\"articleSection\":[\"Not\u00edcias\"],\"inLanguage\":\"pt-BR\"},{\"@type\":\"WebPage\",\"@id\":\"https:\/\/portosma.com.br\/index.php\/2023\/10\/11\/alcoa-e-alumar-destinam-r-540-mil-a-projetos-comunitarios\/\",\"url\":\"https:\/\/portosma.com.br\/index.php\/2023\/10\/11\/alcoa-e-alumar-destinam-r-540-mil-a-projetos-comunitarios\/\",\"name\":\"Alcoa e Alumar destinam R$ 540 mil a projetos comunit\u00e1rios - Portosma\",\"isPartOf\":{\"@id\":\"https:\/\/portosma.com.br\/#website\"},\"primaryImageOfPage\":{\"@id\":\"https:\/\/portosma.com.br\/index.php\/2023\/10\/11\/alcoa-e-alumar-destinam-r-540-mil-a-projetos-comunitarios\/#primaryimage\"},\"image\":{\"@id\":\"https:\/\/portosma.com.br\/index.php\/2023\/10\/11\/alcoa-e-alumar-destinam-r-540-mil-a-projetos-comunitarios\/#primaryimage\"},\"thumbnailUrl\":\"https:\/\/portosma.com.br\/wp-content\/uploads\/2023\/10\/FOTO-ALCOA.jpg\",\"datePublished\":\"2023-10-11T23:14:17+00:00\",\"dateModified\":\"2023-10-11T23:16:14+00:00\",\"breadcrumb\":{\"@id\":\"https:\/\/portosma.com.br\/index.php\/2023\/10\/11\/alcoa-e-alumar-destinam-r-540-mil-a-projetos-comunitarios\/#breadcrumb\"},\"inLanguage\":\"pt-BR\",\"potentialAction\":[{\"@type\":\"ReadAction\",\"target\":[\"https:\/\/portosma.com.br\/index.php\/2023\/10\/11\/alcoa-e-alumar-destinam-r-540-mil-a-projetos-comunitarios\/\"]}]},{\"@type\":\"ImageObject\",\"inLanguage\":\"pt-BR\",\"@id\":\"https:\/\/portosma.com.br\/index.php\/2023\/10\/11\/alcoa-e-alumar-destinam-r-540-mil-a-projetos-comunitarios\/#primaryimage\",\"url\":\"https:\/\/portosma.com.br\/wp-content\/uploads\/2023\/10\/FOTO-ALCOA.jpg\",\"contentUrl\":\"https:\/\/portosma.com.br\/wp-content\/uploads\/2023\/10\/FOTO-ALCOA.jpg\",\"width\":1200,\"height\":504},{\"@type\":\"BreadcrumbList\",\"@id\":\"https:\/\/portosma.com.br\/index.php\/2023\/10\/11\/alcoa-e-alumar-destinam-r-540-mil-a-projetos-comunitarios\/#breadcrumb\",\"itemListElement\":[{\"@type\":\"ListItem\",\"position\":1,\"name\":\"In\u00edcio\",\"item\":\"https:\/\/portosma.com.br\/\"},{\"@type\":\"ListItem\",\"position\":2,\"name\":\"Alcoa e Alumar destinam R$ 540 mil a projetos comunit\u00e1rios\"}]},{\"@type\":\"WebSite\",\"@id\":\"https:\/\/portosma.com.br\/#website\",\"url\":\"https:\/\/portosma.com.br\/\",\"name\":\"Portosma\",\"description\":\"Um site de not\u00edcias\",\"publisher\":{\"@id\":\"https:\/\/portosma.com.br\/#organization\"},\"potentialAction\":[{\"@type\":\"SearchAction\",\"target\":{\"@type\":\"EntryPoint\",\"urlTemplate\":\"https:\/\/portosma.com.br\/?s={search_term_string}\"},\"query-input\":\"required name=search_term_string\"}],\"inLanguage\":\"pt-BR\"},{\"@type\":\"Organization\",\"@id\":\"https:\/\/portosma.com.br\/#organization\",\"name\":\"Portosma\",\"alternateName\":\"Portosma\",\"url\":\"https:\/\/portosma.com.br\/\",\"logo\":{\"@type\":\"ImageObject\",\"inLanguage\":\"pt-BR\",\"@id\":\"https:\/\/portosma.com.br\/#\/schema\/logo\/image\/\",\"url\":\"https:\/\/portosma.com.br\/wp-content\/uploads\/2026\/03\/cropped-AD-PORTOSMA.jpg\",\"contentUrl\":\"https:\/\/portosma.com.br\/wp-content\/uploads\/2026\/03\/cropped-AD-PORTOSMA.jpg\",\"width\":400,\"height\":115,\"caption\":\"Portosma\"},\"image\":{\"@id\":\"https:\/\/portosma.com.br\/#\/schema\/logo\/image\/\"}},{\"@type\":\"Person\",\"@id\":\"https:\/\/portosma.com.br\/#\/schema\/person\/fb92dfe283ab47293259c87c813d8623\",\"name\":\"admin\",\"sameAs\":[\"https:\/\/portosma.com.br\"],\"url\":\"https:\/\/portosma.com.br\/index.php\/author\/portosma\/\"}]}<\/script>\n<!-- \/ Yoast SEO plugin. -->","yoast_head_json":{"title":"Alcoa e Alumar destinam R$ 540 mil a projetos comunit\u00e1rios - Portosma","robots":{"index":"index","follow":"follow","max-snippet":"max-snippet:-1","max-image-preview":"max-image-preview:large","max-video-preview":"max-video-preview:-1"},"canonical":"https:\/\/portosma.com.br\/index.php\/2023\/10\/11\/alcoa-e-alumar-destinam-r-540-mil-a-projetos-comunitarios\/","og_locale":"pt_BR","og_type":"article","og_title":"Alcoa e Alumar destinam R$ 540 mil a projetos comunit\u00e1rios - Portosma","og_description":"O avento teve tamb\u00e9m oficina sobre mobiliza\u00e7\u00e3o comunit\u00e1ria com o Instituto Alcoa e Est\u00fadio Cais, com vistas ao planejamento de 2024.","og_url":"https:\/\/portosma.com.br\/index.php\/2023\/10\/11\/alcoa-e-alumar-destinam-r-540-mil-a-projetos-comunitarios\/","og_site_name":"Portosma","article_published_time":"2023-10-11T23:14:17+00:00","article_modified_time":"2023-10-11T23:16:14+00:00","og_image":[{"width":1200,"height":504,"url":"https:\/\/portosma.com.br\/wp-content\/uploads\/2023\/10\/FOTO-ALCOA.jpg","type":"image\/jpeg"}],"author":"admin","twitter_card":"summary_large_image","twitter_misc":{"Escrito por":"admin","Est. tempo de leitura":"3 minutos"},"schema":{"@context":"https:\/\/schema.org","@graph":[{"@type":"Article","@id":"https:\/\/portosma.com.br\/index.php\/2023\/10\/11\/alcoa-e-alumar-destinam-r-540-mil-a-projetos-comunitarios\/#article","isPartOf":{"@id":"https:\/\/portosma.com.br\/index.php\/2023\/10\/11\/alcoa-e-alumar-destinam-r-540-mil-a-projetos-comunitarios\/"},"author":{"name":"admin","@id":"https:\/\/portosma.com.br\/#\/schema\/person\/fb92dfe283ab47293259c87c813d8623"},"headline":"Alcoa e Alumar destinam R$ 540 mil a projetos comunit\u00e1rios","datePublished":"2023-10-11T23:14:17+00:00","dateModified":"2023-10-11T23:16:14+00:00","mainEntityOfPage":{"@id":"https:\/\/portosma.com.br\/index.php\/2023\/10\/11\/alcoa-e-alumar-destinam-r-540-mil-a-projetos-comunitarios\/"},"wordCount":645,"publisher":{"@id":"https:\/\/portosma.com.br\/#organization"},"image":{"@id":"https:\/\/portosma.com.br\/index.php\/2023\/10\/11\/alcoa-e-alumar-destinam-r-540-mil-a-projetos-comunitarios\/#primaryimage"},"thumbnailUrl":"https:\/\/portosma.com.br\/wp-content\/uploads\/2023\/10\/FOTO-ALCOA.jpg","articleSection":["Not\u00edcias"],"inLanguage":"pt-BR"},{"@type":"WebPage","@id":"https:\/\/portosma.com.br\/index.php\/2023\/10\/11\/alcoa-e-alumar-destinam-r-540-mil-a-projetos-comunitarios\/","url":"https:\/\/portosma.com.br\/index.php\/2023\/10\/11\/alcoa-e-alumar-destinam-r-540-mil-a-projetos-comunitarios\/","name":"Alcoa e Alumar destinam R$ 540 mil a projetos comunit\u00e1rios - Portosma","isPartOf":{"@id":"https:\/\/portosma.com.br\/#website"},"primaryImageOfPage":{"@id":"https:\/\/portosma.com.br\/index.php\/2023\/10\/11\/alcoa-e-alumar-destinam-r-540-mil-a-projetos-comunitarios\/#primaryimage"},"image":{"@id":"https:\/\/portosma.com.br\/index.php\/2023\/10\/11\/alcoa-e-alumar-destinam-r-540-mil-a-projetos-comunitarios\/#primaryimage"},"thumbnailUrl":"https:\/\/portosma.com.br\/wp-content\/uploads\/2023\/10\/FOTO-ALCOA.jpg","datePublished":"2023-10-11T23:14:17+00:00","dateModified":"2023-10-11T23:16:14+00:00","breadcrumb":{"@id":"https:\/\/portosma.com.br\/index.php\/2023\/10\/11\/alcoa-e-alumar-destinam-r-540-mil-a-projetos-comunitarios\/#breadcrumb"},"inLanguage":"pt-BR","potentialAction":[{"@type":"ReadAction","target":["https:\/\/portosma.com.br\/index.php\/2023\/10\/11\/alcoa-e-alumar-destinam-r-540-mil-a-projetos-comunitarios\/"]}]},{"@type":"ImageObject","inLanguage":"pt-BR","@id":"https:\/\/portosma.com.br\/index.php\/2023\/10\/11\/alcoa-e-alumar-destinam-r-540-mil-a-projetos-comunitarios\/#primaryimage","url":"https:\/\/portosma.com.br\/wp-content\/uploads\/2023\/10\/FOTO-ALCOA.jpg","contentUrl":"https:\/\/portosma.com.br\/wp-content\/uploads\/2023\/10\/FOTO-ALCOA.jpg","width":1200,"height":504},{"@type":"BreadcrumbList","@id":"https:\/\/portosma.com.br\/index.php\/2023\/10\/11\/alcoa-e-alumar-destinam-r-540-mil-a-projetos-comunitarios\/#breadcrumb","itemListElement":[{"@type":"ListItem","position":1,"name":"In\u00edcio","item":"https:\/\/portosma.com.br\/"},{"@type":"ListItem","position":2,"name":"Alcoa e Alumar destinam R$ 540 mil a projetos comunit\u00e1rios"}]},{"@type":"WebSite","@id":"https:\/\/portosma.com.br\/#website","url":"https:\/\/portosma.com.br\/","name":"Portosma","description":"Um site de not\u00edcias","publisher":{"@id":"https:\/\/portosma.com.br\/#organization"},"potentialAction":[{"@type":"SearchAction","target":{"@type":"EntryPoint","urlTemplate":"https:\/\/portosma.com.br\/?s={search_term_string}"},"query-input":"required name=search_term_string"}],"inLanguage":"pt-BR"},{"@type":"Organization","@id":"https:\/\/portosma.com.br\/#organization","name":"Portosma","alternateName":"Portosma","url":"https:\/\/portosma.com.br\/","logo":{"@type":"ImageObject","inLanguage":"pt-BR","@id":"https:\/\/portosma.com.br\/#\/schema\/logo\/image\/","url":"https:\/\/portosma.com.br\/wp-content\/uploads\/2026\/03\/cropped-AD-PORTOSMA.jpg","contentUrl":"https:\/\/portosma.com.br\/wp-content\/uploads\/2026\/03\/cropped-AD-PORTOSMA.jpg","width":400,"height":115,"caption":"Portosma"},"image":{"@id":"https:\/\/portosma.com.br\/#\/schema\/logo\/image\/"}},{"@type":"Person","@id":"https:\/\/portosma.com.br\/#\/schema\/person\/fb92dfe283ab47293259c87c813d8623","name":"admin","sameAs":["https:\/\/portosma.com.br"],"url":"https:\/\/portosma.com.br\/index.php\/author\/portosma\/"}]}},"_links":{"self":[{"href":"https:\/\/portosma.com.br\/index.php\/wp-json\/wp\/v2\/posts\/9827","targetHints":{"allow":["GET"]}}],"collection":[{"href":"https:\/\/portosma.com.br\/index.php\/wp-json\/wp\/v2\/posts"}],"about":[{"href":"https:\/\/portosma.com.br\/index.php\/wp-json\/wp\/v2\/types\/post"}],"author":[{"embeddable":true,"href":"https:\/\/portosma.com.br\/index.php\/wp-json\/wp\/v2\/users\/1"}],"replies":[{"embeddable":true,"href":"https:\/\/portosma.com.br\/index.php\/wp-json\/wp\/v2\/comments?post=9827"}],"version-history":[{"count":2,"href":"https:\/\/portosma.com.br\/index.php\/wp-json\/wp\/v2\/posts\/9827\/revisions"}],"predecessor-version":[{"id":9830,"href":"https:\/\/portosma.com.br\/index.php\/wp-json\/wp\/v2\/posts\/9827\/revisions\/9830"}],"wp:featuredmedia":[{"embeddable":true,"href":"https:\/\/portosma.com.br\/index.php\/wp-json\/wp\/v2\/media\/9828"}],"wp:attachment":[{"href":"https:\/\/portosma.com.br\/index.php\/wp-json\/wp\/v2\/media?parent=9827"}],"wp:term":[{"taxonomy":"category","embeddable":true,"href":"https:\/\/portosma.com.br\/index.php\/wp-json\/wp\/v2\/categories?post=9827"},{"taxonomy":"post_tag","embeddable":true,"href":"https:\/\/portosma.com.br\/index.php\/wp-json\/wp\/v2\/tags?post=9827"}],"curies":[{"name":"wp","href":"https:\/\/api.w.org\/{rel}","templated":true}]}}