{"id":9614,"date":"2023-10-12T21:55:24","date_gmt":"2023-10-12T21:55:24","guid":{"rendered":"https:\/\/portosma.com.br\/?p=9614"},"modified":"2023-10-17T17:57:24","modified_gmt":"2023-10-17T17:57:24","slug":"sao-luis-sera-palco-da-xxiii-convencao-nacional-da-soamar-brasil","status":"publish","type":"post","link":"https:\/\/portosma.com.br\/index.php\/2023\/10\/12\/sao-luis-sera-palco-da-xxiii-convencao-nacional-da-soamar-brasil\/","title":{"rendered":"S\u00e3o Lu\u00eds sediar\u00e1 a XXIII Conven\u00e7\u00e3o Nacional da Soamar Brasil"},"content":{"rendered":"<p>Depois da XXII Conven\u00e7\u00e3o da Soamar Brasil, que aconteceu na cidade de Florian\u00f3polis, quando foi eleito presidente o maranhense e atual dirigente da entidade, Orson Ant\u00f4nio F\u00e9res Moraes R\u00eago, chagou a vez da realiza\u00e7\u00e3o da Conven\u00e7\u00e3o de n\u00famero XXIII. Marcada para o per\u00edodo entre os dias 15 e 18 de novembro, o evento ter\u00e1 como palco a cidade de S\u00e3o Lu\u00eds, capital do estado do Maranh\u00e3o.<\/p>\n<p>Em seu comunicado \u00e0s entidades filiadas, o presidente Orson F\u00e9res destacou a cidade como \u201cA Ilha magn\u00e9tica de S\u00e3o Lu\u00eds, nossa Atenas Brasileira, com seus encantos, cultura, praias, monumentos e pr\u00e9dios hist\u00f3ricos, al\u00e9m de uma gastronomia exuberante\u201d. No mesmo documento, uma lista dos principais hot\u00e9is da capital maranhense que s\u00e3o sugeridos aos visitantes para suas respectivas reservas.<\/p>\n<h4>Confira a seguir o texto do Presidente da Soamar Brasil<\/h4>\n<p><em>\u201cPrezados (as) Presidentes,<\/em><\/p>\n<p><em>Conforme comunicado anterior e a aproxima\u00e7\u00e3o da data da XXIII Conven\u00e7\u00e3o Nacional em Novembro,&nbsp; informamos a programa\u00e7\u00e3o definida para o evento que, como j\u00e1 dito, ser\u00e1 em S\u00e3o Lu\u00eds, capital do estado do Maranh\u00e3o. Teremos um momento \u00edmpar em que voltaremos a nos reunir desde 2018 para juntos, tomarmos as melhores decis\u00f5es em prol do fortalecimento da nossa SOAMAR. A Ilha magn\u00e9tica de S\u00e3o Lu\u00eds, nossa Atenas Brasileira, com seus encantos, cultura e gastronomia espera por voc\u00eas no per\u00edodo de 15 a 18 de novembro.<\/em><\/p>\n<p><em>Para contribuir com a melhor estadia e conforto dos senhores, segue uma lista com alguns hot\u00e9is. Devido a v\u00e1rios eventos que ocorrem simultaneamente neste mesmo per\u00edodo, sugere-se que realizem suas reservas, o mais breve poss\u00edvel.&nbsp; Pedimos tamb\u00e9m que ao confirmarem suas passagens a\u00e9reas, e hospedagem, que&nbsp; nos seja prontamente informado para que haja o planejamento log\u00edstico por parte da&nbsp; comiss\u00e3o de recep\u00e7\u00e3o&nbsp; das Soamar Brasil&nbsp; e Maranh\u00e3o.<\/em><\/p>\n<p>Cordialmente,<br \/>\n<strong>Orson Ant\u00f4nio F\u00e9res Moraes R\u00eago.<\/strong><br \/>\n<em>Presidente da Soamar Brasil<\/em><\/p>\n<p><span style=\"color: #800000;\"><strong><a style=\"color: #800000;\" href=\"https:\/\/portosma.com.br\/index.php\/pagina-especial-da-soamar-brasil\/\">CLIQUE PARA VER O EDITAL DE CONVOCA\u00c7\u00c3O DA ASSEMBLEIA GERAL<\/a><\/strong><\/span><\/p>\n<h4>lista de hot\u00e9is como sugest\u00e3o de hospedagem em S\u00e3o Lu\u00eds<\/h4>\n<p><span style=\"color: #800000;\"><strong>Hotel Luzeiros&nbsp; &nbsp; &nbsp; &nbsp;<br \/>\n<\/strong><\/span><em>Site: www.luzeirossaoluis.com.br Telefone: (98) 98406-7423<br \/>\n<span style=\"color: #800000;\"><strong><img fetchpriority=\"high\" decoding=\"async\" class=\"alignnone wp-image-9616 size-full\" src=\"https:\/\/portosma.com.br\/wp-content\/uploads\/2023\/10\/HOTEL-1.jpg\" alt=\"\" width=\"400\" height=\"268\" srcset=\"https:\/\/portosma.com.br\/wp-content\/uploads\/2023\/10\/HOTEL-1.jpg 400w, https:\/\/portosma.com.br\/wp-content\/uploads\/2023\/10\/HOTEL-1-300x201.jpg 300w\" sizes=\"(max-width: 400px) 100vw, 400px\" \/><\/strong><\/span><\/em><br \/>\nO Hotel Luzeiros fica a apenas 300 metros da Praia de S\u00e3o Marcos e a 4,5 km do centro hist\u00f3rico de S\u00e3o Lu\u00eds. Este hotel disp\u00f5e de um restaurante, piscina, sauna e terra\u00e7o ao ar livre, academia e um bar.<\/p>\n<p><span style=\"color: #800000;\"><strong>SLZ Lagoa Hotel<\/strong><\/span><br \/>\n<em>Site: www.slzlagoahotel.com.br Telefone: (98) 98119-2172\/4009-2222<br \/>\n<span style=\"color: #800000;\"><strong><img decoding=\"async\" class=\"alignnone wp-image-9617 size-full\" src=\"https:\/\/portosma.com.br\/wp-content\/uploads\/2023\/10\/HOTEL-2.jpg\" alt=\"\" width=\"400\" height=\"323\" srcset=\"https:\/\/portosma.com.br\/wp-content\/uploads\/2023\/10\/HOTEL-2.jpg 400w, https:\/\/portosma.com.br\/wp-content\/uploads\/2023\/10\/HOTEL-2-300x242.jpg 300w\" sizes=\"(max-width: 400px) 100vw, 400px\" \/><\/strong><\/span><\/em><br \/>\nLocalizado no bairro Renascen\u00e7a, o SLZ HOTEL est\u00e1 ao lado da \u00e1rea de lazer da Lagoa da Jansen, pr\u00f3ximo \u00e0s praias Ponta da Areia e S\u00e3o Marcos, a dois minutos do Shopping Tropica, padarias, caf\u00e9s, sorveterias, lanchonetes, farm\u00e1cias e a nove minutos do Centro Hist\u00f3rico.<\/p>\n<p><span style=\"color: #800000;\"><strong>Hotel Premier<\/strong><\/span><br \/>\n<em>Site: www.hotelpremier.com.br Telefone: (98) 99128*4894\/3216-6666<br \/>\n<span style=\"color: #800000;\"><strong><img decoding=\"async\" class=\"alignnone wp-image-9618 size-full\" src=\"https:\/\/portosma.com.br\/wp-content\/uploads\/2023\/10\/HOTEL-3.jpg\" alt=\"\" width=\"400\" height=\"261\" srcset=\"https:\/\/portosma.com.br\/wp-content\/uploads\/2023\/10\/HOTEL-3.jpg 400w, https:\/\/portosma.com.br\/wp-content\/uploads\/2023\/10\/HOTEL-3-300x196.jpg 300w\" sizes=\"(max-width: 400px) 100vw, 400px\" \/><\/strong><\/span><\/em><br \/>\nO Hotel Premier est\u00e1 localizado entre a Praia da Ponta D&#8217;Areia e a Lagoa da Jansen e oferece quartos com Wi-Fi gratuito e TV. O estacionamento privativo est\u00e1 dispon\u00edvel por um custo adicional.<\/p>\n<p><span style=\"color: #800000;\"><strong>Stop Way Hotel<\/strong><\/span><br \/>\nSite: www.stopwayhotel.com.br Telefone: (98) 98200-3636\/4009-7777<br \/>\n<span style=\"color: #800000;\"><strong><img loading=\"lazy\" decoding=\"async\" class=\"alignnone wp-image-9619 size-full\" src=\"https:\/\/portosma.com.br\/wp-content\/uploads\/2023\/10\/HOTEL-4.jpg\" alt=\"\" width=\"400\" height=\"262\" srcset=\"https:\/\/portosma.com.br\/wp-content\/uploads\/2023\/10\/HOTEL-4.jpg 400w, https:\/\/portosma.com.br\/wp-content\/uploads\/2023\/10\/HOTEL-4-300x197.jpg 300w\" sizes=\"(max-width: 400px) 100vw, 400px\" \/><\/strong><\/span><br \/>\nSituado entre a Lagoa da Jansen e a Ba\u00eda de S\u00e3o Marcos, o Stop Way Hotel S\u00e3o Lu\u00eds disp\u00f5e de apartamentos com ar-condicionado, frigobar, telefone e TV de tela plana a cabo e wi-fi gratuito nas \u00e1reas comuns. A praia da Ponta D\u2019 Areia est\u00e1 a apenas algumas dezenas de metros distante.<\/p>\n<p><span style=\"color: #800000;\"><strong>Ibis S\u00e3o Lu\u00eds<\/strong><\/span><br \/>\n<em>Site: www.all.accor.com\/brands\/ibis.pt-br. Telefone: (98) 3311-4060<br \/>\n<span style=\"color: #800000;\"><strong><img loading=\"lazy\" decoding=\"async\" class=\"alignnone wp-image-9620 size-full\" src=\"https:\/\/portosma.com.br\/wp-content\/uploads\/2023\/10\/HOTEL-5.jpg\" alt=\"\" width=\"400\" height=\"300\" srcset=\"https:\/\/portosma.com.br\/wp-content\/uploads\/2023\/10\/HOTEL-5.jpg 400w, https:\/\/portosma.com.br\/wp-content\/uploads\/2023\/10\/HOTEL-5-300x225.jpg 300w\" sizes=\"(max-width: 400px) 100vw, 400px\" \/><\/strong><\/span><\/em><br \/>\nO Ibis S\u00e3o Lu\u00eds est\u00e1 situado em S\u00e3o Lu\u00eds, a 5 km do Centro Hist\u00f3rico. Todos os quartos deste hotel disp\u00f5em de ar-condicionado e TV de tela plana a cabo. O banheiro privativo inclui um chuveiro e um secador de cabelo.<\/p>\n<p><span style=\"color: #800000;\"><strong>Litor\u00e2nea Praia Hotel<\/strong><\/span><br \/>\n<em>Site: www.litoraneapraiahotel.com.br Telefone: (98) 98109-9558\/3213-3200<br \/>\n<span style=\"color: #800000;\"><strong><img loading=\"lazy\" decoding=\"async\" class=\"alignnone wp-image-9621 size-full\" src=\"https:\/\/portosma.com.br\/wp-content\/uploads\/2023\/10\/HOTEL-6.jpg\" alt=\"\" width=\"400\" height=\"300\" srcset=\"https:\/\/portosma.com.br\/wp-content\/uploads\/2023\/10\/HOTEL-6.jpg 400w, https:\/\/portosma.com.br\/wp-content\/uploads\/2023\/10\/HOTEL-6-300x225.jpg 300w\" sizes=\"(max-width: 400px) 100vw, 400px\" \/><\/strong><\/span><\/em><br \/>\nO Litor\u00e2nea Praia Hotel est\u00e1 localizado em frente \u00e0 Praia do Calhau em S\u00e3o Lu\u00eds do Maranh\u00e3o, e oferece quartos com ar-condicionado, comodidades modernas, al\u00e9m de WiFi e estacionamento.<\/p>\n<p><strong><span style=\"color: #800000;\">Rio Poty Hotel<br \/>\n<\/span><\/strong><em>Site: www.riopotysaoluis.com.br Telefone: (98) 98410-8155\/3015-4141<br \/>\n<span style=\"color: #800000;\"><strong><img loading=\"lazy\" decoding=\"async\" class=\"alignnone wp-image-9622 size-full\" src=\"https:\/\/portosma.com.br\/wp-content\/uploads\/2023\/10\/HOTEL-7.jpg\" alt=\"\" width=\"400\" height=\"324\" srcset=\"https:\/\/portosma.com.br\/wp-content\/uploads\/2023\/10\/HOTEL-7.jpg 400w, https:\/\/portosma.com.br\/wp-content\/uploads\/2023\/10\/HOTEL-7-300x243.jpg 300w\" sizes=\"(max-width: 400px) 100vw, 400px\" \/><\/strong><\/span><\/em><br \/>\nLocalizado em S\u00e3o Lu\u00eds, a 1 km da Praia de S\u00e3o Marcos, o Rio Poty Hotel oferece acomoda\u00e7\u00f5es com jardim, terra\u00e7o, restaurante e Wi-Fi gratuito.<\/p>\n<p><span style=\"color: #000000;\"><strong>Receptivo:<br \/>\n<span style=\"color: #800000;\"><img loading=\"lazy\" decoding=\"async\" class=\"alignnone wp-image-9623\" src=\"https:\/\/portosma.com.br\/wp-content\/uploads\/2023\/10\/HOTEL-8-300x156.jpg\" alt=\"\" width=\"400\" height=\"207\" srcset=\"https:\/\/portosma.com.br\/wp-content\/uploads\/2023\/10\/HOTEL-8-300x156.jpg 300w, https:\/\/portosma.com.br\/wp-content\/uploads\/2023\/10\/HOTEL-8-768x398.jpg 768w, https:\/\/portosma.com.br\/wp-content\/uploads\/2023\/10\/HOTEL-8.jpg 843w\" sizes=\"(max-width: 400px) 100vw, 400px\" \/><\/span><\/strong><\/span><br \/>\n<span style=\"color: #800000;\"><strong>Saair Viagens e Turismo, <\/strong><span style=\"color: #000000;\">Telefone<\/span><\/span> 98 984125050<br \/>\nJunior Chagas<\/p>\n<p><img loading=\"lazy\" decoding=\"async\" class=\"alignnone wp-image-9635 size-full\" src=\"https:\/\/portosma.com.br\/wp-content\/uploads\/2023\/10\/CONVENCAO-8.jpg\" alt=\"\" width=\"900\" height=\"461\" srcset=\"https:\/\/portosma.com.br\/wp-content\/uploads\/2023\/10\/CONVENCAO-8.jpg 900w, https:\/\/portosma.com.br\/wp-content\/uploads\/2023\/10\/CONVENCAO-8-300x154.jpg 300w, https:\/\/portosma.com.br\/wp-content\/uploads\/2023\/10\/CONVENCAO-8-768x393.jpg 768w\" sizes=\"(max-width: 900px) 100vw, 900px\" \/><\/p>\n<p><strong><a href=\"https:\/\/portosma.com.br\/wp-admin\/post.php?post=8201&amp;action=edit\">CLIQUE AQUI E ACOMPANHE A P\u00c1GINA DA SOAMAR BRASIL<\/a><\/strong><\/p>\n","protected":false},"excerpt":{"rendered":"<p>Marcada os dias 15 e 18 de novembro, o evento ter\u00e1 como palco a cidade de S\u00e3o Lu\u00eds e vai eleger o novo vice-presidente da entidade.<\/p>\n","protected":false},"author":1,"featured_media":9615,"comment_status":"closed","ping_status":"open","sticky":false,"template":"","format":"standard","meta":{"_editorskit_title_hidden":false,"_editorskit_reading_time":0,"_editorskit_is_block_options_detached":false,"_editorskit_block_options_position":"{}","ngg_post_thumbnail":0,"footnotes":""},"categories":[1],"tags":[],"class_list":["post-9614","post","type-post","status-publish","format-standard","has-post-thumbnail","hentry","category-noticias"],"yoast_head":"<!-- This site is optimized with the Yoast SEO plugin v22.5 - https:\/\/yoast.com\/wordpress\/plugins\/seo\/ -->\n<title>S\u00e3o Lu\u00eds sediar\u00e1 a XXIII Conven\u00e7\u00e3o Nacional da Soamar Brasil - Portosma<\/title>\n<meta name=\"robots\" content=\"index, follow, max-snippet:-1, max-image-preview:large, max-video-preview:-1\" \/>\n<link rel=\"canonical\" href=\"https:\/\/portosma.com.br\/index.php\/2023\/10\/12\/sao-luis-sera-palco-da-xxiii-convencao-nacional-da-soamar-brasil\/\" \/>\n<meta property=\"og:locale\" content=\"pt_BR\" \/>\n<meta property=\"og:type\" content=\"article\" \/>\n<meta property=\"og:title\" content=\"S\u00e3o Lu\u00eds sediar\u00e1 a XXIII Conven\u00e7\u00e3o Nacional da Soamar Brasil - Portosma\" \/>\n<meta property=\"og:description\" content=\"Marcada os dias 15 e 18 de novembro, o evento ter\u00e1 como palco a cidade de S\u00e3o Lu\u00eds e vai eleger o novo vice-presidente da entidade.\" \/>\n<meta property=\"og:url\" content=\"https:\/\/portosma.com.br\/index.php\/2023\/10\/12\/sao-luis-sera-palco-da-xxiii-convencao-nacional-da-soamar-brasil\/\" \/>\n<meta property=\"og:site_name\" content=\"Portosma\" \/>\n<meta property=\"article:published_time\" content=\"2023-10-12T21:55:24+00:00\" \/>\n<meta property=\"article:modified_time\" content=\"2023-10-17T17:57:24+00:00\" \/>\n<meta property=\"og:image\" content=\"https:\/\/portosma.com.br\/wp-content\/uploads\/2023\/10\/CONVENCAO-1.jpg\" \/>\n\t<meta property=\"og:image:width\" content=\"1200\" \/>\n\t<meta property=\"og:image:height\" content=\"500\" \/>\n\t<meta property=\"og:image:type\" content=\"image\/jpeg\" \/>\n<meta name=\"author\" content=\"admin\" \/>\n<meta name=\"twitter:card\" content=\"summary_large_image\" \/>\n<meta name=\"twitter:label1\" content=\"Escrito por\" \/>\n\t<meta name=\"twitter:data1\" content=\"admin\" \/>\n\t<meta name=\"twitter:label2\" content=\"Est. tempo de leitura\" \/>\n\t<meta name=\"twitter:data2\" content=\"4 minutos\" \/>\n<script type=\"application\/ld+json\" class=\"yoast-schema-graph\">{\"@context\":\"https:\/\/schema.org\",\"@graph\":[{\"@type\":\"Article\",\"@id\":\"https:\/\/portosma.com.br\/index.php\/2023\/10\/12\/sao-luis-sera-palco-da-xxiii-convencao-nacional-da-soamar-brasil\/#article\",\"isPartOf\":{\"@id\":\"https:\/\/portosma.com.br\/index.php\/2023\/10\/12\/sao-luis-sera-palco-da-xxiii-convencao-nacional-da-soamar-brasil\/\"},\"author\":{\"name\":\"admin\",\"@id\":\"https:\/\/portosma.com.br\/#\/schema\/person\/fb92dfe283ab47293259c87c813d8623\"},\"headline\":\"S\u00e3o Lu\u00eds sediar\u00e1 a XXIII Conven\u00e7\u00e3o Nacional da Soamar Brasil\",\"datePublished\":\"2023-10-12T21:55:24+00:00\",\"dateModified\":\"2023-10-17T17:57:24+00:00\",\"mainEntityOfPage\":{\"@id\":\"https:\/\/portosma.com.br\/index.php\/2023\/10\/12\/sao-luis-sera-palco-da-xxiii-convencao-nacional-da-soamar-brasil\/\"},\"wordCount\":778,\"publisher\":{\"@id\":\"https:\/\/portosma.com.br\/#organization\"},\"image\":{\"@id\":\"https:\/\/portosma.com.br\/index.php\/2023\/10\/12\/sao-luis-sera-palco-da-xxiii-convencao-nacional-da-soamar-brasil\/#primaryimage\"},\"thumbnailUrl\":\"https:\/\/portosma.com.br\/wp-content\/uploads\/2023\/10\/CONVENCAO-1.jpg\",\"articleSection\":[\"Not\u00edcias\"],\"inLanguage\":\"pt-BR\"},{\"@type\":\"WebPage\",\"@id\":\"https:\/\/portosma.com.br\/index.php\/2023\/10\/12\/sao-luis-sera-palco-da-xxiii-convencao-nacional-da-soamar-brasil\/\",\"url\":\"https:\/\/portosma.com.br\/index.php\/2023\/10\/12\/sao-luis-sera-palco-da-xxiii-convencao-nacional-da-soamar-brasil\/\",\"name\":\"S\u00e3o Lu\u00eds sediar\u00e1 a XXIII Conven\u00e7\u00e3o Nacional da Soamar Brasil - Portosma\",\"isPartOf\":{\"@id\":\"https:\/\/portosma.com.br\/#website\"},\"primaryImageOfPage\":{\"@id\":\"https:\/\/portosma.com.br\/index.php\/2023\/10\/12\/sao-luis-sera-palco-da-xxiii-convencao-nacional-da-soamar-brasil\/#primaryimage\"},\"image\":{\"@id\":\"https:\/\/portosma.com.br\/index.php\/2023\/10\/12\/sao-luis-sera-palco-da-xxiii-convencao-nacional-da-soamar-brasil\/#primaryimage\"},\"thumbnailUrl\":\"https:\/\/portosma.com.br\/wp-content\/uploads\/2023\/10\/CONVENCAO-1.jpg\",\"datePublished\":\"2023-10-12T21:55:24+00:00\",\"dateModified\":\"2023-10-17T17:57:24+00:00\",\"breadcrumb\":{\"@id\":\"https:\/\/portosma.com.br\/index.php\/2023\/10\/12\/sao-luis-sera-palco-da-xxiii-convencao-nacional-da-soamar-brasil\/#breadcrumb\"},\"inLanguage\":\"pt-BR\",\"potentialAction\":[{\"@type\":\"ReadAction\",\"target\":[\"https:\/\/portosma.com.br\/index.php\/2023\/10\/12\/sao-luis-sera-palco-da-xxiii-convencao-nacional-da-soamar-brasil\/\"]}]},{\"@type\":\"ImageObject\",\"inLanguage\":\"pt-BR\",\"@id\":\"https:\/\/portosma.com.br\/index.php\/2023\/10\/12\/sao-luis-sera-palco-da-xxiii-convencao-nacional-da-soamar-brasil\/#primaryimage\",\"url\":\"https:\/\/portosma.com.br\/wp-content\/uploads\/2023\/10\/CONVENCAO-1.jpg\",\"contentUrl\":\"https:\/\/portosma.com.br\/wp-content\/uploads\/2023\/10\/CONVENCAO-1.jpg\",\"width\":1200,\"height\":500},{\"@type\":\"BreadcrumbList\",\"@id\":\"https:\/\/portosma.com.br\/index.php\/2023\/10\/12\/sao-luis-sera-palco-da-xxiii-convencao-nacional-da-soamar-brasil\/#breadcrumb\",\"itemListElement\":[{\"@type\":\"ListItem\",\"position\":1,\"name\":\"In\u00edcio\",\"item\":\"https:\/\/portosma.com.br\/\"},{\"@type\":\"ListItem\",\"position\":2,\"name\":\"S\u00e3o Lu\u00eds sediar\u00e1 a XXIII Conven\u00e7\u00e3o Nacional da Soamar Brasil\"}]},{\"@type\":\"WebSite\",\"@id\":\"https:\/\/portosma.com.br\/#website\",\"url\":\"https:\/\/portosma.com.br\/\",\"name\":\"Portosma\",\"description\":\"Um site de not\u00edcias\",\"publisher\":{\"@id\":\"https:\/\/portosma.com.br\/#organization\"},\"potentialAction\":[{\"@type\":\"SearchAction\",\"target\":{\"@type\":\"EntryPoint\",\"urlTemplate\":\"https:\/\/portosma.com.br\/?s={search_term_string}\"},\"query-input\":\"required name=search_term_string\"}],\"inLanguage\":\"pt-BR\"},{\"@type\":\"Organization\",\"@id\":\"https:\/\/portosma.com.br\/#organization\",\"name\":\"Portosma\",\"alternateName\":\"Portosma\",\"url\":\"https:\/\/portosma.com.br\/\",\"logo\":{\"@type\":\"ImageObject\",\"inLanguage\":\"pt-BR\",\"@id\":\"https:\/\/portosma.com.br\/#\/schema\/logo\/image\/\",\"url\":\"https:\/\/portosma.com.br\/wp-content\/uploads\/2026\/03\/cropped-AD-PORTOSMA.jpg\",\"contentUrl\":\"https:\/\/portosma.com.br\/wp-content\/uploads\/2026\/03\/cropped-AD-PORTOSMA.jpg\",\"width\":400,\"height\":115,\"caption\":\"Portosma\"},\"image\":{\"@id\":\"https:\/\/portosma.com.br\/#\/schema\/logo\/image\/\"}},{\"@type\":\"Person\",\"@id\":\"https:\/\/portosma.com.br\/#\/schema\/person\/fb92dfe283ab47293259c87c813d8623\",\"name\":\"admin\",\"sameAs\":[\"https:\/\/portosma.com.br\"],\"url\":\"https:\/\/portosma.com.br\/index.php\/author\/portosma\/\"}]}<\/script>\n<!-- \/ Yoast SEO plugin. -->","yoast_head_json":{"title":"S\u00e3o Lu\u00eds sediar\u00e1 a XXIII Conven\u00e7\u00e3o Nacional da Soamar Brasil - Portosma","robots":{"index":"index","follow":"follow","max-snippet":"max-snippet:-1","max-image-preview":"max-image-preview:large","max-video-preview":"max-video-preview:-1"},"canonical":"https:\/\/portosma.com.br\/index.php\/2023\/10\/12\/sao-luis-sera-palco-da-xxiii-convencao-nacional-da-soamar-brasil\/","og_locale":"pt_BR","og_type":"article","og_title":"S\u00e3o Lu\u00eds sediar\u00e1 a XXIII Conven\u00e7\u00e3o Nacional da Soamar Brasil - Portosma","og_description":"Marcada os dias 15 e 18 de novembro, o evento ter\u00e1 como palco a cidade de S\u00e3o Lu\u00eds e vai eleger o novo vice-presidente da entidade.","og_url":"https:\/\/portosma.com.br\/index.php\/2023\/10\/12\/sao-luis-sera-palco-da-xxiii-convencao-nacional-da-soamar-brasil\/","og_site_name":"Portosma","article_published_time":"2023-10-12T21:55:24+00:00","article_modified_time":"2023-10-17T17:57:24+00:00","og_image":[{"width":1200,"height":500,"url":"https:\/\/portosma.com.br\/wp-content\/uploads\/2023\/10\/CONVENCAO-1.jpg","type":"image\/jpeg"}],"author":"admin","twitter_card":"summary_large_image","twitter_misc":{"Escrito por":"admin","Est. tempo de leitura":"4 minutos"},"schema":{"@context":"https:\/\/schema.org","@graph":[{"@type":"Article","@id":"https:\/\/portosma.com.br\/index.php\/2023\/10\/12\/sao-luis-sera-palco-da-xxiii-convencao-nacional-da-soamar-brasil\/#article","isPartOf":{"@id":"https:\/\/portosma.com.br\/index.php\/2023\/10\/12\/sao-luis-sera-palco-da-xxiii-convencao-nacional-da-soamar-brasil\/"},"author":{"name":"admin","@id":"https:\/\/portosma.com.br\/#\/schema\/person\/fb92dfe283ab47293259c87c813d8623"},"headline":"S\u00e3o Lu\u00eds sediar\u00e1 a XXIII Conven\u00e7\u00e3o Nacional da Soamar Brasil","datePublished":"2023-10-12T21:55:24+00:00","dateModified":"2023-10-17T17:57:24+00:00","mainEntityOfPage":{"@id":"https:\/\/portosma.com.br\/index.php\/2023\/10\/12\/sao-luis-sera-palco-da-xxiii-convencao-nacional-da-soamar-brasil\/"},"wordCount":778,"publisher":{"@id":"https:\/\/portosma.com.br\/#organization"},"image":{"@id":"https:\/\/portosma.com.br\/index.php\/2023\/10\/12\/sao-luis-sera-palco-da-xxiii-convencao-nacional-da-soamar-brasil\/#primaryimage"},"thumbnailUrl":"https:\/\/portosma.com.br\/wp-content\/uploads\/2023\/10\/CONVENCAO-1.jpg","articleSection":["Not\u00edcias"],"inLanguage":"pt-BR"},{"@type":"WebPage","@id":"https:\/\/portosma.com.br\/index.php\/2023\/10\/12\/sao-luis-sera-palco-da-xxiii-convencao-nacional-da-soamar-brasil\/","url":"https:\/\/portosma.com.br\/index.php\/2023\/10\/12\/sao-luis-sera-palco-da-xxiii-convencao-nacional-da-soamar-brasil\/","name":"S\u00e3o Lu\u00eds sediar\u00e1 a XXIII Conven\u00e7\u00e3o Nacional da Soamar Brasil - Portosma","isPartOf":{"@id":"https:\/\/portosma.com.br\/#website"},"primaryImageOfPage":{"@id":"https:\/\/portosma.com.br\/index.php\/2023\/10\/12\/sao-luis-sera-palco-da-xxiii-convencao-nacional-da-soamar-brasil\/#primaryimage"},"image":{"@id":"https:\/\/portosma.com.br\/index.php\/2023\/10\/12\/sao-luis-sera-palco-da-xxiii-convencao-nacional-da-soamar-brasil\/#primaryimage"},"thumbnailUrl":"https:\/\/portosma.com.br\/wp-content\/uploads\/2023\/10\/CONVENCAO-1.jpg","datePublished":"2023-10-12T21:55:24+00:00","dateModified":"2023-10-17T17:57:24+00:00","breadcrumb":{"@id":"https:\/\/portosma.com.br\/index.php\/2023\/10\/12\/sao-luis-sera-palco-da-xxiii-convencao-nacional-da-soamar-brasil\/#breadcrumb"},"inLanguage":"pt-BR","potentialAction":[{"@type":"ReadAction","target":["https:\/\/portosma.com.br\/index.php\/2023\/10\/12\/sao-luis-sera-palco-da-xxiii-convencao-nacional-da-soamar-brasil\/"]}]},{"@type":"ImageObject","inLanguage":"pt-BR","@id":"https:\/\/portosma.com.br\/index.php\/2023\/10\/12\/sao-luis-sera-palco-da-xxiii-convencao-nacional-da-soamar-brasil\/#primaryimage","url":"https:\/\/portosma.com.br\/wp-content\/uploads\/2023\/10\/CONVENCAO-1.jpg","contentUrl":"https:\/\/portosma.com.br\/wp-content\/uploads\/2023\/10\/CONVENCAO-1.jpg","width":1200,"height":500},{"@type":"BreadcrumbList","@id":"https:\/\/portosma.com.br\/index.php\/2023\/10\/12\/sao-luis-sera-palco-da-xxiii-convencao-nacional-da-soamar-brasil\/#breadcrumb","itemListElement":[{"@type":"ListItem","position":1,"name":"In\u00edcio","item":"https:\/\/portosma.com.br\/"},{"@type":"ListItem","position":2,"name":"S\u00e3o Lu\u00eds sediar\u00e1 a XXIII Conven\u00e7\u00e3o Nacional da Soamar Brasil"}]},{"@type":"WebSite","@id":"https:\/\/portosma.com.br\/#website","url":"https:\/\/portosma.com.br\/","name":"Portosma","description":"Um site de not\u00edcias","publisher":{"@id":"https:\/\/portosma.com.br\/#organization"},"potentialAction":[{"@type":"SearchAction","target":{"@type":"EntryPoint","urlTemplate":"https:\/\/portosma.com.br\/?s={search_term_string}"},"query-input":"required name=search_term_string"}],"inLanguage":"pt-BR"},{"@type":"Organization","@id":"https:\/\/portosma.com.br\/#organization","name":"Portosma","alternateName":"Portosma","url":"https:\/\/portosma.com.br\/","logo":{"@type":"ImageObject","inLanguage":"pt-BR","@id":"https:\/\/portosma.com.br\/#\/schema\/logo\/image\/","url":"https:\/\/portosma.com.br\/wp-content\/uploads\/2026\/03\/cropped-AD-PORTOSMA.jpg","contentUrl":"https:\/\/portosma.com.br\/wp-content\/uploads\/2026\/03\/cropped-AD-PORTOSMA.jpg","width":400,"height":115,"caption":"Portosma"},"image":{"@id":"https:\/\/portosma.com.br\/#\/schema\/logo\/image\/"}},{"@type":"Person","@id":"https:\/\/portosma.com.br\/#\/schema\/person\/fb92dfe283ab47293259c87c813d8623","name":"admin","sameAs":["https:\/\/portosma.com.br"],"url":"https:\/\/portosma.com.br\/index.php\/author\/portosma\/"}]}},"_links":{"self":[{"href":"https:\/\/portosma.com.br\/index.php\/wp-json\/wp\/v2\/posts\/9614","targetHints":{"allow":["GET"]}}],"collection":[{"href":"https:\/\/portosma.com.br\/index.php\/wp-json\/wp\/v2\/posts"}],"about":[{"href":"https:\/\/portosma.com.br\/index.php\/wp-json\/wp\/v2\/types\/post"}],"author":[{"embeddable":true,"href":"https:\/\/portosma.com.br\/index.php\/wp-json\/wp\/v2\/users\/1"}],"replies":[{"embeddable":true,"href":"https:\/\/portosma.com.br\/index.php\/wp-json\/wp\/v2\/comments?post=9614"}],"version-history":[{"count":10,"href":"https:\/\/portosma.com.br\/index.php\/wp-json\/wp\/v2\/posts\/9614\/revisions"}],"predecessor-version":[{"id":9928,"href":"https:\/\/portosma.com.br\/index.php\/wp-json\/wp\/v2\/posts\/9614\/revisions\/9928"}],"wp:featuredmedia":[{"embeddable":true,"href":"https:\/\/portosma.com.br\/index.php\/wp-json\/wp\/v2\/media\/9615"}],"wp:attachment":[{"href":"https:\/\/portosma.com.br\/index.php\/wp-json\/wp\/v2\/media?parent=9614"}],"wp:term":[{"taxonomy":"category","embeddable":true,"href":"https:\/\/portosma.com.br\/index.php\/wp-json\/wp\/v2\/categories?post=9614"},{"taxonomy":"post_tag","embeddable":true,"href":"https:\/\/portosma.com.br\/index.php\/wp-json\/wp\/v2\/tags?post=9614"}],"curies":[{"name":"wp","href":"https:\/\/api.w.org\/{rel}","templated":true}]}}