{"id":9552,"date":"2023-09-30T01:16:54","date_gmt":"2023-09-30T01:16:54","guid":{"rendered":"https:\/\/portosma.com.br\/?p=9552"},"modified":"2023-09-30T01:16:54","modified_gmt":"2023-09-30T01:16:54","slug":"itaqui-se-prepara-para-ter-seu-programa-de-descarbonizacao","status":"publish","type":"post","link":"https:\/\/portosma.com.br\/index.php\/2023\/09\/30\/itaqui-se-prepara-para-ter-seu-programa-de-descarbonizacao\/","title":{"rendered":"Itaqui se prepara para ter seu programa de descarboniza\u00e7\u00e3o\u00a0"},"content":{"rendered":"<h4><span style=\"color: #800000;\">\u201cA descarboniza\u00e7\u00e3o \u00e9 um projeto muito ambicioso, pois converter\u00e1 o Porto do Itaqui no primeiro porto brasileiro com esses indicadores definidos e um plano para trat\u00e1-los<\/span><\/h4>\n<p>O Porto do Itaqui se prepara para lan\u00e7ar o seu plano de descarboniza\u00e7\u00e3o, pioneiro no Brasil entre os portos. O principal objetivo \u00e9 reduzir as emiss\u00f5es de gases de efeito estufa em todo o complexo portu\u00e1rio. Sua elabora\u00e7\u00e3o \u00e9 resultado de uma parceria in\u00e9dita no Brasil, com o Porto de Val\u00eancia, que fica na Espanha. O plano tem previs\u00e3o para ser entregue em outubro de 2024. As a\u00e7\u00f5es para a elabora\u00e7\u00e3o do Plano de Descarboniza\u00e7\u00e3o do Porto do Itaqui j\u00e1 come\u00e7aram com a presen\u00e7a de representantes do Porto de Valencia que, na ter\u00e7a-feira (26), estiveram reunidos com representantes das empresas operadores que atuam no Itaqui.<\/p>\n<figure id=\"attachment_9554\" aria-describedby=\"caption-attachment-9554\" style=\"width: 561px\" class=\"wp-caption alignleft\"><img fetchpriority=\"high\" decoding=\"async\" class=\"wp-image-9554 size-full\" src=\"https:\/\/portosma.com.br\/wp-content\/uploads\/2023\/09\/CARBONO-2.jpg\" alt=\"\" width=\"561\" height=\"329\" srcset=\"https:\/\/portosma.com.br\/wp-content\/uploads\/2023\/09\/CARBONO-2.jpg 561w, https:\/\/portosma.com.br\/wp-content\/uploads\/2023\/09\/CARBONO-2-300x176.jpg 300w\" sizes=\"(max-width: 561px) 100vw, 561px\" \/><figcaption id=\"caption-attachment-9554\" class=\"wp-caption-text\"><span style=\"color: #800000;\"><em><strong>Equipe de trabalho do Programa de descarboniza\u00e7\u00e3o.<\/strong><\/em><\/span><\/figcaption><\/figure>\n<p>Como parte do cronograma do contrato, o trabalho conjunto come\u00e7ar\u00e1 com um mapeamento inicial das emiss\u00f5es de gases de efeito estufa, abrangendo caminh\u00f5es e ve\u00edculos que circulam na poligonal do porto, navios e todos os equipamentos portu\u00e1rios. A partir desse estudo, ser\u00e1 elaborado todo o plano de descarboniza\u00e7\u00e3o, que vai orientar a\u00e7\u00f5es e investimentos com um direcionamento mais preciso, objetivo e estrat\u00e9gico. A equipe da Valencia Port tamb\u00e9m esteve visitando todas as empresas que operam&nbsp; no porto do Itaqui. A gerente de meio ambiente, Luane Lemos, acrescentou que o engajamento de todo o Complexo \u00e9 essencial para o sucesso de cada etapa. \u201c\u00c9 muito importante que todas as empresas dentro do complexo entendam a import\u00e2ncia do plano e participem dessa jornada junto conosco\u201d, disse. \u201cA descarboniza\u00e7\u00e3o \u00e9 um projeto muito ambicioso, pois converter\u00e1 o Porto do Itaqui no primeiro porto brasileiro com esses indicadores definidos e um plano para trat\u00e1-los\u201d, refor\u00e7ou Josep Sanz, coordenador t\u00e9cnico do Porto de Val\u00eancia.<\/p>\n<p>\u201cO projeto come\u00e7ou no m\u00eas de agosto e j\u00e1 estamos trabalhando diretamente com a EMAP e as empresas do porto no levantamento das informa\u00e7\u00f5es que precisamos para calcular a pegada de carbono. Esse c\u00e1lculo tem previs\u00e3o de apresenta\u00e7\u00e3o aqui, no porto, em fevereiro e o projeto se estender\u00e1 at\u00e9 outubro do pr\u00f3ximo ano, com o plano de descarboniza\u00e7\u00e3o completo\u201d, finalizou Aur\u00e9lio Lazaro- Chefe de projeto do Porto de Val\u00eancia. \u201cA equipe est\u00e1 fazendo levantamentos dos poss\u00edveis impactos ambientais e estrat\u00e9gicos que poder\u00e3o mitigar esse problema. A partir desses estudos, n\u00f3s vamos preparar o futuro, ou seja, vamos ter um projeto consciente de descarboniza\u00e7\u00e3o do Porto do Itaqui, o primeiro porto brasileiro que vai ter esse estudo&nbsp; e que vai come\u00e7ar a implementar&nbsp; a descarboniza\u00e7\u00e3o\u201d, relatou Marcelo Coelho, diretor de planejamento da EMAP.<\/p>\n<p>&nbsp;<\/p>\n<p><span style=\"color: #808080;\"><em><strong>Fonte: Emap<\/strong><\/em><\/span><\/p>\n","protected":false},"excerpt":{"rendered":"<p>O Porto do Itaqui se prepara para lan\u00e7ar o seu plano de descarboniza\u00e7\u00e3o, pioneiro no Brasil entre os portos, com previs\u00e3o para o ano de 2024.<\/p>\n","protected":false},"author":1,"featured_media":9553,"comment_status":"closed","ping_status":"open","sticky":false,"template":"","format":"standard","meta":{"_editorskit_title_hidden":false,"_editorskit_reading_time":0,"_editorskit_is_block_options_detached":false,"_editorskit_block_options_position":"{}","ngg_post_thumbnail":0,"footnotes":""},"categories":[1],"tags":[],"class_list":["post-9552","post","type-post","status-publish","format-standard","has-post-thumbnail","hentry","category-noticias"],"yoast_head":"<!-- This site is optimized with the Yoast SEO plugin v22.5 - https:\/\/yoast.com\/wordpress\/plugins\/seo\/ -->\n<title>Itaqui se prepara para ter seu programa de descarboniza\u00e7\u00e3o\u00a0 - Portosma<\/title>\n<meta name=\"robots\" content=\"index, follow, max-snippet:-1, max-image-preview:large, max-video-preview:-1\" \/>\n<link rel=\"canonical\" href=\"https:\/\/portosma.com.br\/index.php\/2023\/09\/30\/itaqui-se-prepara-para-ter-seu-programa-de-descarbonizacao\/\" \/>\n<meta property=\"og:locale\" content=\"pt_BR\" \/>\n<meta property=\"og:type\" content=\"article\" \/>\n<meta property=\"og:title\" content=\"Itaqui se prepara para ter seu programa de descarboniza\u00e7\u00e3o\u00a0 - Portosma\" \/>\n<meta property=\"og:description\" content=\"O Porto do Itaqui se prepara para lan\u00e7ar o seu plano de descarboniza\u00e7\u00e3o, pioneiro no Brasil entre os portos, com previs\u00e3o para o ano de 2024.\" \/>\n<meta property=\"og:url\" content=\"https:\/\/portosma.com.br\/index.php\/2023\/09\/30\/itaqui-se-prepara-para-ter-seu-programa-de-descarbonizacao\/\" \/>\n<meta property=\"og:site_name\" content=\"Portosma\" \/>\n<meta property=\"article:published_time\" content=\"2023-09-30T01:16:54+00:00\" \/>\n<meta property=\"og:image\" content=\"https:\/\/portosma.com.br\/wp-content\/uploads\/2023\/09\/CARBONO-1.jpg\" \/>\n\t<meta property=\"og:image:width\" content=\"1200\" \/>\n\t<meta property=\"og:image:height\" content=\"504\" \/>\n\t<meta property=\"og:image:type\" content=\"image\/jpeg\" \/>\n<meta name=\"author\" content=\"admin\" \/>\n<meta name=\"twitter:card\" content=\"summary_large_image\" \/>\n<meta name=\"twitter:label1\" content=\"Escrito por\" \/>\n\t<meta name=\"twitter:data1\" content=\"admin\" \/>\n\t<meta name=\"twitter:label2\" content=\"Est. tempo de leitura\" \/>\n\t<meta name=\"twitter:data2\" content=\"2 minutos\" \/>\n<script type=\"application\/ld+json\" class=\"yoast-schema-graph\">{\"@context\":\"https:\/\/schema.org\",\"@graph\":[{\"@type\":\"Article\",\"@id\":\"https:\/\/portosma.com.br\/index.php\/2023\/09\/30\/itaqui-se-prepara-para-ter-seu-programa-de-descarbonizacao\/#article\",\"isPartOf\":{\"@id\":\"https:\/\/portosma.com.br\/index.php\/2023\/09\/30\/itaqui-se-prepara-para-ter-seu-programa-de-descarbonizacao\/\"},\"author\":{\"name\":\"admin\",\"@id\":\"https:\/\/portosma.com.br\/#\/schema\/person\/fb92dfe283ab47293259c87c813d8623\"},\"headline\":\"Itaqui se prepara para ter seu programa de descarboniza\u00e7\u00e3o\u00a0\",\"datePublished\":\"2023-09-30T01:16:54+00:00\",\"dateModified\":\"2023-09-30T01:16:54+00:00\",\"mainEntityOfPage\":{\"@id\":\"https:\/\/portosma.com.br\/index.php\/2023\/09\/30\/itaqui-se-prepara-para-ter-seu-programa-de-descarbonizacao\/\"},\"wordCount\":493,\"publisher\":{\"@id\":\"https:\/\/portosma.com.br\/#organization\"},\"image\":{\"@id\":\"https:\/\/portosma.com.br\/index.php\/2023\/09\/30\/itaqui-se-prepara-para-ter-seu-programa-de-descarbonizacao\/#primaryimage\"},\"thumbnailUrl\":\"https:\/\/portosma.com.br\/wp-content\/uploads\/2023\/09\/CARBONO-1.jpg\",\"articleSection\":[\"Not\u00edcias\"],\"inLanguage\":\"pt-BR\"},{\"@type\":\"WebPage\",\"@id\":\"https:\/\/portosma.com.br\/index.php\/2023\/09\/30\/itaqui-se-prepara-para-ter-seu-programa-de-descarbonizacao\/\",\"url\":\"https:\/\/portosma.com.br\/index.php\/2023\/09\/30\/itaqui-se-prepara-para-ter-seu-programa-de-descarbonizacao\/\",\"name\":\"Itaqui se prepara para ter seu programa de descarboniza\u00e7\u00e3o\u00a0 - Portosma\",\"isPartOf\":{\"@id\":\"https:\/\/portosma.com.br\/#website\"},\"primaryImageOfPage\":{\"@id\":\"https:\/\/portosma.com.br\/index.php\/2023\/09\/30\/itaqui-se-prepara-para-ter-seu-programa-de-descarbonizacao\/#primaryimage\"},\"image\":{\"@id\":\"https:\/\/portosma.com.br\/index.php\/2023\/09\/30\/itaqui-se-prepara-para-ter-seu-programa-de-descarbonizacao\/#primaryimage\"},\"thumbnailUrl\":\"https:\/\/portosma.com.br\/wp-content\/uploads\/2023\/09\/CARBONO-1.jpg\",\"datePublished\":\"2023-09-30T01:16:54+00:00\",\"dateModified\":\"2023-09-30T01:16:54+00:00\",\"breadcrumb\":{\"@id\":\"https:\/\/portosma.com.br\/index.php\/2023\/09\/30\/itaqui-se-prepara-para-ter-seu-programa-de-descarbonizacao\/#breadcrumb\"},\"inLanguage\":\"pt-BR\",\"potentialAction\":[{\"@type\":\"ReadAction\",\"target\":[\"https:\/\/portosma.com.br\/index.php\/2023\/09\/30\/itaqui-se-prepara-para-ter-seu-programa-de-descarbonizacao\/\"]}]},{\"@type\":\"ImageObject\",\"inLanguage\":\"pt-BR\",\"@id\":\"https:\/\/portosma.com.br\/index.php\/2023\/09\/30\/itaqui-se-prepara-para-ter-seu-programa-de-descarbonizacao\/#primaryimage\",\"url\":\"https:\/\/portosma.com.br\/wp-content\/uploads\/2023\/09\/CARBONO-1.jpg\",\"contentUrl\":\"https:\/\/portosma.com.br\/wp-content\/uploads\/2023\/09\/CARBONO-1.jpg\",\"width\":1200,\"height\":504},{\"@type\":\"BreadcrumbList\",\"@id\":\"https:\/\/portosma.com.br\/index.php\/2023\/09\/30\/itaqui-se-prepara-para-ter-seu-programa-de-descarbonizacao\/#breadcrumb\",\"itemListElement\":[{\"@type\":\"ListItem\",\"position\":1,\"name\":\"In\u00edcio\",\"item\":\"https:\/\/portosma.com.br\/\"},{\"@type\":\"ListItem\",\"position\":2,\"name\":\"Itaqui se prepara para ter seu programa de descarboniza\u00e7\u00e3o\u00a0\"}]},{\"@type\":\"WebSite\",\"@id\":\"https:\/\/portosma.com.br\/#website\",\"url\":\"https:\/\/portosma.com.br\/\",\"name\":\"Portosma\",\"description\":\"Um site de not\u00edcias\",\"publisher\":{\"@id\":\"https:\/\/portosma.com.br\/#organization\"},\"potentialAction\":[{\"@type\":\"SearchAction\",\"target\":{\"@type\":\"EntryPoint\",\"urlTemplate\":\"https:\/\/portosma.com.br\/?s={search_term_string}\"},\"query-input\":\"required name=search_term_string\"}],\"inLanguage\":\"pt-BR\"},{\"@type\":\"Organization\",\"@id\":\"https:\/\/portosma.com.br\/#organization\",\"name\":\"Portosma\",\"alternateName\":\"Portosma\",\"url\":\"https:\/\/portosma.com.br\/\",\"logo\":{\"@type\":\"ImageObject\",\"inLanguage\":\"pt-BR\",\"@id\":\"https:\/\/portosma.com.br\/#\/schema\/logo\/image\/\",\"url\":\"https:\/\/portosma.com.br\/wp-content\/uploads\/2026\/03\/cropped-AD-PORTOSMA.jpg\",\"contentUrl\":\"https:\/\/portosma.com.br\/wp-content\/uploads\/2026\/03\/cropped-AD-PORTOSMA.jpg\",\"width\":400,\"height\":115,\"caption\":\"Portosma\"},\"image\":{\"@id\":\"https:\/\/portosma.com.br\/#\/schema\/logo\/image\/\"}},{\"@type\":\"Person\",\"@id\":\"https:\/\/portosma.com.br\/#\/schema\/person\/fb92dfe283ab47293259c87c813d8623\",\"name\":\"admin\",\"sameAs\":[\"https:\/\/portosma.com.br\"],\"url\":\"https:\/\/portosma.com.br\/index.php\/author\/portosma\/\"}]}<\/script>\n<!-- \/ Yoast SEO plugin. -->","yoast_head_json":{"title":"Itaqui se prepara para ter seu programa de descarboniza\u00e7\u00e3o\u00a0 - Portosma","robots":{"index":"index","follow":"follow","max-snippet":"max-snippet:-1","max-image-preview":"max-image-preview:large","max-video-preview":"max-video-preview:-1"},"canonical":"https:\/\/portosma.com.br\/index.php\/2023\/09\/30\/itaqui-se-prepara-para-ter-seu-programa-de-descarbonizacao\/","og_locale":"pt_BR","og_type":"article","og_title":"Itaqui se prepara para ter seu programa de descarboniza\u00e7\u00e3o\u00a0 - Portosma","og_description":"O Porto do Itaqui se prepara para lan\u00e7ar o seu plano de descarboniza\u00e7\u00e3o, pioneiro no Brasil entre os portos, com previs\u00e3o para o ano de 2024.","og_url":"https:\/\/portosma.com.br\/index.php\/2023\/09\/30\/itaqui-se-prepara-para-ter-seu-programa-de-descarbonizacao\/","og_site_name":"Portosma","article_published_time":"2023-09-30T01:16:54+00:00","og_image":[{"width":1200,"height":504,"url":"https:\/\/portosma.com.br\/wp-content\/uploads\/2023\/09\/CARBONO-1.jpg","type":"image\/jpeg"}],"author":"admin","twitter_card":"summary_large_image","twitter_misc":{"Escrito por":"admin","Est. tempo de leitura":"2 minutos"},"schema":{"@context":"https:\/\/schema.org","@graph":[{"@type":"Article","@id":"https:\/\/portosma.com.br\/index.php\/2023\/09\/30\/itaqui-se-prepara-para-ter-seu-programa-de-descarbonizacao\/#article","isPartOf":{"@id":"https:\/\/portosma.com.br\/index.php\/2023\/09\/30\/itaqui-se-prepara-para-ter-seu-programa-de-descarbonizacao\/"},"author":{"name":"admin","@id":"https:\/\/portosma.com.br\/#\/schema\/person\/fb92dfe283ab47293259c87c813d8623"},"headline":"Itaqui se prepara para ter seu programa de descarboniza\u00e7\u00e3o\u00a0","datePublished":"2023-09-30T01:16:54+00:00","dateModified":"2023-09-30T01:16:54+00:00","mainEntityOfPage":{"@id":"https:\/\/portosma.com.br\/index.php\/2023\/09\/30\/itaqui-se-prepara-para-ter-seu-programa-de-descarbonizacao\/"},"wordCount":493,"publisher":{"@id":"https:\/\/portosma.com.br\/#organization"},"image":{"@id":"https:\/\/portosma.com.br\/index.php\/2023\/09\/30\/itaqui-se-prepara-para-ter-seu-programa-de-descarbonizacao\/#primaryimage"},"thumbnailUrl":"https:\/\/portosma.com.br\/wp-content\/uploads\/2023\/09\/CARBONO-1.jpg","articleSection":["Not\u00edcias"],"inLanguage":"pt-BR"},{"@type":"WebPage","@id":"https:\/\/portosma.com.br\/index.php\/2023\/09\/30\/itaqui-se-prepara-para-ter-seu-programa-de-descarbonizacao\/","url":"https:\/\/portosma.com.br\/index.php\/2023\/09\/30\/itaqui-se-prepara-para-ter-seu-programa-de-descarbonizacao\/","name":"Itaqui se prepara para ter seu programa de descarboniza\u00e7\u00e3o\u00a0 - Portosma","isPartOf":{"@id":"https:\/\/portosma.com.br\/#website"},"primaryImageOfPage":{"@id":"https:\/\/portosma.com.br\/index.php\/2023\/09\/30\/itaqui-se-prepara-para-ter-seu-programa-de-descarbonizacao\/#primaryimage"},"image":{"@id":"https:\/\/portosma.com.br\/index.php\/2023\/09\/30\/itaqui-se-prepara-para-ter-seu-programa-de-descarbonizacao\/#primaryimage"},"thumbnailUrl":"https:\/\/portosma.com.br\/wp-content\/uploads\/2023\/09\/CARBONO-1.jpg","datePublished":"2023-09-30T01:16:54+00:00","dateModified":"2023-09-30T01:16:54+00:00","breadcrumb":{"@id":"https:\/\/portosma.com.br\/index.php\/2023\/09\/30\/itaqui-se-prepara-para-ter-seu-programa-de-descarbonizacao\/#breadcrumb"},"inLanguage":"pt-BR","potentialAction":[{"@type":"ReadAction","target":["https:\/\/portosma.com.br\/index.php\/2023\/09\/30\/itaqui-se-prepara-para-ter-seu-programa-de-descarbonizacao\/"]}]},{"@type":"ImageObject","inLanguage":"pt-BR","@id":"https:\/\/portosma.com.br\/index.php\/2023\/09\/30\/itaqui-se-prepara-para-ter-seu-programa-de-descarbonizacao\/#primaryimage","url":"https:\/\/portosma.com.br\/wp-content\/uploads\/2023\/09\/CARBONO-1.jpg","contentUrl":"https:\/\/portosma.com.br\/wp-content\/uploads\/2023\/09\/CARBONO-1.jpg","width":1200,"height":504},{"@type":"BreadcrumbList","@id":"https:\/\/portosma.com.br\/index.php\/2023\/09\/30\/itaqui-se-prepara-para-ter-seu-programa-de-descarbonizacao\/#breadcrumb","itemListElement":[{"@type":"ListItem","position":1,"name":"In\u00edcio","item":"https:\/\/portosma.com.br\/"},{"@type":"ListItem","position":2,"name":"Itaqui se prepara para ter seu programa de descarboniza\u00e7\u00e3o\u00a0"}]},{"@type":"WebSite","@id":"https:\/\/portosma.com.br\/#website","url":"https:\/\/portosma.com.br\/","name":"Portosma","description":"Um site de not\u00edcias","publisher":{"@id":"https:\/\/portosma.com.br\/#organization"},"potentialAction":[{"@type":"SearchAction","target":{"@type":"EntryPoint","urlTemplate":"https:\/\/portosma.com.br\/?s={search_term_string}"},"query-input":"required name=search_term_string"}],"inLanguage":"pt-BR"},{"@type":"Organization","@id":"https:\/\/portosma.com.br\/#organization","name":"Portosma","alternateName":"Portosma","url":"https:\/\/portosma.com.br\/","logo":{"@type":"ImageObject","inLanguage":"pt-BR","@id":"https:\/\/portosma.com.br\/#\/schema\/logo\/image\/","url":"https:\/\/portosma.com.br\/wp-content\/uploads\/2026\/03\/cropped-AD-PORTOSMA.jpg","contentUrl":"https:\/\/portosma.com.br\/wp-content\/uploads\/2026\/03\/cropped-AD-PORTOSMA.jpg","width":400,"height":115,"caption":"Portosma"},"image":{"@id":"https:\/\/portosma.com.br\/#\/schema\/logo\/image\/"}},{"@type":"Person","@id":"https:\/\/portosma.com.br\/#\/schema\/person\/fb92dfe283ab47293259c87c813d8623","name":"admin","sameAs":["https:\/\/portosma.com.br"],"url":"https:\/\/portosma.com.br\/index.php\/author\/portosma\/"}]}},"_links":{"self":[{"href":"https:\/\/portosma.com.br\/index.php\/wp-json\/wp\/v2\/posts\/9552","targetHints":{"allow":["GET"]}}],"collection":[{"href":"https:\/\/portosma.com.br\/index.php\/wp-json\/wp\/v2\/posts"}],"about":[{"href":"https:\/\/portosma.com.br\/index.php\/wp-json\/wp\/v2\/types\/post"}],"author":[{"embeddable":true,"href":"https:\/\/portosma.com.br\/index.php\/wp-json\/wp\/v2\/users\/1"}],"replies":[{"embeddable":true,"href":"https:\/\/portosma.com.br\/index.php\/wp-json\/wp\/v2\/comments?post=9552"}],"version-history":[{"count":1,"href":"https:\/\/portosma.com.br\/index.php\/wp-json\/wp\/v2\/posts\/9552\/revisions"}],"predecessor-version":[{"id":9555,"href":"https:\/\/portosma.com.br\/index.php\/wp-json\/wp\/v2\/posts\/9552\/revisions\/9555"}],"wp:featuredmedia":[{"embeddable":true,"href":"https:\/\/portosma.com.br\/index.php\/wp-json\/wp\/v2\/media\/9553"}],"wp:attachment":[{"href":"https:\/\/portosma.com.br\/index.php\/wp-json\/wp\/v2\/media?parent=9552"}],"wp:term":[{"taxonomy":"category","embeddable":true,"href":"https:\/\/portosma.com.br\/index.php\/wp-json\/wp\/v2\/categories?post=9552"},{"taxonomy":"post_tag","embeddable":true,"href":"https:\/\/portosma.com.br\/index.php\/wp-json\/wp\/v2\/tags?post=9552"}],"curies":[{"name":"wp","href":"https:\/\/api.w.org\/{rel}","templated":true}]}}