{"id":9289,"date":"2023-09-19T21:49:00","date_gmt":"2023-09-19T21:49:00","guid":{"rendered":"https:\/\/portosma.com.br\/?p=9289"},"modified":"2023-09-19T21:51:23","modified_gmt":"2023-09-19T21:51:23","slug":"40-anos-de-alumar-uma-jornada-memoravel","status":"publish","type":"post","link":"https:\/\/portosma.com.br\/index.php\/2023\/09\/19\/40-anos-de-alumar-uma-jornada-memoravel\/","title":{"rendered":"40 anos de trabalho na f\u00e1brica da Alumar, uma jornada memor\u00e1vel"},"content":{"rendered":"<h5><span style=\"color: #808080;\"><strong>Amigos da Alumar prestam homenagem a On\u00e9rio Silva na sua despedida depois de quatro d\u00e9cadas de bons servi\u00e7os prestado \u00e0 f\u00e1brica de alum\u00ednio do estado do Maranh\u00e3o<\/strong><\/span><\/h5>\n<p>No momento em que as m\u00e1quinas substituem o homem e a tecnologia aposenta oper\u00e1rios, a sabedoria e a dedica\u00e7\u00e3o humana se sobressaem em exemplos. A hist\u00f3ria do portu\u00e1rio On\u00e9rio Silva, ao longo de exatos quarenta anos trabalhando no Porto da Alumar \u00e9 apenas uma, entre tantas outras que exemplificam bem o significado da supera\u00e7\u00e3o humana.<\/p>\n<p>Em seu texto de agradecimento, na merecida homenagem prestadas por seus colegas de porto, ele lembra que, \u201cEm 1985, iniciou sua jornada na f\u00e1brica da Alumar como coordenador de materiais, na \u00e9poca, apenas um jovem em busca de oportunidades\u201d. E as oportunidades surgiram e o jovem impetuoso logo se tornou s\u00e1bio e, ao mesmo tempo que trabalhava, ensinava aos rec\u00e9m-chegados o caminho do \u201cvencer na vida\u201d.<\/p>\n<p>A homenagem\/despedidas \u2013 materializada pela entrega de uma placa de Honra ao M\u00e9rito e de bons servi\u00e7os\u201d &#8211; aconteceu na \u00faltima semana na \u00e1rea externa do porto da Alumar, local que, como ele mesmo diz, \u201cfoi sua casa e, tamb\u00e9m, formou fam\u00edlia\u201d.<\/p>\n<p><strong>Leia a seguir a mensagem de agradecimento lida por On\u00e9rio e dirigida aos seus companheiros.<\/strong><\/p>\n<p><em>MENSAGEM DE AGRADECIMENTO<\/em><\/p>\n<p><em>40 ANOS NA ALUMAR, UMA JORNADA MEMOR\u00c1VEL<\/em><\/p>\n<p><em>Queridos colegas&#8230;<\/em><\/p>\n<p><em><img fetchpriority=\"high\" decoding=\"async\" class=\"wp-image-9291 size-full alignleft\" src=\"https:\/\/portosma.com.br\/wp-content\/uploads\/2023\/09\/ONESIO-2.jpg\" alt=\"\" width=\"500\" height=\"523\" srcset=\"https:\/\/portosma.com.br\/wp-content\/uploads\/2023\/09\/ONESIO-2.jpg 500w, https:\/\/portosma.com.br\/wp-content\/uploads\/2023\/09\/ONESIO-2-287x300.jpg 287w\" sizes=\"(max-width: 500px) 100vw, 500px\" \/>Hoje, compartilho com todos voc\u00eas uma jornada incr\u00edvel de 40 anos na Alumar, marcada por desafios, realiza\u00e7\u00f5es not\u00e1veis e um legado que levo comigo com muito orgulho.<\/em><\/p>\n<p><em>Gostaria de expressar minha profunda gratid\u00e3o.<\/em><\/p>\n<p><em>Em 1985, iniciei minha jornada na Alumar como coordenador de materiais, na \u00e9poca, apenas um jovem em busca de oportunidades. Ao longo dessas quatro d\u00e9cadas, fui aben\u00e7oado por crescer n\u00e3o apenas como profissional, mas como ser humano. Aprendi diariamente com cada um de voc\u00eas, com meus l\u00edderes inspiradores e com meus liderados dedicados.<\/em><\/p>\n<p><em>Participei de projetos impactantes, como a coordena\u00e7\u00e3o do plano de Housekeeping ap\u00f3s o projeto ALREFU2. Compartilhei momentos incr\u00edveis na gest\u00e3o compartilhada, atuando como Supervisor de Opera\u00e7\u00e3o do Porto &amp; de manuten\u00e7\u00e3o da Utilidades-COU e Supervis\u00e3o de Opera\u00e7\u00e3o do Porto &amp; Oficina Central. Ao longo desses 40 anos, pude testemunhar a atraca\u00e7\u00e3o do primeiro navio e celebrar o incr\u00edvel marco de mais de 7.900 navios atracados. Essa conquista \u00e9 um testemunho de nosso trabalho \u00e1rduo e dedica\u00e7\u00e3o incans\u00e1vel, que enche meu cora\u00e7\u00e3o de orgulho.<\/em><\/p>\n<p><em>A Alumar n\u00e3o foi apenas minha casa profissional, mas tamb\u00e9m onde minha fam\u00edlia foi formada. Agrade\u00e7o por todos os momentos compartilhados e pelas li\u00e7\u00f5es aprendidas.<\/em><\/p>\n<p><em>Meu legado \u00e9 de dedica\u00e7\u00e3o, entrega e supera\u00e7\u00e3o. Agora, parto para novos desafios, mantendo a mesma garra de sempre.<\/em><\/p>\n<p><em>Agrade\u00e7o a cada um de voc\u00eas por fazerem parte dessa jornada. As lembran\u00e7as permanecem, e desejo a todos muito sucesso e realiza\u00e7\u00f5es cont\u00ednuas em seus caminhos.<\/em><\/p>\n<p><strong><em>Com Gratid\u00e3o, On\u00e9rio Silva<\/em><\/strong><\/p>\n","protected":false},"excerpt":{"rendered":"<p>Amigos da Alumar prestam homenagem a On\u00e9rio Silva na sua despedida depois de quatro d\u00e9cadas de bons servi\u00e7os \u00e0 f\u00e1brica de alum\u00ednio.<\/p>\n","protected":false},"author":1,"featured_media":9290,"comment_status":"closed","ping_status":"open","sticky":false,"template":"","format":"standard","meta":{"_editorskit_title_hidden":false,"_editorskit_reading_time":0,"_editorskit_is_block_options_detached":false,"_editorskit_block_options_position":"{}","ngg_post_thumbnail":0,"footnotes":""},"categories":[1],"tags":[],"class_list":["post-9289","post","type-post","status-publish","format-standard","has-post-thumbnail","hentry","category-noticias"],"yoast_head":"<!-- This site is optimized with the Yoast SEO plugin v22.5 - https:\/\/yoast.com\/wordpress\/plugins\/seo\/ -->\n<title>40 anos de trabalho na f\u00e1brica da Alumar, uma jornada memor\u00e1vel - Portosma<\/title>\n<meta name=\"robots\" content=\"index, follow, max-snippet:-1, max-image-preview:large, max-video-preview:-1\" \/>\n<link rel=\"canonical\" href=\"https:\/\/portosma.com.br\/index.php\/2023\/09\/19\/40-anos-de-alumar-uma-jornada-memoravel\/\" \/>\n<meta property=\"og:locale\" content=\"pt_BR\" \/>\n<meta property=\"og:type\" content=\"article\" \/>\n<meta property=\"og:title\" content=\"40 anos de trabalho na f\u00e1brica da Alumar, uma jornada memor\u00e1vel - Portosma\" \/>\n<meta property=\"og:description\" content=\"Amigos da Alumar prestam homenagem a On\u00e9rio Silva na sua despedida depois de quatro d\u00e9cadas de bons servi\u00e7os \u00e0 f\u00e1brica de alum\u00ednio.\" \/>\n<meta property=\"og:url\" content=\"https:\/\/portosma.com.br\/index.php\/2023\/09\/19\/40-anos-de-alumar-uma-jornada-memoravel\/\" \/>\n<meta property=\"og:site_name\" content=\"Portosma\" \/>\n<meta property=\"article:published_time\" content=\"2023-09-19T21:49:00+00:00\" \/>\n<meta property=\"article:modified_time\" content=\"2023-09-19T21:51:23+00:00\" \/>\n<meta property=\"og:image\" content=\"https:\/\/portosma.com.br\/wp-content\/uploads\/2023\/09\/IMG-20230919-WA0044.jpg\" \/>\n\t<meta property=\"og:image:width\" content=\"1600\" \/>\n\t<meta property=\"og:image:height\" content=\"604\" \/>\n\t<meta property=\"og:image:type\" content=\"image\/jpeg\" \/>\n<meta name=\"author\" content=\"admin\" \/>\n<meta name=\"twitter:card\" content=\"summary_large_image\" \/>\n<meta name=\"twitter:label1\" content=\"Escrito por\" \/>\n\t<meta name=\"twitter:data1\" content=\"admin\" \/>\n\t<meta name=\"twitter:label2\" content=\"Est. tempo de leitura\" \/>\n\t<meta name=\"twitter:data2\" content=\"3 minutos\" \/>\n<script type=\"application\/ld+json\" class=\"yoast-schema-graph\">{\"@context\":\"https:\/\/schema.org\",\"@graph\":[{\"@type\":\"Article\",\"@id\":\"https:\/\/portosma.com.br\/index.php\/2023\/09\/19\/40-anos-de-alumar-uma-jornada-memoravel\/#article\",\"isPartOf\":{\"@id\":\"https:\/\/portosma.com.br\/index.php\/2023\/09\/19\/40-anos-de-alumar-uma-jornada-memoravel\/\"},\"author\":{\"name\":\"admin\",\"@id\":\"https:\/\/portosma.com.br\/#\/schema\/person\/fb92dfe283ab47293259c87c813d8623\"},\"headline\":\"40 anos de trabalho na f\u00e1brica da Alumar, uma jornada memor\u00e1vel\",\"datePublished\":\"2023-09-19T21:49:00+00:00\",\"dateModified\":\"2023-09-19T21:51:23+00:00\",\"mainEntityOfPage\":{\"@id\":\"https:\/\/portosma.com.br\/index.php\/2023\/09\/19\/40-anos-de-alumar-uma-jornada-memoravel\/\"},\"wordCount\":521,\"publisher\":{\"@id\":\"https:\/\/portosma.com.br\/#organization\"},\"image\":{\"@id\":\"https:\/\/portosma.com.br\/index.php\/2023\/09\/19\/40-anos-de-alumar-uma-jornada-memoravel\/#primaryimage\"},\"thumbnailUrl\":\"https:\/\/portosma.com.br\/wp-content\/uploads\/2023\/09\/IMG-20230919-WA0044.jpg\",\"articleSection\":[\"Not\u00edcias\"],\"inLanguage\":\"pt-BR\"},{\"@type\":\"WebPage\",\"@id\":\"https:\/\/portosma.com.br\/index.php\/2023\/09\/19\/40-anos-de-alumar-uma-jornada-memoravel\/\",\"url\":\"https:\/\/portosma.com.br\/index.php\/2023\/09\/19\/40-anos-de-alumar-uma-jornada-memoravel\/\",\"name\":\"40 anos de trabalho na f\u00e1brica da Alumar, uma jornada memor\u00e1vel - Portosma\",\"isPartOf\":{\"@id\":\"https:\/\/portosma.com.br\/#website\"},\"primaryImageOfPage\":{\"@id\":\"https:\/\/portosma.com.br\/index.php\/2023\/09\/19\/40-anos-de-alumar-uma-jornada-memoravel\/#primaryimage\"},\"image\":{\"@id\":\"https:\/\/portosma.com.br\/index.php\/2023\/09\/19\/40-anos-de-alumar-uma-jornada-memoravel\/#primaryimage\"},\"thumbnailUrl\":\"https:\/\/portosma.com.br\/wp-content\/uploads\/2023\/09\/IMG-20230919-WA0044.jpg\",\"datePublished\":\"2023-09-19T21:49:00+00:00\",\"dateModified\":\"2023-09-19T21:51:23+00:00\",\"breadcrumb\":{\"@id\":\"https:\/\/portosma.com.br\/index.php\/2023\/09\/19\/40-anos-de-alumar-uma-jornada-memoravel\/#breadcrumb\"},\"inLanguage\":\"pt-BR\",\"potentialAction\":[{\"@type\":\"ReadAction\",\"target\":[\"https:\/\/portosma.com.br\/index.php\/2023\/09\/19\/40-anos-de-alumar-uma-jornada-memoravel\/\"]}]},{\"@type\":\"ImageObject\",\"inLanguage\":\"pt-BR\",\"@id\":\"https:\/\/portosma.com.br\/index.php\/2023\/09\/19\/40-anos-de-alumar-uma-jornada-memoravel\/#primaryimage\",\"url\":\"https:\/\/portosma.com.br\/wp-content\/uploads\/2023\/09\/IMG-20230919-WA0044.jpg\",\"contentUrl\":\"https:\/\/portosma.com.br\/wp-content\/uploads\/2023\/09\/IMG-20230919-WA0044.jpg\",\"width\":1600,\"height\":604},{\"@type\":\"BreadcrumbList\",\"@id\":\"https:\/\/portosma.com.br\/index.php\/2023\/09\/19\/40-anos-de-alumar-uma-jornada-memoravel\/#breadcrumb\",\"itemListElement\":[{\"@type\":\"ListItem\",\"position\":1,\"name\":\"In\u00edcio\",\"item\":\"https:\/\/portosma.com.br\/\"},{\"@type\":\"ListItem\",\"position\":2,\"name\":\"40 anos de trabalho na f\u00e1brica da Alumar, uma jornada memor\u00e1vel\"}]},{\"@type\":\"WebSite\",\"@id\":\"https:\/\/portosma.com.br\/#website\",\"url\":\"https:\/\/portosma.com.br\/\",\"name\":\"Portosma\",\"description\":\"Um site de not\u00edcias\",\"publisher\":{\"@id\":\"https:\/\/portosma.com.br\/#organization\"},\"potentialAction\":[{\"@type\":\"SearchAction\",\"target\":{\"@type\":\"EntryPoint\",\"urlTemplate\":\"https:\/\/portosma.com.br\/?s={search_term_string}\"},\"query-input\":\"required name=search_term_string\"}],\"inLanguage\":\"pt-BR\"},{\"@type\":\"Organization\",\"@id\":\"https:\/\/portosma.com.br\/#organization\",\"name\":\"Portosma\",\"alternateName\":\"Portosma\",\"url\":\"https:\/\/portosma.com.br\/\",\"logo\":{\"@type\":\"ImageObject\",\"inLanguage\":\"pt-BR\",\"@id\":\"https:\/\/portosma.com.br\/#\/schema\/logo\/image\/\",\"url\":\"https:\/\/portosma.com.br\/wp-content\/uploads\/2026\/03\/cropped-AD-PORTOSMA.jpg\",\"contentUrl\":\"https:\/\/portosma.com.br\/wp-content\/uploads\/2026\/03\/cropped-AD-PORTOSMA.jpg\",\"width\":400,\"height\":115,\"caption\":\"Portosma\"},\"image\":{\"@id\":\"https:\/\/portosma.com.br\/#\/schema\/logo\/image\/\"}},{\"@type\":\"Person\",\"@id\":\"https:\/\/portosma.com.br\/#\/schema\/person\/fb92dfe283ab47293259c87c813d8623\",\"name\":\"admin\",\"sameAs\":[\"https:\/\/portosma.com.br\"],\"url\":\"https:\/\/portosma.com.br\/index.php\/author\/portosma\/\"}]}<\/script>\n<!-- \/ Yoast SEO plugin. -->","yoast_head_json":{"title":"40 anos de trabalho na f\u00e1brica da Alumar, uma jornada memor\u00e1vel - Portosma","robots":{"index":"index","follow":"follow","max-snippet":"max-snippet:-1","max-image-preview":"max-image-preview:large","max-video-preview":"max-video-preview:-1"},"canonical":"https:\/\/portosma.com.br\/index.php\/2023\/09\/19\/40-anos-de-alumar-uma-jornada-memoravel\/","og_locale":"pt_BR","og_type":"article","og_title":"40 anos de trabalho na f\u00e1brica da Alumar, uma jornada memor\u00e1vel - Portosma","og_description":"Amigos da Alumar prestam homenagem a On\u00e9rio Silva na sua despedida depois de quatro d\u00e9cadas de bons servi\u00e7os \u00e0 f\u00e1brica de alum\u00ednio.","og_url":"https:\/\/portosma.com.br\/index.php\/2023\/09\/19\/40-anos-de-alumar-uma-jornada-memoravel\/","og_site_name":"Portosma","article_published_time":"2023-09-19T21:49:00+00:00","article_modified_time":"2023-09-19T21:51:23+00:00","og_image":[{"width":1600,"height":604,"url":"https:\/\/portosma.com.br\/wp-content\/uploads\/2023\/09\/IMG-20230919-WA0044.jpg","type":"image\/jpeg"}],"author":"admin","twitter_card":"summary_large_image","twitter_misc":{"Escrito por":"admin","Est. tempo de leitura":"3 minutos"},"schema":{"@context":"https:\/\/schema.org","@graph":[{"@type":"Article","@id":"https:\/\/portosma.com.br\/index.php\/2023\/09\/19\/40-anos-de-alumar-uma-jornada-memoravel\/#article","isPartOf":{"@id":"https:\/\/portosma.com.br\/index.php\/2023\/09\/19\/40-anos-de-alumar-uma-jornada-memoravel\/"},"author":{"name":"admin","@id":"https:\/\/portosma.com.br\/#\/schema\/person\/fb92dfe283ab47293259c87c813d8623"},"headline":"40 anos de trabalho na f\u00e1brica da Alumar, uma jornada memor\u00e1vel","datePublished":"2023-09-19T21:49:00+00:00","dateModified":"2023-09-19T21:51:23+00:00","mainEntityOfPage":{"@id":"https:\/\/portosma.com.br\/index.php\/2023\/09\/19\/40-anos-de-alumar-uma-jornada-memoravel\/"},"wordCount":521,"publisher":{"@id":"https:\/\/portosma.com.br\/#organization"},"image":{"@id":"https:\/\/portosma.com.br\/index.php\/2023\/09\/19\/40-anos-de-alumar-uma-jornada-memoravel\/#primaryimage"},"thumbnailUrl":"https:\/\/portosma.com.br\/wp-content\/uploads\/2023\/09\/IMG-20230919-WA0044.jpg","articleSection":["Not\u00edcias"],"inLanguage":"pt-BR"},{"@type":"WebPage","@id":"https:\/\/portosma.com.br\/index.php\/2023\/09\/19\/40-anos-de-alumar-uma-jornada-memoravel\/","url":"https:\/\/portosma.com.br\/index.php\/2023\/09\/19\/40-anos-de-alumar-uma-jornada-memoravel\/","name":"40 anos de trabalho na f\u00e1brica da Alumar, uma jornada memor\u00e1vel - Portosma","isPartOf":{"@id":"https:\/\/portosma.com.br\/#website"},"primaryImageOfPage":{"@id":"https:\/\/portosma.com.br\/index.php\/2023\/09\/19\/40-anos-de-alumar-uma-jornada-memoravel\/#primaryimage"},"image":{"@id":"https:\/\/portosma.com.br\/index.php\/2023\/09\/19\/40-anos-de-alumar-uma-jornada-memoravel\/#primaryimage"},"thumbnailUrl":"https:\/\/portosma.com.br\/wp-content\/uploads\/2023\/09\/IMG-20230919-WA0044.jpg","datePublished":"2023-09-19T21:49:00+00:00","dateModified":"2023-09-19T21:51:23+00:00","breadcrumb":{"@id":"https:\/\/portosma.com.br\/index.php\/2023\/09\/19\/40-anos-de-alumar-uma-jornada-memoravel\/#breadcrumb"},"inLanguage":"pt-BR","potentialAction":[{"@type":"ReadAction","target":["https:\/\/portosma.com.br\/index.php\/2023\/09\/19\/40-anos-de-alumar-uma-jornada-memoravel\/"]}]},{"@type":"ImageObject","inLanguage":"pt-BR","@id":"https:\/\/portosma.com.br\/index.php\/2023\/09\/19\/40-anos-de-alumar-uma-jornada-memoravel\/#primaryimage","url":"https:\/\/portosma.com.br\/wp-content\/uploads\/2023\/09\/IMG-20230919-WA0044.jpg","contentUrl":"https:\/\/portosma.com.br\/wp-content\/uploads\/2023\/09\/IMG-20230919-WA0044.jpg","width":1600,"height":604},{"@type":"BreadcrumbList","@id":"https:\/\/portosma.com.br\/index.php\/2023\/09\/19\/40-anos-de-alumar-uma-jornada-memoravel\/#breadcrumb","itemListElement":[{"@type":"ListItem","position":1,"name":"In\u00edcio","item":"https:\/\/portosma.com.br\/"},{"@type":"ListItem","position":2,"name":"40 anos de trabalho na f\u00e1brica da Alumar, uma jornada memor\u00e1vel"}]},{"@type":"WebSite","@id":"https:\/\/portosma.com.br\/#website","url":"https:\/\/portosma.com.br\/","name":"Portosma","description":"Um site de not\u00edcias","publisher":{"@id":"https:\/\/portosma.com.br\/#organization"},"potentialAction":[{"@type":"SearchAction","target":{"@type":"EntryPoint","urlTemplate":"https:\/\/portosma.com.br\/?s={search_term_string}"},"query-input":"required name=search_term_string"}],"inLanguage":"pt-BR"},{"@type":"Organization","@id":"https:\/\/portosma.com.br\/#organization","name":"Portosma","alternateName":"Portosma","url":"https:\/\/portosma.com.br\/","logo":{"@type":"ImageObject","inLanguage":"pt-BR","@id":"https:\/\/portosma.com.br\/#\/schema\/logo\/image\/","url":"https:\/\/portosma.com.br\/wp-content\/uploads\/2026\/03\/cropped-AD-PORTOSMA.jpg","contentUrl":"https:\/\/portosma.com.br\/wp-content\/uploads\/2026\/03\/cropped-AD-PORTOSMA.jpg","width":400,"height":115,"caption":"Portosma"},"image":{"@id":"https:\/\/portosma.com.br\/#\/schema\/logo\/image\/"}},{"@type":"Person","@id":"https:\/\/portosma.com.br\/#\/schema\/person\/fb92dfe283ab47293259c87c813d8623","name":"admin","sameAs":["https:\/\/portosma.com.br"],"url":"https:\/\/portosma.com.br\/index.php\/author\/portosma\/"}]}},"_links":{"self":[{"href":"https:\/\/portosma.com.br\/index.php\/wp-json\/wp\/v2\/posts\/9289","targetHints":{"allow":["GET"]}}],"collection":[{"href":"https:\/\/portosma.com.br\/index.php\/wp-json\/wp\/v2\/posts"}],"about":[{"href":"https:\/\/portosma.com.br\/index.php\/wp-json\/wp\/v2\/types\/post"}],"author":[{"embeddable":true,"href":"https:\/\/portosma.com.br\/index.php\/wp-json\/wp\/v2\/users\/1"}],"replies":[{"embeddable":true,"href":"https:\/\/portosma.com.br\/index.php\/wp-json\/wp\/v2\/comments?post=9289"}],"version-history":[{"count":4,"href":"https:\/\/portosma.com.br\/index.php\/wp-json\/wp\/v2\/posts\/9289\/revisions"}],"predecessor-version":[{"id":9295,"href":"https:\/\/portosma.com.br\/index.php\/wp-json\/wp\/v2\/posts\/9289\/revisions\/9295"}],"wp:featuredmedia":[{"embeddable":true,"href":"https:\/\/portosma.com.br\/index.php\/wp-json\/wp\/v2\/media\/9290"}],"wp:attachment":[{"href":"https:\/\/portosma.com.br\/index.php\/wp-json\/wp\/v2\/media?parent=9289"}],"wp:term":[{"taxonomy":"category","embeddable":true,"href":"https:\/\/portosma.com.br\/index.php\/wp-json\/wp\/v2\/categories?post=9289"},{"taxonomy":"post_tag","embeddable":true,"href":"https:\/\/portosma.com.br\/index.php\/wp-json\/wp\/v2\/tags?post=9289"}],"curies":[{"name":"wp","href":"https:\/\/api.w.org\/{rel}","templated":true}]}}