{"id":8646,"date":"2023-08-24T17:15:30","date_gmt":"2023-08-24T17:15:30","guid":{"rendered":"https:\/\/portosma.com.br\/?p=8646"},"modified":"2023-08-24T17:18:36","modified_gmt":"2023-08-24T17:18:36","slug":"prf-comemora-resultados-da-operacao-tematica-para-o-transito","status":"publish","type":"post","link":"https:\/\/portosma.com.br\/index.php\/2023\/08\/24\/prf-comemora-resultados-da-operacao-tematica-para-o-transito\/","title":{"rendered":"PRF comemora resultados da opera\u00e7\u00e3o tem\u00e1tica para o tr\u00e2nsito"},"content":{"rendered":"<p>Nesta sexta-feira (25), a Pol\u00edcia Rodovi\u00e1ria Federal (PRF) no Maranh\u00e3o encerra a Opera\u00e7\u00e3o Tem\u00e1tica de Educa\u00e7\u00e3o para o Tr\u00e2nsito (OTED) com um evento especial na Unidade Operacional de S\u00e3o Lu\u00eds\/MA, situada em Pedrinhas. Durante os \u00faltimos dias, a opera\u00e7\u00e3o reuniu esfor\u00e7os de policiais rodovi\u00e1rios federais e agentes de diferentes institui\u00e7\u00f5es em um interesse conjunto para fomentar a educa\u00e7\u00e3o e conscientiza\u00e7\u00e3o sobre seguran\u00e7a vi\u00e1ria.<\/p>\n<p>&nbsp;<img fetchpriority=\"high\" decoding=\"async\" class=\"alignnone wp-image-8649 size-full\" src=\"https:\/\/portosma.com.br\/wp-content\/uploads\/2023\/08\/PRF-2.jpg\" alt=\"\" width=\"900\" height=\"382\" srcset=\"https:\/\/portosma.com.br\/wp-content\/uploads\/2023\/08\/PRF-2.jpg 900w, https:\/\/portosma.com.br\/wp-content\/uploads\/2023\/08\/PRF-2-300x127.jpg 300w, https:\/\/portosma.com.br\/wp-content\/uploads\/2023\/08\/PRF-2-768x326.jpg 768w\" sizes=\"(max-width: 900px) 100vw, 900px\" \/><\/p>\n<p>Em um esfor\u00e7o determinado para abordar as preocupantes estat\u00edsticas relacionadas aos acidentes de tr\u00e2nsito, a Pol\u00edcia Rodovi\u00e1ria Federal (PRF) no Maranh\u00e3o vem desenvolvendo com sucesso a Opera\u00e7\u00e3o Tem\u00e1tica de Educa\u00e7\u00e3o para o Tr\u00e2nsito (OTED). Desde o dia 21 de agosto, um contingente de aproximadamente 40 agentes da \u00e1rea de educa\u00e7\u00e3o para o tr\u00e2nsito, incluindo representantes da PRF de seis estados e do Distrito Federal, al\u00e9m da colabora\u00e7\u00e3o de \u00f3rg\u00e3os parceiros como a Guarda Municipal de S\u00e3o Lu\u00eds\/MA, Pol\u00edcia Militar, Pol\u00edcia Civil do Maranh\u00e3o, DETRAN, SMTT, SEST SENAT, DNIT e ANTT, se dedicam a um objetivo comum: fomentar a consci\u00eancia e a responsabilidade no tr\u00e2nsito.<\/p>\n<p>A OTED vai al\u00e9m das tradicionais a\u00e7\u00f5es de fiscaliza\u00e7\u00e3o, adotando uma abordagem educacional que visa \u00e0 mudan\u00e7a de comportamento por meio da conscientiza\u00e7\u00e3o. Com foco na forma\u00e7\u00e3o de cidad\u00e3os mais respons\u00e1veis e \u00e9ticos, a opera\u00e7\u00e3o busca enfatizar que a seguran\u00e7a no tr\u00e2nsito \u00e9 uma responsabilidade compartilhada por todos os envolvidos.<\/p>\n<p><img decoding=\"async\" class=\"alignnone wp-image-8648 size-full\" src=\"https:\/\/portosma.com.br\/wp-content\/uploads\/2023\/08\/PRF-1.jpg\" alt=\"\" width=\"900\" height=\"497\" srcset=\"https:\/\/portosma.com.br\/wp-content\/uploads\/2023\/08\/PRF-1.jpg 900w, https:\/\/portosma.com.br\/wp-content\/uploads\/2023\/08\/PRF-1-300x166.jpg 300w, https:\/\/portosma.com.br\/wp-content\/uploads\/2023\/08\/PRF-1-768x424.jpg 768w\" sizes=\"(max-width: 900px) 100vw, 900px\" \/><\/p>\n<p>A educa\u00e7\u00e3o para o tr\u00e2nsito, um dos pilares da atua\u00e7\u00e3o da PRF, tem se mostrado fundamental para a redu\u00e7\u00e3o dos riscos nas vias. Atrav\u00e9s de palestras em escolas, empresas e abordagens nas rodovias, os agentes t\u00eam adotado abordagens l\u00fadicas e atrativas para tratar sobre temas relacionados \u00e0 seguran\u00e7a vi\u00e1ria. Al\u00e9m disso, iniciativas como o cinema rodovi\u00e1rio e outras din\u00e2micas interativas est\u00e3o sendo utilizadas para cativar e envolver o p\u00fablico.<\/p>\n<p>Partindo de uma perspectiva colaborativa, a OTED n\u00e3o apenas une diversas institui\u00e7\u00f5es, mas tamb\u00e9m promove a troca de conhecimento e experi\u00eancias entre as for\u00e7as de seguran\u00e7a. A \u00eanfase na responsabilidade compartilhada, conforme preconizado pelo Plano Nacional de Redu\u00e7\u00e3o de Mortes e Les\u00f5es no Tr\u00e2nsito 2021, foi refor\u00e7ada em treinamentos espec\u00edficos que capacitaram os policiais rodovi\u00e1rios federais e demais agentes para abordagens voltadas a diferentes p\u00fablicos.<\/p>\n<p><img decoding=\"async\" class=\"alignnone wp-image-8650 size-full\" src=\"https:\/\/portosma.com.br\/wp-content\/uploads\/2023\/08\/PRF-3.jpg\" alt=\"\" width=\"900\" height=\"352\" srcset=\"https:\/\/portosma.com.br\/wp-content\/uploads\/2023\/08\/PRF-3.jpg 900w, https:\/\/portosma.com.br\/wp-content\/uploads\/2023\/08\/PRF-3-300x117.jpg 300w, https:\/\/portosma.com.br\/wp-content\/uploads\/2023\/08\/PRF-3-768x300.jpg 768w\" sizes=\"(max-width: 900px) 100vw, 900px\" \/><\/p>\n<p>O auge da OTED ser\u00e1 marcado pelo encerramento nesta sexta-feira (25), na Unidade Operacional da PRF em Pedrinhas (S\u00e3o Lu\u00eds\/MA). O evento contar\u00e1 com um grande comando de educa\u00e7\u00e3o para o tr\u00e2nsito, voltado especialmente para os passageiros de transporte coletivo, e com a exibi\u00e7\u00e3o do cinema rodovi\u00e1rio. O objetivo \u00e9 concluir a opera\u00e7\u00e3o de maneira impactante, ressaltando a import\u00e2ncia da educa\u00e7\u00e3o e da conscientiza\u00e7\u00e3o como elementos-chave na constru\u00e7\u00e3o de um tr\u00e2nsito mais seguro e respons\u00e1vel para todos.<\/p>\n<p>&nbsp;<\/p>\n<p><span style=\"color: #808080;\"><em><strong>Fonte:<\/strong><\/em><\/span><br \/>\n<span style=\"color: #808080;\"><em><strong>Texto e fotos: N\u00facleo de Comunica\u00e7\u00e3o da PRF<\/strong><\/em><\/span><\/p>\n","protected":false},"excerpt":{"rendered":"<p>A educa\u00e7\u00e3o para o tr\u00e2nsito, um dos pilares da atua\u00e7\u00e3o da PRF, tem se mostrado fundamental para a redu\u00e7\u00e3o dos riscos nas estradas do Brasil.<\/p>\n","protected":false},"author":1,"featured_media":8647,"comment_status":"closed","ping_status":"open","sticky":false,"template":"","format":"standard","meta":{"_editorskit_title_hidden":false,"_editorskit_reading_time":0,"_editorskit_is_block_options_detached":false,"_editorskit_block_options_position":"{}","ngg_post_thumbnail":0,"footnotes":""},"categories":[1],"tags":[],"class_list":["post-8646","post","type-post","status-publish","format-standard","has-post-thumbnail","hentry","category-noticias"],"yoast_head":"<!-- This site is optimized with the Yoast SEO plugin v22.5 - https:\/\/yoast.com\/wordpress\/plugins\/seo\/ -->\n<title>PRF comemora resultados da opera\u00e7\u00e3o tem\u00e1tica para o tr\u00e2nsito - Portosma<\/title>\n<meta name=\"robots\" content=\"index, follow, max-snippet:-1, max-image-preview:large, max-video-preview:-1\" \/>\n<link rel=\"canonical\" href=\"https:\/\/portosma.com.br\/index.php\/2023\/08\/24\/prf-comemora-resultados-da-operacao-tematica-para-o-transito\/\" \/>\n<meta property=\"og:locale\" content=\"pt_BR\" \/>\n<meta property=\"og:type\" content=\"article\" \/>\n<meta property=\"og:title\" content=\"PRF comemora resultados da opera\u00e7\u00e3o tem\u00e1tica para o tr\u00e2nsito - Portosma\" \/>\n<meta property=\"og:description\" content=\"A educa\u00e7\u00e3o para o tr\u00e2nsito, um dos pilares da atua\u00e7\u00e3o da PRF, tem se mostrado fundamental para a redu\u00e7\u00e3o dos riscos nas estradas do Brasil.\" \/>\n<meta property=\"og:url\" content=\"https:\/\/portosma.com.br\/index.php\/2023\/08\/24\/prf-comemora-resultados-da-operacao-tematica-para-o-transito\/\" \/>\n<meta property=\"og:site_name\" content=\"Portosma\" \/>\n<meta property=\"article:published_time\" content=\"2023-08-24T17:15:30+00:00\" \/>\n<meta property=\"article:modified_time\" content=\"2023-08-24T17:18:36+00:00\" \/>\n<meta property=\"og:image\" content=\"https:\/\/portosma.com.br\/wp-content\/uploads\/2023\/08\/PRF-4.jpg\" \/>\n\t<meta property=\"og:image:width\" content=\"1200\" \/>\n\t<meta property=\"og:image:height\" content=\"495\" \/>\n\t<meta property=\"og:image:type\" content=\"image\/jpeg\" \/>\n<meta name=\"author\" content=\"admin\" \/>\n<meta name=\"twitter:card\" content=\"summary_large_image\" \/>\n<meta name=\"twitter:label1\" content=\"Escrito por\" \/>\n\t<meta name=\"twitter:data1\" content=\"admin\" \/>\n\t<meta name=\"twitter:label2\" content=\"Est. tempo de leitura\" \/>\n\t<meta name=\"twitter:data2\" content=\"3 minutos\" \/>\n<script type=\"application\/ld+json\" class=\"yoast-schema-graph\">{\"@context\":\"https:\/\/schema.org\",\"@graph\":[{\"@type\":\"Article\",\"@id\":\"https:\/\/portosma.com.br\/index.php\/2023\/08\/24\/prf-comemora-resultados-da-operacao-tematica-para-o-transito\/#article\",\"isPartOf\":{\"@id\":\"https:\/\/portosma.com.br\/index.php\/2023\/08\/24\/prf-comemora-resultados-da-operacao-tematica-para-o-transito\/\"},\"author\":{\"name\":\"admin\",\"@id\":\"https:\/\/portosma.com.br\/#\/schema\/person\/fb92dfe283ab47293259c87c813d8623\"},\"headline\":\"PRF comemora resultados da opera\u00e7\u00e3o tem\u00e1tica para o tr\u00e2nsito\",\"datePublished\":\"2023-08-24T17:15:30+00:00\",\"dateModified\":\"2023-08-24T17:18:36+00:00\",\"mainEntityOfPage\":{\"@id\":\"https:\/\/portosma.com.br\/index.php\/2023\/08\/24\/prf-comemora-resultados-da-operacao-tematica-para-o-transito\/\"},\"wordCount\":537,\"publisher\":{\"@id\":\"https:\/\/portosma.com.br\/#organization\"},\"image\":{\"@id\":\"https:\/\/portosma.com.br\/index.php\/2023\/08\/24\/prf-comemora-resultados-da-operacao-tematica-para-o-transito\/#primaryimage\"},\"thumbnailUrl\":\"https:\/\/portosma.com.br\/wp-content\/uploads\/2023\/08\/PRF-4.jpg\",\"articleSection\":[\"Not\u00edcias\"],\"inLanguage\":\"pt-BR\"},{\"@type\":\"WebPage\",\"@id\":\"https:\/\/portosma.com.br\/index.php\/2023\/08\/24\/prf-comemora-resultados-da-operacao-tematica-para-o-transito\/\",\"url\":\"https:\/\/portosma.com.br\/index.php\/2023\/08\/24\/prf-comemora-resultados-da-operacao-tematica-para-o-transito\/\",\"name\":\"PRF comemora resultados da opera\u00e7\u00e3o tem\u00e1tica para o tr\u00e2nsito - Portosma\",\"isPartOf\":{\"@id\":\"https:\/\/portosma.com.br\/#website\"},\"primaryImageOfPage\":{\"@id\":\"https:\/\/portosma.com.br\/index.php\/2023\/08\/24\/prf-comemora-resultados-da-operacao-tematica-para-o-transito\/#primaryimage\"},\"image\":{\"@id\":\"https:\/\/portosma.com.br\/index.php\/2023\/08\/24\/prf-comemora-resultados-da-operacao-tematica-para-o-transito\/#primaryimage\"},\"thumbnailUrl\":\"https:\/\/portosma.com.br\/wp-content\/uploads\/2023\/08\/PRF-4.jpg\",\"datePublished\":\"2023-08-24T17:15:30+00:00\",\"dateModified\":\"2023-08-24T17:18:36+00:00\",\"breadcrumb\":{\"@id\":\"https:\/\/portosma.com.br\/index.php\/2023\/08\/24\/prf-comemora-resultados-da-operacao-tematica-para-o-transito\/#breadcrumb\"},\"inLanguage\":\"pt-BR\",\"potentialAction\":[{\"@type\":\"ReadAction\",\"target\":[\"https:\/\/portosma.com.br\/index.php\/2023\/08\/24\/prf-comemora-resultados-da-operacao-tematica-para-o-transito\/\"]}]},{\"@type\":\"ImageObject\",\"inLanguage\":\"pt-BR\",\"@id\":\"https:\/\/portosma.com.br\/index.php\/2023\/08\/24\/prf-comemora-resultados-da-operacao-tematica-para-o-transito\/#primaryimage\",\"url\":\"https:\/\/portosma.com.br\/wp-content\/uploads\/2023\/08\/PRF-4.jpg\",\"contentUrl\":\"https:\/\/portosma.com.br\/wp-content\/uploads\/2023\/08\/PRF-4.jpg\",\"width\":1200,\"height\":495},{\"@type\":\"BreadcrumbList\",\"@id\":\"https:\/\/portosma.com.br\/index.php\/2023\/08\/24\/prf-comemora-resultados-da-operacao-tematica-para-o-transito\/#breadcrumb\",\"itemListElement\":[{\"@type\":\"ListItem\",\"position\":1,\"name\":\"In\u00edcio\",\"item\":\"https:\/\/portosma.com.br\/\"},{\"@type\":\"ListItem\",\"position\":2,\"name\":\"PRF comemora resultados da opera\u00e7\u00e3o tem\u00e1tica para o tr\u00e2nsito\"}]},{\"@type\":\"WebSite\",\"@id\":\"https:\/\/portosma.com.br\/#website\",\"url\":\"https:\/\/portosma.com.br\/\",\"name\":\"Portosma\",\"description\":\"Um site de not\u00edcias\",\"publisher\":{\"@id\":\"https:\/\/portosma.com.br\/#organization\"},\"potentialAction\":[{\"@type\":\"SearchAction\",\"target\":{\"@type\":\"EntryPoint\",\"urlTemplate\":\"https:\/\/portosma.com.br\/?s={search_term_string}\"},\"query-input\":\"required name=search_term_string\"}],\"inLanguage\":\"pt-BR\"},{\"@type\":\"Organization\",\"@id\":\"https:\/\/portosma.com.br\/#organization\",\"name\":\"Portosma\",\"alternateName\":\"Portosma\",\"url\":\"https:\/\/portosma.com.br\/\",\"logo\":{\"@type\":\"ImageObject\",\"inLanguage\":\"pt-BR\",\"@id\":\"https:\/\/portosma.com.br\/#\/schema\/logo\/image\/\",\"url\":\"https:\/\/portosma.com.br\/wp-content\/uploads\/2026\/03\/cropped-AD-PORTOSMA.jpg\",\"contentUrl\":\"https:\/\/portosma.com.br\/wp-content\/uploads\/2026\/03\/cropped-AD-PORTOSMA.jpg\",\"width\":400,\"height\":115,\"caption\":\"Portosma\"},\"image\":{\"@id\":\"https:\/\/portosma.com.br\/#\/schema\/logo\/image\/\"}},{\"@type\":\"Person\",\"@id\":\"https:\/\/portosma.com.br\/#\/schema\/person\/fb92dfe283ab47293259c87c813d8623\",\"name\":\"admin\",\"sameAs\":[\"https:\/\/portosma.com.br\"],\"url\":\"https:\/\/portosma.com.br\/index.php\/author\/portosma\/\"}]}<\/script>\n<!-- \/ Yoast SEO plugin. -->","yoast_head_json":{"title":"PRF comemora resultados da opera\u00e7\u00e3o tem\u00e1tica para o tr\u00e2nsito - Portosma","robots":{"index":"index","follow":"follow","max-snippet":"max-snippet:-1","max-image-preview":"max-image-preview:large","max-video-preview":"max-video-preview:-1"},"canonical":"https:\/\/portosma.com.br\/index.php\/2023\/08\/24\/prf-comemora-resultados-da-operacao-tematica-para-o-transito\/","og_locale":"pt_BR","og_type":"article","og_title":"PRF comemora resultados da opera\u00e7\u00e3o tem\u00e1tica para o tr\u00e2nsito - Portosma","og_description":"A educa\u00e7\u00e3o para o tr\u00e2nsito, um dos pilares da atua\u00e7\u00e3o da PRF, tem se mostrado fundamental para a redu\u00e7\u00e3o dos riscos nas estradas do Brasil.","og_url":"https:\/\/portosma.com.br\/index.php\/2023\/08\/24\/prf-comemora-resultados-da-operacao-tematica-para-o-transito\/","og_site_name":"Portosma","article_published_time":"2023-08-24T17:15:30+00:00","article_modified_time":"2023-08-24T17:18:36+00:00","og_image":[{"width":1200,"height":495,"url":"https:\/\/portosma.com.br\/wp-content\/uploads\/2023\/08\/PRF-4.jpg","type":"image\/jpeg"}],"author":"admin","twitter_card":"summary_large_image","twitter_misc":{"Escrito por":"admin","Est. tempo de leitura":"3 minutos"},"schema":{"@context":"https:\/\/schema.org","@graph":[{"@type":"Article","@id":"https:\/\/portosma.com.br\/index.php\/2023\/08\/24\/prf-comemora-resultados-da-operacao-tematica-para-o-transito\/#article","isPartOf":{"@id":"https:\/\/portosma.com.br\/index.php\/2023\/08\/24\/prf-comemora-resultados-da-operacao-tematica-para-o-transito\/"},"author":{"name":"admin","@id":"https:\/\/portosma.com.br\/#\/schema\/person\/fb92dfe283ab47293259c87c813d8623"},"headline":"PRF comemora resultados da opera\u00e7\u00e3o tem\u00e1tica para o tr\u00e2nsito","datePublished":"2023-08-24T17:15:30+00:00","dateModified":"2023-08-24T17:18:36+00:00","mainEntityOfPage":{"@id":"https:\/\/portosma.com.br\/index.php\/2023\/08\/24\/prf-comemora-resultados-da-operacao-tematica-para-o-transito\/"},"wordCount":537,"publisher":{"@id":"https:\/\/portosma.com.br\/#organization"},"image":{"@id":"https:\/\/portosma.com.br\/index.php\/2023\/08\/24\/prf-comemora-resultados-da-operacao-tematica-para-o-transito\/#primaryimage"},"thumbnailUrl":"https:\/\/portosma.com.br\/wp-content\/uploads\/2023\/08\/PRF-4.jpg","articleSection":["Not\u00edcias"],"inLanguage":"pt-BR"},{"@type":"WebPage","@id":"https:\/\/portosma.com.br\/index.php\/2023\/08\/24\/prf-comemora-resultados-da-operacao-tematica-para-o-transito\/","url":"https:\/\/portosma.com.br\/index.php\/2023\/08\/24\/prf-comemora-resultados-da-operacao-tematica-para-o-transito\/","name":"PRF comemora resultados da opera\u00e7\u00e3o tem\u00e1tica para o tr\u00e2nsito - Portosma","isPartOf":{"@id":"https:\/\/portosma.com.br\/#website"},"primaryImageOfPage":{"@id":"https:\/\/portosma.com.br\/index.php\/2023\/08\/24\/prf-comemora-resultados-da-operacao-tematica-para-o-transito\/#primaryimage"},"image":{"@id":"https:\/\/portosma.com.br\/index.php\/2023\/08\/24\/prf-comemora-resultados-da-operacao-tematica-para-o-transito\/#primaryimage"},"thumbnailUrl":"https:\/\/portosma.com.br\/wp-content\/uploads\/2023\/08\/PRF-4.jpg","datePublished":"2023-08-24T17:15:30+00:00","dateModified":"2023-08-24T17:18:36+00:00","breadcrumb":{"@id":"https:\/\/portosma.com.br\/index.php\/2023\/08\/24\/prf-comemora-resultados-da-operacao-tematica-para-o-transito\/#breadcrumb"},"inLanguage":"pt-BR","potentialAction":[{"@type":"ReadAction","target":["https:\/\/portosma.com.br\/index.php\/2023\/08\/24\/prf-comemora-resultados-da-operacao-tematica-para-o-transito\/"]}]},{"@type":"ImageObject","inLanguage":"pt-BR","@id":"https:\/\/portosma.com.br\/index.php\/2023\/08\/24\/prf-comemora-resultados-da-operacao-tematica-para-o-transito\/#primaryimage","url":"https:\/\/portosma.com.br\/wp-content\/uploads\/2023\/08\/PRF-4.jpg","contentUrl":"https:\/\/portosma.com.br\/wp-content\/uploads\/2023\/08\/PRF-4.jpg","width":1200,"height":495},{"@type":"BreadcrumbList","@id":"https:\/\/portosma.com.br\/index.php\/2023\/08\/24\/prf-comemora-resultados-da-operacao-tematica-para-o-transito\/#breadcrumb","itemListElement":[{"@type":"ListItem","position":1,"name":"In\u00edcio","item":"https:\/\/portosma.com.br\/"},{"@type":"ListItem","position":2,"name":"PRF comemora resultados da opera\u00e7\u00e3o tem\u00e1tica para o tr\u00e2nsito"}]},{"@type":"WebSite","@id":"https:\/\/portosma.com.br\/#website","url":"https:\/\/portosma.com.br\/","name":"Portosma","description":"Um site de not\u00edcias","publisher":{"@id":"https:\/\/portosma.com.br\/#organization"},"potentialAction":[{"@type":"SearchAction","target":{"@type":"EntryPoint","urlTemplate":"https:\/\/portosma.com.br\/?s={search_term_string}"},"query-input":"required name=search_term_string"}],"inLanguage":"pt-BR"},{"@type":"Organization","@id":"https:\/\/portosma.com.br\/#organization","name":"Portosma","alternateName":"Portosma","url":"https:\/\/portosma.com.br\/","logo":{"@type":"ImageObject","inLanguage":"pt-BR","@id":"https:\/\/portosma.com.br\/#\/schema\/logo\/image\/","url":"https:\/\/portosma.com.br\/wp-content\/uploads\/2026\/03\/cropped-AD-PORTOSMA.jpg","contentUrl":"https:\/\/portosma.com.br\/wp-content\/uploads\/2026\/03\/cropped-AD-PORTOSMA.jpg","width":400,"height":115,"caption":"Portosma"},"image":{"@id":"https:\/\/portosma.com.br\/#\/schema\/logo\/image\/"}},{"@type":"Person","@id":"https:\/\/portosma.com.br\/#\/schema\/person\/fb92dfe283ab47293259c87c813d8623","name":"admin","sameAs":["https:\/\/portosma.com.br"],"url":"https:\/\/portosma.com.br\/index.php\/author\/portosma\/"}]}},"_links":{"self":[{"href":"https:\/\/portosma.com.br\/index.php\/wp-json\/wp\/v2\/posts\/8646","targetHints":{"allow":["GET"]}}],"collection":[{"href":"https:\/\/portosma.com.br\/index.php\/wp-json\/wp\/v2\/posts"}],"about":[{"href":"https:\/\/portosma.com.br\/index.php\/wp-json\/wp\/v2\/types\/post"}],"author":[{"embeddable":true,"href":"https:\/\/portosma.com.br\/index.php\/wp-json\/wp\/v2\/users\/1"}],"replies":[{"embeddable":true,"href":"https:\/\/portosma.com.br\/index.php\/wp-json\/wp\/v2\/comments?post=8646"}],"version-history":[{"count":4,"href":"https:\/\/portosma.com.br\/index.php\/wp-json\/wp\/v2\/posts\/8646\/revisions"}],"predecessor-version":[{"id":8654,"href":"https:\/\/portosma.com.br\/index.php\/wp-json\/wp\/v2\/posts\/8646\/revisions\/8654"}],"wp:featuredmedia":[{"embeddable":true,"href":"https:\/\/portosma.com.br\/index.php\/wp-json\/wp\/v2\/media\/8647"}],"wp:attachment":[{"href":"https:\/\/portosma.com.br\/index.php\/wp-json\/wp\/v2\/media?parent=8646"}],"wp:term":[{"taxonomy":"category","embeddable":true,"href":"https:\/\/portosma.com.br\/index.php\/wp-json\/wp\/v2\/categories?post=8646"},{"taxonomy":"post_tag","embeddable":true,"href":"https:\/\/portosma.com.br\/index.php\/wp-json\/wp\/v2\/tags?post=8646"}],"curies":[{"name":"wp","href":"https:\/\/api.w.org\/{rel}","templated":true}]}}