{"id":8380,"date":"2023-08-10T18:02:47","date_gmt":"2023-08-10T18:02:47","guid":{"rendered":"https:\/\/portosma.com.br\/?p=8380"},"modified":"2023-08-10T18:04:17","modified_gmt":"2023-08-10T18:04:17","slug":"sistema-vli-inicia-embarques-de-safra-de-milho-para-exportacao","status":"publish","type":"post","link":"https:\/\/portosma.com.br\/index.php\/2023\/08\/10\/sistema-vli-inicia-embarques-de-safra-de-milho-para-exportacao\/","title":{"rendered":"Sistema VLI inicia embarques de safra de milho para exporta\u00e7\u00e3o"},"content":{"rendered":"<p>A VLI \u2013 companhia de solu\u00e7\u00f5es log\u00edsticas que opera terminais, ferrovias e portos \u2013 come\u00e7a a realizar, neste m\u00eas de agosto, os embarques para exporta\u00e7\u00e3o da safra recorde de milho prevista para 2023, a partir do Terminal de Produtos Diversos (TPD), localizado no Complexo de Tubar\u00e3o, em Vit\u00f3ria, no Esp\u00edrito Santo. O escoamento dos polos produtores, principalmente Minas e Goi\u00e1s, \u00e9 feito pela Ferrovia Centro-Atl\u00e2ntica (FCA), que atende \u00e0 demanda dessas regi\u00f5es pelo corredor Leste.<\/p>\n<p>De acordo com a Companhia Nacional de Abastecimento (Conab), a produ\u00e7\u00e3o total de milho no Brasil na atual safra ser\u00e1 em torno de 125,5 milh\u00f5es de toneladas, um aumento de 12,4 milh\u00f5es de toneladas em rela\u00e7\u00e3o \u00e0 safra anterior, sendo aproximadamente 50 milh\u00f5es para exporta\u00e7\u00e3o. Para atender \u00e0 demanda crescente, o TPD \u00e9 pe\u00e7a-chave no sistema integrado que atende o agroneg\u00f3cio brasileiro, com capacidade para movimentar seis milh\u00f5es de toneladas de gr\u00e3os para exporta\u00e7\u00e3o. Situado no maior complexo portu\u00e1rio privado do Brasil, o terminal recebe 20% do volume de commodities movimentado pela VLI.&nbsp;<\/p>\n<p>Para atender \u00e0 demanda da regi\u00e3o Sudeste, a companhia tamb\u00e9m utiliza o Terminal Integrador Portu\u00e1rio Luiz Antonio Mesquita (Tiplam), situado na margem central do Porto de Santos, que recebe carga da FCA pelo corredor Centro-Sudeste. \u201cTrabalhamos a flexibilidade dos dois portos (TPD e Tiplam) para otimizar a utiliza\u00e7\u00e3o de ambos os corredores, j\u00e1 que os embarques acontecem at\u00e9 o final do ano\u201d, explica o gerente-geral de Opera\u00e7\u00f5es do Sistema Sudeste da VLI, Denilson Fernandes.<\/p>\n<p>O volume expressivo da atual safra de milho tamb\u00e9m passa pelo Terminal Portu\u00e1rio S\u00e3o Lu\u00eds (TPSL), da VLI, localizado no Porto de Itaqui, na capital maranhense. O terminal, que possui vantagem competitiva devido \u00e0 sua localiza\u00e7\u00e3o estrat\u00e9gica, pr\u00f3xima da rota mar\u00edtima com Europa e os Estados Unidos, tamb\u00e9m j\u00e1 realizou os primeiros embarques em julho. Al\u00e9m desses mercados, o milho, que \u00e9 escoado pelo corredor Centro-Norte, pela Ferrovia Norte-Sul (FNS) atende ainda os mercados asi\u00e1tico e sul-americano.&nbsp;<\/p>\n<p><span style=\"color: #993300;\"><strong>Inova\u00e7\u00e3o e flexibilidade&nbsp;<\/strong><\/span> &#8211; No corredor Leste, foi implementado no TPD o Sistema de Planejamento de Embarque e Desembarque de Navios (Speed), para promover mais efici\u00eancia nas opera\u00e7\u00f5es de carga e descarga dos navios. Antes da utiliza\u00e7\u00e3o do software, o plano de desembarque de navios era feito exclusivamente pelo capit\u00e3o, com foco na estabilidade da embarca\u00e7\u00e3o, sem levar em conta o tempo necess\u00e1rio para a conclus\u00e3o da opera\u00e7\u00e3o. A utiliza\u00e7\u00e3o da ferramenta alcan\u00e7a uma estimativa de ganho de aproximadamente duas horas por navio, o equivalente a 90 horas operacionais por ano.<\/p>\n<p>Com essa iniciativa, criada nas jornadas de intraempreendedorismo da VLI, a companhia se tornou pioneira na proposi\u00e7\u00e3o de planos de embarque e desembarque, considerando a capacidade operacional dos portos, os interesses dos clientes e garantindo a estabilidade e a seguran\u00e7a dos navios, de forma personalizada para cada embarca\u00e7\u00e3o. O sistema \u00e9 capaz de propor planos de desembarque ou embarque mais eficientes, permitindo a redu\u00e7\u00e3o no tempo de opera\u00e7\u00e3o, gerando maior capacidade de movimenta\u00e7\u00e3o de carga nos portos da VLI.<\/p>\n<p>Diante dos desafios trazidos ao setor portu\u00e1rio pelas safras, a companhia tamb\u00e9m desenvolveu o sistema flex no Tiplam, para otimizar a movimenta\u00e7\u00e3o de commodities que chega nas composi\u00e7\u00f5es. A inova\u00e7\u00e3o permite o recebimento simult\u00e2neo de diferentes comodities do agroneg\u00f3cio, aumentando a capacidade de armazenamento e reduzindo gargalos, como a fila de espera dos navios que aguardam carregamento. O sistema aproveita as ociosidades que ocorrem ao fim dos picos da produ\u00e7\u00e3o de soja e a\u00e7\u00facar, para receber o milho.<\/p>\n<p>At\u00e9 meados de 2020, os sistemas do terminal eram cativos, com rotas dedicadas exclusivamente a determinados produtos. \u201cO sistema flex permite priorizar as cargas conforme a fila dos navios, atendendo gr\u00e3os ou a\u00e7\u00facar de forma equilibrada, otimizando a gest\u00e3o do retroporto e eliminando gargalos desde o recebimento, armazenamento, at\u00e9 o embarque para exporta\u00e7\u00e3o. Essa inova\u00e7\u00e3o permite o manuseio de produtos diferentes ao longo do ano conforme a safra, sem impurezas, mantendo o compromisso com a qualidade\u201d, explica Fernandes. Na foto o Complexo TPD do Porto de Tubar\u00e3o, no Esp\u00edrito Santo.<\/p>\n<p><img fetchpriority=\"high\" decoding=\"async\" class=\"alignnone wp-image-8382 size-full\" src=\"https:\/\/portosma.com.br\/wp-content\/uploads\/2023\/08\/TUBARAO.jpg\" alt=\"\" width=\"900\" height=\"430\" srcset=\"https:\/\/portosma.com.br\/wp-content\/uploads\/2023\/08\/TUBARAO.jpg 900w, https:\/\/portosma.com.br\/wp-content\/uploads\/2023\/08\/TUBARAO-300x143.jpg 300w, https:\/\/portosma.com.br\/wp-content\/uploads\/2023\/08\/TUBARAO-768x367.jpg 768w\" sizes=\"(max-width: 900px) 100vw, 900px\" \/><\/p>\n","protected":false},"excerpt":{"rendered":"<p>Companhia registra movimenta\u00e7\u00e3o nos corredores Norte, Leste e Sudeste e utiliza flexibilidade e inova\u00e7\u00e3o para otimizar embarques.<\/p>\n","protected":false},"author":1,"featured_media":8381,"comment_status":"closed","ping_status":"open","sticky":false,"template":"","format":"standard","meta":{"_editorskit_title_hidden":false,"_editorskit_reading_time":0,"_editorskit_is_block_options_detached":false,"_editorskit_block_options_position":"{}","ngg_post_thumbnail":0,"footnotes":""},"categories":[1],"tags":[],"class_list":["post-8380","post","type-post","status-publish","format-standard","has-post-thumbnail","hentry","category-noticias"],"yoast_head":"<!-- This site is optimized with the Yoast SEO plugin v22.5 - https:\/\/yoast.com\/wordpress\/plugins\/seo\/ -->\n<title>Sistema VLI inicia embarques de safra de milho para exporta\u00e7\u00e3o - Portosma<\/title>\n<meta name=\"robots\" content=\"index, follow, max-snippet:-1, max-image-preview:large, max-video-preview:-1\" \/>\n<link rel=\"canonical\" href=\"https:\/\/portosma.com.br\/index.php\/2023\/08\/10\/sistema-vli-inicia-embarques-de-safra-de-milho-para-exportacao\/\" \/>\n<meta property=\"og:locale\" content=\"pt_BR\" \/>\n<meta property=\"og:type\" content=\"article\" \/>\n<meta property=\"og:title\" content=\"Sistema VLI inicia embarques de safra de milho para exporta\u00e7\u00e3o - Portosma\" \/>\n<meta property=\"og:description\" content=\"Companhia registra movimenta\u00e7\u00e3o nos corredores Norte, Leste e Sudeste e utiliza flexibilidade e inova\u00e7\u00e3o para otimizar embarques.\" \/>\n<meta property=\"og:url\" content=\"https:\/\/portosma.com.br\/index.php\/2023\/08\/10\/sistema-vli-inicia-embarques-de-safra-de-milho-para-exportacao\/\" \/>\n<meta property=\"og:site_name\" content=\"Portosma\" \/>\n<meta property=\"article:published_time\" content=\"2023-08-10T18:02:47+00:00\" \/>\n<meta property=\"article:modified_time\" content=\"2023-08-10T18:04:17+00:00\" \/>\n<meta property=\"og:image\" content=\"https:\/\/portosma.com.br\/wp-content\/uploads\/2023\/08\/TUBARAO-2.jpg\" \/>\n\t<meta property=\"og:image:width\" content=\"1200\" \/>\n\t<meta property=\"og:image:height\" content=\"500\" \/>\n\t<meta property=\"og:image:type\" content=\"image\/jpeg\" \/>\n<meta name=\"author\" content=\"admin\" \/>\n<meta name=\"twitter:card\" content=\"summary_large_image\" \/>\n<meta name=\"twitter:label1\" content=\"Escrito por\" \/>\n\t<meta name=\"twitter:data1\" content=\"admin\" \/>\n\t<meta name=\"twitter:label2\" content=\"Est. tempo de leitura\" \/>\n\t<meta name=\"twitter:data2\" content=\"4 minutos\" \/>\n<script type=\"application\/ld+json\" class=\"yoast-schema-graph\">{\"@context\":\"https:\/\/schema.org\",\"@graph\":[{\"@type\":\"Article\",\"@id\":\"https:\/\/portosma.com.br\/index.php\/2023\/08\/10\/sistema-vli-inicia-embarques-de-safra-de-milho-para-exportacao\/#article\",\"isPartOf\":{\"@id\":\"https:\/\/portosma.com.br\/index.php\/2023\/08\/10\/sistema-vli-inicia-embarques-de-safra-de-milho-para-exportacao\/\"},\"author\":{\"name\":\"admin\",\"@id\":\"https:\/\/portosma.com.br\/#\/schema\/person\/fb92dfe283ab47293259c87c813d8623\"},\"headline\":\"Sistema VLI inicia embarques de safra de milho para exporta\u00e7\u00e3o\",\"datePublished\":\"2023-08-10T18:02:47+00:00\",\"dateModified\":\"2023-08-10T18:04:17+00:00\",\"mainEntityOfPage\":{\"@id\":\"https:\/\/portosma.com.br\/index.php\/2023\/08\/10\/sistema-vli-inicia-embarques-de-safra-de-milho-para-exportacao\/\"},\"wordCount\":725,\"publisher\":{\"@id\":\"https:\/\/portosma.com.br\/#organization\"},\"image\":{\"@id\":\"https:\/\/portosma.com.br\/index.php\/2023\/08\/10\/sistema-vli-inicia-embarques-de-safra-de-milho-para-exportacao\/#primaryimage\"},\"thumbnailUrl\":\"https:\/\/portosma.com.br\/wp-content\/uploads\/2023\/08\/TUBARAO-2.jpg\",\"articleSection\":[\"Not\u00edcias\"],\"inLanguage\":\"pt-BR\"},{\"@type\":\"WebPage\",\"@id\":\"https:\/\/portosma.com.br\/index.php\/2023\/08\/10\/sistema-vli-inicia-embarques-de-safra-de-milho-para-exportacao\/\",\"url\":\"https:\/\/portosma.com.br\/index.php\/2023\/08\/10\/sistema-vli-inicia-embarques-de-safra-de-milho-para-exportacao\/\",\"name\":\"Sistema VLI inicia embarques de safra de milho para exporta\u00e7\u00e3o - Portosma\",\"isPartOf\":{\"@id\":\"https:\/\/portosma.com.br\/#website\"},\"primaryImageOfPage\":{\"@id\":\"https:\/\/portosma.com.br\/index.php\/2023\/08\/10\/sistema-vli-inicia-embarques-de-safra-de-milho-para-exportacao\/#primaryimage\"},\"image\":{\"@id\":\"https:\/\/portosma.com.br\/index.php\/2023\/08\/10\/sistema-vli-inicia-embarques-de-safra-de-milho-para-exportacao\/#primaryimage\"},\"thumbnailUrl\":\"https:\/\/portosma.com.br\/wp-content\/uploads\/2023\/08\/TUBARAO-2.jpg\",\"datePublished\":\"2023-08-10T18:02:47+00:00\",\"dateModified\":\"2023-08-10T18:04:17+00:00\",\"breadcrumb\":{\"@id\":\"https:\/\/portosma.com.br\/index.php\/2023\/08\/10\/sistema-vli-inicia-embarques-de-safra-de-milho-para-exportacao\/#breadcrumb\"},\"inLanguage\":\"pt-BR\",\"potentialAction\":[{\"@type\":\"ReadAction\",\"target\":[\"https:\/\/portosma.com.br\/index.php\/2023\/08\/10\/sistema-vli-inicia-embarques-de-safra-de-milho-para-exportacao\/\"]}]},{\"@type\":\"ImageObject\",\"inLanguage\":\"pt-BR\",\"@id\":\"https:\/\/portosma.com.br\/index.php\/2023\/08\/10\/sistema-vli-inicia-embarques-de-safra-de-milho-para-exportacao\/#primaryimage\",\"url\":\"https:\/\/portosma.com.br\/wp-content\/uploads\/2023\/08\/TUBARAO-2.jpg\",\"contentUrl\":\"https:\/\/portosma.com.br\/wp-content\/uploads\/2023\/08\/TUBARAO-2.jpg\",\"width\":1200,\"height\":500},{\"@type\":\"BreadcrumbList\",\"@id\":\"https:\/\/portosma.com.br\/index.php\/2023\/08\/10\/sistema-vli-inicia-embarques-de-safra-de-milho-para-exportacao\/#breadcrumb\",\"itemListElement\":[{\"@type\":\"ListItem\",\"position\":1,\"name\":\"In\u00edcio\",\"item\":\"https:\/\/portosma.com.br\/\"},{\"@type\":\"ListItem\",\"position\":2,\"name\":\"Sistema VLI inicia embarques de safra de milho para exporta\u00e7\u00e3o\"}]},{\"@type\":\"WebSite\",\"@id\":\"https:\/\/portosma.com.br\/#website\",\"url\":\"https:\/\/portosma.com.br\/\",\"name\":\"Portosma\",\"description\":\"Um site de not\u00edcias\",\"publisher\":{\"@id\":\"https:\/\/portosma.com.br\/#organization\"},\"potentialAction\":[{\"@type\":\"SearchAction\",\"target\":{\"@type\":\"EntryPoint\",\"urlTemplate\":\"https:\/\/portosma.com.br\/?s={search_term_string}\"},\"query-input\":\"required name=search_term_string\"}],\"inLanguage\":\"pt-BR\"},{\"@type\":\"Organization\",\"@id\":\"https:\/\/portosma.com.br\/#organization\",\"name\":\"Portosma\",\"alternateName\":\"Portosma\",\"url\":\"https:\/\/portosma.com.br\/\",\"logo\":{\"@type\":\"ImageObject\",\"inLanguage\":\"pt-BR\",\"@id\":\"https:\/\/portosma.com.br\/#\/schema\/logo\/image\/\",\"url\":\"https:\/\/portosma.com.br\/wp-content\/uploads\/2026\/03\/cropped-AD-PORTOSMA.jpg\",\"contentUrl\":\"https:\/\/portosma.com.br\/wp-content\/uploads\/2026\/03\/cropped-AD-PORTOSMA.jpg\",\"width\":400,\"height\":115,\"caption\":\"Portosma\"},\"image\":{\"@id\":\"https:\/\/portosma.com.br\/#\/schema\/logo\/image\/\"}},{\"@type\":\"Person\",\"@id\":\"https:\/\/portosma.com.br\/#\/schema\/person\/fb92dfe283ab47293259c87c813d8623\",\"name\":\"admin\",\"sameAs\":[\"https:\/\/portosma.com.br\"],\"url\":\"https:\/\/portosma.com.br\/index.php\/author\/portosma\/\"}]}<\/script>\n<!-- \/ Yoast SEO plugin. -->","yoast_head_json":{"title":"Sistema VLI inicia embarques de safra de milho para exporta\u00e7\u00e3o - Portosma","robots":{"index":"index","follow":"follow","max-snippet":"max-snippet:-1","max-image-preview":"max-image-preview:large","max-video-preview":"max-video-preview:-1"},"canonical":"https:\/\/portosma.com.br\/index.php\/2023\/08\/10\/sistema-vli-inicia-embarques-de-safra-de-milho-para-exportacao\/","og_locale":"pt_BR","og_type":"article","og_title":"Sistema VLI inicia embarques de safra de milho para exporta\u00e7\u00e3o - Portosma","og_description":"Companhia registra movimenta\u00e7\u00e3o nos corredores Norte, Leste e Sudeste e utiliza flexibilidade e inova\u00e7\u00e3o para otimizar embarques.","og_url":"https:\/\/portosma.com.br\/index.php\/2023\/08\/10\/sistema-vli-inicia-embarques-de-safra-de-milho-para-exportacao\/","og_site_name":"Portosma","article_published_time":"2023-08-10T18:02:47+00:00","article_modified_time":"2023-08-10T18:04:17+00:00","og_image":[{"width":1200,"height":500,"url":"https:\/\/portosma.com.br\/wp-content\/uploads\/2023\/08\/TUBARAO-2.jpg","type":"image\/jpeg"}],"author":"admin","twitter_card":"summary_large_image","twitter_misc":{"Escrito por":"admin","Est. tempo de leitura":"4 minutos"},"schema":{"@context":"https:\/\/schema.org","@graph":[{"@type":"Article","@id":"https:\/\/portosma.com.br\/index.php\/2023\/08\/10\/sistema-vli-inicia-embarques-de-safra-de-milho-para-exportacao\/#article","isPartOf":{"@id":"https:\/\/portosma.com.br\/index.php\/2023\/08\/10\/sistema-vli-inicia-embarques-de-safra-de-milho-para-exportacao\/"},"author":{"name":"admin","@id":"https:\/\/portosma.com.br\/#\/schema\/person\/fb92dfe283ab47293259c87c813d8623"},"headline":"Sistema VLI inicia embarques de safra de milho para exporta\u00e7\u00e3o","datePublished":"2023-08-10T18:02:47+00:00","dateModified":"2023-08-10T18:04:17+00:00","mainEntityOfPage":{"@id":"https:\/\/portosma.com.br\/index.php\/2023\/08\/10\/sistema-vli-inicia-embarques-de-safra-de-milho-para-exportacao\/"},"wordCount":725,"publisher":{"@id":"https:\/\/portosma.com.br\/#organization"},"image":{"@id":"https:\/\/portosma.com.br\/index.php\/2023\/08\/10\/sistema-vli-inicia-embarques-de-safra-de-milho-para-exportacao\/#primaryimage"},"thumbnailUrl":"https:\/\/portosma.com.br\/wp-content\/uploads\/2023\/08\/TUBARAO-2.jpg","articleSection":["Not\u00edcias"],"inLanguage":"pt-BR"},{"@type":"WebPage","@id":"https:\/\/portosma.com.br\/index.php\/2023\/08\/10\/sistema-vli-inicia-embarques-de-safra-de-milho-para-exportacao\/","url":"https:\/\/portosma.com.br\/index.php\/2023\/08\/10\/sistema-vli-inicia-embarques-de-safra-de-milho-para-exportacao\/","name":"Sistema VLI inicia embarques de safra de milho para exporta\u00e7\u00e3o - Portosma","isPartOf":{"@id":"https:\/\/portosma.com.br\/#website"},"primaryImageOfPage":{"@id":"https:\/\/portosma.com.br\/index.php\/2023\/08\/10\/sistema-vli-inicia-embarques-de-safra-de-milho-para-exportacao\/#primaryimage"},"image":{"@id":"https:\/\/portosma.com.br\/index.php\/2023\/08\/10\/sistema-vli-inicia-embarques-de-safra-de-milho-para-exportacao\/#primaryimage"},"thumbnailUrl":"https:\/\/portosma.com.br\/wp-content\/uploads\/2023\/08\/TUBARAO-2.jpg","datePublished":"2023-08-10T18:02:47+00:00","dateModified":"2023-08-10T18:04:17+00:00","breadcrumb":{"@id":"https:\/\/portosma.com.br\/index.php\/2023\/08\/10\/sistema-vli-inicia-embarques-de-safra-de-milho-para-exportacao\/#breadcrumb"},"inLanguage":"pt-BR","potentialAction":[{"@type":"ReadAction","target":["https:\/\/portosma.com.br\/index.php\/2023\/08\/10\/sistema-vli-inicia-embarques-de-safra-de-milho-para-exportacao\/"]}]},{"@type":"ImageObject","inLanguage":"pt-BR","@id":"https:\/\/portosma.com.br\/index.php\/2023\/08\/10\/sistema-vli-inicia-embarques-de-safra-de-milho-para-exportacao\/#primaryimage","url":"https:\/\/portosma.com.br\/wp-content\/uploads\/2023\/08\/TUBARAO-2.jpg","contentUrl":"https:\/\/portosma.com.br\/wp-content\/uploads\/2023\/08\/TUBARAO-2.jpg","width":1200,"height":500},{"@type":"BreadcrumbList","@id":"https:\/\/portosma.com.br\/index.php\/2023\/08\/10\/sistema-vli-inicia-embarques-de-safra-de-milho-para-exportacao\/#breadcrumb","itemListElement":[{"@type":"ListItem","position":1,"name":"In\u00edcio","item":"https:\/\/portosma.com.br\/"},{"@type":"ListItem","position":2,"name":"Sistema VLI inicia embarques de safra de milho para exporta\u00e7\u00e3o"}]},{"@type":"WebSite","@id":"https:\/\/portosma.com.br\/#website","url":"https:\/\/portosma.com.br\/","name":"Portosma","description":"Um site de not\u00edcias","publisher":{"@id":"https:\/\/portosma.com.br\/#organization"},"potentialAction":[{"@type":"SearchAction","target":{"@type":"EntryPoint","urlTemplate":"https:\/\/portosma.com.br\/?s={search_term_string}"},"query-input":"required name=search_term_string"}],"inLanguage":"pt-BR"},{"@type":"Organization","@id":"https:\/\/portosma.com.br\/#organization","name":"Portosma","alternateName":"Portosma","url":"https:\/\/portosma.com.br\/","logo":{"@type":"ImageObject","inLanguage":"pt-BR","@id":"https:\/\/portosma.com.br\/#\/schema\/logo\/image\/","url":"https:\/\/portosma.com.br\/wp-content\/uploads\/2026\/03\/cropped-AD-PORTOSMA.jpg","contentUrl":"https:\/\/portosma.com.br\/wp-content\/uploads\/2026\/03\/cropped-AD-PORTOSMA.jpg","width":400,"height":115,"caption":"Portosma"},"image":{"@id":"https:\/\/portosma.com.br\/#\/schema\/logo\/image\/"}},{"@type":"Person","@id":"https:\/\/portosma.com.br\/#\/schema\/person\/fb92dfe283ab47293259c87c813d8623","name":"admin","sameAs":["https:\/\/portosma.com.br"],"url":"https:\/\/portosma.com.br\/index.php\/author\/portosma\/"}]}},"_links":{"self":[{"href":"https:\/\/portosma.com.br\/index.php\/wp-json\/wp\/v2\/posts\/8380","targetHints":{"allow":["GET"]}}],"collection":[{"href":"https:\/\/portosma.com.br\/index.php\/wp-json\/wp\/v2\/posts"}],"about":[{"href":"https:\/\/portosma.com.br\/index.php\/wp-json\/wp\/v2\/types\/post"}],"author":[{"embeddable":true,"href":"https:\/\/portosma.com.br\/index.php\/wp-json\/wp\/v2\/users\/1"}],"replies":[{"embeddable":true,"href":"https:\/\/portosma.com.br\/index.php\/wp-json\/wp\/v2\/comments?post=8380"}],"version-history":[{"count":3,"href":"https:\/\/portosma.com.br\/index.php\/wp-json\/wp\/v2\/posts\/8380\/revisions"}],"predecessor-version":[{"id":8385,"href":"https:\/\/portosma.com.br\/index.php\/wp-json\/wp\/v2\/posts\/8380\/revisions\/8385"}],"wp:featuredmedia":[{"embeddable":true,"href":"https:\/\/portosma.com.br\/index.php\/wp-json\/wp\/v2\/media\/8381"}],"wp:attachment":[{"href":"https:\/\/portosma.com.br\/index.php\/wp-json\/wp\/v2\/media?parent=8380"}],"wp:term":[{"taxonomy":"category","embeddable":true,"href":"https:\/\/portosma.com.br\/index.php\/wp-json\/wp\/v2\/categories?post=8380"},{"taxonomy":"post_tag","embeddable":true,"href":"https:\/\/portosma.com.br\/index.php\/wp-json\/wp\/v2\/tags?post=8380"}],"curies":[{"name":"wp","href":"https:\/\/api.w.org\/{rel}","templated":true}]}}