{"id":8138,"date":"2023-07-27T22:52:20","date_gmt":"2023-07-27T22:52:20","guid":{"rendered":"https:\/\/portosma.com.br\/?p=8138"},"modified":"2023-07-28T22:42:02","modified_gmt":"2023-07-28T22:42:02","slug":"os-200-anos-de-adesao-do-maranhao-a-independencia-do-brasil","status":"publish","type":"post","link":"https:\/\/portosma.com.br\/index.php\/2023\/07\/27\/os-200-anos-de-adesao-do-maranhao-a-independencia-do-brasil\/","title":{"rendered":"200 anos de ades\u00e3o do Maranh\u00e3o \u00e0 Independ\u00eancia do Brasil"},"content":{"rendered":"<p>O termo oficial de ades\u00e3o do Maranh\u00e3o \u00e0 independ\u00eancia do Brasil foi assinado no dia 28 de julho de 1823, na cidade de Caxias, distante 368 km da capital S\u00e3o Lu\u00eds. Naquela ocasi\u00e3o, quem assinou foi o escoc\u00eas Thomas Cochrane quem chefiou a esquadra de guerra da Marinha Brasileira. Como ele venceu a batalha, contra os portugueses fieis \u00e0 Coroa e contra o Imperador D. Pedro I, tanto na Guerra da Independ\u00eancia como na Confedera\u00e7\u00e3o do Equador, ele entrou para a hist\u00f3ria tamb\u00e9m como o primeiro marqu\u00eas do Maranh\u00e3o.<\/p>\n<p>A convite do Imp\u00e9rio do Brasil, atrav\u00e9s do Decreto Imperial de 21 de mar\u00e7o de 1823, Lord Cochrane assumiu a patente de Primeiro-almirante, caso \u00fanico na hist\u00f3ria do pa\u00eds em que uma patente foi concedida a um estrangeiro. Jos\u00e9 Bonif\u00e1cio de Andrada e Silva, ministro do Interior e Rela\u00e7\u00f5es Exteriores do Brasil, em carta datada de 13 de setembro de 1822, convidou-o &#8220;em nome do povo brasileiro&#8221; para entrar na Marinha \u00e0 servi\u00e7o do Brasil. Cochrane assumiu imediatamente o comando-em-chefe da Esquadra, embarcando na nau Pedro I. Tomou parte nas lutas da independ\u00eancia da Bahia e do Maranh\u00e3o em 1823 e recebeu de D. Pedro I o t\u00edtulo de Marqu\u00eas do Maranh\u00e3o em 25 de novembro daquele ano.<\/p>\n<p><img fetchpriority=\"high\" decoding=\"async\" class=\"alignnone wp-image-8140 size-full\" src=\"https:\/\/portosma.com.br\/wp-content\/uploads\/2023\/07\/ADESAO-1.jpg\" alt=\"\" width=\"900\" height=\"506\" srcset=\"https:\/\/portosma.com.br\/wp-content\/uploads\/2023\/07\/ADESAO-1.jpg 900w, https:\/\/portosma.com.br\/wp-content\/uploads\/2023\/07\/ADESAO-1-300x169.jpg 300w, https:\/\/portosma.com.br\/wp-content\/uploads\/2023\/07\/ADESAO-1-768x432.jpg 768w\" sizes=\"(max-width: 900px) 100vw, 900px\" \/><\/p>\n<p>Todo esse relato hist\u00f3rico foi o tema da riqu\u00edssima palestra proferida pelo professor, historiador e doutor em hist\u00f3ria pela Universidade Federal Fluminense e membro titular do Departamento de Hist\u00f3ria da Universidade Estadual do Maranh\u00e3o, professor Marcelo Cheche. O evento, fruto da parceria Marinha do Brasil, Capitania dos Portos do Maranh\u00e3o, Soamar do Maranh\u00e3o e Emap, faz parte de um conjunto de a\u00e7\u00f5es que a MB vem promovendo desde o ano de 2021, tendo como foco relembrar a hist\u00f3ria do Brasil. Como, por exemplo, suas etapas e conquistas que consolidaram os muitos processos de ades\u00e3o e consolida\u00e7\u00e3o \u00e0 Independ\u00eancia ao longo dos anos, remontando \u00e0 \u00e9poca do Brasil Colonial e Imperial. Antes, em 2021, o destaque ficou por conta das palestras \u201cO fim da Fran\u00e7a Equinocial e a Batalha de Guaxenduba. A exemplo dessa de agora, as demais tamb\u00e9m aconteceram na sede social da Soamar, no Jenipapeiro, em S\u00e3o Lu\u00eds, capital do Estado do Maranh\u00e3o.<\/p>\n<p>No caso do Maranh\u00e3o, o professor Marcelo Cheche explica \u201cque apenas no dia 28 de julho de 1823 o Maranh\u00e3o aderiu \u00e0 independ\u00eancia do Brasil, ocorrida no dia 7 de setembro do ano anterior. A resist\u00eancia da regi\u00e3o ocorreu por for\u00e7a das elites agr\u00edcolas e pecuaristas, fortemente conectadas \u00e0 metr\u00f3pole. Na \u00e9poca, o Maranh\u00e3o era uma das mais ricas \u00e1reas do Brasil. Produtos como algod\u00e3o e arroz eram plantados em grande escala e serviam de moeda de enriquecimento da Coroa\u201d. O termo oficial de ades\u00e3o do Maranh\u00e3o \u00e0 independ\u00eancia do pa\u00eds foi assinado no dia 28 de julho de 1823, na cidade de Caxias, distante 368 km da capital S\u00e3o Lu\u00eds. A solenidade foi na Igreja da Matriz, e o termo de reconhecimento assinado por Thomas Cochrane, como representante portugu\u00eas.<\/p>\n<p>Na \u00e9poca, o Maranh\u00e3o era governado por uma Junta Governativa que tinha como presidente Miguel Freire Bruce, o Bar\u00e3o de Itapecuru Mirim Jos\u00e9 Feliz Pereira de Burgos e os deputados Louren\u00e7o de Castro Belford e F\u00e1bio Gomes da Silva. O Maranh\u00e3o foi uma das capitanias criadas quando da divis\u00e3o do Brasil por D. Jo\u00e3o III, tendo como os primeiros capit\u00e3es-donat\u00e1rios Fernando \u00c1lvares de Andrade, Jo\u00e3o de Barros e Aires da Cunha. Muito antes, em 13 de junho de 1621, Filipe IV de Espanha, numa tentativa de tornar mais eficaz a defesa militar da regi\u00e3o contra os ataques de Neerlandeses, elevou-a \u00e0 condi\u00e7\u00e3o de Estado do Maranh\u00e3o, com administra\u00e7\u00e3o independente do Estado do Brasil, ao Sul, e ficando a compreender as capitanias do Maranh\u00e3o, do Par\u00e1, do Piau\u00ed e do Cear\u00e1. Entre 1652 e 1655, esteve dividido em duas capitanias, a de S\u00e3o Lu\u00eds e a do Gr\u00e3o-Par\u00e1, para logo depois ser reunificado.<\/p>\n<p>A forte postura do Maranh\u00e3o em aderir as ordens do Rio de Janeiro, leia-se, as ordens do Pr\u00edncipe Regente D. Pedro I, se dava por conta de o estado ser considerado muito rico e, por isso mesmo, tinha forte liga\u00e7\u00e3o com Portugal. O que explica a resist\u00eancia at\u00e9 o \u00faltimo momento para por um fim nessa liga\u00e7\u00e3o com a coroa. O professor Marcelo Cheche explicou tamb\u00e9m que \u201cnaquela\u201d \u00e9poca, a quase totalidade dos fazendeiros, pol\u00edticos e comerciantes eram portugueses\u201d. \u201cN\u00e3o havia brasileiros, concluiu. Somente depois de muita resist\u00eancia, o Estado cedeu as press\u00f5es e consolidou sua obedi\u00eancia ao Rio de Janeiro depois de intensas batalhas de mar e terra contra as for\u00e7as do Imperador. Essa &#8220;rendi\u00e7\u00e3o&#8221;, por assim dizer, s\u00f3 veio a acontecer no dia 28 de julho de 1823, h\u00e1 exatos 200 anos.<\/p>\n<p>A Lei Estadual 2.457, que trata esta data como feriado, \u00e9 de 1964, mas at\u00e9 2014, este era pouco conhecido e t\u00e3o pouco respeitado. A explica\u00e7\u00e3o \u00e9 a mesma de antes. A maioria dos comerciantes \u2013 e gestores p\u00fablicos &#8211; era formada por portugueses que, por lealdade a p\u00e1tria-m\u00e3e, n\u00e3o reconheciam o 28 de julho como uma lembran\u00e7a de um epis\u00f3dio hist\u00f3rico a ser comemorado. O motivo da resist\u00eancia maranhense \u00e0 \u00e9poca era por conta da elite que dominava o Estado. O grupo n\u00e3o aceitava as ordens vindas do Rio de Janeiro, capital do Brasil Imperial, por ter interesse em continuar com as rela\u00e7\u00f5es com Portugal por conta das situa\u00e7\u00f5es pol\u00edtica e econ\u00f4mica.<\/p>\n<p>Esse processo de \u201cacatar\u201d ordens vindas do Rio de Janeiro n\u00e3o foi prontamente aceito pelos estados do Norte. Tanto que, enquanto o Maranh\u00e3o assinou o acordo em 28 de julho, na Bahia foi 2 de julho e no Par\u00e1 somente no dia 15 de agosto. Essa diverg\u00eancia de datas, mostra, al\u00e9m do fato da comunica\u00e7\u00e3o da \u00e9poca ser bastante dif\u00edcil, e demorada, que cada Estado procurou ao m\u00e1ximo defender seus interesses econ\u00f4micos, passando desde a manuten\u00e7\u00e3o da escravid\u00e3o at\u00e9 as exporta\u00e7\u00f5es de gr\u00e3os como arroz, milho e algod\u00e3o.<\/p>\n<p><img decoding=\"async\" class=\"alignnone wp-image-8141 size-full\" src=\"https:\/\/portosma.com.br\/wp-content\/uploads\/2023\/07\/ADESAO-5.jpg\" alt=\"\" width=\"900\" height=\"448\" srcset=\"https:\/\/portosma.com.br\/wp-content\/uploads\/2023\/07\/ADESAO-5.jpg 900w, https:\/\/portosma.com.br\/wp-content\/uploads\/2023\/07\/ADESAO-5-300x149.jpg 300w, https:\/\/portosma.com.br\/wp-content\/uploads\/2023\/07\/ADESAO-5-768x382.jpg 768w\" sizes=\"(max-width: 900px) 100vw, 900px\" \/><\/p>\n<p>No final da palestra o professor Marcelo Cheche recebeu das m\u00e3os do Diretor do Centro de Ensino Profissional Mar\u00edtimo, Comandante Valterian Mendon\u00e7a, e do Diretor Cultural da Soamar, &nbsp;M\u00e1rcio Vaz dos Santos, um diploma de reconhecimento da Marinha do Brasil pela contribui\u00e7\u00e3o hist\u00f3rica ao evento.<\/p>\n<p><strong>Um resumo hist\u00f3rico da nossa Independ\u00eancia<\/strong><\/p>\n<p>Em 1737 \u2013 85 anos antes da Independ\u00eancia -, a sua designa\u00e7\u00e3o oficial passou a ser a de Estado do Gr\u00e3o-Par\u00e1 e Maranh\u00e3o. Em 1775, o Estado foi abolido, dividido nas capitanias do Maranh\u00e3o, Gr\u00e3o-Par\u00e1, Piau\u00ed e S\u00e3o Jos\u00e9 do Rio Negro, e estas integradas no Vice-Reino do Brasil. Tornaram-se prov\u00edncias do Brasil em 28 de fevereiro de 1821, e um Estado integrante, ap\u00f3s a proclama\u00e7\u00e3o do novo regime em 1889, dos Estados Unidos do Brasil (posteriormente Rep\u00fablica Federativa do Brasil).<\/p>\n<p>O Maranh\u00e3o foi um dos \u00faltimos estados do Brasil a aderir a independ\u00eancia do Brasil em rela\u00e7\u00e3o a Portugal. \u00c0 \u00e9poca, o Estado fazia parte de uma das artes mais ricas do pa\u00eds. Tinha um intenso tr\u00e1fego mar\u00edtimo com a Metr\u00f3pole, justificado pela maior proximidade com a Europa, tornava mais f\u00e1cil o ace\u00adso e as trocas de mercadorias com Lisboa do que com o Rio de Janeiro, por exemplo. Tanto que os filhos dos portugueses que residiam e mandavam no Maranh\u00e3o mandavam seus filhos estudarem na Europa e o principal destino era Portugal.<\/p>\n<p>A capital, S\u00e3o Lu\u00eds, era conservadora e avessa aos comandos vindos do Rio de Janeiro capital do Brasil Imperial, por ter interesse em continuar vinculado \u00e0 Lisboa por conta da situa\u00e7\u00e3o pol\u00edtica e econ\u00f4mica. Principalmente econ\u00f4mica. Por ser uma ilha, e com forte oposi\u00e7\u00e3o \u00e0 Pedro, por ser um reduto portugu\u00eas, foi bloqueada por mar e amea\u00e7ada de bombardeio pela Esquadra de Lord Cochrane, sendo a prov\u00edncia obrigada, literalmente, a aderir \u00e0 Independ\u00eancia em 28 de julho de 1823.<\/p>\n<p>A Independ\u00eancia do Brasil foi um processo que culminou com a emancipa\u00e7\u00e3o pol\u00edtica desse pa\u00eds do reino de Portugal, no in\u00edcio do s\u00e9culo XIX. Oficialmente, a data comemorada \u00e9 a de 7 de setembro de 1822, quando ocorreu o epis\u00f3dio do chamado \u201cGrito do Ipiranga\u201d. De acordo com a hist\u00f3ria oficial, nesta data, \u00e0s margens do riacho Ipiranga, o Pr\u00edncipe Regente D. Pedro I bradou perante a sua comitiva: Independ\u00eancia ou Morte!.<br \/>\n&nbsp;<img decoding=\"async\" class=\"alignnone wp-image-8143 size-full\" src=\"https:\/\/portosma.com.br\/wp-content\/uploads\/2023\/07\/ADESAO-3.jpg\" alt=\"\" width=\"900\" height=\"427\" srcset=\"https:\/\/portosma.com.br\/wp-content\/uploads\/2023\/07\/ADESAO-3.jpg 900w, https:\/\/portosma.com.br\/wp-content\/uploads\/2023\/07\/ADESAO-3-300x142.jpg 300w, https:\/\/portosma.com.br\/wp-content\/uploads\/2023\/07\/ADESAO-3-768x364.jpg 768w\" sizes=\"(max-width: 900px) 100vw, 900px\" \/><\/p>\n<p><img loading=\"lazy\" decoding=\"async\" class=\"alignnone wp-image-8142 size-full\" src=\"https:\/\/portosma.com.br\/wp-content\/uploads\/2023\/07\/ADESAO-2.jpg\" alt=\"\" width=\"900\" height=\"401\" srcset=\"https:\/\/portosma.com.br\/wp-content\/uploads\/2023\/07\/ADESAO-2.jpg 900w, https:\/\/portosma.com.br\/wp-content\/uploads\/2023\/07\/ADESAO-2-300x134.jpg 300w, https:\/\/portosma.com.br\/wp-content\/uploads\/2023\/07\/ADESAO-2-768x342.jpg 768w\" sizes=\"(max-width: 900px) 100vw, 900px\" \/><\/p>\n<p><img loading=\"lazy\" decoding=\"async\" class=\"alignnone wp-image-8144 size-full\" src=\"https:\/\/portosma.com.br\/wp-content\/uploads\/2023\/07\/ADESAO-4.jpg\" alt=\"\" width=\"900\" height=\"443\" srcset=\"https:\/\/portosma.com.br\/wp-content\/uploads\/2023\/07\/ADESAO-4.jpg 900w, https:\/\/portosma.com.br\/wp-content\/uploads\/2023\/07\/ADESAO-4-300x148.jpg 300w, https:\/\/portosma.com.br\/wp-content\/uploads\/2023\/07\/ADESAO-4-768x378.jpg 768w\" sizes=\"(max-width: 900px) 100vw, 900px\" \/><\/p>\n<p><img loading=\"lazy\" decoding=\"async\" class=\"alignnone wp-image-8146 size-full\" src=\"https:\/\/portosma.com.br\/wp-content\/uploads\/2023\/07\/ADESAO-6.jpg\" alt=\"\" width=\"900\" height=\"506\" srcset=\"https:\/\/portosma.com.br\/wp-content\/uploads\/2023\/07\/ADESAO-6.jpg 900w, https:\/\/portosma.com.br\/wp-content\/uploads\/2023\/07\/ADESAO-6-300x169.jpg 300w, https:\/\/portosma.com.br\/wp-content\/uploads\/2023\/07\/ADESAO-6-768x432.jpg 768w\" sizes=\"(max-width: 900px) 100vw, 900px\" \/><\/p>\n","protected":false},"excerpt":{"rendered":"<p>Professor Doutor Marcelo Creche, da UEMA, profere palestra na Soamar\/Capitania alusiva aos 200 anos da Ades\u00e3o do Maranh\u00e3o \u00e0 Independ\u00eancia.<\/p>\n","protected":false},"author":1,"featured_media":8139,"comment_status":"closed","ping_status":"open","sticky":false,"template":"","format":"standard","meta":{"_editorskit_title_hidden":false,"_editorskit_reading_time":0,"_editorskit_is_block_options_detached":false,"_editorskit_block_options_position":"{}","ngg_post_thumbnail":0,"footnotes":""},"categories":[1],"tags":[],"class_list":["post-8138","post","type-post","status-publish","format-standard","has-post-thumbnail","hentry","category-noticias"],"yoast_head":"<!-- This site is optimized with the Yoast SEO plugin v22.5 - https:\/\/yoast.com\/wordpress\/plugins\/seo\/ -->\n<title>200 anos de ades\u00e3o do Maranh\u00e3o \u00e0 Independ\u00eancia do Brasil - Portosma<\/title>\n<meta name=\"robots\" content=\"index, follow, max-snippet:-1, max-image-preview:large, max-video-preview:-1\" \/>\n<link rel=\"canonical\" href=\"https:\/\/portosma.com.br\/index.php\/2023\/07\/27\/os-200-anos-de-adesao-do-maranhao-a-independencia-do-brasil\/\" \/>\n<meta property=\"og:locale\" content=\"pt_BR\" \/>\n<meta property=\"og:type\" content=\"article\" \/>\n<meta property=\"og:title\" content=\"200 anos de ades\u00e3o do Maranh\u00e3o \u00e0 Independ\u00eancia do Brasil - Portosma\" \/>\n<meta property=\"og:description\" content=\"Professor Doutor Marcelo Creche, da UEMA, profere palestra na Soamar\/Capitania alusiva aos 200 anos da Ades\u00e3o do Maranh\u00e3o \u00e0 Independ\u00eancia.\" \/>\n<meta property=\"og:url\" content=\"https:\/\/portosma.com.br\/index.php\/2023\/07\/27\/os-200-anos-de-adesao-do-maranhao-a-independencia-do-brasil\/\" \/>\n<meta property=\"og:site_name\" content=\"Portosma\" \/>\n<meta property=\"article:published_time\" content=\"2023-07-27T22:52:20+00:00\" \/>\n<meta property=\"article:modified_time\" content=\"2023-07-28T22:42:02+00:00\" \/>\n<meta property=\"og:image\" content=\"https:\/\/portosma.com.br\/wp-content\/uploads\/2023\/07\/ADESAO-CAPA.jpg\" \/>\n\t<meta property=\"og:image:width\" content=\"1200\" \/>\n\t<meta property=\"og:image:height\" content=\"504\" \/>\n\t<meta property=\"og:image:type\" content=\"image\/jpeg\" \/>\n<meta name=\"author\" content=\"admin\" \/>\n<meta name=\"twitter:card\" content=\"summary_large_image\" \/>\n<meta name=\"twitter:label1\" content=\"Escrito por\" \/>\n\t<meta name=\"twitter:data1\" content=\"admin\" \/>\n\t<meta name=\"twitter:label2\" content=\"Est. tempo de leitura\" \/>\n\t<meta name=\"twitter:data2\" content=\"7 minutos\" \/>\n<script type=\"application\/ld+json\" class=\"yoast-schema-graph\">{\"@context\":\"https:\/\/schema.org\",\"@graph\":[{\"@type\":\"Article\",\"@id\":\"https:\/\/portosma.com.br\/index.php\/2023\/07\/27\/os-200-anos-de-adesao-do-maranhao-a-independencia-do-brasil\/#article\",\"isPartOf\":{\"@id\":\"https:\/\/portosma.com.br\/index.php\/2023\/07\/27\/os-200-anos-de-adesao-do-maranhao-a-independencia-do-brasil\/\"},\"author\":{\"name\":\"admin\",\"@id\":\"https:\/\/portosma.com.br\/#\/schema\/person\/fb92dfe283ab47293259c87c813d8623\"},\"headline\":\"200 anos de ades\u00e3o do Maranh\u00e3o \u00e0 Independ\u00eancia do Brasil\",\"datePublished\":\"2023-07-27T22:52:20+00:00\",\"dateModified\":\"2023-07-28T22:42:02+00:00\",\"mainEntityOfPage\":{\"@id\":\"https:\/\/portosma.com.br\/index.php\/2023\/07\/27\/os-200-anos-de-adesao-do-maranhao-a-independencia-do-brasil\/\"},\"wordCount\":1476,\"publisher\":{\"@id\":\"https:\/\/portosma.com.br\/#organization\"},\"image\":{\"@id\":\"https:\/\/portosma.com.br\/index.php\/2023\/07\/27\/os-200-anos-de-adesao-do-maranhao-a-independencia-do-brasil\/#primaryimage\"},\"thumbnailUrl\":\"https:\/\/portosma.com.br\/wp-content\/uploads\/2023\/07\/ADESAO-CAPA.jpg\",\"articleSection\":[\"Not\u00edcias\"],\"inLanguage\":\"pt-BR\"},{\"@type\":\"WebPage\",\"@id\":\"https:\/\/portosma.com.br\/index.php\/2023\/07\/27\/os-200-anos-de-adesao-do-maranhao-a-independencia-do-brasil\/\",\"url\":\"https:\/\/portosma.com.br\/index.php\/2023\/07\/27\/os-200-anos-de-adesao-do-maranhao-a-independencia-do-brasil\/\",\"name\":\"200 anos de ades\u00e3o do Maranh\u00e3o \u00e0 Independ\u00eancia do Brasil - Portosma\",\"isPartOf\":{\"@id\":\"https:\/\/portosma.com.br\/#website\"},\"primaryImageOfPage\":{\"@id\":\"https:\/\/portosma.com.br\/index.php\/2023\/07\/27\/os-200-anos-de-adesao-do-maranhao-a-independencia-do-brasil\/#primaryimage\"},\"image\":{\"@id\":\"https:\/\/portosma.com.br\/index.php\/2023\/07\/27\/os-200-anos-de-adesao-do-maranhao-a-independencia-do-brasil\/#primaryimage\"},\"thumbnailUrl\":\"https:\/\/portosma.com.br\/wp-content\/uploads\/2023\/07\/ADESAO-CAPA.jpg\",\"datePublished\":\"2023-07-27T22:52:20+00:00\",\"dateModified\":\"2023-07-28T22:42:02+00:00\",\"breadcrumb\":{\"@id\":\"https:\/\/portosma.com.br\/index.php\/2023\/07\/27\/os-200-anos-de-adesao-do-maranhao-a-independencia-do-brasil\/#breadcrumb\"},\"inLanguage\":\"pt-BR\",\"potentialAction\":[{\"@type\":\"ReadAction\",\"target\":[\"https:\/\/portosma.com.br\/index.php\/2023\/07\/27\/os-200-anos-de-adesao-do-maranhao-a-independencia-do-brasil\/\"]}]},{\"@type\":\"ImageObject\",\"inLanguage\":\"pt-BR\",\"@id\":\"https:\/\/portosma.com.br\/index.php\/2023\/07\/27\/os-200-anos-de-adesao-do-maranhao-a-independencia-do-brasil\/#primaryimage\",\"url\":\"https:\/\/portosma.com.br\/wp-content\/uploads\/2023\/07\/ADESAO-CAPA.jpg\",\"contentUrl\":\"https:\/\/portosma.com.br\/wp-content\/uploads\/2023\/07\/ADESAO-CAPA.jpg\",\"width\":1200,\"height\":504},{\"@type\":\"BreadcrumbList\",\"@id\":\"https:\/\/portosma.com.br\/index.php\/2023\/07\/27\/os-200-anos-de-adesao-do-maranhao-a-independencia-do-brasil\/#breadcrumb\",\"itemListElement\":[{\"@type\":\"ListItem\",\"position\":1,\"name\":\"In\u00edcio\",\"item\":\"https:\/\/portosma.com.br\/\"},{\"@type\":\"ListItem\",\"position\":2,\"name\":\"200 anos de ades\u00e3o do Maranh\u00e3o \u00e0 Independ\u00eancia do Brasil\"}]},{\"@type\":\"WebSite\",\"@id\":\"https:\/\/portosma.com.br\/#website\",\"url\":\"https:\/\/portosma.com.br\/\",\"name\":\"Portosma\",\"description\":\"Um site de not\u00edcias\",\"publisher\":{\"@id\":\"https:\/\/portosma.com.br\/#organization\"},\"potentialAction\":[{\"@type\":\"SearchAction\",\"target\":{\"@type\":\"EntryPoint\",\"urlTemplate\":\"https:\/\/portosma.com.br\/?s={search_term_string}\"},\"query-input\":\"required name=search_term_string\"}],\"inLanguage\":\"pt-BR\"},{\"@type\":\"Organization\",\"@id\":\"https:\/\/portosma.com.br\/#organization\",\"name\":\"Portosma\",\"alternateName\":\"Portosma\",\"url\":\"https:\/\/portosma.com.br\/\",\"logo\":{\"@type\":\"ImageObject\",\"inLanguage\":\"pt-BR\",\"@id\":\"https:\/\/portosma.com.br\/#\/schema\/logo\/image\/\",\"url\":\"https:\/\/portosma.com.br\/wp-content\/uploads\/2026\/03\/cropped-AD-PORTOSMA.jpg\",\"contentUrl\":\"https:\/\/portosma.com.br\/wp-content\/uploads\/2026\/03\/cropped-AD-PORTOSMA.jpg\",\"width\":400,\"height\":115,\"caption\":\"Portosma\"},\"image\":{\"@id\":\"https:\/\/portosma.com.br\/#\/schema\/logo\/image\/\"}},{\"@type\":\"Person\",\"@id\":\"https:\/\/portosma.com.br\/#\/schema\/person\/fb92dfe283ab47293259c87c813d8623\",\"name\":\"admin\",\"sameAs\":[\"https:\/\/portosma.com.br\"],\"url\":\"https:\/\/portosma.com.br\/index.php\/author\/portosma\/\"}]}<\/script>\n<!-- \/ Yoast SEO plugin. -->","yoast_head_json":{"title":"200 anos de ades\u00e3o do Maranh\u00e3o \u00e0 Independ\u00eancia do Brasil - Portosma","robots":{"index":"index","follow":"follow","max-snippet":"max-snippet:-1","max-image-preview":"max-image-preview:large","max-video-preview":"max-video-preview:-1"},"canonical":"https:\/\/portosma.com.br\/index.php\/2023\/07\/27\/os-200-anos-de-adesao-do-maranhao-a-independencia-do-brasil\/","og_locale":"pt_BR","og_type":"article","og_title":"200 anos de ades\u00e3o do Maranh\u00e3o \u00e0 Independ\u00eancia do Brasil - Portosma","og_description":"Professor Doutor Marcelo Creche, da UEMA, profere palestra na Soamar\/Capitania alusiva aos 200 anos da Ades\u00e3o do Maranh\u00e3o \u00e0 Independ\u00eancia.","og_url":"https:\/\/portosma.com.br\/index.php\/2023\/07\/27\/os-200-anos-de-adesao-do-maranhao-a-independencia-do-brasil\/","og_site_name":"Portosma","article_published_time":"2023-07-27T22:52:20+00:00","article_modified_time":"2023-07-28T22:42:02+00:00","og_image":[{"width":1200,"height":504,"url":"https:\/\/portosma.com.br\/wp-content\/uploads\/2023\/07\/ADESAO-CAPA.jpg","type":"image\/jpeg"}],"author":"admin","twitter_card":"summary_large_image","twitter_misc":{"Escrito por":"admin","Est. tempo de leitura":"7 minutos"},"schema":{"@context":"https:\/\/schema.org","@graph":[{"@type":"Article","@id":"https:\/\/portosma.com.br\/index.php\/2023\/07\/27\/os-200-anos-de-adesao-do-maranhao-a-independencia-do-brasil\/#article","isPartOf":{"@id":"https:\/\/portosma.com.br\/index.php\/2023\/07\/27\/os-200-anos-de-adesao-do-maranhao-a-independencia-do-brasil\/"},"author":{"name":"admin","@id":"https:\/\/portosma.com.br\/#\/schema\/person\/fb92dfe283ab47293259c87c813d8623"},"headline":"200 anos de ades\u00e3o do Maranh\u00e3o \u00e0 Independ\u00eancia do Brasil","datePublished":"2023-07-27T22:52:20+00:00","dateModified":"2023-07-28T22:42:02+00:00","mainEntityOfPage":{"@id":"https:\/\/portosma.com.br\/index.php\/2023\/07\/27\/os-200-anos-de-adesao-do-maranhao-a-independencia-do-brasil\/"},"wordCount":1476,"publisher":{"@id":"https:\/\/portosma.com.br\/#organization"},"image":{"@id":"https:\/\/portosma.com.br\/index.php\/2023\/07\/27\/os-200-anos-de-adesao-do-maranhao-a-independencia-do-brasil\/#primaryimage"},"thumbnailUrl":"https:\/\/portosma.com.br\/wp-content\/uploads\/2023\/07\/ADESAO-CAPA.jpg","articleSection":["Not\u00edcias"],"inLanguage":"pt-BR"},{"@type":"WebPage","@id":"https:\/\/portosma.com.br\/index.php\/2023\/07\/27\/os-200-anos-de-adesao-do-maranhao-a-independencia-do-brasil\/","url":"https:\/\/portosma.com.br\/index.php\/2023\/07\/27\/os-200-anos-de-adesao-do-maranhao-a-independencia-do-brasil\/","name":"200 anos de ades\u00e3o do Maranh\u00e3o \u00e0 Independ\u00eancia do Brasil - Portosma","isPartOf":{"@id":"https:\/\/portosma.com.br\/#website"},"primaryImageOfPage":{"@id":"https:\/\/portosma.com.br\/index.php\/2023\/07\/27\/os-200-anos-de-adesao-do-maranhao-a-independencia-do-brasil\/#primaryimage"},"image":{"@id":"https:\/\/portosma.com.br\/index.php\/2023\/07\/27\/os-200-anos-de-adesao-do-maranhao-a-independencia-do-brasil\/#primaryimage"},"thumbnailUrl":"https:\/\/portosma.com.br\/wp-content\/uploads\/2023\/07\/ADESAO-CAPA.jpg","datePublished":"2023-07-27T22:52:20+00:00","dateModified":"2023-07-28T22:42:02+00:00","breadcrumb":{"@id":"https:\/\/portosma.com.br\/index.php\/2023\/07\/27\/os-200-anos-de-adesao-do-maranhao-a-independencia-do-brasil\/#breadcrumb"},"inLanguage":"pt-BR","potentialAction":[{"@type":"ReadAction","target":["https:\/\/portosma.com.br\/index.php\/2023\/07\/27\/os-200-anos-de-adesao-do-maranhao-a-independencia-do-brasil\/"]}]},{"@type":"ImageObject","inLanguage":"pt-BR","@id":"https:\/\/portosma.com.br\/index.php\/2023\/07\/27\/os-200-anos-de-adesao-do-maranhao-a-independencia-do-brasil\/#primaryimage","url":"https:\/\/portosma.com.br\/wp-content\/uploads\/2023\/07\/ADESAO-CAPA.jpg","contentUrl":"https:\/\/portosma.com.br\/wp-content\/uploads\/2023\/07\/ADESAO-CAPA.jpg","width":1200,"height":504},{"@type":"BreadcrumbList","@id":"https:\/\/portosma.com.br\/index.php\/2023\/07\/27\/os-200-anos-de-adesao-do-maranhao-a-independencia-do-brasil\/#breadcrumb","itemListElement":[{"@type":"ListItem","position":1,"name":"In\u00edcio","item":"https:\/\/portosma.com.br\/"},{"@type":"ListItem","position":2,"name":"200 anos de ades\u00e3o do Maranh\u00e3o \u00e0 Independ\u00eancia do Brasil"}]},{"@type":"WebSite","@id":"https:\/\/portosma.com.br\/#website","url":"https:\/\/portosma.com.br\/","name":"Portosma","description":"Um site de not\u00edcias","publisher":{"@id":"https:\/\/portosma.com.br\/#organization"},"potentialAction":[{"@type":"SearchAction","target":{"@type":"EntryPoint","urlTemplate":"https:\/\/portosma.com.br\/?s={search_term_string}"},"query-input":"required name=search_term_string"}],"inLanguage":"pt-BR"},{"@type":"Organization","@id":"https:\/\/portosma.com.br\/#organization","name":"Portosma","alternateName":"Portosma","url":"https:\/\/portosma.com.br\/","logo":{"@type":"ImageObject","inLanguage":"pt-BR","@id":"https:\/\/portosma.com.br\/#\/schema\/logo\/image\/","url":"https:\/\/portosma.com.br\/wp-content\/uploads\/2026\/03\/cropped-AD-PORTOSMA.jpg","contentUrl":"https:\/\/portosma.com.br\/wp-content\/uploads\/2026\/03\/cropped-AD-PORTOSMA.jpg","width":400,"height":115,"caption":"Portosma"},"image":{"@id":"https:\/\/portosma.com.br\/#\/schema\/logo\/image\/"}},{"@type":"Person","@id":"https:\/\/portosma.com.br\/#\/schema\/person\/fb92dfe283ab47293259c87c813d8623","name":"admin","sameAs":["https:\/\/portosma.com.br"],"url":"https:\/\/portosma.com.br\/index.php\/author\/portosma\/"}]}},"_links":{"self":[{"href":"https:\/\/portosma.com.br\/index.php\/wp-json\/wp\/v2\/posts\/8138","targetHints":{"allow":["GET"]}}],"collection":[{"href":"https:\/\/portosma.com.br\/index.php\/wp-json\/wp\/v2\/posts"}],"about":[{"href":"https:\/\/portosma.com.br\/index.php\/wp-json\/wp\/v2\/types\/post"}],"author":[{"embeddable":true,"href":"https:\/\/portosma.com.br\/index.php\/wp-json\/wp\/v2\/users\/1"}],"replies":[{"embeddable":true,"href":"https:\/\/portosma.com.br\/index.php\/wp-json\/wp\/v2\/comments?post=8138"}],"version-history":[{"count":10,"href":"https:\/\/portosma.com.br\/index.php\/wp-json\/wp\/v2\/posts\/8138\/revisions"}],"predecessor-version":[{"id":8179,"href":"https:\/\/portosma.com.br\/index.php\/wp-json\/wp\/v2\/posts\/8138\/revisions\/8179"}],"wp:featuredmedia":[{"embeddable":true,"href":"https:\/\/portosma.com.br\/index.php\/wp-json\/wp\/v2\/media\/8139"}],"wp:attachment":[{"href":"https:\/\/portosma.com.br\/index.php\/wp-json\/wp\/v2\/media?parent=8138"}],"wp:term":[{"taxonomy":"category","embeddable":true,"href":"https:\/\/portosma.com.br\/index.php\/wp-json\/wp\/v2\/categories?post=8138"},{"taxonomy":"post_tag","embeddable":true,"href":"https:\/\/portosma.com.br\/index.php\/wp-json\/wp\/v2\/tags?post=8138"}],"curies":[{"name":"wp","href":"https:\/\/api.w.org\/{rel}","templated":true}]}}