{"id":8073,"date":"2023-07-23T12:54:38","date_gmt":"2023-07-23T12:54:38","guid":{"rendered":"https:\/\/portosma.com.br\/?p=8073"},"modified":"2023-07-23T12:54:38","modified_gmt":"2023-07-23T12:54:38","slug":"porto-do-itaqui-faz-convenio-com-fundacion-valenciaport","status":"publish","type":"post","link":"https:\/\/portosma.com.br\/index.php\/2023\/07\/23\/porto-do-itaqui-faz-convenio-com-fundacion-valenciaport\/","title":{"rendered":"Porto do Itaqui faz conv\u00eanio com Fundaci\u00f3n Valenciaport"},"content":{"rendered":"<p>O Porto do Itaqui formalizou, na \u00faltima semana, contrato para coopera\u00e7\u00e3o t\u00e9cnica com a Funda\u00e7\u00e3o Porto de Val\u00eancia (Fundaci\u00f3n Valenciaport), com o objetivo de elaborar o Plano de Descarboniza\u00e7\u00e3o do porto p\u00fablico do Maranh\u00e3o. A institui\u00e7\u00e3o \u00e9 refer\u00eancia global em programas de descarboniza\u00e7\u00e3o e o Porto de Val\u00eancia foi um dos primeiros no mundo a estabelecer a meta zero para emiss\u00e3o de gases de efeito estufa at\u00e9 2030.<\/p>\n<p>\u201cEssa parceria \u00e9 estrat\u00e9gica para promover os avan\u00e7os necess\u00e1rios de melhoria cont\u00ednua na gest\u00e3o do meio ambiente do Itaqui, que j\u00e1 \u00e9 reconhecida pela ISO 14001:2015. Vamos agora, junto com a Fundaci\u00f3n Valenciaport, mapear nossas emiss\u00f5es, tra\u00e7ar metas de descarboniza\u00e7\u00e3o e determinar as a\u00e7\u00f5es priorit\u00e1rias necess\u00e1rias para atingir esses objetivos\u201d, afirma o presidente do Porto do Itaqui, Gilberto Lins.<\/p>\n<p>De acordo com o contrato, o trabalho conjunto come\u00e7ar\u00e1 com um mapeamento inicial das emiss\u00f5es de gases de efeito estufa, abrangendo caminh\u00f5es e ve\u00edculos que circulam na poligonal do porto, navios e todos os equipamentos portu\u00e1rios. Com base nesse estudo ser\u00e1 elaborado o plano de descarboniza\u00e7\u00e3o, instrumento que vai orientar a\u00e7\u00f5es e investimentos com base em um direcionamento mais preciso, objetivo e estrat\u00e9gico.<\/p>\n<p>A EMAP \u2013 Empresa Maranhense de Administra\u00e7\u00e3o Portu\u00e1ria \u2013, respons\u00e1vel pela gest\u00e3o do Porto do Itaqui, realiza, desde 2020, o seu Invent\u00e1rio de Emiss\u00e3o de Gases de Efeito Estufa. A empresa possui um Programa de Mudan\u00e7as Clim\u00e1ticas que inventariou as emiss\u00f5es de gases visando a sua redu\u00e7\u00e3o ou elimina\u00e7\u00e3o. Foram adotadas algumas a\u00e7\u00f5es, como substitui\u00e7\u00e3o do combust\u00edvel dos nossos ve\u00edculos para etanol e os res\u00edduos s\u00e3o destinados a locais de reciclagem, evitando aterros ou incinera\u00e7\u00e3o \u2013 que emitem mais gases.<\/p>\n<p>\u201cQueremos ir al\u00e9m, mas isso exige substituir m\u00e1quinas, adquirir ve\u00edculos el\u00e9tricos e substituir a matriz energ\u00e9tica por outra mais limpa. Tudo isso ser\u00e1 mapeado no Plano de Descarboniza\u00e7\u00e3o\u201d, explica a gerente de Meio Ambiente da EMAP, Luane Lemos.<\/p>\n<p><span style=\"color: #000000;\"><strong>Vantagens da descarboniza\u00e7\u00e3o<\/strong> <\/span>&#8211;&nbsp;O Porto do Itaqui \u00e9 um dos primeiros portos p\u00fablicos do Brasil que possuem um programa de descarboniza\u00e7\u00e3o, visando a mitiga\u00e7\u00e3o de emiss\u00e3o de gases de efeito estufa. A import\u00e2ncia para o setor portu\u00e1rio vai desde a gera\u00e7\u00e3o de cr\u00e9ditos de carbono at\u00e9 eventual prepara\u00e7\u00e3o de infraestrutura e opera\u00e7\u00f5es para responder \u00e0s mudan\u00e7as do clima.<\/p>\n<p>Com estimativa de investimento de R$ 1,8 milh\u00e3o, o conv\u00eanio com a Fundaci\u00f3n ValenciaPort visa, com a redu\u00e7\u00e3o das emiss\u00f5es de gases do efeito estufa, integrar o esfor\u00e7o global para evitar que a temperatura do planeta aumente mais de 2 graus Celsius at\u00e9 o final deste s\u00e9culo. Esse aumento de temperatura pode acarretar uma s\u00e9rie de altera\u00e7\u00f5es, como vendavais, inunda\u00e7\u00f5es, aumento do n\u00edvel dos oceanos, desertifica\u00e7\u00e3o e redu\u00e7\u00e3o da biodiversidade.<\/p>\n<p>Na qualidade de signat\u00e1rio do Pacto Global da ONU \u2013 Organiza\u00e7\u00e3o das Na\u00e7\u00f5es Unidas \u2013 o Porto do Itaqui est\u00e1 fazendo a sua parte para cumprir o ODS 13 (referente \u00e0 mudan\u00e7a clim\u00e1tica) \u2013 um dos 17 Objetivos de Desenvolvimento Sustent\u00e1vel estabelecidos pela Assembleia Geral das Na\u00e7\u00f5es Unidas em 2015.<\/p>\n<p>&nbsp;<\/p>\n<p><span style=\"color: #808080;\"><em><strong>Fonte: EMAP<\/strong><\/em><\/span><\/p>\n","protected":false},"excerpt":{"rendered":"<p>Parceria com institui\u00e7\u00e3o de refer\u00eancia global em redu\u00e7\u00e3o de emiss\u00f5es de gases do efeito estufa visa elaborar Plano de Descarboniza\u00e7\u00e3o do porto.<\/p>\n","protected":false},"author":1,"featured_media":8074,"comment_status":"closed","ping_status":"open","sticky":false,"template":"","format":"standard","meta":{"_editorskit_title_hidden":false,"_editorskit_reading_time":0,"_editorskit_is_block_options_detached":false,"_editorskit_block_options_position":"{}","ngg_post_thumbnail":0,"footnotes":""},"categories":[1],"tags":[],"class_list":["post-8073","post","type-post","status-publish","format-standard","has-post-thumbnail","hentry","category-noticias"],"yoast_head":"<!-- This site is optimized with the Yoast SEO plugin v22.5 - https:\/\/yoast.com\/wordpress\/plugins\/seo\/ -->\n<title>Porto do Itaqui faz conv\u00eanio com Fundaci\u00f3n Valenciaport - Portosma<\/title>\n<meta name=\"robots\" content=\"index, follow, max-snippet:-1, max-image-preview:large, max-video-preview:-1\" \/>\n<link rel=\"canonical\" href=\"https:\/\/portosma.com.br\/index.php\/2023\/07\/23\/porto-do-itaqui-faz-convenio-com-fundacion-valenciaport\/\" \/>\n<meta property=\"og:locale\" content=\"pt_BR\" \/>\n<meta property=\"og:type\" content=\"article\" \/>\n<meta property=\"og:title\" content=\"Porto do Itaqui faz conv\u00eanio com Fundaci\u00f3n Valenciaport - Portosma\" \/>\n<meta property=\"og:description\" content=\"Parceria com institui\u00e7\u00e3o de refer\u00eancia global em redu\u00e7\u00e3o de emiss\u00f5es de gases do efeito estufa visa elaborar Plano de Descarboniza\u00e7\u00e3o do porto.\" \/>\n<meta property=\"og:url\" content=\"https:\/\/portosma.com.br\/index.php\/2023\/07\/23\/porto-do-itaqui-faz-convenio-com-fundacion-valenciaport\/\" \/>\n<meta property=\"og:site_name\" content=\"Portosma\" \/>\n<meta property=\"article:published_time\" content=\"2023-07-23T12:54:38+00:00\" \/>\n<meta property=\"og:image\" content=\"https:\/\/portosma.com.br\/wp-content\/uploads\/2023\/07\/CARBONO.jpg\" \/>\n\t<meta property=\"og:image:width\" content=\"1200\" \/>\n\t<meta property=\"og:image:height\" content=\"500\" \/>\n\t<meta property=\"og:image:type\" content=\"image\/jpeg\" \/>\n<meta name=\"author\" content=\"admin\" \/>\n<meta name=\"twitter:card\" content=\"summary_large_image\" \/>\n<meta name=\"twitter:label1\" content=\"Escrito por\" \/>\n\t<meta name=\"twitter:data1\" content=\"admin\" \/>\n\t<meta name=\"twitter:label2\" content=\"Est. tempo de leitura\" \/>\n\t<meta name=\"twitter:data2\" content=\"3 minutos\" \/>\n<script type=\"application\/ld+json\" class=\"yoast-schema-graph\">{\"@context\":\"https:\/\/schema.org\",\"@graph\":[{\"@type\":\"Article\",\"@id\":\"https:\/\/portosma.com.br\/index.php\/2023\/07\/23\/porto-do-itaqui-faz-convenio-com-fundacion-valenciaport\/#article\",\"isPartOf\":{\"@id\":\"https:\/\/portosma.com.br\/index.php\/2023\/07\/23\/porto-do-itaqui-faz-convenio-com-fundacion-valenciaport\/\"},\"author\":{\"name\":\"admin\",\"@id\":\"https:\/\/portosma.com.br\/#\/schema\/person\/fb92dfe283ab47293259c87c813d8623\"},\"headline\":\"Porto do Itaqui faz conv\u00eanio com Fundaci\u00f3n Valenciaport\",\"datePublished\":\"2023-07-23T12:54:38+00:00\",\"dateModified\":\"2023-07-23T12:54:38+00:00\",\"mainEntityOfPage\":{\"@id\":\"https:\/\/portosma.com.br\/index.php\/2023\/07\/23\/porto-do-itaqui-faz-convenio-com-fundacion-valenciaport\/\"},\"wordCount\":571,\"publisher\":{\"@id\":\"https:\/\/portosma.com.br\/#organization\"},\"image\":{\"@id\":\"https:\/\/portosma.com.br\/index.php\/2023\/07\/23\/porto-do-itaqui-faz-convenio-com-fundacion-valenciaport\/#primaryimage\"},\"thumbnailUrl\":\"https:\/\/portosma.com.br\/wp-content\/uploads\/2023\/07\/CARBONO.jpg\",\"articleSection\":[\"Not\u00edcias\"],\"inLanguage\":\"pt-BR\"},{\"@type\":\"WebPage\",\"@id\":\"https:\/\/portosma.com.br\/index.php\/2023\/07\/23\/porto-do-itaqui-faz-convenio-com-fundacion-valenciaport\/\",\"url\":\"https:\/\/portosma.com.br\/index.php\/2023\/07\/23\/porto-do-itaqui-faz-convenio-com-fundacion-valenciaport\/\",\"name\":\"Porto do Itaqui faz conv\u00eanio com Fundaci\u00f3n Valenciaport - Portosma\",\"isPartOf\":{\"@id\":\"https:\/\/portosma.com.br\/#website\"},\"primaryImageOfPage\":{\"@id\":\"https:\/\/portosma.com.br\/index.php\/2023\/07\/23\/porto-do-itaqui-faz-convenio-com-fundacion-valenciaport\/#primaryimage\"},\"image\":{\"@id\":\"https:\/\/portosma.com.br\/index.php\/2023\/07\/23\/porto-do-itaqui-faz-convenio-com-fundacion-valenciaport\/#primaryimage\"},\"thumbnailUrl\":\"https:\/\/portosma.com.br\/wp-content\/uploads\/2023\/07\/CARBONO.jpg\",\"datePublished\":\"2023-07-23T12:54:38+00:00\",\"dateModified\":\"2023-07-23T12:54:38+00:00\",\"breadcrumb\":{\"@id\":\"https:\/\/portosma.com.br\/index.php\/2023\/07\/23\/porto-do-itaqui-faz-convenio-com-fundacion-valenciaport\/#breadcrumb\"},\"inLanguage\":\"pt-BR\",\"potentialAction\":[{\"@type\":\"ReadAction\",\"target\":[\"https:\/\/portosma.com.br\/index.php\/2023\/07\/23\/porto-do-itaqui-faz-convenio-com-fundacion-valenciaport\/\"]}]},{\"@type\":\"ImageObject\",\"inLanguage\":\"pt-BR\",\"@id\":\"https:\/\/portosma.com.br\/index.php\/2023\/07\/23\/porto-do-itaqui-faz-convenio-com-fundacion-valenciaport\/#primaryimage\",\"url\":\"https:\/\/portosma.com.br\/wp-content\/uploads\/2023\/07\/CARBONO.jpg\",\"contentUrl\":\"https:\/\/portosma.com.br\/wp-content\/uploads\/2023\/07\/CARBONO.jpg\",\"width\":1200,\"height\":500},{\"@type\":\"BreadcrumbList\",\"@id\":\"https:\/\/portosma.com.br\/index.php\/2023\/07\/23\/porto-do-itaqui-faz-convenio-com-fundacion-valenciaport\/#breadcrumb\",\"itemListElement\":[{\"@type\":\"ListItem\",\"position\":1,\"name\":\"In\u00edcio\",\"item\":\"https:\/\/portosma.com.br\/\"},{\"@type\":\"ListItem\",\"position\":2,\"name\":\"Porto do Itaqui faz conv\u00eanio com Fundaci\u00f3n Valenciaport\"}]},{\"@type\":\"WebSite\",\"@id\":\"https:\/\/portosma.com.br\/#website\",\"url\":\"https:\/\/portosma.com.br\/\",\"name\":\"Portosma\",\"description\":\"Um site de not\u00edcias\",\"publisher\":{\"@id\":\"https:\/\/portosma.com.br\/#organization\"},\"potentialAction\":[{\"@type\":\"SearchAction\",\"target\":{\"@type\":\"EntryPoint\",\"urlTemplate\":\"https:\/\/portosma.com.br\/?s={search_term_string}\"},\"query-input\":\"required name=search_term_string\"}],\"inLanguage\":\"pt-BR\"},{\"@type\":\"Organization\",\"@id\":\"https:\/\/portosma.com.br\/#organization\",\"name\":\"Portosma\",\"alternateName\":\"Portosma\",\"url\":\"https:\/\/portosma.com.br\/\",\"logo\":{\"@type\":\"ImageObject\",\"inLanguage\":\"pt-BR\",\"@id\":\"https:\/\/portosma.com.br\/#\/schema\/logo\/image\/\",\"url\":\"https:\/\/portosma.com.br\/wp-content\/uploads\/2026\/03\/cropped-AD-PORTOSMA.jpg\",\"contentUrl\":\"https:\/\/portosma.com.br\/wp-content\/uploads\/2026\/03\/cropped-AD-PORTOSMA.jpg\",\"width\":400,\"height\":115,\"caption\":\"Portosma\"},\"image\":{\"@id\":\"https:\/\/portosma.com.br\/#\/schema\/logo\/image\/\"}},{\"@type\":\"Person\",\"@id\":\"https:\/\/portosma.com.br\/#\/schema\/person\/fb92dfe283ab47293259c87c813d8623\",\"name\":\"admin\",\"sameAs\":[\"https:\/\/portosma.com.br\"],\"url\":\"https:\/\/portosma.com.br\/index.php\/author\/portosma\/\"}]}<\/script>\n<!-- \/ Yoast SEO plugin. -->","yoast_head_json":{"title":"Porto do Itaqui faz conv\u00eanio com Fundaci\u00f3n Valenciaport - Portosma","robots":{"index":"index","follow":"follow","max-snippet":"max-snippet:-1","max-image-preview":"max-image-preview:large","max-video-preview":"max-video-preview:-1"},"canonical":"https:\/\/portosma.com.br\/index.php\/2023\/07\/23\/porto-do-itaqui-faz-convenio-com-fundacion-valenciaport\/","og_locale":"pt_BR","og_type":"article","og_title":"Porto do Itaqui faz conv\u00eanio com Fundaci\u00f3n Valenciaport - Portosma","og_description":"Parceria com institui\u00e7\u00e3o de refer\u00eancia global em redu\u00e7\u00e3o de emiss\u00f5es de gases do efeito estufa visa elaborar Plano de Descarboniza\u00e7\u00e3o do porto.","og_url":"https:\/\/portosma.com.br\/index.php\/2023\/07\/23\/porto-do-itaqui-faz-convenio-com-fundacion-valenciaport\/","og_site_name":"Portosma","article_published_time":"2023-07-23T12:54:38+00:00","og_image":[{"width":1200,"height":500,"url":"https:\/\/portosma.com.br\/wp-content\/uploads\/2023\/07\/CARBONO.jpg","type":"image\/jpeg"}],"author":"admin","twitter_card":"summary_large_image","twitter_misc":{"Escrito por":"admin","Est. tempo de leitura":"3 minutos"},"schema":{"@context":"https:\/\/schema.org","@graph":[{"@type":"Article","@id":"https:\/\/portosma.com.br\/index.php\/2023\/07\/23\/porto-do-itaqui-faz-convenio-com-fundacion-valenciaport\/#article","isPartOf":{"@id":"https:\/\/portosma.com.br\/index.php\/2023\/07\/23\/porto-do-itaqui-faz-convenio-com-fundacion-valenciaport\/"},"author":{"name":"admin","@id":"https:\/\/portosma.com.br\/#\/schema\/person\/fb92dfe283ab47293259c87c813d8623"},"headline":"Porto do Itaqui faz conv\u00eanio com Fundaci\u00f3n Valenciaport","datePublished":"2023-07-23T12:54:38+00:00","dateModified":"2023-07-23T12:54:38+00:00","mainEntityOfPage":{"@id":"https:\/\/portosma.com.br\/index.php\/2023\/07\/23\/porto-do-itaqui-faz-convenio-com-fundacion-valenciaport\/"},"wordCount":571,"publisher":{"@id":"https:\/\/portosma.com.br\/#organization"},"image":{"@id":"https:\/\/portosma.com.br\/index.php\/2023\/07\/23\/porto-do-itaqui-faz-convenio-com-fundacion-valenciaport\/#primaryimage"},"thumbnailUrl":"https:\/\/portosma.com.br\/wp-content\/uploads\/2023\/07\/CARBONO.jpg","articleSection":["Not\u00edcias"],"inLanguage":"pt-BR"},{"@type":"WebPage","@id":"https:\/\/portosma.com.br\/index.php\/2023\/07\/23\/porto-do-itaqui-faz-convenio-com-fundacion-valenciaport\/","url":"https:\/\/portosma.com.br\/index.php\/2023\/07\/23\/porto-do-itaqui-faz-convenio-com-fundacion-valenciaport\/","name":"Porto do Itaqui faz conv\u00eanio com Fundaci\u00f3n Valenciaport - Portosma","isPartOf":{"@id":"https:\/\/portosma.com.br\/#website"},"primaryImageOfPage":{"@id":"https:\/\/portosma.com.br\/index.php\/2023\/07\/23\/porto-do-itaqui-faz-convenio-com-fundacion-valenciaport\/#primaryimage"},"image":{"@id":"https:\/\/portosma.com.br\/index.php\/2023\/07\/23\/porto-do-itaqui-faz-convenio-com-fundacion-valenciaport\/#primaryimage"},"thumbnailUrl":"https:\/\/portosma.com.br\/wp-content\/uploads\/2023\/07\/CARBONO.jpg","datePublished":"2023-07-23T12:54:38+00:00","dateModified":"2023-07-23T12:54:38+00:00","breadcrumb":{"@id":"https:\/\/portosma.com.br\/index.php\/2023\/07\/23\/porto-do-itaqui-faz-convenio-com-fundacion-valenciaport\/#breadcrumb"},"inLanguage":"pt-BR","potentialAction":[{"@type":"ReadAction","target":["https:\/\/portosma.com.br\/index.php\/2023\/07\/23\/porto-do-itaqui-faz-convenio-com-fundacion-valenciaport\/"]}]},{"@type":"ImageObject","inLanguage":"pt-BR","@id":"https:\/\/portosma.com.br\/index.php\/2023\/07\/23\/porto-do-itaqui-faz-convenio-com-fundacion-valenciaport\/#primaryimage","url":"https:\/\/portosma.com.br\/wp-content\/uploads\/2023\/07\/CARBONO.jpg","contentUrl":"https:\/\/portosma.com.br\/wp-content\/uploads\/2023\/07\/CARBONO.jpg","width":1200,"height":500},{"@type":"BreadcrumbList","@id":"https:\/\/portosma.com.br\/index.php\/2023\/07\/23\/porto-do-itaqui-faz-convenio-com-fundacion-valenciaport\/#breadcrumb","itemListElement":[{"@type":"ListItem","position":1,"name":"In\u00edcio","item":"https:\/\/portosma.com.br\/"},{"@type":"ListItem","position":2,"name":"Porto do Itaqui faz conv\u00eanio com Fundaci\u00f3n Valenciaport"}]},{"@type":"WebSite","@id":"https:\/\/portosma.com.br\/#website","url":"https:\/\/portosma.com.br\/","name":"Portosma","description":"Um site de not\u00edcias","publisher":{"@id":"https:\/\/portosma.com.br\/#organization"},"potentialAction":[{"@type":"SearchAction","target":{"@type":"EntryPoint","urlTemplate":"https:\/\/portosma.com.br\/?s={search_term_string}"},"query-input":"required name=search_term_string"}],"inLanguage":"pt-BR"},{"@type":"Organization","@id":"https:\/\/portosma.com.br\/#organization","name":"Portosma","alternateName":"Portosma","url":"https:\/\/portosma.com.br\/","logo":{"@type":"ImageObject","inLanguage":"pt-BR","@id":"https:\/\/portosma.com.br\/#\/schema\/logo\/image\/","url":"https:\/\/portosma.com.br\/wp-content\/uploads\/2026\/03\/cropped-AD-PORTOSMA.jpg","contentUrl":"https:\/\/portosma.com.br\/wp-content\/uploads\/2026\/03\/cropped-AD-PORTOSMA.jpg","width":400,"height":115,"caption":"Portosma"},"image":{"@id":"https:\/\/portosma.com.br\/#\/schema\/logo\/image\/"}},{"@type":"Person","@id":"https:\/\/portosma.com.br\/#\/schema\/person\/fb92dfe283ab47293259c87c813d8623","name":"admin","sameAs":["https:\/\/portosma.com.br"],"url":"https:\/\/portosma.com.br\/index.php\/author\/portosma\/"}]}},"_links":{"self":[{"href":"https:\/\/portosma.com.br\/index.php\/wp-json\/wp\/v2\/posts\/8073","targetHints":{"allow":["GET"]}}],"collection":[{"href":"https:\/\/portosma.com.br\/index.php\/wp-json\/wp\/v2\/posts"}],"about":[{"href":"https:\/\/portosma.com.br\/index.php\/wp-json\/wp\/v2\/types\/post"}],"author":[{"embeddable":true,"href":"https:\/\/portosma.com.br\/index.php\/wp-json\/wp\/v2\/users\/1"}],"replies":[{"embeddable":true,"href":"https:\/\/portosma.com.br\/index.php\/wp-json\/wp\/v2\/comments?post=8073"}],"version-history":[{"count":1,"href":"https:\/\/portosma.com.br\/index.php\/wp-json\/wp\/v2\/posts\/8073\/revisions"}],"predecessor-version":[{"id":8075,"href":"https:\/\/portosma.com.br\/index.php\/wp-json\/wp\/v2\/posts\/8073\/revisions\/8075"}],"wp:featuredmedia":[{"embeddable":true,"href":"https:\/\/portosma.com.br\/index.php\/wp-json\/wp\/v2\/media\/8074"}],"wp:attachment":[{"href":"https:\/\/portosma.com.br\/index.php\/wp-json\/wp\/v2\/media?parent=8073"}],"wp:term":[{"taxonomy":"category","embeddable":true,"href":"https:\/\/portosma.com.br\/index.php\/wp-json\/wp\/v2\/categories?post=8073"},{"taxonomy":"post_tag","embeddable":true,"href":"https:\/\/portosma.com.br\/index.php\/wp-json\/wp\/v2\/tags?post=8073"}],"curies":[{"name":"wp","href":"https:\/\/api.w.org\/{rel}","templated":true}]}}