{"id":8026,"date":"2023-07-21T00:05:42","date_gmt":"2023-07-21T00:05:42","guid":{"rendered":"https:\/\/portosma.com.br\/?p=8026"},"modified":"2023-07-21T00:30:33","modified_gmt":"2023-07-21T00:30:33","slug":"governador-do-piaui-rafael-fonteles-conhece-as-expertise-do-itaqui","status":"publish","type":"post","link":"https:\/\/portosma.com.br\/index.php\/2023\/07\/21\/governador-do-piaui-rafael-fonteles-conhece-as-expertise-do-itaqui\/","title":{"rendered":"Governador do Piau\u00ed, R. Fonteles, conhece as expertise do Itaqui"},"content":{"rendered":"<p>Com mais de 50 anos de expertise em importa\u00e7\u00f5es, exporta\u00e7\u00f5es e constantes investimentos do Governo do Maranh\u00e3o, o Porto do Itaqui \u00e9 um dos portos p\u00fablicos mais competitivos do mercado internacional, por causa das suas condi\u00e7\u00f5es naturais favor\u00e1veis \u00e0 atra\u00e7\u00e3o de navios de grande porte, sua proximidade com os principais mercados e a infraestrutura moderna. Nesta quinta-feira (20), o governador Carlos Brand\u00e3o recebeu o governador do Piau\u00ed, Rafael Fonteles, que veio conhecer Complexo Portu\u00e1rio do Maranh\u00e3o.<\/p>\n<p>O governador do Piau\u00ed, Rafael Fonteles, conheceu a opera\u00e7\u00e3o do Porto do Itaqui e de Ponta da Madeira, terminal privativo administrado pela Vale, e tamb\u00e9m o potencial de armazenagem de gr\u00e3os da COPI &#8211; Companhia Operadora Portu\u00e1ria do Porto do Itaqui , onde foi recebido pelo seu diretor Clawiston Mantovani. O objetivo da visita t\u00e9cnica foi conhecer a experi\u00eancia do Maranh\u00e3o, refer\u00eancia em todo o Brasil, para estabelecer como modelo um novo porto em Lu\u00eds Correia, munic\u00edpio do norte piauiense. Durante a visita t\u00e9cnica o governador Carlos Brand\u00e3o destacou a import\u00e2ncia da vinda do governador piauiense ao Maranh\u00e3o. \u201cRafael Fonteles veio conhecer a expertise do nosso estado nas opera\u00e7\u00f5es portu\u00e1rias de exporta\u00e7\u00e3o e importa\u00e7\u00e3o. Com isso, n\u00f3s pudemos apresentar as potencialidades do Porto do Itaqui, os avan\u00e7os que tivemos, al\u00e9m dos investimentos e inova\u00e7\u00f5es programadas para expandir ainda mais as nossas atividades. Digo sem d\u00favidas que o Itaqui \u00e9, hoje, o melhor porto p\u00fablico do Brasil\u201d, ressaltou.<\/p>\n<p><img fetchpriority=\"high\" decoding=\"async\" class=\"alignnone wp-image-8030 size-full\" src=\"https:\/\/portosma.com.br\/wp-content\/uploads\/2023\/07\/PIAUI-3.jpg\" alt=\"\" width=\"900\" height=\"376\" srcset=\"https:\/\/portosma.com.br\/wp-content\/uploads\/2023\/07\/PIAUI-3.jpg 900w, https:\/\/portosma.com.br\/wp-content\/uploads\/2023\/07\/PIAUI-3-300x125.jpg 300w, https:\/\/portosma.com.br\/wp-content\/uploads\/2023\/07\/PIAUI-3-768x321.jpg 768w\" sizes=\"(max-width: 900px) 100vw, 900px\" \/><\/p>\n<p>Rafael Fonteles ressaltou que o Piau\u00ed e o Maranh\u00e3o s\u00e3o estados-irm\u00e3os, por isso, \u00e9 fundamental conhecer o que est\u00e1 sendo feito no Porto do Itaqui. \u201cPudemos conhecer os terminais, os ber\u00e7os de atraca\u00e7\u00e3o, tanto no Itaqui quanto no porto privado da Ponta da Madeira. Conhecendo os modelos de opera\u00e7\u00e3o n\u00f3s pudemos entender como foi o desenvolvimento deste projeto portu\u00e1rio gigantesco que tem o Maranh\u00e3o e que gera tanto emprego, renda e desenvolvimento econ\u00f4mico\u201d, afirmou.<\/p>\n<p>O presidente da Empresa Maranhense de Administra\u00e7\u00e3o Portu\u00e1ria (Emap), que administra o Porto do Itaqui, Gilberto Lins, falou da import\u00e2ncia da uni\u00e3o dos dois estados. \u201cHoje, 90% de toda a soja produzida no Piau\u00ed \u00e9 exportada por meio do Porto do Itaqui. Ent\u00e3o, \u00e9 muito importante a uni\u00e3o e a parceria entre os dois estados. Essa visita t\u00e9cnica serve tamb\u00e9m para trocar experi\u00eancias e refor\u00e7ar essa parceria j\u00e1 existente, pois com isso podemos desenvolver ainda mais a Regi\u00e3o Nordeste e o Arco Norte do Brasil\u201d, informou.<\/p>\n<p><span style=\"color: #000000;\"><strong>Visita t\u00e9cnica<\/strong><\/span> &#8211;&nbsp;A visita t\u00e9cnica teve in\u00edcio no ber\u00e7o 99, preferencialmente dedicado \u00e0 celulose. Em seguida, a comitiva seguiu para a Suzano, que exporta a celulose produzida em Imperatriz por meio do Porto do Itaqui para mercados como os Estados Unidos e Europa. A parada seguinte foi o ber\u00e7o 103 no qual os dois governadores puderam embarcar no navio graneleiro Panam\u00e1, que est\u00e1 atracado no local.<\/p>\n<p>A embarca\u00e7\u00e3o transporta para o mercado chin\u00eas at\u00e9 60 mil toneladas de soja produzidas em estados como o Maranh\u00e3o e o Piau\u00ed. Esta opera\u00e7\u00e3o \u00e9 feita por meio do Terminal de Gr\u00e3os do Maranh\u00e3o (Tegram). Somente em junho deste ano, mais de 2 milh\u00f5es de toneladas de soja foram movimentadas no Porto do Itaqui e o volume total do per\u00edodo chegou a 3,4 milh\u00f5es de toneladas de cargas, fazendo de junho um m\u00eas hist\u00f3rico para o porto.<\/p>\n<p>Tamb\u00e9m no Itaqui, a comitiva visitou ainda um dos galp\u00f5es de armazenamento de insumos para fertilizantes e de l\u00e1 seguiu para o Terminal Ponta da Madeira, administrado pela Vale, que fez uma apresenta\u00e7\u00e3o t\u00e9cnica das opera\u00e7\u00f5es realizadas no local.<\/p>\n<p><img decoding=\"async\" class=\"alignnone wp-image-8029 size-full\" src=\"https:\/\/portosma.com.br\/wp-content\/uploads\/2023\/07\/PIAUI-2.jpg\" alt=\"\" width=\"900\" height=\"313\" srcset=\"https:\/\/portosma.com.br\/wp-content\/uploads\/2023\/07\/PIAUI-2.jpg 900w, https:\/\/portosma.com.br\/wp-content\/uploads\/2023\/07\/PIAUI-2-300x104.jpg 300w, https:\/\/portosma.com.br\/wp-content\/uploads\/2023\/07\/PIAUI-2-768x267.jpg 768w\" sizes=\"(max-width: 900px) 100vw, 900px\" \/><\/p>\n<p><strong>Porto do Itaqui<\/strong> &#8211;&nbsp;&nbsp;Em opera\u00e7\u00e3o desde 1972, o Porto do Itaqui integra um complexo portu\u00e1rio instalado na \u00e1rea de influ\u00eancia da fronteira agr\u00edcola do MATOPIBA, que \u00e9 a \u00e1rea formada pelos estados do Maranh\u00e3o, Tocantins, Piau\u00ed, Bahia. A efici\u00eancia multimodal \u00e9 o fator decisivo para a competitividade do Porto do Itaqui. Suas conex\u00f5es com importantes ferrovias e rodovias fazem do porto p\u00fablico maranhense um corredor log\u00edstico para o Centro-oeste do pa\u00eds. O Porto do Itaqui tem conex\u00e3o ferrovi\u00e1ria direta com a Transnordestina e a Estrada de Ferro Caraj\u00e1s. H\u00e1 ainda uma conex\u00e3o indireta com a Ferrovia Norte-Sul, o que possibilita transportar graneis s\u00f3lidos minerais e vegetais, al\u00e9m de combust\u00edveis.<\/p>\n<p>O novo corredor ferrovi\u00e1rio do Arco Norte, que liga o Porto do Itaqui, em S\u00e3o Lu\u00eds, no Maranh\u00e3o, a Palmeirante, no Tocantins, &#8211; projeto da Emap em parceria com a COPI e a VLI &#8211; \u00e9 mais uma vantagem log\u00edstica que o porto maranhense oferece, pois barateia os custos do transporte de fertilizantes, pois foi projetado para atender produtores situados em uma \u00e1rea que abrange os estados do Mato Grosso do Sul, Mato Grosso, Goi\u00e1s, Bahia e Piau\u00ed, al\u00e9m do Tocantins, Maranh\u00e3o e do Distrito Federal.<\/p>\n<p>Al\u00e9m disso, o canal de acesso \u00e0s instala\u00e7\u00f5es portu\u00e1rias do Itaqui faz dele o porto mais profundo do Brasil, tendo nove ber\u00e7os operacionais com profundidades que variam de 12 a 19 metros, permitindo a atraca\u00e7\u00e3o de navios de grande porte. Outra vantagem \u00e9 sua proximidade com os mercados americano e europeu.<\/p>\n<p>O Porto do Itaqui tem voca\u00e7\u00e3o para movimenta\u00e7\u00e3o de graneis s\u00f3lidos e l\u00edquidos. Em 2022, o porto movimentou o maior volume de cargas de sua hist\u00f3ria. De janeiro a dezembro, foram exportadas 33,610 milh\u00f5es de toneladas de cargas, com destaque para os gran\u00e9is s\u00f3lidos, com 23 milh\u00f5es de toneladas movimentadas, o que representa uma alta 19% em rela\u00e7\u00e3o ao ano anterior.<\/p>\n<p><img decoding=\"async\" class=\"alignnone wp-image-8028 size-full\" src=\"https:\/\/portosma.com.br\/wp-content\/uploads\/2023\/07\/PIAUI-1.jpg\" alt=\"\" width=\"900\" height=\"545\" srcset=\"https:\/\/portosma.com.br\/wp-content\/uploads\/2023\/07\/PIAUI-1.jpg 900w, https:\/\/portosma.com.br\/wp-content\/uploads\/2023\/07\/PIAUI-1-300x182.jpg 300w, https:\/\/portosma.com.br\/wp-content\/uploads\/2023\/07\/PIAUI-1-768x465.jpg 768w\" sizes=\"(max-width: 900px) 100vw, 900px\" \/><br \/>\n<span style=\"color: #808080;\"><em><strong>Legenda das fotos:<\/strong> &#8211; Governador Carlos do Brand\u00e3o e o governador do Piau\u00ed, Rafael Fonteles, e o presidente da Emap, Gilberto Lins, durante visita ao Porto do Itaqui (Foto: Brunno Carvalho)<\/em><\/span><\/p>\n<p><span style=\"color: #808080;\"><em><strong>Fonte: Secom\/MA<\/strong><\/em><\/span><\/p>\n","protected":false},"excerpt":{"rendered":"<p>Durante a visita t\u00e9cnica o governador Carlos Brand\u00e3o destacou a import\u00e2ncia da visita do governador piauinse Rafael Fonteles ao Maranh\u00e3o.<\/p>\n","protected":false},"author":1,"featured_media":8027,"comment_status":"closed","ping_status":"open","sticky":false,"template":"","format":"standard","meta":{"_editorskit_title_hidden":false,"_editorskit_reading_time":0,"_editorskit_is_block_options_detached":false,"_editorskit_block_options_position":"{}","ngg_post_thumbnail":0,"footnotes":""},"categories":[1],"tags":[],"class_list":["post-8026","post","type-post","status-publish","format-standard","has-post-thumbnail","hentry","category-noticias"],"yoast_head":"<!-- This site is optimized with the Yoast SEO plugin v22.5 - https:\/\/yoast.com\/wordpress\/plugins\/seo\/ -->\n<title>Governador do Piau\u00ed, R. Fonteles, conhece as expertise do Itaqui - Portosma<\/title>\n<meta name=\"robots\" content=\"index, follow, max-snippet:-1, max-image-preview:large, max-video-preview:-1\" \/>\n<link rel=\"canonical\" href=\"https:\/\/portosma.com.br\/index.php\/2023\/07\/21\/governador-do-piaui-rafael-fonteles-conhece-as-expertise-do-itaqui\/\" \/>\n<meta property=\"og:locale\" content=\"pt_BR\" \/>\n<meta property=\"og:type\" content=\"article\" \/>\n<meta property=\"og:title\" content=\"Governador do Piau\u00ed, R. Fonteles, conhece as expertise do Itaqui - Portosma\" \/>\n<meta property=\"og:description\" content=\"Durante a visita t\u00e9cnica o governador Carlos Brand\u00e3o destacou a import\u00e2ncia da visita do governador piauinse Rafael Fonteles ao Maranh\u00e3o.\" \/>\n<meta property=\"og:url\" content=\"https:\/\/portosma.com.br\/index.php\/2023\/07\/21\/governador-do-piaui-rafael-fonteles-conhece-as-expertise-do-itaqui\/\" \/>\n<meta property=\"og:site_name\" content=\"Portosma\" \/>\n<meta property=\"article:published_time\" content=\"2023-07-21T00:05:42+00:00\" \/>\n<meta property=\"article:modified_time\" content=\"2023-07-21T00:30:33+00:00\" \/>\n<meta property=\"og:image\" content=\"https:\/\/portosma.com.br\/wp-content\/uploads\/2023\/07\/PIAUI-CAPA.jpg\" \/>\n\t<meta property=\"og:image:width\" content=\"1200\" \/>\n\t<meta property=\"og:image:height\" content=\"500\" \/>\n\t<meta property=\"og:image:type\" content=\"image\/jpeg\" \/>\n<meta name=\"author\" content=\"admin\" \/>\n<meta name=\"twitter:card\" content=\"summary_large_image\" \/>\n<meta name=\"twitter:label1\" content=\"Escrito por\" \/>\n\t<meta name=\"twitter:data1\" content=\"admin\" \/>\n\t<meta name=\"twitter:label2\" content=\"Est. tempo de leitura\" \/>\n\t<meta name=\"twitter:data2\" content=\"5 minutos\" \/>\n<script type=\"application\/ld+json\" class=\"yoast-schema-graph\">{\"@context\":\"https:\/\/schema.org\",\"@graph\":[{\"@type\":\"Article\",\"@id\":\"https:\/\/portosma.com.br\/index.php\/2023\/07\/21\/governador-do-piaui-rafael-fonteles-conhece-as-expertise-do-itaqui\/#article\",\"isPartOf\":{\"@id\":\"https:\/\/portosma.com.br\/index.php\/2023\/07\/21\/governador-do-piaui-rafael-fonteles-conhece-as-expertise-do-itaqui\/\"},\"author\":{\"name\":\"admin\",\"@id\":\"https:\/\/portosma.com.br\/#\/schema\/person\/fb92dfe283ab47293259c87c813d8623\"},\"headline\":\"Governador do Piau\u00ed, R. Fonteles, conhece as expertise do Itaqui\",\"datePublished\":\"2023-07-21T00:05:42+00:00\",\"dateModified\":\"2023-07-21T00:30:33+00:00\",\"mainEntityOfPage\":{\"@id\":\"https:\/\/portosma.com.br\/index.php\/2023\/07\/21\/governador-do-piaui-rafael-fonteles-conhece-as-expertise-do-itaqui\/\"},\"wordCount\":1020,\"publisher\":{\"@id\":\"https:\/\/portosma.com.br\/#organization\"},\"image\":{\"@id\":\"https:\/\/portosma.com.br\/index.php\/2023\/07\/21\/governador-do-piaui-rafael-fonteles-conhece-as-expertise-do-itaqui\/#primaryimage\"},\"thumbnailUrl\":\"https:\/\/portosma.com.br\/wp-content\/uploads\/2023\/07\/PIAUI-CAPA.jpg\",\"articleSection\":[\"Not\u00edcias\"],\"inLanguage\":\"pt-BR\"},{\"@type\":\"WebPage\",\"@id\":\"https:\/\/portosma.com.br\/index.php\/2023\/07\/21\/governador-do-piaui-rafael-fonteles-conhece-as-expertise-do-itaqui\/\",\"url\":\"https:\/\/portosma.com.br\/index.php\/2023\/07\/21\/governador-do-piaui-rafael-fonteles-conhece-as-expertise-do-itaqui\/\",\"name\":\"Governador do Piau\u00ed, R. Fonteles, conhece as expertise do Itaqui - Portosma\",\"isPartOf\":{\"@id\":\"https:\/\/portosma.com.br\/#website\"},\"primaryImageOfPage\":{\"@id\":\"https:\/\/portosma.com.br\/index.php\/2023\/07\/21\/governador-do-piaui-rafael-fonteles-conhece-as-expertise-do-itaqui\/#primaryimage\"},\"image\":{\"@id\":\"https:\/\/portosma.com.br\/index.php\/2023\/07\/21\/governador-do-piaui-rafael-fonteles-conhece-as-expertise-do-itaqui\/#primaryimage\"},\"thumbnailUrl\":\"https:\/\/portosma.com.br\/wp-content\/uploads\/2023\/07\/PIAUI-CAPA.jpg\",\"datePublished\":\"2023-07-21T00:05:42+00:00\",\"dateModified\":\"2023-07-21T00:30:33+00:00\",\"breadcrumb\":{\"@id\":\"https:\/\/portosma.com.br\/index.php\/2023\/07\/21\/governador-do-piaui-rafael-fonteles-conhece-as-expertise-do-itaqui\/#breadcrumb\"},\"inLanguage\":\"pt-BR\",\"potentialAction\":[{\"@type\":\"ReadAction\",\"target\":[\"https:\/\/portosma.com.br\/index.php\/2023\/07\/21\/governador-do-piaui-rafael-fonteles-conhece-as-expertise-do-itaqui\/\"]}]},{\"@type\":\"ImageObject\",\"inLanguage\":\"pt-BR\",\"@id\":\"https:\/\/portosma.com.br\/index.php\/2023\/07\/21\/governador-do-piaui-rafael-fonteles-conhece-as-expertise-do-itaqui\/#primaryimage\",\"url\":\"https:\/\/portosma.com.br\/wp-content\/uploads\/2023\/07\/PIAUI-CAPA.jpg\",\"contentUrl\":\"https:\/\/portosma.com.br\/wp-content\/uploads\/2023\/07\/PIAUI-CAPA.jpg\",\"width\":1200,\"height\":500},{\"@type\":\"BreadcrumbList\",\"@id\":\"https:\/\/portosma.com.br\/index.php\/2023\/07\/21\/governador-do-piaui-rafael-fonteles-conhece-as-expertise-do-itaqui\/#breadcrumb\",\"itemListElement\":[{\"@type\":\"ListItem\",\"position\":1,\"name\":\"In\u00edcio\",\"item\":\"https:\/\/portosma.com.br\/\"},{\"@type\":\"ListItem\",\"position\":2,\"name\":\"Governador do Piau\u00ed, R. Fonteles, conhece as expertise do Itaqui\"}]},{\"@type\":\"WebSite\",\"@id\":\"https:\/\/portosma.com.br\/#website\",\"url\":\"https:\/\/portosma.com.br\/\",\"name\":\"Portosma\",\"description\":\"Um site de not\u00edcias\",\"publisher\":{\"@id\":\"https:\/\/portosma.com.br\/#organization\"},\"potentialAction\":[{\"@type\":\"SearchAction\",\"target\":{\"@type\":\"EntryPoint\",\"urlTemplate\":\"https:\/\/portosma.com.br\/?s={search_term_string}\"},\"query-input\":\"required name=search_term_string\"}],\"inLanguage\":\"pt-BR\"},{\"@type\":\"Organization\",\"@id\":\"https:\/\/portosma.com.br\/#organization\",\"name\":\"Portosma\",\"alternateName\":\"Portosma\",\"url\":\"https:\/\/portosma.com.br\/\",\"logo\":{\"@type\":\"ImageObject\",\"inLanguage\":\"pt-BR\",\"@id\":\"https:\/\/portosma.com.br\/#\/schema\/logo\/image\/\",\"url\":\"https:\/\/portosma.com.br\/wp-content\/uploads\/2026\/03\/cropped-AD-PORTOSMA.jpg\",\"contentUrl\":\"https:\/\/portosma.com.br\/wp-content\/uploads\/2026\/03\/cropped-AD-PORTOSMA.jpg\",\"width\":400,\"height\":115,\"caption\":\"Portosma\"},\"image\":{\"@id\":\"https:\/\/portosma.com.br\/#\/schema\/logo\/image\/\"}},{\"@type\":\"Person\",\"@id\":\"https:\/\/portosma.com.br\/#\/schema\/person\/fb92dfe283ab47293259c87c813d8623\",\"name\":\"admin\",\"sameAs\":[\"https:\/\/portosma.com.br\"],\"url\":\"https:\/\/portosma.com.br\/index.php\/author\/portosma\/\"}]}<\/script>\n<!-- \/ Yoast SEO plugin. -->","yoast_head_json":{"title":"Governador do Piau\u00ed, R. Fonteles, conhece as expertise do Itaqui - Portosma","robots":{"index":"index","follow":"follow","max-snippet":"max-snippet:-1","max-image-preview":"max-image-preview:large","max-video-preview":"max-video-preview:-1"},"canonical":"https:\/\/portosma.com.br\/index.php\/2023\/07\/21\/governador-do-piaui-rafael-fonteles-conhece-as-expertise-do-itaqui\/","og_locale":"pt_BR","og_type":"article","og_title":"Governador do Piau\u00ed, R. Fonteles, conhece as expertise do Itaqui - Portosma","og_description":"Durante a visita t\u00e9cnica o governador Carlos Brand\u00e3o destacou a import\u00e2ncia da visita do governador piauinse Rafael Fonteles ao Maranh\u00e3o.","og_url":"https:\/\/portosma.com.br\/index.php\/2023\/07\/21\/governador-do-piaui-rafael-fonteles-conhece-as-expertise-do-itaqui\/","og_site_name":"Portosma","article_published_time":"2023-07-21T00:05:42+00:00","article_modified_time":"2023-07-21T00:30:33+00:00","og_image":[{"width":1200,"height":500,"url":"https:\/\/portosma.com.br\/wp-content\/uploads\/2023\/07\/PIAUI-CAPA.jpg","type":"image\/jpeg"}],"author":"admin","twitter_card":"summary_large_image","twitter_misc":{"Escrito por":"admin","Est. tempo de leitura":"5 minutos"},"schema":{"@context":"https:\/\/schema.org","@graph":[{"@type":"Article","@id":"https:\/\/portosma.com.br\/index.php\/2023\/07\/21\/governador-do-piaui-rafael-fonteles-conhece-as-expertise-do-itaqui\/#article","isPartOf":{"@id":"https:\/\/portosma.com.br\/index.php\/2023\/07\/21\/governador-do-piaui-rafael-fonteles-conhece-as-expertise-do-itaqui\/"},"author":{"name":"admin","@id":"https:\/\/portosma.com.br\/#\/schema\/person\/fb92dfe283ab47293259c87c813d8623"},"headline":"Governador do Piau\u00ed, R. Fonteles, conhece as expertise do Itaqui","datePublished":"2023-07-21T00:05:42+00:00","dateModified":"2023-07-21T00:30:33+00:00","mainEntityOfPage":{"@id":"https:\/\/portosma.com.br\/index.php\/2023\/07\/21\/governador-do-piaui-rafael-fonteles-conhece-as-expertise-do-itaqui\/"},"wordCount":1020,"publisher":{"@id":"https:\/\/portosma.com.br\/#organization"},"image":{"@id":"https:\/\/portosma.com.br\/index.php\/2023\/07\/21\/governador-do-piaui-rafael-fonteles-conhece-as-expertise-do-itaqui\/#primaryimage"},"thumbnailUrl":"https:\/\/portosma.com.br\/wp-content\/uploads\/2023\/07\/PIAUI-CAPA.jpg","articleSection":["Not\u00edcias"],"inLanguage":"pt-BR"},{"@type":"WebPage","@id":"https:\/\/portosma.com.br\/index.php\/2023\/07\/21\/governador-do-piaui-rafael-fonteles-conhece-as-expertise-do-itaqui\/","url":"https:\/\/portosma.com.br\/index.php\/2023\/07\/21\/governador-do-piaui-rafael-fonteles-conhece-as-expertise-do-itaqui\/","name":"Governador do Piau\u00ed, R. Fonteles, conhece as expertise do Itaqui - Portosma","isPartOf":{"@id":"https:\/\/portosma.com.br\/#website"},"primaryImageOfPage":{"@id":"https:\/\/portosma.com.br\/index.php\/2023\/07\/21\/governador-do-piaui-rafael-fonteles-conhece-as-expertise-do-itaqui\/#primaryimage"},"image":{"@id":"https:\/\/portosma.com.br\/index.php\/2023\/07\/21\/governador-do-piaui-rafael-fonteles-conhece-as-expertise-do-itaqui\/#primaryimage"},"thumbnailUrl":"https:\/\/portosma.com.br\/wp-content\/uploads\/2023\/07\/PIAUI-CAPA.jpg","datePublished":"2023-07-21T00:05:42+00:00","dateModified":"2023-07-21T00:30:33+00:00","breadcrumb":{"@id":"https:\/\/portosma.com.br\/index.php\/2023\/07\/21\/governador-do-piaui-rafael-fonteles-conhece-as-expertise-do-itaqui\/#breadcrumb"},"inLanguage":"pt-BR","potentialAction":[{"@type":"ReadAction","target":["https:\/\/portosma.com.br\/index.php\/2023\/07\/21\/governador-do-piaui-rafael-fonteles-conhece-as-expertise-do-itaqui\/"]}]},{"@type":"ImageObject","inLanguage":"pt-BR","@id":"https:\/\/portosma.com.br\/index.php\/2023\/07\/21\/governador-do-piaui-rafael-fonteles-conhece-as-expertise-do-itaqui\/#primaryimage","url":"https:\/\/portosma.com.br\/wp-content\/uploads\/2023\/07\/PIAUI-CAPA.jpg","contentUrl":"https:\/\/portosma.com.br\/wp-content\/uploads\/2023\/07\/PIAUI-CAPA.jpg","width":1200,"height":500},{"@type":"BreadcrumbList","@id":"https:\/\/portosma.com.br\/index.php\/2023\/07\/21\/governador-do-piaui-rafael-fonteles-conhece-as-expertise-do-itaqui\/#breadcrumb","itemListElement":[{"@type":"ListItem","position":1,"name":"In\u00edcio","item":"https:\/\/portosma.com.br\/"},{"@type":"ListItem","position":2,"name":"Governador do Piau\u00ed, R. Fonteles, conhece as expertise do Itaqui"}]},{"@type":"WebSite","@id":"https:\/\/portosma.com.br\/#website","url":"https:\/\/portosma.com.br\/","name":"Portosma","description":"Um site de not\u00edcias","publisher":{"@id":"https:\/\/portosma.com.br\/#organization"},"potentialAction":[{"@type":"SearchAction","target":{"@type":"EntryPoint","urlTemplate":"https:\/\/portosma.com.br\/?s={search_term_string}"},"query-input":"required name=search_term_string"}],"inLanguage":"pt-BR"},{"@type":"Organization","@id":"https:\/\/portosma.com.br\/#organization","name":"Portosma","alternateName":"Portosma","url":"https:\/\/portosma.com.br\/","logo":{"@type":"ImageObject","inLanguage":"pt-BR","@id":"https:\/\/portosma.com.br\/#\/schema\/logo\/image\/","url":"https:\/\/portosma.com.br\/wp-content\/uploads\/2026\/03\/cropped-AD-PORTOSMA.jpg","contentUrl":"https:\/\/portosma.com.br\/wp-content\/uploads\/2026\/03\/cropped-AD-PORTOSMA.jpg","width":400,"height":115,"caption":"Portosma"},"image":{"@id":"https:\/\/portosma.com.br\/#\/schema\/logo\/image\/"}},{"@type":"Person","@id":"https:\/\/portosma.com.br\/#\/schema\/person\/fb92dfe283ab47293259c87c813d8623","name":"admin","sameAs":["https:\/\/portosma.com.br"],"url":"https:\/\/portosma.com.br\/index.php\/author\/portosma\/"}]}},"_links":{"self":[{"href":"https:\/\/portosma.com.br\/index.php\/wp-json\/wp\/v2\/posts\/8026","targetHints":{"allow":["GET"]}}],"collection":[{"href":"https:\/\/portosma.com.br\/index.php\/wp-json\/wp\/v2\/posts"}],"about":[{"href":"https:\/\/portosma.com.br\/index.php\/wp-json\/wp\/v2\/types\/post"}],"author":[{"embeddable":true,"href":"https:\/\/portosma.com.br\/index.php\/wp-json\/wp\/v2\/users\/1"}],"replies":[{"embeddable":true,"href":"https:\/\/portosma.com.br\/index.php\/wp-json\/wp\/v2\/comments?post=8026"}],"version-history":[{"count":7,"href":"https:\/\/portosma.com.br\/index.php\/wp-json\/wp\/v2\/posts\/8026\/revisions"}],"predecessor-version":[{"id":8037,"href":"https:\/\/portosma.com.br\/index.php\/wp-json\/wp\/v2\/posts\/8026\/revisions\/8037"}],"wp:featuredmedia":[{"embeddable":true,"href":"https:\/\/portosma.com.br\/index.php\/wp-json\/wp\/v2\/media\/8027"}],"wp:attachment":[{"href":"https:\/\/portosma.com.br\/index.php\/wp-json\/wp\/v2\/media?parent=8026"}],"wp:term":[{"taxonomy":"category","embeddable":true,"href":"https:\/\/portosma.com.br\/index.php\/wp-json\/wp\/v2\/categories?post=8026"},{"taxonomy":"post_tag","embeddable":true,"href":"https:\/\/portosma.com.br\/index.php\/wp-json\/wp\/v2\/tags?post=8026"}],"curies":[{"name":"wp","href":"https:\/\/api.w.org\/{rel}","templated":true}]}}