{"id":7362,"date":"2023-06-15T21:25:59","date_gmt":"2023-06-15T21:25:59","guid":{"rendered":"https:\/\/portosma.com.br\/?p=7362"},"modified":"2023-06-15T21:26:51","modified_gmt":"2023-06-15T21:26:51","slug":"sindomar-e-fiema-discutem-rumos-da-atividade-portuaria-do-ma","status":"publish","type":"post","link":"https:\/\/portosma.com.br\/index.php\/2023\/06\/15\/sindomar-e-fiema-discutem-rumos-da-atividade-portuaria-do-ma\/","title":{"rendered":"Sindomar e Fiema discutem rumos da atividade portu\u00e1ria do MA"},"content":{"rendered":"<p>O Sindicato dos Operadores Portu\u00e1rios do Maranh\u00e3o (SINDOMAR) se reuniu com a Federa\u00e7\u00e3o das Ind\u00fastrias do Estado do Maranh\u00e3o (FIEMA) para apresentar as perspectivas de crescimento das opera\u00e7\u00f5es portu\u00e1rias no estado, bem como para discutir a\u00e7\u00f5es conjuntas em prol do desenvolvimento da infraestrutura e da log\u00edstica regionalmente.<\/p>\n<p>O SINDOMAR foi representado pelo presidente Raul Lamarca, que elencou suas tr\u00eas principais frentes de trabalho pela institui\u00e7\u00e3o: manuten\u00e7\u00e3o e expans\u00e3o da base de associados, negocia\u00e7\u00f5es coletivas com trabalhadores e di\u00e1logo institucional em todo o estado. Foi mencionado, ainda, que o sindicato \u00e9 composto atualmente por 12 operadores portu\u00e1rios associados e \u00e9 representado nacionalmente pela Federa\u00e7\u00e3o Nacional das Opera\u00e7\u00f5es Portu\u00e1rias (FENOP).<\/p>\n<p>\u201cA reuni\u00e3o institucional entre SINDOMAR e FIEMA teve como resultado a integra\u00e7\u00e3o das entidades em busca de a\u00e7\u00f5es conjuntas que impulsionem o crescimento da ind\u00fastria local, com o convite do SINDOMAR para se envolver ativamente no Comit\u00ea T\u00e9cnico de Infraestrutura da FIEMA\u201d, explicou Raul Lamarca, destacando a import\u00e2ncia de parcerias estrat\u00e9gicas como forma de apoiar o desenvolvimento e a competitividade do setor no Maranh\u00e3o.<\/p>\n<figure id=\"attachment_7364\" aria-describedby=\"caption-attachment-7364\" style=\"width: 900px\" class=\"wp-caption alignnone\"><img fetchpriority=\"high\" decoding=\"async\" class=\"wp-image-7364 size-full\" src=\"https:\/\/portosma.com.br\/wp-content\/uploads\/2023\/06\/SINDOMAR-2.jpg\" alt=\"\" width=\"900\" height=\"493\" srcset=\"https:\/\/portosma.com.br\/wp-content\/uploads\/2023\/06\/SINDOMAR-2.jpg 900w, https:\/\/portosma.com.br\/wp-content\/uploads\/2023\/06\/SINDOMAR-2-300x164.jpg 300w, https:\/\/portosma.com.br\/wp-content\/uploads\/2023\/06\/SINDOMAR-2-768x421.jpg 768w\" sizes=\"(max-width: 900px) 100vw, 900px\" \/><figcaption id=\"caption-attachment-7364\" class=\"wp-caption-text\"><span style=\"color: #993300;\"><strong><em>Na foto o&nbsp;presidente do SINDOMAR, Raul Lamarca, e o analista administrativo, Daniel Pereira, com C\u00e9sar Miranda e Camila Belo, da Fiema<\/em><\/strong><\/span><\/figcaption><\/figure>\n<p>A FIEMA, representada pelo superintendente da entidade, C\u00e9sar Miranda, ressaltou o seu papel na articula\u00e7\u00e3o empresarial para promover a\u00e7\u00f5es de interesse do setor industrial, mobilizando os diversos setores produtivos locais e a sociedade para superar obst\u00e1culos e promover a competitividade industrial nos mercados nacional e internacional. Ao fim da apresenta\u00e7\u00e3o, a FIEMA convidou o SINDOMAR para participar do Comit\u00ea T\u00e9cnico de Infraestrutura (CTINFRA) da entidade, que tem como objetivo discutir e propor solu\u00e7\u00f5es para quest\u00f5es relacionadas \u00e0 infraestrutura necess\u00e1ria para o desenvolvimento industrial no estado, incluindo temas como transporte, log\u00edstica e investimentos em portos.<\/p>\n<p>O superintendente da FIEMA, C\u00e9sar Miranda, diz que considera a parceria firmada com o SINDOMAR bastante positiva e destacou a\u00e7\u00f5es conjuntas que as institui\u00e7\u00f5es podem desenvolver. \u201cEssa parceria pode ser ampliada atrav\u00e9s dos servi\u00e7os prestados pelo SESI e pelo SENAI para que possam atender as empresas associadas ao SINDOMAR\u201d, pontuou. Miranda elogiou, ainda, a iniciativa do Sindicato ao adotar uma gest\u00e3o profissional com a contrata\u00e7\u00e3o de um executivo do mercado para representar a entidade. Na foto em destaque o&nbsp;presidente do SINDOMAR, Raul Lamarca, e o analista administrativo, Daniel Pereira, com C\u00e9sar Miranda e Camila Belo, da Fiema<\/p>\n<p>&nbsp;<\/p>\n<p><span style=\"color: #808080;\"><em><strong>Fonte:<\/strong><\/em><\/span><br \/>\n<span style=\"color: #808080;\"><em><strong>WComunica\u00e7\u00e3o &#8211; Assessoria e Consultoria<\/strong><\/em><\/span><\/p>\n","protected":false},"excerpt":{"rendered":"<p>O encontro serviu para a Federa\u00e7\u00e3o das Ind\u00fastrias apresentar ao Sindomar as perspectivas de crescimento das opera\u00e7\u00f5es portu\u00e1rias no estado.<\/p>\n","protected":false},"author":1,"featured_media":7363,"comment_status":"closed","ping_status":"open","sticky":false,"template":"","format":"standard","meta":{"_editorskit_title_hidden":false,"_editorskit_reading_time":0,"_editorskit_is_block_options_detached":false,"_editorskit_block_options_position":"{}","ngg_post_thumbnail":0,"footnotes":""},"categories":[1],"tags":[],"class_list":["post-7362","post","type-post","status-publish","format-standard","has-post-thumbnail","hentry","category-noticias"],"yoast_head":"<!-- This site is optimized with the Yoast SEO plugin v22.5 - https:\/\/yoast.com\/wordpress\/plugins\/seo\/ -->\n<title>Sindomar e Fiema discutem rumos da atividade portu\u00e1ria do MA - Portosma<\/title>\n<meta name=\"robots\" content=\"index, follow, max-snippet:-1, max-image-preview:large, max-video-preview:-1\" \/>\n<link rel=\"canonical\" href=\"https:\/\/portosma.com.br\/index.php\/2023\/06\/15\/sindomar-e-fiema-discutem-rumos-da-atividade-portuaria-do-ma\/\" \/>\n<meta property=\"og:locale\" content=\"pt_BR\" \/>\n<meta property=\"og:type\" content=\"article\" \/>\n<meta property=\"og:title\" content=\"Sindomar e Fiema discutem rumos da atividade portu\u00e1ria do MA - Portosma\" \/>\n<meta property=\"og:description\" content=\"O encontro serviu para a Federa\u00e7\u00e3o das Ind\u00fastrias apresentar ao Sindomar as perspectivas de crescimento das opera\u00e7\u00f5es portu\u00e1rias no estado.\" \/>\n<meta property=\"og:url\" content=\"https:\/\/portosma.com.br\/index.php\/2023\/06\/15\/sindomar-e-fiema-discutem-rumos-da-atividade-portuaria-do-ma\/\" \/>\n<meta property=\"og:site_name\" content=\"Portosma\" \/>\n<meta property=\"article:published_time\" content=\"2023-06-15T21:25:59+00:00\" \/>\n<meta property=\"article:modified_time\" content=\"2023-06-15T21:26:51+00:00\" \/>\n<meta property=\"og:image\" content=\"https:\/\/portosma.com.br\/wp-content\/uploads\/2023\/06\/SINDOMAR-3.jpg\" \/>\n\t<meta property=\"og:image:width\" content=\"1200\" \/>\n\t<meta property=\"og:image:height\" content=\"502\" \/>\n\t<meta property=\"og:image:type\" content=\"image\/jpeg\" \/>\n<meta name=\"author\" content=\"admin\" \/>\n<meta name=\"twitter:card\" content=\"summary_large_image\" \/>\n<meta name=\"twitter:label1\" content=\"Escrito por\" \/>\n\t<meta name=\"twitter:data1\" content=\"admin\" \/>\n\t<meta name=\"twitter:label2\" content=\"Est. tempo de leitura\" \/>\n\t<meta name=\"twitter:data2\" content=\"2 minutos\" \/>\n<script type=\"application\/ld+json\" class=\"yoast-schema-graph\">{\"@context\":\"https:\/\/schema.org\",\"@graph\":[{\"@type\":\"Article\",\"@id\":\"https:\/\/portosma.com.br\/index.php\/2023\/06\/15\/sindomar-e-fiema-discutem-rumos-da-atividade-portuaria-do-ma\/#article\",\"isPartOf\":{\"@id\":\"https:\/\/portosma.com.br\/index.php\/2023\/06\/15\/sindomar-e-fiema-discutem-rumos-da-atividade-portuaria-do-ma\/\"},\"author\":{\"name\":\"admin\",\"@id\":\"https:\/\/portosma.com.br\/#\/schema\/person\/fb92dfe283ab47293259c87c813d8623\"},\"headline\":\"Sindomar e Fiema discutem rumos da atividade portu\u00e1ria do MA\",\"datePublished\":\"2023-06-15T21:25:59+00:00\",\"dateModified\":\"2023-06-15T21:26:51+00:00\",\"mainEntityOfPage\":{\"@id\":\"https:\/\/portosma.com.br\/index.php\/2023\/06\/15\/sindomar-e-fiema-discutem-rumos-da-atividade-portuaria-do-ma\/\"},\"wordCount\":456,\"publisher\":{\"@id\":\"https:\/\/portosma.com.br\/#organization\"},\"image\":{\"@id\":\"https:\/\/portosma.com.br\/index.php\/2023\/06\/15\/sindomar-e-fiema-discutem-rumos-da-atividade-portuaria-do-ma\/#primaryimage\"},\"thumbnailUrl\":\"https:\/\/portosma.com.br\/wp-content\/uploads\/2023\/06\/SINDOMAR-3.jpg\",\"articleSection\":[\"Not\u00edcias\"],\"inLanguage\":\"pt-BR\"},{\"@type\":\"WebPage\",\"@id\":\"https:\/\/portosma.com.br\/index.php\/2023\/06\/15\/sindomar-e-fiema-discutem-rumos-da-atividade-portuaria-do-ma\/\",\"url\":\"https:\/\/portosma.com.br\/index.php\/2023\/06\/15\/sindomar-e-fiema-discutem-rumos-da-atividade-portuaria-do-ma\/\",\"name\":\"Sindomar e Fiema discutem rumos da atividade portu\u00e1ria do MA - Portosma\",\"isPartOf\":{\"@id\":\"https:\/\/portosma.com.br\/#website\"},\"primaryImageOfPage\":{\"@id\":\"https:\/\/portosma.com.br\/index.php\/2023\/06\/15\/sindomar-e-fiema-discutem-rumos-da-atividade-portuaria-do-ma\/#primaryimage\"},\"image\":{\"@id\":\"https:\/\/portosma.com.br\/index.php\/2023\/06\/15\/sindomar-e-fiema-discutem-rumos-da-atividade-portuaria-do-ma\/#primaryimage\"},\"thumbnailUrl\":\"https:\/\/portosma.com.br\/wp-content\/uploads\/2023\/06\/SINDOMAR-3.jpg\",\"datePublished\":\"2023-06-15T21:25:59+00:00\",\"dateModified\":\"2023-06-15T21:26:51+00:00\",\"breadcrumb\":{\"@id\":\"https:\/\/portosma.com.br\/index.php\/2023\/06\/15\/sindomar-e-fiema-discutem-rumos-da-atividade-portuaria-do-ma\/#breadcrumb\"},\"inLanguage\":\"pt-BR\",\"potentialAction\":[{\"@type\":\"ReadAction\",\"target\":[\"https:\/\/portosma.com.br\/index.php\/2023\/06\/15\/sindomar-e-fiema-discutem-rumos-da-atividade-portuaria-do-ma\/\"]}]},{\"@type\":\"ImageObject\",\"inLanguage\":\"pt-BR\",\"@id\":\"https:\/\/portosma.com.br\/index.php\/2023\/06\/15\/sindomar-e-fiema-discutem-rumos-da-atividade-portuaria-do-ma\/#primaryimage\",\"url\":\"https:\/\/portosma.com.br\/wp-content\/uploads\/2023\/06\/SINDOMAR-3.jpg\",\"contentUrl\":\"https:\/\/portosma.com.br\/wp-content\/uploads\/2023\/06\/SINDOMAR-3.jpg\",\"width\":1200,\"height\":502},{\"@type\":\"BreadcrumbList\",\"@id\":\"https:\/\/portosma.com.br\/index.php\/2023\/06\/15\/sindomar-e-fiema-discutem-rumos-da-atividade-portuaria-do-ma\/#breadcrumb\",\"itemListElement\":[{\"@type\":\"ListItem\",\"position\":1,\"name\":\"In\u00edcio\",\"item\":\"https:\/\/portosma.com.br\/\"},{\"@type\":\"ListItem\",\"position\":2,\"name\":\"Sindomar e Fiema discutem rumos da atividade portu\u00e1ria do MA\"}]},{\"@type\":\"WebSite\",\"@id\":\"https:\/\/portosma.com.br\/#website\",\"url\":\"https:\/\/portosma.com.br\/\",\"name\":\"Portosma\",\"description\":\"Um site de not\u00edcias\",\"publisher\":{\"@id\":\"https:\/\/portosma.com.br\/#organization\"},\"potentialAction\":[{\"@type\":\"SearchAction\",\"target\":{\"@type\":\"EntryPoint\",\"urlTemplate\":\"https:\/\/portosma.com.br\/?s={search_term_string}\"},\"query-input\":\"required name=search_term_string\"}],\"inLanguage\":\"pt-BR\"},{\"@type\":\"Organization\",\"@id\":\"https:\/\/portosma.com.br\/#organization\",\"name\":\"Portosma\",\"alternateName\":\"Portosma\",\"url\":\"https:\/\/portosma.com.br\/\",\"logo\":{\"@type\":\"ImageObject\",\"inLanguage\":\"pt-BR\",\"@id\":\"https:\/\/portosma.com.br\/#\/schema\/logo\/image\/\",\"url\":\"https:\/\/portosma.com.br\/wp-content\/uploads\/2026\/03\/cropped-AD-PORTOSMA.jpg\",\"contentUrl\":\"https:\/\/portosma.com.br\/wp-content\/uploads\/2026\/03\/cropped-AD-PORTOSMA.jpg\",\"width\":400,\"height\":115,\"caption\":\"Portosma\"},\"image\":{\"@id\":\"https:\/\/portosma.com.br\/#\/schema\/logo\/image\/\"}},{\"@type\":\"Person\",\"@id\":\"https:\/\/portosma.com.br\/#\/schema\/person\/fb92dfe283ab47293259c87c813d8623\",\"name\":\"admin\",\"sameAs\":[\"https:\/\/portosma.com.br\"],\"url\":\"https:\/\/portosma.com.br\/index.php\/author\/portosma\/\"}]}<\/script>\n<!-- \/ Yoast SEO plugin. -->","yoast_head_json":{"title":"Sindomar e Fiema discutem rumos da atividade portu\u00e1ria do MA - Portosma","robots":{"index":"index","follow":"follow","max-snippet":"max-snippet:-1","max-image-preview":"max-image-preview:large","max-video-preview":"max-video-preview:-1"},"canonical":"https:\/\/portosma.com.br\/index.php\/2023\/06\/15\/sindomar-e-fiema-discutem-rumos-da-atividade-portuaria-do-ma\/","og_locale":"pt_BR","og_type":"article","og_title":"Sindomar e Fiema discutem rumos da atividade portu\u00e1ria do MA - Portosma","og_description":"O encontro serviu para a Federa\u00e7\u00e3o das Ind\u00fastrias apresentar ao Sindomar as perspectivas de crescimento das opera\u00e7\u00f5es portu\u00e1rias no estado.","og_url":"https:\/\/portosma.com.br\/index.php\/2023\/06\/15\/sindomar-e-fiema-discutem-rumos-da-atividade-portuaria-do-ma\/","og_site_name":"Portosma","article_published_time":"2023-06-15T21:25:59+00:00","article_modified_time":"2023-06-15T21:26:51+00:00","og_image":[{"width":1200,"height":502,"url":"https:\/\/portosma.com.br\/wp-content\/uploads\/2023\/06\/SINDOMAR-3.jpg","type":"image\/jpeg"}],"author":"admin","twitter_card":"summary_large_image","twitter_misc":{"Escrito por":"admin","Est. tempo de leitura":"2 minutos"},"schema":{"@context":"https:\/\/schema.org","@graph":[{"@type":"Article","@id":"https:\/\/portosma.com.br\/index.php\/2023\/06\/15\/sindomar-e-fiema-discutem-rumos-da-atividade-portuaria-do-ma\/#article","isPartOf":{"@id":"https:\/\/portosma.com.br\/index.php\/2023\/06\/15\/sindomar-e-fiema-discutem-rumos-da-atividade-portuaria-do-ma\/"},"author":{"name":"admin","@id":"https:\/\/portosma.com.br\/#\/schema\/person\/fb92dfe283ab47293259c87c813d8623"},"headline":"Sindomar e Fiema discutem rumos da atividade portu\u00e1ria do MA","datePublished":"2023-06-15T21:25:59+00:00","dateModified":"2023-06-15T21:26:51+00:00","mainEntityOfPage":{"@id":"https:\/\/portosma.com.br\/index.php\/2023\/06\/15\/sindomar-e-fiema-discutem-rumos-da-atividade-portuaria-do-ma\/"},"wordCount":456,"publisher":{"@id":"https:\/\/portosma.com.br\/#organization"},"image":{"@id":"https:\/\/portosma.com.br\/index.php\/2023\/06\/15\/sindomar-e-fiema-discutem-rumos-da-atividade-portuaria-do-ma\/#primaryimage"},"thumbnailUrl":"https:\/\/portosma.com.br\/wp-content\/uploads\/2023\/06\/SINDOMAR-3.jpg","articleSection":["Not\u00edcias"],"inLanguage":"pt-BR"},{"@type":"WebPage","@id":"https:\/\/portosma.com.br\/index.php\/2023\/06\/15\/sindomar-e-fiema-discutem-rumos-da-atividade-portuaria-do-ma\/","url":"https:\/\/portosma.com.br\/index.php\/2023\/06\/15\/sindomar-e-fiema-discutem-rumos-da-atividade-portuaria-do-ma\/","name":"Sindomar e Fiema discutem rumos da atividade portu\u00e1ria do MA - Portosma","isPartOf":{"@id":"https:\/\/portosma.com.br\/#website"},"primaryImageOfPage":{"@id":"https:\/\/portosma.com.br\/index.php\/2023\/06\/15\/sindomar-e-fiema-discutem-rumos-da-atividade-portuaria-do-ma\/#primaryimage"},"image":{"@id":"https:\/\/portosma.com.br\/index.php\/2023\/06\/15\/sindomar-e-fiema-discutem-rumos-da-atividade-portuaria-do-ma\/#primaryimage"},"thumbnailUrl":"https:\/\/portosma.com.br\/wp-content\/uploads\/2023\/06\/SINDOMAR-3.jpg","datePublished":"2023-06-15T21:25:59+00:00","dateModified":"2023-06-15T21:26:51+00:00","breadcrumb":{"@id":"https:\/\/portosma.com.br\/index.php\/2023\/06\/15\/sindomar-e-fiema-discutem-rumos-da-atividade-portuaria-do-ma\/#breadcrumb"},"inLanguage":"pt-BR","potentialAction":[{"@type":"ReadAction","target":["https:\/\/portosma.com.br\/index.php\/2023\/06\/15\/sindomar-e-fiema-discutem-rumos-da-atividade-portuaria-do-ma\/"]}]},{"@type":"ImageObject","inLanguage":"pt-BR","@id":"https:\/\/portosma.com.br\/index.php\/2023\/06\/15\/sindomar-e-fiema-discutem-rumos-da-atividade-portuaria-do-ma\/#primaryimage","url":"https:\/\/portosma.com.br\/wp-content\/uploads\/2023\/06\/SINDOMAR-3.jpg","contentUrl":"https:\/\/portosma.com.br\/wp-content\/uploads\/2023\/06\/SINDOMAR-3.jpg","width":1200,"height":502},{"@type":"BreadcrumbList","@id":"https:\/\/portosma.com.br\/index.php\/2023\/06\/15\/sindomar-e-fiema-discutem-rumos-da-atividade-portuaria-do-ma\/#breadcrumb","itemListElement":[{"@type":"ListItem","position":1,"name":"In\u00edcio","item":"https:\/\/portosma.com.br\/"},{"@type":"ListItem","position":2,"name":"Sindomar e Fiema discutem rumos da atividade portu\u00e1ria do MA"}]},{"@type":"WebSite","@id":"https:\/\/portosma.com.br\/#website","url":"https:\/\/portosma.com.br\/","name":"Portosma","description":"Um site de not\u00edcias","publisher":{"@id":"https:\/\/portosma.com.br\/#organization"},"potentialAction":[{"@type":"SearchAction","target":{"@type":"EntryPoint","urlTemplate":"https:\/\/portosma.com.br\/?s={search_term_string}"},"query-input":"required name=search_term_string"}],"inLanguage":"pt-BR"},{"@type":"Organization","@id":"https:\/\/portosma.com.br\/#organization","name":"Portosma","alternateName":"Portosma","url":"https:\/\/portosma.com.br\/","logo":{"@type":"ImageObject","inLanguage":"pt-BR","@id":"https:\/\/portosma.com.br\/#\/schema\/logo\/image\/","url":"https:\/\/portosma.com.br\/wp-content\/uploads\/2026\/03\/cropped-AD-PORTOSMA.jpg","contentUrl":"https:\/\/portosma.com.br\/wp-content\/uploads\/2026\/03\/cropped-AD-PORTOSMA.jpg","width":400,"height":115,"caption":"Portosma"},"image":{"@id":"https:\/\/portosma.com.br\/#\/schema\/logo\/image\/"}},{"@type":"Person","@id":"https:\/\/portosma.com.br\/#\/schema\/person\/fb92dfe283ab47293259c87c813d8623","name":"admin","sameAs":["https:\/\/portosma.com.br"],"url":"https:\/\/portosma.com.br\/index.php\/author\/portosma\/"}]}},"_links":{"self":[{"href":"https:\/\/portosma.com.br\/index.php\/wp-json\/wp\/v2\/posts\/7362","targetHints":{"allow":["GET"]}}],"collection":[{"href":"https:\/\/portosma.com.br\/index.php\/wp-json\/wp\/v2\/posts"}],"about":[{"href":"https:\/\/portosma.com.br\/index.php\/wp-json\/wp\/v2\/types\/post"}],"author":[{"embeddable":true,"href":"https:\/\/portosma.com.br\/index.php\/wp-json\/wp\/v2\/users\/1"}],"replies":[{"embeddable":true,"href":"https:\/\/portosma.com.br\/index.php\/wp-json\/wp\/v2\/comments?post=7362"}],"version-history":[{"count":2,"href":"https:\/\/portosma.com.br\/index.php\/wp-json\/wp\/v2\/posts\/7362\/revisions"}],"predecessor-version":[{"id":7366,"href":"https:\/\/portosma.com.br\/index.php\/wp-json\/wp\/v2\/posts\/7362\/revisions\/7366"}],"wp:featuredmedia":[{"embeddable":true,"href":"https:\/\/portosma.com.br\/index.php\/wp-json\/wp\/v2\/media\/7363"}],"wp:attachment":[{"href":"https:\/\/portosma.com.br\/index.php\/wp-json\/wp\/v2\/media?parent=7362"}],"wp:term":[{"taxonomy":"category","embeddable":true,"href":"https:\/\/portosma.com.br\/index.php\/wp-json\/wp\/v2\/categories?post=7362"},{"taxonomy":"post_tag","embeddable":true,"href":"https:\/\/portosma.com.br\/index.php\/wp-json\/wp\/v2\/tags?post=7362"}],"curies":[{"name":"wp","href":"https:\/\/api.w.org\/{rel}","templated":true}]}}