{"id":7331,"date":"2023-06-15T01:17:15","date_gmt":"2023-06-15T01:17:15","guid":{"rendered":"https:\/\/portosma.com.br\/?p=7331"},"modified":"2023-06-15T01:19:14","modified_gmt":"2023-06-15T01:19:14","slug":"capitania-dos-portos-do-ma-realiza-cerimonial-a-bandeira","status":"publish","type":"post","link":"https:\/\/portosma.com.br\/index.php\/2023\/06\/15\/capitania-dos-portos-do-ma-realiza-cerimonial-a-bandeira\/","title":{"rendered":"Capitania dos Portos do Maranh\u00e3o realiza Cerimonial \u00e0 Bandeira"},"content":{"rendered":"<p>A Marinha do Brasil, atrav\u00e9s da Capitania dos Portos do Maranh\u00e3o, realizou em sua sede campestre no Jenipapeiro, no \u00faltimo dia 13\/6, Cerimonial \u00e0 Bandeira Nacional, em comemora\u00e7\u00e3o ao Dia da Marinha, e em alus\u00e3o a Batalha Naval de Riachuelo (11\/06) que, em 2023, completou 158 anos. O Cerimonial \u00e0 Bandeira \u00e9 uma tradi\u00e7\u00e3o que se repete todos os dias em todas as Organiza\u00e7\u00f5es Militares da Marinha. Sempre \u00e0s 8 horas da manh\u00e3, quando \u00e9 hasteada e, ao p\u00f4r do sol quando \u00e9 arriada.<\/p>\n<p>A solenidade foi presidida pelo CMG Alexandre Roberto Janu\u00e1rio, Capit\u00e3o dos Portos do Maranh\u00e3o e foi iniciada com o i\u00e7amento do \u201cgalhardete\u201d, uma flamula verde e amarela que simboliza o in\u00edcio da cerim\u00f4nia. Seguindo o protocolo, coube ao Oficial de Servi\u00e7o dar a ordem de \u201carriar\u201d e todos, em posi\u00e7\u00e3o de sentido e contin\u00eancia, assistirem ao \u201carriamento\u201d da bandeira sob os acordes do Hino Nacional Brasileiro, executado pela Banda de M\u00fasica do Ex\u00e9rcito, Batalh\u00e3o de Caxias.<\/p>\n<p>Como ponto de destaque da cerim\u00f4nia, o Comandante Janu\u00e1rio realizou a imposi\u00e7\u00e3o do distintivo de C-ASEMSO a seis Oficiais do Corpo de Pra\u00e7as da Armada. S\u00e3o eles: Marcos Aur\u00e9lio Assun\u00e7\u00e3o Moura, Carlos Jos\u00e9 Alves dos Santos, Rog\u00e9rio Costa dos Santos, Tarcysio dos Santos Ferreira, Francisco das Chagas Silva J\u00fanior e Renilson Wellington Soares Martins.<\/p>\n<p>Antes de dar por encerrada a solenidade, foi lido o seguinte texto em homenagem ao Dia da Marinha e a Batalha Naval do Riachuelo:<\/p>\n<p><strong><span style=\"color: #333399;\">Dia da Marinha &#8211; Batalha Naval do Riachuelo<\/span><\/strong><\/p>\n<p><em><img fetchpriority=\"high\" decoding=\"async\" class=\"wp-image-7335 size-full alignleft\" src=\"https:\/\/portosma.com.br\/wp-content\/uploads\/2023\/06\/BAND-3.jpg\" alt=\"\" width=\"338\" height=\"600\" srcset=\"https:\/\/portosma.com.br\/wp-content\/uploads\/2023\/06\/BAND-3.jpg 338w, https:\/\/portosma.com.br\/wp-content\/uploads\/2023\/06\/BAND-3-169x300.jpg 169w\" sizes=\"(max-width: 338px) 100vw, 338px\" \/>O dia 11 de junho de 1865 foi decisivo para os rumos do maior conflito armado na Am\u00e9rica do Sul\/a Guerra do Paraguai. A vit\u00f3ria brasileira sobre os paraguaios na batalha naval defronte a foz do Riachuelo, afluente do Rio Paran\u00e1, garantiu o poder sobre a regi\u00e3o e, consecutivamente, o bloqueio do acesso do Paraguai ao mar, que ficou impedido de receber armamentos do exterior, inclusive os navios encoura\u00e7ados que haviam sido encomendados na Europa. O \u00eaxito brasileiro possibilitou uma nova fase da guerra, que perdurou por mais de cinco anos. Na \u00e9poca, Brasil, Argentina e Uruguai se aliaram contra as invas\u00f5es e interven\u00e7\u00f5es paraguaias na Regi\u00e3o da Prata.<\/em><\/p>\n<p><em>Os combates que se seguiram at\u00e9 o fim da guerra consolidaram a Batalha Naval do Riachuelo como crucial, j\u00e1 que ela permitiu que os aliados usassem os rios livremente para as log\u00edsticas do confronto. O conflito reuniu caracter\u00edsticas peculiares de uma batalha naval no meio fluvial, sendo travada nos espa\u00e7os reduzidos dos rios, onde a exist\u00eancia de bancos de areia tornou as manobras dif\u00edceis, exigindo daqueles que desconheciam a regi\u00e3o, maior agilidade e capacidade de decis\u00e3o. Desde ent\u00e3o, a Marinha do Brasil celebra, todos os anos, no dia 11 de junho, os feitos heroicos daqueles homens que lutaram na batalha, reconhecendo-os como exemplos e lembrando seus atos \u00e0s gera\u00e7\u00f5es que os sucederam.<\/em><\/p>\n<p><em>Os navios brasileiros na \u00e9poca eram adequados para operar no mar e n\u00e3o em \u00e1guas restritas e pouco profundas que os rios Paran\u00e1 e Paraguai exigiam. A possibilidade de encalhar era grande. Al\u00e9m do mais, esses navios possu\u00edam casco de madeira, o que os tornava muito vulner\u00e1veis \u00e0 artilharia de terra, posicionada nas margens. A vit\u00f3ria brasileira s\u00f3 foi obtida gra\u00e7as \u00e0 manobra de abalroamento das embarca\u00e7\u00f5es paraguaias. A Batalha Naval do Riachuelo \u00e9 considerada o maior feito de armas da For\u00e7a Naval Brasileira, uma vez que assegurou a liberdade de navega\u00e7\u00e3o na Bacia do Paraguai, o que levou ao triunfo definitivo dos pa\u00edses aliados.<\/em><\/p>\n<p><em>A Batalha Naval do Riachuelo foi um dos confrontos que ocorreram na Guerra do de 1865, o Brasil, a Argentina e o Uruguai assinaram o Tratado da Tr\u00edplice Alian\u00e7a Paraguai, que tamb\u00e9m \u00e9 conhecida como a Guerra da Triplice Alian\u00e7a, Em 1\u00ba de maio contra o governo paraguaio de Solano L\u00f3pez. A origem do conflito foi em 1864, quando houve uma interven\u00e7\u00e3o militar brasileira na guerra civil uruguaia e essa inger\u00eancia contrariou os planos pol\u00edticos e as alian\u00e7as do Paraguai, que considerou as a\u00e7\u00f5es brasileiras no Uruguai como um ato de guerra.<\/em><\/p>\n<p><em>A partir da\u00ed, o governo paraguaio iniciou as hostilidades ao Brasil com aprisionamento do vapor brasileiro Marqu\u00eas de Olinda no Rio Paraguai e depois com a invas\u00e3o da Prov\u00edncia do Mato Grosso As tentativas de invas\u00e3o continuaram e o pr\u00f3ximo alvo seria a Prov\u00edncia do Rio Grande do Sul. Por\u00e9m, para que os planos dessem certo, o ex\u00e9rcito paraguaio necessitaria atravessar o territ\u00f3rio argentino para poder atacar a regi\u00e3o brasileira. Como lhe foi negada a permiss\u00e3o, o Paraguai invadiu a Prov\u00edncia de Corrientes, envolvendo a Argentina no conflito. A ocupa\u00e7\u00e3o paraguaia provocou um ataque bem-sucedido do Brasil \u00e0 cidade argentina. O ato motivou Solano L\u00f3pez a planejar a a\u00e7\u00e3o que levou \u00e0 Batalha Naval de Riachuelo.<\/em><\/p>\n<p><em>No decorrer da Batalha Naval do Riachuelo, o Chefe de Divis\u00e3o Francisco Manoel Barroso da Silva da Marinha do Brasily deu duas ordens por meio de sinaliza\u00e7\u00e3o de bandeiras pelo navio capit\u00e2nia \u00e0s demais embarca\u00e7\u00f5es brasileiras que ficaram c\u00e9lebres: &#8220;O Brasil espera que cada um cumpra o seu dever!&#8221; e &#8220;Sustentar o fogo, que a vit\u00f3ria \u00e9 nossa!&#8221;.<\/em><\/p>\n<p><em>A cada 11 de junho, \u00e0s Organiza\u00e7\u00f5es Militares da Marinha i\u00e7am em seus mastros os &#8220;Sinais de Barroso&#8221; para manter viva a mem\u00f3ria desse glorioso feito.<\/em><\/p>\n<p><em>Os brasileiros que lutaram na Batalha Naval do Riachuelo foram reconhecidos como her\u00f3is pela bravura e pelo sucesso na batalha. Nomes como o do Almirante Barroso, do Guarda-Marinha Greenhalgh e do Imperial Marinheiro Marc\u00edlio Dias foram imortalizados na hist\u00f3ria do Pa\u00eds.<\/em><\/p>\n<p><strong><em>Viva a invicta Marinha de Tamandar\u00e9!<\/em><\/strong><\/p>\n<p><strong><em>Viva o Brasil!<\/em><\/strong><\/p>\n<p>&nbsp;<\/p>\n<p><span style=\"color: #333399;\"><strong>Confira a seguir a cobertura fotogr\u00e1fica do evento.<\/strong><\/span><\/p>\n<p><img decoding=\"async\" class=\"alignnone wp-image-7333 size-full\" src=\"https:\/\/portosma.com.br\/wp-content\/uploads\/2023\/06\/BAND-1.jpg\" alt=\"\" width=\"900\" height=\"410\" srcset=\"https:\/\/portosma.com.br\/wp-content\/uploads\/2023\/06\/BAND-1.jpg 900w, https:\/\/portosma.com.br\/wp-content\/uploads\/2023\/06\/BAND-1-300x137.jpg 300w, https:\/\/portosma.com.br\/wp-content\/uploads\/2023\/06\/BAND-1-768x350.jpg 768w\" sizes=\"(max-width: 900px) 100vw, 900px\" \/> <img decoding=\"async\" class=\"alignnone wp-image-7334 size-full\" src=\"https:\/\/portosma.com.br\/wp-content\/uploads\/2023\/06\/BAND-2.jpg\" alt=\"\" width=\"900\" height=\"261\" srcset=\"https:\/\/portosma.com.br\/wp-content\/uploads\/2023\/06\/BAND-2.jpg 900w, https:\/\/portosma.com.br\/wp-content\/uploads\/2023\/06\/BAND-2-300x87.jpg 300w, https:\/\/portosma.com.br\/wp-content\/uploads\/2023\/06\/BAND-2-768x223.jpg 768w\" sizes=\"(max-width: 900px) 100vw, 900px\" \/> &nbsp;<img loading=\"lazy\" decoding=\"async\" class=\"alignnone wp-image-7336 size-full\" src=\"https:\/\/portosma.com.br\/wp-content\/uploads\/2023\/06\/BAND-4.jpg\" alt=\"\" width=\"900\" height=\"323\" srcset=\"https:\/\/portosma.com.br\/wp-content\/uploads\/2023\/06\/BAND-4.jpg 900w, https:\/\/portosma.com.br\/wp-content\/uploads\/2023\/06\/BAND-4-300x108.jpg 300w, https:\/\/portosma.com.br\/wp-content\/uploads\/2023\/06\/BAND-4-768x276.jpg 768w\" sizes=\"(max-width: 900px) 100vw, 900px\" \/><\/p>\n<p><img loading=\"lazy\" decoding=\"async\" class=\"alignnone wp-image-7337 size-full\" src=\"https:\/\/portosma.com.br\/wp-content\/uploads\/2023\/06\/BAND-5.jpg\" alt=\"\" width=\"900\" height=\"316\" srcset=\"https:\/\/portosma.com.br\/wp-content\/uploads\/2023\/06\/BAND-5.jpg 900w, https:\/\/portosma.com.br\/wp-content\/uploads\/2023\/06\/BAND-5-300x105.jpg 300w, https:\/\/portosma.com.br\/wp-content\/uploads\/2023\/06\/BAND-5-768x270.jpg 768w\" sizes=\"(max-width: 900px) 100vw, 900px\" \/><\/p>\n<p><img loading=\"lazy\" decoding=\"async\" class=\"alignnone wp-image-7338 size-full\" src=\"https:\/\/portosma.com.br\/wp-content\/uploads\/2023\/06\/BAND-6.jpg\" alt=\"\" width=\"900\" height=\"245\" srcset=\"https:\/\/portosma.com.br\/wp-content\/uploads\/2023\/06\/BAND-6.jpg 900w, https:\/\/portosma.com.br\/wp-content\/uploads\/2023\/06\/BAND-6-300x82.jpg 300w, https:\/\/portosma.com.br\/wp-content\/uploads\/2023\/06\/BAND-6-768x209.jpg 768w\" sizes=\"(max-width: 900px) 100vw, 900px\" \/><\/p>\n<p><img loading=\"lazy\" decoding=\"async\" class=\"alignnone wp-image-7339 size-full\" src=\"https:\/\/portosma.com.br\/wp-content\/uploads\/2023\/06\/BAND-7.jpg\" alt=\"\" width=\"900\" height=\"369\" srcset=\"https:\/\/portosma.com.br\/wp-content\/uploads\/2023\/06\/BAND-7.jpg 900w, https:\/\/portosma.com.br\/wp-content\/uploads\/2023\/06\/BAND-7-300x123.jpg 300w, https:\/\/portosma.com.br\/wp-content\/uploads\/2023\/06\/BAND-7-768x315.jpg 768w\" sizes=\"(max-width: 900px) 100vw, 900px\" \/><\/p>\n<p><img loading=\"lazy\" decoding=\"async\" class=\"alignnone wp-image-7340 size-full\" src=\"https:\/\/portosma.com.br\/wp-content\/uploads\/2023\/06\/BAND-8.jpg\" alt=\"\" width=\"900\" height=\"324\" srcset=\"https:\/\/portosma.com.br\/wp-content\/uploads\/2023\/06\/BAND-8.jpg 900w, https:\/\/portosma.com.br\/wp-content\/uploads\/2023\/06\/BAND-8-300x108.jpg 300w, https:\/\/portosma.com.br\/wp-content\/uploads\/2023\/06\/BAND-8-768x276.jpg 768w\" sizes=\"(max-width: 900px) 100vw, 900px\" \/><\/p>\n<p><img loading=\"lazy\" decoding=\"async\" class=\"alignnone wp-image-7341 size-full\" src=\"https:\/\/portosma.com.br\/wp-content\/uploads\/2023\/06\/BAND-9.jpg\" alt=\"\" width=\"900\" height=\"358\" srcset=\"https:\/\/portosma.com.br\/wp-content\/uploads\/2023\/06\/BAND-9.jpg 900w, https:\/\/portosma.com.br\/wp-content\/uploads\/2023\/06\/BAND-9-300x119.jpg 300w, https:\/\/portosma.com.br\/wp-content\/uploads\/2023\/06\/BAND-9-768x305.jpg 768w\" sizes=\"(max-width: 900px) 100vw, 900px\" \/><\/p>\n<p><img loading=\"lazy\" decoding=\"async\" class=\"alignnone wp-image-7342 size-full\" src=\"https:\/\/portosma.com.br\/wp-content\/uploads\/2023\/06\/BAND-10.jpg\" alt=\"\" width=\"900\" height=\"398\" srcset=\"https:\/\/portosma.com.br\/wp-content\/uploads\/2023\/06\/BAND-10.jpg 900w, https:\/\/portosma.com.br\/wp-content\/uploads\/2023\/06\/BAND-10-300x133.jpg 300w, https:\/\/portosma.com.br\/wp-content\/uploads\/2023\/06\/BAND-10-768x340.jpg 768w\" sizes=\"(max-width: 900px) 100vw, 900px\" \/><\/p>\n<p><img loading=\"lazy\" decoding=\"async\" class=\"alignnone wp-image-7343 size-full\" src=\"https:\/\/portosma.com.br\/wp-content\/uploads\/2023\/06\/BAND-11.jpg\" alt=\"\" width=\"900\" height=\"443\" srcset=\"https:\/\/portosma.com.br\/wp-content\/uploads\/2023\/06\/BAND-11.jpg 900w, https:\/\/portosma.com.br\/wp-content\/uploads\/2023\/06\/BAND-11-300x148.jpg 300w, https:\/\/portosma.com.br\/wp-content\/uploads\/2023\/06\/BAND-11-768x378.jpg 768w\" sizes=\"(max-width: 900px) 100vw, 900px\" \/><\/p>\n","protected":false},"excerpt":{"rendered":"<p>Esta \u00e9 uma tradi\u00e7\u00e3o que se repete todos os dias em todas as Organiza\u00e7\u00f5es da Marinha. Sempre \u00e0s 8 da manh\u00e3 e ao p\u00f4r do sol quando \u00e9 arriada.<\/p>\n","protected":false},"author":1,"featured_media":7332,"comment_status":"closed","ping_status":"open","sticky":false,"template":"","format":"standard","meta":{"_editorskit_title_hidden":false,"_editorskit_reading_time":0,"_editorskit_is_block_options_detached":false,"_editorskit_block_options_position":"{}","ngg_post_thumbnail":0,"footnotes":""},"categories":[1],"tags":[],"class_list":["post-7331","post","type-post","status-publish","format-standard","has-post-thumbnail","hentry","category-noticias"],"yoast_head":"<!-- This site is optimized with the Yoast SEO plugin v22.5 - https:\/\/yoast.com\/wordpress\/plugins\/seo\/ -->\n<title>Capitania dos Portos do Maranh\u00e3o realiza Cerimonial \u00e0 Bandeira - Portosma<\/title>\n<meta name=\"robots\" content=\"index, follow, max-snippet:-1, max-image-preview:large, max-video-preview:-1\" \/>\n<link rel=\"canonical\" href=\"https:\/\/portosma.com.br\/index.php\/2023\/06\/15\/capitania-dos-portos-do-ma-realiza-cerimonial-a-bandeira\/\" \/>\n<meta property=\"og:locale\" content=\"pt_BR\" \/>\n<meta property=\"og:type\" content=\"article\" \/>\n<meta property=\"og:title\" content=\"Capitania dos Portos do Maranh\u00e3o realiza Cerimonial \u00e0 Bandeira - Portosma\" \/>\n<meta property=\"og:description\" content=\"Esta \u00e9 uma tradi\u00e7\u00e3o que se repete todos os dias em todas as Organiza\u00e7\u00f5es da Marinha. Sempre \u00e0s 8 da manh\u00e3 e ao p\u00f4r do sol quando \u00e9 arriada.\" \/>\n<meta property=\"og:url\" content=\"https:\/\/portosma.com.br\/index.php\/2023\/06\/15\/capitania-dos-portos-do-ma-realiza-cerimonial-a-bandeira\/\" \/>\n<meta property=\"og:site_name\" content=\"Portosma\" \/>\n<meta property=\"article:published_time\" content=\"2023-06-15T01:17:15+00:00\" \/>\n<meta property=\"article:modified_time\" content=\"2023-06-15T01:19:14+00:00\" \/>\n<meta property=\"og:image\" content=\"https:\/\/portosma.com.br\/wp-content\/uploads\/2023\/06\/BAND-CAPA.jpg\" \/>\n\t<meta property=\"og:image:width\" content=\"1200\" \/>\n\t<meta property=\"og:image:height\" content=\"501\" \/>\n\t<meta property=\"og:image:type\" content=\"image\/jpeg\" \/>\n<meta name=\"author\" content=\"admin\" \/>\n<meta name=\"twitter:card\" content=\"summary_large_image\" \/>\n<meta name=\"twitter:label1\" content=\"Escrito por\" \/>\n\t<meta name=\"twitter:data1\" content=\"admin\" \/>\n\t<meta name=\"twitter:label2\" content=\"Est. tempo de leitura\" \/>\n\t<meta name=\"twitter:data2\" content=\"5 minutos\" \/>\n<script type=\"application\/ld+json\" class=\"yoast-schema-graph\">{\"@context\":\"https:\/\/schema.org\",\"@graph\":[{\"@type\":\"Article\",\"@id\":\"https:\/\/portosma.com.br\/index.php\/2023\/06\/15\/capitania-dos-portos-do-ma-realiza-cerimonial-a-bandeira\/#article\",\"isPartOf\":{\"@id\":\"https:\/\/portosma.com.br\/index.php\/2023\/06\/15\/capitania-dos-portos-do-ma-realiza-cerimonial-a-bandeira\/\"},\"author\":{\"name\":\"admin\",\"@id\":\"https:\/\/portosma.com.br\/#\/schema\/person\/fb92dfe283ab47293259c87c813d8623\"},\"headline\":\"Capitania dos Portos do Maranh\u00e3o realiza Cerimonial \u00e0 Bandeira\",\"datePublished\":\"2023-06-15T01:17:15+00:00\",\"dateModified\":\"2023-06-15T01:19:14+00:00\",\"mainEntityOfPage\":{\"@id\":\"https:\/\/portosma.com.br\/index.php\/2023\/06\/15\/capitania-dos-portos-do-ma-realiza-cerimonial-a-bandeira\/\"},\"wordCount\":1003,\"publisher\":{\"@id\":\"https:\/\/portosma.com.br\/#organization\"},\"image\":{\"@id\":\"https:\/\/portosma.com.br\/index.php\/2023\/06\/15\/capitania-dos-portos-do-ma-realiza-cerimonial-a-bandeira\/#primaryimage\"},\"thumbnailUrl\":\"https:\/\/portosma.com.br\/wp-content\/uploads\/2023\/06\/BAND-CAPA.jpg\",\"articleSection\":[\"Not\u00edcias\"],\"inLanguage\":\"pt-BR\"},{\"@type\":\"WebPage\",\"@id\":\"https:\/\/portosma.com.br\/index.php\/2023\/06\/15\/capitania-dos-portos-do-ma-realiza-cerimonial-a-bandeira\/\",\"url\":\"https:\/\/portosma.com.br\/index.php\/2023\/06\/15\/capitania-dos-portos-do-ma-realiza-cerimonial-a-bandeira\/\",\"name\":\"Capitania dos Portos do Maranh\u00e3o realiza Cerimonial \u00e0 Bandeira - Portosma\",\"isPartOf\":{\"@id\":\"https:\/\/portosma.com.br\/#website\"},\"primaryImageOfPage\":{\"@id\":\"https:\/\/portosma.com.br\/index.php\/2023\/06\/15\/capitania-dos-portos-do-ma-realiza-cerimonial-a-bandeira\/#primaryimage\"},\"image\":{\"@id\":\"https:\/\/portosma.com.br\/index.php\/2023\/06\/15\/capitania-dos-portos-do-ma-realiza-cerimonial-a-bandeira\/#primaryimage\"},\"thumbnailUrl\":\"https:\/\/portosma.com.br\/wp-content\/uploads\/2023\/06\/BAND-CAPA.jpg\",\"datePublished\":\"2023-06-15T01:17:15+00:00\",\"dateModified\":\"2023-06-15T01:19:14+00:00\",\"breadcrumb\":{\"@id\":\"https:\/\/portosma.com.br\/index.php\/2023\/06\/15\/capitania-dos-portos-do-ma-realiza-cerimonial-a-bandeira\/#breadcrumb\"},\"inLanguage\":\"pt-BR\",\"potentialAction\":[{\"@type\":\"ReadAction\",\"target\":[\"https:\/\/portosma.com.br\/index.php\/2023\/06\/15\/capitania-dos-portos-do-ma-realiza-cerimonial-a-bandeira\/\"]}]},{\"@type\":\"ImageObject\",\"inLanguage\":\"pt-BR\",\"@id\":\"https:\/\/portosma.com.br\/index.php\/2023\/06\/15\/capitania-dos-portos-do-ma-realiza-cerimonial-a-bandeira\/#primaryimage\",\"url\":\"https:\/\/portosma.com.br\/wp-content\/uploads\/2023\/06\/BAND-CAPA.jpg\",\"contentUrl\":\"https:\/\/portosma.com.br\/wp-content\/uploads\/2023\/06\/BAND-CAPA.jpg\",\"width\":1200,\"height\":501},{\"@type\":\"BreadcrumbList\",\"@id\":\"https:\/\/portosma.com.br\/index.php\/2023\/06\/15\/capitania-dos-portos-do-ma-realiza-cerimonial-a-bandeira\/#breadcrumb\",\"itemListElement\":[{\"@type\":\"ListItem\",\"position\":1,\"name\":\"In\u00edcio\",\"item\":\"https:\/\/portosma.com.br\/\"},{\"@type\":\"ListItem\",\"position\":2,\"name\":\"Capitania dos Portos do Maranh\u00e3o realiza Cerimonial \u00e0 Bandeira\"}]},{\"@type\":\"WebSite\",\"@id\":\"https:\/\/portosma.com.br\/#website\",\"url\":\"https:\/\/portosma.com.br\/\",\"name\":\"Portosma\",\"description\":\"Um site de not\u00edcias\",\"publisher\":{\"@id\":\"https:\/\/portosma.com.br\/#organization\"},\"potentialAction\":[{\"@type\":\"SearchAction\",\"target\":{\"@type\":\"EntryPoint\",\"urlTemplate\":\"https:\/\/portosma.com.br\/?s={search_term_string}\"},\"query-input\":\"required name=search_term_string\"}],\"inLanguage\":\"pt-BR\"},{\"@type\":\"Organization\",\"@id\":\"https:\/\/portosma.com.br\/#organization\",\"name\":\"Portosma\",\"alternateName\":\"Portosma\",\"url\":\"https:\/\/portosma.com.br\/\",\"logo\":{\"@type\":\"ImageObject\",\"inLanguage\":\"pt-BR\",\"@id\":\"https:\/\/portosma.com.br\/#\/schema\/logo\/image\/\",\"url\":\"https:\/\/portosma.com.br\/wp-content\/uploads\/2026\/03\/cropped-AD-PORTOSMA.jpg\",\"contentUrl\":\"https:\/\/portosma.com.br\/wp-content\/uploads\/2026\/03\/cropped-AD-PORTOSMA.jpg\",\"width\":400,\"height\":115,\"caption\":\"Portosma\"},\"image\":{\"@id\":\"https:\/\/portosma.com.br\/#\/schema\/logo\/image\/\"}},{\"@type\":\"Person\",\"@id\":\"https:\/\/portosma.com.br\/#\/schema\/person\/fb92dfe283ab47293259c87c813d8623\",\"name\":\"admin\",\"sameAs\":[\"https:\/\/portosma.com.br\"],\"url\":\"https:\/\/portosma.com.br\/index.php\/author\/portosma\/\"}]}<\/script>\n<!-- \/ Yoast SEO plugin. -->","yoast_head_json":{"title":"Capitania dos Portos do Maranh\u00e3o realiza Cerimonial \u00e0 Bandeira - Portosma","robots":{"index":"index","follow":"follow","max-snippet":"max-snippet:-1","max-image-preview":"max-image-preview:large","max-video-preview":"max-video-preview:-1"},"canonical":"https:\/\/portosma.com.br\/index.php\/2023\/06\/15\/capitania-dos-portos-do-ma-realiza-cerimonial-a-bandeira\/","og_locale":"pt_BR","og_type":"article","og_title":"Capitania dos Portos do Maranh\u00e3o realiza Cerimonial \u00e0 Bandeira - Portosma","og_description":"Esta \u00e9 uma tradi\u00e7\u00e3o que se repete todos os dias em todas as Organiza\u00e7\u00f5es da Marinha. Sempre \u00e0s 8 da manh\u00e3 e ao p\u00f4r do sol quando \u00e9 arriada.","og_url":"https:\/\/portosma.com.br\/index.php\/2023\/06\/15\/capitania-dos-portos-do-ma-realiza-cerimonial-a-bandeira\/","og_site_name":"Portosma","article_published_time":"2023-06-15T01:17:15+00:00","article_modified_time":"2023-06-15T01:19:14+00:00","og_image":[{"width":1200,"height":501,"url":"https:\/\/portosma.com.br\/wp-content\/uploads\/2023\/06\/BAND-CAPA.jpg","type":"image\/jpeg"}],"author":"admin","twitter_card":"summary_large_image","twitter_misc":{"Escrito por":"admin","Est. tempo de leitura":"5 minutos"},"schema":{"@context":"https:\/\/schema.org","@graph":[{"@type":"Article","@id":"https:\/\/portosma.com.br\/index.php\/2023\/06\/15\/capitania-dos-portos-do-ma-realiza-cerimonial-a-bandeira\/#article","isPartOf":{"@id":"https:\/\/portosma.com.br\/index.php\/2023\/06\/15\/capitania-dos-portos-do-ma-realiza-cerimonial-a-bandeira\/"},"author":{"name":"admin","@id":"https:\/\/portosma.com.br\/#\/schema\/person\/fb92dfe283ab47293259c87c813d8623"},"headline":"Capitania dos Portos do Maranh\u00e3o realiza Cerimonial \u00e0 Bandeira","datePublished":"2023-06-15T01:17:15+00:00","dateModified":"2023-06-15T01:19:14+00:00","mainEntityOfPage":{"@id":"https:\/\/portosma.com.br\/index.php\/2023\/06\/15\/capitania-dos-portos-do-ma-realiza-cerimonial-a-bandeira\/"},"wordCount":1003,"publisher":{"@id":"https:\/\/portosma.com.br\/#organization"},"image":{"@id":"https:\/\/portosma.com.br\/index.php\/2023\/06\/15\/capitania-dos-portos-do-ma-realiza-cerimonial-a-bandeira\/#primaryimage"},"thumbnailUrl":"https:\/\/portosma.com.br\/wp-content\/uploads\/2023\/06\/BAND-CAPA.jpg","articleSection":["Not\u00edcias"],"inLanguage":"pt-BR"},{"@type":"WebPage","@id":"https:\/\/portosma.com.br\/index.php\/2023\/06\/15\/capitania-dos-portos-do-ma-realiza-cerimonial-a-bandeira\/","url":"https:\/\/portosma.com.br\/index.php\/2023\/06\/15\/capitania-dos-portos-do-ma-realiza-cerimonial-a-bandeira\/","name":"Capitania dos Portos do Maranh\u00e3o realiza Cerimonial \u00e0 Bandeira - Portosma","isPartOf":{"@id":"https:\/\/portosma.com.br\/#website"},"primaryImageOfPage":{"@id":"https:\/\/portosma.com.br\/index.php\/2023\/06\/15\/capitania-dos-portos-do-ma-realiza-cerimonial-a-bandeira\/#primaryimage"},"image":{"@id":"https:\/\/portosma.com.br\/index.php\/2023\/06\/15\/capitania-dos-portos-do-ma-realiza-cerimonial-a-bandeira\/#primaryimage"},"thumbnailUrl":"https:\/\/portosma.com.br\/wp-content\/uploads\/2023\/06\/BAND-CAPA.jpg","datePublished":"2023-06-15T01:17:15+00:00","dateModified":"2023-06-15T01:19:14+00:00","breadcrumb":{"@id":"https:\/\/portosma.com.br\/index.php\/2023\/06\/15\/capitania-dos-portos-do-ma-realiza-cerimonial-a-bandeira\/#breadcrumb"},"inLanguage":"pt-BR","potentialAction":[{"@type":"ReadAction","target":["https:\/\/portosma.com.br\/index.php\/2023\/06\/15\/capitania-dos-portos-do-ma-realiza-cerimonial-a-bandeira\/"]}]},{"@type":"ImageObject","inLanguage":"pt-BR","@id":"https:\/\/portosma.com.br\/index.php\/2023\/06\/15\/capitania-dos-portos-do-ma-realiza-cerimonial-a-bandeira\/#primaryimage","url":"https:\/\/portosma.com.br\/wp-content\/uploads\/2023\/06\/BAND-CAPA.jpg","contentUrl":"https:\/\/portosma.com.br\/wp-content\/uploads\/2023\/06\/BAND-CAPA.jpg","width":1200,"height":501},{"@type":"BreadcrumbList","@id":"https:\/\/portosma.com.br\/index.php\/2023\/06\/15\/capitania-dos-portos-do-ma-realiza-cerimonial-a-bandeira\/#breadcrumb","itemListElement":[{"@type":"ListItem","position":1,"name":"In\u00edcio","item":"https:\/\/portosma.com.br\/"},{"@type":"ListItem","position":2,"name":"Capitania dos Portos do Maranh\u00e3o realiza Cerimonial \u00e0 Bandeira"}]},{"@type":"WebSite","@id":"https:\/\/portosma.com.br\/#website","url":"https:\/\/portosma.com.br\/","name":"Portosma","description":"Um site de not\u00edcias","publisher":{"@id":"https:\/\/portosma.com.br\/#organization"},"potentialAction":[{"@type":"SearchAction","target":{"@type":"EntryPoint","urlTemplate":"https:\/\/portosma.com.br\/?s={search_term_string}"},"query-input":"required name=search_term_string"}],"inLanguage":"pt-BR"},{"@type":"Organization","@id":"https:\/\/portosma.com.br\/#organization","name":"Portosma","alternateName":"Portosma","url":"https:\/\/portosma.com.br\/","logo":{"@type":"ImageObject","inLanguage":"pt-BR","@id":"https:\/\/portosma.com.br\/#\/schema\/logo\/image\/","url":"https:\/\/portosma.com.br\/wp-content\/uploads\/2026\/03\/cropped-AD-PORTOSMA.jpg","contentUrl":"https:\/\/portosma.com.br\/wp-content\/uploads\/2026\/03\/cropped-AD-PORTOSMA.jpg","width":400,"height":115,"caption":"Portosma"},"image":{"@id":"https:\/\/portosma.com.br\/#\/schema\/logo\/image\/"}},{"@type":"Person","@id":"https:\/\/portosma.com.br\/#\/schema\/person\/fb92dfe283ab47293259c87c813d8623","name":"admin","sameAs":["https:\/\/portosma.com.br"],"url":"https:\/\/portosma.com.br\/index.php\/author\/portosma\/"}]}},"_links":{"self":[{"href":"https:\/\/portosma.com.br\/index.php\/wp-json\/wp\/v2\/posts\/7331","targetHints":{"allow":["GET"]}}],"collection":[{"href":"https:\/\/portosma.com.br\/index.php\/wp-json\/wp\/v2\/posts"}],"about":[{"href":"https:\/\/portosma.com.br\/index.php\/wp-json\/wp\/v2\/types\/post"}],"author":[{"embeddable":true,"href":"https:\/\/portosma.com.br\/index.php\/wp-json\/wp\/v2\/users\/1"}],"replies":[{"embeddable":true,"href":"https:\/\/portosma.com.br\/index.php\/wp-json\/wp\/v2\/comments?post=7331"}],"version-history":[{"count":2,"href":"https:\/\/portosma.com.br\/index.php\/wp-json\/wp\/v2\/posts\/7331\/revisions"}],"predecessor-version":[{"id":7345,"href":"https:\/\/portosma.com.br\/index.php\/wp-json\/wp\/v2\/posts\/7331\/revisions\/7345"}],"wp:featuredmedia":[{"embeddable":true,"href":"https:\/\/portosma.com.br\/index.php\/wp-json\/wp\/v2\/media\/7332"}],"wp:attachment":[{"href":"https:\/\/portosma.com.br\/index.php\/wp-json\/wp\/v2\/media?parent=7331"}],"wp:term":[{"taxonomy":"category","embeddable":true,"href":"https:\/\/portosma.com.br\/index.php\/wp-json\/wp\/v2\/categories?post=7331"},{"taxonomy":"post_tag","embeddable":true,"href":"https:\/\/portosma.com.br\/index.php\/wp-json\/wp\/v2\/tags?post=7331"}],"curies":[{"name":"wp","href":"https:\/\/api.w.org\/{rel}","templated":true}]}}