{"id":6217,"date":"2023-04-20T14:05:34","date_gmt":"2023-04-20T14:05:34","guid":{"rendered":"https:\/\/portosma.com.br\/?p=6217"},"modified":"2023-04-20T14:09:05","modified_gmt":"2023-04-20T14:09:05","slug":"itaqui-participa-de-audiencia-publica-sobre-setor-portuario-no-senado-federal","status":"publish","type":"post","link":"https:\/\/portosma.com.br\/index.php\/2023\/04\/20\/itaqui-participa-de-audiencia-publica-sobre-setor-portuario-no-senado-federal\/","title":{"rendered":"Itaqui participa no Senado de audi\u00eancia p\u00fablica sobre portos"},"content":{"rendered":"<p>O presidente da Empresa Maranhense de Administra\u00e7\u00e3o Portu\u00e1ria (EMAP), Gilberto Lins, participou, na manh\u00e3 da \u00faltima quarta-feira (19), da audi\u00eancia p\u00fablica sobre os setores portu\u00e1rio e aeroportu\u00e1rio promovida pelas Comiss\u00f5es de Infraestrutura (CI) e de Desenvolvimento Regional (CDR), no Senado Federal, em Bras\u00edlia.<\/p>\n<p>Na ocasi\u00e3o, o ministro de Portos e Aeroportos (MPOR), M\u00e1rcio Fran\u00e7a, apresentou aos senadores presentes um panorama da sua pasta e as perspectivas de atua\u00e7\u00e3o do novo governo em rela\u00e7\u00e3o \u00e0 infraestrutura portu\u00e1ria e aeroportu\u00e1ria para os pr\u00f3ximos dois anos.<\/p>\n<figure id=\"attachment_6219\" aria-describedby=\"caption-attachment-6219\" style=\"width: 400px\" class=\"wp-caption alignleft\"><img fetchpriority=\"high\" decoding=\"async\" class=\"wp-image-6219 size-full\" src=\"https:\/\/portosma.com.br\/wp-content\/uploads\/2023\/04\/AUDIENCIA-2.jpg\" alt=\"\" width=\"400\" height=\"247\" srcset=\"https:\/\/portosma.com.br\/wp-content\/uploads\/2023\/04\/AUDIENCIA-2.jpg 400w, https:\/\/portosma.com.br\/wp-content\/uploads\/2023\/04\/AUDIENCIA-2-300x185.jpg 300w\" sizes=\"(max-width: 400px) 100vw, 400px\" \/><figcaption id=\"caption-attachment-6219\" class=\"wp-caption-text\"><strong><span style=\"color: #993300;\"><em>O presidente da EMAP Gilberto Lins (centro), entre o ministro M\u00e1rcio Fran\u00e7a e o senador Marcelo Castro.<\/em><\/span><\/strong><\/figcaption><\/figure>\n<p>Para o presidente da EMAP, Gilberto Lins, a participa\u00e7\u00e3o na audi\u00eancia \u00e9 uma demonstra\u00e7\u00e3o de alinhamento com os planos do minist\u00e9rio para o setor. &#8220;O Porto do Itaqui \u00e9 um porto delegado ao Maranh\u00e3o e estrat\u00e9gico para o estado, o pa\u00eds e o mundo. Nosso porto representa um exemplo de sucesso, com investimentos em infraestrutura portu\u00e1ria via recursos p\u00fablicos e privados, gest\u00e3o moderna e projetos de inova\u00e7\u00e3o e sustentabilidade, alavancando n\u00e3o s\u00f3 o agroneg\u00f3cio, como tamb\u00e9m o setor energ\u00e9tico&#8221;, afirmou.<\/p>\n<p>Durante a audi\u00eancia, o ministro M\u00e1rcio Fran\u00e7a destacou a import\u00e2ncia dos portos brasileiros para o com\u00e9rcio exterior e o potencial nacional no tr\u00e1fego mar\u00edtimo sul-americano, al\u00e9m de discutir propostas para expans\u00e3o de hidrovias e incentivo ao setor aeroportu\u00e1rio do pa\u00eds.<\/p>\n<p>Participa\u00e7\u00e3o popular &#8211; As audi\u00eancias p\u00fablicas s\u00e3o uma forma de participa\u00e7\u00e3o popular nas atividades do Senado Federal. Elas s\u00e3o realizadas pelas comiss\u00f5es da casa legislativa, que convocam, a cada dois anos, ministros de Estado ou titulares de \u00f3rg\u00e3os diretamente subordinados \u00e0 Presid\u00eancia da Rep\u00fablica para que prestem informa\u00e7\u00f5es sobre assuntos inerentes a suas atribui\u00e7\u00f5es.<\/p>\n<p>Nessas audi\u00eancias, os participantes podem enviar perguntas e coment\u00e1rios pelo telefone da Ouvidoria do Senado (0800 061 2211) ou pelo\u202fPortal e\u2011Cidadania.<\/p>\n<p>&nbsp;<\/p>\n<p><span style=\"color: #808080;\"><em><strong>Fonte: AN Governo do Maranh\u00e3o<\/strong><\/em><\/span><\/p>\n","protected":false},"excerpt":{"rendered":"<p>Na ocasi\u00e3o, o ministro de Portos M\u00e1rcio Fran\u00e7a, apresentou as perspectivas de atua\u00e7\u00e3o do novo governo para os pr\u00f3ximos dois anos.<\/p>\n","protected":false},"author":1,"featured_media":6218,"comment_status":"closed","ping_status":"open","sticky":false,"template":"","format":"standard","meta":{"_editorskit_title_hidden":false,"_editorskit_reading_time":0,"_editorskit_is_block_options_detached":false,"_editorskit_block_options_position":"{}","ngg_post_thumbnail":0,"footnotes":""},"categories":[1],"tags":[],"class_list":["post-6217","post","type-post","status-publish","format-standard","has-post-thumbnail","hentry","category-noticias"],"yoast_head":"<!-- This site is optimized with the Yoast SEO plugin v22.5 - https:\/\/yoast.com\/wordpress\/plugins\/seo\/ -->\n<title>Itaqui participa no Senado de audi\u00eancia p\u00fablica sobre portos - Portosma<\/title>\n<meta name=\"robots\" content=\"index, follow, max-snippet:-1, max-image-preview:large, max-video-preview:-1\" \/>\n<link rel=\"canonical\" href=\"https:\/\/portosma.com.br\/index.php\/2023\/04\/20\/itaqui-participa-de-audiencia-publica-sobre-setor-portuario-no-senado-federal\/\" \/>\n<meta property=\"og:locale\" content=\"pt_BR\" \/>\n<meta property=\"og:type\" content=\"article\" \/>\n<meta property=\"og:title\" content=\"Itaqui participa no Senado de audi\u00eancia p\u00fablica sobre portos - Portosma\" \/>\n<meta property=\"og:description\" content=\"Na ocasi\u00e3o, o ministro de Portos M\u00e1rcio Fran\u00e7a, apresentou as perspectivas de atua\u00e7\u00e3o do novo governo para os pr\u00f3ximos dois anos.\" \/>\n<meta property=\"og:url\" content=\"https:\/\/portosma.com.br\/index.php\/2023\/04\/20\/itaqui-participa-de-audiencia-publica-sobre-setor-portuario-no-senado-federal\/\" \/>\n<meta property=\"og:site_name\" content=\"Portosma\" \/>\n<meta property=\"article:published_time\" content=\"2023-04-20T14:05:34+00:00\" \/>\n<meta property=\"article:modified_time\" content=\"2023-04-20T14:09:05+00:00\" \/>\n<meta property=\"og:image\" content=\"https:\/\/portosma.com.br\/wp-content\/uploads\/2023\/04\/AUDIENCIA-1.jpg\" \/>\n\t<meta property=\"og:image:width\" content=\"1200\" \/>\n\t<meta property=\"og:image:height\" content=\"502\" \/>\n\t<meta property=\"og:image:type\" content=\"image\/jpeg\" \/>\n<meta name=\"author\" content=\"admin\" \/>\n<meta name=\"twitter:card\" content=\"summary_large_image\" \/>\n<meta name=\"twitter:label1\" content=\"Escrito por\" \/>\n\t<meta name=\"twitter:data1\" content=\"admin\" \/>\n\t<meta name=\"twitter:label2\" content=\"Est. tempo de leitura\" \/>\n\t<meta name=\"twitter:data2\" content=\"2 minutos\" \/>\n<script type=\"application\/ld+json\" class=\"yoast-schema-graph\">{\"@context\":\"https:\/\/schema.org\",\"@graph\":[{\"@type\":\"Article\",\"@id\":\"https:\/\/portosma.com.br\/index.php\/2023\/04\/20\/itaqui-participa-de-audiencia-publica-sobre-setor-portuario-no-senado-federal\/#article\",\"isPartOf\":{\"@id\":\"https:\/\/portosma.com.br\/index.php\/2023\/04\/20\/itaqui-participa-de-audiencia-publica-sobre-setor-portuario-no-senado-federal\/\"},\"author\":{\"name\":\"admin\",\"@id\":\"https:\/\/portosma.com.br\/#\/schema\/person\/fb92dfe283ab47293259c87c813d8623\"},\"headline\":\"Itaqui participa no Senado de audi\u00eancia p\u00fablica sobre portos\",\"datePublished\":\"2023-04-20T14:05:34+00:00\",\"dateModified\":\"2023-04-20T14:09:05+00:00\",\"mainEntityOfPage\":{\"@id\":\"https:\/\/portosma.com.br\/index.php\/2023\/04\/20\/itaqui-participa-de-audiencia-publica-sobre-setor-portuario-no-senado-federal\/\"},\"wordCount\":372,\"publisher\":{\"@id\":\"https:\/\/portosma.com.br\/#organization\"},\"image\":{\"@id\":\"https:\/\/portosma.com.br\/index.php\/2023\/04\/20\/itaqui-participa-de-audiencia-publica-sobre-setor-portuario-no-senado-federal\/#primaryimage\"},\"thumbnailUrl\":\"https:\/\/portosma.com.br\/wp-content\/uploads\/2023\/04\/AUDIENCIA-1.jpg\",\"articleSection\":[\"Not\u00edcias\"],\"inLanguage\":\"pt-BR\"},{\"@type\":\"WebPage\",\"@id\":\"https:\/\/portosma.com.br\/index.php\/2023\/04\/20\/itaqui-participa-de-audiencia-publica-sobre-setor-portuario-no-senado-federal\/\",\"url\":\"https:\/\/portosma.com.br\/index.php\/2023\/04\/20\/itaqui-participa-de-audiencia-publica-sobre-setor-portuario-no-senado-federal\/\",\"name\":\"Itaqui participa no Senado de audi\u00eancia p\u00fablica sobre portos - Portosma\",\"isPartOf\":{\"@id\":\"https:\/\/portosma.com.br\/#website\"},\"primaryImageOfPage\":{\"@id\":\"https:\/\/portosma.com.br\/index.php\/2023\/04\/20\/itaqui-participa-de-audiencia-publica-sobre-setor-portuario-no-senado-federal\/#primaryimage\"},\"image\":{\"@id\":\"https:\/\/portosma.com.br\/index.php\/2023\/04\/20\/itaqui-participa-de-audiencia-publica-sobre-setor-portuario-no-senado-federal\/#primaryimage\"},\"thumbnailUrl\":\"https:\/\/portosma.com.br\/wp-content\/uploads\/2023\/04\/AUDIENCIA-1.jpg\",\"datePublished\":\"2023-04-20T14:05:34+00:00\",\"dateModified\":\"2023-04-20T14:09:05+00:00\",\"breadcrumb\":{\"@id\":\"https:\/\/portosma.com.br\/index.php\/2023\/04\/20\/itaqui-participa-de-audiencia-publica-sobre-setor-portuario-no-senado-federal\/#breadcrumb\"},\"inLanguage\":\"pt-BR\",\"potentialAction\":[{\"@type\":\"ReadAction\",\"target\":[\"https:\/\/portosma.com.br\/index.php\/2023\/04\/20\/itaqui-participa-de-audiencia-publica-sobre-setor-portuario-no-senado-federal\/\"]}]},{\"@type\":\"ImageObject\",\"inLanguage\":\"pt-BR\",\"@id\":\"https:\/\/portosma.com.br\/index.php\/2023\/04\/20\/itaqui-participa-de-audiencia-publica-sobre-setor-portuario-no-senado-federal\/#primaryimage\",\"url\":\"https:\/\/portosma.com.br\/wp-content\/uploads\/2023\/04\/AUDIENCIA-1.jpg\",\"contentUrl\":\"https:\/\/portosma.com.br\/wp-content\/uploads\/2023\/04\/AUDIENCIA-1.jpg\",\"width\":1200,\"height\":502},{\"@type\":\"BreadcrumbList\",\"@id\":\"https:\/\/portosma.com.br\/index.php\/2023\/04\/20\/itaqui-participa-de-audiencia-publica-sobre-setor-portuario-no-senado-federal\/#breadcrumb\",\"itemListElement\":[{\"@type\":\"ListItem\",\"position\":1,\"name\":\"In\u00edcio\",\"item\":\"https:\/\/portosma.com.br\/\"},{\"@type\":\"ListItem\",\"position\":2,\"name\":\"Itaqui participa no Senado de audi\u00eancia p\u00fablica sobre portos\"}]},{\"@type\":\"WebSite\",\"@id\":\"https:\/\/portosma.com.br\/#website\",\"url\":\"https:\/\/portosma.com.br\/\",\"name\":\"Portosma\",\"description\":\"Um site de not\u00edcias\",\"publisher\":{\"@id\":\"https:\/\/portosma.com.br\/#organization\"},\"potentialAction\":[{\"@type\":\"SearchAction\",\"target\":{\"@type\":\"EntryPoint\",\"urlTemplate\":\"https:\/\/portosma.com.br\/?s={search_term_string}\"},\"query-input\":\"required name=search_term_string\"}],\"inLanguage\":\"pt-BR\"},{\"@type\":\"Organization\",\"@id\":\"https:\/\/portosma.com.br\/#organization\",\"name\":\"Portosma\",\"alternateName\":\"Portosma\",\"url\":\"https:\/\/portosma.com.br\/\",\"logo\":{\"@type\":\"ImageObject\",\"inLanguage\":\"pt-BR\",\"@id\":\"https:\/\/portosma.com.br\/#\/schema\/logo\/image\/\",\"url\":\"https:\/\/portosma.com.br\/wp-content\/uploads\/2026\/03\/cropped-AD-PORTOSMA.jpg\",\"contentUrl\":\"https:\/\/portosma.com.br\/wp-content\/uploads\/2026\/03\/cropped-AD-PORTOSMA.jpg\",\"width\":400,\"height\":115,\"caption\":\"Portosma\"},\"image\":{\"@id\":\"https:\/\/portosma.com.br\/#\/schema\/logo\/image\/\"}},{\"@type\":\"Person\",\"@id\":\"https:\/\/portosma.com.br\/#\/schema\/person\/fb92dfe283ab47293259c87c813d8623\",\"name\":\"admin\",\"sameAs\":[\"https:\/\/portosma.com.br\"],\"url\":\"https:\/\/portosma.com.br\/index.php\/author\/portosma\/\"}]}<\/script>\n<!-- \/ Yoast SEO plugin. -->","yoast_head_json":{"title":"Itaqui participa no Senado de audi\u00eancia p\u00fablica sobre portos - Portosma","robots":{"index":"index","follow":"follow","max-snippet":"max-snippet:-1","max-image-preview":"max-image-preview:large","max-video-preview":"max-video-preview:-1"},"canonical":"https:\/\/portosma.com.br\/index.php\/2023\/04\/20\/itaqui-participa-de-audiencia-publica-sobre-setor-portuario-no-senado-federal\/","og_locale":"pt_BR","og_type":"article","og_title":"Itaqui participa no Senado de audi\u00eancia p\u00fablica sobre portos - Portosma","og_description":"Na ocasi\u00e3o, o ministro de Portos M\u00e1rcio Fran\u00e7a, apresentou as perspectivas de atua\u00e7\u00e3o do novo governo para os pr\u00f3ximos dois anos.","og_url":"https:\/\/portosma.com.br\/index.php\/2023\/04\/20\/itaqui-participa-de-audiencia-publica-sobre-setor-portuario-no-senado-federal\/","og_site_name":"Portosma","article_published_time":"2023-04-20T14:05:34+00:00","article_modified_time":"2023-04-20T14:09:05+00:00","og_image":[{"width":1200,"height":502,"url":"https:\/\/portosma.com.br\/wp-content\/uploads\/2023\/04\/AUDIENCIA-1.jpg","type":"image\/jpeg"}],"author":"admin","twitter_card":"summary_large_image","twitter_misc":{"Escrito por":"admin","Est. tempo de leitura":"2 minutos"},"schema":{"@context":"https:\/\/schema.org","@graph":[{"@type":"Article","@id":"https:\/\/portosma.com.br\/index.php\/2023\/04\/20\/itaqui-participa-de-audiencia-publica-sobre-setor-portuario-no-senado-federal\/#article","isPartOf":{"@id":"https:\/\/portosma.com.br\/index.php\/2023\/04\/20\/itaqui-participa-de-audiencia-publica-sobre-setor-portuario-no-senado-federal\/"},"author":{"name":"admin","@id":"https:\/\/portosma.com.br\/#\/schema\/person\/fb92dfe283ab47293259c87c813d8623"},"headline":"Itaqui participa no Senado de audi\u00eancia p\u00fablica sobre portos","datePublished":"2023-04-20T14:05:34+00:00","dateModified":"2023-04-20T14:09:05+00:00","mainEntityOfPage":{"@id":"https:\/\/portosma.com.br\/index.php\/2023\/04\/20\/itaqui-participa-de-audiencia-publica-sobre-setor-portuario-no-senado-federal\/"},"wordCount":372,"publisher":{"@id":"https:\/\/portosma.com.br\/#organization"},"image":{"@id":"https:\/\/portosma.com.br\/index.php\/2023\/04\/20\/itaqui-participa-de-audiencia-publica-sobre-setor-portuario-no-senado-federal\/#primaryimage"},"thumbnailUrl":"https:\/\/portosma.com.br\/wp-content\/uploads\/2023\/04\/AUDIENCIA-1.jpg","articleSection":["Not\u00edcias"],"inLanguage":"pt-BR"},{"@type":"WebPage","@id":"https:\/\/portosma.com.br\/index.php\/2023\/04\/20\/itaqui-participa-de-audiencia-publica-sobre-setor-portuario-no-senado-federal\/","url":"https:\/\/portosma.com.br\/index.php\/2023\/04\/20\/itaqui-participa-de-audiencia-publica-sobre-setor-portuario-no-senado-federal\/","name":"Itaqui participa no Senado de audi\u00eancia p\u00fablica sobre portos - Portosma","isPartOf":{"@id":"https:\/\/portosma.com.br\/#website"},"primaryImageOfPage":{"@id":"https:\/\/portosma.com.br\/index.php\/2023\/04\/20\/itaqui-participa-de-audiencia-publica-sobre-setor-portuario-no-senado-federal\/#primaryimage"},"image":{"@id":"https:\/\/portosma.com.br\/index.php\/2023\/04\/20\/itaqui-participa-de-audiencia-publica-sobre-setor-portuario-no-senado-federal\/#primaryimage"},"thumbnailUrl":"https:\/\/portosma.com.br\/wp-content\/uploads\/2023\/04\/AUDIENCIA-1.jpg","datePublished":"2023-04-20T14:05:34+00:00","dateModified":"2023-04-20T14:09:05+00:00","breadcrumb":{"@id":"https:\/\/portosma.com.br\/index.php\/2023\/04\/20\/itaqui-participa-de-audiencia-publica-sobre-setor-portuario-no-senado-federal\/#breadcrumb"},"inLanguage":"pt-BR","potentialAction":[{"@type":"ReadAction","target":["https:\/\/portosma.com.br\/index.php\/2023\/04\/20\/itaqui-participa-de-audiencia-publica-sobre-setor-portuario-no-senado-federal\/"]}]},{"@type":"ImageObject","inLanguage":"pt-BR","@id":"https:\/\/portosma.com.br\/index.php\/2023\/04\/20\/itaqui-participa-de-audiencia-publica-sobre-setor-portuario-no-senado-federal\/#primaryimage","url":"https:\/\/portosma.com.br\/wp-content\/uploads\/2023\/04\/AUDIENCIA-1.jpg","contentUrl":"https:\/\/portosma.com.br\/wp-content\/uploads\/2023\/04\/AUDIENCIA-1.jpg","width":1200,"height":502},{"@type":"BreadcrumbList","@id":"https:\/\/portosma.com.br\/index.php\/2023\/04\/20\/itaqui-participa-de-audiencia-publica-sobre-setor-portuario-no-senado-federal\/#breadcrumb","itemListElement":[{"@type":"ListItem","position":1,"name":"In\u00edcio","item":"https:\/\/portosma.com.br\/"},{"@type":"ListItem","position":2,"name":"Itaqui participa no Senado de audi\u00eancia p\u00fablica sobre portos"}]},{"@type":"WebSite","@id":"https:\/\/portosma.com.br\/#website","url":"https:\/\/portosma.com.br\/","name":"Portosma","description":"Um site de not\u00edcias","publisher":{"@id":"https:\/\/portosma.com.br\/#organization"},"potentialAction":[{"@type":"SearchAction","target":{"@type":"EntryPoint","urlTemplate":"https:\/\/portosma.com.br\/?s={search_term_string}"},"query-input":"required name=search_term_string"}],"inLanguage":"pt-BR"},{"@type":"Organization","@id":"https:\/\/portosma.com.br\/#organization","name":"Portosma","alternateName":"Portosma","url":"https:\/\/portosma.com.br\/","logo":{"@type":"ImageObject","inLanguage":"pt-BR","@id":"https:\/\/portosma.com.br\/#\/schema\/logo\/image\/","url":"https:\/\/portosma.com.br\/wp-content\/uploads\/2026\/03\/cropped-AD-PORTOSMA.jpg","contentUrl":"https:\/\/portosma.com.br\/wp-content\/uploads\/2026\/03\/cropped-AD-PORTOSMA.jpg","width":400,"height":115,"caption":"Portosma"},"image":{"@id":"https:\/\/portosma.com.br\/#\/schema\/logo\/image\/"}},{"@type":"Person","@id":"https:\/\/portosma.com.br\/#\/schema\/person\/fb92dfe283ab47293259c87c813d8623","name":"admin","sameAs":["https:\/\/portosma.com.br"],"url":"https:\/\/portosma.com.br\/index.php\/author\/portosma\/"}]}},"_links":{"self":[{"href":"https:\/\/portosma.com.br\/index.php\/wp-json\/wp\/v2\/posts\/6217","targetHints":{"allow":["GET"]}}],"collection":[{"href":"https:\/\/portosma.com.br\/index.php\/wp-json\/wp\/v2\/posts"}],"about":[{"href":"https:\/\/portosma.com.br\/index.php\/wp-json\/wp\/v2\/types\/post"}],"author":[{"embeddable":true,"href":"https:\/\/portosma.com.br\/index.php\/wp-json\/wp\/v2\/users\/1"}],"replies":[{"embeddable":true,"href":"https:\/\/portosma.com.br\/index.php\/wp-json\/wp\/v2\/comments?post=6217"}],"version-history":[{"count":4,"href":"https:\/\/portosma.com.br\/index.php\/wp-json\/wp\/v2\/posts\/6217\/revisions"}],"predecessor-version":[{"id":6223,"href":"https:\/\/portosma.com.br\/index.php\/wp-json\/wp\/v2\/posts\/6217\/revisions\/6223"}],"wp:featuredmedia":[{"embeddable":true,"href":"https:\/\/portosma.com.br\/index.php\/wp-json\/wp\/v2\/media\/6218"}],"wp:attachment":[{"href":"https:\/\/portosma.com.br\/index.php\/wp-json\/wp\/v2\/media?parent=6217"}],"wp:term":[{"taxonomy":"category","embeddable":true,"href":"https:\/\/portosma.com.br\/index.php\/wp-json\/wp\/v2\/categories?post=6217"},{"taxonomy":"post_tag","embeddable":true,"href":"https:\/\/portosma.com.br\/index.php\/wp-json\/wp\/v2\/tags?post=6217"}],"curies":[{"name":"wp","href":"https:\/\/api.w.org\/{rel}","templated":true}]}}