{"id":5789,"date":"2023-03-29T11:40:13","date_gmt":"2023-03-29T11:40:13","guid":{"rendered":"https:\/\/portosma.com.br\/?p=5789"},"modified":"2023-03-29T11:42:23","modified_gmt":"2023-03-29T11:42:23","slug":"vale-abre-cerca-de-mil-vagas-em-programa-de-formacao-profissional","status":"publish","type":"post","link":"https:\/\/portosma.com.br\/index.php\/2023\/03\/29\/vale-abre-cerca-de-mil-vagas-em-programa-de-formacao-profissional\/","title":{"rendered":"Vale abre mil vagas em Programa de Forma\u00e7\u00e3o Profissional"},"content":{"rendered":"<p>Est\u00e3o abertas de 28 de mar\u00e7o a 14 de abril as inscri\u00e7\u00f5es para o Programa de Forma\u00e7\u00e3o Profissional da Vale (PFP). S\u00e3o cerca de mil vagas distribu\u00eddas em quatro estados: Esp\u00edrito Santo, Maranh\u00e3o, Minas Gerais e Par\u00e1. No Maranh\u00e3o, as oportunidades s\u00e3o para o munic\u00edpio de A\u00e7ail\u00e2ndia, com mais de 15 vagas. As pessoas interessadas em se candidatar ao processo devem se inscrever pelo site www.vale.com\/pfp.<\/p>\n<p>O PFP oferece qualifica\u00e7\u00e3o profissional para o desempenho de fun\u00e7\u00f5es operacionais e t\u00e9cnicas em diversas \u00e1reas de neg\u00f3cio da Vale e \u00e9 uma iniciativa que busca aumentar a oferta de m\u00e3o de obra qualificada nas regi\u00f5es onde a empresa atua, contribuindo para o desenvolvimento das comunidades.<\/p>\n<p>O programa \u00e9 realizado em parceria com o Servi\u00e7o Nacional de Aprendizagem Industrial (Senai) e para participar \u00e9 preciso ter a partir de 18 anos de idade e forma\u00e7\u00e3o completa no Ensino M\u00e9dio Regular ou em Cursos T\u00e9cnicos de Ensino M\u00e9dio, de acordo com a vaga. A aprendizagem te\u00f3rica dura de 4 a 6 meses e a pr\u00e1tica ocorre em at\u00e9 9 meses, nas instala\u00e7\u00f5es da Vale.<\/p>\n<p><img fetchpriority=\"high\" decoding=\"async\" class=\"wp-image-5790 size-full alignleft\" src=\"https:\/\/portosma.com.br\/wp-content\/uploads\/2023\/03\/FTP-VALE-2.jpg\" alt=\"\" width=\"500\" height=\"346\" srcset=\"https:\/\/portosma.com.br\/wp-content\/uploads\/2023\/03\/FTP-VALE-2.jpg 500w, https:\/\/portosma.com.br\/wp-content\/uploads\/2023\/03\/FTP-VALE-2-300x208.jpg 300w\" sizes=\"(max-width: 500px) 100vw, 500px\" \/> Myllena Lima (foto), natural de A\u00e7ail\u00e2ndia, entrou na Vale pelo Programa de Forma\u00e7\u00e3o Profissional e hoje atua na opera\u00e7\u00e3o da Estrada de Ferro Caraj\u00e1s. <em>Cr\u00e9dito: Banco Vale<\/em><\/p>\n<p>\u201cEsse programa representou minha entrada no mercado de trabalho. O melhor \u00e9 que antes de assumir qualquer atividade, recebi qualifica\u00e7\u00e3o com foco na fun\u00e7\u00e3o que eu desejava. \u00c9 um tipo de forma\u00e7\u00e3o que a gente n\u00e3o encontra no mercado. Agora que fui contratada, que as portas se abriram, espero seguir carreira\u201d, destaca Myllena Lima, que participou da \u00faltima edi\u00e7\u00e3o do PFP no Maranh\u00e3o.<\/p>\n<p>Mira Noronha, gerente global de Atra\u00e7\u00e3o de Talentos na empresa, destaca que o PFP \u00e9 um dos programas porta de entrada da Vale e vem alcan\u00e7ando resultados significativos na prepara\u00e7\u00e3o de profissionais para o mercado de trabalho. \u201cOferecemos a oportunidade de conhecer as nossas opera\u00e7\u00f5es e o dia a dia da empresa. Temos um ambiente que valoriza a diversidade e que est\u00e1 em constante evolu\u00e7\u00e3o. Al\u00e9m da aprendizagem baseada nos processos produtivos da Vale, o PFP tamb\u00e9m oferece o in\u00edcio de uma carreira com atua\u00e7\u00e3o respons\u00e1vel, buscando o desenvolvimento local e a sustentabilidade\u201d, afirma.<\/p>\n<p><span style=\"color: #993300;\"><strong>Processo seletivo e pr\u00e9-requisitos<\/strong><\/span><\/p>\n<p>O processo seletivo ser\u00e1 online, dividido em v\u00e1rias etapas e ocorrer\u00e1 entre os meses de abril e julho. As etapas incluem inscri\u00e7\u00f5es, avalia\u00e7\u00f5es de conhecimento, entrevistas com gestores (as) da Vale e exames m\u00e9dicos. A previs\u00e3o \u00e9 de que o in\u00edcio da forma\u00e7\u00e3o aconte\u00e7a a partir de julho. O calend\u00e1rio do processo est\u00e1 dispon\u00edvel em www.vale.com\/pfp<\/p>\n<p><span style=\"color: #993300;\"><strong>Benef\u00edcios<\/strong><\/span><\/p>\n<p>As pessoas selecionadas receber\u00e3o remunera\u00e7\u00e3o mensal de at\u00e9 R$ 1.937,31 para o cargo Trainee Operacional. Ter\u00e3o direito tamb\u00e9m \u00e0 assist\u00eancia m\u00e9dica, seguro de vida, reembolso creche e pr\u00e9-escola, benef\u00edcios de atividade f\u00edsica (Gympass), acesso ao Apoiar &#8211; programa de assist\u00eancia ao empregado que d\u00e1 suporte jur\u00eddico, financeiro e psicol\u00f3gico, vale-refei\u00e7\u00e3o ou refeit\u00f3rio no local de atua\u00e7\u00e3o (quando aplic\u00e1vel) e vale-alimenta\u00e7\u00e3o, vale-transporte (quando aplic\u00e1vel) ou transporte no local de atua\u00e7\u00e3o, cesta de Natal, dentre outros.<\/p>\n<p><span style=\"color: #993300;\"><strong>Servi\u00e7o<\/strong><\/span><\/p>\n<p>*** Programa de Forma\u00e7\u00e3o Profissional<\/p>\n<p>*** Inscri\u00e7\u00f5es de 28\/03 a 14\/04 em www.vale.com\/pfp<\/p>\n<p>*** Cerca de mil vagas, distribu\u00eddas no Esp\u00edrito Santo, Maranh\u00e3o, Minas Gerais e Par\u00e1.<\/p>\n<p>*** No Maranh\u00e3o, as oportunidades s\u00e3o para o munic\u00edpio de A\u00e7ail\u00e2ndia, com mais de 15 vagas.<\/p>\n<p>&nbsp;<\/p>\n<p><span style=\"color: #808080;\"><em><strong>Fonte:&nbsp;imprensa@vale.com<\/strong><\/em><\/span><\/p>\n","protected":false},"excerpt":{"rendered":"<p>Oferecendo qualifica\u00e7\u00e3o em fun\u00e7\u00f5es operacionais e t\u00e9cnicas da empresa, programa tamb\u00e9m impulsiona a inclus\u00e3o de mulheres na minera\u00e7\u00e3o.<\/p>\n","protected":false},"author":1,"featured_media":5791,"comment_status":"closed","ping_status":"open","sticky":false,"template":"","format":"standard","meta":{"_editorskit_title_hidden":false,"_editorskit_reading_time":0,"_editorskit_is_block_options_detached":false,"_editorskit_block_options_position":"{}","ngg_post_thumbnail":0,"footnotes":""},"categories":[1],"tags":[],"class_list":["post-5789","post","type-post","status-publish","format-standard","has-post-thumbnail","hentry","category-noticias"],"yoast_head":"<!-- This site is optimized with the Yoast SEO plugin v22.5 - https:\/\/yoast.com\/wordpress\/plugins\/seo\/ -->\n<title>Vale abre mil vagas em Programa de Forma\u00e7\u00e3o Profissional - Portosma<\/title>\n<meta name=\"robots\" content=\"index, follow, max-snippet:-1, max-image-preview:large, max-video-preview:-1\" \/>\n<link rel=\"canonical\" href=\"https:\/\/portosma.com.br\/index.php\/2023\/03\/29\/vale-abre-cerca-de-mil-vagas-em-programa-de-formacao-profissional\/\" \/>\n<meta property=\"og:locale\" content=\"pt_BR\" \/>\n<meta property=\"og:type\" content=\"article\" \/>\n<meta property=\"og:title\" content=\"Vale abre mil vagas em Programa de Forma\u00e7\u00e3o Profissional - Portosma\" \/>\n<meta property=\"og:description\" content=\"Oferecendo qualifica\u00e7\u00e3o em fun\u00e7\u00f5es operacionais e t\u00e9cnicas da empresa, programa tamb\u00e9m impulsiona a inclus\u00e3o de mulheres na minera\u00e7\u00e3o.\" \/>\n<meta property=\"og:url\" content=\"https:\/\/portosma.com.br\/index.php\/2023\/03\/29\/vale-abre-cerca-de-mil-vagas-em-programa-de-formacao-profissional\/\" \/>\n<meta property=\"og:site_name\" content=\"Portosma\" \/>\n<meta property=\"article:published_time\" content=\"2023-03-29T11:40:13+00:00\" \/>\n<meta property=\"article:modified_time\" content=\"2023-03-29T11:42:23+00:00\" \/>\n<meta property=\"og:image\" content=\"https:\/\/portosma.com.br\/wp-content\/uploads\/2023\/03\/FTP-VALE.jpg\" \/>\n\t<meta property=\"og:image:width\" content=\"1200\" \/>\n\t<meta property=\"og:image:height\" content=\"500\" \/>\n\t<meta property=\"og:image:type\" content=\"image\/jpeg\" \/>\n<meta name=\"author\" content=\"admin\" \/>\n<meta name=\"twitter:card\" content=\"summary_large_image\" \/>\n<meta name=\"twitter:label1\" content=\"Escrito por\" \/>\n\t<meta name=\"twitter:data1\" content=\"admin\" \/>\n\t<meta name=\"twitter:label2\" content=\"Est. tempo de leitura\" \/>\n\t<meta name=\"twitter:data2\" content=\"3 minutos\" \/>\n<script type=\"application\/ld+json\" class=\"yoast-schema-graph\">{\"@context\":\"https:\/\/schema.org\",\"@graph\":[{\"@type\":\"Article\",\"@id\":\"https:\/\/portosma.com.br\/index.php\/2023\/03\/29\/vale-abre-cerca-de-mil-vagas-em-programa-de-formacao-profissional\/#article\",\"isPartOf\":{\"@id\":\"https:\/\/portosma.com.br\/index.php\/2023\/03\/29\/vale-abre-cerca-de-mil-vagas-em-programa-de-formacao-profissional\/\"},\"author\":{\"name\":\"admin\",\"@id\":\"https:\/\/portosma.com.br\/#\/schema\/person\/fb92dfe283ab47293259c87c813d8623\"},\"headline\":\"Vale abre mil vagas em Programa de Forma\u00e7\u00e3o Profissional\",\"datePublished\":\"2023-03-29T11:40:13+00:00\",\"dateModified\":\"2023-03-29T11:42:23+00:00\",\"mainEntityOfPage\":{\"@id\":\"https:\/\/portosma.com.br\/index.php\/2023\/03\/29\/vale-abre-cerca-de-mil-vagas-em-programa-de-formacao-profissional\/\"},\"wordCount\":635,\"publisher\":{\"@id\":\"https:\/\/portosma.com.br\/#organization\"},\"image\":{\"@id\":\"https:\/\/portosma.com.br\/index.php\/2023\/03\/29\/vale-abre-cerca-de-mil-vagas-em-programa-de-formacao-profissional\/#primaryimage\"},\"thumbnailUrl\":\"https:\/\/portosma.com.br\/wp-content\/uploads\/2023\/03\/FTP-VALE.jpg\",\"articleSection\":[\"Not\u00edcias\"],\"inLanguage\":\"pt-BR\"},{\"@type\":\"WebPage\",\"@id\":\"https:\/\/portosma.com.br\/index.php\/2023\/03\/29\/vale-abre-cerca-de-mil-vagas-em-programa-de-formacao-profissional\/\",\"url\":\"https:\/\/portosma.com.br\/index.php\/2023\/03\/29\/vale-abre-cerca-de-mil-vagas-em-programa-de-formacao-profissional\/\",\"name\":\"Vale abre mil vagas em Programa de Forma\u00e7\u00e3o Profissional - Portosma\",\"isPartOf\":{\"@id\":\"https:\/\/portosma.com.br\/#website\"},\"primaryImageOfPage\":{\"@id\":\"https:\/\/portosma.com.br\/index.php\/2023\/03\/29\/vale-abre-cerca-de-mil-vagas-em-programa-de-formacao-profissional\/#primaryimage\"},\"image\":{\"@id\":\"https:\/\/portosma.com.br\/index.php\/2023\/03\/29\/vale-abre-cerca-de-mil-vagas-em-programa-de-formacao-profissional\/#primaryimage\"},\"thumbnailUrl\":\"https:\/\/portosma.com.br\/wp-content\/uploads\/2023\/03\/FTP-VALE.jpg\",\"datePublished\":\"2023-03-29T11:40:13+00:00\",\"dateModified\":\"2023-03-29T11:42:23+00:00\",\"breadcrumb\":{\"@id\":\"https:\/\/portosma.com.br\/index.php\/2023\/03\/29\/vale-abre-cerca-de-mil-vagas-em-programa-de-formacao-profissional\/#breadcrumb\"},\"inLanguage\":\"pt-BR\",\"potentialAction\":[{\"@type\":\"ReadAction\",\"target\":[\"https:\/\/portosma.com.br\/index.php\/2023\/03\/29\/vale-abre-cerca-de-mil-vagas-em-programa-de-formacao-profissional\/\"]}]},{\"@type\":\"ImageObject\",\"inLanguage\":\"pt-BR\",\"@id\":\"https:\/\/portosma.com.br\/index.php\/2023\/03\/29\/vale-abre-cerca-de-mil-vagas-em-programa-de-formacao-profissional\/#primaryimage\",\"url\":\"https:\/\/portosma.com.br\/wp-content\/uploads\/2023\/03\/FTP-VALE.jpg\",\"contentUrl\":\"https:\/\/portosma.com.br\/wp-content\/uploads\/2023\/03\/FTP-VALE.jpg\",\"width\":1200,\"height\":500},{\"@type\":\"BreadcrumbList\",\"@id\":\"https:\/\/portosma.com.br\/index.php\/2023\/03\/29\/vale-abre-cerca-de-mil-vagas-em-programa-de-formacao-profissional\/#breadcrumb\",\"itemListElement\":[{\"@type\":\"ListItem\",\"position\":1,\"name\":\"In\u00edcio\",\"item\":\"https:\/\/portosma.com.br\/\"},{\"@type\":\"ListItem\",\"position\":2,\"name\":\"Vale abre mil vagas em Programa de Forma\u00e7\u00e3o Profissional\"}]},{\"@type\":\"WebSite\",\"@id\":\"https:\/\/portosma.com.br\/#website\",\"url\":\"https:\/\/portosma.com.br\/\",\"name\":\"Portosma\",\"description\":\"Um site de not\u00edcias\",\"publisher\":{\"@id\":\"https:\/\/portosma.com.br\/#organization\"},\"potentialAction\":[{\"@type\":\"SearchAction\",\"target\":{\"@type\":\"EntryPoint\",\"urlTemplate\":\"https:\/\/portosma.com.br\/?s={search_term_string}\"},\"query-input\":\"required name=search_term_string\"}],\"inLanguage\":\"pt-BR\"},{\"@type\":\"Organization\",\"@id\":\"https:\/\/portosma.com.br\/#organization\",\"name\":\"Portosma\",\"alternateName\":\"Portosma\",\"url\":\"https:\/\/portosma.com.br\/\",\"logo\":{\"@type\":\"ImageObject\",\"inLanguage\":\"pt-BR\",\"@id\":\"https:\/\/portosma.com.br\/#\/schema\/logo\/image\/\",\"url\":\"https:\/\/portosma.com.br\/wp-content\/uploads\/2026\/03\/cropped-AD-PORTOSMA.jpg\",\"contentUrl\":\"https:\/\/portosma.com.br\/wp-content\/uploads\/2026\/03\/cropped-AD-PORTOSMA.jpg\",\"width\":400,\"height\":115,\"caption\":\"Portosma\"},\"image\":{\"@id\":\"https:\/\/portosma.com.br\/#\/schema\/logo\/image\/\"}},{\"@type\":\"Person\",\"@id\":\"https:\/\/portosma.com.br\/#\/schema\/person\/fb92dfe283ab47293259c87c813d8623\",\"name\":\"admin\",\"sameAs\":[\"https:\/\/portosma.com.br\"],\"url\":\"https:\/\/portosma.com.br\/index.php\/author\/portosma\/\"}]}<\/script>\n<!-- \/ Yoast SEO plugin. -->","yoast_head_json":{"title":"Vale abre mil vagas em Programa de Forma\u00e7\u00e3o Profissional - Portosma","robots":{"index":"index","follow":"follow","max-snippet":"max-snippet:-1","max-image-preview":"max-image-preview:large","max-video-preview":"max-video-preview:-1"},"canonical":"https:\/\/portosma.com.br\/index.php\/2023\/03\/29\/vale-abre-cerca-de-mil-vagas-em-programa-de-formacao-profissional\/","og_locale":"pt_BR","og_type":"article","og_title":"Vale abre mil vagas em Programa de Forma\u00e7\u00e3o Profissional - Portosma","og_description":"Oferecendo qualifica\u00e7\u00e3o em fun\u00e7\u00f5es operacionais e t\u00e9cnicas da empresa, programa tamb\u00e9m impulsiona a inclus\u00e3o de mulheres na minera\u00e7\u00e3o.","og_url":"https:\/\/portosma.com.br\/index.php\/2023\/03\/29\/vale-abre-cerca-de-mil-vagas-em-programa-de-formacao-profissional\/","og_site_name":"Portosma","article_published_time":"2023-03-29T11:40:13+00:00","article_modified_time":"2023-03-29T11:42:23+00:00","og_image":[{"width":1200,"height":500,"url":"https:\/\/portosma.com.br\/wp-content\/uploads\/2023\/03\/FTP-VALE.jpg","type":"image\/jpeg"}],"author":"admin","twitter_card":"summary_large_image","twitter_misc":{"Escrito por":"admin","Est. tempo de leitura":"3 minutos"},"schema":{"@context":"https:\/\/schema.org","@graph":[{"@type":"Article","@id":"https:\/\/portosma.com.br\/index.php\/2023\/03\/29\/vale-abre-cerca-de-mil-vagas-em-programa-de-formacao-profissional\/#article","isPartOf":{"@id":"https:\/\/portosma.com.br\/index.php\/2023\/03\/29\/vale-abre-cerca-de-mil-vagas-em-programa-de-formacao-profissional\/"},"author":{"name":"admin","@id":"https:\/\/portosma.com.br\/#\/schema\/person\/fb92dfe283ab47293259c87c813d8623"},"headline":"Vale abre mil vagas em Programa de Forma\u00e7\u00e3o Profissional","datePublished":"2023-03-29T11:40:13+00:00","dateModified":"2023-03-29T11:42:23+00:00","mainEntityOfPage":{"@id":"https:\/\/portosma.com.br\/index.php\/2023\/03\/29\/vale-abre-cerca-de-mil-vagas-em-programa-de-formacao-profissional\/"},"wordCount":635,"publisher":{"@id":"https:\/\/portosma.com.br\/#organization"},"image":{"@id":"https:\/\/portosma.com.br\/index.php\/2023\/03\/29\/vale-abre-cerca-de-mil-vagas-em-programa-de-formacao-profissional\/#primaryimage"},"thumbnailUrl":"https:\/\/portosma.com.br\/wp-content\/uploads\/2023\/03\/FTP-VALE.jpg","articleSection":["Not\u00edcias"],"inLanguage":"pt-BR"},{"@type":"WebPage","@id":"https:\/\/portosma.com.br\/index.php\/2023\/03\/29\/vale-abre-cerca-de-mil-vagas-em-programa-de-formacao-profissional\/","url":"https:\/\/portosma.com.br\/index.php\/2023\/03\/29\/vale-abre-cerca-de-mil-vagas-em-programa-de-formacao-profissional\/","name":"Vale abre mil vagas em Programa de Forma\u00e7\u00e3o Profissional - Portosma","isPartOf":{"@id":"https:\/\/portosma.com.br\/#website"},"primaryImageOfPage":{"@id":"https:\/\/portosma.com.br\/index.php\/2023\/03\/29\/vale-abre-cerca-de-mil-vagas-em-programa-de-formacao-profissional\/#primaryimage"},"image":{"@id":"https:\/\/portosma.com.br\/index.php\/2023\/03\/29\/vale-abre-cerca-de-mil-vagas-em-programa-de-formacao-profissional\/#primaryimage"},"thumbnailUrl":"https:\/\/portosma.com.br\/wp-content\/uploads\/2023\/03\/FTP-VALE.jpg","datePublished":"2023-03-29T11:40:13+00:00","dateModified":"2023-03-29T11:42:23+00:00","breadcrumb":{"@id":"https:\/\/portosma.com.br\/index.php\/2023\/03\/29\/vale-abre-cerca-de-mil-vagas-em-programa-de-formacao-profissional\/#breadcrumb"},"inLanguage":"pt-BR","potentialAction":[{"@type":"ReadAction","target":["https:\/\/portosma.com.br\/index.php\/2023\/03\/29\/vale-abre-cerca-de-mil-vagas-em-programa-de-formacao-profissional\/"]}]},{"@type":"ImageObject","inLanguage":"pt-BR","@id":"https:\/\/portosma.com.br\/index.php\/2023\/03\/29\/vale-abre-cerca-de-mil-vagas-em-programa-de-formacao-profissional\/#primaryimage","url":"https:\/\/portosma.com.br\/wp-content\/uploads\/2023\/03\/FTP-VALE.jpg","contentUrl":"https:\/\/portosma.com.br\/wp-content\/uploads\/2023\/03\/FTP-VALE.jpg","width":1200,"height":500},{"@type":"BreadcrumbList","@id":"https:\/\/portosma.com.br\/index.php\/2023\/03\/29\/vale-abre-cerca-de-mil-vagas-em-programa-de-formacao-profissional\/#breadcrumb","itemListElement":[{"@type":"ListItem","position":1,"name":"In\u00edcio","item":"https:\/\/portosma.com.br\/"},{"@type":"ListItem","position":2,"name":"Vale abre mil vagas em Programa de Forma\u00e7\u00e3o Profissional"}]},{"@type":"WebSite","@id":"https:\/\/portosma.com.br\/#website","url":"https:\/\/portosma.com.br\/","name":"Portosma","description":"Um site de not\u00edcias","publisher":{"@id":"https:\/\/portosma.com.br\/#organization"},"potentialAction":[{"@type":"SearchAction","target":{"@type":"EntryPoint","urlTemplate":"https:\/\/portosma.com.br\/?s={search_term_string}"},"query-input":"required name=search_term_string"}],"inLanguage":"pt-BR"},{"@type":"Organization","@id":"https:\/\/portosma.com.br\/#organization","name":"Portosma","alternateName":"Portosma","url":"https:\/\/portosma.com.br\/","logo":{"@type":"ImageObject","inLanguage":"pt-BR","@id":"https:\/\/portosma.com.br\/#\/schema\/logo\/image\/","url":"https:\/\/portosma.com.br\/wp-content\/uploads\/2026\/03\/cropped-AD-PORTOSMA.jpg","contentUrl":"https:\/\/portosma.com.br\/wp-content\/uploads\/2026\/03\/cropped-AD-PORTOSMA.jpg","width":400,"height":115,"caption":"Portosma"},"image":{"@id":"https:\/\/portosma.com.br\/#\/schema\/logo\/image\/"}},{"@type":"Person","@id":"https:\/\/portosma.com.br\/#\/schema\/person\/fb92dfe283ab47293259c87c813d8623","name":"admin","sameAs":["https:\/\/portosma.com.br"],"url":"https:\/\/portosma.com.br\/index.php\/author\/portosma\/"}]}},"_links":{"self":[{"href":"https:\/\/portosma.com.br\/index.php\/wp-json\/wp\/v2\/posts\/5789","targetHints":{"allow":["GET"]}}],"collection":[{"href":"https:\/\/portosma.com.br\/index.php\/wp-json\/wp\/v2\/posts"}],"about":[{"href":"https:\/\/portosma.com.br\/index.php\/wp-json\/wp\/v2\/types\/post"}],"author":[{"embeddable":true,"href":"https:\/\/portosma.com.br\/index.php\/wp-json\/wp\/v2\/users\/1"}],"replies":[{"embeddable":true,"href":"https:\/\/portosma.com.br\/index.php\/wp-json\/wp\/v2\/comments?post=5789"}],"version-history":[{"count":3,"href":"https:\/\/portosma.com.br\/index.php\/wp-json\/wp\/v2\/posts\/5789\/revisions"}],"predecessor-version":[{"id":5794,"href":"https:\/\/portosma.com.br\/index.php\/wp-json\/wp\/v2\/posts\/5789\/revisions\/5794"}],"wp:featuredmedia":[{"embeddable":true,"href":"https:\/\/portosma.com.br\/index.php\/wp-json\/wp\/v2\/media\/5791"}],"wp:attachment":[{"href":"https:\/\/portosma.com.br\/index.php\/wp-json\/wp\/v2\/media?parent=5789"}],"wp:term":[{"taxonomy":"category","embeddable":true,"href":"https:\/\/portosma.com.br\/index.php\/wp-json\/wp\/v2\/categories?post=5789"},{"taxonomy":"post_tag","embeddable":true,"href":"https:\/\/portosma.com.br\/index.php\/wp-json\/wp\/v2\/tags?post=5789"}],"curies":[{"name":"wp","href":"https:\/\/api.w.org\/{rel}","templated":true}]}}