{"id":5758,"date":"2023-03-28T13:00:43","date_gmt":"2023-03-28T13:00:43","guid":{"rendered":"https:\/\/portosma.com.br\/?p=5758"},"modified":"2023-03-28T13:04:31","modified_gmt":"2023-03-28T13:04:31","slug":"comecam-obras-na-13a-barragem-a-montante-descaracterizada-pela-vale","status":"publish","type":"post","link":"https:\/\/portosma.com.br\/index.php\/2023\/03\/28\/comecam-obras-na-13a-barragem-a-montante-descaracterizada-pela-vale\/","title":{"rendered":"Vale inicia obras da 13\u00aa barragem a montante a ser descaracterizada"},"content":{"rendered":"<p>As obras para a descaracteriza\u00e7\u00e3o do Dique 2 do Sistema Pontal, localizado na Mina Cau\u00ea, em Itabira (MG), come\u00e7aram nesta quinta-feira. O processo est\u00e1 previsto para ser conclu\u00eddo neste ano e representar\u00e1 a 13\u00aa estrutura alteada a montante da Vale eliminada no Brasil desde 2019 e a sexta estrutura descaracterizada no munic\u00edpio. A conclus\u00e3o foi antecipada em um ano devido aos avan\u00e7os no desenvolvimento da engenharia dos projetos e das obras preparat\u00f3rias.<\/p>\n<p>O dique n\u00e3o recebe rejeitos desde 2019 e \u00e9 uma das 18 estruturas alteadas a montante da empresa que ainda passar\u00e3o pelo processo de descaracteriza\u00e7\u00e3o em atendimento \u00e0s legisla\u00e7\u00f5es federal e estadual vigentes sobre seguran\u00e7a de barragens.<\/p>\n<p>O Dique 2 \u00e9 uma estrutura interna do Sistema Pontal, atualmente em n\u00edvel de emerg\u00eancia 1 do Plano de A\u00e7\u00e3o de Emerg\u00eancia de Barragens de Minera\u00e7\u00e3o (PAEBM). O dique e a barragem s\u00e3o monitorados 24 horas por dia, sete dias por semana pelo Centro de Monitoramento Geot\u00e9cnico (CMG) da Vale, al\u00e9m de passarem por inspe\u00e7\u00f5es rotineiras de equipes internas e externas.<\/p>\n<p>As obras acontecer\u00e3o em \u00e1rea interna da empresa e todo o transporte de materiais e equipamentos ser\u00e1 realizado por meio de acessos internos, sem impactos nas vias locais. Os trabalhos devem gerar de cerca de 200 empregos no pico de obras, entre trabalhadores diretos e terceirizados, com prioriza\u00e7\u00e3o para a contrata\u00e7\u00e3o de m\u00e3o de obra no pr\u00f3prio munic\u00edpio de Itabira (MG) e regi\u00e3o.<\/p>\n<p><span style=\"color: #000080;\"><strong>Programa de Descaracteriza\u00e7\u00e3o de Barragens a Montante avan\u00e7a<\/strong><\/span><\/p>\n<p>O Dique 2 est\u00e1 inclu\u00eddo no Programa de Descaracteriza\u00e7\u00e3o de barragens a montante da empresa. A elimina\u00e7\u00e3o das estruturas deste tipo do Brasil \u00e9 uma das principais a\u00e7\u00f5es da Vale para evitar que rompimentos como o de Brumadinho voltem a acontecer e faz parte de um processo de mudan\u00e7a na gest\u00e3o de barragens da companhia desde 2019. As obras s\u00e3o complexas, trazem riscos e, por isso, as solu\u00e7\u00f5es s\u00e3o customizadas para cada estrutura. O processo \u00e9 realizado de forma cautelosa, tendo como prioridade, sempre, a seguran\u00e7a das pessoas, a redu\u00e7\u00e3o dos riscos e os cuidados com o meio ambiente.<\/p>\n<p>Desde 2019, foram investidos cerca de R$ 5,8 bilh\u00f5es no Programa de Descaracteriza\u00e7\u00e3o da Vale. Somente em 2022, cinco estruturas foram completamente descaracterizadas. No total, das 30 que usam o m\u00e9todo de constru\u00e7\u00e3o com alteamentos a montante, 40%, j\u00e1 foram eliminadas, o que equivale a 12 estruturas (nove em Minas Gerais e tr\u00eas no Par\u00e1).<\/p>\n<p>Todas as barragens a montante da empresa no Brasil e as a\u00e7\u00f5es implementadas nessas estruturas s\u00e3o objeto de avalia\u00e7\u00e3o e acompanhamento pelas assessorias t\u00e9cnicas independentes, que fazem parte dos Termos de Compromisso firmados com os Minist\u00e9rios P\u00fablicos Estadual e Federal, Funda\u00e7\u00e3o Estadual do Meio Ambiente (FEAM) e Estado de Minas Gerais. A elimina\u00e7\u00e3o de estruturas constru\u00eddas a montante \u00e9 um compromisso da Vale, al\u00e9m de ser uma exig\u00eancia legal.<\/p>\n<p><span style=\"color: #000080;\"><strong>Itabira j\u00e1 teve metade das barragens a montante eliminadas<\/strong><\/span><\/p>\n<p>O Dique 2, que recebeu obras de refor\u00e7o para aumentar sua estabilidade, ser\u00e1 a sexta estrutura a montante a ser eliminada em Itabira. Com a conclus\u00e3o, em setembro de 2022, da descaracteriza\u00e7\u00e3o da barragem Ipoema, nas Minas do Meio, e do Dique 3, tamb\u00e9m do Sistema Pontal, metade das 10 barragens deste tipo no munic\u00edpio j\u00e1 foram eliminadas. Anteriormente, foram descaracterizados os Diques 4 e 5 do Sistema Pontal e o Dique Rio do Peixe.<\/p>\n<p>Al\u00e9m disso, para aumentar a seguran\u00e7a e reduzir impactos em caso de emerg\u00eancia, foi constru\u00edda preventivamente uma Estrutura de Conten\u00e7\u00e3o a Jusante (ECJ) para a realiza\u00e7\u00e3o das obras de elimina\u00e7\u00e3o dos diques Minervino e Cord\u00e3o Nova Vista, da barragem do Pontal. Para sua constru\u00e7\u00e3o foi utilizada tecnologia japonesa de tubos met\u00e1licos por um m\u00e9todo que reduz a vibra\u00e7\u00e3o, gera\u00e7\u00e3o de poeira e ru\u00eddo. A ECJ Coqueirinho, como \u00e9 chamada, assim como as demais constru\u00eddas pela Vale, observa normativa da Ag\u00eancia Nacional de Minera\u00e7\u00e3o (ANM) no que se refere \u00e0 ado\u00e7\u00e3o de medidas para aumentar a seguran\u00e7a durante a fase de obras de descaracteriza\u00e7\u00e3o.<\/p>\n<p>O dique e as demais estruturas geot\u00e9cnicas da empresa em Itabira s\u00e3o monitorados permanentemente pelo Centro de Monitoramento Geot\u00e9cnico (CMG). Todo o processo \u00e9 acompanhado pelos \u00f3rg\u00e3os p\u00fablicos e por equipe t\u00e9cnica independente.<\/p>\n<p>&nbsp;<\/p>\n<p><span style=\"color: #808080;\"><em><strong>Fonte: imprensa@vale.com<\/strong><\/em><\/span><\/p>\n","protected":false},"excerpt":{"rendered":"<p>Desde Brumadinho, a empresa investiu R$ 5,8bi no Programa de Descaracteriza\u00e7\u00e3o de barragens. Somente em 2022 cinco j\u00e1 foram descaracterizadas.<\/p>\n","protected":false},"author":1,"featured_media":5760,"comment_status":"closed","ping_status":"open","sticky":false,"template":"","format":"standard","meta":{"_editorskit_title_hidden":false,"_editorskit_reading_time":0,"_editorskit_is_block_options_detached":false,"_editorskit_block_options_position":"{}","ngg_post_thumbnail":0,"footnotes":""},"categories":[1],"tags":[],"class_list":["post-5758","post","type-post","status-publish","format-standard","has-post-thumbnail","hentry","category-noticias"],"yoast_head":"<!-- This site is optimized with the Yoast SEO plugin v22.5 - https:\/\/yoast.com\/wordpress\/plugins\/seo\/ -->\n<title>Vale inicia obras da 13\u00aa barragem a montante a ser descaracterizada - Portosma<\/title>\n<meta name=\"robots\" content=\"index, follow, max-snippet:-1, max-image-preview:large, max-video-preview:-1\" \/>\n<link rel=\"canonical\" href=\"https:\/\/portosma.com.br\/index.php\/2023\/03\/28\/comecam-obras-na-13a-barragem-a-montante-descaracterizada-pela-vale\/\" \/>\n<meta property=\"og:locale\" content=\"pt_BR\" \/>\n<meta property=\"og:type\" content=\"article\" \/>\n<meta property=\"og:title\" content=\"Vale inicia obras da 13\u00aa barragem a montante a ser descaracterizada - Portosma\" \/>\n<meta property=\"og:description\" content=\"Desde Brumadinho, a empresa investiu R$ 5,8bi no Programa de Descaracteriza\u00e7\u00e3o de barragens. Somente em 2022 cinco j\u00e1 foram descaracterizadas.\" \/>\n<meta property=\"og:url\" content=\"https:\/\/portosma.com.br\/index.php\/2023\/03\/28\/comecam-obras-na-13a-barragem-a-montante-descaracterizada-pela-vale\/\" \/>\n<meta property=\"og:site_name\" content=\"Portosma\" \/>\n<meta property=\"article:published_time\" content=\"2023-03-28T13:00:43+00:00\" \/>\n<meta property=\"article:modified_time\" content=\"2023-03-28T13:04:31+00:00\" \/>\n<meta property=\"og:image\" content=\"https:\/\/portosma.com.br\/wp-content\/uploads\/2023\/03\/MONTANTE.jpg\" \/>\n\t<meta property=\"og:image:width\" content=\"1200\" \/>\n\t<meta property=\"og:image:height\" content=\"500\" \/>\n\t<meta property=\"og:image:type\" content=\"image\/jpeg\" \/>\n<meta name=\"author\" content=\"admin\" \/>\n<meta name=\"twitter:card\" content=\"summary_large_image\" \/>\n<meta name=\"twitter:label1\" content=\"Escrito por\" \/>\n\t<meta name=\"twitter:data1\" content=\"admin\" \/>\n\t<meta name=\"twitter:label2\" content=\"Est. tempo de leitura\" \/>\n\t<meta name=\"twitter:data2\" content=\"4 minutos\" \/>\n<script type=\"application\/ld+json\" class=\"yoast-schema-graph\">{\"@context\":\"https:\/\/schema.org\",\"@graph\":[{\"@type\":\"Article\",\"@id\":\"https:\/\/portosma.com.br\/index.php\/2023\/03\/28\/comecam-obras-na-13a-barragem-a-montante-descaracterizada-pela-vale\/#article\",\"isPartOf\":{\"@id\":\"https:\/\/portosma.com.br\/index.php\/2023\/03\/28\/comecam-obras-na-13a-barragem-a-montante-descaracterizada-pela-vale\/\"},\"author\":{\"name\":\"admin\",\"@id\":\"https:\/\/portosma.com.br\/#\/schema\/person\/fb92dfe283ab47293259c87c813d8623\"},\"headline\":\"Vale inicia obras da 13\u00aa barragem a montante a ser descaracterizada\",\"datePublished\":\"2023-03-28T13:00:43+00:00\",\"dateModified\":\"2023-03-28T13:04:31+00:00\",\"mainEntityOfPage\":{\"@id\":\"https:\/\/portosma.com.br\/index.php\/2023\/03\/28\/comecam-obras-na-13a-barragem-a-montante-descaracterizada-pela-vale\/\"},\"wordCount\":756,\"publisher\":{\"@id\":\"https:\/\/portosma.com.br\/#organization\"},\"image\":{\"@id\":\"https:\/\/portosma.com.br\/index.php\/2023\/03\/28\/comecam-obras-na-13a-barragem-a-montante-descaracterizada-pela-vale\/#primaryimage\"},\"thumbnailUrl\":\"https:\/\/portosma.com.br\/wp-content\/uploads\/2023\/03\/MONTANTE.jpg\",\"articleSection\":[\"Not\u00edcias\"],\"inLanguage\":\"pt-BR\"},{\"@type\":\"WebPage\",\"@id\":\"https:\/\/portosma.com.br\/index.php\/2023\/03\/28\/comecam-obras-na-13a-barragem-a-montante-descaracterizada-pela-vale\/\",\"url\":\"https:\/\/portosma.com.br\/index.php\/2023\/03\/28\/comecam-obras-na-13a-barragem-a-montante-descaracterizada-pela-vale\/\",\"name\":\"Vale inicia obras da 13\u00aa barragem a montante a ser descaracterizada - Portosma\",\"isPartOf\":{\"@id\":\"https:\/\/portosma.com.br\/#website\"},\"primaryImageOfPage\":{\"@id\":\"https:\/\/portosma.com.br\/index.php\/2023\/03\/28\/comecam-obras-na-13a-barragem-a-montante-descaracterizada-pela-vale\/#primaryimage\"},\"image\":{\"@id\":\"https:\/\/portosma.com.br\/index.php\/2023\/03\/28\/comecam-obras-na-13a-barragem-a-montante-descaracterizada-pela-vale\/#primaryimage\"},\"thumbnailUrl\":\"https:\/\/portosma.com.br\/wp-content\/uploads\/2023\/03\/MONTANTE.jpg\",\"datePublished\":\"2023-03-28T13:00:43+00:00\",\"dateModified\":\"2023-03-28T13:04:31+00:00\",\"breadcrumb\":{\"@id\":\"https:\/\/portosma.com.br\/index.php\/2023\/03\/28\/comecam-obras-na-13a-barragem-a-montante-descaracterizada-pela-vale\/#breadcrumb\"},\"inLanguage\":\"pt-BR\",\"potentialAction\":[{\"@type\":\"ReadAction\",\"target\":[\"https:\/\/portosma.com.br\/index.php\/2023\/03\/28\/comecam-obras-na-13a-barragem-a-montante-descaracterizada-pela-vale\/\"]}]},{\"@type\":\"ImageObject\",\"inLanguage\":\"pt-BR\",\"@id\":\"https:\/\/portosma.com.br\/index.php\/2023\/03\/28\/comecam-obras-na-13a-barragem-a-montante-descaracterizada-pela-vale\/#primaryimage\",\"url\":\"https:\/\/portosma.com.br\/wp-content\/uploads\/2023\/03\/MONTANTE.jpg\",\"contentUrl\":\"https:\/\/portosma.com.br\/wp-content\/uploads\/2023\/03\/MONTANTE.jpg\",\"width\":1200,\"height\":500},{\"@type\":\"BreadcrumbList\",\"@id\":\"https:\/\/portosma.com.br\/index.php\/2023\/03\/28\/comecam-obras-na-13a-barragem-a-montante-descaracterizada-pela-vale\/#breadcrumb\",\"itemListElement\":[{\"@type\":\"ListItem\",\"position\":1,\"name\":\"In\u00edcio\",\"item\":\"https:\/\/portosma.com.br\/\"},{\"@type\":\"ListItem\",\"position\":2,\"name\":\"Vale inicia obras da 13\u00aa barragem a montante a ser descaracterizada\"}]},{\"@type\":\"WebSite\",\"@id\":\"https:\/\/portosma.com.br\/#website\",\"url\":\"https:\/\/portosma.com.br\/\",\"name\":\"Portosma\",\"description\":\"Um site de not\u00edcias\",\"publisher\":{\"@id\":\"https:\/\/portosma.com.br\/#organization\"},\"potentialAction\":[{\"@type\":\"SearchAction\",\"target\":{\"@type\":\"EntryPoint\",\"urlTemplate\":\"https:\/\/portosma.com.br\/?s={search_term_string}\"},\"query-input\":\"required name=search_term_string\"}],\"inLanguage\":\"pt-BR\"},{\"@type\":\"Organization\",\"@id\":\"https:\/\/portosma.com.br\/#organization\",\"name\":\"Portosma\",\"alternateName\":\"Portosma\",\"url\":\"https:\/\/portosma.com.br\/\",\"logo\":{\"@type\":\"ImageObject\",\"inLanguage\":\"pt-BR\",\"@id\":\"https:\/\/portosma.com.br\/#\/schema\/logo\/image\/\",\"url\":\"https:\/\/portosma.com.br\/wp-content\/uploads\/2026\/03\/cropped-AD-PORTOSMA.jpg\",\"contentUrl\":\"https:\/\/portosma.com.br\/wp-content\/uploads\/2026\/03\/cropped-AD-PORTOSMA.jpg\",\"width\":400,\"height\":115,\"caption\":\"Portosma\"},\"image\":{\"@id\":\"https:\/\/portosma.com.br\/#\/schema\/logo\/image\/\"}},{\"@type\":\"Person\",\"@id\":\"https:\/\/portosma.com.br\/#\/schema\/person\/fb92dfe283ab47293259c87c813d8623\",\"name\":\"admin\",\"sameAs\":[\"https:\/\/portosma.com.br\"],\"url\":\"https:\/\/portosma.com.br\/index.php\/author\/portosma\/\"}]}<\/script>\n<!-- \/ Yoast SEO plugin. -->","yoast_head_json":{"title":"Vale inicia obras da 13\u00aa barragem a montante a ser descaracterizada - Portosma","robots":{"index":"index","follow":"follow","max-snippet":"max-snippet:-1","max-image-preview":"max-image-preview:large","max-video-preview":"max-video-preview:-1"},"canonical":"https:\/\/portosma.com.br\/index.php\/2023\/03\/28\/comecam-obras-na-13a-barragem-a-montante-descaracterizada-pela-vale\/","og_locale":"pt_BR","og_type":"article","og_title":"Vale inicia obras da 13\u00aa barragem a montante a ser descaracterizada - Portosma","og_description":"Desde Brumadinho, a empresa investiu R$ 5,8bi no Programa de Descaracteriza\u00e7\u00e3o de barragens. Somente em 2022 cinco j\u00e1 foram descaracterizadas.","og_url":"https:\/\/portosma.com.br\/index.php\/2023\/03\/28\/comecam-obras-na-13a-barragem-a-montante-descaracterizada-pela-vale\/","og_site_name":"Portosma","article_published_time":"2023-03-28T13:00:43+00:00","article_modified_time":"2023-03-28T13:04:31+00:00","og_image":[{"width":1200,"height":500,"url":"https:\/\/portosma.com.br\/wp-content\/uploads\/2023\/03\/MONTANTE.jpg","type":"image\/jpeg"}],"author":"admin","twitter_card":"summary_large_image","twitter_misc":{"Escrito por":"admin","Est. tempo de leitura":"4 minutos"},"schema":{"@context":"https:\/\/schema.org","@graph":[{"@type":"Article","@id":"https:\/\/portosma.com.br\/index.php\/2023\/03\/28\/comecam-obras-na-13a-barragem-a-montante-descaracterizada-pela-vale\/#article","isPartOf":{"@id":"https:\/\/portosma.com.br\/index.php\/2023\/03\/28\/comecam-obras-na-13a-barragem-a-montante-descaracterizada-pela-vale\/"},"author":{"name":"admin","@id":"https:\/\/portosma.com.br\/#\/schema\/person\/fb92dfe283ab47293259c87c813d8623"},"headline":"Vale inicia obras da 13\u00aa barragem a montante a ser descaracterizada","datePublished":"2023-03-28T13:00:43+00:00","dateModified":"2023-03-28T13:04:31+00:00","mainEntityOfPage":{"@id":"https:\/\/portosma.com.br\/index.php\/2023\/03\/28\/comecam-obras-na-13a-barragem-a-montante-descaracterizada-pela-vale\/"},"wordCount":756,"publisher":{"@id":"https:\/\/portosma.com.br\/#organization"},"image":{"@id":"https:\/\/portosma.com.br\/index.php\/2023\/03\/28\/comecam-obras-na-13a-barragem-a-montante-descaracterizada-pela-vale\/#primaryimage"},"thumbnailUrl":"https:\/\/portosma.com.br\/wp-content\/uploads\/2023\/03\/MONTANTE.jpg","articleSection":["Not\u00edcias"],"inLanguage":"pt-BR"},{"@type":"WebPage","@id":"https:\/\/portosma.com.br\/index.php\/2023\/03\/28\/comecam-obras-na-13a-barragem-a-montante-descaracterizada-pela-vale\/","url":"https:\/\/portosma.com.br\/index.php\/2023\/03\/28\/comecam-obras-na-13a-barragem-a-montante-descaracterizada-pela-vale\/","name":"Vale inicia obras da 13\u00aa barragem a montante a ser descaracterizada - Portosma","isPartOf":{"@id":"https:\/\/portosma.com.br\/#website"},"primaryImageOfPage":{"@id":"https:\/\/portosma.com.br\/index.php\/2023\/03\/28\/comecam-obras-na-13a-barragem-a-montante-descaracterizada-pela-vale\/#primaryimage"},"image":{"@id":"https:\/\/portosma.com.br\/index.php\/2023\/03\/28\/comecam-obras-na-13a-barragem-a-montante-descaracterizada-pela-vale\/#primaryimage"},"thumbnailUrl":"https:\/\/portosma.com.br\/wp-content\/uploads\/2023\/03\/MONTANTE.jpg","datePublished":"2023-03-28T13:00:43+00:00","dateModified":"2023-03-28T13:04:31+00:00","breadcrumb":{"@id":"https:\/\/portosma.com.br\/index.php\/2023\/03\/28\/comecam-obras-na-13a-barragem-a-montante-descaracterizada-pela-vale\/#breadcrumb"},"inLanguage":"pt-BR","potentialAction":[{"@type":"ReadAction","target":["https:\/\/portosma.com.br\/index.php\/2023\/03\/28\/comecam-obras-na-13a-barragem-a-montante-descaracterizada-pela-vale\/"]}]},{"@type":"ImageObject","inLanguage":"pt-BR","@id":"https:\/\/portosma.com.br\/index.php\/2023\/03\/28\/comecam-obras-na-13a-barragem-a-montante-descaracterizada-pela-vale\/#primaryimage","url":"https:\/\/portosma.com.br\/wp-content\/uploads\/2023\/03\/MONTANTE.jpg","contentUrl":"https:\/\/portosma.com.br\/wp-content\/uploads\/2023\/03\/MONTANTE.jpg","width":1200,"height":500},{"@type":"BreadcrumbList","@id":"https:\/\/portosma.com.br\/index.php\/2023\/03\/28\/comecam-obras-na-13a-barragem-a-montante-descaracterizada-pela-vale\/#breadcrumb","itemListElement":[{"@type":"ListItem","position":1,"name":"In\u00edcio","item":"https:\/\/portosma.com.br\/"},{"@type":"ListItem","position":2,"name":"Vale inicia obras da 13\u00aa barragem a montante a ser descaracterizada"}]},{"@type":"WebSite","@id":"https:\/\/portosma.com.br\/#website","url":"https:\/\/portosma.com.br\/","name":"Portosma","description":"Um site de not\u00edcias","publisher":{"@id":"https:\/\/portosma.com.br\/#organization"},"potentialAction":[{"@type":"SearchAction","target":{"@type":"EntryPoint","urlTemplate":"https:\/\/portosma.com.br\/?s={search_term_string}"},"query-input":"required name=search_term_string"}],"inLanguage":"pt-BR"},{"@type":"Organization","@id":"https:\/\/portosma.com.br\/#organization","name":"Portosma","alternateName":"Portosma","url":"https:\/\/portosma.com.br\/","logo":{"@type":"ImageObject","inLanguage":"pt-BR","@id":"https:\/\/portosma.com.br\/#\/schema\/logo\/image\/","url":"https:\/\/portosma.com.br\/wp-content\/uploads\/2026\/03\/cropped-AD-PORTOSMA.jpg","contentUrl":"https:\/\/portosma.com.br\/wp-content\/uploads\/2026\/03\/cropped-AD-PORTOSMA.jpg","width":400,"height":115,"caption":"Portosma"},"image":{"@id":"https:\/\/portosma.com.br\/#\/schema\/logo\/image\/"}},{"@type":"Person","@id":"https:\/\/portosma.com.br\/#\/schema\/person\/fb92dfe283ab47293259c87c813d8623","name":"admin","sameAs":["https:\/\/portosma.com.br"],"url":"https:\/\/portosma.com.br\/index.php\/author\/portosma\/"}]}},"_links":{"self":[{"href":"https:\/\/portosma.com.br\/index.php\/wp-json\/wp\/v2\/posts\/5758","targetHints":{"allow":["GET"]}}],"collection":[{"href":"https:\/\/portosma.com.br\/index.php\/wp-json\/wp\/v2\/posts"}],"about":[{"href":"https:\/\/portosma.com.br\/index.php\/wp-json\/wp\/v2\/types\/post"}],"author":[{"embeddable":true,"href":"https:\/\/portosma.com.br\/index.php\/wp-json\/wp\/v2\/users\/1"}],"replies":[{"embeddable":true,"href":"https:\/\/portosma.com.br\/index.php\/wp-json\/wp\/v2\/comments?post=5758"}],"version-history":[{"count":5,"href":"https:\/\/portosma.com.br\/index.php\/wp-json\/wp\/v2\/posts\/5758\/revisions"}],"predecessor-version":[{"id":5764,"href":"https:\/\/portosma.com.br\/index.php\/wp-json\/wp\/v2\/posts\/5758\/revisions\/5764"}],"wp:featuredmedia":[{"embeddable":true,"href":"https:\/\/portosma.com.br\/index.php\/wp-json\/wp\/v2\/media\/5760"}],"wp:attachment":[{"href":"https:\/\/portosma.com.br\/index.php\/wp-json\/wp\/v2\/media?parent=5758"}],"wp:term":[{"taxonomy":"category","embeddable":true,"href":"https:\/\/portosma.com.br\/index.php\/wp-json\/wp\/v2\/categories?post=5758"},{"taxonomy":"post_tag","embeddable":true,"href":"https:\/\/portosma.com.br\/index.php\/wp-json\/wp\/v2\/tags?post=5758"}],"curies":[{"name":"wp","href":"https:\/\/api.w.org\/{rel}","templated":true}]}}