{"id":5755,"date":"2023-03-26T12:46:22","date_gmt":"2023-03-26T12:46:22","guid":{"rendered":"https:\/\/portosma.com.br\/?p=5755"},"modified":"2023-03-29T19:19:47","modified_gmt":"2023-03-29T19:19:47","slug":"vli-anuncia-chegada-do-projeto-novo-trilho-ao-estado-do-maranhao","status":"publish","type":"post","link":"https:\/\/portosma.com.br\/index.php\/2023\/03\/26\/vli-anuncia-chegada-do-projeto-novo-trilho-ao-estado-do-maranhao\/","title":{"rendered":"VLI anuncia chegada do projeto Novo Trilho ao estado do Maranh\u00e3o"},"content":{"rendered":"<p>A VLI participou de reuni\u00f5es com as Prefeituras de Imperatriz e Porto Franco para anunciar a chega do Projeto Novo Trilho ao Maranh\u00e3o. Desenvolvido pela companhia, o projeto tem o objetivo de ampliar o processo de reciclagem nos munic\u00edpios, estimulando atitudes sustent\u00e1veis por meio da coleta e da destina\u00e7\u00e3o adequada de res\u00edduos s\u00f3lidos. A iniciativa tamb\u00e9m apoia a cria\u00e7\u00e3o de associa\u00e7\u00f5es de catadores, cooperativas, sucateiros e pequenos empreendedores. A expectativa \u00e9 de que o projeto esteja implantado nas cidades maranhenses ainda no primeiro semestre.<\/p>\n<p>Em Imperatriz, a reuni\u00e3o para a implanta\u00e7\u00e3o do Projeto Novo Trilho aconteceu nessa ter\u00e7a-feira (21), com a participa\u00e7\u00e3o de representantes da VLI, do Executivo municipal e da Associa\u00e7\u00e3o dos Catadores de Materiais Recicl\u00e1veis de Imperatriz (Ascamari). O munic\u00edpio ser\u00e1 o primeiro do corredor log\u00edstico Centro-Norte, operado pela VLI, a ser contemplado com a iniciativa.<\/p>\n<p>O Projeto Novo Trilho \u00e9 uma oportunidade de est\u00edmulo e orienta\u00e7\u00e3o para a gera\u00e7\u00e3o de renda, por meio dos res\u00edduos s\u00f3lidos. &#8220;O projeto \u00e9 importante porque visa estimular atitudes sustent\u00e1veis por meio da destina\u00e7\u00e3o adequada de res\u00edduos s\u00f3lidos. O pr\u00f3ximo passo ser\u00e1 assinatura do termo de parceria com a&nbsp; VLI para, em seguida, implantar o projeto em nossa cidade, que ser\u00e1 de grande relev\u00e2ncia para o meio ambiente e para os agentes ambientais, que s\u00e3o os catadores de recicl\u00e1veis&#8221;, destacou a titular da Secretaria Municipal de Meio Ambiente e Recursos H\u00eddricos de Imperatriz, Rosa Arruda.<\/p>\n<p>Por sua vez, na quarta-feira (22), o Novo Trilho foi apresentado ao prefeito de Porto Franco, Deoclides Macedo, parte de seu secretariado e parceiros, como o presidente da Acaporto, Laurimar Barros, e o 1\u00ba secret\u00e1rio da mesa diretora da C\u00e2mara de Porto Franco, Rog\u00e9rio da Van. Agora a minuta de conv\u00eanio ser\u00e1 encaminhada pela VLI para avalia\u00e7\u00e3o e posterior assinatura pelo munic\u00edpio, parceiro oficial da iniciativa. A expectativa \u00e9 de que o projeto-piloto do Novo Trilho, em Porto Franco, seja implantado at\u00e9 o final deste primeiro semestre. O Novo Trilho tamb\u00e9m ser\u00e1 levado \u00e0s escolas, com a capacita\u00e7\u00e3o dos professores para promover a educa\u00e7\u00e3o ambiental entre as crian\u00e7as, que poder\u00e3o aprender sobre a coleta e a destina\u00e7\u00e3o de res\u00edduos s\u00f3lidos.<\/p>\n<p>&#8220;O Novo Trilho \u00e9 um projeto de engajamento e incentivo \u00e0 destina\u00e7\u00e3o correta de res\u00edduos pela comunidade. Al\u00e9m disso, h\u00e1 uma monetiza\u00e7\u00e3o desse res\u00edduo. Em Imperatriz e em Porto Franco, nosso foco vai al\u00e9m da quest\u00e3o de diminuir o res\u00edduo que \u00e9 descartado na linha f\u00e9rrea. Nosso objetivo \u00e9 fomentar associa\u00e7\u00f5es de catadores, para que consigam ter uma boa gest\u00e3o, tanto financeira quanto dos res\u00edduos, atrav\u00e9s de aplicativos e softwares que disponibilizamos a partir do projeto&#8221;, enfatiza a analista de Responsabilidade Social da VLI, Raquel Batista.<\/p>\n<p>O projeto vem sendo implantado pela VLI em localidades onde a empresa atua com objetivo de promover boas pr\u00e1ticas, como a economia circular, fomento \u00e0 inclus\u00e3o, a educa\u00e7\u00e3o financeira e a sustentabilidade, gerando impacto positivo em toda a sociedade.<\/p>\n<p><span style=\"color: #808080;\"><strong>Sobre a VLI<\/strong><\/span><\/p>\n<p><em>A VLI tem o compromisso de apoiar a transforma\u00e7\u00e3o da log\u00edstica no pa\u00eds, por meio da integra\u00e7\u00e3o de servi\u00e7os em portos, ferrovias e terminais. A empresa engloba as ferrovias Norte Sul (FNS) e Centro-Atl\u00e2ntica (FCA), al\u00e9m de terminais intermodais, que unem o carregamento e o descarregamento de produtos ao transporte ferrovi\u00e1rio, e terminais portu\u00e1rios situados em eixos estrat\u00e9gicos da costa brasileira, tais como em Santos (SP), S\u00e3o Lu\u00eds (MA) e Vit\u00f3ria (ES). Por tr\u00eas anos consecutivos presente no ranking 100 Open Corps \u2013 que reconhece o est\u00edmulo \u00e0 inova\u00e7\u00e3o aberta \u2013, a VLI transporta as riquezas do Brasil por rotas que passam pelas regi\u00f5es Norte, Nordeste, Sudeste e Centro-Oeste.<\/em><\/p>\n<p>&nbsp;<\/p>\n<p><span style=\"color: #808080;\"><em><strong>Fonte: WComunica\u00e7\u00e3o &#8211; Assessoria e Consultoria<\/strong><\/em><\/span><\/p>\n","protected":false},"excerpt":{"rendered":"<p>Parcerias foram firmadas com as administra\u00e7\u00f5es municipais de Imperatriz e Porto Franco para estimular ainda mais as atitudes sustent\u00e1veis.<\/p>\n","protected":false},"author":1,"featured_media":5756,"comment_status":"closed","ping_status":"open","sticky":false,"template":"","format":"standard","meta":{"_editorskit_title_hidden":false,"_editorskit_reading_time":0,"_editorskit_is_block_options_detached":false,"_editorskit_block_options_position":"{}","ngg_post_thumbnail":0,"footnotes":""},"categories":[1],"tags":[],"class_list":["post-5755","post","type-post","status-publish","format-standard","has-post-thumbnail","hentry","category-noticias"],"yoast_head":"<!-- This site is optimized with the Yoast SEO plugin v22.5 - https:\/\/yoast.com\/wordpress\/plugins\/seo\/ -->\n<title>VLI anuncia chegada do projeto Novo Trilho ao estado do Maranh\u00e3o - Portosma<\/title>\n<meta name=\"robots\" content=\"index, follow, max-snippet:-1, max-image-preview:large, max-video-preview:-1\" \/>\n<link rel=\"canonical\" href=\"https:\/\/portosma.com.br\/index.php\/2023\/03\/26\/vli-anuncia-chegada-do-projeto-novo-trilho-ao-estado-do-maranhao\/\" \/>\n<meta property=\"og:locale\" content=\"pt_BR\" \/>\n<meta property=\"og:type\" content=\"article\" \/>\n<meta property=\"og:title\" content=\"VLI anuncia chegada do projeto Novo Trilho ao estado do Maranh\u00e3o - Portosma\" \/>\n<meta property=\"og:description\" content=\"Parcerias foram firmadas com as administra\u00e7\u00f5es municipais de Imperatriz e Porto Franco para estimular ainda mais as atitudes sustent\u00e1veis.\" \/>\n<meta property=\"og:url\" content=\"https:\/\/portosma.com.br\/index.php\/2023\/03\/26\/vli-anuncia-chegada-do-projeto-novo-trilho-ao-estado-do-maranhao\/\" \/>\n<meta property=\"og:site_name\" content=\"Portosma\" \/>\n<meta property=\"article:published_time\" content=\"2023-03-26T12:46:22+00:00\" \/>\n<meta property=\"article:modified_time\" content=\"2023-03-29T19:19:47+00:00\" \/>\n<meta property=\"og:image\" content=\"https:\/\/portosma.com.br\/wp-content\/uploads\/2023\/03\/VLI-VISTA-3.jpg\" \/>\n\t<meta property=\"og:image:width\" content=\"1200\" \/>\n\t<meta property=\"og:image:height\" content=\"503\" \/>\n\t<meta property=\"og:image:type\" content=\"image\/jpeg\" \/>\n<meta name=\"author\" content=\"admin\" \/>\n<meta name=\"twitter:card\" content=\"summary_large_image\" \/>\n<meta name=\"twitter:label1\" content=\"Escrito por\" \/>\n\t<meta name=\"twitter:data1\" content=\"admin\" \/>\n\t<meta name=\"twitter:label2\" content=\"Est. tempo de leitura\" \/>\n\t<meta name=\"twitter:data2\" content=\"3 minutos\" \/>\n<script type=\"application\/ld+json\" class=\"yoast-schema-graph\">{\"@context\":\"https:\/\/schema.org\",\"@graph\":[{\"@type\":\"Article\",\"@id\":\"https:\/\/portosma.com.br\/index.php\/2023\/03\/26\/vli-anuncia-chegada-do-projeto-novo-trilho-ao-estado-do-maranhao\/#article\",\"isPartOf\":{\"@id\":\"https:\/\/portosma.com.br\/index.php\/2023\/03\/26\/vli-anuncia-chegada-do-projeto-novo-trilho-ao-estado-do-maranhao\/\"},\"author\":{\"name\":\"admin\",\"@id\":\"https:\/\/portosma.com.br\/#\/schema\/person\/fb92dfe283ab47293259c87c813d8623\"},\"headline\":\"VLI anuncia chegada do projeto Novo Trilho ao estado do Maranh\u00e3o\",\"datePublished\":\"2023-03-26T12:46:22+00:00\",\"dateModified\":\"2023-03-29T19:19:47+00:00\",\"mainEntityOfPage\":{\"@id\":\"https:\/\/portosma.com.br\/index.php\/2023\/03\/26\/vli-anuncia-chegada-do-projeto-novo-trilho-ao-estado-do-maranhao\/\"},\"wordCount\":674,\"publisher\":{\"@id\":\"https:\/\/portosma.com.br\/#organization\"},\"image\":{\"@id\":\"https:\/\/portosma.com.br\/index.php\/2023\/03\/26\/vli-anuncia-chegada-do-projeto-novo-trilho-ao-estado-do-maranhao\/#primaryimage\"},\"thumbnailUrl\":\"https:\/\/portosma.com.br\/wp-content\/uploads\/2023\/03\/VLI-VISTA-3.jpg\",\"articleSection\":[\"Not\u00edcias\"],\"inLanguage\":\"pt-BR\"},{\"@type\":\"WebPage\",\"@id\":\"https:\/\/portosma.com.br\/index.php\/2023\/03\/26\/vli-anuncia-chegada-do-projeto-novo-trilho-ao-estado-do-maranhao\/\",\"url\":\"https:\/\/portosma.com.br\/index.php\/2023\/03\/26\/vli-anuncia-chegada-do-projeto-novo-trilho-ao-estado-do-maranhao\/\",\"name\":\"VLI anuncia chegada do projeto Novo Trilho ao estado do Maranh\u00e3o - Portosma\",\"isPartOf\":{\"@id\":\"https:\/\/portosma.com.br\/#website\"},\"primaryImageOfPage\":{\"@id\":\"https:\/\/portosma.com.br\/index.php\/2023\/03\/26\/vli-anuncia-chegada-do-projeto-novo-trilho-ao-estado-do-maranhao\/#primaryimage\"},\"image\":{\"@id\":\"https:\/\/portosma.com.br\/index.php\/2023\/03\/26\/vli-anuncia-chegada-do-projeto-novo-trilho-ao-estado-do-maranhao\/#primaryimage\"},\"thumbnailUrl\":\"https:\/\/portosma.com.br\/wp-content\/uploads\/2023\/03\/VLI-VISTA-3.jpg\",\"datePublished\":\"2023-03-26T12:46:22+00:00\",\"dateModified\":\"2023-03-29T19:19:47+00:00\",\"breadcrumb\":{\"@id\":\"https:\/\/portosma.com.br\/index.php\/2023\/03\/26\/vli-anuncia-chegada-do-projeto-novo-trilho-ao-estado-do-maranhao\/#breadcrumb\"},\"inLanguage\":\"pt-BR\",\"potentialAction\":[{\"@type\":\"ReadAction\",\"target\":[\"https:\/\/portosma.com.br\/index.php\/2023\/03\/26\/vli-anuncia-chegada-do-projeto-novo-trilho-ao-estado-do-maranhao\/\"]}]},{\"@type\":\"ImageObject\",\"inLanguage\":\"pt-BR\",\"@id\":\"https:\/\/portosma.com.br\/index.php\/2023\/03\/26\/vli-anuncia-chegada-do-projeto-novo-trilho-ao-estado-do-maranhao\/#primaryimage\",\"url\":\"https:\/\/portosma.com.br\/wp-content\/uploads\/2023\/03\/VLI-VISTA-3.jpg\",\"contentUrl\":\"https:\/\/portosma.com.br\/wp-content\/uploads\/2023\/03\/VLI-VISTA-3.jpg\",\"width\":1200,\"height\":503},{\"@type\":\"BreadcrumbList\",\"@id\":\"https:\/\/portosma.com.br\/index.php\/2023\/03\/26\/vli-anuncia-chegada-do-projeto-novo-trilho-ao-estado-do-maranhao\/#breadcrumb\",\"itemListElement\":[{\"@type\":\"ListItem\",\"position\":1,\"name\":\"In\u00edcio\",\"item\":\"https:\/\/portosma.com.br\/\"},{\"@type\":\"ListItem\",\"position\":2,\"name\":\"VLI anuncia chegada do projeto Novo Trilho ao estado do Maranh\u00e3o\"}]},{\"@type\":\"WebSite\",\"@id\":\"https:\/\/portosma.com.br\/#website\",\"url\":\"https:\/\/portosma.com.br\/\",\"name\":\"Portosma\",\"description\":\"Um site de not\u00edcias\",\"publisher\":{\"@id\":\"https:\/\/portosma.com.br\/#organization\"},\"potentialAction\":[{\"@type\":\"SearchAction\",\"target\":{\"@type\":\"EntryPoint\",\"urlTemplate\":\"https:\/\/portosma.com.br\/?s={search_term_string}\"},\"query-input\":\"required name=search_term_string\"}],\"inLanguage\":\"pt-BR\"},{\"@type\":\"Organization\",\"@id\":\"https:\/\/portosma.com.br\/#organization\",\"name\":\"Portosma\",\"alternateName\":\"Portosma\",\"url\":\"https:\/\/portosma.com.br\/\",\"logo\":{\"@type\":\"ImageObject\",\"inLanguage\":\"pt-BR\",\"@id\":\"https:\/\/portosma.com.br\/#\/schema\/logo\/image\/\",\"url\":\"https:\/\/portosma.com.br\/wp-content\/uploads\/2026\/03\/cropped-AD-PORTOSMA.jpg\",\"contentUrl\":\"https:\/\/portosma.com.br\/wp-content\/uploads\/2026\/03\/cropped-AD-PORTOSMA.jpg\",\"width\":400,\"height\":115,\"caption\":\"Portosma\"},\"image\":{\"@id\":\"https:\/\/portosma.com.br\/#\/schema\/logo\/image\/\"}},{\"@type\":\"Person\",\"@id\":\"https:\/\/portosma.com.br\/#\/schema\/person\/fb92dfe283ab47293259c87c813d8623\",\"name\":\"admin\",\"sameAs\":[\"https:\/\/portosma.com.br\"],\"url\":\"https:\/\/portosma.com.br\/index.php\/author\/portosma\/\"}]}<\/script>\n<!-- \/ Yoast SEO plugin. -->","yoast_head_json":{"title":"VLI anuncia chegada do projeto Novo Trilho ao estado do Maranh\u00e3o - Portosma","robots":{"index":"index","follow":"follow","max-snippet":"max-snippet:-1","max-image-preview":"max-image-preview:large","max-video-preview":"max-video-preview:-1"},"canonical":"https:\/\/portosma.com.br\/index.php\/2023\/03\/26\/vli-anuncia-chegada-do-projeto-novo-trilho-ao-estado-do-maranhao\/","og_locale":"pt_BR","og_type":"article","og_title":"VLI anuncia chegada do projeto Novo Trilho ao estado do Maranh\u00e3o - Portosma","og_description":"Parcerias foram firmadas com as administra\u00e7\u00f5es municipais de Imperatriz e Porto Franco para estimular ainda mais as atitudes sustent\u00e1veis.","og_url":"https:\/\/portosma.com.br\/index.php\/2023\/03\/26\/vli-anuncia-chegada-do-projeto-novo-trilho-ao-estado-do-maranhao\/","og_site_name":"Portosma","article_published_time":"2023-03-26T12:46:22+00:00","article_modified_time":"2023-03-29T19:19:47+00:00","og_image":[{"width":1200,"height":503,"url":"https:\/\/portosma.com.br\/wp-content\/uploads\/2023\/03\/VLI-VISTA-3.jpg","type":"image\/jpeg"}],"author":"admin","twitter_card":"summary_large_image","twitter_misc":{"Escrito por":"admin","Est. tempo de leitura":"3 minutos"},"schema":{"@context":"https:\/\/schema.org","@graph":[{"@type":"Article","@id":"https:\/\/portosma.com.br\/index.php\/2023\/03\/26\/vli-anuncia-chegada-do-projeto-novo-trilho-ao-estado-do-maranhao\/#article","isPartOf":{"@id":"https:\/\/portosma.com.br\/index.php\/2023\/03\/26\/vli-anuncia-chegada-do-projeto-novo-trilho-ao-estado-do-maranhao\/"},"author":{"name":"admin","@id":"https:\/\/portosma.com.br\/#\/schema\/person\/fb92dfe283ab47293259c87c813d8623"},"headline":"VLI anuncia chegada do projeto Novo Trilho ao estado do Maranh\u00e3o","datePublished":"2023-03-26T12:46:22+00:00","dateModified":"2023-03-29T19:19:47+00:00","mainEntityOfPage":{"@id":"https:\/\/portosma.com.br\/index.php\/2023\/03\/26\/vli-anuncia-chegada-do-projeto-novo-trilho-ao-estado-do-maranhao\/"},"wordCount":674,"publisher":{"@id":"https:\/\/portosma.com.br\/#organization"},"image":{"@id":"https:\/\/portosma.com.br\/index.php\/2023\/03\/26\/vli-anuncia-chegada-do-projeto-novo-trilho-ao-estado-do-maranhao\/#primaryimage"},"thumbnailUrl":"https:\/\/portosma.com.br\/wp-content\/uploads\/2023\/03\/VLI-VISTA-3.jpg","articleSection":["Not\u00edcias"],"inLanguage":"pt-BR"},{"@type":"WebPage","@id":"https:\/\/portosma.com.br\/index.php\/2023\/03\/26\/vli-anuncia-chegada-do-projeto-novo-trilho-ao-estado-do-maranhao\/","url":"https:\/\/portosma.com.br\/index.php\/2023\/03\/26\/vli-anuncia-chegada-do-projeto-novo-trilho-ao-estado-do-maranhao\/","name":"VLI anuncia chegada do projeto Novo Trilho ao estado do Maranh\u00e3o - Portosma","isPartOf":{"@id":"https:\/\/portosma.com.br\/#website"},"primaryImageOfPage":{"@id":"https:\/\/portosma.com.br\/index.php\/2023\/03\/26\/vli-anuncia-chegada-do-projeto-novo-trilho-ao-estado-do-maranhao\/#primaryimage"},"image":{"@id":"https:\/\/portosma.com.br\/index.php\/2023\/03\/26\/vli-anuncia-chegada-do-projeto-novo-trilho-ao-estado-do-maranhao\/#primaryimage"},"thumbnailUrl":"https:\/\/portosma.com.br\/wp-content\/uploads\/2023\/03\/VLI-VISTA-3.jpg","datePublished":"2023-03-26T12:46:22+00:00","dateModified":"2023-03-29T19:19:47+00:00","breadcrumb":{"@id":"https:\/\/portosma.com.br\/index.php\/2023\/03\/26\/vli-anuncia-chegada-do-projeto-novo-trilho-ao-estado-do-maranhao\/#breadcrumb"},"inLanguage":"pt-BR","potentialAction":[{"@type":"ReadAction","target":["https:\/\/portosma.com.br\/index.php\/2023\/03\/26\/vli-anuncia-chegada-do-projeto-novo-trilho-ao-estado-do-maranhao\/"]}]},{"@type":"ImageObject","inLanguage":"pt-BR","@id":"https:\/\/portosma.com.br\/index.php\/2023\/03\/26\/vli-anuncia-chegada-do-projeto-novo-trilho-ao-estado-do-maranhao\/#primaryimage","url":"https:\/\/portosma.com.br\/wp-content\/uploads\/2023\/03\/VLI-VISTA-3.jpg","contentUrl":"https:\/\/portosma.com.br\/wp-content\/uploads\/2023\/03\/VLI-VISTA-3.jpg","width":1200,"height":503},{"@type":"BreadcrumbList","@id":"https:\/\/portosma.com.br\/index.php\/2023\/03\/26\/vli-anuncia-chegada-do-projeto-novo-trilho-ao-estado-do-maranhao\/#breadcrumb","itemListElement":[{"@type":"ListItem","position":1,"name":"In\u00edcio","item":"https:\/\/portosma.com.br\/"},{"@type":"ListItem","position":2,"name":"VLI anuncia chegada do projeto Novo Trilho ao estado do Maranh\u00e3o"}]},{"@type":"WebSite","@id":"https:\/\/portosma.com.br\/#website","url":"https:\/\/portosma.com.br\/","name":"Portosma","description":"Um site de not\u00edcias","publisher":{"@id":"https:\/\/portosma.com.br\/#organization"},"potentialAction":[{"@type":"SearchAction","target":{"@type":"EntryPoint","urlTemplate":"https:\/\/portosma.com.br\/?s={search_term_string}"},"query-input":"required name=search_term_string"}],"inLanguage":"pt-BR"},{"@type":"Organization","@id":"https:\/\/portosma.com.br\/#organization","name":"Portosma","alternateName":"Portosma","url":"https:\/\/portosma.com.br\/","logo":{"@type":"ImageObject","inLanguage":"pt-BR","@id":"https:\/\/portosma.com.br\/#\/schema\/logo\/image\/","url":"https:\/\/portosma.com.br\/wp-content\/uploads\/2026\/03\/cropped-AD-PORTOSMA.jpg","contentUrl":"https:\/\/portosma.com.br\/wp-content\/uploads\/2026\/03\/cropped-AD-PORTOSMA.jpg","width":400,"height":115,"caption":"Portosma"},"image":{"@id":"https:\/\/portosma.com.br\/#\/schema\/logo\/image\/"}},{"@type":"Person","@id":"https:\/\/portosma.com.br\/#\/schema\/person\/fb92dfe283ab47293259c87c813d8623","name":"admin","sameAs":["https:\/\/portosma.com.br"],"url":"https:\/\/portosma.com.br\/index.php\/author\/portosma\/"}]}},"_links":{"self":[{"href":"https:\/\/portosma.com.br\/index.php\/wp-json\/wp\/v2\/posts\/5755","targetHints":{"allow":["GET"]}}],"collection":[{"href":"https:\/\/portosma.com.br\/index.php\/wp-json\/wp\/v2\/posts"}],"about":[{"href":"https:\/\/portosma.com.br\/index.php\/wp-json\/wp\/v2\/types\/post"}],"author":[{"embeddable":true,"href":"https:\/\/portosma.com.br\/index.php\/wp-json\/wp\/v2\/users\/1"}],"replies":[{"embeddable":true,"href":"https:\/\/portosma.com.br\/index.php\/wp-json\/wp\/v2\/comments?post=5755"}],"version-history":[{"count":1,"href":"https:\/\/portosma.com.br\/index.php\/wp-json\/wp\/v2\/posts\/5755\/revisions"}],"predecessor-version":[{"id":5757,"href":"https:\/\/portosma.com.br\/index.php\/wp-json\/wp\/v2\/posts\/5755\/revisions\/5757"}],"wp:featuredmedia":[{"embeddable":true,"href":"https:\/\/portosma.com.br\/index.php\/wp-json\/wp\/v2\/media\/5756"}],"wp:attachment":[{"href":"https:\/\/portosma.com.br\/index.php\/wp-json\/wp\/v2\/media?parent=5755"}],"wp:term":[{"taxonomy":"category","embeddable":true,"href":"https:\/\/portosma.com.br\/index.php\/wp-json\/wp\/v2\/categories?post=5755"},{"taxonomy":"post_tag","embeddable":true,"href":"https:\/\/portosma.com.br\/index.php\/wp-json\/wp\/v2\/tags?post=5755"}],"curies":[{"name":"wp","href":"https:\/\/api.w.org\/{rel}","templated":true}]}}