{"id":5752,"date":"2023-03-26T12:41:41","date_gmt":"2023-03-26T12:41:41","guid":{"rendered":"https:\/\/portosma.com.br\/?p=5752"},"modified":"2023-03-29T11:44:30","modified_gmt":"2023-03-29T11:44:30","slug":"vli-recebe-visita-de-universitarios-em-acao-do-projeto-bracos-abertos","status":"publish","type":"post","link":"https:\/\/portosma.com.br\/index.php\/2023\/03\/26\/vli-recebe-visita-de-universitarios-em-acao-do-projeto-bracos-abertos\/","title":{"rendered":"VLI recebe visita de universit\u00e1rios em a\u00e7\u00e3o do Projeto Bra\u00e7os Abertos"},"content":{"rendered":"<p>A VLI \u2013 companhia de solu\u00e7\u00f5es log\u00edsticas que opera terminais, ferrovias e portos \u2013 recebeu em mar\u00e7o na cidade de Imperatriz, no sul do Maranh\u00e3o, a visita de uma turma de universit\u00e1rios do curso de Administra\u00e7\u00e3o da Faculdade UniSul. A atividade faz parte do Projeto Bra\u00e7os Abertos, que visa estreitar o relacionamento da companhia com a comunidade local. Na oportunidade, os universit\u00e1rios puderam conhecer, na pr\u00e1tica, as opera\u00e7\u00f5es que integram a grade curricular do curso.<\/p>\n<p>O Projeto Bra\u00e7os Abertos atua com duas modalidades: o Bra\u00e7os Abertos Fam\u00edlia, quando empregados da VLI e de empresas terceirizadas levam seus familiares para conhecer a empresa, e o Bra\u00e7os Abertos Comunidade, no qual estudantes de todos os n\u00edveis escolares podem visitar uma das unidades da empresa no estado. Tamb\u00e9m podem participar do projeto moradores, entidades de classe e associa\u00e7\u00f5es comunit\u00e1rias.<\/p>\n<p>A iniciativa da VLI busca aproximar os moradores da regi\u00e3o \u00e0 empresa, para que conhe\u00e7am o trabalho desenvolvido pela companhia e a import\u00e2ncia para o desenvolvimento do pa\u00eds. &#8220;Nossa rela\u00e7\u00e3o com as comunidades das quais fazemos parte se baseia em di\u00e1logo e transpar\u00eancia, por meio de iniciativas que buscam contribuir com o desenvolvimento local, estabelecendo um conv\u00edvio harm\u00f4nico entre nossas opera\u00e7\u00f5es e as comunidades, bem como gerando valor compartilhado&#8221;, frisou o supervisor de Seguran\u00e7a do Trabalho, Bruno Castro.<\/p>\n<p>Al\u00e9m de conhecer as atividades da empresa e suas instala\u00e7\u00f5es, os visitantes tamb\u00e9m t\u00eam a oportunidade de entender o que podem fazer para pleitear uma vaga de trabalho na companhia. No caso dos estudantes universit\u00e1rios, \u00e9 poss\u00edvel saber as possibilidades de \u00e1reas de atua\u00e7\u00e3o na empresa.<\/p>\n<p>Para agendamento de visitas e palestras, o contato deve ser feito pelo Al\u00f4 VLI: 0800 022 1211 e 031 8308 5538 (WhatsApp).<\/p>\n<p>&nbsp;<\/p>\n<p><strong><span style=\"color: #808080;\"><em>Fonte: WComunica\u00e7\u00e3o &#8211; Assessoria e Consultoria<\/em><\/span><\/strong><\/p>\n","protected":false},"excerpt":{"rendered":"<p>A atividade tem o objetivo de estreitar o relacionamento com comunidades do entorno da ferrovia de onde a VLI atua em todo o Maranh\u00e3o.<\/p>\n","protected":false},"author":1,"featured_media":5753,"comment_status":"closed","ping_status":"open","sticky":false,"template":"","format":"standard","meta":{"_editorskit_title_hidden":false,"_editorskit_reading_time":0,"_editorskit_is_block_options_detached":false,"_editorskit_block_options_position":"{}","ngg_post_thumbnail":0,"footnotes":""},"categories":[1],"tags":[],"class_list":["post-5752","post","type-post","status-publish","format-standard","has-post-thumbnail","hentry","category-noticias"],"yoast_head":"<!-- This site is optimized with the Yoast SEO plugin v22.5 - https:\/\/yoast.com\/wordpress\/plugins\/seo\/ -->\n<title>VLI recebe visita de universit\u00e1rios em a\u00e7\u00e3o do Projeto Bra\u00e7os Abertos - Portosma<\/title>\n<meta name=\"robots\" content=\"index, follow, max-snippet:-1, max-image-preview:large, max-video-preview:-1\" \/>\n<link rel=\"canonical\" href=\"https:\/\/portosma.com.br\/index.php\/2023\/03\/26\/vli-recebe-visita-de-universitarios-em-acao-do-projeto-bracos-abertos\/\" \/>\n<meta property=\"og:locale\" content=\"pt_BR\" \/>\n<meta property=\"og:type\" content=\"article\" \/>\n<meta property=\"og:title\" content=\"VLI recebe visita de universit\u00e1rios em a\u00e7\u00e3o do Projeto Bra\u00e7os Abertos - Portosma\" \/>\n<meta property=\"og:description\" content=\"A atividade tem o objetivo de estreitar o relacionamento com comunidades do entorno da ferrovia de onde a VLI atua em todo o Maranh\u00e3o.\" \/>\n<meta property=\"og:url\" content=\"https:\/\/portosma.com.br\/index.php\/2023\/03\/26\/vli-recebe-visita-de-universitarios-em-acao-do-projeto-bracos-abertos\/\" \/>\n<meta property=\"og:site_name\" content=\"Portosma\" \/>\n<meta property=\"article:published_time\" content=\"2023-03-26T12:41:41+00:00\" \/>\n<meta property=\"article:modified_time\" content=\"2023-03-29T11:44:30+00:00\" \/>\n<meta property=\"og:image\" content=\"https:\/\/portosma.com.br\/wp-content\/uploads\/2023\/03\/VLI-VISTA-1.jpg\" \/>\n\t<meta property=\"og:image:width\" content=\"1200\" \/>\n\t<meta property=\"og:image:height\" content=\"500\" \/>\n\t<meta property=\"og:image:type\" content=\"image\/jpeg\" \/>\n<meta name=\"author\" content=\"admin\" \/>\n<meta name=\"twitter:card\" content=\"summary_large_image\" \/>\n<meta name=\"twitter:label1\" content=\"Escrito por\" \/>\n\t<meta name=\"twitter:data1\" content=\"admin\" \/>\n\t<meta name=\"twitter:label2\" content=\"Est. tempo de leitura\" \/>\n\t<meta name=\"twitter:data2\" content=\"2 minutos\" \/>\n<script type=\"application\/ld+json\" class=\"yoast-schema-graph\">{\"@context\":\"https:\/\/schema.org\",\"@graph\":[{\"@type\":\"Article\",\"@id\":\"https:\/\/portosma.com.br\/index.php\/2023\/03\/26\/vli-recebe-visita-de-universitarios-em-acao-do-projeto-bracos-abertos\/#article\",\"isPartOf\":{\"@id\":\"https:\/\/portosma.com.br\/index.php\/2023\/03\/26\/vli-recebe-visita-de-universitarios-em-acao-do-projeto-bracos-abertos\/\"},\"author\":{\"name\":\"admin\",\"@id\":\"https:\/\/portosma.com.br\/#\/schema\/person\/fb92dfe283ab47293259c87c813d8623\"},\"headline\":\"VLI recebe visita de universit\u00e1rios em a\u00e7\u00e3o do Projeto Bra\u00e7os Abertos\",\"datePublished\":\"2023-03-26T12:41:41+00:00\",\"dateModified\":\"2023-03-29T11:44:30+00:00\",\"mainEntityOfPage\":{\"@id\":\"https:\/\/portosma.com.br\/index.php\/2023\/03\/26\/vli-recebe-visita-de-universitarios-em-acao-do-projeto-bracos-abertos\/\"},\"wordCount\":330,\"publisher\":{\"@id\":\"https:\/\/portosma.com.br\/#organization\"},\"image\":{\"@id\":\"https:\/\/portosma.com.br\/index.php\/2023\/03\/26\/vli-recebe-visita-de-universitarios-em-acao-do-projeto-bracos-abertos\/#primaryimage\"},\"thumbnailUrl\":\"https:\/\/portosma.com.br\/wp-content\/uploads\/2023\/03\/VLI-VISTA-1.jpg\",\"articleSection\":[\"Not\u00edcias\"],\"inLanguage\":\"pt-BR\"},{\"@type\":\"WebPage\",\"@id\":\"https:\/\/portosma.com.br\/index.php\/2023\/03\/26\/vli-recebe-visita-de-universitarios-em-acao-do-projeto-bracos-abertos\/\",\"url\":\"https:\/\/portosma.com.br\/index.php\/2023\/03\/26\/vli-recebe-visita-de-universitarios-em-acao-do-projeto-bracos-abertos\/\",\"name\":\"VLI recebe visita de universit\u00e1rios em a\u00e7\u00e3o do Projeto Bra\u00e7os Abertos - Portosma\",\"isPartOf\":{\"@id\":\"https:\/\/portosma.com.br\/#website\"},\"primaryImageOfPage\":{\"@id\":\"https:\/\/portosma.com.br\/index.php\/2023\/03\/26\/vli-recebe-visita-de-universitarios-em-acao-do-projeto-bracos-abertos\/#primaryimage\"},\"image\":{\"@id\":\"https:\/\/portosma.com.br\/index.php\/2023\/03\/26\/vli-recebe-visita-de-universitarios-em-acao-do-projeto-bracos-abertos\/#primaryimage\"},\"thumbnailUrl\":\"https:\/\/portosma.com.br\/wp-content\/uploads\/2023\/03\/VLI-VISTA-1.jpg\",\"datePublished\":\"2023-03-26T12:41:41+00:00\",\"dateModified\":\"2023-03-29T11:44:30+00:00\",\"breadcrumb\":{\"@id\":\"https:\/\/portosma.com.br\/index.php\/2023\/03\/26\/vli-recebe-visita-de-universitarios-em-acao-do-projeto-bracos-abertos\/#breadcrumb\"},\"inLanguage\":\"pt-BR\",\"potentialAction\":[{\"@type\":\"ReadAction\",\"target\":[\"https:\/\/portosma.com.br\/index.php\/2023\/03\/26\/vli-recebe-visita-de-universitarios-em-acao-do-projeto-bracos-abertos\/\"]}]},{\"@type\":\"ImageObject\",\"inLanguage\":\"pt-BR\",\"@id\":\"https:\/\/portosma.com.br\/index.php\/2023\/03\/26\/vli-recebe-visita-de-universitarios-em-acao-do-projeto-bracos-abertos\/#primaryimage\",\"url\":\"https:\/\/portosma.com.br\/wp-content\/uploads\/2023\/03\/VLI-VISTA-1.jpg\",\"contentUrl\":\"https:\/\/portosma.com.br\/wp-content\/uploads\/2023\/03\/VLI-VISTA-1.jpg\",\"width\":1200,\"height\":500},{\"@type\":\"BreadcrumbList\",\"@id\":\"https:\/\/portosma.com.br\/index.php\/2023\/03\/26\/vli-recebe-visita-de-universitarios-em-acao-do-projeto-bracos-abertos\/#breadcrumb\",\"itemListElement\":[{\"@type\":\"ListItem\",\"position\":1,\"name\":\"In\u00edcio\",\"item\":\"https:\/\/portosma.com.br\/\"},{\"@type\":\"ListItem\",\"position\":2,\"name\":\"VLI recebe visita de universit\u00e1rios em a\u00e7\u00e3o do Projeto Bra\u00e7os Abertos\"}]},{\"@type\":\"WebSite\",\"@id\":\"https:\/\/portosma.com.br\/#website\",\"url\":\"https:\/\/portosma.com.br\/\",\"name\":\"Portosma\",\"description\":\"Um site de not\u00edcias\",\"publisher\":{\"@id\":\"https:\/\/portosma.com.br\/#organization\"},\"potentialAction\":[{\"@type\":\"SearchAction\",\"target\":{\"@type\":\"EntryPoint\",\"urlTemplate\":\"https:\/\/portosma.com.br\/?s={search_term_string}\"},\"query-input\":\"required name=search_term_string\"}],\"inLanguage\":\"pt-BR\"},{\"@type\":\"Organization\",\"@id\":\"https:\/\/portosma.com.br\/#organization\",\"name\":\"Portosma\",\"alternateName\":\"Portosma\",\"url\":\"https:\/\/portosma.com.br\/\",\"logo\":{\"@type\":\"ImageObject\",\"inLanguage\":\"pt-BR\",\"@id\":\"https:\/\/portosma.com.br\/#\/schema\/logo\/image\/\",\"url\":\"https:\/\/portosma.com.br\/wp-content\/uploads\/2026\/03\/cropped-AD-PORTOSMA.jpg\",\"contentUrl\":\"https:\/\/portosma.com.br\/wp-content\/uploads\/2026\/03\/cropped-AD-PORTOSMA.jpg\",\"width\":400,\"height\":115,\"caption\":\"Portosma\"},\"image\":{\"@id\":\"https:\/\/portosma.com.br\/#\/schema\/logo\/image\/\"}},{\"@type\":\"Person\",\"@id\":\"https:\/\/portosma.com.br\/#\/schema\/person\/fb92dfe283ab47293259c87c813d8623\",\"name\":\"admin\",\"sameAs\":[\"https:\/\/portosma.com.br\"],\"url\":\"https:\/\/portosma.com.br\/index.php\/author\/portosma\/\"}]}<\/script>\n<!-- \/ Yoast SEO plugin. -->","yoast_head_json":{"title":"VLI recebe visita de universit\u00e1rios em a\u00e7\u00e3o do Projeto Bra\u00e7os Abertos - Portosma","robots":{"index":"index","follow":"follow","max-snippet":"max-snippet:-1","max-image-preview":"max-image-preview:large","max-video-preview":"max-video-preview:-1"},"canonical":"https:\/\/portosma.com.br\/index.php\/2023\/03\/26\/vli-recebe-visita-de-universitarios-em-acao-do-projeto-bracos-abertos\/","og_locale":"pt_BR","og_type":"article","og_title":"VLI recebe visita de universit\u00e1rios em a\u00e7\u00e3o do Projeto Bra\u00e7os Abertos - Portosma","og_description":"A atividade tem o objetivo de estreitar o relacionamento com comunidades do entorno da ferrovia de onde a VLI atua em todo o Maranh\u00e3o.","og_url":"https:\/\/portosma.com.br\/index.php\/2023\/03\/26\/vli-recebe-visita-de-universitarios-em-acao-do-projeto-bracos-abertos\/","og_site_name":"Portosma","article_published_time":"2023-03-26T12:41:41+00:00","article_modified_time":"2023-03-29T11:44:30+00:00","og_image":[{"width":1200,"height":500,"url":"https:\/\/portosma.com.br\/wp-content\/uploads\/2023\/03\/VLI-VISTA-1.jpg","type":"image\/jpeg"}],"author":"admin","twitter_card":"summary_large_image","twitter_misc":{"Escrito por":"admin","Est. tempo de leitura":"2 minutos"},"schema":{"@context":"https:\/\/schema.org","@graph":[{"@type":"Article","@id":"https:\/\/portosma.com.br\/index.php\/2023\/03\/26\/vli-recebe-visita-de-universitarios-em-acao-do-projeto-bracos-abertos\/#article","isPartOf":{"@id":"https:\/\/portosma.com.br\/index.php\/2023\/03\/26\/vli-recebe-visita-de-universitarios-em-acao-do-projeto-bracos-abertos\/"},"author":{"name":"admin","@id":"https:\/\/portosma.com.br\/#\/schema\/person\/fb92dfe283ab47293259c87c813d8623"},"headline":"VLI recebe visita de universit\u00e1rios em a\u00e7\u00e3o do Projeto Bra\u00e7os Abertos","datePublished":"2023-03-26T12:41:41+00:00","dateModified":"2023-03-29T11:44:30+00:00","mainEntityOfPage":{"@id":"https:\/\/portosma.com.br\/index.php\/2023\/03\/26\/vli-recebe-visita-de-universitarios-em-acao-do-projeto-bracos-abertos\/"},"wordCount":330,"publisher":{"@id":"https:\/\/portosma.com.br\/#organization"},"image":{"@id":"https:\/\/portosma.com.br\/index.php\/2023\/03\/26\/vli-recebe-visita-de-universitarios-em-acao-do-projeto-bracos-abertos\/#primaryimage"},"thumbnailUrl":"https:\/\/portosma.com.br\/wp-content\/uploads\/2023\/03\/VLI-VISTA-1.jpg","articleSection":["Not\u00edcias"],"inLanguage":"pt-BR"},{"@type":"WebPage","@id":"https:\/\/portosma.com.br\/index.php\/2023\/03\/26\/vli-recebe-visita-de-universitarios-em-acao-do-projeto-bracos-abertos\/","url":"https:\/\/portosma.com.br\/index.php\/2023\/03\/26\/vli-recebe-visita-de-universitarios-em-acao-do-projeto-bracos-abertos\/","name":"VLI recebe visita de universit\u00e1rios em a\u00e7\u00e3o do Projeto Bra\u00e7os Abertos - Portosma","isPartOf":{"@id":"https:\/\/portosma.com.br\/#website"},"primaryImageOfPage":{"@id":"https:\/\/portosma.com.br\/index.php\/2023\/03\/26\/vli-recebe-visita-de-universitarios-em-acao-do-projeto-bracos-abertos\/#primaryimage"},"image":{"@id":"https:\/\/portosma.com.br\/index.php\/2023\/03\/26\/vli-recebe-visita-de-universitarios-em-acao-do-projeto-bracos-abertos\/#primaryimage"},"thumbnailUrl":"https:\/\/portosma.com.br\/wp-content\/uploads\/2023\/03\/VLI-VISTA-1.jpg","datePublished":"2023-03-26T12:41:41+00:00","dateModified":"2023-03-29T11:44:30+00:00","breadcrumb":{"@id":"https:\/\/portosma.com.br\/index.php\/2023\/03\/26\/vli-recebe-visita-de-universitarios-em-acao-do-projeto-bracos-abertos\/#breadcrumb"},"inLanguage":"pt-BR","potentialAction":[{"@type":"ReadAction","target":["https:\/\/portosma.com.br\/index.php\/2023\/03\/26\/vli-recebe-visita-de-universitarios-em-acao-do-projeto-bracos-abertos\/"]}]},{"@type":"ImageObject","inLanguage":"pt-BR","@id":"https:\/\/portosma.com.br\/index.php\/2023\/03\/26\/vli-recebe-visita-de-universitarios-em-acao-do-projeto-bracos-abertos\/#primaryimage","url":"https:\/\/portosma.com.br\/wp-content\/uploads\/2023\/03\/VLI-VISTA-1.jpg","contentUrl":"https:\/\/portosma.com.br\/wp-content\/uploads\/2023\/03\/VLI-VISTA-1.jpg","width":1200,"height":500},{"@type":"BreadcrumbList","@id":"https:\/\/portosma.com.br\/index.php\/2023\/03\/26\/vli-recebe-visita-de-universitarios-em-acao-do-projeto-bracos-abertos\/#breadcrumb","itemListElement":[{"@type":"ListItem","position":1,"name":"In\u00edcio","item":"https:\/\/portosma.com.br\/"},{"@type":"ListItem","position":2,"name":"VLI recebe visita de universit\u00e1rios em a\u00e7\u00e3o do Projeto Bra\u00e7os Abertos"}]},{"@type":"WebSite","@id":"https:\/\/portosma.com.br\/#website","url":"https:\/\/portosma.com.br\/","name":"Portosma","description":"Um site de not\u00edcias","publisher":{"@id":"https:\/\/portosma.com.br\/#organization"},"potentialAction":[{"@type":"SearchAction","target":{"@type":"EntryPoint","urlTemplate":"https:\/\/portosma.com.br\/?s={search_term_string}"},"query-input":"required name=search_term_string"}],"inLanguage":"pt-BR"},{"@type":"Organization","@id":"https:\/\/portosma.com.br\/#organization","name":"Portosma","alternateName":"Portosma","url":"https:\/\/portosma.com.br\/","logo":{"@type":"ImageObject","inLanguage":"pt-BR","@id":"https:\/\/portosma.com.br\/#\/schema\/logo\/image\/","url":"https:\/\/portosma.com.br\/wp-content\/uploads\/2026\/03\/cropped-AD-PORTOSMA.jpg","contentUrl":"https:\/\/portosma.com.br\/wp-content\/uploads\/2026\/03\/cropped-AD-PORTOSMA.jpg","width":400,"height":115,"caption":"Portosma"},"image":{"@id":"https:\/\/portosma.com.br\/#\/schema\/logo\/image\/"}},{"@type":"Person","@id":"https:\/\/portosma.com.br\/#\/schema\/person\/fb92dfe283ab47293259c87c813d8623","name":"admin","sameAs":["https:\/\/portosma.com.br"],"url":"https:\/\/portosma.com.br\/index.php\/author\/portosma\/"}]}},"_links":{"self":[{"href":"https:\/\/portosma.com.br\/index.php\/wp-json\/wp\/v2\/posts\/5752","targetHints":{"allow":["GET"]}}],"collection":[{"href":"https:\/\/portosma.com.br\/index.php\/wp-json\/wp\/v2\/posts"}],"about":[{"href":"https:\/\/portosma.com.br\/index.php\/wp-json\/wp\/v2\/types\/post"}],"author":[{"embeddable":true,"href":"https:\/\/portosma.com.br\/index.php\/wp-json\/wp\/v2\/users\/1"}],"replies":[{"embeddable":true,"href":"https:\/\/portosma.com.br\/index.php\/wp-json\/wp\/v2\/comments?post=5752"}],"version-history":[{"count":1,"href":"https:\/\/portosma.com.br\/index.php\/wp-json\/wp\/v2\/posts\/5752\/revisions"}],"predecessor-version":[{"id":5754,"href":"https:\/\/portosma.com.br\/index.php\/wp-json\/wp\/v2\/posts\/5752\/revisions\/5754"}],"wp:featuredmedia":[{"embeddable":true,"href":"https:\/\/portosma.com.br\/index.php\/wp-json\/wp\/v2\/media\/5753"}],"wp:attachment":[{"href":"https:\/\/portosma.com.br\/index.php\/wp-json\/wp\/v2\/media?parent=5752"}],"wp:term":[{"taxonomy":"category","embeddable":true,"href":"https:\/\/portosma.com.br\/index.php\/wp-json\/wp\/v2\/categories?post=5752"},{"taxonomy":"post_tag","embeddable":true,"href":"https:\/\/portosma.com.br\/index.php\/wp-json\/wp\/v2\/tags?post=5752"}],"curies":[{"name":"wp","href":"https:\/\/api.w.org\/{rel}","templated":true}]}}