{"id":5442,"date":"2023-03-10T22:51:56","date_gmt":"2023-03-10T22:51:56","guid":{"rendered":"https:\/\/portosma.com.br\/?p=5442"},"modified":"2023-03-10T22:58:28","modified_gmt":"2023-03-10T22:58:28","slug":"apoio-a-projetos-locais-da-alcoa-recebera-inscricoes-a-partir-do-dia-13","status":"publish","type":"post","link":"https:\/\/portosma.com.br\/index.php\/2023\/03\/10\/apoio-a-projetos-locais-da-alcoa-recebera-inscricoes-a-partir-do-dia-13\/","title":{"rendered":"Apoio aos Projetos Alcoa receber\u00e1 inscri\u00e7\u00f5es a partir do dia 13"},"content":{"rendered":"<p>O Programa de Apoio a Projetos Locais, uma realiza\u00e7\u00e3o anual do Instituto Alcoa para contribuir com sua miss\u00e3o de promover coletivamente a educa\u00e7\u00e3o e o desenvolvimento dos territ\u00f3rios nos quais atua, receber\u00e1 inscri\u00e7\u00f5es de projetos de 13 de mar\u00e7o a 25 de abril.<\/p>\n<p>A iniciativa apoiar\u00e1 projetos locais desenvolvidos por organiza\u00e7\u00f5es da sociedade civil e\/ou do Poder P\u00fablico nas \u00e1reas priorit\u00e1rias para o Instituto \u2013 educa\u00e7\u00e3o com foco em ensino fundamental e gera\u00e7\u00e3o de trabalho e renda, causas estruturantes para o desenvolvimento de uma sociedade mais justa. Al\u00e9m disso, como parte do compromisso de contribuir para a redu\u00e7\u00e3o das desigualdades e promover, cada vez mais,espa\u00e7os inclusivos e diversos para todas as pessoas, o Programa de Apoio a Projetos tamb\u00e9m incentiva o desenvolvimento de iniciativas que auxiliem e estimulem a inclus\u00e3o de mulheres, grupos \u00e9tnico-raciais, pessoas com defici\u00eancia e do p\u00fablico LGBTQIA+.<\/p>\n<p>\u201cN\u00f3s acreditamos que os projetos comunit\u00e1rios t\u00eam a capacidade de transformar os territ\u00f3rios em que estamos presentes, atrav\u00e9s de uma agenda coletiva de desenvolvimento local. Sabemos da pot\u00eancia da sociedade civil e de suas comunidades, e \u00e9 por isso que atuamos em conjunto com diferentes atores, para que possamos promover iniciativas em prol de uma sociedade cada vez mais inclusiva e equitativa\u201d explica Monica Espadaro, Diretora Executiva de Opera\u00e7\u00f5es do Instituto Alcoa.<\/p>\n<p>Crit\u00e9rios para participa\u00e7\u00e3o &#8211; Ser\u00e3o priorizados projetos nas regi\u00f5es de atua\u00e7\u00e3o do IA: Juruti (PA); Divinol\u00e2ndia (SP), Po\u00e7os de Caldas e Caldas (MG); S\u00e3o Lu\u00eds, Pa\u00e7o do Lumiar, Raposa e S\u00e3o Jos\u00e9 de Ribamar (MA).<\/p>\n<p>Organiza\u00e7\u00f5es com no m\u00ednimo dois anos de exist\u00eancia, projetos realizados nas localidades eleg\u00edveis e iniciativas com dura\u00e7\u00e3o m\u00e1xima de dois anos s\u00e3o alguns dos crit\u00e9rios para participar do edital.<\/p>\n<p>Os projetos devem conter: 1) foco nas \u00e1reas priorit\u00e1rias do Instituto Alcoa; 2) objetivo de implementa\u00e7\u00e3o, expans\u00e3o, aperfei\u00e7oamento ou dissemina\u00e7\u00e3o de propostas j\u00e1 existentes; 3) valor solicitado ao Instituto Alcoa entre R$ 50 mil e R$ 250 mil; 4) perspectiva de continuidade e sustentabilidade das a\u00e7\u00f5es ap\u00f3s o encerramento do apoio; 5) ao menos uma parceria financeira assegurada para o desenvolvimento da proposta, que corresponda a, no m\u00ednimo, 10% do or\u00e7amento total; e 6) estrat\u00e9gias de avalia\u00e7\u00e3o e plano de divulga\u00e7\u00e3o, incluindo a\u00e7\u00f5es e resultados.<\/p>\n<p>As inscri\u00e7\u00f5es ser\u00e3o recebidas de 13 de mar\u00e7o a 25 de abril pelo sistema de gest\u00e3o de projetos. No ato da inscri\u00e7\u00e3o, as organiza\u00e7\u00f5es devem enviar todos os documentos descritos no edital. Os projetos selecionados ser\u00e3o divulgados at\u00e9 25 de agosto.<\/p>\n<p><span style=\"color: #000080;\"><strong>Workshops<\/strong><\/span> &#8211; Para apoiar as organiza\u00e7\u00f5es na elabora\u00e7\u00e3o e envio dos projetos, o Instituto Alcoa e a Alumar promover\u00e3o workshops em parceria com o Ficas, organiza\u00e7\u00e3o que acompanha todas as etapas do Programa de Apoio a Projetos Locais. Conhe\u00e7a o calend\u00e1rio em S\u00e3o Lu\u00eds:<\/p>\n<ul>\n<li><strong><span style=\"color: #000080;\">Mangue Seco<br \/>\n<\/span><\/strong>Data: 15 de mar\u00e7o; Hor\u00e1rio: 13 \u00e0s 16h30; Local: Audit\u00f3rio do C.E. Prof. M\u00e1rio Martins Meireles.<\/li>\n<\/ul>\n<ul>\n<li><span style=\"color: #000080;\"><strong>Monte Castelo; <\/strong><\/span><\/li>\n<li>Data: 16 de mar\u00e7o; Hor\u00e1rio: 13 \u00e0s 16h30; Local: Audit\u00f3rio do Senai, do C.E. Profissional e Tecnol\u00f3gico Raimundo Franco Teixeira. Av. Get\u00falio Vargas, 2.888.<\/li>\n<\/ul>\n<p>Todas as informa\u00e7\u00f5es sobre o Programa de Apoio a Projetos Locais 2023 est\u00e3o reunidas no edital da iniciativa, dispon\u00edvel neste link.<\/p>\n<p>D\u00favidas podem ser esclarecidas pelo e-mail avaliacao@ficas.org.br ou pelo telefone 0800 722 0715 (liga\u00e7\u00e3o gratuita de segunda \u00e0 sexta-feira, das 9h00 \u00e0s 17h00).<\/p>\n<p>Sobre o Instituto Alcoa &#8211; Fundado em 1990, no Brasil, o Instituto Alcoa \u00e9 uma entidade sem fins lucrativos, que tem o prop\u00f3sito de transformar coletivamente os territ\u00f3rios em que a Alcoa est\u00e1 presente \u2013 Po\u00e7os de Caldas (MG), <strong>S\u00e3o Lu\u00eds (MA)<\/strong> e Juruti (PA) \u2013 a fim de torn\u00e1-los mais inclusivos e menos desiguais. Para isso, o Instituto Alcoa promove iniciativas em educa\u00e7\u00e3o e gera\u00e7\u00e3o de trabalho e renda, causas estruturantes para o desenvolvimento de uma sociedade mais justa, al\u00e9m de incentivar a participa\u00e7\u00e3o social e o di\u00e1logo em torno das causas como forma de mobiliza\u00e7\u00e3o para o engajamento. Sua atua\u00e7\u00e3o se conecta \u00e0s pol\u00edticas p\u00fablicas e agendas de interesses globais, como os Objetivos de Desenvolvimento Sustent\u00e1vel (ODS).<\/p>\n","protected":false},"excerpt":{"rendered":"<p>Realizada anualmente, chamada apoia iniciativas nas \u00e1reas de atua\u00e7\u00e3o priorit\u00e1rias do Instituto Alcoa: educa\u00e7\u00e3o e gera\u00e7\u00e3o de trabalho e renda.<\/p>\n","protected":false},"author":1,"featured_media":5443,"comment_status":"closed","ping_status":"open","sticky":false,"template":"","format":"standard","meta":{"_editorskit_title_hidden":false,"_editorskit_reading_time":0,"_editorskit_is_block_options_detached":false,"_editorskit_block_options_position":"{}","ngg_post_thumbnail":0,"footnotes":""},"categories":[1],"tags":[],"class_list":["post-5442","post","type-post","status-publish","format-standard","has-post-thumbnail","hentry","category-noticias"],"yoast_head":"<!-- This site is optimized with the Yoast SEO plugin v22.5 - https:\/\/yoast.com\/wordpress\/plugins\/seo\/ -->\n<title>Apoio aos Projetos Alcoa receber\u00e1 inscri\u00e7\u00f5es a partir do dia 13 - Portosma<\/title>\n<meta name=\"robots\" content=\"index, follow, max-snippet:-1, max-image-preview:large, max-video-preview:-1\" \/>\n<link rel=\"canonical\" href=\"https:\/\/portosma.com.br\/index.php\/2023\/03\/10\/apoio-a-projetos-locais-da-alcoa-recebera-inscricoes-a-partir-do-dia-13\/\" \/>\n<meta property=\"og:locale\" content=\"pt_BR\" \/>\n<meta property=\"og:type\" content=\"article\" \/>\n<meta property=\"og:title\" content=\"Apoio aos Projetos Alcoa receber\u00e1 inscri\u00e7\u00f5es a partir do dia 13 - Portosma\" \/>\n<meta property=\"og:description\" content=\"Realizada anualmente, chamada apoia iniciativas nas \u00e1reas de atua\u00e7\u00e3o priorit\u00e1rias do Instituto Alcoa: educa\u00e7\u00e3o e gera\u00e7\u00e3o de trabalho e renda.\" \/>\n<meta property=\"og:url\" content=\"https:\/\/portosma.com.br\/index.php\/2023\/03\/10\/apoio-a-projetos-locais-da-alcoa-recebera-inscricoes-a-partir-do-dia-13\/\" \/>\n<meta property=\"og:site_name\" content=\"Portosma\" \/>\n<meta property=\"article:published_time\" content=\"2023-03-10T22:51:56+00:00\" \/>\n<meta property=\"article:modified_time\" content=\"2023-03-10T22:58:28+00:00\" \/>\n<meta property=\"og:image\" content=\"https:\/\/portosma.com.br\/wp-content\/uploads\/2023\/03\/ALUMARCO.jpg\" \/>\n\t<meta property=\"og:image:width\" content=\"1200\" \/>\n\t<meta property=\"og:image:height\" content=\"500\" \/>\n\t<meta property=\"og:image:type\" content=\"image\/jpeg\" \/>\n<meta name=\"author\" content=\"admin\" \/>\n<meta name=\"twitter:card\" content=\"summary_large_image\" \/>\n<meta name=\"twitter:label1\" content=\"Escrito por\" \/>\n\t<meta name=\"twitter:data1\" content=\"admin\" \/>\n\t<meta name=\"twitter:label2\" content=\"Est. tempo de leitura\" \/>\n\t<meta name=\"twitter:data2\" content=\"4 minutos\" \/>\n<script type=\"application\/ld+json\" class=\"yoast-schema-graph\">{\"@context\":\"https:\/\/schema.org\",\"@graph\":[{\"@type\":\"Article\",\"@id\":\"https:\/\/portosma.com.br\/index.php\/2023\/03\/10\/apoio-a-projetos-locais-da-alcoa-recebera-inscricoes-a-partir-do-dia-13\/#article\",\"isPartOf\":{\"@id\":\"https:\/\/portosma.com.br\/index.php\/2023\/03\/10\/apoio-a-projetos-locais-da-alcoa-recebera-inscricoes-a-partir-do-dia-13\/\"},\"author\":{\"name\":\"admin\",\"@id\":\"https:\/\/portosma.com.br\/#\/schema\/person\/fb92dfe283ab47293259c87c813d8623\"},\"headline\":\"Apoio aos Projetos Alcoa receber\u00e1 inscri\u00e7\u00f5es a partir do dia 13\",\"datePublished\":\"2023-03-10T22:51:56+00:00\",\"dateModified\":\"2023-03-10T22:58:28+00:00\",\"mainEntityOfPage\":{\"@id\":\"https:\/\/portosma.com.br\/index.php\/2023\/03\/10\/apoio-a-projetos-locais-da-alcoa-recebera-inscricoes-a-partir-do-dia-13\/\"},\"wordCount\":744,\"publisher\":{\"@id\":\"https:\/\/portosma.com.br\/#organization\"},\"image\":{\"@id\":\"https:\/\/portosma.com.br\/index.php\/2023\/03\/10\/apoio-a-projetos-locais-da-alcoa-recebera-inscricoes-a-partir-do-dia-13\/#primaryimage\"},\"thumbnailUrl\":\"https:\/\/portosma.com.br\/wp-content\/uploads\/2023\/03\/ALUMARCO.jpg\",\"articleSection\":[\"Not\u00edcias\"],\"inLanguage\":\"pt-BR\"},{\"@type\":\"WebPage\",\"@id\":\"https:\/\/portosma.com.br\/index.php\/2023\/03\/10\/apoio-a-projetos-locais-da-alcoa-recebera-inscricoes-a-partir-do-dia-13\/\",\"url\":\"https:\/\/portosma.com.br\/index.php\/2023\/03\/10\/apoio-a-projetos-locais-da-alcoa-recebera-inscricoes-a-partir-do-dia-13\/\",\"name\":\"Apoio aos Projetos Alcoa receber\u00e1 inscri\u00e7\u00f5es a partir do dia 13 - Portosma\",\"isPartOf\":{\"@id\":\"https:\/\/portosma.com.br\/#website\"},\"primaryImageOfPage\":{\"@id\":\"https:\/\/portosma.com.br\/index.php\/2023\/03\/10\/apoio-a-projetos-locais-da-alcoa-recebera-inscricoes-a-partir-do-dia-13\/#primaryimage\"},\"image\":{\"@id\":\"https:\/\/portosma.com.br\/index.php\/2023\/03\/10\/apoio-a-projetos-locais-da-alcoa-recebera-inscricoes-a-partir-do-dia-13\/#primaryimage\"},\"thumbnailUrl\":\"https:\/\/portosma.com.br\/wp-content\/uploads\/2023\/03\/ALUMARCO.jpg\",\"datePublished\":\"2023-03-10T22:51:56+00:00\",\"dateModified\":\"2023-03-10T22:58:28+00:00\",\"breadcrumb\":{\"@id\":\"https:\/\/portosma.com.br\/index.php\/2023\/03\/10\/apoio-a-projetos-locais-da-alcoa-recebera-inscricoes-a-partir-do-dia-13\/#breadcrumb\"},\"inLanguage\":\"pt-BR\",\"potentialAction\":[{\"@type\":\"ReadAction\",\"target\":[\"https:\/\/portosma.com.br\/index.php\/2023\/03\/10\/apoio-a-projetos-locais-da-alcoa-recebera-inscricoes-a-partir-do-dia-13\/\"]}]},{\"@type\":\"ImageObject\",\"inLanguage\":\"pt-BR\",\"@id\":\"https:\/\/portosma.com.br\/index.php\/2023\/03\/10\/apoio-a-projetos-locais-da-alcoa-recebera-inscricoes-a-partir-do-dia-13\/#primaryimage\",\"url\":\"https:\/\/portosma.com.br\/wp-content\/uploads\/2023\/03\/ALUMARCO.jpg\",\"contentUrl\":\"https:\/\/portosma.com.br\/wp-content\/uploads\/2023\/03\/ALUMARCO.jpg\",\"width\":1200,\"height\":500},{\"@type\":\"BreadcrumbList\",\"@id\":\"https:\/\/portosma.com.br\/index.php\/2023\/03\/10\/apoio-a-projetos-locais-da-alcoa-recebera-inscricoes-a-partir-do-dia-13\/#breadcrumb\",\"itemListElement\":[{\"@type\":\"ListItem\",\"position\":1,\"name\":\"In\u00edcio\",\"item\":\"https:\/\/portosma.com.br\/\"},{\"@type\":\"ListItem\",\"position\":2,\"name\":\"Apoio aos Projetos Alcoa receber\u00e1 inscri\u00e7\u00f5es a partir do dia 13\"}]},{\"@type\":\"WebSite\",\"@id\":\"https:\/\/portosma.com.br\/#website\",\"url\":\"https:\/\/portosma.com.br\/\",\"name\":\"Portosma\",\"description\":\"Um site de not\u00edcias\",\"publisher\":{\"@id\":\"https:\/\/portosma.com.br\/#organization\"},\"potentialAction\":[{\"@type\":\"SearchAction\",\"target\":{\"@type\":\"EntryPoint\",\"urlTemplate\":\"https:\/\/portosma.com.br\/?s={search_term_string}\"},\"query-input\":\"required name=search_term_string\"}],\"inLanguage\":\"pt-BR\"},{\"@type\":\"Organization\",\"@id\":\"https:\/\/portosma.com.br\/#organization\",\"name\":\"Portosma\",\"alternateName\":\"Portosma\",\"url\":\"https:\/\/portosma.com.br\/\",\"logo\":{\"@type\":\"ImageObject\",\"inLanguage\":\"pt-BR\",\"@id\":\"https:\/\/portosma.com.br\/#\/schema\/logo\/image\/\",\"url\":\"https:\/\/portosma.com.br\/wp-content\/uploads\/2026\/03\/cropped-AD-PORTOSMA.jpg\",\"contentUrl\":\"https:\/\/portosma.com.br\/wp-content\/uploads\/2026\/03\/cropped-AD-PORTOSMA.jpg\",\"width\":400,\"height\":115,\"caption\":\"Portosma\"},\"image\":{\"@id\":\"https:\/\/portosma.com.br\/#\/schema\/logo\/image\/\"}},{\"@type\":\"Person\",\"@id\":\"https:\/\/portosma.com.br\/#\/schema\/person\/fb92dfe283ab47293259c87c813d8623\",\"name\":\"admin\",\"sameAs\":[\"https:\/\/portosma.com.br\"],\"url\":\"https:\/\/portosma.com.br\/index.php\/author\/portosma\/\"}]}<\/script>\n<!-- \/ Yoast SEO plugin. -->","yoast_head_json":{"title":"Apoio aos Projetos Alcoa receber\u00e1 inscri\u00e7\u00f5es a partir do dia 13 - Portosma","robots":{"index":"index","follow":"follow","max-snippet":"max-snippet:-1","max-image-preview":"max-image-preview:large","max-video-preview":"max-video-preview:-1"},"canonical":"https:\/\/portosma.com.br\/index.php\/2023\/03\/10\/apoio-a-projetos-locais-da-alcoa-recebera-inscricoes-a-partir-do-dia-13\/","og_locale":"pt_BR","og_type":"article","og_title":"Apoio aos Projetos Alcoa receber\u00e1 inscri\u00e7\u00f5es a partir do dia 13 - Portosma","og_description":"Realizada anualmente, chamada apoia iniciativas nas \u00e1reas de atua\u00e7\u00e3o priorit\u00e1rias do Instituto Alcoa: educa\u00e7\u00e3o e gera\u00e7\u00e3o de trabalho e renda.","og_url":"https:\/\/portosma.com.br\/index.php\/2023\/03\/10\/apoio-a-projetos-locais-da-alcoa-recebera-inscricoes-a-partir-do-dia-13\/","og_site_name":"Portosma","article_published_time":"2023-03-10T22:51:56+00:00","article_modified_time":"2023-03-10T22:58:28+00:00","og_image":[{"width":1200,"height":500,"url":"https:\/\/portosma.com.br\/wp-content\/uploads\/2023\/03\/ALUMARCO.jpg","type":"image\/jpeg"}],"author":"admin","twitter_card":"summary_large_image","twitter_misc":{"Escrito por":"admin","Est. tempo de leitura":"4 minutos"},"schema":{"@context":"https:\/\/schema.org","@graph":[{"@type":"Article","@id":"https:\/\/portosma.com.br\/index.php\/2023\/03\/10\/apoio-a-projetos-locais-da-alcoa-recebera-inscricoes-a-partir-do-dia-13\/#article","isPartOf":{"@id":"https:\/\/portosma.com.br\/index.php\/2023\/03\/10\/apoio-a-projetos-locais-da-alcoa-recebera-inscricoes-a-partir-do-dia-13\/"},"author":{"name":"admin","@id":"https:\/\/portosma.com.br\/#\/schema\/person\/fb92dfe283ab47293259c87c813d8623"},"headline":"Apoio aos Projetos Alcoa receber\u00e1 inscri\u00e7\u00f5es a partir do dia 13","datePublished":"2023-03-10T22:51:56+00:00","dateModified":"2023-03-10T22:58:28+00:00","mainEntityOfPage":{"@id":"https:\/\/portosma.com.br\/index.php\/2023\/03\/10\/apoio-a-projetos-locais-da-alcoa-recebera-inscricoes-a-partir-do-dia-13\/"},"wordCount":744,"publisher":{"@id":"https:\/\/portosma.com.br\/#organization"},"image":{"@id":"https:\/\/portosma.com.br\/index.php\/2023\/03\/10\/apoio-a-projetos-locais-da-alcoa-recebera-inscricoes-a-partir-do-dia-13\/#primaryimage"},"thumbnailUrl":"https:\/\/portosma.com.br\/wp-content\/uploads\/2023\/03\/ALUMARCO.jpg","articleSection":["Not\u00edcias"],"inLanguage":"pt-BR"},{"@type":"WebPage","@id":"https:\/\/portosma.com.br\/index.php\/2023\/03\/10\/apoio-a-projetos-locais-da-alcoa-recebera-inscricoes-a-partir-do-dia-13\/","url":"https:\/\/portosma.com.br\/index.php\/2023\/03\/10\/apoio-a-projetos-locais-da-alcoa-recebera-inscricoes-a-partir-do-dia-13\/","name":"Apoio aos Projetos Alcoa receber\u00e1 inscri\u00e7\u00f5es a partir do dia 13 - Portosma","isPartOf":{"@id":"https:\/\/portosma.com.br\/#website"},"primaryImageOfPage":{"@id":"https:\/\/portosma.com.br\/index.php\/2023\/03\/10\/apoio-a-projetos-locais-da-alcoa-recebera-inscricoes-a-partir-do-dia-13\/#primaryimage"},"image":{"@id":"https:\/\/portosma.com.br\/index.php\/2023\/03\/10\/apoio-a-projetos-locais-da-alcoa-recebera-inscricoes-a-partir-do-dia-13\/#primaryimage"},"thumbnailUrl":"https:\/\/portosma.com.br\/wp-content\/uploads\/2023\/03\/ALUMARCO.jpg","datePublished":"2023-03-10T22:51:56+00:00","dateModified":"2023-03-10T22:58:28+00:00","breadcrumb":{"@id":"https:\/\/portosma.com.br\/index.php\/2023\/03\/10\/apoio-a-projetos-locais-da-alcoa-recebera-inscricoes-a-partir-do-dia-13\/#breadcrumb"},"inLanguage":"pt-BR","potentialAction":[{"@type":"ReadAction","target":["https:\/\/portosma.com.br\/index.php\/2023\/03\/10\/apoio-a-projetos-locais-da-alcoa-recebera-inscricoes-a-partir-do-dia-13\/"]}]},{"@type":"ImageObject","inLanguage":"pt-BR","@id":"https:\/\/portosma.com.br\/index.php\/2023\/03\/10\/apoio-a-projetos-locais-da-alcoa-recebera-inscricoes-a-partir-do-dia-13\/#primaryimage","url":"https:\/\/portosma.com.br\/wp-content\/uploads\/2023\/03\/ALUMARCO.jpg","contentUrl":"https:\/\/portosma.com.br\/wp-content\/uploads\/2023\/03\/ALUMARCO.jpg","width":1200,"height":500},{"@type":"BreadcrumbList","@id":"https:\/\/portosma.com.br\/index.php\/2023\/03\/10\/apoio-a-projetos-locais-da-alcoa-recebera-inscricoes-a-partir-do-dia-13\/#breadcrumb","itemListElement":[{"@type":"ListItem","position":1,"name":"In\u00edcio","item":"https:\/\/portosma.com.br\/"},{"@type":"ListItem","position":2,"name":"Apoio aos Projetos Alcoa receber\u00e1 inscri\u00e7\u00f5es a partir do dia 13"}]},{"@type":"WebSite","@id":"https:\/\/portosma.com.br\/#website","url":"https:\/\/portosma.com.br\/","name":"Portosma","description":"Um site de not\u00edcias","publisher":{"@id":"https:\/\/portosma.com.br\/#organization"},"potentialAction":[{"@type":"SearchAction","target":{"@type":"EntryPoint","urlTemplate":"https:\/\/portosma.com.br\/?s={search_term_string}"},"query-input":"required name=search_term_string"}],"inLanguage":"pt-BR"},{"@type":"Organization","@id":"https:\/\/portosma.com.br\/#organization","name":"Portosma","alternateName":"Portosma","url":"https:\/\/portosma.com.br\/","logo":{"@type":"ImageObject","inLanguage":"pt-BR","@id":"https:\/\/portosma.com.br\/#\/schema\/logo\/image\/","url":"https:\/\/portosma.com.br\/wp-content\/uploads\/2026\/03\/cropped-AD-PORTOSMA.jpg","contentUrl":"https:\/\/portosma.com.br\/wp-content\/uploads\/2026\/03\/cropped-AD-PORTOSMA.jpg","width":400,"height":115,"caption":"Portosma"},"image":{"@id":"https:\/\/portosma.com.br\/#\/schema\/logo\/image\/"}},{"@type":"Person","@id":"https:\/\/portosma.com.br\/#\/schema\/person\/fb92dfe283ab47293259c87c813d8623","name":"admin","sameAs":["https:\/\/portosma.com.br"],"url":"https:\/\/portosma.com.br\/index.php\/author\/portosma\/"}]}},"_links":{"self":[{"href":"https:\/\/portosma.com.br\/index.php\/wp-json\/wp\/v2\/posts\/5442","targetHints":{"allow":["GET"]}}],"collection":[{"href":"https:\/\/portosma.com.br\/index.php\/wp-json\/wp\/v2\/posts"}],"about":[{"href":"https:\/\/portosma.com.br\/index.php\/wp-json\/wp\/v2\/types\/post"}],"author":[{"embeddable":true,"href":"https:\/\/portosma.com.br\/index.php\/wp-json\/wp\/v2\/users\/1"}],"replies":[{"embeddable":true,"href":"https:\/\/portosma.com.br\/index.php\/wp-json\/wp\/v2\/comments?post=5442"}],"version-history":[{"count":3,"href":"https:\/\/portosma.com.br\/index.php\/wp-json\/wp\/v2\/posts\/5442\/revisions"}],"predecessor-version":[{"id":5450,"href":"https:\/\/portosma.com.br\/index.php\/wp-json\/wp\/v2\/posts\/5442\/revisions\/5450"}],"wp:featuredmedia":[{"embeddable":true,"href":"https:\/\/portosma.com.br\/index.php\/wp-json\/wp\/v2\/media\/5443"}],"wp:attachment":[{"href":"https:\/\/portosma.com.br\/index.php\/wp-json\/wp\/v2\/media?parent=5442"}],"wp:term":[{"taxonomy":"category","embeddable":true,"href":"https:\/\/portosma.com.br\/index.php\/wp-json\/wp\/v2\/categories?post=5442"},{"taxonomy":"post_tag","embeddable":true,"href":"https:\/\/portosma.com.br\/index.php\/wp-json\/wp\/v2\/tags?post=5442"}],"curies":[{"name":"wp","href":"https:\/\/api.w.org\/{rel}","templated":true}]}}