{"id":5346,"date":"2023-03-06T11:40:38","date_gmt":"2023-03-06T11:40:38","guid":{"rendered":"https:\/\/portosma.com.br\/?p=5346"},"modified":"2023-03-06T11:50:31","modified_gmt":"2023-03-06T11:50:31","slug":"emap-comemora-22-anos-de-gestao-do-porto-do-itaqui-com-reconhecimento-internacional","status":"publish","type":"post","link":"https:\/\/portosma.com.br\/index.php\/2023\/03\/06\/emap-comemora-22-anos-de-gestao-do-porto-do-itaqui-com-reconhecimento-internacional\/","title":{"rendered":"EMAP comemora os 22 anos de gest\u00e3o do porto do Itaqui\/MA"},"content":{"rendered":"<p>A Empresa Maranhense de Administra\u00e7\u00e3o Portu\u00e1ria (EMAP), gestora do Porto do Itaqui, completou 22 anos nesta quarta-feira (1\u00ba), e celebra a data compartilhando uma hist\u00f3ria de sucesso, como refer\u00eancia em gest\u00e3o portu\u00e1ria no pa\u00eds. \u201c\u00c9 uma honra fazer parte da hist\u00f3ria da EMAP e contribuir com os resultados que estamos construindo juntos. Essa trajet\u00f3ria de sucesso representa o trabalho focado da nossa equipe e de todos os parceiros, sob a lideran\u00e7a do governador Carlos Brand\u00e3o\u201d, afirma o presidente da EMAP, Ted Lago.<\/p>\n<p>O dia do anivers\u00e1rio da empresa marca o fechamento da movimenta\u00e7\u00e3o de janeiro no Porto do Itaqui, que registrou um total de 2,02 milh\u00f5es de toneladas de cargas movimentadas, volume 39% maior do que foi registrado no mesmo per\u00edodo de 2022. Um sinal positivo para um porto que, por seis anos consecutivos, vem superando seu volume anual de cargas movimentadas. Em 2022, o porto p\u00fablico maranhense inaugurou mais um ber\u00e7o de atraca\u00e7\u00e3o, o Ber\u00e7o 99, preferencial para celulose. A infraestrutura de armaz\u00e9ns, tancagem e ramais ferrovi\u00e1rios tamb\u00e9m foi ampliada com diversos investimentos privados. Para os pr\u00f3ximos quatro anos, est\u00e3o previstos R$ 500 milh\u00f5es em recursos da EMAP, al\u00e9m de mais de 4 bilh\u00f5es em recursos privados, dando continuidade \u00e0 expans\u00e3o portu\u00e1ria.<\/p>\n<p><span style=\"color: #003366;\"><strong>Refer\u00eancia<\/strong><\/span> &#8211; No \u00faltimo ano, a EMAP foi reconhecida no Pr\u00eamio Portos + Brasil, institu\u00eddo pelo Minist\u00e9rio da Infraestrutura (Minfra), com o 1\u00ba lugar na principal categoria do pr\u00eamio, aquela que avalia o IGAP (\u00cdndice de Gest\u00e3o das Autoridades Portu\u00e1rias). O porto p\u00fablico do Maranh\u00e3o tamb\u00e9m foi reconhecido internacionalmente, pela OEA e AAPA (Associa\u00e7\u00e3o Americana de Autoridades Portu\u00e1rias), com um pr\u00eamio de Excel\u00eancia em Infraestrutura Portu\u00e1ria. Esse trabalho de gest\u00e3o vem sendo reconhecido por outros portos e empresas p\u00fablicas e privadas que buscam informa\u00e7\u00f5es sobre os processos e projetos da EMAP. Um exemplo \u00e9 o programa de inova\u00e7\u00e3o Porto do Itaqui Lab, que recebeu representantes de grandes portos, como Paranagu\u00e1 (PR) e Pec\u00e9m (CE); empresas, como a VLI; universidades, como a UFMA e UNDB; al\u00e9m de prefeituras.<\/p>\n<p>A EMAP integra diversos f\u00f3runs locais e nacionais de estudo e relacionamento profissional, a exemplo da ABEPH, Pacto Global das Na\u00e7\u00f5es Unidas, Hub de Inova\u00e7\u00e3o do Maranh\u00e3o, Comit\u00ea de Responsabilidade Social da \u00e1rea Itaqui Bacanga, grupos de profissionais de comunica\u00e7\u00e3o e recursos humanos dos portos p\u00fablicos, compliance, dentre outros.<\/p>\n<h3><span style=\"color: #000080;\"><strong>Sai Ted Lago, entra Gilberto Lins na presid\u00eancia da EMAP<\/strong><\/span><\/h3>\n<p><img fetchpriority=\"high\" decoding=\"async\" class=\"alignleft wp-image-5347\" src=\"https:\/\/portosma.com.br\/wp-content\/uploads\/2023\/03\/NIVER-ITAQUI-2.jpg\" alt=\"\" width=\"450\" height=\"409\" srcset=\"https:\/\/portosma.com.br\/wp-content\/uploads\/2023\/03\/NIVER-ITAQUI-2.jpg 600w, https:\/\/portosma.com.br\/wp-content\/uploads\/2023\/03\/NIVER-ITAQUI-2-300x273.jpg 300w\" sizes=\"(max-width: 450px) 100vw, 450px\" \/> O governador reeleito Carlos Brand\u00e3o nomeou, em solenidade de posse realizada na noite do s\u00e1bado (4) na cidade de Imperatriz, o advogado Gilberto Lins Neto para dirigir a EMAP \u2013 Empresa Maranhense de Administra\u00e7\u00e3o Portu\u00e1ria. A empresa atua, desde 2001, como Autoridade Portu\u00e1ria do porto p\u00fablico maranhense. Ele substituiu Ted Lago gestor do Itaqui nos \u00faltimo governo de Fl\u00e1vio Dino e do pr\u00f3prio Brand\u00e3o, em seu mandato tamp\u00e3o. Na foto o novo diretor presidente da Emap entre o governador Brand\u00e3o e o seu vice Felipe Camar\u00e3o.&nbsp;<\/p>\n<p>\u201c\u00c0 frente da EMAP, vamos buscar mais desenvolvimento para nosso Estado, atra\u00e7\u00e3o de investimentos e amplia\u00e7\u00e3o da rela\u00e7\u00e3o Porto-Cidade, sempre com responsabilidade ambiental. Potencializando cada vez mais o porto p\u00fablico maranhense, que integra o maior complexo portu\u00e1rio em movimenta\u00e7\u00e3o de carga do pa\u00eds\u201d, disse Gilberto Lins.<\/p>\n<p>O advogado foi presidente da Ag\u00eancia de Mobilidade Urbana e Servi\u00e7os P\u00fablicos (MOB) de agosto de 2022 at\u00e9 o an\u00fancio do governador Brand\u00e3o na primeira semana de mar\u00e7o. Antes de assumir o comando da MOB, ele tamb\u00e9m atuou como assessor especial na mesma ag\u00eancia.<\/p>\n<p>Ele deixa a MOB com excelentes resultados na gest\u00e3o: estabiliza\u00e7\u00e3o do servi\u00e7o de transporte aquavi\u00e1rio intermunicipal (ferryboat), aumento de frotas do Sistema de Transporte Coletivo Semiurbano, implanta\u00e7\u00e3o de um novo sistema de bilhetagem e a\u00e7\u00f5es de gratuidade no transporte intermunicipal nas elei\u00e7\u00f5es e no carnaval.<\/p>\n<p>Gigante do Maranh\u00e3o &#8211; Nos \u00faltimos seis anos, o Porto do Itaqui vem quebrando sucessivos recordes de movimenta\u00e7\u00e3o de cargas, chegando \u00e0 marca de 33,6 milh\u00f5es de toneladas operadas em 2022. As principais cargas movimentadas pelo porto p\u00fablico maranhense s\u00e3o gran\u00e9is s\u00f3lidos, especialmente soja, milho e fertilizantes, e gran\u00e9is l\u00edquidos (combust\u00edveis).<\/p>\n<p>Desde 2019, os investimentos em infraestrutura no Porto do Itaqui somam R$ 2 bilh\u00f5es, entre recursos p\u00fablicos e privados. E, em 2022, a EMAP anunciou o investimento de mais R$ 500 milh\u00f5es em um conjunto de obras que visam elevar a capacidade de movimenta\u00e7\u00e3o de cargas do porto para al\u00e9m de 40 milh\u00f5es de toneladas\/ano at\u00e9 2025. H\u00e1, ainda, previs\u00e3o de mais de R$ 4 bilh\u00f5es em recursos da iniciativa privada para dar continuidade \u00e0 expans\u00e3o portu\u00e1ria.<\/p>\n<p>O porto p\u00fablico maranhense \u00e9 reconhecido nacional e internacionalmente pela gest\u00e3o focada em resultados. No \u00faltimo ano, a EMAP foi premiada pela OEA e AAPA (Associa\u00e7\u00e3o Americana de Autoridades Portu\u00e1rias), com o pr\u00eamio de Excel\u00eancia em Infraestrutura Portu\u00e1ria.<\/p>\n<p>&nbsp;<\/p>\n<p><span style=\"color: #808080;\"><em><strong>Fontes e fotos:<\/strong><\/em><\/span><br \/>\n<span style=\"color: #808080;\"><em><strong>&#8211; Secom Maranh\u00e3o<\/strong><\/em><\/span><br \/>\n<span style=\"color: #808080;\"><em><strong>&#8211; Jornal Pequeno\/PublipostData<\/strong><\/em><\/span><\/p>\n","protected":false},"excerpt":{"rendered":"<p>No m\u00eas de anivers\u00e1rio, a Emap tem tamb\u00e9m um novo presidente. O advogado Gilberto Lins Neto foi empossado pelo governador no lugar de Ted Lago.<\/p>\n","protected":false},"author":1,"featured_media":5348,"comment_status":"closed","ping_status":"open","sticky":false,"template":"","format":"standard","meta":{"_editorskit_title_hidden":false,"_editorskit_reading_time":0,"_editorskit_is_block_options_detached":false,"_editorskit_block_options_position":"{}","ngg_post_thumbnail":0,"footnotes":""},"categories":[1],"tags":[],"class_list":["post-5346","post","type-post","status-publish","format-standard","has-post-thumbnail","hentry","category-noticias"],"yoast_head":"<!-- This site is optimized with the Yoast SEO plugin v22.5 - https:\/\/yoast.com\/wordpress\/plugins\/seo\/ -->\n<title>EMAP comemora os 22 anos de gest\u00e3o do porto do Itaqui\/MA - Portosma<\/title>\n<meta name=\"robots\" content=\"index, follow, max-snippet:-1, max-image-preview:large, max-video-preview:-1\" \/>\n<link rel=\"canonical\" href=\"https:\/\/portosma.com.br\/index.php\/2023\/03\/06\/emap-comemora-22-anos-de-gestao-do-porto-do-itaqui-com-reconhecimento-internacional\/\" \/>\n<meta property=\"og:locale\" content=\"pt_BR\" \/>\n<meta property=\"og:type\" content=\"article\" \/>\n<meta property=\"og:title\" content=\"EMAP comemora os 22 anos de gest\u00e3o do porto do Itaqui\/MA - Portosma\" \/>\n<meta property=\"og:description\" content=\"No m\u00eas de anivers\u00e1rio, a Emap tem tamb\u00e9m um novo presidente. O advogado Gilberto Lins Neto foi empossado pelo governador no lugar de Ted Lago.\" \/>\n<meta property=\"og:url\" content=\"https:\/\/portosma.com.br\/index.php\/2023\/03\/06\/emap-comemora-22-anos-de-gestao-do-porto-do-itaqui-com-reconhecimento-internacional\/\" \/>\n<meta property=\"og:site_name\" content=\"Portosma\" \/>\n<meta property=\"article:published_time\" content=\"2023-03-06T11:40:38+00:00\" \/>\n<meta property=\"article:modified_time\" content=\"2023-03-06T11:50:31+00:00\" \/>\n<meta property=\"og:image\" content=\"https:\/\/portosma.com.br\/wp-content\/uploads\/2023\/03\/NIVER-ITAQUI.jpg\" \/>\n\t<meta property=\"og:image:width\" content=\"1200\" \/>\n\t<meta property=\"og:image:height\" content=\"500\" \/>\n\t<meta property=\"og:image:type\" content=\"image\/jpeg\" \/>\n<meta name=\"author\" content=\"admin\" \/>\n<meta name=\"twitter:card\" content=\"summary_large_image\" \/>\n<meta name=\"twitter:label1\" content=\"Escrito por\" \/>\n\t<meta name=\"twitter:data1\" content=\"admin\" \/>\n\t<meta name=\"twitter:label2\" content=\"Est. tempo de leitura\" \/>\n\t<meta name=\"twitter:data2\" content=\"4 minutos\" \/>\n<script type=\"application\/ld+json\" class=\"yoast-schema-graph\">{\"@context\":\"https:\/\/schema.org\",\"@graph\":[{\"@type\":\"Article\",\"@id\":\"https:\/\/portosma.com.br\/index.php\/2023\/03\/06\/emap-comemora-22-anos-de-gestao-do-porto-do-itaqui-com-reconhecimento-internacional\/#article\",\"isPartOf\":{\"@id\":\"https:\/\/portosma.com.br\/index.php\/2023\/03\/06\/emap-comemora-22-anos-de-gestao-do-porto-do-itaqui-com-reconhecimento-internacional\/\"},\"author\":{\"name\":\"admin\",\"@id\":\"https:\/\/portosma.com.br\/#\/schema\/person\/fb92dfe283ab47293259c87c813d8623\"},\"headline\":\"EMAP comemora os 22 anos de gest\u00e3o do porto do Itaqui\/MA\",\"datePublished\":\"2023-03-06T11:40:38+00:00\",\"dateModified\":\"2023-03-06T11:50:31+00:00\",\"mainEntityOfPage\":{\"@id\":\"https:\/\/portosma.com.br\/index.php\/2023\/03\/06\/emap-comemora-22-anos-de-gestao-do-porto-do-itaqui-com-reconhecimento-internacional\/\"},\"wordCount\":889,\"publisher\":{\"@id\":\"https:\/\/portosma.com.br\/#organization\"},\"image\":{\"@id\":\"https:\/\/portosma.com.br\/index.php\/2023\/03\/06\/emap-comemora-22-anos-de-gestao-do-porto-do-itaqui-com-reconhecimento-internacional\/#primaryimage\"},\"thumbnailUrl\":\"https:\/\/portosma.com.br\/wp-content\/uploads\/2023\/03\/NIVER-ITAQUI.jpg\",\"articleSection\":[\"Not\u00edcias\"],\"inLanguage\":\"pt-BR\"},{\"@type\":\"WebPage\",\"@id\":\"https:\/\/portosma.com.br\/index.php\/2023\/03\/06\/emap-comemora-22-anos-de-gestao-do-porto-do-itaqui-com-reconhecimento-internacional\/\",\"url\":\"https:\/\/portosma.com.br\/index.php\/2023\/03\/06\/emap-comemora-22-anos-de-gestao-do-porto-do-itaqui-com-reconhecimento-internacional\/\",\"name\":\"EMAP comemora os 22 anos de gest\u00e3o do porto do Itaqui\/MA - Portosma\",\"isPartOf\":{\"@id\":\"https:\/\/portosma.com.br\/#website\"},\"primaryImageOfPage\":{\"@id\":\"https:\/\/portosma.com.br\/index.php\/2023\/03\/06\/emap-comemora-22-anos-de-gestao-do-porto-do-itaqui-com-reconhecimento-internacional\/#primaryimage\"},\"image\":{\"@id\":\"https:\/\/portosma.com.br\/index.php\/2023\/03\/06\/emap-comemora-22-anos-de-gestao-do-porto-do-itaqui-com-reconhecimento-internacional\/#primaryimage\"},\"thumbnailUrl\":\"https:\/\/portosma.com.br\/wp-content\/uploads\/2023\/03\/NIVER-ITAQUI.jpg\",\"datePublished\":\"2023-03-06T11:40:38+00:00\",\"dateModified\":\"2023-03-06T11:50:31+00:00\",\"breadcrumb\":{\"@id\":\"https:\/\/portosma.com.br\/index.php\/2023\/03\/06\/emap-comemora-22-anos-de-gestao-do-porto-do-itaqui-com-reconhecimento-internacional\/#breadcrumb\"},\"inLanguage\":\"pt-BR\",\"potentialAction\":[{\"@type\":\"ReadAction\",\"target\":[\"https:\/\/portosma.com.br\/index.php\/2023\/03\/06\/emap-comemora-22-anos-de-gestao-do-porto-do-itaqui-com-reconhecimento-internacional\/\"]}]},{\"@type\":\"ImageObject\",\"inLanguage\":\"pt-BR\",\"@id\":\"https:\/\/portosma.com.br\/index.php\/2023\/03\/06\/emap-comemora-22-anos-de-gestao-do-porto-do-itaqui-com-reconhecimento-internacional\/#primaryimage\",\"url\":\"https:\/\/portosma.com.br\/wp-content\/uploads\/2023\/03\/NIVER-ITAQUI.jpg\",\"contentUrl\":\"https:\/\/portosma.com.br\/wp-content\/uploads\/2023\/03\/NIVER-ITAQUI.jpg\",\"width\":1200,\"height\":500},{\"@type\":\"BreadcrumbList\",\"@id\":\"https:\/\/portosma.com.br\/index.php\/2023\/03\/06\/emap-comemora-22-anos-de-gestao-do-porto-do-itaqui-com-reconhecimento-internacional\/#breadcrumb\",\"itemListElement\":[{\"@type\":\"ListItem\",\"position\":1,\"name\":\"In\u00edcio\",\"item\":\"https:\/\/portosma.com.br\/\"},{\"@type\":\"ListItem\",\"position\":2,\"name\":\"EMAP comemora os 22 anos de gest\u00e3o do porto do Itaqui\/MA\"}]},{\"@type\":\"WebSite\",\"@id\":\"https:\/\/portosma.com.br\/#website\",\"url\":\"https:\/\/portosma.com.br\/\",\"name\":\"Portosma\",\"description\":\"Um site de not\u00edcias\",\"publisher\":{\"@id\":\"https:\/\/portosma.com.br\/#organization\"},\"potentialAction\":[{\"@type\":\"SearchAction\",\"target\":{\"@type\":\"EntryPoint\",\"urlTemplate\":\"https:\/\/portosma.com.br\/?s={search_term_string}\"},\"query-input\":\"required name=search_term_string\"}],\"inLanguage\":\"pt-BR\"},{\"@type\":\"Organization\",\"@id\":\"https:\/\/portosma.com.br\/#organization\",\"name\":\"Portosma\",\"alternateName\":\"Portosma\",\"url\":\"https:\/\/portosma.com.br\/\",\"logo\":{\"@type\":\"ImageObject\",\"inLanguage\":\"pt-BR\",\"@id\":\"https:\/\/portosma.com.br\/#\/schema\/logo\/image\/\",\"url\":\"https:\/\/portosma.com.br\/wp-content\/uploads\/2026\/03\/cropped-AD-PORTOSMA.jpg\",\"contentUrl\":\"https:\/\/portosma.com.br\/wp-content\/uploads\/2026\/03\/cropped-AD-PORTOSMA.jpg\",\"width\":400,\"height\":115,\"caption\":\"Portosma\"},\"image\":{\"@id\":\"https:\/\/portosma.com.br\/#\/schema\/logo\/image\/\"}},{\"@type\":\"Person\",\"@id\":\"https:\/\/portosma.com.br\/#\/schema\/person\/fb92dfe283ab47293259c87c813d8623\",\"name\":\"admin\",\"sameAs\":[\"https:\/\/portosma.com.br\"],\"url\":\"https:\/\/portosma.com.br\/index.php\/author\/portosma\/\"}]}<\/script>\n<!-- \/ Yoast SEO plugin. -->","yoast_head_json":{"title":"EMAP comemora os 22 anos de gest\u00e3o do porto do Itaqui\/MA - Portosma","robots":{"index":"index","follow":"follow","max-snippet":"max-snippet:-1","max-image-preview":"max-image-preview:large","max-video-preview":"max-video-preview:-1"},"canonical":"https:\/\/portosma.com.br\/index.php\/2023\/03\/06\/emap-comemora-22-anos-de-gestao-do-porto-do-itaqui-com-reconhecimento-internacional\/","og_locale":"pt_BR","og_type":"article","og_title":"EMAP comemora os 22 anos de gest\u00e3o do porto do Itaqui\/MA - Portosma","og_description":"No m\u00eas de anivers\u00e1rio, a Emap tem tamb\u00e9m um novo presidente. O advogado Gilberto Lins Neto foi empossado pelo governador no lugar de Ted Lago.","og_url":"https:\/\/portosma.com.br\/index.php\/2023\/03\/06\/emap-comemora-22-anos-de-gestao-do-porto-do-itaqui-com-reconhecimento-internacional\/","og_site_name":"Portosma","article_published_time":"2023-03-06T11:40:38+00:00","article_modified_time":"2023-03-06T11:50:31+00:00","og_image":[{"width":1200,"height":500,"url":"https:\/\/portosma.com.br\/wp-content\/uploads\/2023\/03\/NIVER-ITAQUI.jpg","type":"image\/jpeg"}],"author":"admin","twitter_card":"summary_large_image","twitter_misc":{"Escrito por":"admin","Est. tempo de leitura":"4 minutos"},"schema":{"@context":"https:\/\/schema.org","@graph":[{"@type":"Article","@id":"https:\/\/portosma.com.br\/index.php\/2023\/03\/06\/emap-comemora-22-anos-de-gestao-do-porto-do-itaqui-com-reconhecimento-internacional\/#article","isPartOf":{"@id":"https:\/\/portosma.com.br\/index.php\/2023\/03\/06\/emap-comemora-22-anos-de-gestao-do-porto-do-itaqui-com-reconhecimento-internacional\/"},"author":{"name":"admin","@id":"https:\/\/portosma.com.br\/#\/schema\/person\/fb92dfe283ab47293259c87c813d8623"},"headline":"EMAP comemora os 22 anos de gest\u00e3o do porto do Itaqui\/MA","datePublished":"2023-03-06T11:40:38+00:00","dateModified":"2023-03-06T11:50:31+00:00","mainEntityOfPage":{"@id":"https:\/\/portosma.com.br\/index.php\/2023\/03\/06\/emap-comemora-22-anos-de-gestao-do-porto-do-itaqui-com-reconhecimento-internacional\/"},"wordCount":889,"publisher":{"@id":"https:\/\/portosma.com.br\/#organization"},"image":{"@id":"https:\/\/portosma.com.br\/index.php\/2023\/03\/06\/emap-comemora-22-anos-de-gestao-do-porto-do-itaqui-com-reconhecimento-internacional\/#primaryimage"},"thumbnailUrl":"https:\/\/portosma.com.br\/wp-content\/uploads\/2023\/03\/NIVER-ITAQUI.jpg","articleSection":["Not\u00edcias"],"inLanguage":"pt-BR"},{"@type":"WebPage","@id":"https:\/\/portosma.com.br\/index.php\/2023\/03\/06\/emap-comemora-22-anos-de-gestao-do-porto-do-itaqui-com-reconhecimento-internacional\/","url":"https:\/\/portosma.com.br\/index.php\/2023\/03\/06\/emap-comemora-22-anos-de-gestao-do-porto-do-itaqui-com-reconhecimento-internacional\/","name":"EMAP comemora os 22 anos de gest\u00e3o do porto do Itaqui\/MA - Portosma","isPartOf":{"@id":"https:\/\/portosma.com.br\/#website"},"primaryImageOfPage":{"@id":"https:\/\/portosma.com.br\/index.php\/2023\/03\/06\/emap-comemora-22-anos-de-gestao-do-porto-do-itaqui-com-reconhecimento-internacional\/#primaryimage"},"image":{"@id":"https:\/\/portosma.com.br\/index.php\/2023\/03\/06\/emap-comemora-22-anos-de-gestao-do-porto-do-itaqui-com-reconhecimento-internacional\/#primaryimage"},"thumbnailUrl":"https:\/\/portosma.com.br\/wp-content\/uploads\/2023\/03\/NIVER-ITAQUI.jpg","datePublished":"2023-03-06T11:40:38+00:00","dateModified":"2023-03-06T11:50:31+00:00","breadcrumb":{"@id":"https:\/\/portosma.com.br\/index.php\/2023\/03\/06\/emap-comemora-22-anos-de-gestao-do-porto-do-itaqui-com-reconhecimento-internacional\/#breadcrumb"},"inLanguage":"pt-BR","potentialAction":[{"@type":"ReadAction","target":["https:\/\/portosma.com.br\/index.php\/2023\/03\/06\/emap-comemora-22-anos-de-gestao-do-porto-do-itaqui-com-reconhecimento-internacional\/"]}]},{"@type":"ImageObject","inLanguage":"pt-BR","@id":"https:\/\/portosma.com.br\/index.php\/2023\/03\/06\/emap-comemora-22-anos-de-gestao-do-porto-do-itaqui-com-reconhecimento-internacional\/#primaryimage","url":"https:\/\/portosma.com.br\/wp-content\/uploads\/2023\/03\/NIVER-ITAQUI.jpg","contentUrl":"https:\/\/portosma.com.br\/wp-content\/uploads\/2023\/03\/NIVER-ITAQUI.jpg","width":1200,"height":500},{"@type":"BreadcrumbList","@id":"https:\/\/portosma.com.br\/index.php\/2023\/03\/06\/emap-comemora-22-anos-de-gestao-do-porto-do-itaqui-com-reconhecimento-internacional\/#breadcrumb","itemListElement":[{"@type":"ListItem","position":1,"name":"In\u00edcio","item":"https:\/\/portosma.com.br\/"},{"@type":"ListItem","position":2,"name":"EMAP comemora os 22 anos de gest\u00e3o do porto do Itaqui\/MA"}]},{"@type":"WebSite","@id":"https:\/\/portosma.com.br\/#website","url":"https:\/\/portosma.com.br\/","name":"Portosma","description":"Um site de not\u00edcias","publisher":{"@id":"https:\/\/portosma.com.br\/#organization"},"potentialAction":[{"@type":"SearchAction","target":{"@type":"EntryPoint","urlTemplate":"https:\/\/portosma.com.br\/?s={search_term_string}"},"query-input":"required name=search_term_string"}],"inLanguage":"pt-BR"},{"@type":"Organization","@id":"https:\/\/portosma.com.br\/#organization","name":"Portosma","alternateName":"Portosma","url":"https:\/\/portosma.com.br\/","logo":{"@type":"ImageObject","inLanguage":"pt-BR","@id":"https:\/\/portosma.com.br\/#\/schema\/logo\/image\/","url":"https:\/\/portosma.com.br\/wp-content\/uploads\/2026\/03\/cropped-AD-PORTOSMA.jpg","contentUrl":"https:\/\/portosma.com.br\/wp-content\/uploads\/2026\/03\/cropped-AD-PORTOSMA.jpg","width":400,"height":115,"caption":"Portosma"},"image":{"@id":"https:\/\/portosma.com.br\/#\/schema\/logo\/image\/"}},{"@type":"Person","@id":"https:\/\/portosma.com.br\/#\/schema\/person\/fb92dfe283ab47293259c87c813d8623","name":"admin","sameAs":["https:\/\/portosma.com.br"],"url":"https:\/\/portosma.com.br\/index.php\/author\/portosma\/"}]}},"_links":{"self":[{"href":"https:\/\/portosma.com.br\/index.php\/wp-json\/wp\/v2\/posts\/5346","targetHints":{"allow":["GET"]}}],"collection":[{"href":"https:\/\/portosma.com.br\/index.php\/wp-json\/wp\/v2\/posts"}],"about":[{"href":"https:\/\/portosma.com.br\/index.php\/wp-json\/wp\/v2\/types\/post"}],"author":[{"embeddable":true,"href":"https:\/\/portosma.com.br\/index.php\/wp-json\/wp\/v2\/users\/1"}],"replies":[{"embeddable":true,"href":"https:\/\/portosma.com.br\/index.php\/wp-json\/wp\/v2\/comments?post=5346"}],"version-history":[{"count":7,"href":"https:\/\/portosma.com.br\/index.php\/wp-json\/wp\/v2\/posts\/5346\/revisions"}],"predecessor-version":[{"id":5355,"href":"https:\/\/portosma.com.br\/index.php\/wp-json\/wp\/v2\/posts\/5346\/revisions\/5355"}],"wp:featuredmedia":[{"embeddable":true,"href":"https:\/\/portosma.com.br\/index.php\/wp-json\/wp\/v2\/media\/5348"}],"wp:attachment":[{"href":"https:\/\/portosma.com.br\/index.php\/wp-json\/wp\/v2\/media?parent=5346"}],"wp:term":[{"taxonomy":"category","embeddable":true,"href":"https:\/\/portosma.com.br\/index.php\/wp-json\/wp\/v2\/categories?post=5346"},{"taxonomy":"post_tag","embeddable":true,"href":"https:\/\/portosma.com.br\/index.php\/wp-json\/wp\/v2\/tags?post=5346"}],"curies":[{"name":"wp","href":"https:\/\/api.w.org\/{rel}","templated":true}]}}