{"id":5253,"date":"2023-03-02T14:39:15","date_gmt":"2023-03-02T14:39:15","guid":{"rendered":"https:\/\/portosma.com.br\/?p=5253"},"modified":"2023-03-16T13:15:25","modified_gmt":"2023-03-16T13:15:25","slug":"grupo-de-voluntarios-da-emap-define-plano-de-trabalho-para-2023","status":"publish","type":"post","link":"https:\/\/portosma.com.br\/index.php\/2023\/03\/02\/grupo-de-voluntarios-da-emap-define-plano-de-trabalho-para-2023\/","title":{"rendered":"Grupo de volunt\u00e1rios da Emap define plano de trabalho para 2023"},"content":{"rendered":"<p>Desde que foi implantado, o Grupo de Voluntariados da EMAP \u2013 Empresa Maranhense de Administra\u00e7\u00e3o Portu\u00e1ria, tem promovido uma s\u00e9rie de atividades socioculturais voltadas para as comunidades situadas nas \u00e1reas vizinhas ao complexo portu\u00e1rio do Itaqui, e, tamb\u00e9m, em comunidades mais distantes onde o bra\u00e7o da solidariedade humana por alcan\u00e7ar. No \u00faltimo dia 24 de fevereiro, o Grupo promoveu um dia inteiro de reuni\u00e3o de trabalho e planejamento com o a equipe do GERRES \u2013 Ger\u00eancia de Rela\u00e7\u00f5es com a Comunidade e Responsabilidade Social. Na pauta, o Planejamento anual para 2023.<\/p>\n<p>O encontro aconteceu na sede social da Soamar \u2013 Sociedade dos Amigos da Marinha do Maranh\u00e3o, no bairro do Jenipapeiros, &nbsp;uma das entidades parceiras (gra\u00e7as a um conv\u00eanio de realiza\u00e7\u00f5es firmados com a Emap), que tem proporcionado as realiza\u00e7\u00f5es de reuni\u00f5es tanto do Comit\u00ea de Responsabilidade do Itaqui\/Bacanga, como do Grupo de Voluntariados nas suas depend\u00eancias.<\/p>\n<p>Depois de todas as exposi\u00e7\u00f5es, propostas e debates por parte dos volunt\u00e1rios ficou estabelecido o seguinte Plano de Trabalho: Otimiza\u00e7\u00e3o dos Ecopontos; Capacita\u00e7\u00e3o dos voluntariados da Emap; Feira das profiss\u00f5es; Consci\u00eancia ambiental em feira do Anjo da Guarda; A\u00e7\u00e3o de sa\u00fade nas comunidades e dia da crian\u00e7a no Cajual.<\/p>\n<p><img fetchpriority=\"high\" decoding=\"async\" class=\"alignnone wp-image-5254 size-full\" src=\"https:\/\/portosma.com.br\/wp-content\/uploads\/2023\/03\/EMAP-1.jpg\" alt=\"\" width=\"900\" height=\"365\" srcset=\"https:\/\/portosma.com.br\/wp-content\/uploads\/2023\/03\/EMAP-1.jpg 900w, https:\/\/portosma.com.br\/wp-content\/uploads\/2023\/03\/EMAP-1-300x122.jpg 300w, https:\/\/portosma.com.br\/wp-content\/uploads\/2023\/03\/EMAP-1-768x311.jpg 768w\" sizes=\"(max-width: 900px) 100vw, 900px\" \/><\/p>\n<p>Definidas as a\u00e7\u00f5es, o grupo estabeleceu as diretrizes necess\u00e1rias para implanta-las, tais como obten\u00e7\u00e3o de sementes; treinamento t\u00e9cnico para instruir o voluntariado; atividades em escolas para apresenta\u00e7\u00e3o das profiss\u00f5es; educa\u00e7\u00e3o ambiental na pra\u00e7a do Bradesco; a\u00e7\u00e3o nas comunidades para presta\u00e7\u00e3o der servi\u00e7os, consultas m\u00e9dicas e testagens r\u00e1pidas; e, tamb\u00e9m, um dia inteiro de lazer dedicado \u00e0s crian\u00e7as com brincadeiras e distribui\u00e7\u00e3o de brinquedos.<\/p>\n<p>Plano pronto, o passo seguinte foi o engajamento de pessoas e\/ou empresas aliadas para viabiliza\u00e7\u00e3o dos projetos definidos na reuni\u00e3o. Para isso, ficou acertado v\u00e1rios prontos importantes, como Fazer a\u00e7\u00f5es em escolas para troca de pontos dos eco pontos por brinquedo, palestras dos profissionais da Emap para diferentes \u00e1reas nas escolas beneficiadas; Oferecimento de servi\u00e7os de sa\u00fade e palestras de higiene com preven\u00e7\u00e3o de doen\u00e7as; e, tamb\u00e9m, arrecada\u00e7\u00e3o de brinquedos, distribui\u00e7\u00e3o de lanches e promo\u00e7\u00e3o de oficinas.<\/p>\n<p>O Plano de Trabalho tamb\u00e9m definiu o calend\u00e1rio de a\u00e7\u00f5es, come\u00e7ando agora no primeiro trimestre desse ano, e, depois, distribu\u00eddo nos meses de mar\u00e7o\/agosto\/novembro; maio; 05 de junho; agosto e concluindo em outubro. Todo esse esfor\u00e7o, s\u00f3 \u00e9 poss\u00edvel, gra\u00e7as a dedica\u00e7\u00e3o de um conjunto de pessoas e\/ou entidades volunt\u00e1rias como a Equipe Ronny, Volunt\u00e1rios do Comit\u00ea de responsabilidade social e escolas do Itaqui Bacanga, SESI, SENAI, VALE, SEBRAE, ALUMAR, Equatorial, Emap, Hospitais circuito CEST\/SENAI, comunidade portu\u00e1ria e estudantes.<\/p>\n<p><img decoding=\"async\" class=\"alignnone wp-image-5256 size-full\" src=\"https:\/\/portosma.com.br\/wp-content\/uploads\/2023\/03\/EMAP-3.jpg\" alt=\"\" width=\"900\" height=\"437\" srcset=\"https:\/\/portosma.com.br\/wp-content\/uploads\/2023\/03\/EMAP-3.jpg 900w, https:\/\/portosma.com.br\/wp-content\/uploads\/2023\/03\/EMAP-3-300x146.jpg 300w, https:\/\/portosma.com.br\/wp-content\/uploads\/2023\/03\/EMAP-3-768x373.jpg 768w\" sizes=\"(max-width: 900px) 100vw, 900px\" \/><\/p>\n<p>A reuni\u00e3o de trabalho foi coordenada pela equipe da Emap, formada por Katia das Gra\u00e7as Bezerra, gerente de rela\u00e7\u00f5es com a comunidade social, Sabino Rocha, Assessor da diretoria de Desenvolvimento e planejamento e Rita de Cassia Choairy, Diretoria de Rela\u00e7\u00f5es Institucionais.<\/p>\n<p><span style=\"color: #000080;\"><strong>FOTOS DA SEGUNDA REUNI\u00c3O, REALIZADA NO DIA 10 DE MAR\u00c7O, NO MESMO LOCAL<\/strong><\/span><\/p>\n<p><img decoding=\"async\" class=\"alignnone wp-image-5543 size-full\" src=\"https:\/\/portosma.com.br\/wp-content\/uploads\/2023\/03\/EMAP-21.jpg\" alt=\"\" width=\"900\" height=\"357\" srcset=\"https:\/\/portosma.com.br\/wp-content\/uploads\/2023\/03\/EMAP-21.jpg 900w, https:\/\/portosma.com.br\/wp-content\/uploads\/2023\/03\/EMAP-21-300x119.jpg 300w, https:\/\/portosma.com.br\/wp-content\/uploads\/2023\/03\/EMAP-21-768x305.jpg 768w\" sizes=\"(max-width: 900px) 100vw, 900px\" \/><\/p>\n<p><img loading=\"lazy\" decoding=\"async\" class=\"alignnone wp-image-5544 size-full\" src=\"https:\/\/portosma.com.br\/wp-content\/uploads\/2023\/03\/EMAP-22.jpg\" alt=\"\" width=\"900\" height=\"343\" srcset=\"https:\/\/portosma.com.br\/wp-content\/uploads\/2023\/03\/EMAP-22.jpg 900w, https:\/\/portosma.com.br\/wp-content\/uploads\/2023\/03\/EMAP-22-300x114.jpg 300w, https:\/\/portosma.com.br\/wp-content\/uploads\/2023\/03\/EMAP-22-768x293.jpg 768w\" sizes=\"(max-width: 900px) 100vw, 900px\" \/><\/p>\n<p><img loading=\"lazy\" decoding=\"async\" class=\"alignnone wp-image-5545 size-full\" src=\"https:\/\/portosma.com.br\/wp-content\/uploads\/2023\/03\/EMAP-23.jpg\" alt=\"\" width=\"900\" height=\"375\" srcset=\"https:\/\/portosma.com.br\/wp-content\/uploads\/2023\/03\/EMAP-23.jpg 900w, https:\/\/portosma.com.br\/wp-content\/uploads\/2023\/03\/EMAP-23-300x125.jpg 300w, https:\/\/portosma.com.br\/wp-content\/uploads\/2023\/03\/EMAP-23-768x320.jpg 768w\" sizes=\"(max-width: 900px) 100vw, 900px\" \/><\/p>\n<p><img loading=\"lazy\" decoding=\"async\" class=\"alignnone wp-image-5546 size-full\" src=\"https:\/\/portosma.com.br\/wp-content\/uploads\/2023\/03\/EMAP-24.jpg\" alt=\"\" width=\"900\" height=\"345\" srcset=\"https:\/\/portosma.com.br\/wp-content\/uploads\/2023\/03\/EMAP-24.jpg 900w, https:\/\/portosma.com.br\/wp-content\/uploads\/2023\/03\/EMAP-24-300x115.jpg 300w, https:\/\/portosma.com.br\/wp-content\/uploads\/2023\/03\/EMAP-24-768x294.jpg 768w\" sizes=\"(max-width: 900px) 100vw, 900px\" \/><\/p>\n","protected":false},"excerpt":{"rendered":"<p>Ficaram definidas algumas a\u00e7\u00f5es importantes voltadas para as crian\u00e7as, palestras, assist\u00eancia m\u00e9dica e no\u00e7\u00f5es b\u00e1sicas de preven\u00e7\u00e3o de doen\u00e7as.<\/p>\n","protected":false},"author":1,"featured_media":5255,"comment_status":"closed","ping_status":"open","sticky":false,"template":"","format":"standard","meta":{"_editorskit_title_hidden":false,"_editorskit_reading_time":0,"_editorskit_is_block_options_detached":false,"_editorskit_block_options_position":"{}","ngg_post_thumbnail":0,"footnotes":""},"categories":[1],"tags":[],"class_list":["post-5253","post","type-post","status-publish","format-standard","has-post-thumbnail","hentry","category-noticias"],"yoast_head":"<!-- This site is optimized with the Yoast SEO plugin v22.5 - https:\/\/yoast.com\/wordpress\/plugins\/seo\/ -->\n<title>Grupo de volunt\u00e1rios da Emap define plano de trabalho para 2023 - Portosma<\/title>\n<meta name=\"robots\" content=\"index, follow, max-snippet:-1, max-image-preview:large, max-video-preview:-1\" \/>\n<link rel=\"canonical\" href=\"https:\/\/portosma.com.br\/index.php\/2023\/03\/02\/grupo-de-voluntarios-da-emap-define-plano-de-trabalho-para-2023\/\" \/>\n<meta property=\"og:locale\" content=\"pt_BR\" \/>\n<meta property=\"og:type\" content=\"article\" \/>\n<meta property=\"og:title\" content=\"Grupo de volunt\u00e1rios da Emap define plano de trabalho para 2023 - Portosma\" \/>\n<meta property=\"og:description\" content=\"Ficaram definidas algumas a\u00e7\u00f5es importantes voltadas para as crian\u00e7as, palestras, assist\u00eancia m\u00e9dica e no\u00e7\u00f5es b\u00e1sicas de preven\u00e7\u00e3o de doen\u00e7as.\" \/>\n<meta property=\"og:url\" content=\"https:\/\/portosma.com.br\/index.php\/2023\/03\/02\/grupo-de-voluntarios-da-emap-define-plano-de-trabalho-para-2023\/\" \/>\n<meta property=\"og:site_name\" content=\"Portosma\" \/>\n<meta property=\"article:published_time\" content=\"2023-03-02T14:39:15+00:00\" \/>\n<meta property=\"article:modified_time\" content=\"2023-03-16T13:15:25+00:00\" \/>\n<meta property=\"og:image\" content=\"https:\/\/portosma.com.br\/wp-content\/uploads\/2023\/03\/EMAP-2.jpg\" \/>\n\t<meta property=\"og:image:width\" content=\"1200\" \/>\n\t<meta property=\"og:image:height\" content=\"507\" \/>\n\t<meta property=\"og:image:type\" content=\"image\/jpeg\" \/>\n<meta name=\"author\" content=\"admin\" \/>\n<meta name=\"twitter:card\" content=\"summary_large_image\" \/>\n<meta name=\"twitter:label1\" content=\"Escrito por\" \/>\n\t<meta name=\"twitter:data1\" content=\"admin\" \/>\n\t<meta name=\"twitter:label2\" content=\"Est. tempo de leitura\" \/>\n\t<meta name=\"twitter:data2\" content=\"3 minutos\" \/>\n<script type=\"application\/ld+json\" class=\"yoast-schema-graph\">{\"@context\":\"https:\/\/schema.org\",\"@graph\":[{\"@type\":\"Article\",\"@id\":\"https:\/\/portosma.com.br\/index.php\/2023\/03\/02\/grupo-de-voluntarios-da-emap-define-plano-de-trabalho-para-2023\/#article\",\"isPartOf\":{\"@id\":\"https:\/\/portosma.com.br\/index.php\/2023\/03\/02\/grupo-de-voluntarios-da-emap-define-plano-de-trabalho-para-2023\/\"},\"author\":{\"name\":\"admin\",\"@id\":\"https:\/\/portosma.com.br\/#\/schema\/person\/fb92dfe283ab47293259c87c813d8623\"},\"headline\":\"Grupo de volunt\u00e1rios da Emap define plano de trabalho para 2023\",\"datePublished\":\"2023-03-02T14:39:15+00:00\",\"dateModified\":\"2023-03-16T13:15:25+00:00\",\"mainEntityOfPage\":{\"@id\":\"https:\/\/portosma.com.br\/index.php\/2023\/03\/02\/grupo-de-voluntarios-da-emap-define-plano-de-trabalho-para-2023\/\"},\"wordCount\":552,\"publisher\":{\"@id\":\"https:\/\/portosma.com.br\/#organization\"},\"image\":{\"@id\":\"https:\/\/portosma.com.br\/index.php\/2023\/03\/02\/grupo-de-voluntarios-da-emap-define-plano-de-trabalho-para-2023\/#primaryimage\"},\"thumbnailUrl\":\"https:\/\/portosma.com.br\/wp-content\/uploads\/2023\/03\/EMAP-2.jpg\",\"articleSection\":[\"Not\u00edcias\"],\"inLanguage\":\"pt-BR\"},{\"@type\":\"WebPage\",\"@id\":\"https:\/\/portosma.com.br\/index.php\/2023\/03\/02\/grupo-de-voluntarios-da-emap-define-plano-de-trabalho-para-2023\/\",\"url\":\"https:\/\/portosma.com.br\/index.php\/2023\/03\/02\/grupo-de-voluntarios-da-emap-define-plano-de-trabalho-para-2023\/\",\"name\":\"Grupo de volunt\u00e1rios da Emap define plano de trabalho para 2023 - Portosma\",\"isPartOf\":{\"@id\":\"https:\/\/portosma.com.br\/#website\"},\"primaryImageOfPage\":{\"@id\":\"https:\/\/portosma.com.br\/index.php\/2023\/03\/02\/grupo-de-voluntarios-da-emap-define-plano-de-trabalho-para-2023\/#primaryimage\"},\"image\":{\"@id\":\"https:\/\/portosma.com.br\/index.php\/2023\/03\/02\/grupo-de-voluntarios-da-emap-define-plano-de-trabalho-para-2023\/#primaryimage\"},\"thumbnailUrl\":\"https:\/\/portosma.com.br\/wp-content\/uploads\/2023\/03\/EMAP-2.jpg\",\"datePublished\":\"2023-03-02T14:39:15+00:00\",\"dateModified\":\"2023-03-16T13:15:25+00:00\",\"breadcrumb\":{\"@id\":\"https:\/\/portosma.com.br\/index.php\/2023\/03\/02\/grupo-de-voluntarios-da-emap-define-plano-de-trabalho-para-2023\/#breadcrumb\"},\"inLanguage\":\"pt-BR\",\"potentialAction\":[{\"@type\":\"ReadAction\",\"target\":[\"https:\/\/portosma.com.br\/index.php\/2023\/03\/02\/grupo-de-voluntarios-da-emap-define-plano-de-trabalho-para-2023\/\"]}]},{\"@type\":\"ImageObject\",\"inLanguage\":\"pt-BR\",\"@id\":\"https:\/\/portosma.com.br\/index.php\/2023\/03\/02\/grupo-de-voluntarios-da-emap-define-plano-de-trabalho-para-2023\/#primaryimage\",\"url\":\"https:\/\/portosma.com.br\/wp-content\/uploads\/2023\/03\/EMAP-2.jpg\",\"contentUrl\":\"https:\/\/portosma.com.br\/wp-content\/uploads\/2023\/03\/EMAP-2.jpg\",\"width\":1200,\"height\":507},{\"@type\":\"BreadcrumbList\",\"@id\":\"https:\/\/portosma.com.br\/index.php\/2023\/03\/02\/grupo-de-voluntarios-da-emap-define-plano-de-trabalho-para-2023\/#breadcrumb\",\"itemListElement\":[{\"@type\":\"ListItem\",\"position\":1,\"name\":\"In\u00edcio\",\"item\":\"https:\/\/portosma.com.br\/\"},{\"@type\":\"ListItem\",\"position\":2,\"name\":\"Grupo de volunt\u00e1rios da Emap define plano de trabalho para 2023\"}]},{\"@type\":\"WebSite\",\"@id\":\"https:\/\/portosma.com.br\/#website\",\"url\":\"https:\/\/portosma.com.br\/\",\"name\":\"Portosma\",\"description\":\"Um site de not\u00edcias\",\"publisher\":{\"@id\":\"https:\/\/portosma.com.br\/#organization\"},\"potentialAction\":[{\"@type\":\"SearchAction\",\"target\":{\"@type\":\"EntryPoint\",\"urlTemplate\":\"https:\/\/portosma.com.br\/?s={search_term_string}\"},\"query-input\":\"required name=search_term_string\"}],\"inLanguage\":\"pt-BR\"},{\"@type\":\"Organization\",\"@id\":\"https:\/\/portosma.com.br\/#organization\",\"name\":\"Portosma\",\"alternateName\":\"Portosma\",\"url\":\"https:\/\/portosma.com.br\/\",\"logo\":{\"@type\":\"ImageObject\",\"inLanguage\":\"pt-BR\",\"@id\":\"https:\/\/portosma.com.br\/#\/schema\/logo\/image\/\",\"url\":\"https:\/\/portosma.com.br\/wp-content\/uploads\/2026\/03\/cropped-AD-PORTOSMA.jpg\",\"contentUrl\":\"https:\/\/portosma.com.br\/wp-content\/uploads\/2026\/03\/cropped-AD-PORTOSMA.jpg\",\"width\":400,\"height\":115,\"caption\":\"Portosma\"},\"image\":{\"@id\":\"https:\/\/portosma.com.br\/#\/schema\/logo\/image\/\"}},{\"@type\":\"Person\",\"@id\":\"https:\/\/portosma.com.br\/#\/schema\/person\/fb92dfe283ab47293259c87c813d8623\",\"name\":\"admin\",\"sameAs\":[\"https:\/\/portosma.com.br\"],\"url\":\"https:\/\/portosma.com.br\/index.php\/author\/portosma\/\"}]}<\/script>\n<!-- \/ Yoast SEO plugin. -->","yoast_head_json":{"title":"Grupo de volunt\u00e1rios da Emap define plano de trabalho para 2023 - Portosma","robots":{"index":"index","follow":"follow","max-snippet":"max-snippet:-1","max-image-preview":"max-image-preview:large","max-video-preview":"max-video-preview:-1"},"canonical":"https:\/\/portosma.com.br\/index.php\/2023\/03\/02\/grupo-de-voluntarios-da-emap-define-plano-de-trabalho-para-2023\/","og_locale":"pt_BR","og_type":"article","og_title":"Grupo de volunt\u00e1rios da Emap define plano de trabalho para 2023 - Portosma","og_description":"Ficaram definidas algumas a\u00e7\u00f5es importantes voltadas para as crian\u00e7as, palestras, assist\u00eancia m\u00e9dica e no\u00e7\u00f5es b\u00e1sicas de preven\u00e7\u00e3o de doen\u00e7as.","og_url":"https:\/\/portosma.com.br\/index.php\/2023\/03\/02\/grupo-de-voluntarios-da-emap-define-plano-de-trabalho-para-2023\/","og_site_name":"Portosma","article_published_time":"2023-03-02T14:39:15+00:00","article_modified_time":"2023-03-16T13:15:25+00:00","og_image":[{"width":1200,"height":507,"url":"https:\/\/portosma.com.br\/wp-content\/uploads\/2023\/03\/EMAP-2.jpg","type":"image\/jpeg"}],"author":"admin","twitter_card":"summary_large_image","twitter_misc":{"Escrito por":"admin","Est. tempo de leitura":"3 minutos"},"schema":{"@context":"https:\/\/schema.org","@graph":[{"@type":"Article","@id":"https:\/\/portosma.com.br\/index.php\/2023\/03\/02\/grupo-de-voluntarios-da-emap-define-plano-de-trabalho-para-2023\/#article","isPartOf":{"@id":"https:\/\/portosma.com.br\/index.php\/2023\/03\/02\/grupo-de-voluntarios-da-emap-define-plano-de-trabalho-para-2023\/"},"author":{"name":"admin","@id":"https:\/\/portosma.com.br\/#\/schema\/person\/fb92dfe283ab47293259c87c813d8623"},"headline":"Grupo de volunt\u00e1rios da Emap define plano de trabalho para 2023","datePublished":"2023-03-02T14:39:15+00:00","dateModified":"2023-03-16T13:15:25+00:00","mainEntityOfPage":{"@id":"https:\/\/portosma.com.br\/index.php\/2023\/03\/02\/grupo-de-voluntarios-da-emap-define-plano-de-trabalho-para-2023\/"},"wordCount":552,"publisher":{"@id":"https:\/\/portosma.com.br\/#organization"},"image":{"@id":"https:\/\/portosma.com.br\/index.php\/2023\/03\/02\/grupo-de-voluntarios-da-emap-define-plano-de-trabalho-para-2023\/#primaryimage"},"thumbnailUrl":"https:\/\/portosma.com.br\/wp-content\/uploads\/2023\/03\/EMAP-2.jpg","articleSection":["Not\u00edcias"],"inLanguage":"pt-BR"},{"@type":"WebPage","@id":"https:\/\/portosma.com.br\/index.php\/2023\/03\/02\/grupo-de-voluntarios-da-emap-define-plano-de-trabalho-para-2023\/","url":"https:\/\/portosma.com.br\/index.php\/2023\/03\/02\/grupo-de-voluntarios-da-emap-define-plano-de-trabalho-para-2023\/","name":"Grupo de volunt\u00e1rios da Emap define plano de trabalho para 2023 - Portosma","isPartOf":{"@id":"https:\/\/portosma.com.br\/#website"},"primaryImageOfPage":{"@id":"https:\/\/portosma.com.br\/index.php\/2023\/03\/02\/grupo-de-voluntarios-da-emap-define-plano-de-trabalho-para-2023\/#primaryimage"},"image":{"@id":"https:\/\/portosma.com.br\/index.php\/2023\/03\/02\/grupo-de-voluntarios-da-emap-define-plano-de-trabalho-para-2023\/#primaryimage"},"thumbnailUrl":"https:\/\/portosma.com.br\/wp-content\/uploads\/2023\/03\/EMAP-2.jpg","datePublished":"2023-03-02T14:39:15+00:00","dateModified":"2023-03-16T13:15:25+00:00","breadcrumb":{"@id":"https:\/\/portosma.com.br\/index.php\/2023\/03\/02\/grupo-de-voluntarios-da-emap-define-plano-de-trabalho-para-2023\/#breadcrumb"},"inLanguage":"pt-BR","potentialAction":[{"@type":"ReadAction","target":["https:\/\/portosma.com.br\/index.php\/2023\/03\/02\/grupo-de-voluntarios-da-emap-define-plano-de-trabalho-para-2023\/"]}]},{"@type":"ImageObject","inLanguage":"pt-BR","@id":"https:\/\/portosma.com.br\/index.php\/2023\/03\/02\/grupo-de-voluntarios-da-emap-define-plano-de-trabalho-para-2023\/#primaryimage","url":"https:\/\/portosma.com.br\/wp-content\/uploads\/2023\/03\/EMAP-2.jpg","contentUrl":"https:\/\/portosma.com.br\/wp-content\/uploads\/2023\/03\/EMAP-2.jpg","width":1200,"height":507},{"@type":"BreadcrumbList","@id":"https:\/\/portosma.com.br\/index.php\/2023\/03\/02\/grupo-de-voluntarios-da-emap-define-plano-de-trabalho-para-2023\/#breadcrumb","itemListElement":[{"@type":"ListItem","position":1,"name":"In\u00edcio","item":"https:\/\/portosma.com.br\/"},{"@type":"ListItem","position":2,"name":"Grupo de volunt\u00e1rios da Emap define plano de trabalho para 2023"}]},{"@type":"WebSite","@id":"https:\/\/portosma.com.br\/#website","url":"https:\/\/portosma.com.br\/","name":"Portosma","description":"Um site de not\u00edcias","publisher":{"@id":"https:\/\/portosma.com.br\/#organization"},"potentialAction":[{"@type":"SearchAction","target":{"@type":"EntryPoint","urlTemplate":"https:\/\/portosma.com.br\/?s={search_term_string}"},"query-input":"required name=search_term_string"}],"inLanguage":"pt-BR"},{"@type":"Organization","@id":"https:\/\/portosma.com.br\/#organization","name":"Portosma","alternateName":"Portosma","url":"https:\/\/portosma.com.br\/","logo":{"@type":"ImageObject","inLanguage":"pt-BR","@id":"https:\/\/portosma.com.br\/#\/schema\/logo\/image\/","url":"https:\/\/portosma.com.br\/wp-content\/uploads\/2026\/03\/cropped-AD-PORTOSMA.jpg","contentUrl":"https:\/\/portosma.com.br\/wp-content\/uploads\/2026\/03\/cropped-AD-PORTOSMA.jpg","width":400,"height":115,"caption":"Portosma"},"image":{"@id":"https:\/\/portosma.com.br\/#\/schema\/logo\/image\/"}},{"@type":"Person","@id":"https:\/\/portosma.com.br\/#\/schema\/person\/fb92dfe283ab47293259c87c813d8623","name":"admin","sameAs":["https:\/\/portosma.com.br"],"url":"https:\/\/portosma.com.br\/index.php\/author\/portosma\/"}]}},"_links":{"self":[{"href":"https:\/\/portosma.com.br\/index.php\/wp-json\/wp\/v2\/posts\/5253","targetHints":{"allow":["GET"]}}],"collection":[{"href":"https:\/\/portosma.com.br\/index.php\/wp-json\/wp\/v2\/posts"}],"about":[{"href":"https:\/\/portosma.com.br\/index.php\/wp-json\/wp\/v2\/types\/post"}],"author":[{"embeddable":true,"href":"https:\/\/portosma.com.br\/index.php\/wp-json\/wp\/v2\/users\/1"}],"replies":[{"embeddable":true,"href":"https:\/\/portosma.com.br\/index.php\/wp-json\/wp\/v2\/comments?post=5253"}],"version-history":[{"count":5,"href":"https:\/\/portosma.com.br\/index.php\/wp-json\/wp\/v2\/posts\/5253\/revisions"}],"predecessor-version":[{"id":5548,"href":"https:\/\/portosma.com.br\/index.php\/wp-json\/wp\/v2\/posts\/5253\/revisions\/5548"}],"wp:featuredmedia":[{"embeddable":true,"href":"https:\/\/portosma.com.br\/index.php\/wp-json\/wp\/v2\/media\/5255"}],"wp:attachment":[{"href":"https:\/\/portosma.com.br\/index.php\/wp-json\/wp\/v2\/media?parent=5253"}],"wp:term":[{"taxonomy":"category","embeddable":true,"href":"https:\/\/portosma.com.br\/index.php\/wp-json\/wp\/v2\/categories?post=5253"},{"taxonomy":"post_tag","embeddable":true,"href":"https:\/\/portosma.com.br\/index.php\/wp-json\/wp\/v2\/tags?post=5253"}],"curies":[{"name":"wp","href":"https:\/\/api.w.org\/{rel}","templated":true}]}}