{"id":5208,"date":"2023-03-01T19:49:39","date_gmt":"2023-03-01T19:49:39","guid":{"rendered":"https:\/\/portosma.com.br\/?p=5208"},"modified":"2023-03-01T19:51:30","modified_gmt":"2023-03-01T19:51:30","slug":"grupo-de-escoteiros-18tao-visita-o-parque-ambiental-da-alumar","status":"publish","type":"post","link":"https:\/\/portosma.com.br\/index.php\/2023\/03\/01\/grupo-de-escoteiros-18tao-visita-o-parque-ambiental-da-alumar\/","title":{"rendered":"Grupo de Escoteiros 18t\u00e3o visita o Parque Ambiental da Alumar"},"content":{"rendered":"<p>Depois da retomada do projeto de visitas ao seu Parque Ambiental, em 17 de janeiro deste ano, a Alumar tem proporcionado um leque de oportunidades a centenas de pessoas \u2013 adultos adolescentes e crian\u00e7as \u2013 com um espa\u00e7o para pesquisas, atividades l\u00fadicas, encontros, trilhas, palestras, al\u00e9m de workshops de educa\u00e7\u00e3o ambiental.<\/p>\n<p>O resultado pr\u00e1tico dessa pol\u00edtica de interc\u00e2mbio entre empresa e sociedade, representa um importante espa\u00e7o de contato com a natureza para colaboradores e seus familiares nas mais diversas comunidades. As visitas, que podem ser agendadas via WhatsApp, tem mantido um calend\u00e1rio cheio, principalmente para as entidades que habitam nas periferias da f\u00e1brica de alum\u00ednio do Maranh\u00e3o.<\/p>\n<p>Uma dessas visitas aconteceu na ter\u00e7a-feira, 28 de fevereiro, quando o Parque, e seus administradores, receberam o Grupo de Escoteiros do Mar 18t\u00e3o, com sede na capital, S\u00e3o Lu\u00eds. O grupo, formados por 22 crian\u00e7as e adolescentes, foi acompanhado da presidente Telma Aniquites, do diretor administrativo Evandro Silva, do assessor especial de forma\u00e7\u00e3o Francisco Borges, al\u00e9m de alguns familiares dos escoteiros visitantes.<\/p>\n<p>\u201cA visita no Parque Ambiental, estendida a toda \u00e1rea da f\u00e1brica, proporcionou uma oportunidade nunca antes experimentadas pela maioria das nossas crian\u00e7as. Encantadas com tudo que viram e aprenderam, n\u00e3o deixaram de manifestar um verdadeiro espanto pelo gigantismo da \u00e1rea. Visitamos o porto, \u00e1rea da redu\u00e7\u00e3o, fabrica\u00e7\u00e3o de alumina e terminamos no Parque onde percorremos algumas trilhas. Essa experi\u00eancia, de mesclar conhecimento com a natureza, apenas refor\u00e7a a pol\u00edtica do nosso grupo 18t\u00e3o sobre no\u00e7\u00f5es de amor e preserva\u00e7\u00e3o ao meio ambiente\u201d, afirmou Evandro Silva, diretor administrativo do Grupo 18t\u00e3o.<\/p>\n<p>Durante toda visita, a gama de informa\u00e7\u00f5es foi das mais intensas e ca\u00edram com uma luva na sede de conhecimento e de curiosidades dos meninos\/visitantes. Al\u00e9m das no\u00e7\u00f5es b\u00e1sicas de respeito \u00e0 natureza, a visita proporcionou tamb\u00e9m um despertar de oportunidades futuras aos jovens. Para a maioria delas, concluir os estudos, obter forma\u00e7\u00e3o e trabalhar na Alumar foi apenas uma das muitas sementes plantadas como sonho de vida que, pode, quem sabe, se tornar uma realidade amanh\u00e3,<\/p>\n<p>Inaugurado em julho de 1996, o Parque Ambiental da Alumar ocupa uma \u00e1rea de 1.800 hectares composta por manguezais, mata de capoeira e matas de v\u00e1rzea, com mais de 200 esp\u00e9cies bot\u00e2nicas, o Parque Ambiental Alumar abriga uma enorme variedade de aves, mam\u00edferos, r\u00e9pteis e anf\u00edbios, incluindo esp\u00e9cies amea\u00e7adas de extin\u00e7\u00e3o. Entre as esp\u00e9cies encontradas no Parque est\u00e3o as pregui\u00e7as, borboletas, o gato mourisco, os macacos capijuba e prego, gar\u00e7as e tamandu\u00e1s, dentre outros. H\u00e1, tamb\u00e9m,&nbsp; trilhas interpretativas, onde, durante a caminhada, adultos e crian\u00e7as podem encontrar animais, al\u00e9m de fazer um fant\u00e1stico passeio pela mata visitando brejos e manguezais.<\/p>\n<p><img fetchpriority=\"high\" decoding=\"async\" class=\"alignnone wp-image-5226 size-full\" src=\"https:\/\/portosma.com.br\/wp-content\/uploads\/2023\/03\/TAO-02.jpg\" alt=\"\" width=\"900\" height=\"677\" srcset=\"https:\/\/portosma.com.br\/wp-content\/uploads\/2023\/03\/TAO-02.jpg 900w, https:\/\/portosma.com.br\/wp-content\/uploads\/2023\/03\/TAO-02-300x226.jpg 300w, https:\/\/portosma.com.br\/wp-content\/uploads\/2023\/03\/TAO-02-768x578.jpg 768w\" sizes=\"(max-width: 900px) 100vw, 900px\" \/><\/p>\n<p><strong><span style=\"color: #000080;\">SERVI\u00c7O:<\/span><\/strong><\/p>\n<p><span style=\"color: #333333;\"><strong>O QU\u00ca:<\/strong><\/span> Programa\u00e7\u00e3o de visitas para o Parque Ambiental da Alumar em 2023.<\/p>\n<p><span style=\"color: #333333;\"><strong>QUANDO:&nbsp;<\/strong><\/span> A partir de 17 de janeiro.<\/p>\n<p><span style=\"color: #333333;\"><strong>DISPONIBILIDADE DE AGENDA:<\/strong><\/span> De ter\u00e7as-feiras \u00e0s quintas-feiras, com grupo de 10 a 45 pessoas.<\/p>\n<p><span style=\"color: #333333;\"><strong>HORA:<\/strong> <\/span>Manh\u00e3: das 8h \u00e0s 11h30; Tarde: das 13h30 \u00e0s 16h.<\/p>\n<p><span style=\"color: #333333;\"><strong>TRANSPORTE\/LANCHES<\/strong><\/span> &#8211; O Parque Ambiental disponibiliza transporte e lanche para os visitantes.<\/p>\n<p><span style=\"color: #333333;\"><strong>COMO AGENDAR:<\/strong> <\/span>WatsApp 98 8552 0038<\/p>\n<p><span style=\"color: #333333;\"><strong>GRUPO 18T\u00c3O<\/strong><\/span> \u2013 Grupo de Escoteiros do Mar, formado por meninas e meninas com sede na Avenida dos Africanos, (pr\u00f3ximo ao Parque Amazonas). Telefone 98 9 9130 2024. E-mail: <a href=\"mailto:telma.aniquites@gmail.com\">telma.aniquites@gmail.com<\/a><\/p>\n<p><img decoding=\"async\" class=\"alignnone wp-image-5227 size-full\" src=\"https:\/\/portosma.com.br\/wp-content\/uploads\/2023\/03\/TAO-03.jpg\" alt=\"\" width=\"900\" height=\"506\" srcset=\"https:\/\/portosma.com.br\/wp-content\/uploads\/2023\/03\/TAO-03.jpg 900w, https:\/\/portosma.com.br\/wp-content\/uploads\/2023\/03\/TAO-03-300x169.jpg 300w, https:\/\/portosma.com.br\/wp-content\/uploads\/2023\/03\/TAO-03-768x432.jpg 768w\" sizes=\"(max-width: 900px) 100vw, 900px\" \/><\/p>\n<p><img decoding=\"async\" class=\"alignnone wp-image-5229 size-full\" src=\"https:\/\/portosma.com.br\/wp-content\/uploads\/2023\/03\/TAO-05.jpg\" alt=\"\" width=\"900\" height=\"369\" srcset=\"https:\/\/portosma.com.br\/wp-content\/uploads\/2023\/03\/TAO-05.jpg 900w, https:\/\/portosma.com.br\/wp-content\/uploads\/2023\/03\/TAO-05-300x123.jpg 300w, https:\/\/portosma.com.br\/wp-content\/uploads\/2023\/03\/TAO-05-768x315.jpg 768w\" sizes=\"(max-width: 900px) 100vw, 900px\" \/><\/p>\n<p><img loading=\"lazy\" decoding=\"async\" class=\"alignnone wp-image-5228 size-full\" src=\"https:\/\/portosma.com.br\/wp-content\/uploads\/2023\/03\/TAO-04.jpg\" alt=\"\" width=\"900\" height=\"400\" srcset=\"https:\/\/portosma.com.br\/wp-content\/uploads\/2023\/03\/TAO-04.jpg 900w, https:\/\/portosma.com.br\/wp-content\/uploads\/2023\/03\/TAO-04-300x133.jpg 300w, https:\/\/portosma.com.br\/wp-content\/uploads\/2023\/03\/TAO-04-768x341.jpg 768w\" sizes=\"(max-width: 900px) 100vw, 900px\" \/><\/p>\n","protected":false},"excerpt":{"rendered":"<p>Os visitantes conheceram o porto, fabrica\u00e7\u00e3o de alumina e alum\u00ednio e encerraram a visita no Parque onde ouviram palestras e percorreram trilhas.<\/p>\n","protected":false},"author":1,"featured_media":5225,"comment_status":"closed","ping_status":"open","sticky":false,"template":"","format":"standard","meta":{"_editorskit_title_hidden":false,"_editorskit_reading_time":0,"_editorskit_is_block_options_detached":false,"_editorskit_block_options_position":"{}","ngg_post_thumbnail":0,"footnotes":""},"categories":[1],"tags":[],"class_list":["post-5208","post","type-post","status-publish","format-standard","has-post-thumbnail","hentry","category-noticias"],"yoast_head":"<!-- This site is optimized with the Yoast SEO plugin v22.5 - https:\/\/yoast.com\/wordpress\/plugins\/seo\/ -->\n<title>Grupo de Escoteiros 18t\u00e3o visita o Parque Ambiental da Alumar - Portosma<\/title>\n<meta name=\"robots\" content=\"index, follow, max-snippet:-1, max-image-preview:large, max-video-preview:-1\" \/>\n<link rel=\"canonical\" href=\"https:\/\/portosma.com.br\/index.php\/2023\/03\/01\/grupo-de-escoteiros-18tao-visita-o-parque-ambiental-da-alumar\/\" \/>\n<meta property=\"og:locale\" content=\"pt_BR\" \/>\n<meta property=\"og:type\" content=\"article\" \/>\n<meta property=\"og:title\" content=\"Grupo de Escoteiros 18t\u00e3o visita o Parque Ambiental da Alumar - Portosma\" \/>\n<meta property=\"og:description\" content=\"Os visitantes conheceram o porto, fabrica\u00e7\u00e3o de alumina e alum\u00ednio e encerraram a visita no Parque onde ouviram palestras e percorreram trilhas.\" \/>\n<meta property=\"og:url\" content=\"https:\/\/portosma.com.br\/index.php\/2023\/03\/01\/grupo-de-escoteiros-18tao-visita-o-parque-ambiental-da-alumar\/\" \/>\n<meta property=\"og:site_name\" content=\"Portosma\" \/>\n<meta property=\"article:published_time\" content=\"2023-03-01T19:49:39+00:00\" \/>\n<meta property=\"article:modified_time\" content=\"2023-03-01T19:51:30+00:00\" \/>\n<meta property=\"og:image\" content=\"https:\/\/portosma.com.br\/wp-content\/uploads\/2023\/03\/TAO-01.jpg\" \/>\n\t<meta property=\"og:image:width\" content=\"1200\" \/>\n\t<meta property=\"og:image:height\" content=\"552\" \/>\n\t<meta property=\"og:image:type\" content=\"image\/jpeg\" \/>\n<meta name=\"author\" content=\"admin\" \/>\n<meta name=\"twitter:card\" content=\"summary_large_image\" \/>\n<meta name=\"twitter:label1\" content=\"Escrito por\" \/>\n\t<meta name=\"twitter:data1\" content=\"admin\" \/>\n\t<meta name=\"twitter:label2\" content=\"Est. tempo de leitura\" \/>\n\t<meta name=\"twitter:data2\" content=\"3 minutos\" \/>\n<script type=\"application\/ld+json\" class=\"yoast-schema-graph\">{\"@context\":\"https:\/\/schema.org\",\"@graph\":[{\"@type\":\"Article\",\"@id\":\"https:\/\/portosma.com.br\/index.php\/2023\/03\/01\/grupo-de-escoteiros-18tao-visita-o-parque-ambiental-da-alumar\/#article\",\"isPartOf\":{\"@id\":\"https:\/\/portosma.com.br\/index.php\/2023\/03\/01\/grupo-de-escoteiros-18tao-visita-o-parque-ambiental-da-alumar\/\"},\"author\":{\"name\":\"admin\",\"@id\":\"https:\/\/portosma.com.br\/#\/schema\/person\/fb92dfe283ab47293259c87c813d8623\"},\"headline\":\"Grupo de Escoteiros 18t\u00e3o visita o Parque Ambiental da Alumar\",\"datePublished\":\"2023-03-01T19:49:39+00:00\",\"dateModified\":\"2023-03-01T19:51:30+00:00\",\"mainEntityOfPage\":{\"@id\":\"https:\/\/portosma.com.br\/index.php\/2023\/03\/01\/grupo-de-escoteiros-18tao-visita-o-parque-ambiental-da-alumar\/\"},\"wordCount\":589,\"publisher\":{\"@id\":\"https:\/\/portosma.com.br\/#organization\"},\"image\":{\"@id\":\"https:\/\/portosma.com.br\/index.php\/2023\/03\/01\/grupo-de-escoteiros-18tao-visita-o-parque-ambiental-da-alumar\/#primaryimage\"},\"thumbnailUrl\":\"https:\/\/portosma.com.br\/wp-content\/uploads\/2023\/03\/TAO-01.jpg\",\"articleSection\":[\"Not\u00edcias\"],\"inLanguage\":\"pt-BR\"},{\"@type\":\"WebPage\",\"@id\":\"https:\/\/portosma.com.br\/index.php\/2023\/03\/01\/grupo-de-escoteiros-18tao-visita-o-parque-ambiental-da-alumar\/\",\"url\":\"https:\/\/portosma.com.br\/index.php\/2023\/03\/01\/grupo-de-escoteiros-18tao-visita-o-parque-ambiental-da-alumar\/\",\"name\":\"Grupo de Escoteiros 18t\u00e3o visita o Parque Ambiental da Alumar - Portosma\",\"isPartOf\":{\"@id\":\"https:\/\/portosma.com.br\/#website\"},\"primaryImageOfPage\":{\"@id\":\"https:\/\/portosma.com.br\/index.php\/2023\/03\/01\/grupo-de-escoteiros-18tao-visita-o-parque-ambiental-da-alumar\/#primaryimage\"},\"image\":{\"@id\":\"https:\/\/portosma.com.br\/index.php\/2023\/03\/01\/grupo-de-escoteiros-18tao-visita-o-parque-ambiental-da-alumar\/#primaryimage\"},\"thumbnailUrl\":\"https:\/\/portosma.com.br\/wp-content\/uploads\/2023\/03\/TAO-01.jpg\",\"datePublished\":\"2023-03-01T19:49:39+00:00\",\"dateModified\":\"2023-03-01T19:51:30+00:00\",\"breadcrumb\":{\"@id\":\"https:\/\/portosma.com.br\/index.php\/2023\/03\/01\/grupo-de-escoteiros-18tao-visita-o-parque-ambiental-da-alumar\/#breadcrumb\"},\"inLanguage\":\"pt-BR\",\"potentialAction\":[{\"@type\":\"ReadAction\",\"target\":[\"https:\/\/portosma.com.br\/index.php\/2023\/03\/01\/grupo-de-escoteiros-18tao-visita-o-parque-ambiental-da-alumar\/\"]}]},{\"@type\":\"ImageObject\",\"inLanguage\":\"pt-BR\",\"@id\":\"https:\/\/portosma.com.br\/index.php\/2023\/03\/01\/grupo-de-escoteiros-18tao-visita-o-parque-ambiental-da-alumar\/#primaryimage\",\"url\":\"https:\/\/portosma.com.br\/wp-content\/uploads\/2023\/03\/TAO-01.jpg\",\"contentUrl\":\"https:\/\/portosma.com.br\/wp-content\/uploads\/2023\/03\/TAO-01.jpg\",\"width\":1200,\"height\":552},{\"@type\":\"BreadcrumbList\",\"@id\":\"https:\/\/portosma.com.br\/index.php\/2023\/03\/01\/grupo-de-escoteiros-18tao-visita-o-parque-ambiental-da-alumar\/#breadcrumb\",\"itemListElement\":[{\"@type\":\"ListItem\",\"position\":1,\"name\":\"In\u00edcio\",\"item\":\"https:\/\/portosma.com.br\/\"},{\"@type\":\"ListItem\",\"position\":2,\"name\":\"Grupo de Escoteiros 18t\u00e3o visita o Parque Ambiental da Alumar\"}]},{\"@type\":\"WebSite\",\"@id\":\"https:\/\/portosma.com.br\/#website\",\"url\":\"https:\/\/portosma.com.br\/\",\"name\":\"Portosma\",\"description\":\"Um site de not\u00edcias\",\"publisher\":{\"@id\":\"https:\/\/portosma.com.br\/#organization\"},\"potentialAction\":[{\"@type\":\"SearchAction\",\"target\":{\"@type\":\"EntryPoint\",\"urlTemplate\":\"https:\/\/portosma.com.br\/?s={search_term_string}\"},\"query-input\":\"required name=search_term_string\"}],\"inLanguage\":\"pt-BR\"},{\"@type\":\"Organization\",\"@id\":\"https:\/\/portosma.com.br\/#organization\",\"name\":\"Portosma\",\"alternateName\":\"Portosma\",\"url\":\"https:\/\/portosma.com.br\/\",\"logo\":{\"@type\":\"ImageObject\",\"inLanguage\":\"pt-BR\",\"@id\":\"https:\/\/portosma.com.br\/#\/schema\/logo\/image\/\",\"url\":\"https:\/\/portosma.com.br\/wp-content\/uploads\/2026\/03\/cropped-AD-PORTOSMA.jpg\",\"contentUrl\":\"https:\/\/portosma.com.br\/wp-content\/uploads\/2026\/03\/cropped-AD-PORTOSMA.jpg\",\"width\":400,\"height\":115,\"caption\":\"Portosma\"},\"image\":{\"@id\":\"https:\/\/portosma.com.br\/#\/schema\/logo\/image\/\"}},{\"@type\":\"Person\",\"@id\":\"https:\/\/portosma.com.br\/#\/schema\/person\/fb92dfe283ab47293259c87c813d8623\",\"name\":\"admin\",\"sameAs\":[\"https:\/\/portosma.com.br\"],\"url\":\"https:\/\/portosma.com.br\/index.php\/author\/portosma\/\"}]}<\/script>\n<!-- \/ Yoast SEO plugin. -->","yoast_head_json":{"title":"Grupo de Escoteiros 18t\u00e3o visita o Parque Ambiental da Alumar - Portosma","robots":{"index":"index","follow":"follow","max-snippet":"max-snippet:-1","max-image-preview":"max-image-preview:large","max-video-preview":"max-video-preview:-1"},"canonical":"https:\/\/portosma.com.br\/index.php\/2023\/03\/01\/grupo-de-escoteiros-18tao-visita-o-parque-ambiental-da-alumar\/","og_locale":"pt_BR","og_type":"article","og_title":"Grupo de Escoteiros 18t\u00e3o visita o Parque Ambiental da Alumar - Portosma","og_description":"Os visitantes conheceram o porto, fabrica\u00e7\u00e3o de alumina e alum\u00ednio e encerraram a visita no Parque onde ouviram palestras e percorreram trilhas.","og_url":"https:\/\/portosma.com.br\/index.php\/2023\/03\/01\/grupo-de-escoteiros-18tao-visita-o-parque-ambiental-da-alumar\/","og_site_name":"Portosma","article_published_time":"2023-03-01T19:49:39+00:00","article_modified_time":"2023-03-01T19:51:30+00:00","og_image":[{"width":1200,"height":552,"url":"https:\/\/portosma.com.br\/wp-content\/uploads\/2023\/03\/TAO-01.jpg","type":"image\/jpeg"}],"author":"admin","twitter_card":"summary_large_image","twitter_misc":{"Escrito por":"admin","Est. tempo de leitura":"3 minutos"},"schema":{"@context":"https:\/\/schema.org","@graph":[{"@type":"Article","@id":"https:\/\/portosma.com.br\/index.php\/2023\/03\/01\/grupo-de-escoteiros-18tao-visita-o-parque-ambiental-da-alumar\/#article","isPartOf":{"@id":"https:\/\/portosma.com.br\/index.php\/2023\/03\/01\/grupo-de-escoteiros-18tao-visita-o-parque-ambiental-da-alumar\/"},"author":{"name":"admin","@id":"https:\/\/portosma.com.br\/#\/schema\/person\/fb92dfe283ab47293259c87c813d8623"},"headline":"Grupo de Escoteiros 18t\u00e3o visita o Parque Ambiental da Alumar","datePublished":"2023-03-01T19:49:39+00:00","dateModified":"2023-03-01T19:51:30+00:00","mainEntityOfPage":{"@id":"https:\/\/portosma.com.br\/index.php\/2023\/03\/01\/grupo-de-escoteiros-18tao-visita-o-parque-ambiental-da-alumar\/"},"wordCount":589,"publisher":{"@id":"https:\/\/portosma.com.br\/#organization"},"image":{"@id":"https:\/\/portosma.com.br\/index.php\/2023\/03\/01\/grupo-de-escoteiros-18tao-visita-o-parque-ambiental-da-alumar\/#primaryimage"},"thumbnailUrl":"https:\/\/portosma.com.br\/wp-content\/uploads\/2023\/03\/TAO-01.jpg","articleSection":["Not\u00edcias"],"inLanguage":"pt-BR"},{"@type":"WebPage","@id":"https:\/\/portosma.com.br\/index.php\/2023\/03\/01\/grupo-de-escoteiros-18tao-visita-o-parque-ambiental-da-alumar\/","url":"https:\/\/portosma.com.br\/index.php\/2023\/03\/01\/grupo-de-escoteiros-18tao-visita-o-parque-ambiental-da-alumar\/","name":"Grupo de Escoteiros 18t\u00e3o visita o Parque Ambiental da Alumar - Portosma","isPartOf":{"@id":"https:\/\/portosma.com.br\/#website"},"primaryImageOfPage":{"@id":"https:\/\/portosma.com.br\/index.php\/2023\/03\/01\/grupo-de-escoteiros-18tao-visita-o-parque-ambiental-da-alumar\/#primaryimage"},"image":{"@id":"https:\/\/portosma.com.br\/index.php\/2023\/03\/01\/grupo-de-escoteiros-18tao-visita-o-parque-ambiental-da-alumar\/#primaryimage"},"thumbnailUrl":"https:\/\/portosma.com.br\/wp-content\/uploads\/2023\/03\/TAO-01.jpg","datePublished":"2023-03-01T19:49:39+00:00","dateModified":"2023-03-01T19:51:30+00:00","breadcrumb":{"@id":"https:\/\/portosma.com.br\/index.php\/2023\/03\/01\/grupo-de-escoteiros-18tao-visita-o-parque-ambiental-da-alumar\/#breadcrumb"},"inLanguage":"pt-BR","potentialAction":[{"@type":"ReadAction","target":["https:\/\/portosma.com.br\/index.php\/2023\/03\/01\/grupo-de-escoteiros-18tao-visita-o-parque-ambiental-da-alumar\/"]}]},{"@type":"ImageObject","inLanguage":"pt-BR","@id":"https:\/\/portosma.com.br\/index.php\/2023\/03\/01\/grupo-de-escoteiros-18tao-visita-o-parque-ambiental-da-alumar\/#primaryimage","url":"https:\/\/portosma.com.br\/wp-content\/uploads\/2023\/03\/TAO-01.jpg","contentUrl":"https:\/\/portosma.com.br\/wp-content\/uploads\/2023\/03\/TAO-01.jpg","width":1200,"height":552},{"@type":"BreadcrumbList","@id":"https:\/\/portosma.com.br\/index.php\/2023\/03\/01\/grupo-de-escoteiros-18tao-visita-o-parque-ambiental-da-alumar\/#breadcrumb","itemListElement":[{"@type":"ListItem","position":1,"name":"In\u00edcio","item":"https:\/\/portosma.com.br\/"},{"@type":"ListItem","position":2,"name":"Grupo de Escoteiros 18t\u00e3o visita o Parque Ambiental da Alumar"}]},{"@type":"WebSite","@id":"https:\/\/portosma.com.br\/#website","url":"https:\/\/portosma.com.br\/","name":"Portosma","description":"Um site de not\u00edcias","publisher":{"@id":"https:\/\/portosma.com.br\/#organization"},"potentialAction":[{"@type":"SearchAction","target":{"@type":"EntryPoint","urlTemplate":"https:\/\/portosma.com.br\/?s={search_term_string}"},"query-input":"required name=search_term_string"}],"inLanguage":"pt-BR"},{"@type":"Organization","@id":"https:\/\/portosma.com.br\/#organization","name":"Portosma","alternateName":"Portosma","url":"https:\/\/portosma.com.br\/","logo":{"@type":"ImageObject","inLanguage":"pt-BR","@id":"https:\/\/portosma.com.br\/#\/schema\/logo\/image\/","url":"https:\/\/portosma.com.br\/wp-content\/uploads\/2026\/03\/cropped-AD-PORTOSMA.jpg","contentUrl":"https:\/\/portosma.com.br\/wp-content\/uploads\/2026\/03\/cropped-AD-PORTOSMA.jpg","width":400,"height":115,"caption":"Portosma"},"image":{"@id":"https:\/\/portosma.com.br\/#\/schema\/logo\/image\/"}},{"@type":"Person","@id":"https:\/\/portosma.com.br\/#\/schema\/person\/fb92dfe283ab47293259c87c813d8623","name":"admin","sameAs":["https:\/\/portosma.com.br"],"url":"https:\/\/portosma.com.br\/index.php\/author\/portosma\/"}]}},"_links":{"self":[{"href":"https:\/\/portosma.com.br\/index.php\/wp-json\/wp\/v2\/posts\/5208","targetHints":{"allow":["GET"]}}],"collection":[{"href":"https:\/\/portosma.com.br\/index.php\/wp-json\/wp\/v2\/posts"}],"about":[{"href":"https:\/\/portosma.com.br\/index.php\/wp-json\/wp\/v2\/types\/post"}],"author":[{"embeddable":true,"href":"https:\/\/portosma.com.br\/index.php\/wp-json\/wp\/v2\/users\/1"}],"replies":[{"embeddable":true,"href":"https:\/\/portosma.com.br\/index.php\/wp-json\/wp\/v2\/comments?post=5208"}],"version-history":[{"count":3,"href":"https:\/\/portosma.com.br\/index.php\/wp-json\/wp\/v2\/posts\/5208\/revisions"}],"predecessor-version":[{"id":5232,"href":"https:\/\/portosma.com.br\/index.php\/wp-json\/wp\/v2\/posts\/5208\/revisions\/5232"}],"wp:featuredmedia":[{"embeddable":true,"href":"https:\/\/portosma.com.br\/index.php\/wp-json\/wp\/v2\/media\/5225"}],"wp:attachment":[{"href":"https:\/\/portosma.com.br\/index.php\/wp-json\/wp\/v2\/media?parent=5208"}],"wp:term":[{"taxonomy":"category","embeddable":true,"href":"https:\/\/portosma.com.br\/index.php\/wp-json\/wp\/v2\/categories?post=5208"},{"taxonomy":"post_tag","embeddable":true,"href":"https:\/\/portosma.com.br\/index.php\/wp-json\/wp\/v2\/tags?post=5208"}],"curies":[{"name":"wp","href":"https:\/\/api.w.org\/{rel}","templated":true}]}}