{"id":4113,"date":"2021-07-03T14:26:21","date_gmt":"2021-07-03T14:26:21","guid":{"rendered":"https:\/\/portosma.com.br\/?p=4113"},"modified":"2023-02-10T14:34:58","modified_gmt":"2023-02-10T14:34:58","slug":"eleicao-da-soamar-ma-e-aclamada-em-chapa-unica-e-elege-seus-novos-dirigentes","status":"publish","type":"post","link":"https:\/\/portosma.com.br\/index.php\/2021\/07\/03\/eleicao-da-soamar-ma-e-aclamada-em-chapa-unica-e-elege-seus-novos-dirigentes\/","title":{"rendered":"Elei\u00e7\u00e3o da Soamar-MA \u00e9 aclamada em chapa \u00fanica e elege seus novos dirigentes"},"content":{"rendered":"<figure id=\"attachment_4114\" aria-describedby=\"caption-attachment-4114\" style=\"width: 350px\" class=\"wp-caption alignleft\"><img fetchpriority=\"high\" decoding=\"async\" class=\"wp-image-4114 size-full\" src=\"https:\/\/portosma.com.br\/wp-content\/uploads\/2023\/02\/AFOTO-SILVIO-1.jpg\" alt=\"\" width=\"350\" height=\"247\" srcset=\"https:\/\/portosma.com.br\/wp-content\/uploads\/2023\/02\/AFOTO-SILVIO-1.jpg 350w, https:\/\/portosma.com.br\/wp-content\/uploads\/2023\/02\/AFOTO-SILVIO-1-300x212.jpg 300w\" sizes=\"(max-width: 350px) 100vw, 350px\" \/><figcaption id=\"caption-attachment-4114\" class=\"wp-caption-text\"><span style=\"color: #993300;\"><em><strong>Silvio, j\u00e1 aleito, fala aos presentes durante a solenidade<\/strong><\/em><\/span><\/figcaption><\/figure>\n<p>Depois do impasse por conta de desencontros de opini\u00f5es por observ\u00e2ncia ou n\u00e3o do Estatuto da Soamar-MA, a Sociedade de Amigos da Marinha, finalmente, realizou a elei\u00e7\u00e3o da sua Diretoria Executiva, gra\u00e7as a denomina\u00e7\u00f5es expressas do Capit\u00e3o dos Portos, Alekson Barbosa da Silva Porto, que, na condi\u00e7\u00e3o de Presidente do Conselho Superior da Soamar-MA e, considerando que o prazo da atual diretoria j\u00e1 havia expirado, usou de toda sua autoridade para dar uma solu\u00e7\u00e3o que encaminhasse para o fim do impasse. Em um esfor\u00e7o adicional e, \u00fanico, considerando os incidentes e at\u00e9 mesmo inconvenientes ocorridos no dia 10 de junho, quando \u00e2nimos se exaltaram e o pleito saiu do controle, o mesmo Capit\u00e3o dos Portos que suspendera aquela sess\u00e3o,&nbsp; voltou a reunir os dois presidentes envolvidos na disputa. No caso, S\u00edlvio L\u00facio de Oliveira Aguiar (Chapa Almirante In\u00e1cio Belfort Vieira), e Carlos Guterres Moreira (Chapa Jobert Jos\u00e9 Salgado Filho). A ideia era aparar arestas e costurar um acordo de modo a manter a tranquilidade e o espirito de amigo Soamarinos que define a entidade. N\u00e3o conseguiu. As convic\u00e7\u00f5es conflitantes do dia 10 foram mantidas e, sem alterar uma v\u00edrgula do documento base da primeira elei\u00e7\u00e3o, ficou determinado que uma nova elei\u00e7\u00e3o seria realizada no dia 01 de julho de 2021.<\/p>\n<p><img decoding=\"async\" class=\"alignnone wp-image-4116 size-full\" src=\"https:\/\/portosma.com.br\/wp-content\/uploads\/2023\/02\/AFOTO-SILVIO-3.jpg\" alt=\"\" width=\"900\" height=\"230\" srcset=\"https:\/\/portosma.com.br\/wp-content\/uploads\/2023\/02\/AFOTO-SILVIO-3.jpg 900w, https:\/\/portosma.com.br\/wp-content\/uploads\/2023\/02\/AFOTO-SILVIO-3-300x77.jpg 300w, https:\/\/portosma.com.br\/wp-content\/uploads\/2023\/02\/AFOTO-SILVIO-3-768x196.jpg 768w\" sizes=\"(max-width: 900px) 100vw, 900px\" \/><\/p>\n<p>Mantinha-se assim o impasse: sem consenso, ficaria mantido o s votos dos S\u00f3cios Natos _ vota e serem votados -, assim como a validade para os votos por procura\u00e7\u00e3o, uma das diverg\u00eancias que mais gerou disc\u00f3rdias na elei\u00e7\u00e3o frustrada do dia 10 de junho.<\/p>\n<p>Sem acordo, apesar da decis\u00e3o do Capit\u00e3o dos Portos \u2013 leia documento no final da reportagem \u2013 que reconheceu como v\u00e1lido os argumentos da Chapa da situa\u00e7\u00e3o, o presidente da chpa de oposi\u00e7\u00e3o Carlos Guterres Moreira, em nome de todos os demais nomes da chapa, decidiu abandonar o pleito e retirar a candidatura. Um documento oficializando a decis\u00e3o da Soamar-MA foi entregue e protocolado no dia 28 de junho, dois dias antes da data da nova elei\u00e7\u00e3o.<\/p>\n<p>A decis\u00e3o da Chapa de Carlos Guterres Moreira que abriu caminho para S\u00edlvio e seus companheiros que s\u00f3 precisariam se aclamados, considerados o pleito ter se tornado de \u201cchapa \u00fanica\u201d, onde apenas um voto seria suficiente para a elei\u00e7\u00e3o.<\/p>\n<p><img decoding=\"async\" class=\"alignnone wp-image-4117 size-full\" src=\"https:\/\/portosma.com.br\/wp-content\/uploads\/2023\/02\/AFOTO-SILVIO-4.jpg\" alt=\"\" width=\"900\" height=\"256\" srcset=\"https:\/\/portosma.com.br\/wp-content\/uploads\/2023\/02\/AFOTO-SILVIO-4.jpg 900w, https:\/\/portosma.com.br\/wp-content\/uploads\/2023\/02\/AFOTO-SILVIO-4-300x85.jpg 300w, https:\/\/portosma.com.br\/wp-content\/uploads\/2023\/02\/AFOTO-SILVIO-4-768x218.jpg 768w\" sizes=\"(max-width: 900px) 100vw, 900px\" \/><\/p>\n<p>Desse modo,&nbsp; nesta quinta-feira, dia primeiro de julho de 2021, o pr\u00f3prio Comandante Porto abriu os trabalhos, leu sua pr\u00f3pria decis\u00e3o considerando legal os tramites do pleito, e pediu ao Soamarinos Luiz In\u00e1cio Corr\u00eaa Filho que lesse a carta-ren\u00fancia da chapa desistente. Feito isso, foi aberta uma vota\u00e7\u00e3o simb\u00f3lica dos membros presentes da chapa \u201cChapa Almirante In\u00e1cio Belfort Vieira\u201d, ato considerado suficiente para torna-la eleita, por aclama\u00e7\u00e3o, assumindo imediatamente a diretoria da Sociedade dos Amigos da Marinha do Maranh\u00e3o.<\/p>\n<p><span style=\"color: #993300;\"><strong>CHAPA VENCEDORA: ALMEIRANTE MANOEL BELFOR VIEIRA<\/strong><\/span><\/p>\n<p><span style=\"color: #3366ff;\"><strong>DIRETORIA EXECUTIVA<\/strong><\/span><\/p>\n<p>*** Presidente: S\u00edlvio L\u00facio de Oliveira Aguiar<br \/>\n*** 1\u00ba Vice-presidente: L\u00eddia Pflueguer dos Santos<br \/>\n*** 3\u00ba Vice-Presidente: Luiz In\u00e1cio Corr\u00eaa Filho<\/p>\n<p><strong><span style=\"color: #3366ff;\">CONSELHO DELIBERATIVO (TITULARES)<\/span><\/strong><\/p>\n<p>*** Luiz Augusto de Miranda Guterres Filho<br \/>\n*** Luiz Carlos Cantanhede Fernandes<br \/>\n*** Jos\u00e9 Gon\u00e7alves dos Santos Neto<br \/>\n*** Carlos Augusto Furtado Moreira<\/p>\n<p><span style=\"color: #3366ff;\"><strong>CONSELHO DELIBERATIVO (SUPLENTES)<\/strong><\/span><\/p>\n<p>*** Ricardo Micucci dos Santos<br \/>\n*** Nilo Alberto Monteiro de Carvalho<br \/>\n*** Jos\u00e9 Roberto Taranto<\/p>\n<p><span style=\"color: #3366ff;\"><strong>CONSELHO FISCAL (TITULARES)<\/strong><\/span><\/p>\n<p>*** Carlos Eduado Brand\u00e3o de Albuquerque Neves<br \/>\n*** Ricardp Reis Rebelo<br \/>\n*** Nelson Ricardo Calmom Bahia<\/p>\n<p><strong><span style=\"color: #3366ff;\">CONSELHO FICAL (SUPLENTES)<\/span><\/strong><\/p>\n<p>*** Sebasti\u00e3o Sousa da Silva Filho<br \/>\n*** Oswaldo Ferreira do Prado Fanco<br \/>\n*** Josivaldo Freire Reis<\/p>\n<p><strong>CARTA DO CAPIT\u00c3O DOS PORTOS VALINDADO AS REGRAS DO EDITAL QUE RECONHECIA A LISURA DO DOCUMENTOS CONTESTADO PELA CHAPA DE CARLOS GUTERRES<\/strong><\/p>\n<p>Capit\u00e3o dos Portos do Maranh\u00e3o determina nova data para elei\u00e7\u00f5es da Soamar-MA.<\/p>\n<p>SOCIEDADE DE AMIGOS DA MARINHA NO MARANHAO \u2013 SOAMAR &#8211; MA<br \/>\nOf\u00edcio Circular N\u00ba 01\/2021.<br \/>\nSede da Soamar \u2013 MA<br \/>\nCapitania dos Portos do Maranh\u00e3o, Jenipapeiro.<br \/>\nS\u00e3o Lu\u00eds-MA; 27 de junho de 2021<\/p>\n<p>O Presidente do Conselho Superior da Sociedade dos Amigos da Marinha do Maranh\u00e3o (Soamar-MA), Capit\u00e3o dos Portos do Maranh\u00e3o, Capit\u00e3o de Mar e Guerra Alekson Barbosa da Silva Porto, no uso de suas atribui\u00e7\u00f5es considerando que:<\/p>\n<p>\u00c9 o representante da nossa Marinha do Brasil, perante nossa importante Soamar-MA, no Estado do Maranh\u00e3o;<\/p>\n<p>Em 10 de julho do corrente ano de 2021 estava programada a elei\u00e7\u00e3o da pr\u00f3xima diretoria da Soamar-MA (Conselho Executivo e demais integrantes da administra\u00e7\u00e3o), entretanto, na ocasi\u00e3o, o Presidente do Conselho Superior da Sociedade dos Amigos da Marinha do Maranh\u00e3o (Soamar-MA), Capit\u00e3o de Mar e Guerra, Alekson Barbosa da Silva Porto, decidiu suspender a Assembleia;<\/p>\n<p>Em reuni\u00e3o, com os dois candidatos \u00e0 presid\u00eancia da referida institui\u00e7\u00e3o, foram discutidos todos os assuntos atinentes a primeira reuni\u00e3o; e<\/p>\n<p><strong>Resolve que:<\/strong><\/p>\n<p>Para o prosseguimento do mesmo evento, fica designada a data de 1 de junho de 2021 \u00e0s 17 horas, no mesmo local devendo serem observadas na elei\u00e7\u00e3o as Instru\u00e7\u00f5es Normativas da Soamar-MA e Soamar Brasil e do Conselho Superior da Soamar-MA.<\/p>\n<p>Certo do bom entendimento de todos acerca da situa\u00e7\u00e3o que todos passamos frente a pandemia, colho votos de estima e considera\u00e7\u00e3o de todos os integrantes desta Sociedade.<\/p>\n<p><strong>Alekson Barbosa da Silva Porto<\/strong><br \/>\nCapit\u00e3o de Mar e Guerra<br \/>\nPresidente do Conselho Superior da Soamar-MA.<\/p>\n<p><strong>CARTA REN\u00daNCIA DA CHAPA JOBERT JOS\u00c9 SALGADO FILHO<\/strong><\/p>\n<p><em>\u00c0 Secretaria da Sociedade de amigos da Marinha do Estado do Maranh\u00e3o \u2013 Soamar.<\/em><br \/>\n<em>Comunicado (FAZ)<\/em><\/p>\n<p><em>A Chapa \u201cJos\u00e9 Salgado Filho\u201d, vem atrav\u00e9s desta, comunicara a sua sa\u00edda da concorr\u00eancia \u00e0s Elei\u00e7\u00f5es do Ano de 2021, por motivo de n\u00e3o concordar com os par\u00e2metros exigidos, ap\u00f3s suspens\u00e3o da Assembleia do dia 10 de junho do corrente Ano.<\/em><\/p>\n<p><em>Atenciosamente,<\/em><br \/>\n<em><strong>Carlos Guterres Moreira<\/strong> \u2013 Presidente da Chapa<\/em><br \/>\n<em>S\u00e3o Lu\u00eds, 28 de junho de 2021<\/em><\/p>\n<p>&nbsp;<\/p>\n<p><em>Lugar: Portosma<\/em><br \/>\n<em>Fonte: Reda\u00e7\u00e3o<\/em><br \/>\n<em>Data da Noticia: 03\/07\/2021<\/em><\/p>\n","protected":false},"excerpt":{"rendered":"<p>S\u00edlvio L\u00facio de Oliveira Aguiar \u00e9 reconduzido ao cargo de diretor presidente da entidade por mais dois anos.<\/p>\n","protected":false},"author":1,"featured_media":0,"comment_status":"closed","ping_status":"open","sticky":false,"template":"","format":"standard","meta":{"_editorskit_title_hidden":false,"_editorskit_reading_time":0,"_editorskit_is_block_options_detached":false,"_editorskit_block_options_position":"{}","ngg_post_thumbnail":0,"footnotes":""},"categories":[1],"tags":[],"class_list":["post-4113","post","type-post","status-publish","format-standard","hentry","category-noticias"],"yoast_head":"<!-- This site is optimized with the Yoast SEO plugin v22.5 - https:\/\/yoast.com\/wordpress\/plugins\/seo\/ -->\n<title>Elei\u00e7\u00e3o da Soamar-MA \u00e9 aclamada em chapa \u00fanica e elege seus novos dirigentes - Portosma<\/title>\n<meta name=\"robots\" content=\"index, follow, max-snippet:-1, max-image-preview:large, max-video-preview:-1\" \/>\n<link rel=\"canonical\" href=\"https:\/\/portosma.com.br\/index.php\/2021\/07\/03\/eleicao-da-soamar-ma-e-aclamada-em-chapa-unica-e-elege-seus-novos-dirigentes\/\" \/>\n<meta property=\"og:locale\" content=\"pt_BR\" \/>\n<meta property=\"og:type\" content=\"article\" \/>\n<meta property=\"og:title\" content=\"Elei\u00e7\u00e3o da Soamar-MA \u00e9 aclamada em chapa \u00fanica e elege seus novos dirigentes - Portosma\" \/>\n<meta property=\"og:description\" content=\"S\u00edlvio L\u00facio de Oliveira Aguiar \u00e9 reconduzido ao cargo de diretor presidente da entidade por mais dois anos.\" \/>\n<meta property=\"og:url\" content=\"https:\/\/portosma.com.br\/index.php\/2021\/07\/03\/eleicao-da-soamar-ma-e-aclamada-em-chapa-unica-e-elege-seus-novos-dirigentes\/\" \/>\n<meta property=\"og:site_name\" content=\"Portosma\" \/>\n<meta property=\"article:published_time\" content=\"2021-07-03T14:26:21+00:00\" \/>\n<meta property=\"article:modified_time\" content=\"2023-02-10T14:34:58+00:00\" \/>\n<meta property=\"og:image\" content=\"https:\/\/portosma.com.br\/wp-content\/uploads\/2023\/02\/AFOTO-SILVIO-1.jpg\" \/>\n<meta name=\"author\" content=\"admin\" \/>\n<meta name=\"twitter:card\" content=\"summary_large_image\" \/>\n<meta name=\"twitter:label1\" content=\"Escrito por\" \/>\n\t<meta name=\"twitter:data1\" content=\"admin\" \/>\n\t<meta name=\"twitter:label2\" content=\"Est. tempo de leitura\" \/>\n\t<meta name=\"twitter:data2\" content=\"5 minutos\" \/>\n<script type=\"application\/ld+json\" class=\"yoast-schema-graph\">{\"@context\":\"https:\/\/schema.org\",\"@graph\":[{\"@type\":\"Article\",\"@id\":\"https:\/\/portosma.com.br\/index.php\/2021\/07\/03\/eleicao-da-soamar-ma-e-aclamada-em-chapa-unica-e-elege-seus-novos-dirigentes\/#article\",\"isPartOf\":{\"@id\":\"https:\/\/portosma.com.br\/index.php\/2021\/07\/03\/eleicao-da-soamar-ma-e-aclamada-em-chapa-unica-e-elege-seus-novos-dirigentes\/\"},\"author\":{\"name\":\"admin\",\"@id\":\"https:\/\/portosma.com.br\/#\/schema\/person\/fb92dfe283ab47293259c87c813d8623\"},\"headline\":\"Elei\u00e7\u00e3o da Soamar-MA \u00e9 aclamada em chapa \u00fanica e elege seus novos dirigentes\",\"datePublished\":\"2021-07-03T14:26:21+00:00\",\"dateModified\":\"2023-02-10T14:34:58+00:00\",\"mainEntityOfPage\":{\"@id\":\"https:\/\/portosma.com.br\/index.php\/2021\/07\/03\/eleicao-da-soamar-ma-e-aclamada-em-chapa-unica-e-elege-seus-novos-dirigentes\/\"},\"wordCount\":1010,\"publisher\":{\"@id\":\"https:\/\/portosma.com.br\/#organization\"},\"image\":{\"@id\":\"https:\/\/portosma.com.br\/index.php\/2021\/07\/03\/eleicao-da-soamar-ma-e-aclamada-em-chapa-unica-e-elege-seus-novos-dirigentes\/#primaryimage\"},\"thumbnailUrl\":\"https:\/\/portosma.com.br\/wp-content\/uploads\/2023\/02\/AFOTO-SILVIO-1.jpg\",\"articleSection\":[\"Not\u00edcias\"],\"inLanguage\":\"pt-BR\"},{\"@type\":\"WebPage\",\"@id\":\"https:\/\/portosma.com.br\/index.php\/2021\/07\/03\/eleicao-da-soamar-ma-e-aclamada-em-chapa-unica-e-elege-seus-novos-dirigentes\/\",\"url\":\"https:\/\/portosma.com.br\/index.php\/2021\/07\/03\/eleicao-da-soamar-ma-e-aclamada-em-chapa-unica-e-elege-seus-novos-dirigentes\/\",\"name\":\"Elei\u00e7\u00e3o da Soamar-MA \u00e9 aclamada em chapa \u00fanica e elege seus novos dirigentes - Portosma\",\"isPartOf\":{\"@id\":\"https:\/\/portosma.com.br\/#website\"},\"primaryImageOfPage\":{\"@id\":\"https:\/\/portosma.com.br\/index.php\/2021\/07\/03\/eleicao-da-soamar-ma-e-aclamada-em-chapa-unica-e-elege-seus-novos-dirigentes\/#primaryimage\"},\"image\":{\"@id\":\"https:\/\/portosma.com.br\/index.php\/2021\/07\/03\/eleicao-da-soamar-ma-e-aclamada-em-chapa-unica-e-elege-seus-novos-dirigentes\/#primaryimage\"},\"thumbnailUrl\":\"https:\/\/portosma.com.br\/wp-content\/uploads\/2023\/02\/AFOTO-SILVIO-1.jpg\",\"datePublished\":\"2021-07-03T14:26:21+00:00\",\"dateModified\":\"2023-02-10T14:34:58+00:00\",\"breadcrumb\":{\"@id\":\"https:\/\/portosma.com.br\/index.php\/2021\/07\/03\/eleicao-da-soamar-ma-e-aclamada-em-chapa-unica-e-elege-seus-novos-dirigentes\/#breadcrumb\"},\"inLanguage\":\"pt-BR\",\"potentialAction\":[{\"@type\":\"ReadAction\",\"target\":[\"https:\/\/portosma.com.br\/index.php\/2021\/07\/03\/eleicao-da-soamar-ma-e-aclamada-em-chapa-unica-e-elege-seus-novos-dirigentes\/\"]}]},{\"@type\":\"ImageObject\",\"inLanguage\":\"pt-BR\",\"@id\":\"https:\/\/portosma.com.br\/index.php\/2021\/07\/03\/eleicao-da-soamar-ma-e-aclamada-em-chapa-unica-e-elege-seus-novos-dirigentes\/#primaryimage\",\"url\":\"https:\/\/portosma.com.br\/wp-content\/uploads\/2023\/02\/AFOTO-SILVIO-1.jpg\",\"contentUrl\":\"https:\/\/portosma.com.br\/wp-content\/uploads\/2023\/02\/AFOTO-SILVIO-1.jpg\",\"width\":350,\"height\":247},{\"@type\":\"BreadcrumbList\",\"@id\":\"https:\/\/portosma.com.br\/index.php\/2021\/07\/03\/eleicao-da-soamar-ma-e-aclamada-em-chapa-unica-e-elege-seus-novos-dirigentes\/#breadcrumb\",\"itemListElement\":[{\"@type\":\"ListItem\",\"position\":1,\"name\":\"In\u00edcio\",\"item\":\"https:\/\/portosma.com.br\/\"},{\"@type\":\"ListItem\",\"position\":2,\"name\":\"Elei\u00e7\u00e3o da Soamar-MA \u00e9 aclamada em chapa \u00fanica e elege seus novos dirigentes\"}]},{\"@type\":\"WebSite\",\"@id\":\"https:\/\/portosma.com.br\/#website\",\"url\":\"https:\/\/portosma.com.br\/\",\"name\":\"Portosma\",\"description\":\"Um site de not\u00edcias\",\"publisher\":{\"@id\":\"https:\/\/portosma.com.br\/#organization\"},\"potentialAction\":[{\"@type\":\"SearchAction\",\"target\":{\"@type\":\"EntryPoint\",\"urlTemplate\":\"https:\/\/portosma.com.br\/?s={search_term_string}\"},\"query-input\":\"required name=search_term_string\"}],\"inLanguage\":\"pt-BR\"},{\"@type\":\"Organization\",\"@id\":\"https:\/\/portosma.com.br\/#organization\",\"name\":\"Portosma\",\"alternateName\":\"Portosma\",\"url\":\"https:\/\/portosma.com.br\/\",\"logo\":{\"@type\":\"ImageObject\",\"inLanguage\":\"pt-BR\",\"@id\":\"https:\/\/portosma.com.br\/#\/schema\/logo\/image\/\",\"url\":\"https:\/\/portosma.com.br\/wp-content\/uploads\/2026\/03\/cropped-AD-PORTOSMA.jpg\",\"contentUrl\":\"https:\/\/portosma.com.br\/wp-content\/uploads\/2026\/03\/cropped-AD-PORTOSMA.jpg\",\"width\":400,\"height\":115,\"caption\":\"Portosma\"},\"image\":{\"@id\":\"https:\/\/portosma.com.br\/#\/schema\/logo\/image\/\"}},{\"@type\":\"Person\",\"@id\":\"https:\/\/portosma.com.br\/#\/schema\/person\/fb92dfe283ab47293259c87c813d8623\",\"name\":\"admin\",\"sameAs\":[\"https:\/\/portosma.com.br\"],\"url\":\"https:\/\/portosma.com.br\/index.php\/author\/portosma\/\"}]}<\/script>\n<!-- \/ Yoast SEO plugin. -->","yoast_head_json":{"title":"Elei\u00e7\u00e3o da Soamar-MA \u00e9 aclamada em chapa \u00fanica e elege seus novos dirigentes - Portosma","robots":{"index":"index","follow":"follow","max-snippet":"max-snippet:-1","max-image-preview":"max-image-preview:large","max-video-preview":"max-video-preview:-1"},"canonical":"https:\/\/portosma.com.br\/index.php\/2021\/07\/03\/eleicao-da-soamar-ma-e-aclamada-em-chapa-unica-e-elege-seus-novos-dirigentes\/","og_locale":"pt_BR","og_type":"article","og_title":"Elei\u00e7\u00e3o da Soamar-MA \u00e9 aclamada em chapa \u00fanica e elege seus novos dirigentes - Portosma","og_description":"S\u00edlvio L\u00facio de Oliveira Aguiar \u00e9 reconduzido ao cargo de diretor presidente da entidade por mais dois anos.","og_url":"https:\/\/portosma.com.br\/index.php\/2021\/07\/03\/eleicao-da-soamar-ma-e-aclamada-em-chapa-unica-e-elege-seus-novos-dirigentes\/","og_site_name":"Portosma","article_published_time":"2021-07-03T14:26:21+00:00","article_modified_time":"2023-02-10T14:34:58+00:00","og_image":[{"url":"https:\/\/portosma.com.br\/wp-content\/uploads\/2023\/02\/AFOTO-SILVIO-1.jpg"}],"author":"admin","twitter_card":"summary_large_image","twitter_misc":{"Escrito por":"admin","Est. tempo de leitura":"5 minutos"},"schema":{"@context":"https:\/\/schema.org","@graph":[{"@type":"Article","@id":"https:\/\/portosma.com.br\/index.php\/2021\/07\/03\/eleicao-da-soamar-ma-e-aclamada-em-chapa-unica-e-elege-seus-novos-dirigentes\/#article","isPartOf":{"@id":"https:\/\/portosma.com.br\/index.php\/2021\/07\/03\/eleicao-da-soamar-ma-e-aclamada-em-chapa-unica-e-elege-seus-novos-dirigentes\/"},"author":{"name":"admin","@id":"https:\/\/portosma.com.br\/#\/schema\/person\/fb92dfe283ab47293259c87c813d8623"},"headline":"Elei\u00e7\u00e3o da Soamar-MA \u00e9 aclamada em chapa \u00fanica e elege seus novos dirigentes","datePublished":"2021-07-03T14:26:21+00:00","dateModified":"2023-02-10T14:34:58+00:00","mainEntityOfPage":{"@id":"https:\/\/portosma.com.br\/index.php\/2021\/07\/03\/eleicao-da-soamar-ma-e-aclamada-em-chapa-unica-e-elege-seus-novos-dirigentes\/"},"wordCount":1010,"publisher":{"@id":"https:\/\/portosma.com.br\/#organization"},"image":{"@id":"https:\/\/portosma.com.br\/index.php\/2021\/07\/03\/eleicao-da-soamar-ma-e-aclamada-em-chapa-unica-e-elege-seus-novos-dirigentes\/#primaryimage"},"thumbnailUrl":"https:\/\/portosma.com.br\/wp-content\/uploads\/2023\/02\/AFOTO-SILVIO-1.jpg","articleSection":["Not\u00edcias"],"inLanguage":"pt-BR"},{"@type":"WebPage","@id":"https:\/\/portosma.com.br\/index.php\/2021\/07\/03\/eleicao-da-soamar-ma-e-aclamada-em-chapa-unica-e-elege-seus-novos-dirigentes\/","url":"https:\/\/portosma.com.br\/index.php\/2021\/07\/03\/eleicao-da-soamar-ma-e-aclamada-em-chapa-unica-e-elege-seus-novos-dirigentes\/","name":"Elei\u00e7\u00e3o da Soamar-MA \u00e9 aclamada em chapa \u00fanica e elege seus novos dirigentes - Portosma","isPartOf":{"@id":"https:\/\/portosma.com.br\/#website"},"primaryImageOfPage":{"@id":"https:\/\/portosma.com.br\/index.php\/2021\/07\/03\/eleicao-da-soamar-ma-e-aclamada-em-chapa-unica-e-elege-seus-novos-dirigentes\/#primaryimage"},"image":{"@id":"https:\/\/portosma.com.br\/index.php\/2021\/07\/03\/eleicao-da-soamar-ma-e-aclamada-em-chapa-unica-e-elege-seus-novos-dirigentes\/#primaryimage"},"thumbnailUrl":"https:\/\/portosma.com.br\/wp-content\/uploads\/2023\/02\/AFOTO-SILVIO-1.jpg","datePublished":"2021-07-03T14:26:21+00:00","dateModified":"2023-02-10T14:34:58+00:00","breadcrumb":{"@id":"https:\/\/portosma.com.br\/index.php\/2021\/07\/03\/eleicao-da-soamar-ma-e-aclamada-em-chapa-unica-e-elege-seus-novos-dirigentes\/#breadcrumb"},"inLanguage":"pt-BR","potentialAction":[{"@type":"ReadAction","target":["https:\/\/portosma.com.br\/index.php\/2021\/07\/03\/eleicao-da-soamar-ma-e-aclamada-em-chapa-unica-e-elege-seus-novos-dirigentes\/"]}]},{"@type":"ImageObject","inLanguage":"pt-BR","@id":"https:\/\/portosma.com.br\/index.php\/2021\/07\/03\/eleicao-da-soamar-ma-e-aclamada-em-chapa-unica-e-elege-seus-novos-dirigentes\/#primaryimage","url":"https:\/\/portosma.com.br\/wp-content\/uploads\/2023\/02\/AFOTO-SILVIO-1.jpg","contentUrl":"https:\/\/portosma.com.br\/wp-content\/uploads\/2023\/02\/AFOTO-SILVIO-1.jpg","width":350,"height":247},{"@type":"BreadcrumbList","@id":"https:\/\/portosma.com.br\/index.php\/2021\/07\/03\/eleicao-da-soamar-ma-e-aclamada-em-chapa-unica-e-elege-seus-novos-dirigentes\/#breadcrumb","itemListElement":[{"@type":"ListItem","position":1,"name":"In\u00edcio","item":"https:\/\/portosma.com.br\/"},{"@type":"ListItem","position":2,"name":"Elei\u00e7\u00e3o da Soamar-MA \u00e9 aclamada em chapa \u00fanica e elege seus novos dirigentes"}]},{"@type":"WebSite","@id":"https:\/\/portosma.com.br\/#website","url":"https:\/\/portosma.com.br\/","name":"Portosma","description":"Um site de not\u00edcias","publisher":{"@id":"https:\/\/portosma.com.br\/#organization"},"potentialAction":[{"@type":"SearchAction","target":{"@type":"EntryPoint","urlTemplate":"https:\/\/portosma.com.br\/?s={search_term_string}"},"query-input":"required name=search_term_string"}],"inLanguage":"pt-BR"},{"@type":"Organization","@id":"https:\/\/portosma.com.br\/#organization","name":"Portosma","alternateName":"Portosma","url":"https:\/\/portosma.com.br\/","logo":{"@type":"ImageObject","inLanguage":"pt-BR","@id":"https:\/\/portosma.com.br\/#\/schema\/logo\/image\/","url":"https:\/\/portosma.com.br\/wp-content\/uploads\/2026\/03\/cropped-AD-PORTOSMA.jpg","contentUrl":"https:\/\/portosma.com.br\/wp-content\/uploads\/2026\/03\/cropped-AD-PORTOSMA.jpg","width":400,"height":115,"caption":"Portosma"},"image":{"@id":"https:\/\/portosma.com.br\/#\/schema\/logo\/image\/"}},{"@type":"Person","@id":"https:\/\/portosma.com.br\/#\/schema\/person\/fb92dfe283ab47293259c87c813d8623","name":"admin","sameAs":["https:\/\/portosma.com.br"],"url":"https:\/\/portosma.com.br\/index.php\/author\/portosma\/"}]}},"_links":{"self":[{"href":"https:\/\/portosma.com.br\/index.php\/wp-json\/wp\/v2\/posts\/4113","targetHints":{"allow":["GET"]}}],"collection":[{"href":"https:\/\/portosma.com.br\/index.php\/wp-json\/wp\/v2\/posts"}],"about":[{"href":"https:\/\/portosma.com.br\/index.php\/wp-json\/wp\/v2\/types\/post"}],"author":[{"embeddable":true,"href":"https:\/\/portosma.com.br\/index.php\/wp-json\/wp\/v2\/users\/1"}],"replies":[{"embeddable":true,"href":"https:\/\/portosma.com.br\/index.php\/wp-json\/wp\/v2\/comments?post=4113"}],"version-history":[{"count":4,"href":"https:\/\/portosma.com.br\/index.php\/wp-json\/wp\/v2\/posts\/4113\/revisions"}],"predecessor-version":[{"id":4122,"href":"https:\/\/portosma.com.br\/index.php\/wp-json\/wp\/v2\/posts\/4113\/revisions\/4122"}],"wp:attachment":[{"href":"https:\/\/portosma.com.br\/index.php\/wp-json\/wp\/v2\/media?parent=4113"}],"wp:term":[{"taxonomy":"category","embeddable":true,"href":"https:\/\/portosma.com.br\/index.php\/wp-json\/wp\/v2\/categories?post=4113"},{"taxonomy":"post_tag","embeddable":true,"href":"https:\/\/portosma.com.br\/index.php\/wp-json\/wp\/v2\/tags?post=4113"}],"curies":[{"name":"wp","href":"https:\/\/api.w.org\/{rel}","templated":true}]}}