{"id":4035,"date":"2022-01-07T22:43:04","date_gmt":"2022-01-07T22:43:04","guid":{"rendered":"https:\/\/portosma.com.br\/?p=4035"},"modified":"2023-02-07T22:52:49","modified_gmt":"2023-02-07T22:52:49","slug":"alumar-anuncia-retomada-de-sua-capacidade-total-de-producao-de-aluminio-e-alumina","status":"publish","type":"post","link":"https:\/\/portosma.com.br\/index.php\/2022\/01\/07\/alumar-anuncia-retomada-de-sua-capacidade-total-de-producao-de-aluminio-e-alumina\/","title":{"rendered":"Alumar anuncia retomada de sua capacidade total de produ\u00e7\u00e3o de alum\u00ednio e alumina"},"content":{"rendered":"<figure id=\"attachment_4036\" aria-describedby=\"caption-attachment-4036\" style=\"width: 450px\" class=\"wp-caption alignleft\"><img fetchpriority=\"high\" decoding=\"async\" class=\"wp-image-4036 size-full\" src=\"https:\/\/portosma.com.br\/wp-content\/uploads\/2023\/02\/AFOTO-PRODUCAO.jpg\" alt=\"\" width=\"450\" height=\"299\" srcset=\"https:\/\/portosma.com.br\/wp-content\/uploads\/2023\/02\/AFOTO-PRODUCAO.jpg 450w, https:\/\/portosma.com.br\/wp-content\/uploads\/2023\/02\/AFOTO-PRODUCAO-300x199.jpg 300w\" sizes=\"(max-width: 450px) 100vw, 450px\" \/><figcaption id=\"caption-attachment-4036\" class=\"wp-caption-text\">Vista a\u00e9rea da f\u00e1brica da Alumar, em S\u00e3o Lu\u00eds-MA<\/figcaption><\/figure>\n<p>O Cons\u00f3rcio de Alum\u00ednio do Maranh\u00e3o \u2013 ALUMAR anuncia a retomada de 100% de sua capacidade de produ\u00e7\u00e3o de alum\u00ednio. A South 32, empresa parceira no Cons\u00f3rcio, anunciou na noite de 5 de janeiro, que vai retomar os 40% de sua participa\u00e7\u00e3o na produ\u00e7\u00e3o de alum\u00ednio na planta. Com o an\u00fancio, a Alumar retoma 100% de sua capacidade de produ\u00e7\u00e3o, que ser\u00e1 de 447 mil toneladas m\u00e9tricas de alum\u00ednio por ano (mtpa). Ao todo, a reinicializa\u00e7\u00e3o envolver\u00e1 a contrata\u00e7\u00e3o de mais de 1.000 colaboradores, al\u00e9m de gerar 1.500 empregos indiretos na regi\u00e3o. Em setembro, a Alcoa, que ret\u00e9m 60% da Alumar, j\u00e1 havia anunciado a retomada de sua parte da produ\u00e7\u00e3o.<\/p>\n<p>O processo para o rein\u00edcio da produ\u00e7\u00e3o j\u00e1 come\u00e7ou. A entrega do primeiro lingote de alum\u00ednio est\u00e1 prevista para o segundo trimestre de 2022 e a capacidade total dever\u00e1 estar operacionalizada at\u00e9 mar\u00e7o de 2023 e abastecida com energia 100% renov\u00e1vel.<\/p>\n<p>\u201cAp\u00f3s um planejamento robusto, tenho orgulho em anunciar que retomaremos com 100% da nossa capacidade de produ\u00e7\u00e3o de alum\u00ednio\u201d, disse Helder Teixeira, Diretor da Alumar. \u201cA inclus\u00e3o da consorciada South 32, junto \u00e0 Alcoa, trar\u00e1 resultados expressivos em investimentos e gera\u00e7\u00e3o de emprego e renda para o Maranh\u00e3o, frutos do compromisso cont\u00ednuo com o pa\u00eds, governo e sociedade\u201d, concluiu.<\/p>\n<p>Walmer Rocha, Gerente da Redu\u00e7\u00e3o da Alumar, disse que a companhia est\u00e1 muito entusiasmada com todo o trabalho que j\u00e1 est\u00e1 em andamento. \u201cA produ\u00e7\u00e3o do primeiro lingote de alum\u00ednio est\u00e1 prevista para o segundo trimestre deste ano e, no in\u00edcio de 2023, chegaremos a plena capacidade com a produ\u00e7\u00e3o de 447 mil toneladas m\u00e9tricas de alum\u00ednio por ano. Alcan\u00e7aremos esse resultado com prioriza\u00e7\u00e3o da m\u00e3o de obra e empresas locais, qualifica\u00e7\u00e3o de nossos colaboradores e com excel\u00eancia operacional, contribuindo de forma destacada para a sustentabilidade financeira e ambiental de nossa companhia\u201d, finalizou.<\/p>\n<p>Sobre a Alumar &#8211; O Cons\u00f3rcio de Alum\u00ednio do Maranh\u00e3o &#8211; Alumar \u00e9 um dos maiores complexos industriais de produ\u00e7\u00e3o de alumina e alum\u00ednio do mundo. Inaugurado em julho de 1984, \u00e9 formado pelas empresas Alcoa, Rio Tinto e South32 e desempenha um papel importante no Maranh\u00e3o. Cerca de 90% de seus colaboradores s\u00e3o maranhenses, al\u00e9m de contar com centenas de fornecedores locais. O sistema de gest\u00e3o da Alumar \u00e9 integrado e engloba gest\u00f5es de qualidade, sa\u00fade, seguran\u00e7a e meio ambiente estabelecido com base nas normas NBR ISO 9001, NBR ISO 14001 e OHSAS 18001. Em 2019, obteve a certifica\u00e7\u00e3o ASI, (AluminiumStewardship Initiative), o mais importante Selo de Sustentabilidade na cadeia de valor do alum\u00ednio.-<\/p>\n<p><em>Lugar: PORTOSMA<\/em><br \/>\n<em>Fonte: AMG Comunica\u00e7\u00e3o<\/em><br \/>\n<em>Data da Noticia: 07\/01\/2022<\/em><\/p>\n","protected":false},"excerpt":{"rendered":"<p>A unidade deve gerar, ao todo, mais de 2.500 empregos diretos e indiretos no estado do Maranh\u00e3o.<\/p>\n","protected":false},"author":1,"featured_media":0,"comment_status":"closed","ping_status":"open","sticky":false,"template":"","format":"standard","meta":{"_editorskit_title_hidden":false,"_editorskit_reading_time":0,"_editorskit_is_block_options_detached":false,"_editorskit_block_options_position":"{}","ngg_post_thumbnail":0,"footnotes":""},"categories":[1],"tags":[],"class_list":["post-4035","post","type-post","status-publish","format-standard","hentry","category-noticias"],"yoast_head":"<!-- This site is optimized with the Yoast SEO plugin v22.5 - https:\/\/yoast.com\/wordpress\/plugins\/seo\/ -->\n<title>Alumar anuncia retomada de sua capacidade total de produ\u00e7\u00e3o de alum\u00ednio e alumina - Portosma<\/title>\n<meta name=\"robots\" content=\"index, follow, max-snippet:-1, max-image-preview:large, max-video-preview:-1\" \/>\n<link rel=\"canonical\" href=\"https:\/\/portosma.com.br\/index.php\/2022\/01\/07\/alumar-anuncia-retomada-de-sua-capacidade-total-de-producao-de-aluminio-e-alumina\/\" \/>\n<meta property=\"og:locale\" content=\"pt_BR\" \/>\n<meta property=\"og:type\" content=\"article\" \/>\n<meta property=\"og:title\" content=\"Alumar anuncia retomada de sua capacidade total de produ\u00e7\u00e3o de alum\u00ednio e alumina - Portosma\" \/>\n<meta property=\"og:description\" content=\"A unidade deve gerar, ao todo, mais de 2.500 empregos diretos e indiretos no estado do Maranh\u00e3o.\" \/>\n<meta property=\"og:url\" content=\"https:\/\/portosma.com.br\/index.php\/2022\/01\/07\/alumar-anuncia-retomada-de-sua-capacidade-total-de-producao-de-aluminio-e-alumina\/\" \/>\n<meta property=\"og:site_name\" content=\"Portosma\" \/>\n<meta property=\"article:published_time\" content=\"2022-01-07T22:43:04+00:00\" \/>\n<meta property=\"article:modified_time\" content=\"2023-02-07T22:52:49+00:00\" \/>\n<meta property=\"og:image\" content=\"https:\/\/portosma.com.br\/wp-content\/uploads\/2023\/02\/AFOTO-PRODUCAO.jpg\" \/>\n<meta name=\"author\" content=\"admin\" \/>\n<meta name=\"twitter:card\" content=\"summary_large_image\" \/>\n<meta name=\"twitter:label1\" content=\"Escrito por\" \/>\n\t<meta name=\"twitter:data1\" content=\"admin\" \/>\n\t<meta name=\"twitter:label2\" content=\"Est. tempo de leitura\" \/>\n\t<meta name=\"twitter:data2\" content=\"2 minutos\" \/>\n<script type=\"application\/ld+json\" class=\"yoast-schema-graph\">{\"@context\":\"https:\/\/schema.org\",\"@graph\":[{\"@type\":\"Article\",\"@id\":\"https:\/\/portosma.com.br\/index.php\/2022\/01\/07\/alumar-anuncia-retomada-de-sua-capacidade-total-de-producao-de-aluminio-e-alumina\/#article\",\"isPartOf\":{\"@id\":\"https:\/\/portosma.com.br\/index.php\/2022\/01\/07\/alumar-anuncia-retomada-de-sua-capacidade-total-de-producao-de-aluminio-e-alumina\/\"},\"author\":{\"name\":\"admin\",\"@id\":\"https:\/\/portosma.com.br\/#\/schema\/person\/fb92dfe283ab47293259c87c813d8623\"},\"headline\":\"Alumar anuncia retomada de sua capacidade total de produ\u00e7\u00e3o de alum\u00ednio e alumina\",\"datePublished\":\"2022-01-07T22:43:04+00:00\",\"dateModified\":\"2023-02-07T22:52:49+00:00\",\"mainEntityOfPage\":{\"@id\":\"https:\/\/portosma.com.br\/index.php\/2022\/01\/07\/alumar-anuncia-retomada-de-sua-capacidade-total-de-producao-de-aluminio-e-alumina\/\"},\"wordCount\":496,\"publisher\":{\"@id\":\"https:\/\/portosma.com.br\/#organization\"},\"image\":{\"@id\":\"https:\/\/portosma.com.br\/index.php\/2022\/01\/07\/alumar-anuncia-retomada-de-sua-capacidade-total-de-producao-de-aluminio-e-alumina\/#primaryimage\"},\"thumbnailUrl\":\"https:\/\/portosma.com.br\/wp-content\/uploads\/2023\/02\/AFOTO-PRODUCAO.jpg\",\"articleSection\":[\"Not\u00edcias\"],\"inLanguage\":\"pt-BR\"},{\"@type\":\"WebPage\",\"@id\":\"https:\/\/portosma.com.br\/index.php\/2022\/01\/07\/alumar-anuncia-retomada-de-sua-capacidade-total-de-producao-de-aluminio-e-alumina\/\",\"url\":\"https:\/\/portosma.com.br\/index.php\/2022\/01\/07\/alumar-anuncia-retomada-de-sua-capacidade-total-de-producao-de-aluminio-e-alumina\/\",\"name\":\"Alumar anuncia retomada de sua capacidade total de produ\u00e7\u00e3o de alum\u00ednio e alumina - Portosma\",\"isPartOf\":{\"@id\":\"https:\/\/portosma.com.br\/#website\"},\"primaryImageOfPage\":{\"@id\":\"https:\/\/portosma.com.br\/index.php\/2022\/01\/07\/alumar-anuncia-retomada-de-sua-capacidade-total-de-producao-de-aluminio-e-alumina\/#primaryimage\"},\"image\":{\"@id\":\"https:\/\/portosma.com.br\/index.php\/2022\/01\/07\/alumar-anuncia-retomada-de-sua-capacidade-total-de-producao-de-aluminio-e-alumina\/#primaryimage\"},\"thumbnailUrl\":\"https:\/\/portosma.com.br\/wp-content\/uploads\/2023\/02\/AFOTO-PRODUCAO.jpg\",\"datePublished\":\"2022-01-07T22:43:04+00:00\",\"dateModified\":\"2023-02-07T22:52:49+00:00\",\"breadcrumb\":{\"@id\":\"https:\/\/portosma.com.br\/index.php\/2022\/01\/07\/alumar-anuncia-retomada-de-sua-capacidade-total-de-producao-de-aluminio-e-alumina\/#breadcrumb\"},\"inLanguage\":\"pt-BR\",\"potentialAction\":[{\"@type\":\"ReadAction\",\"target\":[\"https:\/\/portosma.com.br\/index.php\/2022\/01\/07\/alumar-anuncia-retomada-de-sua-capacidade-total-de-producao-de-aluminio-e-alumina\/\"]}]},{\"@type\":\"ImageObject\",\"inLanguage\":\"pt-BR\",\"@id\":\"https:\/\/portosma.com.br\/index.php\/2022\/01\/07\/alumar-anuncia-retomada-de-sua-capacidade-total-de-producao-de-aluminio-e-alumina\/#primaryimage\",\"url\":\"https:\/\/portosma.com.br\/wp-content\/uploads\/2023\/02\/AFOTO-PRODUCAO.jpg\",\"contentUrl\":\"https:\/\/portosma.com.br\/wp-content\/uploads\/2023\/02\/AFOTO-PRODUCAO.jpg\",\"width\":450,\"height\":299},{\"@type\":\"BreadcrumbList\",\"@id\":\"https:\/\/portosma.com.br\/index.php\/2022\/01\/07\/alumar-anuncia-retomada-de-sua-capacidade-total-de-producao-de-aluminio-e-alumina\/#breadcrumb\",\"itemListElement\":[{\"@type\":\"ListItem\",\"position\":1,\"name\":\"In\u00edcio\",\"item\":\"https:\/\/portosma.com.br\/\"},{\"@type\":\"ListItem\",\"position\":2,\"name\":\"Alumar anuncia retomada de sua capacidade total de produ\u00e7\u00e3o de alum\u00ednio e alumina\"}]},{\"@type\":\"WebSite\",\"@id\":\"https:\/\/portosma.com.br\/#website\",\"url\":\"https:\/\/portosma.com.br\/\",\"name\":\"Portosma\",\"description\":\"Um site de not\u00edcias\",\"publisher\":{\"@id\":\"https:\/\/portosma.com.br\/#organization\"},\"potentialAction\":[{\"@type\":\"SearchAction\",\"target\":{\"@type\":\"EntryPoint\",\"urlTemplate\":\"https:\/\/portosma.com.br\/?s={search_term_string}\"},\"query-input\":\"required name=search_term_string\"}],\"inLanguage\":\"pt-BR\"},{\"@type\":\"Organization\",\"@id\":\"https:\/\/portosma.com.br\/#organization\",\"name\":\"Portosma\",\"alternateName\":\"Portosma\",\"url\":\"https:\/\/portosma.com.br\/\",\"logo\":{\"@type\":\"ImageObject\",\"inLanguage\":\"pt-BR\",\"@id\":\"https:\/\/portosma.com.br\/#\/schema\/logo\/image\/\",\"url\":\"https:\/\/portosma.com.br\/wp-content\/uploads\/2026\/03\/cropped-AD-PORTOSMA.jpg\",\"contentUrl\":\"https:\/\/portosma.com.br\/wp-content\/uploads\/2026\/03\/cropped-AD-PORTOSMA.jpg\",\"width\":400,\"height\":115,\"caption\":\"Portosma\"},\"image\":{\"@id\":\"https:\/\/portosma.com.br\/#\/schema\/logo\/image\/\"}},{\"@type\":\"Person\",\"@id\":\"https:\/\/portosma.com.br\/#\/schema\/person\/fb92dfe283ab47293259c87c813d8623\",\"name\":\"admin\",\"sameAs\":[\"https:\/\/portosma.com.br\"],\"url\":\"https:\/\/portosma.com.br\/index.php\/author\/portosma\/\"}]}<\/script>\n<!-- \/ Yoast SEO plugin. -->","yoast_head_json":{"title":"Alumar anuncia retomada de sua capacidade total de produ\u00e7\u00e3o de alum\u00ednio e alumina - Portosma","robots":{"index":"index","follow":"follow","max-snippet":"max-snippet:-1","max-image-preview":"max-image-preview:large","max-video-preview":"max-video-preview:-1"},"canonical":"https:\/\/portosma.com.br\/index.php\/2022\/01\/07\/alumar-anuncia-retomada-de-sua-capacidade-total-de-producao-de-aluminio-e-alumina\/","og_locale":"pt_BR","og_type":"article","og_title":"Alumar anuncia retomada de sua capacidade total de produ\u00e7\u00e3o de alum\u00ednio e alumina - Portosma","og_description":"A unidade deve gerar, ao todo, mais de 2.500 empregos diretos e indiretos no estado do Maranh\u00e3o.","og_url":"https:\/\/portosma.com.br\/index.php\/2022\/01\/07\/alumar-anuncia-retomada-de-sua-capacidade-total-de-producao-de-aluminio-e-alumina\/","og_site_name":"Portosma","article_published_time":"2022-01-07T22:43:04+00:00","article_modified_time":"2023-02-07T22:52:49+00:00","og_image":[{"url":"https:\/\/portosma.com.br\/wp-content\/uploads\/2023\/02\/AFOTO-PRODUCAO.jpg"}],"author":"admin","twitter_card":"summary_large_image","twitter_misc":{"Escrito por":"admin","Est. tempo de leitura":"2 minutos"},"schema":{"@context":"https:\/\/schema.org","@graph":[{"@type":"Article","@id":"https:\/\/portosma.com.br\/index.php\/2022\/01\/07\/alumar-anuncia-retomada-de-sua-capacidade-total-de-producao-de-aluminio-e-alumina\/#article","isPartOf":{"@id":"https:\/\/portosma.com.br\/index.php\/2022\/01\/07\/alumar-anuncia-retomada-de-sua-capacidade-total-de-producao-de-aluminio-e-alumina\/"},"author":{"name":"admin","@id":"https:\/\/portosma.com.br\/#\/schema\/person\/fb92dfe283ab47293259c87c813d8623"},"headline":"Alumar anuncia retomada de sua capacidade total de produ\u00e7\u00e3o de alum\u00ednio e alumina","datePublished":"2022-01-07T22:43:04+00:00","dateModified":"2023-02-07T22:52:49+00:00","mainEntityOfPage":{"@id":"https:\/\/portosma.com.br\/index.php\/2022\/01\/07\/alumar-anuncia-retomada-de-sua-capacidade-total-de-producao-de-aluminio-e-alumina\/"},"wordCount":496,"publisher":{"@id":"https:\/\/portosma.com.br\/#organization"},"image":{"@id":"https:\/\/portosma.com.br\/index.php\/2022\/01\/07\/alumar-anuncia-retomada-de-sua-capacidade-total-de-producao-de-aluminio-e-alumina\/#primaryimage"},"thumbnailUrl":"https:\/\/portosma.com.br\/wp-content\/uploads\/2023\/02\/AFOTO-PRODUCAO.jpg","articleSection":["Not\u00edcias"],"inLanguage":"pt-BR"},{"@type":"WebPage","@id":"https:\/\/portosma.com.br\/index.php\/2022\/01\/07\/alumar-anuncia-retomada-de-sua-capacidade-total-de-producao-de-aluminio-e-alumina\/","url":"https:\/\/portosma.com.br\/index.php\/2022\/01\/07\/alumar-anuncia-retomada-de-sua-capacidade-total-de-producao-de-aluminio-e-alumina\/","name":"Alumar anuncia retomada de sua capacidade total de produ\u00e7\u00e3o de alum\u00ednio e alumina - Portosma","isPartOf":{"@id":"https:\/\/portosma.com.br\/#website"},"primaryImageOfPage":{"@id":"https:\/\/portosma.com.br\/index.php\/2022\/01\/07\/alumar-anuncia-retomada-de-sua-capacidade-total-de-producao-de-aluminio-e-alumina\/#primaryimage"},"image":{"@id":"https:\/\/portosma.com.br\/index.php\/2022\/01\/07\/alumar-anuncia-retomada-de-sua-capacidade-total-de-producao-de-aluminio-e-alumina\/#primaryimage"},"thumbnailUrl":"https:\/\/portosma.com.br\/wp-content\/uploads\/2023\/02\/AFOTO-PRODUCAO.jpg","datePublished":"2022-01-07T22:43:04+00:00","dateModified":"2023-02-07T22:52:49+00:00","breadcrumb":{"@id":"https:\/\/portosma.com.br\/index.php\/2022\/01\/07\/alumar-anuncia-retomada-de-sua-capacidade-total-de-producao-de-aluminio-e-alumina\/#breadcrumb"},"inLanguage":"pt-BR","potentialAction":[{"@type":"ReadAction","target":["https:\/\/portosma.com.br\/index.php\/2022\/01\/07\/alumar-anuncia-retomada-de-sua-capacidade-total-de-producao-de-aluminio-e-alumina\/"]}]},{"@type":"ImageObject","inLanguage":"pt-BR","@id":"https:\/\/portosma.com.br\/index.php\/2022\/01\/07\/alumar-anuncia-retomada-de-sua-capacidade-total-de-producao-de-aluminio-e-alumina\/#primaryimage","url":"https:\/\/portosma.com.br\/wp-content\/uploads\/2023\/02\/AFOTO-PRODUCAO.jpg","contentUrl":"https:\/\/portosma.com.br\/wp-content\/uploads\/2023\/02\/AFOTO-PRODUCAO.jpg","width":450,"height":299},{"@type":"BreadcrumbList","@id":"https:\/\/portosma.com.br\/index.php\/2022\/01\/07\/alumar-anuncia-retomada-de-sua-capacidade-total-de-producao-de-aluminio-e-alumina\/#breadcrumb","itemListElement":[{"@type":"ListItem","position":1,"name":"In\u00edcio","item":"https:\/\/portosma.com.br\/"},{"@type":"ListItem","position":2,"name":"Alumar anuncia retomada de sua capacidade total de produ\u00e7\u00e3o de alum\u00ednio e alumina"}]},{"@type":"WebSite","@id":"https:\/\/portosma.com.br\/#website","url":"https:\/\/portosma.com.br\/","name":"Portosma","description":"Um site de not\u00edcias","publisher":{"@id":"https:\/\/portosma.com.br\/#organization"},"potentialAction":[{"@type":"SearchAction","target":{"@type":"EntryPoint","urlTemplate":"https:\/\/portosma.com.br\/?s={search_term_string}"},"query-input":"required name=search_term_string"}],"inLanguage":"pt-BR"},{"@type":"Organization","@id":"https:\/\/portosma.com.br\/#organization","name":"Portosma","alternateName":"Portosma","url":"https:\/\/portosma.com.br\/","logo":{"@type":"ImageObject","inLanguage":"pt-BR","@id":"https:\/\/portosma.com.br\/#\/schema\/logo\/image\/","url":"https:\/\/portosma.com.br\/wp-content\/uploads\/2026\/03\/cropped-AD-PORTOSMA.jpg","contentUrl":"https:\/\/portosma.com.br\/wp-content\/uploads\/2026\/03\/cropped-AD-PORTOSMA.jpg","width":400,"height":115,"caption":"Portosma"},"image":{"@id":"https:\/\/portosma.com.br\/#\/schema\/logo\/image\/"}},{"@type":"Person","@id":"https:\/\/portosma.com.br\/#\/schema\/person\/fb92dfe283ab47293259c87c813d8623","name":"admin","sameAs":["https:\/\/portosma.com.br"],"url":"https:\/\/portosma.com.br\/index.php\/author\/portosma\/"}]}},"_links":{"self":[{"href":"https:\/\/portosma.com.br\/index.php\/wp-json\/wp\/v2\/posts\/4035","targetHints":{"allow":["GET"]}}],"collection":[{"href":"https:\/\/portosma.com.br\/index.php\/wp-json\/wp\/v2\/posts"}],"about":[{"href":"https:\/\/portosma.com.br\/index.php\/wp-json\/wp\/v2\/types\/post"}],"author":[{"embeddable":true,"href":"https:\/\/portosma.com.br\/index.php\/wp-json\/wp\/v2\/users\/1"}],"replies":[{"embeddable":true,"href":"https:\/\/portosma.com.br\/index.php\/wp-json\/wp\/v2\/comments?post=4035"}],"version-history":[{"count":1,"href":"https:\/\/portosma.com.br\/index.php\/wp-json\/wp\/v2\/posts\/4035\/revisions"}],"predecessor-version":[{"id":4037,"href":"https:\/\/portosma.com.br\/index.php\/wp-json\/wp\/v2\/posts\/4035\/revisions\/4037"}],"wp:attachment":[{"href":"https:\/\/portosma.com.br\/index.php\/wp-json\/wp\/v2\/media?parent=4035"}],"wp:term":[{"taxonomy":"category","embeddable":true,"href":"https:\/\/portosma.com.br\/index.php\/wp-json\/wp\/v2\/categories?post=4035"},{"taxonomy":"post_tag","embeddable":true,"href":"https:\/\/portosma.com.br\/index.php\/wp-json\/wp\/v2\/tags?post=4035"}],"curies":[{"name":"wp","href":"https:\/\/api.w.org\/{rel}","templated":true}]}}