{"id":4026,"date":"2021-02-02T22:35:47","date_gmt":"2021-02-02T22:35:47","guid":{"rendered":"https:\/\/portosma.com.br\/?p=4026"},"modified":"2023-02-07T22:54:52","modified_gmt":"2023-02-07T22:54:52","slug":"marinha-e-capitania-do-ma-realizam-cerimonia-de-outorga-de-medalhas-almirante-tamandare","status":"publish","type":"post","link":"https:\/\/portosma.com.br\/index.php\/2021\/02\/02\/marinha-e-capitania-do-ma-realizam-cerimonia-de-outorga-de-medalhas-almirante-tamandare\/","title":{"rendered":"Marinha e Capitania do MA realizam cerim\u00f4nia de outorga de medalhas Almirante Tamandar\u00e9"},"content":{"rendered":"<p>&nbsp;&nbsp;<img fetchpriority=\"high\" decoding=\"async\" class=\"alignnone wp-image-4029 size-full\" src=\"https:\/\/portosma.com.br\/wp-content\/uploads\/2023\/02\/AFOTO-TAMANDARE-3.jpg\" alt=\"\" width=\"900\" height=\"249\" srcset=\"https:\/\/portosma.com.br\/wp-content\/uploads\/2023\/02\/AFOTO-TAMANDARE-3.jpg 900w, https:\/\/portosma.com.br\/wp-content\/uploads\/2023\/02\/AFOTO-TAMANDARE-3-300x83.jpg 300w, https:\/\/portosma.com.br\/wp-content\/uploads\/2023\/02\/AFOTO-TAMANDARE-3-768x212.jpg 768w\" sizes=\"(max-width: 900px) 100vw, 900px\" \/><\/p>\n<p>Em mais uma solenidade c\u00edvico-militar que a Marinha do Brasil, atrav\u00e9s da sua Capitania no Maranh\u00e3o, realiza na cidade de S\u00e3o Lu\u00eds, tr\u00eas personalidades da vida p\u00fablica, militar e social foram agraciadas com a Medalha do M\u00e9rito Tamandar\u00e9. A cerim\u00f4nia, que contou com a presen\u00e7a do Comandante Porto, Capit\u00e3o dos Portos do Maranh\u00e3o, foi presidida pelo Senhor Vice-Almirante Valter Citavicius Filho, Comandante do IV Distrito Naval, ao qual, a Capitania dos Portos maranhense \u00e9 subordinada.<\/p>\n<p>Criada pelo Decreto N\u00ba 42.411, de 20 de agosto de 1957, a Medalha M\u00e9rito Tamandar\u00e9 destina-se a agraciar as autoridades, institui\u00e7\u00f5es e personalidades civis e militares, brasileiras ou estrangeiras, que tenham prestado relevantes servi\u00e7os, na divulga\u00e7\u00e3o ou no fortalecimento das tradi\u00e7\u00f5es na Marinha do Brasil, honrando seus feitos ou real\u00e7ando seus vultos hist\u00f3ricos. A Cerim\u00f4nia come\u00e7ou com a execu\u00e7\u00e3o do Hino Nacional Brasileiro pela Banda de M\u00fasica da Guarda Municipal de S\u00e3o Lu\u00eds, sob a reg\u00eancia da Sub-Inspetora Maria Auxiliadora.<\/p>\n<p><img decoding=\"async\" class=\"alignnone wp-image-4027 size-full\" src=\"https:\/\/portosma.com.br\/wp-content\/uploads\/2023\/02\/AFOTO-TAMANDARE-1.jpg\" alt=\"\" width=\"900\" height=\"355\" srcset=\"https:\/\/portosma.com.br\/wp-content\/uploads\/2023\/02\/AFOTO-TAMANDARE-1.jpg 900w, https:\/\/portosma.com.br\/wp-content\/uploads\/2023\/02\/AFOTO-TAMANDARE-1-300x118.jpg 300w, https:\/\/portosma.com.br\/wp-content\/uploads\/2023\/02\/AFOTO-TAMANDARE-1-768x303.jpg 768w\" sizes=\"(max-width: 900px) 100vw, 900px\" \/><\/p>\n<p>Em seguida coube ao pr\u00f3prio Vice-Almirante Valter Citavicius Filho fazer a aposi\u00e7\u00e3o das medalhas aos tr\u00eas agraciados do dia: Capit\u00e3o de Mar-e-Guerra Carlos Alberto Santos Ramos; Dr. Fabr\u00edcio Santos Dias e Joubert Jos\u00e9 Salgado Filho, (in mem\u00f3rian), presidente da Sociedade Amigos da Marinha do Maranh\u00e3o, na oportunidade, representado pela sua esposa Ana Karine.<\/p>\n<p><span style=\"color: #993300;\"><strong>A cerim\u00f4nia prosseguiu com a fala do Comandante do IV DN, que proferiu o seguinte discurso:<\/strong><\/span><\/p>\n<p><em style=\"font-size: 16px;\">Nesta manh\u00e3 a Marinha do Brasil, secular institui\u00e7\u00e3o nacional, rende justo tributo \u00e0queles que, por meio de a\u00e7\u00f5es e atitudes sagraram-se merecedores da insigne Medalha M\u00e9rito Tamandar\u00e9.<\/em><em>Vale destacar que a personalidade a qual batiza a importante comenda \u00e9 um exemplo de conduta e serve de farol para cada brasileiro c\u00f4nscio de seu dever. Evidente que me refiro ao Almirante Joaquim Marques Lisboa, o Marqu\u00eas de Tamandar\u00e9, Patrono da Marinha do Brasil, o qual traduz, com a notoriedade de sua biografia, um inequ\u00edvoco sentimento de devo\u00e7\u00e3o ao Pa\u00eds.<\/em><\/p>\n<p><em>Em fun\u00e7\u00e3o do exposto, cumprimento ao Capit\u00e3o de Mar e Guerra CARLOS ALBERTO SANTOS RAMOS, grande incentivador e divulgador dos assuntos mar\u00edtimos. Al\u00e9m de not\u00f3rio conhecedor da Hist\u00f3ria Naval, o experiente Oficial contribui para a consolida\u00e7\u00e3o das tradi\u00e7\u00f5es desta For\u00e7a junto \u00e0 comunidade mar\u00edtima local.<\/em><\/p>\n<p><em>Ainda no tema, parabenizo o Senhor FABR\u00cdCIO SANTOS DIAS, Procurador-Chefe da Uni\u00e3o neste Estado, personalidade proeminente na sociedade maranhense. No exerc\u00edcio do cargo, demonstrou inequ\u00edvoca ades\u00e3o aos princ\u00edpios que norteiam a Marinha do Brasil, bem como auxilia-nos na persecu\u00e7\u00e3o das nossas atribui\u00e7\u00f5es constitucionais em prol do bem comum.<\/em><\/p>\n<p><em style=\"font-size: 14px;\"><span style=\"font-size: 16px;\">Em especial, presto homenagem ao Senhor JOBERT JOS\u00c9 SALGADO FILHO (in memoriam), por interm\u00e9dio de sua esposa ANA KARINE. Senhora, o seu marido esteve engajado em diversos assuntos relevantes para a nossa Institui\u00e7\u00e3o neste estado, sempre atento e disposto a nos ajudar. Adicionalmente, como Presidente da Sociedade Amigos da Marinha no estado do Maranh\u00e3o, reorganizou a estrutura f\u00edsica do Museu da SOAMAR-MA, aprimorou a divulga\u00e7\u00e3o das atividades da For\u00e7a Naval na regi\u00e3o e promoveu campanhas c\u00edvico-sociais em favor da fam\u00edlia naval e da sociedade maranhense. Em raz\u00e3o disso, manifesto meu sentimento de gratid\u00e3o por tudo que ele fez por nossa Marinha.<\/span><\/em><\/p>\n<figure id=\"attachment_4028\" aria-describedby=\"caption-attachment-4028\" style=\"width: 900px\" class=\"wp-caption alignnone\"><img decoding=\"async\" class=\"wp-image-4028 size-full\" src=\"https:\/\/portosma.com.br\/wp-content\/uploads\/2023\/02\/AFOTO-TAMANDARE-2.jpg\" alt=\"\" width=\"900\" height=\"245\" srcset=\"https:\/\/portosma.com.br\/wp-content\/uploads\/2023\/02\/AFOTO-TAMANDARE-2.jpg 900w, https:\/\/portosma.com.br\/wp-content\/uploads\/2023\/02\/AFOTO-TAMANDARE-2-300x82.jpg 300w, https:\/\/portosma.com.br\/wp-content\/uploads\/2023\/02\/AFOTO-TAMANDARE-2-768x209.jpg 768w\" sizes=\"(max-width: 900px) 100vw, 900px\" \/><figcaption id=\"caption-attachment-4028\" class=\"wp-caption-text\"><span style=\"color: #993300;\"><em><strong>VA Valter, no momento do seu discurso na solenidade e posando entre Karina e o Capit\u00e3o dos Portos<\/strong><\/em><\/span><\/figcaption><\/figure>\n<p><em>Assim, concito os presentes a continuarem na \u00e1rdua miss\u00e3o de fortalecer a mentalidade mar\u00edtima e fluvial junto \u00e0 sociedade brasileira, ressaltando a particular conex\u00e3o entre a Amaz\u00f4nia Azul e os p\u00f3los de produ\u00e7\u00e3o existente em todo o arco norte.<\/em><\/p>\n<p><em>Desta feita, \u00e9 cedi\u00e7o que a economia azul assume protagonismo no contexto nacional com aproximadamente 95% de todo com\u00e9rcio mundial. Desse significativo montante, uma consider\u00e1vel parcela da riqueza produzida navega pelo imenso e peculiar litoral deste estado. Logo, trata-se de um patrim\u00f4nio valioso que merece a aten\u00e7\u00e3o do povo brasileiro e de nossos representantes constitu\u00eddos.<\/em><\/p>\n<p><em>Por derradeiro, ao finalizar minhas palavras, destaco que n\u00f3s estamos em um mesmo barco e relembro uma das inesquec\u00edveis frases do Almirante Tamandar\u00e9: \u201cSou Marinheiro e outra coisa n\u00e3o quero ser\u201d! <\/em><strong>Viva a Marinha! <\/strong>(finalizou).<\/p>\n<p>Como um dos homenageados, o Comandante Ramos, que j\u00e1 comandou a Capitania dos Portos do Maranh\u00e3o nos anos de 1994\/92, agradeceu a homenagem se referindo especialmente aos Comandantes Porto e Valter Citavicius. \u201cSer agraciado com essa medalha considero uma honra e uma defer\u00eancia toda especial para com o prop\u00f3sito, pois o nosso Almirante Tamandar\u00e9 foi e ser\u00e1 sempre um l\u00edder e um chefe naval de renome nacional e internacional, tendo em vista que sua vida foi dedicada as cousas e assunto do mar, em especial a nossa marinha a quem tanto enobrece\u201d. Afirmou o Comandante Ramos que seguiu dizendo \u201cque gostaria de registrar, tamb\u00e9m, que o nosso Almirante Tamandar\u00e9, ent\u00e3o Capit\u00e3o Tenente da Marinha Imperial Brasileira, esteve por cerca de tr\u00eas anos no Maranh\u00e3o, de 1839 a 1841, comandando uma for\u00e7a naval de 15 navios em apoio log\u00edstico e prote\u00e7\u00e3o naval das for\u00e7as imperiais, comandadas pelo ent\u00e3o Coronel Luiz Alves de Lima e Silva, futuro Duque de Caxias, na Guerra das Balaiadas\u201d, finalizou.<\/p>\n<p><img loading=\"lazy\" decoding=\"async\" class=\"alignnone wp-image-4030 size-full\" src=\"https:\/\/portosma.com.br\/wp-content\/uploads\/2023\/02\/AFOTO-TAMANDARE-4.jpg\" alt=\"\" width=\"900\" height=\"242\" srcset=\"https:\/\/portosma.com.br\/wp-content\/uploads\/2023\/02\/AFOTO-TAMANDARE-4.jpg 900w, https:\/\/portosma.com.br\/wp-content\/uploads\/2023\/02\/AFOTO-TAMANDARE-4-300x81.jpg 300w, https:\/\/portosma.com.br\/wp-content\/uploads\/2023\/02\/AFOTO-TAMANDARE-4-768x207.jpg 768w\" sizes=\"(max-width: 900px) 100vw, 900px\" \/><\/p>\n<p>O CMG Ramos dedicou a Medalha a toda sua fam\u00edlia e todas as tripula\u00e7\u00f5es das OM da Marinha, onde serviu por mais de cinquenta e seis anos. \u201cSou Marinheiro e nada mais quero ser\u201d, ainda falou, parafraseando o Almirante Tamandar\u00e9 em sua frase mais c\u00e9lebre.<\/p>\n<p>A cerim\u00f4nia aconteceu na sede campestre da Marinha do Brasil, no Jenipapeiro, e teve como vogal a Tenente Camila. O Comandante do IV Distrito Naval ainda visitou a sede social da Soamar-MA, onde conheceu a Sala das Armas, o Museu Naval, e recebeu, da mesma forma que o Comandante Porto, das m\u00e3os do presidente da entidade Senhor S\u00edlvio Aguiar, um exemplar do livro \u201cDescobrimento Mar\u00edtimo &amp; Hist\u00f3rias do Maranh\u00e3o\u201d, do escritor e ex-diretor da Codomar &#8211; Companhia Docas do Maranh\u00e3o, Bento Moreira Lima.<\/p>\n<p><em>Lugar: PORTOSMA<\/em><br \/>\n<em>Fonte: Reda\u00e7\u00e3o<\/em><br \/>\n<em>Data da Noticia: 02\/02\/2021<\/em><\/p>\n","protected":false},"excerpt":{"rendered":"<p>Foram agraciados o Comandante Ramos, Fabr\u00edcio dos Santos Dias e Jobert Jos\u00e9 Salgador Filho (In memorian).<\/p>\n","protected":false},"author":1,"featured_media":0,"comment_status":"closed","ping_status":"open","sticky":false,"template":"","format":"standard","meta":{"_editorskit_title_hidden":false,"_editorskit_reading_time":0,"_editorskit_is_block_options_detached":false,"_editorskit_block_options_position":"{}","ngg_post_thumbnail":0,"footnotes":""},"categories":[1],"tags":[],"class_list":["post-4026","post","type-post","status-publish","format-standard","hentry","category-noticias"],"yoast_head":"<!-- This site is optimized with the Yoast SEO plugin v22.5 - https:\/\/yoast.com\/wordpress\/plugins\/seo\/ -->\n<title>Marinha e Capitania do MA realizam cerim\u00f4nia de outorga de medalhas Almirante Tamandar\u00e9 - Portosma<\/title>\n<meta name=\"robots\" content=\"index, follow, max-snippet:-1, max-image-preview:large, max-video-preview:-1\" \/>\n<link rel=\"canonical\" href=\"https:\/\/portosma.com.br\/index.php\/2021\/02\/02\/marinha-e-capitania-do-ma-realizam-cerimonia-de-outorga-de-medalhas-almirante-tamandare\/\" \/>\n<meta property=\"og:locale\" content=\"pt_BR\" \/>\n<meta property=\"og:type\" content=\"article\" \/>\n<meta property=\"og:title\" content=\"Marinha e Capitania do MA realizam cerim\u00f4nia de outorga de medalhas Almirante Tamandar\u00e9 - Portosma\" \/>\n<meta property=\"og:description\" content=\"Foram agraciados o Comandante Ramos, Fabr\u00edcio dos Santos Dias e Jobert Jos\u00e9 Salgador Filho (In memorian).\" \/>\n<meta property=\"og:url\" content=\"https:\/\/portosma.com.br\/index.php\/2021\/02\/02\/marinha-e-capitania-do-ma-realizam-cerimonia-de-outorga-de-medalhas-almirante-tamandare\/\" \/>\n<meta property=\"og:site_name\" content=\"Portosma\" \/>\n<meta property=\"article:published_time\" content=\"2021-02-02T22:35:47+00:00\" \/>\n<meta property=\"article:modified_time\" content=\"2023-02-07T22:54:52+00:00\" \/>\n<meta property=\"og:image\" content=\"https:\/\/portosma.com.br\/wp-content\/uploads\/2023\/02\/AFOTO-TAMANDARE-3.jpg\" \/>\n<meta name=\"author\" content=\"admin\" \/>\n<meta name=\"twitter:card\" content=\"summary_large_image\" \/>\n<meta name=\"twitter:label1\" content=\"Escrito por\" \/>\n\t<meta name=\"twitter:data1\" content=\"admin\" \/>\n\t<meta name=\"twitter:label2\" content=\"Est. tempo de leitura\" \/>\n\t<meta name=\"twitter:data2\" content=\"5 minutos\" \/>\n<script type=\"application\/ld+json\" class=\"yoast-schema-graph\">{\"@context\":\"https:\/\/schema.org\",\"@graph\":[{\"@type\":\"Article\",\"@id\":\"https:\/\/portosma.com.br\/index.php\/2021\/02\/02\/marinha-e-capitania-do-ma-realizam-cerimonia-de-outorga-de-medalhas-almirante-tamandare\/#article\",\"isPartOf\":{\"@id\":\"https:\/\/portosma.com.br\/index.php\/2021\/02\/02\/marinha-e-capitania-do-ma-realizam-cerimonia-de-outorga-de-medalhas-almirante-tamandare\/\"},\"author\":{\"name\":\"admin\",\"@id\":\"https:\/\/portosma.com.br\/#\/schema\/person\/fb92dfe283ab47293259c87c813d8623\"},\"headline\":\"Marinha e Capitania do MA realizam cerim\u00f4nia de outorga de medalhas Almirante Tamandar\u00e9\",\"datePublished\":\"2021-02-02T22:35:47+00:00\",\"dateModified\":\"2023-02-07T22:54:52+00:00\",\"mainEntityOfPage\":{\"@id\":\"https:\/\/portosma.com.br\/index.php\/2021\/02\/02\/marinha-e-capitania-do-ma-realizam-cerimonia-de-outorga-de-medalhas-almirante-tamandare\/\"},\"wordCount\":1073,\"publisher\":{\"@id\":\"https:\/\/portosma.com.br\/#organization\"},\"image\":{\"@id\":\"https:\/\/portosma.com.br\/index.php\/2021\/02\/02\/marinha-e-capitania-do-ma-realizam-cerimonia-de-outorga-de-medalhas-almirante-tamandare\/#primaryimage\"},\"thumbnailUrl\":\"https:\/\/portosma.com.br\/wp-content\/uploads\/2023\/02\/AFOTO-TAMANDARE-3.jpg\",\"articleSection\":[\"Not\u00edcias\"],\"inLanguage\":\"pt-BR\"},{\"@type\":\"WebPage\",\"@id\":\"https:\/\/portosma.com.br\/index.php\/2021\/02\/02\/marinha-e-capitania-do-ma-realizam-cerimonia-de-outorga-de-medalhas-almirante-tamandare\/\",\"url\":\"https:\/\/portosma.com.br\/index.php\/2021\/02\/02\/marinha-e-capitania-do-ma-realizam-cerimonia-de-outorga-de-medalhas-almirante-tamandare\/\",\"name\":\"Marinha e Capitania do MA realizam cerim\u00f4nia de outorga de medalhas Almirante Tamandar\u00e9 - Portosma\",\"isPartOf\":{\"@id\":\"https:\/\/portosma.com.br\/#website\"},\"primaryImageOfPage\":{\"@id\":\"https:\/\/portosma.com.br\/index.php\/2021\/02\/02\/marinha-e-capitania-do-ma-realizam-cerimonia-de-outorga-de-medalhas-almirante-tamandare\/#primaryimage\"},\"image\":{\"@id\":\"https:\/\/portosma.com.br\/index.php\/2021\/02\/02\/marinha-e-capitania-do-ma-realizam-cerimonia-de-outorga-de-medalhas-almirante-tamandare\/#primaryimage\"},\"thumbnailUrl\":\"https:\/\/portosma.com.br\/wp-content\/uploads\/2023\/02\/AFOTO-TAMANDARE-3.jpg\",\"datePublished\":\"2021-02-02T22:35:47+00:00\",\"dateModified\":\"2023-02-07T22:54:52+00:00\",\"breadcrumb\":{\"@id\":\"https:\/\/portosma.com.br\/index.php\/2021\/02\/02\/marinha-e-capitania-do-ma-realizam-cerimonia-de-outorga-de-medalhas-almirante-tamandare\/#breadcrumb\"},\"inLanguage\":\"pt-BR\",\"potentialAction\":[{\"@type\":\"ReadAction\",\"target\":[\"https:\/\/portosma.com.br\/index.php\/2021\/02\/02\/marinha-e-capitania-do-ma-realizam-cerimonia-de-outorga-de-medalhas-almirante-tamandare\/\"]}]},{\"@type\":\"ImageObject\",\"inLanguage\":\"pt-BR\",\"@id\":\"https:\/\/portosma.com.br\/index.php\/2021\/02\/02\/marinha-e-capitania-do-ma-realizam-cerimonia-de-outorga-de-medalhas-almirante-tamandare\/#primaryimage\",\"url\":\"https:\/\/portosma.com.br\/wp-content\/uploads\/2023\/02\/AFOTO-TAMANDARE-3.jpg\",\"contentUrl\":\"https:\/\/portosma.com.br\/wp-content\/uploads\/2023\/02\/AFOTO-TAMANDARE-3.jpg\",\"width\":900,\"height\":249},{\"@type\":\"BreadcrumbList\",\"@id\":\"https:\/\/portosma.com.br\/index.php\/2021\/02\/02\/marinha-e-capitania-do-ma-realizam-cerimonia-de-outorga-de-medalhas-almirante-tamandare\/#breadcrumb\",\"itemListElement\":[{\"@type\":\"ListItem\",\"position\":1,\"name\":\"In\u00edcio\",\"item\":\"https:\/\/portosma.com.br\/\"},{\"@type\":\"ListItem\",\"position\":2,\"name\":\"Marinha e Capitania do MA realizam cerim\u00f4nia de outorga de medalhas Almirante Tamandar\u00e9\"}]},{\"@type\":\"WebSite\",\"@id\":\"https:\/\/portosma.com.br\/#website\",\"url\":\"https:\/\/portosma.com.br\/\",\"name\":\"Portosma\",\"description\":\"Um site de not\u00edcias\",\"publisher\":{\"@id\":\"https:\/\/portosma.com.br\/#organization\"},\"potentialAction\":[{\"@type\":\"SearchAction\",\"target\":{\"@type\":\"EntryPoint\",\"urlTemplate\":\"https:\/\/portosma.com.br\/?s={search_term_string}\"},\"query-input\":\"required name=search_term_string\"}],\"inLanguage\":\"pt-BR\"},{\"@type\":\"Organization\",\"@id\":\"https:\/\/portosma.com.br\/#organization\",\"name\":\"Portosma\",\"alternateName\":\"Portosma\",\"url\":\"https:\/\/portosma.com.br\/\",\"logo\":{\"@type\":\"ImageObject\",\"inLanguage\":\"pt-BR\",\"@id\":\"https:\/\/portosma.com.br\/#\/schema\/logo\/image\/\",\"url\":\"https:\/\/portosma.com.br\/wp-content\/uploads\/2026\/03\/cropped-AD-PORTOSMA.jpg\",\"contentUrl\":\"https:\/\/portosma.com.br\/wp-content\/uploads\/2026\/03\/cropped-AD-PORTOSMA.jpg\",\"width\":400,\"height\":115,\"caption\":\"Portosma\"},\"image\":{\"@id\":\"https:\/\/portosma.com.br\/#\/schema\/logo\/image\/\"}},{\"@type\":\"Person\",\"@id\":\"https:\/\/portosma.com.br\/#\/schema\/person\/fb92dfe283ab47293259c87c813d8623\",\"name\":\"admin\",\"sameAs\":[\"https:\/\/portosma.com.br\"],\"url\":\"https:\/\/portosma.com.br\/index.php\/author\/portosma\/\"}]}<\/script>\n<!-- \/ Yoast SEO plugin. -->","yoast_head_json":{"title":"Marinha e Capitania do MA realizam cerim\u00f4nia de outorga de medalhas Almirante Tamandar\u00e9 - Portosma","robots":{"index":"index","follow":"follow","max-snippet":"max-snippet:-1","max-image-preview":"max-image-preview:large","max-video-preview":"max-video-preview:-1"},"canonical":"https:\/\/portosma.com.br\/index.php\/2021\/02\/02\/marinha-e-capitania-do-ma-realizam-cerimonia-de-outorga-de-medalhas-almirante-tamandare\/","og_locale":"pt_BR","og_type":"article","og_title":"Marinha e Capitania do MA realizam cerim\u00f4nia de outorga de medalhas Almirante Tamandar\u00e9 - Portosma","og_description":"Foram agraciados o Comandante Ramos, Fabr\u00edcio dos Santos Dias e Jobert Jos\u00e9 Salgador Filho (In memorian).","og_url":"https:\/\/portosma.com.br\/index.php\/2021\/02\/02\/marinha-e-capitania-do-ma-realizam-cerimonia-de-outorga-de-medalhas-almirante-tamandare\/","og_site_name":"Portosma","article_published_time":"2021-02-02T22:35:47+00:00","article_modified_time":"2023-02-07T22:54:52+00:00","og_image":[{"url":"https:\/\/portosma.com.br\/wp-content\/uploads\/2023\/02\/AFOTO-TAMANDARE-3.jpg"}],"author":"admin","twitter_card":"summary_large_image","twitter_misc":{"Escrito por":"admin","Est. tempo de leitura":"5 minutos"},"schema":{"@context":"https:\/\/schema.org","@graph":[{"@type":"Article","@id":"https:\/\/portosma.com.br\/index.php\/2021\/02\/02\/marinha-e-capitania-do-ma-realizam-cerimonia-de-outorga-de-medalhas-almirante-tamandare\/#article","isPartOf":{"@id":"https:\/\/portosma.com.br\/index.php\/2021\/02\/02\/marinha-e-capitania-do-ma-realizam-cerimonia-de-outorga-de-medalhas-almirante-tamandare\/"},"author":{"name":"admin","@id":"https:\/\/portosma.com.br\/#\/schema\/person\/fb92dfe283ab47293259c87c813d8623"},"headline":"Marinha e Capitania do MA realizam cerim\u00f4nia de outorga de medalhas Almirante Tamandar\u00e9","datePublished":"2021-02-02T22:35:47+00:00","dateModified":"2023-02-07T22:54:52+00:00","mainEntityOfPage":{"@id":"https:\/\/portosma.com.br\/index.php\/2021\/02\/02\/marinha-e-capitania-do-ma-realizam-cerimonia-de-outorga-de-medalhas-almirante-tamandare\/"},"wordCount":1073,"publisher":{"@id":"https:\/\/portosma.com.br\/#organization"},"image":{"@id":"https:\/\/portosma.com.br\/index.php\/2021\/02\/02\/marinha-e-capitania-do-ma-realizam-cerimonia-de-outorga-de-medalhas-almirante-tamandare\/#primaryimage"},"thumbnailUrl":"https:\/\/portosma.com.br\/wp-content\/uploads\/2023\/02\/AFOTO-TAMANDARE-3.jpg","articleSection":["Not\u00edcias"],"inLanguage":"pt-BR"},{"@type":"WebPage","@id":"https:\/\/portosma.com.br\/index.php\/2021\/02\/02\/marinha-e-capitania-do-ma-realizam-cerimonia-de-outorga-de-medalhas-almirante-tamandare\/","url":"https:\/\/portosma.com.br\/index.php\/2021\/02\/02\/marinha-e-capitania-do-ma-realizam-cerimonia-de-outorga-de-medalhas-almirante-tamandare\/","name":"Marinha e Capitania do MA realizam cerim\u00f4nia de outorga de medalhas Almirante Tamandar\u00e9 - Portosma","isPartOf":{"@id":"https:\/\/portosma.com.br\/#website"},"primaryImageOfPage":{"@id":"https:\/\/portosma.com.br\/index.php\/2021\/02\/02\/marinha-e-capitania-do-ma-realizam-cerimonia-de-outorga-de-medalhas-almirante-tamandare\/#primaryimage"},"image":{"@id":"https:\/\/portosma.com.br\/index.php\/2021\/02\/02\/marinha-e-capitania-do-ma-realizam-cerimonia-de-outorga-de-medalhas-almirante-tamandare\/#primaryimage"},"thumbnailUrl":"https:\/\/portosma.com.br\/wp-content\/uploads\/2023\/02\/AFOTO-TAMANDARE-3.jpg","datePublished":"2021-02-02T22:35:47+00:00","dateModified":"2023-02-07T22:54:52+00:00","breadcrumb":{"@id":"https:\/\/portosma.com.br\/index.php\/2021\/02\/02\/marinha-e-capitania-do-ma-realizam-cerimonia-de-outorga-de-medalhas-almirante-tamandare\/#breadcrumb"},"inLanguage":"pt-BR","potentialAction":[{"@type":"ReadAction","target":["https:\/\/portosma.com.br\/index.php\/2021\/02\/02\/marinha-e-capitania-do-ma-realizam-cerimonia-de-outorga-de-medalhas-almirante-tamandare\/"]}]},{"@type":"ImageObject","inLanguage":"pt-BR","@id":"https:\/\/portosma.com.br\/index.php\/2021\/02\/02\/marinha-e-capitania-do-ma-realizam-cerimonia-de-outorga-de-medalhas-almirante-tamandare\/#primaryimage","url":"https:\/\/portosma.com.br\/wp-content\/uploads\/2023\/02\/AFOTO-TAMANDARE-3.jpg","contentUrl":"https:\/\/portosma.com.br\/wp-content\/uploads\/2023\/02\/AFOTO-TAMANDARE-3.jpg","width":900,"height":249},{"@type":"BreadcrumbList","@id":"https:\/\/portosma.com.br\/index.php\/2021\/02\/02\/marinha-e-capitania-do-ma-realizam-cerimonia-de-outorga-de-medalhas-almirante-tamandare\/#breadcrumb","itemListElement":[{"@type":"ListItem","position":1,"name":"In\u00edcio","item":"https:\/\/portosma.com.br\/"},{"@type":"ListItem","position":2,"name":"Marinha e Capitania do MA realizam cerim\u00f4nia de outorga de medalhas Almirante Tamandar\u00e9"}]},{"@type":"WebSite","@id":"https:\/\/portosma.com.br\/#website","url":"https:\/\/portosma.com.br\/","name":"Portosma","description":"Um site de not\u00edcias","publisher":{"@id":"https:\/\/portosma.com.br\/#organization"},"potentialAction":[{"@type":"SearchAction","target":{"@type":"EntryPoint","urlTemplate":"https:\/\/portosma.com.br\/?s={search_term_string}"},"query-input":"required name=search_term_string"}],"inLanguage":"pt-BR"},{"@type":"Organization","@id":"https:\/\/portosma.com.br\/#organization","name":"Portosma","alternateName":"Portosma","url":"https:\/\/portosma.com.br\/","logo":{"@type":"ImageObject","inLanguage":"pt-BR","@id":"https:\/\/portosma.com.br\/#\/schema\/logo\/image\/","url":"https:\/\/portosma.com.br\/wp-content\/uploads\/2026\/03\/cropped-AD-PORTOSMA.jpg","contentUrl":"https:\/\/portosma.com.br\/wp-content\/uploads\/2026\/03\/cropped-AD-PORTOSMA.jpg","width":400,"height":115,"caption":"Portosma"},"image":{"@id":"https:\/\/portosma.com.br\/#\/schema\/logo\/image\/"}},{"@type":"Person","@id":"https:\/\/portosma.com.br\/#\/schema\/person\/fb92dfe283ab47293259c87c813d8623","name":"admin","sameAs":["https:\/\/portosma.com.br"],"url":"https:\/\/portosma.com.br\/index.php\/author\/portosma\/"}]}},"_links":{"self":[{"href":"https:\/\/portosma.com.br\/index.php\/wp-json\/wp\/v2\/posts\/4026","targetHints":{"allow":["GET"]}}],"collection":[{"href":"https:\/\/portosma.com.br\/index.php\/wp-json\/wp\/v2\/posts"}],"about":[{"href":"https:\/\/portosma.com.br\/index.php\/wp-json\/wp\/v2\/types\/post"}],"author":[{"embeddable":true,"href":"https:\/\/portosma.com.br\/index.php\/wp-json\/wp\/v2\/users\/1"}],"replies":[{"embeddable":true,"href":"https:\/\/portosma.com.br\/index.php\/wp-json\/wp\/v2\/comments?post=4026"}],"version-history":[{"count":1,"href":"https:\/\/portosma.com.br\/index.php\/wp-json\/wp\/v2\/posts\/4026\/revisions"}],"predecessor-version":[{"id":4031,"href":"https:\/\/portosma.com.br\/index.php\/wp-json\/wp\/v2\/posts\/4026\/revisions\/4031"}],"wp:attachment":[{"href":"https:\/\/portosma.com.br\/index.php\/wp-json\/wp\/v2\/media?parent=4026"}],"wp:term":[{"taxonomy":"category","embeddable":true,"href":"https:\/\/portosma.com.br\/index.php\/wp-json\/wp\/v2\/categories?post=4026"},{"taxonomy":"post_tag","embeddable":true,"href":"https:\/\/portosma.com.br\/index.php\/wp-json\/wp\/v2\/tags?post=4026"}],"curies":[{"name":"wp","href":"https:\/\/api.w.org\/{rel}","templated":true}]}}