{"id":3999,"date":"2020-11-09T18:32:15","date_gmt":"2020-11-09T18:32:15","guid":{"rendered":"https:\/\/portosma.com.br\/?p=3999"},"modified":"2023-02-07T21:18:53","modified_gmt":"2023-02-07T21:18:53","slug":"soamar-do-maranhao-e-capitania-dos-portos-prestam-homenagem-ao-amigo-da-marinha","status":"publish","type":"post","link":"https:\/\/portosma.com.br\/index.php\/2020\/11\/09\/soamar-do-maranhao-e-capitania-dos-portos-prestam-homenagem-ao-amigo-da-marinha\/","title":{"rendered":"Soamar do Maranh\u00e3o e Capitania dos Portos prestam homenagem ao Amigo da Marinha"},"content":{"rendered":"<p>A data de 6 de novembro, anivers\u00e1rio do Almirante de Esquadra Maximiano Eduardo da Silva Fonseca, patrono das Soamares do Brasil, \u00e9 dedicado ao Amigo da Marinha e comemorado em todo o pa\u00eds. No Maranh\u00e3o, estado onde est\u00e1 a mais uma das Soamares mais atuantes, a data tem sido, ano ap\u00f3s ano, comemorada em grande estilo. Desta vez, pandemia \u00e0 parte, o presidente da entidade, Jobert Jos\u00e9 Salgado Filho, em parceria com a Capitania dos Portos, na pessoa do seu comandante, CMG Alekson Batista da Silva Porto,&nbsp; promoveu um jantar em sua sede social, com duas finalidades b\u00e1sicas. Destacar a import\u00e2ncia de soamarinos e soamarinas para a Marinha do Brasil e, tamb\u00e9m, levar a cabo mais uma, entre muitas realizadas este ano, a\u00e7\u00e3o social.<\/p>\n<p><img fetchpriority=\"high\" decoding=\"async\" class=\"alignnone wp-image-4000 size-full\" src=\"https:\/\/portosma.com.br\/wp-content\/uploads\/2023\/02\/AFOTO-AMIGOS-1.jpg\" alt=\"\" width=\"900\" height=\"368\" srcset=\"https:\/\/portosma.com.br\/wp-content\/uploads\/2023\/02\/AFOTO-AMIGOS-1.jpg 900w, https:\/\/portosma.com.br\/wp-content\/uploads\/2023\/02\/AFOTO-AMIGOS-1-300x123.jpg 300w, https:\/\/portosma.com.br\/wp-content\/uploads\/2023\/02\/AFOTO-AMIGOS-1-768x314.jpg 768w\" sizes=\"(max-width: 900px) 100vw, 900px\" \/><\/p>\n<p>Desta vez, a diretoria da Soamar do Maranh\u00e3o organizou uma campanha de doa\u00e7\u00f5es de fraldas geri\u00e1tricas que ser\u00e3o doadas ao Asilo de Mendicidade de S\u00e3o Lu\u00eds. De acordo com o presidente Jobert Salgado Filho, todos os soamarinos responderam de forma bem satisfat\u00f3rias. \u201cNos conseguimos arrecadar mais de mil fraldas que ser\u00e3o entregues ao Asilo e contribuir\u00e1 de forma suplementar e necess\u00e1ria para a minimizar as dificuldades operacionais daquela institui\u00e7\u00e3o com os idosos que ali s\u00e3o atendidos\u201d, observou o presidente da Soamar-MA.<\/p>\n<p><img decoding=\"async\" class=\"alignnone wp-image-4001 size-full\" src=\"https:\/\/portosma.com.br\/wp-content\/uploads\/2023\/02\/AFOTO-AMIGOS-2.jpg\" alt=\"\" width=\"900\" height=\"325\" srcset=\"https:\/\/portosma.com.br\/wp-content\/uploads\/2023\/02\/AFOTO-AMIGOS-2.jpg 900w, https:\/\/portosma.com.br\/wp-content\/uploads\/2023\/02\/AFOTO-AMIGOS-2-300x108.jpg 300w, https:\/\/portosma.com.br\/wp-content\/uploads\/2023\/02\/AFOTO-AMIGOS-2-768x277.jpg 768w\" sizes=\"(max-width: 900px) 100vw, 900px\" \/><\/p>\n<p>Na fala do Capital dos Portos, mais uma vez, ela aproveitou a oportunidade para exaltar a pujan\u00e7a da Soamar do Maranh\u00e3o e seus membros pela maneira excepcional com que demonstram em a\u00e7\u00f5es, gestos e palavras o amor pela Marinha. \u201cPara mim, marinheiro de profiss\u00e3o e voca\u00e7\u00e3o, amar a Marinha \u00e9 f\u00e1cil, faz parte da minha vida. Para os senhores, com suas mais diversas profiss\u00f5es, esse sentimento se torna ainda mais relevante, pois se trata de um amor adquirido, explicito, verdadeiramente contagiante\u201d, afirmou Comandante Alekson Barbosa da Silva Porto. Ele aproveitou, tamb\u00e9m, para antecipar o nome dos quatro novos Amigos da Marinha, aprovados pelo IV Distrito Naval, indica\u00e7\u00f5es feitas pela Soamar e Capitania dos Portos do Maranh\u00e3o : Deurivan, David, Coronel M\u00e1rcio Amaral e Tamara Vi\u00e9g\u00e1s.<\/p>\n<p><img decoding=\"async\" class=\"alignnone wp-image-4002 size-full\" src=\"https:\/\/portosma.com.br\/wp-content\/uploads\/2023\/02\/AFOTO-AMIGOS-3.jpg\" alt=\"\" width=\"900\" height=\"238\" srcset=\"https:\/\/portosma.com.br\/wp-content\/uploads\/2023\/02\/AFOTO-AMIGOS-3.jpg 900w, https:\/\/portosma.com.br\/wp-content\/uploads\/2023\/02\/AFOTO-AMIGOS-3-300x79.jpg 300w, https:\/\/portosma.com.br\/wp-content\/uploads\/2023\/02\/AFOTO-AMIGOS-3-768x203.jpg 768w\" sizes=\"(max-width: 900px) 100vw, 900px\" \/><\/p>\n<p>A mestre de Cerim\u00f4nia, Valdina Borges, anunciou as presen\u00e7as das diversas autoridades presentes &#8211; al\u00e9m do presidente da Soamar e do Capit\u00e3o dos Portos \u2013 como do Presidente do Sindicato das Ag\u00eancias do Maranh\u00e3o,&nbsp; Noel Pereira Magioli J\u00fanior; o ajudante da CPMA, Capit\u00e3o de Fragata Andr\u00e9 Vin\u00edcius Faro Nunes; e o diretor presidente da Smart Pilots, empres\u00e1rio Nilo Alberto Monteiro Carvalho. Antes de convidar para o jantar, agradeceu as empresas parceiras do evento: Servimar Engenharia, Associa\u00e7\u00e3o de Praticagem do Maranh\u00e3o, Centro El\u00e9trico, Smart Pilots, Internacional Mar\u00edtima, Saveiros Camuyrano e Orizon Mar\u00edtima.<\/p>\n<p>Confira a seguir a \u00edntegra do discurso do Presidente da Soamar do Maranh\u00e3o, Jobert Jos\u00e9 Salgado Filho e a cobertura fotogr\u00e1fica do evento.<\/p>\n<p><span style=\"color: #993300;\"><strong>DISCURSO DO PRESIDENTE DA SOAMAR-MA, JOBERT JOS\u00c9 SALGADO FILHO<\/strong><\/span><\/p>\n<p><em>Exmo Capit\u00e3o de Mar e Guerra Alekson Barbosa da Silva Porto, Capit\u00e3o dos Portos do Estado do Maranh\u00e3o, amigos Soamarinos e Soamarinas, Minhas Senhoras, Meus Senhores, Boa Noite.<\/em><\/p>\n<p><em>\u00c9 com grande satisfa\u00e7\u00e3o e alegria eu estamos hoje reunidos, dia 06 de novembro de 2020, para a comemora\u00e7\u00e3o do Dia Nacional do Amigo da Marinha, anivers\u00e1rio do Patrono das Soamares, Almirante de Esquadra Maximiano Eduardo da Silva Fonseca, que com o prop\u00f3sito de agregar pessoas e personalidades motivadas a contribuir para aproximar a institui\u00e7\u00e3o da sociedade, desenvolver a mentalidade mar\u00edtima e conscientizar setores estrat\u00e9gicos sobre a import\u00e2ncia das atividades desenvolvidas pela Marinha, deu inicio a funda\u00e7\u00e3o da Soamar Brasil, e, atrav\u00e9s de nossas palestras, tem aumentado a percep\u00e7\u00e3o da sociedade sobre a import\u00e2ncia do mar e \u00e1guas interiores para o pa\u00eds, al\u00e9m de destacarmos as atividades desenvolvidas pela Marinha.<\/em><\/p>\n<p>Ser amigo da Marinha e ser soamarino \u00e9 privil\u00e9gio para aqueles que amam a vida marinha e&nbsp; se identificam com a nossa for\u00e7a naval, pois ser Amigo, no significado da palavra, \u00e9 ter sentimentos de grande afei\u00e7\u00e3o, simpatia e apre\u00e7o. \u00c9 defender os preceitos idealizados pelo nosso patrono, entre os quais as a\u00e7\u00f5es c\u00edvicas e sociais.<\/p>\n<p><em>Nesse sentido a Somar do Maranh\u00e3o e seus soamarinos e soamarinas, tem apoiado a Marinha, atrav\u00e9s da Capitania dos Portos, trabalhando junto na divulga\u00e7\u00e3o das atividades mar\u00edtimas, atrav\u00e9s das redes sociais e formatando projetos para capta\u00e7\u00e3o de recursos humanos e financeiros, como em especial, na difus\u00e3o dos projetos de interesse para a Marinha do Brasil.<\/em><\/p>\n<p><em>O amigo da Marinha que se torna soamarino requer ter esses nobres sentimentos de amizade, dedica\u00e7\u00e3o e voluntariado, pois todas as a\u00e7\u00f5es desenvolvidas evolvem a participa\u00e7\u00e3o presencial nas a\u00e7\u00f5es c\u00edvicas e sociais, contribui\u00e7\u00e3o mensal para a manuten\u00e7\u00e3o da entidade, ajuda na divulga\u00e7\u00e3o em organiza\u00e7\u00f5es estudantis, como, tamb\u00e9m, em empresas da \u00e1rea mar\u00edtima portu\u00e1ria, al\u00e9m do apoio incondicional as \u00e1reas da Capitania dos Portos do Maranh\u00e3o.<\/em><\/p>\n<p><em>Por fim, quero congratular-me com todos os soamarinos e soamarinas por este dia t\u00e3o especial para todos nos que fazemos parte da institui\u00e7\u00e3o Soamar, que representa a amizade da MARINHA DO Brasil junto a Sociedade civil.<\/em><\/p>\n<p><strong>Parab\u00e9ns a todos,<\/strong><br \/>\n<strong>Viva a Soamar Maranh\u00e3o<\/strong><br \/>\n<strong>Viva a Marinha do Brasil.<\/strong><\/p>\n<p><img loading=\"lazy\" decoding=\"async\" class=\"alignnone wp-image-4004 size-full\" src=\"https:\/\/portosma.com.br\/wp-content\/uploads\/2023\/02\/AFOTO-AMIGOS-4.jpg\" alt=\"\" width=\"900\" height=\"228\" srcset=\"https:\/\/portosma.com.br\/wp-content\/uploads\/2023\/02\/AFOTO-AMIGOS-4.jpg 900w, https:\/\/portosma.com.br\/wp-content\/uploads\/2023\/02\/AFOTO-AMIGOS-4-300x76.jpg 300w, https:\/\/portosma.com.br\/wp-content\/uploads\/2023\/02\/AFOTO-AMIGOS-4-768x195.jpg 768w\" sizes=\"(max-width: 900px) 100vw, 900px\" \/><\/p>\n<p>Data da not\u00edcia: 09.11.2020<\/p>\n","protected":false},"excerpt":{"rendered":"<p>A data de 6 de novembro \u00e9 comemorada em todo pa\u00eds e celebra, tamb\u00e9m, o anivers\u00e1rio do AE Maximiano Fonseca.<\/p>\n","protected":false},"author":1,"featured_media":0,"comment_status":"closed","ping_status":"open","sticky":false,"template":"","format":"standard","meta":{"_editorskit_title_hidden":false,"_editorskit_reading_time":0,"_editorskit_is_block_options_detached":false,"_editorskit_block_options_position":"{}","ngg_post_thumbnail":0,"footnotes":""},"categories":[1],"tags":[],"class_list":["post-3999","post","type-post","status-publish","format-standard","hentry","category-noticias"],"yoast_head":"<!-- This site is optimized with the Yoast SEO plugin v22.5 - https:\/\/yoast.com\/wordpress\/plugins\/seo\/ -->\n<title>Soamar do Maranh\u00e3o e Capitania dos Portos prestam homenagem ao Amigo da Marinha - Portosma<\/title>\n<meta name=\"robots\" content=\"index, follow, max-snippet:-1, max-image-preview:large, max-video-preview:-1\" \/>\n<link rel=\"canonical\" href=\"https:\/\/portosma.com.br\/index.php\/2020\/11\/09\/soamar-do-maranhao-e-capitania-dos-portos-prestam-homenagem-ao-amigo-da-marinha\/\" \/>\n<meta property=\"og:locale\" content=\"pt_BR\" \/>\n<meta property=\"og:type\" content=\"article\" \/>\n<meta property=\"og:title\" content=\"Soamar do Maranh\u00e3o e Capitania dos Portos prestam homenagem ao Amigo da Marinha - Portosma\" \/>\n<meta property=\"og:description\" content=\"A data de 6 de novembro \u00e9 comemorada em todo pa\u00eds e celebra, tamb\u00e9m, o anivers\u00e1rio do AE Maximiano Fonseca.\" \/>\n<meta property=\"og:url\" content=\"https:\/\/portosma.com.br\/index.php\/2020\/11\/09\/soamar-do-maranhao-e-capitania-dos-portos-prestam-homenagem-ao-amigo-da-marinha\/\" \/>\n<meta property=\"og:site_name\" content=\"Portosma\" \/>\n<meta property=\"article:published_time\" content=\"2020-11-09T18:32:15+00:00\" \/>\n<meta property=\"article:modified_time\" content=\"2023-02-07T21:18:53+00:00\" \/>\n<meta property=\"og:image\" content=\"https:\/\/portosma.com.br\/wp-content\/uploads\/2023\/02\/AFOTO-AMIGOS-1.jpg\" \/>\n<meta name=\"author\" content=\"admin\" \/>\n<meta name=\"twitter:card\" content=\"summary_large_image\" \/>\n<meta name=\"twitter:label1\" content=\"Escrito por\" \/>\n\t<meta name=\"twitter:data1\" content=\"admin\" \/>\n\t<meta name=\"twitter:label2\" content=\"Est. tempo de leitura\" \/>\n\t<meta name=\"twitter:data2\" content=\"5 minutos\" \/>\n<script type=\"application\/ld+json\" class=\"yoast-schema-graph\">{\"@context\":\"https:\/\/schema.org\",\"@graph\":[{\"@type\":\"Article\",\"@id\":\"https:\/\/portosma.com.br\/index.php\/2020\/11\/09\/soamar-do-maranhao-e-capitania-dos-portos-prestam-homenagem-ao-amigo-da-marinha\/#article\",\"isPartOf\":{\"@id\":\"https:\/\/portosma.com.br\/index.php\/2020\/11\/09\/soamar-do-maranhao-e-capitania-dos-portos-prestam-homenagem-ao-amigo-da-marinha\/\"},\"author\":{\"name\":\"admin\",\"@id\":\"https:\/\/portosma.com.br\/#\/schema\/person\/fb92dfe283ab47293259c87c813d8623\"},\"headline\":\"Soamar do Maranh\u00e3o e Capitania dos Portos prestam homenagem ao Amigo da Marinha\",\"datePublished\":\"2020-11-09T18:32:15+00:00\",\"dateModified\":\"2023-02-07T21:18:53+00:00\",\"mainEntityOfPage\":{\"@id\":\"https:\/\/portosma.com.br\/index.php\/2020\/11\/09\/soamar-do-maranhao-e-capitania-dos-portos-prestam-homenagem-ao-amigo-da-marinha\/\"},\"wordCount\":921,\"publisher\":{\"@id\":\"https:\/\/portosma.com.br\/#organization\"},\"image\":{\"@id\":\"https:\/\/portosma.com.br\/index.php\/2020\/11\/09\/soamar-do-maranhao-e-capitania-dos-portos-prestam-homenagem-ao-amigo-da-marinha\/#primaryimage\"},\"thumbnailUrl\":\"https:\/\/portosma.com.br\/wp-content\/uploads\/2023\/02\/AFOTO-AMIGOS-1.jpg\",\"articleSection\":[\"Not\u00edcias\"],\"inLanguage\":\"pt-BR\"},{\"@type\":\"WebPage\",\"@id\":\"https:\/\/portosma.com.br\/index.php\/2020\/11\/09\/soamar-do-maranhao-e-capitania-dos-portos-prestam-homenagem-ao-amigo-da-marinha\/\",\"url\":\"https:\/\/portosma.com.br\/index.php\/2020\/11\/09\/soamar-do-maranhao-e-capitania-dos-portos-prestam-homenagem-ao-amigo-da-marinha\/\",\"name\":\"Soamar do Maranh\u00e3o e Capitania dos Portos prestam homenagem ao Amigo da Marinha - Portosma\",\"isPartOf\":{\"@id\":\"https:\/\/portosma.com.br\/#website\"},\"primaryImageOfPage\":{\"@id\":\"https:\/\/portosma.com.br\/index.php\/2020\/11\/09\/soamar-do-maranhao-e-capitania-dos-portos-prestam-homenagem-ao-amigo-da-marinha\/#primaryimage\"},\"image\":{\"@id\":\"https:\/\/portosma.com.br\/index.php\/2020\/11\/09\/soamar-do-maranhao-e-capitania-dos-portos-prestam-homenagem-ao-amigo-da-marinha\/#primaryimage\"},\"thumbnailUrl\":\"https:\/\/portosma.com.br\/wp-content\/uploads\/2023\/02\/AFOTO-AMIGOS-1.jpg\",\"datePublished\":\"2020-11-09T18:32:15+00:00\",\"dateModified\":\"2023-02-07T21:18:53+00:00\",\"breadcrumb\":{\"@id\":\"https:\/\/portosma.com.br\/index.php\/2020\/11\/09\/soamar-do-maranhao-e-capitania-dos-portos-prestam-homenagem-ao-amigo-da-marinha\/#breadcrumb\"},\"inLanguage\":\"pt-BR\",\"potentialAction\":[{\"@type\":\"ReadAction\",\"target\":[\"https:\/\/portosma.com.br\/index.php\/2020\/11\/09\/soamar-do-maranhao-e-capitania-dos-portos-prestam-homenagem-ao-amigo-da-marinha\/\"]}]},{\"@type\":\"ImageObject\",\"inLanguage\":\"pt-BR\",\"@id\":\"https:\/\/portosma.com.br\/index.php\/2020\/11\/09\/soamar-do-maranhao-e-capitania-dos-portos-prestam-homenagem-ao-amigo-da-marinha\/#primaryimage\",\"url\":\"https:\/\/portosma.com.br\/wp-content\/uploads\/2023\/02\/AFOTO-AMIGOS-1.jpg\",\"contentUrl\":\"https:\/\/portosma.com.br\/wp-content\/uploads\/2023\/02\/AFOTO-AMIGOS-1.jpg\",\"width\":900,\"height\":368},{\"@type\":\"BreadcrumbList\",\"@id\":\"https:\/\/portosma.com.br\/index.php\/2020\/11\/09\/soamar-do-maranhao-e-capitania-dos-portos-prestam-homenagem-ao-amigo-da-marinha\/#breadcrumb\",\"itemListElement\":[{\"@type\":\"ListItem\",\"position\":1,\"name\":\"In\u00edcio\",\"item\":\"https:\/\/portosma.com.br\/\"},{\"@type\":\"ListItem\",\"position\":2,\"name\":\"Soamar do Maranh\u00e3o e Capitania dos Portos prestam homenagem ao Amigo da Marinha\"}]},{\"@type\":\"WebSite\",\"@id\":\"https:\/\/portosma.com.br\/#website\",\"url\":\"https:\/\/portosma.com.br\/\",\"name\":\"Portosma\",\"description\":\"Um site de not\u00edcias\",\"publisher\":{\"@id\":\"https:\/\/portosma.com.br\/#organization\"},\"potentialAction\":[{\"@type\":\"SearchAction\",\"target\":{\"@type\":\"EntryPoint\",\"urlTemplate\":\"https:\/\/portosma.com.br\/?s={search_term_string}\"},\"query-input\":\"required name=search_term_string\"}],\"inLanguage\":\"pt-BR\"},{\"@type\":\"Organization\",\"@id\":\"https:\/\/portosma.com.br\/#organization\",\"name\":\"Portosma\",\"alternateName\":\"Portosma\",\"url\":\"https:\/\/portosma.com.br\/\",\"logo\":{\"@type\":\"ImageObject\",\"inLanguage\":\"pt-BR\",\"@id\":\"https:\/\/portosma.com.br\/#\/schema\/logo\/image\/\",\"url\":\"https:\/\/portosma.com.br\/wp-content\/uploads\/2026\/03\/cropped-AD-PORTOSMA.jpg\",\"contentUrl\":\"https:\/\/portosma.com.br\/wp-content\/uploads\/2026\/03\/cropped-AD-PORTOSMA.jpg\",\"width\":400,\"height\":115,\"caption\":\"Portosma\"},\"image\":{\"@id\":\"https:\/\/portosma.com.br\/#\/schema\/logo\/image\/\"}},{\"@type\":\"Person\",\"@id\":\"https:\/\/portosma.com.br\/#\/schema\/person\/fb92dfe283ab47293259c87c813d8623\",\"name\":\"admin\",\"sameAs\":[\"https:\/\/portosma.com.br\"],\"url\":\"https:\/\/portosma.com.br\/index.php\/author\/portosma\/\"}]}<\/script>\n<!-- \/ Yoast SEO plugin. -->","yoast_head_json":{"title":"Soamar do Maranh\u00e3o e Capitania dos Portos prestam homenagem ao Amigo da Marinha - Portosma","robots":{"index":"index","follow":"follow","max-snippet":"max-snippet:-1","max-image-preview":"max-image-preview:large","max-video-preview":"max-video-preview:-1"},"canonical":"https:\/\/portosma.com.br\/index.php\/2020\/11\/09\/soamar-do-maranhao-e-capitania-dos-portos-prestam-homenagem-ao-amigo-da-marinha\/","og_locale":"pt_BR","og_type":"article","og_title":"Soamar do Maranh\u00e3o e Capitania dos Portos prestam homenagem ao Amigo da Marinha - Portosma","og_description":"A data de 6 de novembro \u00e9 comemorada em todo pa\u00eds e celebra, tamb\u00e9m, o anivers\u00e1rio do AE Maximiano Fonseca.","og_url":"https:\/\/portosma.com.br\/index.php\/2020\/11\/09\/soamar-do-maranhao-e-capitania-dos-portos-prestam-homenagem-ao-amigo-da-marinha\/","og_site_name":"Portosma","article_published_time":"2020-11-09T18:32:15+00:00","article_modified_time":"2023-02-07T21:18:53+00:00","og_image":[{"url":"https:\/\/portosma.com.br\/wp-content\/uploads\/2023\/02\/AFOTO-AMIGOS-1.jpg"}],"author":"admin","twitter_card":"summary_large_image","twitter_misc":{"Escrito por":"admin","Est. tempo de leitura":"5 minutos"},"schema":{"@context":"https:\/\/schema.org","@graph":[{"@type":"Article","@id":"https:\/\/portosma.com.br\/index.php\/2020\/11\/09\/soamar-do-maranhao-e-capitania-dos-portos-prestam-homenagem-ao-amigo-da-marinha\/#article","isPartOf":{"@id":"https:\/\/portosma.com.br\/index.php\/2020\/11\/09\/soamar-do-maranhao-e-capitania-dos-portos-prestam-homenagem-ao-amigo-da-marinha\/"},"author":{"name":"admin","@id":"https:\/\/portosma.com.br\/#\/schema\/person\/fb92dfe283ab47293259c87c813d8623"},"headline":"Soamar do Maranh\u00e3o e Capitania dos Portos prestam homenagem ao Amigo da Marinha","datePublished":"2020-11-09T18:32:15+00:00","dateModified":"2023-02-07T21:18:53+00:00","mainEntityOfPage":{"@id":"https:\/\/portosma.com.br\/index.php\/2020\/11\/09\/soamar-do-maranhao-e-capitania-dos-portos-prestam-homenagem-ao-amigo-da-marinha\/"},"wordCount":921,"publisher":{"@id":"https:\/\/portosma.com.br\/#organization"},"image":{"@id":"https:\/\/portosma.com.br\/index.php\/2020\/11\/09\/soamar-do-maranhao-e-capitania-dos-portos-prestam-homenagem-ao-amigo-da-marinha\/#primaryimage"},"thumbnailUrl":"https:\/\/portosma.com.br\/wp-content\/uploads\/2023\/02\/AFOTO-AMIGOS-1.jpg","articleSection":["Not\u00edcias"],"inLanguage":"pt-BR"},{"@type":"WebPage","@id":"https:\/\/portosma.com.br\/index.php\/2020\/11\/09\/soamar-do-maranhao-e-capitania-dos-portos-prestam-homenagem-ao-amigo-da-marinha\/","url":"https:\/\/portosma.com.br\/index.php\/2020\/11\/09\/soamar-do-maranhao-e-capitania-dos-portos-prestam-homenagem-ao-amigo-da-marinha\/","name":"Soamar do Maranh\u00e3o e Capitania dos Portos prestam homenagem ao Amigo da Marinha - Portosma","isPartOf":{"@id":"https:\/\/portosma.com.br\/#website"},"primaryImageOfPage":{"@id":"https:\/\/portosma.com.br\/index.php\/2020\/11\/09\/soamar-do-maranhao-e-capitania-dos-portos-prestam-homenagem-ao-amigo-da-marinha\/#primaryimage"},"image":{"@id":"https:\/\/portosma.com.br\/index.php\/2020\/11\/09\/soamar-do-maranhao-e-capitania-dos-portos-prestam-homenagem-ao-amigo-da-marinha\/#primaryimage"},"thumbnailUrl":"https:\/\/portosma.com.br\/wp-content\/uploads\/2023\/02\/AFOTO-AMIGOS-1.jpg","datePublished":"2020-11-09T18:32:15+00:00","dateModified":"2023-02-07T21:18:53+00:00","breadcrumb":{"@id":"https:\/\/portosma.com.br\/index.php\/2020\/11\/09\/soamar-do-maranhao-e-capitania-dos-portos-prestam-homenagem-ao-amigo-da-marinha\/#breadcrumb"},"inLanguage":"pt-BR","potentialAction":[{"@type":"ReadAction","target":["https:\/\/portosma.com.br\/index.php\/2020\/11\/09\/soamar-do-maranhao-e-capitania-dos-portos-prestam-homenagem-ao-amigo-da-marinha\/"]}]},{"@type":"ImageObject","inLanguage":"pt-BR","@id":"https:\/\/portosma.com.br\/index.php\/2020\/11\/09\/soamar-do-maranhao-e-capitania-dos-portos-prestam-homenagem-ao-amigo-da-marinha\/#primaryimage","url":"https:\/\/portosma.com.br\/wp-content\/uploads\/2023\/02\/AFOTO-AMIGOS-1.jpg","contentUrl":"https:\/\/portosma.com.br\/wp-content\/uploads\/2023\/02\/AFOTO-AMIGOS-1.jpg","width":900,"height":368},{"@type":"BreadcrumbList","@id":"https:\/\/portosma.com.br\/index.php\/2020\/11\/09\/soamar-do-maranhao-e-capitania-dos-portos-prestam-homenagem-ao-amigo-da-marinha\/#breadcrumb","itemListElement":[{"@type":"ListItem","position":1,"name":"In\u00edcio","item":"https:\/\/portosma.com.br\/"},{"@type":"ListItem","position":2,"name":"Soamar do Maranh\u00e3o e Capitania dos Portos prestam homenagem ao Amigo da Marinha"}]},{"@type":"WebSite","@id":"https:\/\/portosma.com.br\/#website","url":"https:\/\/portosma.com.br\/","name":"Portosma","description":"Um site de not\u00edcias","publisher":{"@id":"https:\/\/portosma.com.br\/#organization"},"potentialAction":[{"@type":"SearchAction","target":{"@type":"EntryPoint","urlTemplate":"https:\/\/portosma.com.br\/?s={search_term_string}"},"query-input":"required name=search_term_string"}],"inLanguage":"pt-BR"},{"@type":"Organization","@id":"https:\/\/portosma.com.br\/#organization","name":"Portosma","alternateName":"Portosma","url":"https:\/\/portosma.com.br\/","logo":{"@type":"ImageObject","inLanguage":"pt-BR","@id":"https:\/\/portosma.com.br\/#\/schema\/logo\/image\/","url":"https:\/\/portosma.com.br\/wp-content\/uploads\/2026\/03\/cropped-AD-PORTOSMA.jpg","contentUrl":"https:\/\/portosma.com.br\/wp-content\/uploads\/2026\/03\/cropped-AD-PORTOSMA.jpg","width":400,"height":115,"caption":"Portosma"},"image":{"@id":"https:\/\/portosma.com.br\/#\/schema\/logo\/image\/"}},{"@type":"Person","@id":"https:\/\/portosma.com.br\/#\/schema\/person\/fb92dfe283ab47293259c87c813d8623","name":"admin","sameAs":["https:\/\/portosma.com.br"],"url":"https:\/\/portosma.com.br\/index.php\/author\/portosma\/"}]}},"_links":{"self":[{"href":"https:\/\/portosma.com.br\/index.php\/wp-json\/wp\/v2\/posts\/3999","targetHints":{"allow":["GET"]}}],"collection":[{"href":"https:\/\/portosma.com.br\/index.php\/wp-json\/wp\/v2\/posts"}],"about":[{"href":"https:\/\/portosma.com.br\/index.php\/wp-json\/wp\/v2\/types\/post"}],"author":[{"embeddable":true,"href":"https:\/\/portosma.com.br\/index.php\/wp-json\/wp\/v2\/users\/1"}],"replies":[{"embeddable":true,"href":"https:\/\/portosma.com.br\/index.php\/wp-json\/wp\/v2\/comments?post=3999"}],"version-history":[{"count":1,"href":"https:\/\/portosma.com.br\/index.php\/wp-json\/wp\/v2\/posts\/3999\/revisions"}],"predecessor-version":[{"id":4005,"href":"https:\/\/portosma.com.br\/index.php\/wp-json\/wp\/v2\/posts\/3999\/revisions\/4005"}],"wp:attachment":[{"href":"https:\/\/portosma.com.br\/index.php\/wp-json\/wp\/v2\/media?parent=3999"}],"wp:term":[{"taxonomy":"category","embeddable":true,"href":"https:\/\/portosma.com.br\/index.php\/wp-json\/wp\/v2\/categories?post=3999"},{"taxonomy":"post_tag","embeddable":true,"href":"https:\/\/portosma.com.br\/index.php\/wp-json\/wp\/v2\/tags?post=3999"}],"curies":[{"name":"wp","href":"https:\/\/api.w.org\/{rel}","templated":true}]}}