{"id":3971,"date":"2020-03-08T01:04:23","date_gmt":"2020-03-08T01:04:23","guid":{"rendered":"https:\/\/portosma.com.br\/?p=3971"},"modified":"2023-02-07T01:11:20","modified_gmt":"2023-02-07T01:11:20","slug":"soamar-e-capitania-dos-portos-promovem-acao-social-pelo-dia-internacional-da-mulher","status":"publish","type":"post","link":"https:\/\/portosma.com.br\/index.php\/2020\/03\/08\/soamar-e-capitania-dos-portos-promovem-acao-social-pelo-dia-internacional-da-mulher\/","title":{"rendered":"Soamar e Capitania dos Portos promovem a\u00e7\u00e3o social pelo Dia Internacional da Mulher"},"content":{"rendered":"<p><img fetchpriority=\"high\" decoding=\"async\" class=\"wp-image-3973 size-full alignleft\" src=\"https:\/\/portosma.com.br\/wp-content\/uploads\/2023\/02\/AFOTO-MULHER-2.jpg\" alt=\"\" width=\"450\" height=\"311\" srcset=\"https:\/\/portosma.com.br\/wp-content\/uploads\/2023\/02\/AFOTO-MULHER-2.jpg 450w, https:\/\/portosma.com.br\/wp-content\/uploads\/2023\/02\/AFOTO-MULHER-2-300x207.jpg 300w\" sizes=\"(max-width: 450px) 100vw, 450px\" \/>A Sociedade Amigos da Marinha do Maranh\u00e3o \u2013 SOAMAR, em parceria com a Capitania dos Portos do Maranh\u00e3o, aproveitou a simbologia do 8 de mar\u00e7o para realizar mais uma a\u00e7\u00e3o social em sua sede campestre no Jenipapeiro, na \u00faltima sexta-feira, 06, numa iniciativa do Conselho da Mulher Soamarina pelo Dia Internacional da Mulher. Foi um dia de muitas a\u00e7\u00f5es realizadas em diversas \u00e1reas, como sa\u00fade, vacina\u00e7\u00e3o, nutri\u00e7\u00e3o, servi\u00e7os de embelezamentos como corte de cabelos, maquiagem, designer de sobrancelhas e manicure. \u201cN\u00f3s trouxemos a comunidade do nosso entorno \u2013 Camboa e Jenipapeiro &#8211; para conhecer a Soamar e a Marinha com o objetivo de levar a essas pessoas as atividades c\u00edvico-sociais atrav\u00e9s do trabalho da Soamar e do seu Conselho Feminino e o resultado n\u00e3o poderia ser mais proveitoso\u201d, comemorou o presidente da Soamar Jobert Jos\u00e9 Salgado Filho.<\/p>\n<p><img decoding=\"async\" class=\"alignnone wp-image-3972 size-full\" src=\"https:\/\/portosma.com.br\/wp-content\/uploads\/2023\/02\/AFOTO-MULHER-1.jpg\" alt=\"\" width=\"900\" height=\"353\" srcset=\"https:\/\/portosma.com.br\/wp-content\/uploads\/2023\/02\/AFOTO-MULHER-1.jpg 900w, https:\/\/portosma.com.br\/wp-content\/uploads\/2023\/02\/AFOTO-MULHER-1-300x118.jpg 300w, https:\/\/portosma.com.br\/wp-content\/uploads\/2023\/02\/AFOTO-MULHER-1-768x301.jpg 768w\" sizes=\"(max-width: 900px) 100vw, 900px\" \/> &nbsp; &nbsp;<br \/>\nFoi um dia de grandes expectativas com empresas parceiras como a Bus Transportes, Instituto Embelleze da Cohab, TV S\u00e3o Lu\u00eds e o Curso de ling\u00fc\u00edstica Yazigy, al\u00e9m do Tribunal de Justi\u00e7a do Estado do Maranh\u00e3o, que atrav\u00e9s da Ju\u00edza de Direito da 2\u00aa Vara Especial de Viol\u00eancia Dom\u00e9stica e Familiar Contra a Mulher, L\u00facia Helena Barros Heluy da Silva, da Casa da Mulher Brasileira, em S\u00e3o Lu\u00eds, promoveu uma palestra sobre os direitos da mulher diante das viol\u00eancias a que s\u00e3o e est\u00e3o sujeitas no dia-a-dia das suas pr\u00f3prias rotinas.<\/p>\n<p>Num bate papo bastante informal, por\u00e9m sem perder o tom da gravidade do tema, a Ju\u00edza L\u00facia Helena chamou a aten\u00e7\u00e3o para a import\u00e2ncia da den\u00fancia, para o n\u00e3o ficar calada e mostrou, em n\u00fameros, que o poder p\u00fablico, atrav\u00e9s da Casa da Mulher Brasileira e das demais institui\u00e7\u00f5es do Judici\u00e1rio, tem dado respostas a esta mazela mundial que \u00e9 o feminic\u00eddio. \u201cO Brasil \u00e9 o quinto pa\u00eds do mundo que mais mata as suas mulheres e n\u00f3s precisamos dar um basta a esta triste estat\u00edstica. Nossa inten\u00e7\u00e3o nunca foi de punir o homem infrator, mas conscientiz\u00e1-lo da necessidade de tratar bem sua companheira e respeit\u00e1-la em todas as suas garantias de direito como social, moral, sexual e familiar\u201d, afirmou a titular da 2\u00aa Vara de Viol\u00eancia Dom\u00e9stica de S\u00e3o Lu\u00eds.<\/p>\n<p><img decoding=\"async\" class=\"alignnone wp-image-3974 size-full\" src=\"https:\/\/portosma.com.br\/wp-content\/uploads\/2023\/02\/AFOTO-MULHER-3.jpg\" alt=\"\" width=\"900\" height=\"275\" srcset=\"https:\/\/portosma.com.br\/wp-content\/uploads\/2023\/02\/AFOTO-MULHER-3.jpg 900w, https:\/\/portosma.com.br\/wp-content\/uploads\/2023\/02\/AFOTO-MULHER-3-300x92.jpg 300w, https:\/\/portosma.com.br\/wp-content\/uploads\/2023\/02\/AFOTO-MULHER-3-768x235.jpg 768w\" sizes=\"(max-width: 900px) 100vw, 900px\" \/><\/p>\n<p>A primeira experi\u00eancia de implanta\u00e7\u00e3o de uma pol\u00edtica p\u00fablica de combate \u00e0 viol\u00eancia contra as mulheres no Brasil ocorreu em 1985 com a cria\u00e7\u00e3o da Delegacia Especializada de Atendimento \u00e0 Mulher-DEAM. No mesmo ano, foi constitu\u00eddo o Conselho Nacional dos Direitos da Mulher. Em 1986, foi criada a primeira Casa-Abrigo para mulheres em situa\u00e7\u00e3o de risco de morte do pa\u00eds. Essas tr\u00eas importantes conquistas da luta do movimento feminista no Brasil foram, durante muito tempo, as principais a\u00e7\u00f5es do Estado voltadas para a promo\u00e7\u00e3o dos direitos das mulheres no enfrentamento \u00e0 viol\u00eancia.<\/p>\n<p>No Maranh\u00e3o, diante de uma situa\u00e7\u00e3o de viol\u00eancia, a mulher pode ser dirigir aos seguintes canais de atendimento: Delegacia Especializada de Atendimento \u00e0 Mulher (98 3214 8649 \/ 8651 \u2013 S\u00e3o Lu\u00eds); Minist\u00e9rio P\u00fablico do Estado do Maranh\u00e3o (98 3219 1849 \/ 1924); Patrulha Maria da Penha (98 99219 3671); Casa da Mulher Brasileira (98 31 98 0100); 2\u00aa Vara Especial de Viol\u00eancia Dom\u00e9stica e Familiar Contra a Mulher (98 3231 0420); Defensoria P\u00fablica do Estado do Maranh\u00e3o (98 3231 5819 \/ 3221 6110) e a Coordenadoria Municipal da Mulher de S\u00e3o Lu\u00eds (98 99160 1098). Tem ainda o Disque Den\u00fancia 3223 5800 na capital e o 0300 31 35800. Para quem quiser utilizar o Whatsapp para denunciar o n\u00famero do disque-den\u00facia \u00e9 98 9924 8660.<\/p>\n<p>O dia, por\u00e9m, de a\u00e7\u00f5es sociais n\u00e3o tratou apenas da viol\u00eancia. Teve momentos de lazer, descontra\u00e7\u00e3o, embelezamentos, distribui\u00e7\u00e3o de brindes, lanches e como diria Jo\u00e3o Gilberto, tamb\u00e9m se falou de flores. O Presidente da Soamar, Jobert Jos\u00e9 Salgado Filho encerrou a jornada de trabalho oferecendo a cada uma das participantes e volunt\u00e1rias uma rosa s\u00edmbolo pelo trabalho, pela dedica\u00e7\u00e3o, pelo voluntariado e principalmente, pela homenagem de soamarinos e marinheiros a elas pelo Dia Internacional da Mulher.<\/p>\n<p><img loading=\"lazy\" decoding=\"async\" class=\"alignnone wp-image-3975 size-full\" src=\"https:\/\/portosma.com.br\/wp-content\/uploads\/2023\/02\/AFOTO-MULHER-4.jpg\" alt=\"\" width=\"900\" height=\"588\" srcset=\"https:\/\/portosma.com.br\/wp-content\/uploads\/2023\/02\/AFOTO-MULHER-4.jpg 900w, https:\/\/portosma.com.br\/wp-content\/uploads\/2023\/02\/AFOTO-MULHER-4-300x196.jpg 300w, https:\/\/portosma.com.br\/wp-content\/uploads\/2023\/02\/AFOTO-MULHER-4-768x502.jpg 768w\" sizes=\"(max-width: 900px) 100vw, 900px\" \/><\/p>\n<p><img loading=\"lazy\" decoding=\"async\" class=\"alignnone wp-image-3976 size-full\" src=\"https:\/\/portosma.com.br\/wp-content\/uploads\/2023\/02\/AFOTO-MULHER-5.jpg\" alt=\"\" width=\"900\" height=\"601\" srcset=\"https:\/\/portosma.com.br\/wp-content\/uploads\/2023\/02\/AFOTO-MULHER-5.jpg 900w, https:\/\/portosma.com.br\/wp-content\/uploads\/2023\/02\/AFOTO-MULHER-5-300x200.jpg 300w, https:\/\/portosma.com.br\/wp-content\/uploads\/2023\/02\/AFOTO-MULHER-5-768x513.jpg 768w\" sizes=\"(max-width: 900px) 100vw, 900px\" \/><\/p>\n<p>Lugar: PORTOSMA<br \/>\nFonte: Reda\u00e7\u00e3o<br \/>\nData da Not\u00ed\u00a3\u00a9a: 08\/03\/2020<\/p>\n","protected":false},"excerpt":{"rendered":"<p>A\u00e7\u00f5es de sa\u00fade, beleza e palestra contra viol\u00eancia feminina marcaram um dia dia inteiro de atividades.<\/p>\n","protected":false},"author":1,"featured_media":0,"comment_status":"closed","ping_status":"open","sticky":false,"template":"","format":"standard","meta":{"_editorskit_title_hidden":false,"_editorskit_reading_time":0,"_editorskit_is_block_options_detached":false,"_editorskit_block_options_position":"{}","ngg_post_thumbnail":0,"footnotes":""},"categories":[1],"tags":[],"class_list":["post-3971","post","type-post","status-publish","format-standard","hentry","category-noticias"],"yoast_head":"<!-- This site is optimized with the Yoast SEO plugin v22.5 - https:\/\/yoast.com\/wordpress\/plugins\/seo\/ -->\n<title>Soamar e Capitania dos Portos promovem a\u00e7\u00e3o social pelo Dia Internacional da Mulher - Portosma<\/title>\n<meta name=\"robots\" content=\"index, follow, max-snippet:-1, max-image-preview:large, max-video-preview:-1\" \/>\n<link rel=\"canonical\" href=\"https:\/\/portosma.com.br\/index.php\/2020\/03\/08\/soamar-e-capitania-dos-portos-promovem-acao-social-pelo-dia-internacional-da-mulher\/\" \/>\n<meta property=\"og:locale\" content=\"pt_BR\" \/>\n<meta property=\"og:type\" content=\"article\" \/>\n<meta property=\"og:title\" content=\"Soamar e Capitania dos Portos promovem a\u00e7\u00e3o social pelo Dia Internacional da Mulher - Portosma\" \/>\n<meta property=\"og:description\" content=\"A\u00e7\u00f5es de sa\u00fade, beleza e palestra contra viol\u00eancia feminina marcaram um dia dia inteiro de atividades.\" \/>\n<meta property=\"og:url\" content=\"https:\/\/portosma.com.br\/index.php\/2020\/03\/08\/soamar-e-capitania-dos-portos-promovem-acao-social-pelo-dia-internacional-da-mulher\/\" \/>\n<meta property=\"og:site_name\" content=\"Portosma\" \/>\n<meta property=\"article:published_time\" content=\"2020-03-08T01:04:23+00:00\" \/>\n<meta property=\"article:modified_time\" content=\"2023-02-07T01:11:20+00:00\" \/>\n<meta property=\"og:image\" content=\"https:\/\/portosma.com.br\/wp-content\/uploads\/2023\/02\/AFOTO-MULHER-2.jpg\" \/>\n<meta name=\"author\" content=\"admin\" \/>\n<meta name=\"twitter:card\" content=\"summary_large_image\" \/>\n<meta name=\"twitter:label1\" content=\"Escrito por\" \/>\n\t<meta name=\"twitter:data1\" content=\"admin\" \/>\n\t<meta name=\"twitter:label2\" content=\"Est. tempo de leitura\" \/>\n\t<meta name=\"twitter:data2\" content=\"4 minutos\" \/>\n<script type=\"application\/ld+json\" class=\"yoast-schema-graph\">{\"@context\":\"https:\/\/schema.org\",\"@graph\":[{\"@type\":\"Article\",\"@id\":\"https:\/\/portosma.com.br\/index.php\/2020\/03\/08\/soamar-e-capitania-dos-portos-promovem-acao-social-pelo-dia-internacional-da-mulher\/#article\",\"isPartOf\":{\"@id\":\"https:\/\/portosma.com.br\/index.php\/2020\/03\/08\/soamar-e-capitania-dos-portos-promovem-acao-social-pelo-dia-internacional-da-mulher\/\"},\"author\":{\"name\":\"admin\",\"@id\":\"https:\/\/portosma.com.br\/#\/schema\/person\/fb92dfe283ab47293259c87c813d8623\"},\"headline\":\"Soamar e Capitania dos Portos promovem a\u00e7\u00e3o social pelo Dia Internacional da Mulher\",\"datePublished\":\"2020-03-08T01:04:23+00:00\",\"dateModified\":\"2023-02-07T01:11:20+00:00\",\"mainEntityOfPage\":{\"@id\":\"https:\/\/portosma.com.br\/index.php\/2020\/03\/08\/soamar-e-capitania-dos-portos-promovem-acao-social-pelo-dia-internacional-da-mulher\/\"},\"wordCount\":717,\"publisher\":{\"@id\":\"https:\/\/portosma.com.br\/#organization\"},\"image\":{\"@id\":\"https:\/\/portosma.com.br\/index.php\/2020\/03\/08\/soamar-e-capitania-dos-portos-promovem-acao-social-pelo-dia-internacional-da-mulher\/#primaryimage\"},\"thumbnailUrl\":\"https:\/\/portosma.com.br\/wp-content\/uploads\/2023\/02\/AFOTO-MULHER-2.jpg\",\"articleSection\":[\"Not\u00edcias\"],\"inLanguage\":\"pt-BR\"},{\"@type\":\"WebPage\",\"@id\":\"https:\/\/portosma.com.br\/index.php\/2020\/03\/08\/soamar-e-capitania-dos-portos-promovem-acao-social-pelo-dia-internacional-da-mulher\/\",\"url\":\"https:\/\/portosma.com.br\/index.php\/2020\/03\/08\/soamar-e-capitania-dos-portos-promovem-acao-social-pelo-dia-internacional-da-mulher\/\",\"name\":\"Soamar e Capitania dos Portos promovem a\u00e7\u00e3o social pelo Dia Internacional da Mulher - Portosma\",\"isPartOf\":{\"@id\":\"https:\/\/portosma.com.br\/#website\"},\"primaryImageOfPage\":{\"@id\":\"https:\/\/portosma.com.br\/index.php\/2020\/03\/08\/soamar-e-capitania-dos-portos-promovem-acao-social-pelo-dia-internacional-da-mulher\/#primaryimage\"},\"image\":{\"@id\":\"https:\/\/portosma.com.br\/index.php\/2020\/03\/08\/soamar-e-capitania-dos-portos-promovem-acao-social-pelo-dia-internacional-da-mulher\/#primaryimage\"},\"thumbnailUrl\":\"https:\/\/portosma.com.br\/wp-content\/uploads\/2023\/02\/AFOTO-MULHER-2.jpg\",\"datePublished\":\"2020-03-08T01:04:23+00:00\",\"dateModified\":\"2023-02-07T01:11:20+00:00\",\"breadcrumb\":{\"@id\":\"https:\/\/portosma.com.br\/index.php\/2020\/03\/08\/soamar-e-capitania-dos-portos-promovem-acao-social-pelo-dia-internacional-da-mulher\/#breadcrumb\"},\"inLanguage\":\"pt-BR\",\"potentialAction\":[{\"@type\":\"ReadAction\",\"target\":[\"https:\/\/portosma.com.br\/index.php\/2020\/03\/08\/soamar-e-capitania-dos-portos-promovem-acao-social-pelo-dia-internacional-da-mulher\/\"]}]},{\"@type\":\"ImageObject\",\"inLanguage\":\"pt-BR\",\"@id\":\"https:\/\/portosma.com.br\/index.php\/2020\/03\/08\/soamar-e-capitania-dos-portos-promovem-acao-social-pelo-dia-internacional-da-mulher\/#primaryimage\",\"url\":\"https:\/\/portosma.com.br\/wp-content\/uploads\/2023\/02\/AFOTO-MULHER-2.jpg\",\"contentUrl\":\"https:\/\/portosma.com.br\/wp-content\/uploads\/2023\/02\/AFOTO-MULHER-2.jpg\",\"width\":450,\"height\":311},{\"@type\":\"BreadcrumbList\",\"@id\":\"https:\/\/portosma.com.br\/index.php\/2020\/03\/08\/soamar-e-capitania-dos-portos-promovem-acao-social-pelo-dia-internacional-da-mulher\/#breadcrumb\",\"itemListElement\":[{\"@type\":\"ListItem\",\"position\":1,\"name\":\"In\u00edcio\",\"item\":\"https:\/\/portosma.com.br\/\"},{\"@type\":\"ListItem\",\"position\":2,\"name\":\"Soamar e Capitania dos Portos promovem a\u00e7\u00e3o social pelo Dia Internacional da Mulher\"}]},{\"@type\":\"WebSite\",\"@id\":\"https:\/\/portosma.com.br\/#website\",\"url\":\"https:\/\/portosma.com.br\/\",\"name\":\"Portosma\",\"description\":\"Um site de not\u00edcias\",\"publisher\":{\"@id\":\"https:\/\/portosma.com.br\/#organization\"},\"potentialAction\":[{\"@type\":\"SearchAction\",\"target\":{\"@type\":\"EntryPoint\",\"urlTemplate\":\"https:\/\/portosma.com.br\/?s={search_term_string}\"},\"query-input\":\"required name=search_term_string\"}],\"inLanguage\":\"pt-BR\"},{\"@type\":\"Organization\",\"@id\":\"https:\/\/portosma.com.br\/#organization\",\"name\":\"Portosma\",\"alternateName\":\"Portosma\",\"url\":\"https:\/\/portosma.com.br\/\",\"logo\":{\"@type\":\"ImageObject\",\"inLanguage\":\"pt-BR\",\"@id\":\"https:\/\/portosma.com.br\/#\/schema\/logo\/image\/\",\"url\":\"https:\/\/portosma.com.br\/wp-content\/uploads\/2026\/03\/cropped-AD-PORTOSMA.jpg\",\"contentUrl\":\"https:\/\/portosma.com.br\/wp-content\/uploads\/2026\/03\/cropped-AD-PORTOSMA.jpg\",\"width\":400,\"height\":115,\"caption\":\"Portosma\"},\"image\":{\"@id\":\"https:\/\/portosma.com.br\/#\/schema\/logo\/image\/\"}},{\"@type\":\"Person\",\"@id\":\"https:\/\/portosma.com.br\/#\/schema\/person\/fb92dfe283ab47293259c87c813d8623\",\"name\":\"admin\",\"sameAs\":[\"https:\/\/portosma.com.br\"],\"url\":\"https:\/\/portosma.com.br\/index.php\/author\/portosma\/\"}]}<\/script>\n<!-- \/ Yoast SEO plugin. -->","yoast_head_json":{"title":"Soamar e Capitania dos Portos promovem a\u00e7\u00e3o social pelo Dia Internacional da Mulher - Portosma","robots":{"index":"index","follow":"follow","max-snippet":"max-snippet:-1","max-image-preview":"max-image-preview:large","max-video-preview":"max-video-preview:-1"},"canonical":"https:\/\/portosma.com.br\/index.php\/2020\/03\/08\/soamar-e-capitania-dos-portos-promovem-acao-social-pelo-dia-internacional-da-mulher\/","og_locale":"pt_BR","og_type":"article","og_title":"Soamar e Capitania dos Portos promovem a\u00e7\u00e3o social pelo Dia Internacional da Mulher - Portosma","og_description":"A\u00e7\u00f5es de sa\u00fade, beleza e palestra contra viol\u00eancia feminina marcaram um dia dia inteiro de atividades.","og_url":"https:\/\/portosma.com.br\/index.php\/2020\/03\/08\/soamar-e-capitania-dos-portos-promovem-acao-social-pelo-dia-internacional-da-mulher\/","og_site_name":"Portosma","article_published_time":"2020-03-08T01:04:23+00:00","article_modified_time":"2023-02-07T01:11:20+00:00","og_image":[{"url":"https:\/\/portosma.com.br\/wp-content\/uploads\/2023\/02\/AFOTO-MULHER-2.jpg"}],"author":"admin","twitter_card":"summary_large_image","twitter_misc":{"Escrito por":"admin","Est. tempo de leitura":"4 minutos"},"schema":{"@context":"https:\/\/schema.org","@graph":[{"@type":"Article","@id":"https:\/\/portosma.com.br\/index.php\/2020\/03\/08\/soamar-e-capitania-dos-portos-promovem-acao-social-pelo-dia-internacional-da-mulher\/#article","isPartOf":{"@id":"https:\/\/portosma.com.br\/index.php\/2020\/03\/08\/soamar-e-capitania-dos-portos-promovem-acao-social-pelo-dia-internacional-da-mulher\/"},"author":{"name":"admin","@id":"https:\/\/portosma.com.br\/#\/schema\/person\/fb92dfe283ab47293259c87c813d8623"},"headline":"Soamar e Capitania dos Portos promovem a\u00e7\u00e3o social pelo Dia Internacional da Mulher","datePublished":"2020-03-08T01:04:23+00:00","dateModified":"2023-02-07T01:11:20+00:00","mainEntityOfPage":{"@id":"https:\/\/portosma.com.br\/index.php\/2020\/03\/08\/soamar-e-capitania-dos-portos-promovem-acao-social-pelo-dia-internacional-da-mulher\/"},"wordCount":717,"publisher":{"@id":"https:\/\/portosma.com.br\/#organization"},"image":{"@id":"https:\/\/portosma.com.br\/index.php\/2020\/03\/08\/soamar-e-capitania-dos-portos-promovem-acao-social-pelo-dia-internacional-da-mulher\/#primaryimage"},"thumbnailUrl":"https:\/\/portosma.com.br\/wp-content\/uploads\/2023\/02\/AFOTO-MULHER-2.jpg","articleSection":["Not\u00edcias"],"inLanguage":"pt-BR"},{"@type":"WebPage","@id":"https:\/\/portosma.com.br\/index.php\/2020\/03\/08\/soamar-e-capitania-dos-portos-promovem-acao-social-pelo-dia-internacional-da-mulher\/","url":"https:\/\/portosma.com.br\/index.php\/2020\/03\/08\/soamar-e-capitania-dos-portos-promovem-acao-social-pelo-dia-internacional-da-mulher\/","name":"Soamar e Capitania dos Portos promovem a\u00e7\u00e3o social pelo Dia Internacional da Mulher - Portosma","isPartOf":{"@id":"https:\/\/portosma.com.br\/#website"},"primaryImageOfPage":{"@id":"https:\/\/portosma.com.br\/index.php\/2020\/03\/08\/soamar-e-capitania-dos-portos-promovem-acao-social-pelo-dia-internacional-da-mulher\/#primaryimage"},"image":{"@id":"https:\/\/portosma.com.br\/index.php\/2020\/03\/08\/soamar-e-capitania-dos-portos-promovem-acao-social-pelo-dia-internacional-da-mulher\/#primaryimage"},"thumbnailUrl":"https:\/\/portosma.com.br\/wp-content\/uploads\/2023\/02\/AFOTO-MULHER-2.jpg","datePublished":"2020-03-08T01:04:23+00:00","dateModified":"2023-02-07T01:11:20+00:00","breadcrumb":{"@id":"https:\/\/portosma.com.br\/index.php\/2020\/03\/08\/soamar-e-capitania-dos-portos-promovem-acao-social-pelo-dia-internacional-da-mulher\/#breadcrumb"},"inLanguage":"pt-BR","potentialAction":[{"@type":"ReadAction","target":["https:\/\/portosma.com.br\/index.php\/2020\/03\/08\/soamar-e-capitania-dos-portos-promovem-acao-social-pelo-dia-internacional-da-mulher\/"]}]},{"@type":"ImageObject","inLanguage":"pt-BR","@id":"https:\/\/portosma.com.br\/index.php\/2020\/03\/08\/soamar-e-capitania-dos-portos-promovem-acao-social-pelo-dia-internacional-da-mulher\/#primaryimage","url":"https:\/\/portosma.com.br\/wp-content\/uploads\/2023\/02\/AFOTO-MULHER-2.jpg","contentUrl":"https:\/\/portosma.com.br\/wp-content\/uploads\/2023\/02\/AFOTO-MULHER-2.jpg","width":450,"height":311},{"@type":"BreadcrumbList","@id":"https:\/\/portosma.com.br\/index.php\/2020\/03\/08\/soamar-e-capitania-dos-portos-promovem-acao-social-pelo-dia-internacional-da-mulher\/#breadcrumb","itemListElement":[{"@type":"ListItem","position":1,"name":"In\u00edcio","item":"https:\/\/portosma.com.br\/"},{"@type":"ListItem","position":2,"name":"Soamar e Capitania dos Portos promovem a\u00e7\u00e3o social pelo Dia Internacional da Mulher"}]},{"@type":"WebSite","@id":"https:\/\/portosma.com.br\/#website","url":"https:\/\/portosma.com.br\/","name":"Portosma","description":"Um site de not\u00edcias","publisher":{"@id":"https:\/\/portosma.com.br\/#organization"},"potentialAction":[{"@type":"SearchAction","target":{"@type":"EntryPoint","urlTemplate":"https:\/\/portosma.com.br\/?s={search_term_string}"},"query-input":"required name=search_term_string"}],"inLanguage":"pt-BR"},{"@type":"Organization","@id":"https:\/\/portosma.com.br\/#organization","name":"Portosma","alternateName":"Portosma","url":"https:\/\/portosma.com.br\/","logo":{"@type":"ImageObject","inLanguage":"pt-BR","@id":"https:\/\/portosma.com.br\/#\/schema\/logo\/image\/","url":"https:\/\/portosma.com.br\/wp-content\/uploads\/2026\/03\/cropped-AD-PORTOSMA.jpg","contentUrl":"https:\/\/portosma.com.br\/wp-content\/uploads\/2026\/03\/cropped-AD-PORTOSMA.jpg","width":400,"height":115,"caption":"Portosma"},"image":{"@id":"https:\/\/portosma.com.br\/#\/schema\/logo\/image\/"}},{"@type":"Person","@id":"https:\/\/portosma.com.br\/#\/schema\/person\/fb92dfe283ab47293259c87c813d8623","name":"admin","sameAs":["https:\/\/portosma.com.br"],"url":"https:\/\/portosma.com.br\/index.php\/author\/portosma\/"}]}},"_links":{"self":[{"href":"https:\/\/portosma.com.br\/index.php\/wp-json\/wp\/v2\/posts\/3971","targetHints":{"allow":["GET"]}}],"collection":[{"href":"https:\/\/portosma.com.br\/index.php\/wp-json\/wp\/v2\/posts"}],"about":[{"href":"https:\/\/portosma.com.br\/index.php\/wp-json\/wp\/v2\/types\/post"}],"author":[{"embeddable":true,"href":"https:\/\/portosma.com.br\/index.php\/wp-json\/wp\/v2\/users\/1"}],"replies":[{"embeddable":true,"href":"https:\/\/portosma.com.br\/index.php\/wp-json\/wp\/v2\/comments?post=3971"}],"version-history":[{"count":1,"href":"https:\/\/portosma.com.br\/index.php\/wp-json\/wp\/v2\/posts\/3971\/revisions"}],"predecessor-version":[{"id":3977,"href":"https:\/\/portosma.com.br\/index.php\/wp-json\/wp\/v2\/posts\/3971\/revisions\/3977"}],"wp:attachment":[{"href":"https:\/\/portosma.com.br\/index.php\/wp-json\/wp\/v2\/media?parent=3971"}],"wp:term":[{"taxonomy":"category","embeddable":true,"href":"https:\/\/portosma.com.br\/index.php\/wp-json\/wp\/v2\/categories?post=3971"},{"taxonomy":"post_tag","embeddable":true,"href":"https:\/\/portosma.com.br\/index.php\/wp-json\/wp\/v2\/tags?post=3971"}],"curies":[{"name":"wp","href":"https:\/\/api.w.org\/{rel}","templated":true}]}}