{"id":3954,"date":"2020-01-01T00:44:39","date_gmt":"2020-01-01T00:44:39","guid":{"rendered":"https:\/\/portosma.com.br\/?p=3954"},"modified":"2023-02-07T01:15:06","modified_gmt":"2023-02-07T01:15:06","slug":"capitania-e-soamar-realizam-um-dia-inteiro-de-acoes-sociais-no-dia-do-marinheiro","status":"publish","type":"post","link":"https:\/\/portosma.com.br\/index.php\/2020\/01\/01\/capitania-e-soamar-realizam-um-dia-inteiro-de-acoes-sociais-no-dia-do-marinheiro\/","title":{"rendered":"Capitania e Soamar realizam um dia inteiro de a\u00e7\u00f5es sociais no dia do Marinheiro"},"content":{"rendered":"<p><img fetchpriority=\"high\" decoding=\"async\" class=\"alignnone wp-image-3945 size-full\" src=\"https:\/\/portosma.com.br\/wp-content\/uploads\/2023\/02\/AFOTO-COQUEIRO-1.jpg\" alt=\"\" width=\"900\" height=\"424\" srcset=\"https:\/\/portosma.com.br\/wp-content\/uploads\/2023\/02\/AFOTO-COQUEIRO-1.jpg 900w, https:\/\/portosma.com.br\/wp-content\/uploads\/2023\/02\/AFOTO-COQUEIRO-1-300x141.jpg 300w, https:\/\/portosma.com.br\/wp-content\/uploads\/2023\/02\/AFOTO-COQUEIRO-1-768x362.jpg 768w\" sizes=\"(max-width: 900px) 100vw, 900px\" \/><\/p>\n<p>Um dia inteiro de a\u00e7\u00e3o social e solidariedade. Assim pode ser resumida \u00e0s 24 horas do dia treze de dezembro, comemoradas pela Marinha, atrav\u00e9s da Capitania dos Portos do Maranh\u00e3o, e pela Soamar como sendo o Dia do Marinheiro. Numa intensa programa\u00e7\u00e3o social que contou com a participa\u00e7\u00e3o do Soamar atrav\u00e9s dos diretores Jobert Jos\u00e9 Salgado, Nan Souza, Carlos Guterres e Coronel dos Anjos e da Capitania dos Portos representada na parte da manh\u00e3 pela Tenente Camila e na parte da tarde pelo pr\u00f3prio Comandante, CMG M\u00e1rcio Ramalho Dutra e Mello. Foram duas as a\u00e7\u00f5es, e, em ambas, destacou-se, pela primeira Vaz na hist\u00f3ria da Sociedade Amigos da Marinha do Maranh\u00e3o, o empenho fundamental das mulheres que hoje integram o Conselho de Mulheres Soamarinas, criado nesta gest\u00e3o e j\u00e1 com excelentes trabalhos realizados junto \u00e0s comunidades carentes da ilha de S\u00e3o Lu\u00eds.<\/p>\n<p>A primeira das a\u00e7\u00f5es do dia ocorreu na Comunidade de Coqueiro, a 35 km de S\u00e3o Lu\u00eds, onde mais de 35 crian\u00e7as, dos povoados de Portinho, Jacamim, Mapa, Baubai e Ilha Pequena receberam kits escolares, kits lanches e brinquedos. Os soamarinos e representantes da Capitania dos Portos foram recebidos pela Agente de Sa\u00fade Denise Lemos e contaram ainda com o apoio log\u00edsticos da GMS Brazil, do empres\u00e1rio Lu\u00edz In\u00e1cio Corr\u00eaa Filho e da Transportes Busy, do empres\u00e1rio Benedito Ubaldo. Al\u00e9m das crian\u00e7as, tamb\u00e9m os adultos, mais precisamente os catraieros \u2013 barqueiros que realizam a travessia de pessoas da Ilha de Tau\u00e1 Mirim at\u00e9 a Ilha de S\u00e3o Lu\u00eds \u2013 receberam equipamentos de sobreviv\u00eancia, tipo Coletes de Salva Vidas, al\u00e9m de instru\u00e7\u00f5es de como us\u00e1-los e da import\u00e2ncia do mesmo para preserva\u00e7\u00e3o da vida deles pr\u00f3prios e dos seus passageiros. Os coletes foram doados a Soamar pela Vale Mineradora.<\/p>\n<p><img decoding=\"async\" class=\"alignnone wp-image-3946 size-full\" src=\"https:\/\/portosma.com.br\/wp-content\/uploads\/2023\/02\/AFOTO-COQUEIRO-2.jpg\" alt=\"\" width=\"900\" height=\"313\" srcset=\"https:\/\/portosma.com.br\/wp-content\/uploads\/2023\/02\/AFOTO-COQUEIRO-2.jpg 900w, https:\/\/portosma.com.br\/wp-content\/uploads\/2023\/02\/AFOTO-COQUEIRO-2-300x104.jpg 300w, https:\/\/portosma.com.br\/wp-content\/uploads\/2023\/02\/AFOTO-COQUEIRO-2-768x267.jpg 768w\" sizes=\"(max-width: 900px) 100vw, 900px\" \/><\/p>\n<p>Vale registrar que a Prefeitira de S\u00e3o Lu\u00eds, atrav\u00e9s da Secret\u00e1ria de Educa\u00e7\u00e3o, mant\u00e9m um servi\u00e7o di\u00e1rio de lanchas que diariamente fazem a travessias de dezenas de alunos de um lado ao outro da ilha de Tau\u00e1 Miirim, sempre em dois hor\u00e1rios: manh\u00e3&nbsp; e tarde. Al\u00e9m da a\u00e7\u00e3o social da Soamar-Capitania dos Portos, a comunidade do Coqueiro ter\u00e1 ainda, no pr\u00f3ximo dia 20 deste m\u00eas, uma outra manifesta\u00e7\u00e3o social igualmente voltada para crian\u00e7as e adultos.&nbsp; A dupla de empres\u00e1rios Luiz\/Danielle, da GMS, ir\u00e1 distribuir 500 cestas b\u00e1sicas para toda comunidade, al\u00e9m de muitos brinquedos que far\u00e3o a festa das crian\u00e7as ribeirinhas.<\/p>\n<p><img decoding=\"async\" class=\"alignnone wp-image-3947 size-full\" src=\"https:\/\/portosma.com.br\/wp-content\/uploads\/2023\/02\/AFOTO-COQUEIRO-3.jpg\" alt=\"\" width=\"900\" height=\"336\" srcset=\"https:\/\/portosma.com.br\/wp-content\/uploads\/2023\/02\/AFOTO-COQUEIRO-3.jpg 900w, https:\/\/portosma.com.br\/wp-content\/uploads\/2023\/02\/AFOTO-COQUEIRO-3-300x112.jpg 300w, https:\/\/portosma.com.br\/wp-content\/uploads\/2023\/02\/AFOTO-COQUEIRO-3-768x287.jpg 768w\" sizes=\"(max-width: 900px) 100vw, 900px\" \/><\/p>\n<p>Na parte da tarde as a\u00e7\u00f5es se voltaram para a capital, S\u00e3o Lu\u00eds, e desta vez o foco das a\u00e7\u00f5es Soamar e Capitania dos Portos se voltaram para fazer a alegria de pouco mais de 15 crian\u00e7as portadoras do v\u00edrus HIV, assistidas pela Casa Sonho de Crian\u00e7a, uma entidade sem fim lucrativo que sobrevive de doa\u00e7\u00f5es e atende, entre crian\u00e7as e adultos, mais de tr\u00eas mil pessoas num trip\u00e9 solid\u00e1rio representado por creche, abrigo de passagem e orfanatos. Al\u00e9m da Casa Sonho de Crian\u00e7a a entidade mant\u00e9m tamb\u00e9m o Lar Irm\u00e3 M\u00f4nica, este voltado para atender exclusivamente jovens e adultos.<\/p>\n<p><img loading=\"lazy\" decoding=\"async\" class=\"alignnone wp-image-3948 size-full\" src=\"https:\/\/portosma.com.br\/wp-content\/uploads\/2023\/02\/AFOTO-COQUEIRO-4.jpg\" alt=\"\" width=\"900\" height=\"287\" srcset=\"https:\/\/portosma.com.br\/wp-content\/uploads\/2023\/02\/AFOTO-COQUEIRO-4.jpg 900w, https:\/\/portosma.com.br\/wp-content\/uploads\/2023\/02\/AFOTO-COQUEIRO-4-300x96.jpg 300w, https:\/\/portosma.com.br\/wp-content\/uploads\/2023\/02\/AFOTO-COQUEIRO-4-768x245.jpg 768w\" sizes=\"(max-width: 900px) 100vw, 900px\" \/><\/p>\n<p>Esse grupo de crian\u00e7as, acompanhados por orientadoras e volunt\u00e1rias da Casa Sonho de Crian\u00e7a, foram alvos de a\u00e7\u00f5es inesquec\u00edveis, considerando que \u2013 para a maioria delas \u2013 foram experi\u00eancias in\u00e9ditas. Uma van da Capitania ficou respons\u00e1vel pelo translado do grupo at\u00e9 o Forte Santo Antonio, onde foram apresentados ao Museu e acervo que conta a hist\u00f3ria da navega\u00e7\u00e3o e da pr\u00f3pria Ilha de S\u00e3o Lu\u00eds. Depois receberam lanches e puderam assistir, tamb\u00e9m, a inaugura\u00e7\u00e3o de uma sala museu, dentro do Museu de Santo Antonio, com pe\u00e7as doadas pelo Museu Mar\u00edtimo da Soamar. \u201cTrata-se de uma expans\u00e3o importante da visibilidade da nossa Soamar e da Capitania dos Portos, considerando ser este um local que converge centenas de pessoas todos os dias\u201d, disse o Capit\u00e3o dos Portos que estava na condi\u00e7\u00e3o de homenageado tamb\u00e9m, por se tratar de um 13 de dezembro, Dia do Marinheiro. Coube ao diretor art\u00edstico da Soamar Nan Souza, falar em nome da entidade e da felicidade que esta parceria representa para a Soamar do Maranh\u00e3o e a Marinha do Brasil.<\/p>\n<p>Para fechar o dia, todos a bordo: Capit\u00e3o dos Portos, soamarinos, mulheres do Conselho Feminino da Soamar, professoras, orientadoras, voluntarias e crian\u00e7as. Tendo como base de apoio a AVEN, na Pen\u00ednsula da Ponta D\u00b4Areia, o grupo embarcou no Catamar\u00e3 Larabela, uma confort\u00e1vel embarca\u00e7\u00e3o de 45 p\u00e9s, para o momento mais esperado pelos meninas e meninas da Casa Sonho de Crian\u00e7a: o passeio no mar. A embarca\u00e7\u00e3o atravessou todo o bra\u00e7o de mar at\u00e9 o Pal\u00e1cio dos Le\u00f5es, para em seguida percorrer a Beira Mar, contornar a Ponte de S\u00e3o Francisco e retornar ao ponto de origem. Um passeio pequeno pela dist\u00e2ncia percorrida, mas gigantesco pelo significado na vida dessas crian\u00e7as que vivem \u2013 e sobrevivem \u2013 do dia de hoje e da esperan\u00e7a do amanh\u00e3.<\/p>\n<p><img loading=\"lazy\" decoding=\"async\" class=\"alignnone wp-image-3949 size-full\" src=\"https:\/\/portosma.com.br\/wp-content\/uploads\/2023\/02\/AFOTO-COQUEIRO-5.jpg\" alt=\"\" width=\"900\" height=\"255\" srcset=\"https:\/\/portosma.com.br\/wp-content\/uploads\/2023\/02\/AFOTO-COQUEIRO-5.jpg 900w, https:\/\/portosma.com.br\/wp-content\/uploads\/2023\/02\/AFOTO-COQUEIRO-5-300x85.jpg 300w, https:\/\/portosma.com.br\/wp-content\/uploads\/2023\/02\/AFOTO-COQUEIRO-5-768x218.jpg 768w\" sizes=\"(max-width: 900px) 100vw, 900px\" \/><\/p>\n<p><em>Lugar: PORTOSMA<\/em><br \/>\n<em>Fonte: Reda\u00e7\u00e3o<\/em><br \/>\n<em>Data da Not\u00ed\u00a3\u00a9a: 01\/01\/2020<\/em><\/p>\n","protected":false},"excerpt":{"rendered":"<p>Brinquedos, kits escolares, coletes de salva vida e passeio de catamar\u00e3 fizeram parte da programa\u00e7\u00e3o.<\/p>\n","protected":false},"author":1,"featured_media":0,"comment_status":"closed","ping_status":"open","sticky":false,"template":"","format":"standard","meta":{"_editorskit_title_hidden":false,"_editorskit_reading_time":0,"_editorskit_is_block_options_detached":false,"_editorskit_block_options_position":"{}","ngg_post_thumbnail":0,"footnotes":""},"categories":[1],"tags":[],"class_list":["post-3954","post","type-post","status-publish","format-standard","hentry","category-noticias"],"yoast_head":"<!-- This site is optimized with the Yoast SEO plugin v22.5 - https:\/\/yoast.com\/wordpress\/plugins\/seo\/ -->\n<title>Capitania e Soamar realizam um dia inteiro de a\u00e7\u00f5es sociais no dia do Marinheiro - Portosma<\/title>\n<meta name=\"robots\" content=\"index, follow, max-snippet:-1, max-image-preview:large, max-video-preview:-1\" \/>\n<link rel=\"canonical\" href=\"https:\/\/portosma.com.br\/index.php\/2020\/01\/01\/capitania-e-soamar-realizam-um-dia-inteiro-de-acoes-sociais-no-dia-do-marinheiro\/\" \/>\n<meta property=\"og:locale\" content=\"pt_BR\" \/>\n<meta property=\"og:type\" content=\"article\" \/>\n<meta property=\"og:title\" content=\"Capitania e Soamar realizam um dia inteiro de a\u00e7\u00f5es sociais no dia do Marinheiro - Portosma\" \/>\n<meta property=\"og:description\" content=\"Brinquedos, kits escolares, coletes de salva vida e passeio de catamar\u00e3 fizeram parte da programa\u00e7\u00e3o.\" \/>\n<meta property=\"og:url\" content=\"https:\/\/portosma.com.br\/index.php\/2020\/01\/01\/capitania-e-soamar-realizam-um-dia-inteiro-de-acoes-sociais-no-dia-do-marinheiro\/\" \/>\n<meta property=\"og:site_name\" content=\"Portosma\" \/>\n<meta property=\"article:published_time\" content=\"2020-01-01T00:44:39+00:00\" \/>\n<meta property=\"article:modified_time\" content=\"2023-02-07T01:15:06+00:00\" \/>\n<meta property=\"og:image\" content=\"https:\/\/portosma.com.br\/wp-content\/uploads\/2023\/02\/AFOTO-COQUEIRO-1.jpg\" \/>\n<meta name=\"author\" content=\"admin\" \/>\n<meta name=\"twitter:card\" content=\"summary_large_image\" \/>\n<meta name=\"twitter:label1\" content=\"Escrito por\" \/>\n\t<meta name=\"twitter:data1\" content=\"admin\" \/>\n\t<meta name=\"twitter:label2\" content=\"Est. tempo de leitura\" \/>\n\t<meta name=\"twitter:data2\" content=\"4 minutos\" \/>\n<script type=\"application\/ld+json\" class=\"yoast-schema-graph\">{\"@context\":\"https:\/\/schema.org\",\"@graph\":[{\"@type\":\"Article\",\"@id\":\"https:\/\/portosma.com.br\/index.php\/2020\/01\/01\/capitania-e-soamar-realizam-um-dia-inteiro-de-acoes-sociais-no-dia-do-marinheiro\/#article\",\"isPartOf\":{\"@id\":\"https:\/\/portosma.com.br\/index.php\/2020\/01\/01\/capitania-e-soamar-realizam-um-dia-inteiro-de-acoes-sociais-no-dia-do-marinheiro\/\"},\"author\":{\"name\":\"admin\",\"@id\":\"https:\/\/portosma.com.br\/#\/schema\/person\/fb92dfe283ab47293259c87c813d8623\"},\"headline\":\"Capitania e Soamar realizam um dia inteiro de a\u00e7\u00f5es sociais no dia do Marinheiro\",\"datePublished\":\"2020-01-01T00:44:39+00:00\",\"dateModified\":\"2023-02-07T01:15:06+00:00\",\"mainEntityOfPage\":{\"@id\":\"https:\/\/portosma.com.br\/index.php\/2020\/01\/01\/capitania-e-soamar-realizam-um-dia-inteiro-de-acoes-sociais-no-dia-do-marinheiro\/\"},\"wordCount\":914,\"publisher\":{\"@id\":\"https:\/\/portosma.com.br\/#organization\"},\"image\":{\"@id\":\"https:\/\/portosma.com.br\/index.php\/2020\/01\/01\/capitania-e-soamar-realizam-um-dia-inteiro-de-acoes-sociais-no-dia-do-marinheiro\/#primaryimage\"},\"thumbnailUrl\":\"https:\/\/portosma.com.br\/wp-content\/uploads\/2023\/02\/AFOTO-COQUEIRO-1.jpg\",\"articleSection\":[\"Not\u00edcias\"],\"inLanguage\":\"pt-BR\"},{\"@type\":\"WebPage\",\"@id\":\"https:\/\/portosma.com.br\/index.php\/2020\/01\/01\/capitania-e-soamar-realizam-um-dia-inteiro-de-acoes-sociais-no-dia-do-marinheiro\/\",\"url\":\"https:\/\/portosma.com.br\/index.php\/2020\/01\/01\/capitania-e-soamar-realizam-um-dia-inteiro-de-acoes-sociais-no-dia-do-marinheiro\/\",\"name\":\"Capitania e Soamar realizam um dia inteiro de a\u00e7\u00f5es sociais no dia do Marinheiro - Portosma\",\"isPartOf\":{\"@id\":\"https:\/\/portosma.com.br\/#website\"},\"primaryImageOfPage\":{\"@id\":\"https:\/\/portosma.com.br\/index.php\/2020\/01\/01\/capitania-e-soamar-realizam-um-dia-inteiro-de-acoes-sociais-no-dia-do-marinheiro\/#primaryimage\"},\"image\":{\"@id\":\"https:\/\/portosma.com.br\/index.php\/2020\/01\/01\/capitania-e-soamar-realizam-um-dia-inteiro-de-acoes-sociais-no-dia-do-marinheiro\/#primaryimage\"},\"thumbnailUrl\":\"https:\/\/portosma.com.br\/wp-content\/uploads\/2023\/02\/AFOTO-COQUEIRO-1.jpg\",\"datePublished\":\"2020-01-01T00:44:39+00:00\",\"dateModified\":\"2023-02-07T01:15:06+00:00\",\"breadcrumb\":{\"@id\":\"https:\/\/portosma.com.br\/index.php\/2020\/01\/01\/capitania-e-soamar-realizam-um-dia-inteiro-de-acoes-sociais-no-dia-do-marinheiro\/#breadcrumb\"},\"inLanguage\":\"pt-BR\",\"potentialAction\":[{\"@type\":\"ReadAction\",\"target\":[\"https:\/\/portosma.com.br\/index.php\/2020\/01\/01\/capitania-e-soamar-realizam-um-dia-inteiro-de-acoes-sociais-no-dia-do-marinheiro\/\"]}]},{\"@type\":\"ImageObject\",\"inLanguage\":\"pt-BR\",\"@id\":\"https:\/\/portosma.com.br\/index.php\/2020\/01\/01\/capitania-e-soamar-realizam-um-dia-inteiro-de-acoes-sociais-no-dia-do-marinheiro\/#primaryimage\",\"url\":\"https:\/\/portosma.com.br\/wp-content\/uploads\/2023\/02\/AFOTO-COQUEIRO-1.jpg\",\"contentUrl\":\"https:\/\/portosma.com.br\/wp-content\/uploads\/2023\/02\/AFOTO-COQUEIRO-1.jpg\",\"width\":900,\"height\":424},{\"@type\":\"BreadcrumbList\",\"@id\":\"https:\/\/portosma.com.br\/index.php\/2020\/01\/01\/capitania-e-soamar-realizam-um-dia-inteiro-de-acoes-sociais-no-dia-do-marinheiro\/#breadcrumb\",\"itemListElement\":[{\"@type\":\"ListItem\",\"position\":1,\"name\":\"In\u00edcio\",\"item\":\"https:\/\/portosma.com.br\/\"},{\"@type\":\"ListItem\",\"position\":2,\"name\":\"Capitania e Soamar realizam um dia inteiro de a\u00e7\u00f5es sociais no dia do Marinheiro\"}]},{\"@type\":\"WebSite\",\"@id\":\"https:\/\/portosma.com.br\/#website\",\"url\":\"https:\/\/portosma.com.br\/\",\"name\":\"Portosma\",\"description\":\"Um site de not\u00edcias\",\"publisher\":{\"@id\":\"https:\/\/portosma.com.br\/#organization\"},\"potentialAction\":[{\"@type\":\"SearchAction\",\"target\":{\"@type\":\"EntryPoint\",\"urlTemplate\":\"https:\/\/portosma.com.br\/?s={search_term_string}\"},\"query-input\":\"required name=search_term_string\"}],\"inLanguage\":\"pt-BR\"},{\"@type\":\"Organization\",\"@id\":\"https:\/\/portosma.com.br\/#organization\",\"name\":\"Portosma\",\"alternateName\":\"Portosma\",\"url\":\"https:\/\/portosma.com.br\/\",\"logo\":{\"@type\":\"ImageObject\",\"inLanguage\":\"pt-BR\",\"@id\":\"https:\/\/portosma.com.br\/#\/schema\/logo\/image\/\",\"url\":\"https:\/\/portosma.com.br\/wp-content\/uploads\/2026\/03\/cropped-AD-PORTOSMA.jpg\",\"contentUrl\":\"https:\/\/portosma.com.br\/wp-content\/uploads\/2026\/03\/cropped-AD-PORTOSMA.jpg\",\"width\":400,\"height\":115,\"caption\":\"Portosma\"},\"image\":{\"@id\":\"https:\/\/portosma.com.br\/#\/schema\/logo\/image\/\"}},{\"@type\":\"Person\",\"@id\":\"https:\/\/portosma.com.br\/#\/schema\/person\/fb92dfe283ab47293259c87c813d8623\",\"name\":\"admin\",\"sameAs\":[\"https:\/\/portosma.com.br\"],\"url\":\"https:\/\/portosma.com.br\/index.php\/author\/portosma\/\"}]}<\/script>\n<!-- \/ Yoast SEO plugin. -->","yoast_head_json":{"title":"Capitania e Soamar realizam um dia inteiro de a\u00e7\u00f5es sociais no dia do Marinheiro - Portosma","robots":{"index":"index","follow":"follow","max-snippet":"max-snippet:-1","max-image-preview":"max-image-preview:large","max-video-preview":"max-video-preview:-1"},"canonical":"https:\/\/portosma.com.br\/index.php\/2020\/01\/01\/capitania-e-soamar-realizam-um-dia-inteiro-de-acoes-sociais-no-dia-do-marinheiro\/","og_locale":"pt_BR","og_type":"article","og_title":"Capitania e Soamar realizam um dia inteiro de a\u00e7\u00f5es sociais no dia do Marinheiro - Portosma","og_description":"Brinquedos, kits escolares, coletes de salva vida e passeio de catamar\u00e3 fizeram parte da programa\u00e7\u00e3o.","og_url":"https:\/\/portosma.com.br\/index.php\/2020\/01\/01\/capitania-e-soamar-realizam-um-dia-inteiro-de-acoes-sociais-no-dia-do-marinheiro\/","og_site_name":"Portosma","article_published_time":"2020-01-01T00:44:39+00:00","article_modified_time":"2023-02-07T01:15:06+00:00","og_image":[{"url":"https:\/\/portosma.com.br\/wp-content\/uploads\/2023\/02\/AFOTO-COQUEIRO-1.jpg"}],"author":"admin","twitter_card":"summary_large_image","twitter_misc":{"Escrito por":"admin","Est. tempo de leitura":"4 minutos"},"schema":{"@context":"https:\/\/schema.org","@graph":[{"@type":"Article","@id":"https:\/\/portosma.com.br\/index.php\/2020\/01\/01\/capitania-e-soamar-realizam-um-dia-inteiro-de-acoes-sociais-no-dia-do-marinheiro\/#article","isPartOf":{"@id":"https:\/\/portosma.com.br\/index.php\/2020\/01\/01\/capitania-e-soamar-realizam-um-dia-inteiro-de-acoes-sociais-no-dia-do-marinheiro\/"},"author":{"name":"admin","@id":"https:\/\/portosma.com.br\/#\/schema\/person\/fb92dfe283ab47293259c87c813d8623"},"headline":"Capitania e Soamar realizam um dia inteiro de a\u00e7\u00f5es sociais no dia do Marinheiro","datePublished":"2020-01-01T00:44:39+00:00","dateModified":"2023-02-07T01:15:06+00:00","mainEntityOfPage":{"@id":"https:\/\/portosma.com.br\/index.php\/2020\/01\/01\/capitania-e-soamar-realizam-um-dia-inteiro-de-acoes-sociais-no-dia-do-marinheiro\/"},"wordCount":914,"publisher":{"@id":"https:\/\/portosma.com.br\/#organization"},"image":{"@id":"https:\/\/portosma.com.br\/index.php\/2020\/01\/01\/capitania-e-soamar-realizam-um-dia-inteiro-de-acoes-sociais-no-dia-do-marinheiro\/#primaryimage"},"thumbnailUrl":"https:\/\/portosma.com.br\/wp-content\/uploads\/2023\/02\/AFOTO-COQUEIRO-1.jpg","articleSection":["Not\u00edcias"],"inLanguage":"pt-BR"},{"@type":"WebPage","@id":"https:\/\/portosma.com.br\/index.php\/2020\/01\/01\/capitania-e-soamar-realizam-um-dia-inteiro-de-acoes-sociais-no-dia-do-marinheiro\/","url":"https:\/\/portosma.com.br\/index.php\/2020\/01\/01\/capitania-e-soamar-realizam-um-dia-inteiro-de-acoes-sociais-no-dia-do-marinheiro\/","name":"Capitania e Soamar realizam um dia inteiro de a\u00e7\u00f5es sociais no dia do Marinheiro - Portosma","isPartOf":{"@id":"https:\/\/portosma.com.br\/#website"},"primaryImageOfPage":{"@id":"https:\/\/portosma.com.br\/index.php\/2020\/01\/01\/capitania-e-soamar-realizam-um-dia-inteiro-de-acoes-sociais-no-dia-do-marinheiro\/#primaryimage"},"image":{"@id":"https:\/\/portosma.com.br\/index.php\/2020\/01\/01\/capitania-e-soamar-realizam-um-dia-inteiro-de-acoes-sociais-no-dia-do-marinheiro\/#primaryimage"},"thumbnailUrl":"https:\/\/portosma.com.br\/wp-content\/uploads\/2023\/02\/AFOTO-COQUEIRO-1.jpg","datePublished":"2020-01-01T00:44:39+00:00","dateModified":"2023-02-07T01:15:06+00:00","breadcrumb":{"@id":"https:\/\/portosma.com.br\/index.php\/2020\/01\/01\/capitania-e-soamar-realizam-um-dia-inteiro-de-acoes-sociais-no-dia-do-marinheiro\/#breadcrumb"},"inLanguage":"pt-BR","potentialAction":[{"@type":"ReadAction","target":["https:\/\/portosma.com.br\/index.php\/2020\/01\/01\/capitania-e-soamar-realizam-um-dia-inteiro-de-acoes-sociais-no-dia-do-marinheiro\/"]}]},{"@type":"ImageObject","inLanguage":"pt-BR","@id":"https:\/\/portosma.com.br\/index.php\/2020\/01\/01\/capitania-e-soamar-realizam-um-dia-inteiro-de-acoes-sociais-no-dia-do-marinheiro\/#primaryimage","url":"https:\/\/portosma.com.br\/wp-content\/uploads\/2023\/02\/AFOTO-COQUEIRO-1.jpg","contentUrl":"https:\/\/portosma.com.br\/wp-content\/uploads\/2023\/02\/AFOTO-COQUEIRO-1.jpg","width":900,"height":424},{"@type":"BreadcrumbList","@id":"https:\/\/portosma.com.br\/index.php\/2020\/01\/01\/capitania-e-soamar-realizam-um-dia-inteiro-de-acoes-sociais-no-dia-do-marinheiro\/#breadcrumb","itemListElement":[{"@type":"ListItem","position":1,"name":"In\u00edcio","item":"https:\/\/portosma.com.br\/"},{"@type":"ListItem","position":2,"name":"Capitania e Soamar realizam um dia inteiro de a\u00e7\u00f5es sociais no dia do Marinheiro"}]},{"@type":"WebSite","@id":"https:\/\/portosma.com.br\/#website","url":"https:\/\/portosma.com.br\/","name":"Portosma","description":"Um site de not\u00edcias","publisher":{"@id":"https:\/\/portosma.com.br\/#organization"},"potentialAction":[{"@type":"SearchAction","target":{"@type":"EntryPoint","urlTemplate":"https:\/\/portosma.com.br\/?s={search_term_string}"},"query-input":"required name=search_term_string"}],"inLanguage":"pt-BR"},{"@type":"Organization","@id":"https:\/\/portosma.com.br\/#organization","name":"Portosma","alternateName":"Portosma","url":"https:\/\/portosma.com.br\/","logo":{"@type":"ImageObject","inLanguage":"pt-BR","@id":"https:\/\/portosma.com.br\/#\/schema\/logo\/image\/","url":"https:\/\/portosma.com.br\/wp-content\/uploads\/2026\/03\/cropped-AD-PORTOSMA.jpg","contentUrl":"https:\/\/portosma.com.br\/wp-content\/uploads\/2026\/03\/cropped-AD-PORTOSMA.jpg","width":400,"height":115,"caption":"Portosma"},"image":{"@id":"https:\/\/portosma.com.br\/#\/schema\/logo\/image\/"}},{"@type":"Person","@id":"https:\/\/portosma.com.br\/#\/schema\/person\/fb92dfe283ab47293259c87c813d8623","name":"admin","sameAs":["https:\/\/portosma.com.br"],"url":"https:\/\/portosma.com.br\/index.php\/author\/portosma\/"}]}},"_links":{"self":[{"href":"https:\/\/portosma.com.br\/index.php\/wp-json\/wp\/v2\/posts\/3954","targetHints":{"allow":["GET"]}}],"collection":[{"href":"https:\/\/portosma.com.br\/index.php\/wp-json\/wp\/v2\/posts"}],"about":[{"href":"https:\/\/portosma.com.br\/index.php\/wp-json\/wp\/v2\/types\/post"}],"author":[{"embeddable":true,"href":"https:\/\/portosma.com.br\/index.php\/wp-json\/wp\/v2\/users\/1"}],"replies":[{"embeddable":true,"href":"https:\/\/portosma.com.br\/index.php\/wp-json\/wp\/v2\/comments?post=3954"}],"version-history":[{"count":1,"href":"https:\/\/portosma.com.br\/index.php\/wp-json\/wp\/v2\/posts\/3954\/revisions"}],"predecessor-version":[{"id":3955,"href":"https:\/\/portosma.com.br\/index.php\/wp-json\/wp\/v2\/posts\/3954\/revisions\/3955"}],"wp:attachment":[{"href":"https:\/\/portosma.com.br\/index.php\/wp-json\/wp\/v2\/media?parent=3954"}],"wp:term":[{"taxonomy":"category","embeddable":true,"href":"https:\/\/portosma.com.br\/index.php\/wp-json\/wp\/v2\/categories?post=3954"},{"taxonomy":"post_tag","embeddable":true,"href":"https:\/\/portosma.com.br\/index.php\/wp-json\/wp\/v2\/tags?post=3954"}],"curies":[{"name":"wp","href":"https:\/\/api.w.org\/{rel}","templated":true}]}}