{"id":3923,"date":"2022-10-08T14:28:35","date_gmt":"2022-10-08T14:28:35","guid":{"rendered":"https:\/\/portosma.com.br\/?p=3923"},"modified":"2023-02-06T14:35:07","modified_gmt":"2023-02-06T14:35:07","slug":"oficiais-de-alta-patente-da-marinha-realizam-encontro-de-trabalho-em-sao-luis-maranhao","status":"publish","type":"post","link":"https:\/\/portosma.com.br\/index.php\/2022\/10\/08\/oficiais-de-alta-patente-da-marinha-realizam-encontro-de-trabalho-em-sao-luis-maranhao\/","title":{"rendered":"Oficiais de alta patente da Marinha realizam encontro de trabalho em S\u00e3o Lu\u00eds, Maranh\u00e3o"},"content":{"rendered":"<p>&nbsp;&nbsp;&nbsp;&nbsp;<img fetchpriority=\"high\" decoding=\"async\" class=\"alignnone wp-image-3925 size-full\" src=\"https:\/\/portosma.com.br\/wp-content\/uploads\/2023\/02\/FOTO-OFICIAIS-2.jpg\" alt=\"\" width=\"900\" height=\"650\" srcset=\"https:\/\/portosma.com.br\/wp-content\/uploads\/2023\/02\/FOTO-OFICIAIS-2.jpg 900w, https:\/\/portosma.com.br\/wp-content\/uploads\/2023\/02\/FOTO-OFICIAIS-2-300x217.jpg 300w, https:\/\/portosma.com.br\/wp-content\/uploads\/2023\/02\/FOTO-OFICIAIS-2-768x555.jpg 768w\" sizes=\"(max-width: 900px) 100vw, 900px\" \/><\/p>\n<p>A cidade de S\u00e3o Lu\u00eds, capital do estado do Maranh\u00e3o, pela sua import\u00e2ncia estrat\u00e9gica comercial mar\u00edtima, sediou, entre os dias 04 e 06 a Reuni\u00e3o, Funcional do Grupo Mar\u00edtimo do Brasil. Tendo como anfitri\u00e3 a Capitania dos Portos do Maranh\u00e3o, na pessoa do seu comandante, o CMG Alexandre Roberto Janu\u00e1rio, o encontro foi realizado no Centro de Conven\u00e7\u00f5es do Brisa Mar Hotel. O evento, que teve a coordena\u00e7\u00e3o da DGN \u2013 Diretoria Geral de Navega\u00e7\u00e3o da Marinha do Brasil, contou com as seguintes comitivas:<\/p>\n<p><img decoding=\"async\" class=\"alignnone wp-image-3924 size-full\" src=\"https:\/\/portosma.com.br\/wp-content\/uploads\/2023\/02\/FOTO-OFICIAIS-1.jpg\" alt=\"\" width=\"900\" height=\"325\" srcset=\"https:\/\/portosma.com.br\/wp-content\/uploads\/2023\/02\/FOTO-OFICIAIS-1.jpg 900w, https:\/\/portosma.com.br\/wp-content\/uploads\/2023\/02\/FOTO-OFICIAIS-1-300x108.jpg 300w, https:\/\/portosma.com.br\/wp-content\/uploads\/2023\/02\/FOTO-OFICIAIS-1-768x277.jpg 768w\" sizes=\"(max-width: 900px) 100vw, 900px\" \/><\/p>\n<p><em>DIRETORIA-GERAL DE NAVEGA\u00c7\u00c3O: Almirante de Esquadra Wladmilson Borges de Aguiar; CF (T) Silvio Mendes de Oliveira e SO &#8211; CA Robyson Willame Araujo Furtado.<\/em><\/p>\n<p><em>COMANDO DO 3\u00ba DISTRITO NAVAL: Vice Almirante Andr\u00e9 Moraes Ferreira.<\/em><\/p>\n<p><em>COMANDO DE OPERA\u00c7\u00d5ES MAR\u00cdTIMAS E PROTE\u00c7\u00c3O DA AMAZ\u00d4NIA AZUL: Contra Almirante Gustavo Calero Garriga Pires e Capit\u00e3o de Fragata Felipe Otavio Melo J\u00e1come Gurgel.<\/em><\/p>\n<p><em>COMANDO DO 4\u00ba DISTRITO NAVAL: Capit\u00e3o de Corveta Germano Am\u00e9rico dos Santos Filho.<\/em><\/p>\n<p><em>DIRETORIA DE PORTOS E COSTAS: Alte Esq Wladmilson Borges de Aguiar; CF (T) Silvio Mendes De Oliveira; SO &#8211; CA Robyson Willame Araujo Furtado; V Alte Sergio Renato Berna Salgueirinho; C Alte Marco Ant\u00f4nio Guimar\u00e3es Falc\u00e3o; C Alte (RM1) Eric Barbosa; C Alte (RM1) Jos\u00e9 Luiz Ribeiro Filho; C Alte (RM1) M\u00e1rcio Ferreira de Mello; C Alte (RM1-FN) Jonatas Magalh\u00e3es Porto; CMG (Ref\u00ba) Paulo Roberto O. Mesquita Spranger; CMG (RM1) Andr\u00e9 S\u00e1 De Mattos; CF (RM1) Wander Glovinsky; CT Henrique Guti\u00e9rrez Mittmann; CT RM2-T) Alberto Kenzo Kikuchi Junior; CT (RM1-AA) Valfrido Passos De Freitas e SCNS Marcelo Oliveira De Castro J\u00fanior.<\/em><\/p>\n<p><em>CAPITANIA DOS PORTOS DO MARANH\u00c3O: CMG Alexandre Roberto Janu\u00e1rio.<\/em><\/p>\n<p><em>CAPITANIA DOS PORTOS DO CEAR\u00c1: CMG Anderson Pessoa Valen\u00e7a.<\/em><\/p>\n<p><em>CAPITANIA DOS PORTOS DA PARA\u00cdBA: CF Erijansen De Souza Maciel.<\/em><\/p>\n<p><em>CAPITANIA DOS PORTOS DE PERNAMBUCO: CMG Frederico Medeiros Vasconcelos De Albuquerque<\/em><\/p>\n<p><em>CAPITANIA DOS PORTOS DO RIO GRANDE DO NORTE: CF Jorge Henrique Mota Gomes de Souza.<\/em><\/p>\n<p><em>CAPITANIA DOS PORTOS DE ALAGOAS: CF Luciano Da Silva Teixeira.<\/em><\/p>\n<p>O primeiro dia de programa\u00e7\u00e3o teve as boas-vindas a todos os participantes proferidas pelo Germano Am\u00e9rico dos Santos Filho, em nome do IV Distrito Naval. O VA Salgueirinho abriu os trabalhos pela DPC, que teve ainda Exposi\u00e7\u00e3o Sobre a Pol\u00edtica Mar\u00edtima (C ALTE Barbosa); Exposi\u00e7\u00e3o sobre o meio ambiente (Contra Almirante Jonatas) e Exposi\u00e7\u00e3o sobre o plano de metas lima (Capit\u00e3o de Fragatas Wander Glovinsky).<\/p>\n<p>Outros temas como \u201cExposi\u00e7\u00e3o sobre inqu\u00e9ritos de acidentes e fatos da navega\u00e7\u00e3o\u201d, \u201cExposi\u00e7\u00e3o sobre direitos mar\u00edtimos\u201d, \u201cSistemas corporativos\u201d, \u201cTr\u00e1fego aquavi\u00e1rio\u201d, \u201cEnsino profissional mar\u00edtimo\u201d e exposi\u00e7\u00f5es sobre as atua\u00e7\u00f5es de cada Capitania pelos seus respectivos comandantes, fizeram parte da programa\u00e7\u00e3o. A exposi\u00e7\u00e3o sobre a Capitania do Maranh\u00e3o \u2013 anfitri\u00e3 do evento &#8211; foi feita pelo Capit\u00e3o dos Portos do Estado, CMG Janu\u00e1rio.<br \/>\n&nbsp;<img decoding=\"async\" class=\"alignnone wp-image-3929 size-full\" src=\"https:\/\/portosma.com.br\/wp-content\/uploads\/2023\/02\/FOTO-OFICIAIS-6.jpg\" alt=\"\" width=\"900\" height=\"269\" srcset=\"https:\/\/portosma.com.br\/wp-content\/uploads\/2023\/02\/FOTO-OFICIAIS-6.jpg 900w, https:\/\/portosma.com.br\/wp-content\/uploads\/2023\/02\/FOTO-OFICIAIS-6-300x90.jpg 300w, https:\/\/portosma.com.br\/wp-content\/uploads\/2023\/02\/FOTO-OFICIAIS-6-768x230.jpg 768w\" sizes=\"(max-width: 900px) 100vw, 900px\" \/><\/p>\n<p>Na programa\u00e7\u00e3o externa, os visitantes conheceram a sede campestre da Capitania, no Jenipapeiro; a Soamar do Maranh\u00e3o e o Museu Mar\u00edtimo; o Porto do Itaqui; a Patromoria e o Pal\u00e1cio dos Le\u00f5es, sede do governo do Maranh\u00e3o.<\/p>\n<p><img loading=\"lazy\" decoding=\"async\" class=\"alignnone wp-image-3927 size-full\" src=\"https:\/\/portosma.com.br\/wp-content\/uploads\/2023\/02\/FOTO-OFICIAIS-4.jpg\" alt=\"\" width=\"900\" height=\"434\" srcset=\"https:\/\/portosma.com.br\/wp-content\/uploads\/2023\/02\/FOTO-OFICIAIS-4.jpg 900w, https:\/\/portosma.com.br\/wp-content\/uploads\/2023\/02\/FOTO-OFICIAIS-4-300x145.jpg 300w, https:\/\/portosma.com.br\/wp-content\/uploads\/2023\/02\/FOTO-OFICIAIS-4-768x370.jpg 768w\" sizes=\"(max-width: 900px) 100vw, 900px\" \/><\/p>\n<p>RECEP\u00c7\u00c3O NA SOAMAR &#8211; Depois de tantas horas de trabalho, toda a comitiva participou de uma programa\u00e7\u00e3o s\u00f3cio recreativa oferecida pela diretoria da Soamar do Maranh\u00e3o, na pessoa do seu diretor presidente Silvio Aguiar. No aconchegante ambiente da sede dos Amigos da Marinha do Maranh\u00e3o, foi montado um requintado buffet, acompanhado de vinhos, sucos naturais e tradicionais, al\u00e9m de uma m\u00fasica de extremo bom gosto. Ao se dirigir aos presentes, o presidente da Soamar, em nome de toda diretoria, e tamb\u00e9m da parceira Emap, agradeceu a presen\u00e7a de todos, em especial do chefe a comitiva, o Almirante de Esquadra Wladmilson Borges de Aguiar. Houve trocas de presentes, e mais discursos. Do presidente da Soamar Brasil, Orson Feres e do pr\u00f3prio diretor da DGN. \u201cEsta \u00e9 minha primeira \u201catraca\u00e7\u00e3o\u201d no Maranh\u00e3o e estou fascinado pelo potencial presente e futuro deste estado \u00edmpar em recursos naturais e benesses da natureza. Aqui temos um excelente potencial de energia limpa e uma expectativa de um grande, futuro, e promissor polo petrol\u00edfero. O Maranh\u00e3o poder\u00e1 ter um pr\u00e9-sal t\u00e3o significativo como o que o pa\u00eds explora hoje no litoral entre os estados de Santa Catarina e Esp\u00edrito Santo\u201d, afirmou o Almirante Wladmilson Borges.<\/p>\n<p><img loading=\"lazy\" decoding=\"async\" class=\"alignnone wp-image-3926 size-full\" src=\"https:\/\/portosma.com.br\/wp-content\/uploads\/2023\/02\/FOTO-OFICIAIS-3.jpg\" alt=\"\" width=\"900\" height=\"219\" srcset=\"https:\/\/portosma.com.br\/wp-content\/uploads\/2023\/02\/FOTO-OFICIAIS-3.jpg 900w, https:\/\/portosma.com.br\/wp-content\/uploads\/2023\/02\/FOTO-OFICIAIS-3-300x73.jpg 300w, https:\/\/portosma.com.br\/wp-content\/uploads\/2023\/02\/FOTO-OFICIAIS-3-768x187.jpg 768w\" sizes=\"(max-width: 900px) 100vw, 900px\" \/><\/p>\n<p><img loading=\"lazy\" decoding=\"async\" class=\"alignnone wp-image-3928 size-full\" src=\"https:\/\/portosma.com.br\/wp-content\/uploads\/2023\/02\/FOTO-OFICIAIS-5.jpg\" alt=\"\" width=\"900\" height=\"390\" srcset=\"https:\/\/portosma.com.br\/wp-content\/uploads\/2023\/02\/FOTO-OFICIAIS-5.jpg 900w, https:\/\/portosma.com.br\/wp-content\/uploads\/2023\/02\/FOTO-OFICIAIS-5-300x130.jpg 300w, https:\/\/portosma.com.br\/wp-content\/uploads\/2023\/02\/FOTO-OFICIAIS-5-768x333.jpg 768w\" sizes=\"(max-width: 900px) 100vw, 900px\" \/><\/p>\n<p><em>Lugar: PORTOSMA<\/em><br \/>\n<em>Fonte: Capitania do Portos do MA\/Reda\u00e7\u00e3o<\/em><br \/>\n<em>Data da Not\u00ed\u00a3\u00a9a: 08\/10\/2022<\/em><\/p>\n","protected":false},"excerpt":{"rendered":"<p>A Reuni\u00e3o Funcional do Grupo Mar\u00edtimo reuniu DGN, DPC, Distritos Navais e v\u00e1rias Capitanias dos Portos do Brasil.<\/p>\n","protected":false},"author":1,"featured_media":0,"comment_status":"closed","ping_status":"open","sticky":false,"template":"","format":"standard","meta":{"_editorskit_title_hidden":false,"_editorskit_reading_time":0,"_editorskit_is_block_options_detached":false,"_editorskit_block_options_position":"{}","ngg_post_thumbnail":0,"footnotes":""},"categories":[1],"tags":[],"class_list":["post-3923","post","type-post","status-publish","format-standard","hentry","category-noticias"],"yoast_head":"<!-- This site is optimized with the Yoast SEO plugin v22.5 - https:\/\/yoast.com\/wordpress\/plugins\/seo\/ -->\n<title>Oficiais de alta patente da Marinha realizam encontro de trabalho em S\u00e3o Lu\u00eds, Maranh\u00e3o - Portosma<\/title>\n<meta name=\"robots\" content=\"index, follow, max-snippet:-1, max-image-preview:large, max-video-preview:-1\" \/>\n<link rel=\"canonical\" href=\"https:\/\/portosma.com.br\/index.php\/2022\/10\/08\/oficiais-de-alta-patente-da-marinha-realizam-encontro-de-trabalho-em-sao-luis-maranhao\/\" \/>\n<meta property=\"og:locale\" content=\"pt_BR\" \/>\n<meta property=\"og:type\" content=\"article\" \/>\n<meta property=\"og:title\" content=\"Oficiais de alta patente da Marinha realizam encontro de trabalho em S\u00e3o Lu\u00eds, Maranh\u00e3o - Portosma\" \/>\n<meta property=\"og:description\" content=\"A Reuni\u00e3o Funcional do Grupo Mar\u00edtimo reuniu DGN, DPC, Distritos Navais e v\u00e1rias Capitanias dos Portos do Brasil.\" \/>\n<meta property=\"og:url\" content=\"https:\/\/portosma.com.br\/index.php\/2022\/10\/08\/oficiais-de-alta-patente-da-marinha-realizam-encontro-de-trabalho-em-sao-luis-maranhao\/\" \/>\n<meta property=\"og:site_name\" content=\"Portosma\" \/>\n<meta property=\"article:published_time\" content=\"2022-10-08T14:28:35+00:00\" \/>\n<meta property=\"article:modified_time\" content=\"2023-02-06T14:35:07+00:00\" \/>\n<meta property=\"og:image\" content=\"https:\/\/portosma.com.br\/wp-content\/uploads\/2023\/02\/FOTO-OFICIAIS-2.jpg\" \/>\n<meta name=\"author\" content=\"admin\" \/>\n<meta name=\"twitter:card\" content=\"summary_large_image\" \/>\n<meta name=\"twitter:label1\" content=\"Escrito por\" \/>\n\t<meta name=\"twitter:data1\" content=\"admin\" \/>\n\t<meta name=\"twitter:label2\" content=\"Est. tempo de leitura\" \/>\n\t<meta name=\"twitter:data2\" content=\"4 minutos\" \/>\n<script type=\"application\/ld+json\" class=\"yoast-schema-graph\">{\"@context\":\"https:\/\/schema.org\",\"@graph\":[{\"@type\":\"Article\",\"@id\":\"https:\/\/portosma.com.br\/index.php\/2022\/10\/08\/oficiais-de-alta-patente-da-marinha-realizam-encontro-de-trabalho-em-sao-luis-maranhao\/#article\",\"isPartOf\":{\"@id\":\"https:\/\/portosma.com.br\/index.php\/2022\/10\/08\/oficiais-de-alta-patente-da-marinha-realizam-encontro-de-trabalho-em-sao-luis-maranhao\/\"},\"author\":{\"name\":\"admin\",\"@id\":\"https:\/\/portosma.com.br\/#\/schema\/person\/fb92dfe283ab47293259c87c813d8623\"},\"headline\":\"Oficiais de alta patente da Marinha realizam encontro de trabalho em S\u00e3o Lu\u00eds, Maranh\u00e3o\",\"datePublished\":\"2022-10-08T14:28:35+00:00\",\"dateModified\":\"2023-02-06T14:35:07+00:00\",\"mainEntityOfPage\":{\"@id\":\"https:\/\/portosma.com.br\/index.php\/2022\/10\/08\/oficiais-de-alta-patente-da-marinha-realizam-encontro-de-trabalho-em-sao-luis-maranhao\/\"},\"wordCount\":793,\"publisher\":{\"@id\":\"https:\/\/portosma.com.br\/#organization\"},\"image\":{\"@id\":\"https:\/\/portosma.com.br\/index.php\/2022\/10\/08\/oficiais-de-alta-patente-da-marinha-realizam-encontro-de-trabalho-em-sao-luis-maranhao\/#primaryimage\"},\"thumbnailUrl\":\"https:\/\/portosma.com.br\/wp-content\/uploads\/2023\/02\/FOTO-OFICIAIS-2.jpg\",\"articleSection\":[\"Not\u00edcias\"],\"inLanguage\":\"pt-BR\"},{\"@type\":\"WebPage\",\"@id\":\"https:\/\/portosma.com.br\/index.php\/2022\/10\/08\/oficiais-de-alta-patente-da-marinha-realizam-encontro-de-trabalho-em-sao-luis-maranhao\/\",\"url\":\"https:\/\/portosma.com.br\/index.php\/2022\/10\/08\/oficiais-de-alta-patente-da-marinha-realizam-encontro-de-trabalho-em-sao-luis-maranhao\/\",\"name\":\"Oficiais de alta patente da Marinha realizam encontro de trabalho em S\u00e3o Lu\u00eds, Maranh\u00e3o - Portosma\",\"isPartOf\":{\"@id\":\"https:\/\/portosma.com.br\/#website\"},\"primaryImageOfPage\":{\"@id\":\"https:\/\/portosma.com.br\/index.php\/2022\/10\/08\/oficiais-de-alta-patente-da-marinha-realizam-encontro-de-trabalho-em-sao-luis-maranhao\/#primaryimage\"},\"image\":{\"@id\":\"https:\/\/portosma.com.br\/index.php\/2022\/10\/08\/oficiais-de-alta-patente-da-marinha-realizam-encontro-de-trabalho-em-sao-luis-maranhao\/#primaryimage\"},\"thumbnailUrl\":\"https:\/\/portosma.com.br\/wp-content\/uploads\/2023\/02\/FOTO-OFICIAIS-2.jpg\",\"datePublished\":\"2022-10-08T14:28:35+00:00\",\"dateModified\":\"2023-02-06T14:35:07+00:00\",\"breadcrumb\":{\"@id\":\"https:\/\/portosma.com.br\/index.php\/2022\/10\/08\/oficiais-de-alta-patente-da-marinha-realizam-encontro-de-trabalho-em-sao-luis-maranhao\/#breadcrumb\"},\"inLanguage\":\"pt-BR\",\"potentialAction\":[{\"@type\":\"ReadAction\",\"target\":[\"https:\/\/portosma.com.br\/index.php\/2022\/10\/08\/oficiais-de-alta-patente-da-marinha-realizam-encontro-de-trabalho-em-sao-luis-maranhao\/\"]}]},{\"@type\":\"ImageObject\",\"inLanguage\":\"pt-BR\",\"@id\":\"https:\/\/portosma.com.br\/index.php\/2022\/10\/08\/oficiais-de-alta-patente-da-marinha-realizam-encontro-de-trabalho-em-sao-luis-maranhao\/#primaryimage\",\"url\":\"https:\/\/portosma.com.br\/wp-content\/uploads\/2023\/02\/FOTO-OFICIAIS-2.jpg\",\"contentUrl\":\"https:\/\/portosma.com.br\/wp-content\/uploads\/2023\/02\/FOTO-OFICIAIS-2.jpg\",\"width\":900,\"height\":650},{\"@type\":\"BreadcrumbList\",\"@id\":\"https:\/\/portosma.com.br\/index.php\/2022\/10\/08\/oficiais-de-alta-patente-da-marinha-realizam-encontro-de-trabalho-em-sao-luis-maranhao\/#breadcrumb\",\"itemListElement\":[{\"@type\":\"ListItem\",\"position\":1,\"name\":\"In\u00edcio\",\"item\":\"https:\/\/portosma.com.br\/\"},{\"@type\":\"ListItem\",\"position\":2,\"name\":\"Oficiais de alta patente da Marinha realizam encontro de trabalho em S\u00e3o Lu\u00eds, Maranh\u00e3o\"}]},{\"@type\":\"WebSite\",\"@id\":\"https:\/\/portosma.com.br\/#website\",\"url\":\"https:\/\/portosma.com.br\/\",\"name\":\"Portosma\",\"description\":\"Um site de not\u00edcias\",\"publisher\":{\"@id\":\"https:\/\/portosma.com.br\/#organization\"},\"potentialAction\":[{\"@type\":\"SearchAction\",\"target\":{\"@type\":\"EntryPoint\",\"urlTemplate\":\"https:\/\/portosma.com.br\/?s={search_term_string}\"},\"query-input\":\"required name=search_term_string\"}],\"inLanguage\":\"pt-BR\"},{\"@type\":\"Organization\",\"@id\":\"https:\/\/portosma.com.br\/#organization\",\"name\":\"Portosma\",\"alternateName\":\"Portosma\",\"url\":\"https:\/\/portosma.com.br\/\",\"logo\":{\"@type\":\"ImageObject\",\"inLanguage\":\"pt-BR\",\"@id\":\"https:\/\/portosma.com.br\/#\/schema\/logo\/image\/\",\"url\":\"https:\/\/portosma.com.br\/wp-content\/uploads\/2026\/03\/cropped-AD-PORTOSMA.jpg\",\"contentUrl\":\"https:\/\/portosma.com.br\/wp-content\/uploads\/2026\/03\/cropped-AD-PORTOSMA.jpg\",\"width\":400,\"height\":115,\"caption\":\"Portosma\"},\"image\":{\"@id\":\"https:\/\/portosma.com.br\/#\/schema\/logo\/image\/\"}},{\"@type\":\"Person\",\"@id\":\"https:\/\/portosma.com.br\/#\/schema\/person\/fb92dfe283ab47293259c87c813d8623\",\"name\":\"admin\",\"sameAs\":[\"https:\/\/portosma.com.br\"],\"url\":\"https:\/\/portosma.com.br\/index.php\/author\/portosma\/\"}]}<\/script>\n<!-- \/ Yoast SEO plugin. -->","yoast_head_json":{"title":"Oficiais de alta patente da Marinha realizam encontro de trabalho em S\u00e3o Lu\u00eds, Maranh\u00e3o - Portosma","robots":{"index":"index","follow":"follow","max-snippet":"max-snippet:-1","max-image-preview":"max-image-preview:large","max-video-preview":"max-video-preview:-1"},"canonical":"https:\/\/portosma.com.br\/index.php\/2022\/10\/08\/oficiais-de-alta-patente-da-marinha-realizam-encontro-de-trabalho-em-sao-luis-maranhao\/","og_locale":"pt_BR","og_type":"article","og_title":"Oficiais de alta patente da Marinha realizam encontro de trabalho em S\u00e3o Lu\u00eds, Maranh\u00e3o - Portosma","og_description":"A Reuni\u00e3o Funcional do Grupo Mar\u00edtimo reuniu DGN, DPC, Distritos Navais e v\u00e1rias Capitanias dos Portos do Brasil.","og_url":"https:\/\/portosma.com.br\/index.php\/2022\/10\/08\/oficiais-de-alta-patente-da-marinha-realizam-encontro-de-trabalho-em-sao-luis-maranhao\/","og_site_name":"Portosma","article_published_time":"2022-10-08T14:28:35+00:00","article_modified_time":"2023-02-06T14:35:07+00:00","og_image":[{"url":"https:\/\/portosma.com.br\/wp-content\/uploads\/2023\/02\/FOTO-OFICIAIS-2.jpg"}],"author":"admin","twitter_card":"summary_large_image","twitter_misc":{"Escrito por":"admin","Est. tempo de leitura":"4 minutos"},"schema":{"@context":"https:\/\/schema.org","@graph":[{"@type":"Article","@id":"https:\/\/portosma.com.br\/index.php\/2022\/10\/08\/oficiais-de-alta-patente-da-marinha-realizam-encontro-de-trabalho-em-sao-luis-maranhao\/#article","isPartOf":{"@id":"https:\/\/portosma.com.br\/index.php\/2022\/10\/08\/oficiais-de-alta-patente-da-marinha-realizam-encontro-de-trabalho-em-sao-luis-maranhao\/"},"author":{"name":"admin","@id":"https:\/\/portosma.com.br\/#\/schema\/person\/fb92dfe283ab47293259c87c813d8623"},"headline":"Oficiais de alta patente da Marinha realizam encontro de trabalho em S\u00e3o Lu\u00eds, Maranh\u00e3o","datePublished":"2022-10-08T14:28:35+00:00","dateModified":"2023-02-06T14:35:07+00:00","mainEntityOfPage":{"@id":"https:\/\/portosma.com.br\/index.php\/2022\/10\/08\/oficiais-de-alta-patente-da-marinha-realizam-encontro-de-trabalho-em-sao-luis-maranhao\/"},"wordCount":793,"publisher":{"@id":"https:\/\/portosma.com.br\/#organization"},"image":{"@id":"https:\/\/portosma.com.br\/index.php\/2022\/10\/08\/oficiais-de-alta-patente-da-marinha-realizam-encontro-de-trabalho-em-sao-luis-maranhao\/#primaryimage"},"thumbnailUrl":"https:\/\/portosma.com.br\/wp-content\/uploads\/2023\/02\/FOTO-OFICIAIS-2.jpg","articleSection":["Not\u00edcias"],"inLanguage":"pt-BR"},{"@type":"WebPage","@id":"https:\/\/portosma.com.br\/index.php\/2022\/10\/08\/oficiais-de-alta-patente-da-marinha-realizam-encontro-de-trabalho-em-sao-luis-maranhao\/","url":"https:\/\/portosma.com.br\/index.php\/2022\/10\/08\/oficiais-de-alta-patente-da-marinha-realizam-encontro-de-trabalho-em-sao-luis-maranhao\/","name":"Oficiais de alta patente da Marinha realizam encontro de trabalho em S\u00e3o Lu\u00eds, Maranh\u00e3o - Portosma","isPartOf":{"@id":"https:\/\/portosma.com.br\/#website"},"primaryImageOfPage":{"@id":"https:\/\/portosma.com.br\/index.php\/2022\/10\/08\/oficiais-de-alta-patente-da-marinha-realizam-encontro-de-trabalho-em-sao-luis-maranhao\/#primaryimage"},"image":{"@id":"https:\/\/portosma.com.br\/index.php\/2022\/10\/08\/oficiais-de-alta-patente-da-marinha-realizam-encontro-de-trabalho-em-sao-luis-maranhao\/#primaryimage"},"thumbnailUrl":"https:\/\/portosma.com.br\/wp-content\/uploads\/2023\/02\/FOTO-OFICIAIS-2.jpg","datePublished":"2022-10-08T14:28:35+00:00","dateModified":"2023-02-06T14:35:07+00:00","breadcrumb":{"@id":"https:\/\/portosma.com.br\/index.php\/2022\/10\/08\/oficiais-de-alta-patente-da-marinha-realizam-encontro-de-trabalho-em-sao-luis-maranhao\/#breadcrumb"},"inLanguage":"pt-BR","potentialAction":[{"@type":"ReadAction","target":["https:\/\/portosma.com.br\/index.php\/2022\/10\/08\/oficiais-de-alta-patente-da-marinha-realizam-encontro-de-trabalho-em-sao-luis-maranhao\/"]}]},{"@type":"ImageObject","inLanguage":"pt-BR","@id":"https:\/\/portosma.com.br\/index.php\/2022\/10\/08\/oficiais-de-alta-patente-da-marinha-realizam-encontro-de-trabalho-em-sao-luis-maranhao\/#primaryimage","url":"https:\/\/portosma.com.br\/wp-content\/uploads\/2023\/02\/FOTO-OFICIAIS-2.jpg","contentUrl":"https:\/\/portosma.com.br\/wp-content\/uploads\/2023\/02\/FOTO-OFICIAIS-2.jpg","width":900,"height":650},{"@type":"BreadcrumbList","@id":"https:\/\/portosma.com.br\/index.php\/2022\/10\/08\/oficiais-de-alta-patente-da-marinha-realizam-encontro-de-trabalho-em-sao-luis-maranhao\/#breadcrumb","itemListElement":[{"@type":"ListItem","position":1,"name":"In\u00edcio","item":"https:\/\/portosma.com.br\/"},{"@type":"ListItem","position":2,"name":"Oficiais de alta patente da Marinha realizam encontro de trabalho em S\u00e3o Lu\u00eds, Maranh\u00e3o"}]},{"@type":"WebSite","@id":"https:\/\/portosma.com.br\/#website","url":"https:\/\/portosma.com.br\/","name":"Portosma","description":"Um site de not\u00edcias","publisher":{"@id":"https:\/\/portosma.com.br\/#organization"},"potentialAction":[{"@type":"SearchAction","target":{"@type":"EntryPoint","urlTemplate":"https:\/\/portosma.com.br\/?s={search_term_string}"},"query-input":"required name=search_term_string"}],"inLanguage":"pt-BR"},{"@type":"Organization","@id":"https:\/\/portosma.com.br\/#organization","name":"Portosma","alternateName":"Portosma","url":"https:\/\/portosma.com.br\/","logo":{"@type":"ImageObject","inLanguage":"pt-BR","@id":"https:\/\/portosma.com.br\/#\/schema\/logo\/image\/","url":"https:\/\/portosma.com.br\/wp-content\/uploads\/2026\/03\/cropped-AD-PORTOSMA.jpg","contentUrl":"https:\/\/portosma.com.br\/wp-content\/uploads\/2026\/03\/cropped-AD-PORTOSMA.jpg","width":400,"height":115,"caption":"Portosma"},"image":{"@id":"https:\/\/portosma.com.br\/#\/schema\/logo\/image\/"}},{"@type":"Person","@id":"https:\/\/portosma.com.br\/#\/schema\/person\/fb92dfe283ab47293259c87c813d8623","name":"admin","sameAs":["https:\/\/portosma.com.br"],"url":"https:\/\/portosma.com.br\/index.php\/author\/portosma\/"}]}},"_links":{"self":[{"href":"https:\/\/portosma.com.br\/index.php\/wp-json\/wp\/v2\/posts\/3923","targetHints":{"allow":["GET"]}}],"collection":[{"href":"https:\/\/portosma.com.br\/index.php\/wp-json\/wp\/v2\/posts"}],"about":[{"href":"https:\/\/portosma.com.br\/index.php\/wp-json\/wp\/v2\/types\/post"}],"author":[{"embeddable":true,"href":"https:\/\/portosma.com.br\/index.php\/wp-json\/wp\/v2\/users\/1"}],"replies":[{"embeddable":true,"href":"https:\/\/portosma.com.br\/index.php\/wp-json\/wp\/v2\/comments?post=3923"}],"version-history":[{"count":1,"href":"https:\/\/portosma.com.br\/index.php\/wp-json\/wp\/v2\/posts\/3923\/revisions"}],"predecessor-version":[{"id":3932,"href":"https:\/\/portosma.com.br\/index.php\/wp-json\/wp\/v2\/posts\/3923\/revisions\/3932"}],"wp:attachment":[{"href":"https:\/\/portosma.com.br\/index.php\/wp-json\/wp\/v2\/media?parent=3923"}],"wp:term":[{"taxonomy":"category","embeddable":true,"href":"https:\/\/portosma.com.br\/index.php\/wp-json\/wp\/v2\/categories?post=3923"},{"taxonomy":"post_tag","embeddable":true,"href":"https:\/\/portosma.com.br\/index.php\/wp-json\/wp\/v2\/tags?post=3923"}],"curies":[{"name":"wp","href":"https:\/\/api.w.org\/{rel}","templated":true}]}}