{"id":3917,"date":"2022-09-28T14:13:22","date_gmt":"2022-09-28T14:13:22","guid":{"rendered":"https:\/\/portosma.com.br\/?p=3917"},"modified":"2023-02-06T14:38:35","modified_gmt":"2023-02-06T14:38:35","slug":"3917","status":"publish","type":"post","link":"https:\/\/portosma.com.br\/index.php\/2022\/09\/28\/3917\/","title":{"rendered":"VLI inicia opera\u00e7\u00e3o do Terminal Integrador de Porto Franco, no Sul do Estado do Maranh\u00e3o"},"content":{"rendered":"<p><img fetchpriority=\"high\" decoding=\"async\" class=\"wp-image-3918 size-full alignleft\" src=\"https:\/\/portosma.com.br\/wp-content\/uploads\/2023\/02\/FOTO-PFRANCO-1.jpg\" alt=\"\" width=\"400\" height=\"279\" srcset=\"https:\/\/portosma.com.br\/wp-content\/uploads\/2023\/02\/FOTO-PFRANCO-1.jpg 400w, https:\/\/portosma.com.br\/wp-content\/uploads\/2023\/02\/FOTO-PFRANCO-1-300x209.jpg 300w\" sizes=\"(max-width: 400px) 100vw, 400px\" \/>O atendimento da VLI aos clientes do Arco Norte do pa\u00eds acaba de ser fortalecido com a entrada em opera\u00e7\u00e3o do Terminal Integrador de Porto Franco (TIPF). Localizada no estado do Maranh\u00e3o, a unidade rodoferrovi\u00e1ria destaca a atua\u00e7\u00e3o multimodal da companhia e est\u00e1 apta a receber carga de caminh\u00f5es para armazenamento e posterior transfer\u00eancia para o transporte ferrovi\u00e1rio, com destino \u00e0 exporta\u00e7\u00e3o por meio do sistema portu\u00e1rio de S\u00e3o Lu\u00eds. O TIPF \u00e9 mais um investimento da VLI \u2013 companhia que opera portos, ferrovias e terminais \u2013 no Corredor Centro-Norte, onde j\u00e1 possui dois outros terminais, localizados em Palmeirante e em Porto Nacional, no Tocantins.<\/p>\n<p>\u201cO Brasil avan\u00e7a conforme sua infraestrutura avan\u00e7a. Os crescentes resultados da VLI no transporte de cargas no tramo norte da Ferrovia Norte-Sul mostram que os produtores da regi\u00e3o confiam na efici\u00eancia e na agilidade do sistema integrado da companhia. Nossa expectativa \u00e9 de que o TIPF supra a car\u00eancia de clientes que originam as cargas na regi\u00e3o de Porto Franco, mas que n\u00e3o possuem terminal pr\u00f3prio para armazenamento e posterior escoamento em dire\u00e7\u00e3o ao porto\u201d, afirma o diretor de Opera\u00e7\u00f5es da VLI no Corredor Centro-Norte, Daniel Schaffazick.<\/p>\n<p>A unidade foi estruturada em uma \u00e1rea de 3,24 hectares e conta com um reservat\u00f3rio met\u00e1lico com capacidade para 18 mil toneladas; um armaz\u00e9m graneleiro, com capacidade de 5,5 mil toneladas; um reservat\u00f3rio pulm\u00e3o, de apoio, com capacidade de 700 toneladas; e uma tulha ferrovi\u00e1ria, respons\u00e1vel por transportar a carga armazenada aos vag\u00f5es, com capacidade de 800 toneladas por hora. Entre as principais cargas a serem movimentadas pelo TIPF est\u00e3o o milho e a soja, originados dos estados do Maranh\u00e3o, Par\u00e1 e Piau\u00ed. O TIPF possui capacidade de movimentar cerca de 600 mil toneladas ao ano.<\/p>\n<p>O contrato de concess\u00e3o do terminal foi assinado em junho de 2021, prevendo que a unidade ser\u00e1 operada pela VLI pelos pr\u00f3ximos 15 anos, com a possibilidade de renova\u00e7\u00e3o por mais cinco anos. Os investimentos previstos \u2013 entre obriga\u00e7\u00f5es contratuais, adequa\u00e7\u00e3o e capacita\u00e7\u00e3o do terminal \u2013 somam mais de R$ 20 milh\u00f5es durante o per\u00edodo. A VLI tamb\u00e9m vem realizando de trabalho de capacita\u00e7\u00e3o de fornecedores locais, com o objetivo de estimular a economia da regi\u00e3o.<\/p>\n<p><em>Lugar: PORTOSMA<\/em><br \/>\n<em>Fonte: WComunica\u00e7\u00e3o<\/em><br \/>\n<em>Data da Not\u00ed\u00a3\u00a9a: 28\/09\/2022<\/em><\/p>\n","protected":false},"excerpt":{"rendered":"<p>Concess\u00e3o do terminal foi assinado em junho de 2021, devendo ser operada pela VLI pelos pr\u00f3ximos 15 anos.<\/p>\n","protected":false},"author":1,"featured_media":0,"comment_status":"closed","ping_status":"open","sticky":false,"template":"","format":"standard","meta":{"_editorskit_title_hidden":false,"_editorskit_reading_time":0,"_editorskit_is_block_options_detached":false,"_editorskit_block_options_position":"{}","ngg_post_thumbnail":0,"footnotes":""},"categories":[1],"tags":[],"class_list":["post-3917","post","type-post","status-publish","format-standard","hentry","category-noticias"],"yoast_head":"<!-- This site is optimized with the Yoast SEO plugin v22.5 - https:\/\/yoast.com\/wordpress\/plugins\/seo\/ -->\n<title>VLI inicia opera\u00e7\u00e3o do Terminal Integrador de Porto Franco, no Sul do Estado do Maranh\u00e3o - Portosma<\/title>\n<meta name=\"robots\" content=\"index, follow, max-snippet:-1, max-image-preview:large, max-video-preview:-1\" \/>\n<link rel=\"canonical\" href=\"https:\/\/portosma.com.br\/index.php\/2022\/09\/28\/3917\/\" \/>\n<meta property=\"og:locale\" content=\"pt_BR\" \/>\n<meta property=\"og:type\" content=\"article\" \/>\n<meta property=\"og:title\" content=\"VLI inicia opera\u00e7\u00e3o do Terminal Integrador de Porto Franco, no Sul do Estado do Maranh\u00e3o - Portosma\" \/>\n<meta property=\"og:description\" content=\"Concess\u00e3o do terminal foi assinado em junho de 2021, devendo ser operada pela VLI pelos pr\u00f3ximos 15 anos.\" \/>\n<meta property=\"og:url\" content=\"https:\/\/portosma.com.br\/index.php\/2022\/09\/28\/3917\/\" \/>\n<meta property=\"og:site_name\" content=\"Portosma\" \/>\n<meta property=\"article:published_time\" content=\"2022-09-28T14:13:22+00:00\" \/>\n<meta property=\"article:modified_time\" content=\"2023-02-06T14:38:35+00:00\" \/>\n<meta property=\"og:image\" content=\"https:\/\/portosma.com.br\/wp-content\/uploads\/2023\/02\/FOTO-PFRANCO-1.jpg\" \/>\n<meta name=\"author\" content=\"admin\" \/>\n<meta name=\"twitter:card\" content=\"summary_large_image\" \/>\n<meta name=\"twitter:label1\" content=\"Escrito por\" \/>\n\t<meta name=\"twitter:data1\" content=\"admin\" \/>\n\t<meta name=\"twitter:label2\" content=\"Est. tempo de leitura\" \/>\n\t<meta name=\"twitter:data2\" content=\"2 minutos\" \/>\n<script type=\"application\/ld+json\" class=\"yoast-schema-graph\">{\"@context\":\"https:\/\/schema.org\",\"@graph\":[{\"@type\":\"Article\",\"@id\":\"https:\/\/portosma.com.br\/index.php\/2022\/09\/28\/3917\/#article\",\"isPartOf\":{\"@id\":\"https:\/\/portosma.com.br\/index.php\/2022\/09\/28\/3917\/\"},\"author\":{\"name\":\"admin\",\"@id\":\"https:\/\/portosma.com.br\/#\/schema\/person\/fb92dfe283ab47293259c87c813d8623\"},\"headline\":\"VLI inicia opera\u00e7\u00e3o do Terminal Integrador de Porto Franco, no Sul do Estado do Maranh\u00e3o\",\"datePublished\":\"2022-09-28T14:13:22+00:00\",\"dateModified\":\"2023-02-06T14:38:35+00:00\",\"mainEntityOfPage\":{\"@id\":\"https:\/\/portosma.com.br\/index.php\/2022\/09\/28\/3917\/\"},\"wordCount\":417,\"publisher\":{\"@id\":\"https:\/\/portosma.com.br\/#organization\"},\"image\":{\"@id\":\"https:\/\/portosma.com.br\/index.php\/2022\/09\/28\/3917\/#primaryimage\"},\"thumbnailUrl\":\"https:\/\/portosma.com.br\/wp-content\/uploads\/2023\/02\/FOTO-PFRANCO-1.jpg\",\"articleSection\":[\"Not\u00edcias\"],\"inLanguage\":\"pt-BR\"},{\"@type\":\"WebPage\",\"@id\":\"https:\/\/portosma.com.br\/index.php\/2022\/09\/28\/3917\/\",\"url\":\"https:\/\/portosma.com.br\/index.php\/2022\/09\/28\/3917\/\",\"name\":\"VLI inicia opera\u00e7\u00e3o do Terminal Integrador de Porto Franco, no Sul do Estado do Maranh\u00e3o - Portosma\",\"isPartOf\":{\"@id\":\"https:\/\/portosma.com.br\/#website\"},\"primaryImageOfPage\":{\"@id\":\"https:\/\/portosma.com.br\/index.php\/2022\/09\/28\/3917\/#primaryimage\"},\"image\":{\"@id\":\"https:\/\/portosma.com.br\/index.php\/2022\/09\/28\/3917\/#primaryimage\"},\"thumbnailUrl\":\"https:\/\/portosma.com.br\/wp-content\/uploads\/2023\/02\/FOTO-PFRANCO-1.jpg\",\"datePublished\":\"2022-09-28T14:13:22+00:00\",\"dateModified\":\"2023-02-06T14:38:35+00:00\",\"breadcrumb\":{\"@id\":\"https:\/\/portosma.com.br\/index.php\/2022\/09\/28\/3917\/#breadcrumb\"},\"inLanguage\":\"pt-BR\",\"potentialAction\":[{\"@type\":\"ReadAction\",\"target\":[\"https:\/\/portosma.com.br\/index.php\/2022\/09\/28\/3917\/\"]}]},{\"@type\":\"ImageObject\",\"inLanguage\":\"pt-BR\",\"@id\":\"https:\/\/portosma.com.br\/index.php\/2022\/09\/28\/3917\/#primaryimage\",\"url\":\"https:\/\/portosma.com.br\/wp-content\/uploads\/2023\/02\/FOTO-PFRANCO-1.jpg\",\"contentUrl\":\"https:\/\/portosma.com.br\/wp-content\/uploads\/2023\/02\/FOTO-PFRANCO-1.jpg\",\"width\":400,\"height\":279},{\"@type\":\"BreadcrumbList\",\"@id\":\"https:\/\/portosma.com.br\/index.php\/2022\/09\/28\/3917\/#breadcrumb\",\"itemListElement\":[{\"@type\":\"ListItem\",\"position\":1,\"name\":\"In\u00edcio\",\"item\":\"https:\/\/portosma.com.br\/\"},{\"@type\":\"ListItem\",\"position\":2,\"name\":\"VLI inicia opera\u00e7\u00e3o do Terminal Integrador de Porto Franco, no Sul do Estado do Maranh\u00e3o\"}]},{\"@type\":\"WebSite\",\"@id\":\"https:\/\/portosma.com.br\/#website\",\"url\":\"https:\/\/portosma.com.br\/\",\"name\":\"Portosma\",\"description\":\"Um site de not\u00edcias\",\"publisher\":{\"@id\":\"https:\/\/portosma.com.br\/#organization\"},\"potentialAction\":[{\"@type\":\"SearchAction\",\"target\":{\"@type\":\"EntryPoint\",\"urlTemplate\":\"https:\/\/portosma.com.br\/?s={search_term_string}\"},\"query-input\":\"required name=search_term_string\"}],\"inLanguage\":\"pt-BR\"},{\"@type\":\"Organization\",\"@id\":\"https:\/\/portosma.com.br\/#organization\",\"name\":\"Portosma\",\"alternateName\":\"Portosma\",\"url\":\"https:\/\/portosma.com.br\/\",\"logo\":{\"@type\":\"ImageObject\",\"inLanguage\":\"pt-BR\",\"@id\":\"https:\/\/portosma.com.br\/#\/schema\/logo\/image\/\",\"url\":\"https:\/\/portosma.com.br\/wp-content\/uploads\/2026\/03\/cropped-AD-PORTOSMA.jpg\",\"contentUrl\":\"https:\/\/portosma.com.br\/wp-content\/uploads\/2026\/03\/cropped-AD-PORTOSMA.jpg\",\"width\":400,\"height\":115,\"caption\":\"Portosma\"},\"image\":{\"@id\":\"https:\/\/portosma.com.br\/#\/schema\/logo\/image\/\"}},{\"@type\":\"Person\",\"@id\":\"https:\/\/portosma.com.br\/#\/schema\/person\/fb92dfe283ab47293259c87c813d8623\",\"name\":\"admin\",\"sameAs\":[\"https:\/\/portosma.com.br\"],\"url\":\"https:\/\/portosma.com.br\/index.php\/author\/portosma\/\"}]}<\/script>\n<!-- \/ Yoast SEO plugin. -->","yoast_head_json":{"title":"VLI inicia opera\u00e7\u00e3o do Terminal Integrador de Porto Franco, no Sul do Estado do Maranh\u00e3o - Portosma","robots":{"index":"index","follow":"follow","max-snippet":"max-snippet:-1","max-image-preview":"max-image-preview:large","max-video-preview":"max-video-preview:-1"},"canonical":"https:\/\/portosma.com.br\/index.php\/2022\/09\/28\/3917\/","og_locale":"pt_BR","og_type":"article","og_title":"VLI inicia opera\u00e7\u00e3o do Terminal Integrador de Porto Franco, no Sul do Estado do Maranh\u00e3o - Portosma","og_description":"Concess\u00e3o do terminal foi assinado em junho de 2021, devendo ser operada pela VLI pelos pr\u00f3ximos 15 anos.","og_url":"https:\/\/portosma.com.br\/index.php\/2022\/09\/28\/3917\/","og_site_name":"Portosma","article_published_time":"2022-09-28T14:13:22+00:00","article_modified_time":"2023-02-06T14:38:35+00:00","og_image":[{"url":"https:\/\/portosma.com.br\/wp-content\/uploads\/2023\/02\/FOTO-PFRANCO-1.jpg"}],"author":"admin","twitter_card":"summary_large_image","twitter_misc":{"Escrito por":"admin","Est. tempo de leitura":"2 minutos"},"schema":{"@context":"https:\/\/schema.org","@graph":[{"@type":"Article","@id":"https:\/\/portosma.com.br\/index.php\/2022\/09\/28\/3917\/#article","isPartOf":{"@id":"https:\/\/portosma.com.br\/index.php\/2022\/09\/28\/3917\/"},"author":{"name":"admin","@id":"https:\/\/portosma.com.br\/#\/schema\/person\/fb92dfe283ab47293259c87c813d8623"},"headline":"VLI inicia opera\u00e7\u00e3o do Terminal Integrador de Porto Franco, no Sul do Estado do Maranh\u00e3o","datePublished":"2022-09-28T14:13:22+00:00","dateModified":"2023-02-06T14:38:35+00:00","mainEntityOfPage":{"@id":"https:\/\/portosma.com.br\/index.php\/2022\/09\/28\/3917\/"},"wordCount":417,"publisher":{"@id":"https:\/\/portosma.com.br\/#organization"},"image":{"@id":"https:\/\/portosma.com.br\/index.php\/2022\/09\/28\/3917\/#primaryimage"},"thumbnailUrl":"https:\/\/portosma.com.br\/wp-content\/uploads\/2023\/02\/FOTO-PFRANCO-1.jpg","articleSection":["Not\u00edcias"],"inLanguage":"pt-BR"},{"@type":"WebPage","@id":"https:\/\/portosma.com.br\/index.php\/2022\/09\/28\/3917\/","url":"https:\/\/portosma.com.br\/index.php\/2022\/09\/28\/3917\/","name":"VLI inicia opera\u00e7\u00e3o do Terminal Integrador de Porto Franco, no Sul do Estado do Maranh\u00e3o - Portosma","isPartOf":{"@id":"https:\/\/portosma.com.br\/#website"},"primaryImageOfPage":{"@id":"https:\/\/portosma.com.br\/index.php\/2022\/09\/28\/3917\/#primaryimage"},"image":{"@id":"https:\/\/portosma.com.br\/index.php\/2022\/09\/28\/3917\/#primaryimage"},"thumbnailUrl":"https:\/\/portosma.com.br\/wp-content\/uploads\/2023\/02\/FOTO-PFRANCO-1.jpg","datePublished":"2022-09-28T14:13:22+00:00","dateModified":"2023-02-06T14:38:35+00:00","breadcrumb":{"@id":"https:\/\/portosma.com.br\/index.php\/2022\/09\/28\/3917\/#breadcrumb"},"inLanguage":"pt-BR","potentialAction":[{"@type":"ReadAction","target":["https:\/\/portosma.com.br\/index.php\/2022\/09\/28\/3917\/"]}]},{"@type":"ImageObject","inLanguage":"pt-BR","@id":"https:\/\/portosma.com.br\/index.php\/2022\/09\/28\/3917\/#primaryimage","url":"https:\/\/portosma.com.br\/wp-content\/uploads\/2023\/02\/FOTO-PFRANCO-1.jpg","contentUrl":"https:\/\/portosma.com.br\/wp-content\/uploads\/2023\/02\/FOTO-PFRANCO-1.jpg","width":400,"height":279},{"@type":"BreadcrumbList","@id":"https:\/\/portosma.com.br\/index.php\/2022\/09\/28\/3917\/#breadcrumb","itemListElement":[{"@type":"ListItem","position":1,"name":"In\u00edcio","item":"https:\/\/portosma.com.br\/"},{"@type":"ListItem","position":2,"name":"VLI inicia opera\u00e7\u00e3o do Terminal Integrador de Porto Franco, no Sul do Estado do Maranh\u00e3o"}]},{"@type":"WebSite","@id":"https:\/\/portosma.com.br\/#website","url":"https:\/\/portosma.com.br\/","name":"Portosma","description":"Um site de not\u00edcias","publisher":{"@id":"https:\/\/portosma.com.br\/#organization"},"potentialAction":[{"@type":"SearchAction","target":{"@type":"EntryPoint","urlTemplate":"https:\/\/portosma.com.br\/?s={search_term_string}"},"query-input":"required name=search_term_string"}],"inLanguage":"pt-BR"},{"@type":"Organization","@id":"https:\/\/portosma.com.br\/#organization","name":"Portosma","alternateName":"Portosma","url":"https:\/\/portosma.com.br\/","logo":{"@type":"ImageObject","inLanguage":"pt-BR","@id":"https:\/\/portosma.com.br\/#\/schema\/logo\/image\/","url":"https:\/\/portosma.com.br\/wp-content\/uploads\/2026\/03\/cropped-AD-PORTOSMA.jpg","contentUrl":"https:\/\/portosma.com.br\/wp-content\/uploads\/2026\/03\/cropped-AD-PORTOSMA.jpg","width":400,"height":115,"caption":"Portosma"},"image":{"@id":"https:\/\/portosma.com.br\/#\/schema\/logo\/image\/"}},{"@type":"Person","@id":"https:\/\/portosma.com.br\/#\/schema\/person\/fb92dfe283ab47293259c87c813d8623","name":"admin","sameAs":["https:\/\/portosma.com.br"],"url":"https:\/\/portosma.com.br\/index.php\/author\/portosma\/"}]}},"_links":{"self":[{"href":"https:\/\/portosma.com.br\/index.php\/wp-json\/wp\/v2\/posts\/3917","targetHints":{"allow":["GET"]}}],"collection":[{"href":"https:\/\/portosma.com.br\/index.php\/wp-json\/wp\/v2\/posts"}],"about":[{"href":"https:\/\/portosma.com.br\/index.php\/wp-json\/wp\/v2\/types\/post"}],"author":[{"embeddable":true,"href":"https:\/\/portosma.com.br\/index.php\/wp-json\/wp\/v2\/users\/1"}],"replies":[{"embeddable":true,"href":"https:\/\/portosma.com.br\/index.php\/wp-json\/wp\/v2\/comments?post=3917"}],"version-history":[{"count":2,"href":"https:\/\/portosma.com.br\/index.php\/wp-json\/wp\/v2\/posts\/3917\/revisions"}],"predecessor-version":[{"id":3936,"href":"https:\/\/portosma.com.br\/index.php\/wp-json\/wp\/v2\/posts\/3917\/revisions\/3936"}],"wp:attachment":[{"href":"https:\/\/portosma.com.br\/index.php\/wp-json\/wp\/v2\/media?parent=3917"}],"wp:term":[{"taxonomy":"category","embeddable":true,"href":"https:\/\/portosma.com.br\/index.php\/wp-json\/wp\/v2\/categories?post=3917"},{"taxonomy":"post_tag","embeddable":true,"href":"https:\/\/portosma.com.br\/index.php\/wp-json\/wp\/v2\/tags?post=3917"}],"curies":[{"name":"wp","href":"https:\/\/api.w.org\/{rel}","templated":true}]}}