{"id":3914,"date":"2022-09-27T14:11:11","date_gmt":"2022-09-27T14:11:11","guid":{"rendered":"https:\/\/portosma.com.br\/?p=3914"},"modified":"2023-02-06T14:39:28","modified_gmt":"2023-02-06T14:39:28","slug":"plataforma-odfjell-500-anos-de-experiencia-em-vela-fazendo-historia-sob-um-mesmo-teto","status":"publish","type":"post","link":"https:\/\/portosma.com.br\/index.php\/2022\/09\/27\/plataforma-odfjell-500-anos-de-experiencia-em-vela-fazendo-historia-sob-um-mesmo-teto\/","title":{"rendered":"PLATAFORMA ODFJELL &#8211; 500 anos de experi\u00eancia em vela fazendo hist\u00f3ria sob um mesmo teto"},"content":{"rendered":"<p>O local estava repleto de um senso de ocasi\u00e3o quando 14 dos veteranos mar\u00edtimos de Odfjell se reuniram para uma reuni\u00e3o em companhia de dois membros da fam\u00edlia Odfjell e colegas da costa. Os mar\u00edtimos de Odfjell que se aposentaram nos \u00faltimos cinco anos foram convidados a participar de uma tarde e uma noite no hist\u00f3rico Hotel Terminus em Bergen. Foi um evento in\u00e9dito do g\u00eanero e, a julgar pelo esp\u00edrito da noite, muito bem-vindo.<\/p>\n<p>Desde o primeiro segundo, n\u00e3o houve um \u00fanico momento de sil\u00eancio \u2013 exceto quando o pr\u00f3prio Dan Odfjell entrou na sala. O ex-chefe de Odfjell \u00e9 amplamente considerado como um dos principais impulsionadores por tr\u00e1s do ac\u00famulo do com\u00e9rcio mundial de petroleiros qu\u00edmicos e da posi\u00e7\u00e3o de lideran\u00e7a de Odfjell, e sua presen\u00e7a esta noite fez uma reuni\u00e3o especial.<\/p>\n<p>Ele cumprimentou calorosamente seus ex-colegas, e aproveitou para desenhar as linhas da hist\u00f3ria da empresa, que come\u00e7ou com seu bisav\u00f4 Bernt Daniel Olsen, um capit\u00e3o de casca que se mudou para Bergen no final de 1800. Ele continuou com uma sauda\u00e7\u00e3o aos convidados e \u00e0 organiza\u00e7\u00e3o Odfjell: &#8220;Estou realmente feliz por estar aqui para homenagear todos voc\u00eas que tanto contribu\u00edram para a empresa onde trabalhei por 50 anos. Sinto que somos todos uma grande fam\u00edlia. Sou grato a voc\u00eas \u2013 herdei muitos colegas s\u00f3lidos do meu pai e muitos mais vieram ao longo dos anos. Eu sei por experi\u00eancia pr\u00f3pria que sem voc\u00ea, esta jornada n\u00e3o teria sido poss\u00edvel.<\/p>\n<p>E continuou: &#8220;A jornada da nossa empresa n\u00e3o tem sido f\u00e1cil, mas hoje vemos os resultados do trabalho \u00e1rduo que todos colocaram. Nunca devemos desistir, e nunca ser arrogantes. Trabalhar juntos \u00e9 a chave para o sucesso, e o mais importante de tudo \u00e9 ter as pessoas certas&#8221;.<\/p>\n<p><img fetchpriority=\"high\" decoding=\"async\" class=\"alignnone wp-image-3915 size-full\" src=\"https:\/\/portosma.com.br\/wp-content\/uploads\/2023\/02\/FOTO-OFDJEL-1.jpg\" alt=\"\" width=\"900\" height=\"549\" srcset=\"https:\/\/portosma.com.br\/wp-content\/uploads\/2023\/02\/FOTO-OFDJEL-1.jpg 900w, https:\/\/portosma.com.br\/wp-content\/uploads\/2023\/02\/FOTO-OFDJEL-1-300x183.jpg 300w, https:\/\/portosma.com.br\/wp-content\/uploads\/2023\/02\/FOTO-OFDJEL-1-768x468.jpg 768w\" sizes=\"(max-width: 900px) 100vw, 900px\" \/><\/p>\n<p>Na foto, vemos, da esquerda para a direita, o Presidente Laurence Odfjell, Engenheiro Chefe Roger Engan, Capit\u00e3o Olav Thoresen, Capit\u00e3o Bj\u00f8rn Atle H\u00e5gensen, Capit\u00e3o Erling Jarl Stokvik, Engenheiro Chefe Torger Hammersmark, Capit\u00e3o Stig Helge Larsen, Capit\u00e3o Jan-Ove Fredheim, Engenheiro Chefe Per Jarle Bjor\u00f8y, Capit\u00e3o Sigurd Fj\u00e6restad, Dan Odfjell, Engenheiro Chefe Per Arild Bj\u00f8\u00f8, Capit\u00e3o Jan K\u00e5re N\u00e6ss, Pump Man Isak Pedersen, CEO Harald Fotland, Pump Man Ove Slagstad og Capit\u00e3o John Wang. Nas fotos menores, o Capit\u00e3o Sigurd Ole Fj\u00e6restad, Engenheiro Chefe Per Jarle Bjor\u00f8y e Capit\u00e3o Jan Ove Fredheim (de barba) e CEO Harald Fotland, Dan Odfjell e o presidente Laurence Odfjell.<\/p>\n<p>Dan Odfjell, Um compromisso vital\u00edcio com o mar &#8211; Os mar\u00edtimos rec\u00e9m-aposentados come\u00e7aram suas carreiras mar\u00edtimas quando tinham entre 16 e 17 anos na d\u00e9cada de 1970. Quando o n\u00famero de anos em servi\u00e7o \u00e9 somado, isso mostra que esses 14 profissionais t\u00eam incr\u00edveis 500 anos de experi\u00eancia combinada em alto mar, como bem afirma o t\u00edtulo desta reportagem. Entre os convidados estavam os capit\u00e3es Jan Ove Fredheim e Sigurd Ole Fj\u00e6restad. Como o destino teria, ambos se matricularam na &#8220;Academia dos Meninos do Mar&#8221; em 1976. Os dormit\u00f3rios foram decididos com o sobrenome, ent\u00e3o os dois F&#8217;s acabaram dividindo um quarto (ambos se lembram de ter um curso de colis\u00e3o muito necess\u00e1rio sobre como mudar suas roupas de cama do pai de Jan Ove em sua primeira noite).<\/p>\n<p>Cerca de vinte anos depois, eles voltaram a se reunir como oficiais de topo em Odfjell, onde permaneceram at\u00e9 Sigurd Ole se aposentar em 2020 e Jan Ove no in\u00edcio deste ano. Esta gera\u00e7\u00e3o de mar\u00edtimos passou por d\u00e9cadas de mudan\u00e7as significativas na ind\u00fastria naval e na profiss\u00e3o mar\u00edtima. Ainda assim, quando perguntados sobre o que eles v\u00eaem como crit\u00e9rios de sucesso ao olhar para tr\u00e1s, os dois Capit\u00e3es e o Engenheiro Chefe Per Jarle Bjor\u00f8y concordam em um conjunto de conselhos que s\u00e3o t\u00e3o relevantes para as gera\u00e7\u00f5es mais jovens quanto tem sido para os aposentados: &#8220;Sejam abertos e transparentes, estejam envolvidos, aceitem e respeitem uns aos outros \u2013 independentemente da posi\u00e7\u00e3o e experi\u00eancia \u2013 e trabalhem juntos&#8221;.<\/p>\n<p>Mais tarde, o capit\u00e3o Jan K\u00e5re N\u00e6ss compartilhou anedotas de seus 43 anos com Odfjell, incluindo um dos primeiros conselhos que recebeu de um capit\u00e3o: &#8220;Nada \u00e9 imposs\u00edvel; voc\u00ea s\u00f3 tem que remover o &#8220;im&#8221;. Ent\u00e3o tudo \u00e9 poss\u00edvel. Ele elogiou Dan, Laurence e a empresa pelo apoio e generosidade, e por fornecer um local de trabalho seguro e desafiador atrav\u00e9s de altos e baixos (&#8220;mais altos do que baixos, com certeza&#8221;). &#8220;Obrigado Odfjell, por tornar o imposs\u00edvel poss\u00edvel&#8221;.<\/p>\n<p>Sauda\u00e7\u00e3o da Cadeira e CEO &#8211; O Coro bergen shanty tem os p\u00e9s em movimento com o que um convidado apropriadamente chamou de &#8220;um desfile de sucesso de favelas&#8221; antes do CEO Harald Fotland, e o presidente Laurence Odfjell dirigiu-se aos mar\u00edtimos com agradecimentos: &#8220;Tenho certeza que voc\u00ea abalou sua cabe\u00e7a em algumas das ideias que propusemos ao longo dos anos. Felizmente, podemos sempre contar com voc\u00ea para feedback construtivo. Como resultado de sua entrada qualificada, os projetos foram melhorados, alterados e, por vezes, interrompidos completamente. Esse tipo de coopera\u00e7\u00e3o \u00e9 algo que eu apoio fortemente, e espero e acredito que voc\u00ea passou essa cultura para a gera\u00e7\u00e3o mais jovem&#8221;.<\/p>\n<p>O CEO da Odfjell tamb\u00e9m aproveitou a oportunidade para agradecer a Dan Odfjell por seu papel \u00fanico e contribui\u00e7\u00f5es para a empresa e a ind\u00fastria de navios-tanques de produtos qu\u00edmicos por meio do s\u00e9culo. A aprecia\u00e7\u00e3o colegial de Harald pelos mar\u00edtimos foi espelhada por Laurence, que afirmou: \u201cVoc\u00eas s\u00e3o um exemplo vivo do nosso princ\u00edpio orientador. Seguran\u00e7a por seus esfor\u00e7os, experi\u00eancia, compet\u00eancia e atitude. Voc\u00eas s\u00e3o modelos\u201d.<\/p>\n<p>A Odfjell \u00e9 hoje l\u00edder no segmento de navios-tanques qu\u00edmicos. A empresa inovou por meio da coopera\u00e7\u00e3o de todos e garante est\u00e1 preparada para o futuro, \u201cporque estamos em terreno s\u00f3lido como nossos colegas de classe mundial no mar e em terra firme\u201d, concluiu.<\/p>\n<p><em>Lugar: PORTOSMA<\/em><br \/>\n<em>Fonte: Boletim ODFJELL<\/em><br \/>\n<em>Data da Not\u00ed\u00a3\u00a9a: 27\/09\/2022<\/em><\/p>\n","protected":false},"excerpt":{"rendered":"<p>20 depois eles voltaram a se reunir como oficiais de topo em Odfjell, onde permaneceram at\u00e9 Sigurd Ole se aposentar em 2020 e Jan Ove agora em 2022.<\/p>\n","protected":false},"author":1,"featured_media":0,"comment_status":"closed","ping_status":"open","sticky":false,"template":"","format":"standard","meta":{"_editorskit_title_hidden":false,"_editorskit_reading_time":0,"_editorskit_is_block_options_detached":false,"_editorskit_block_options_position":"{}","ngg_post_thumbnail":0,"footnotes":""},"categories":[1],"tags":[],"class_list":["post-3914","post","type-post","status-publish","format-standard","hentry","category-noticias"],"yoast_head":"<!-- This site is optimized with the Yoast SEO plugin v22.5 - https:\/\/yoast.com\/wordpress\/plugins\/seo\/ -->\n<title>PLATAFORMA ODFJELL - 500 anos de experi\u00eancia em vela fazendo hist\u00f3ria sob um mesmo teto - Portosma<\/title>\n<meta name=\"robots\" content=\"index, follow, max-snippet:-1, max-image-preview:large, max-video-preview:-1\" \/>\n<link rel=\"canonical\" href=\"https:\/\/portosma.com.br\/index.php\/2022\/09\/27\/plataforma-odfjell-500-anos-de-experiencia-em-vela-fazendo-historia-sob-um-mesmo-teto\/\" \/>\n<meta property=\"og:locale\" content=\"pt_BR\" \/>\n<meta property=\"og:type\" content=\"article\" \/>\n<meta property=\"og:title\" content=\"PLATAFORMA ODFJELL - 500 anos de experi\u00eancia em vela fazendo hist\u00f3ria sob um mesmo teto - Portosma\" \/>\n<meta property=\"og:description\" content=\"20 depois eles voltaram a se reunir como oficiais de topo em Odfjell, onde permaneceram at\u00e9 Sigurd Ole se aposentar em 2020 e Jan Ove agora em 2022.\" \/>\n<meta property=\"og:url\" content=\"https:\/\/portosma.com.br\/index.php\/2022\/09\/27\/plataforma-odfjell-500-anos-de-experiencia-em-vela-fazendo-historia-sob-um-mesmo-teto\/\" \/>\n<meta property=\"og:site_name\" content=\"Portosma\" \/>\n<meta property=\"article:published_time\" content=\"2022-09-27T14:11:11+00:00\" \/>\n<meta property=\"article:modified_time\" content=\"2023-02-06T14:39:28+00:00\" \/>\n<meta property=\"og:image\" content=\"https:\/\/portosma.com.br\/wp-content\/uploads\/2023\/02\/FOTO-OFDJEL-1.jpg\" \/>\n<meta name=\"author\" content=\"admin\" \/>\n<meta name=\"twitter:card\" content=\"summary_large_image\" \/>\n<meta name=\"twitter:label1\" content=\"Escrito por\" \/>\n\t<meta name=\"twitter:data1\" content=\"admin\" \/>\n\t<meta name=\"twitter:label2\" content=\"Est. tempo de leitura\" \/>\n\t<meta name=\"twitter:data2\" content=\"5 minutos\" \/>\n<script type=\"application\/ld+json\" class=\"yoast-schema-graph\">{\"@context\":\"https:\/\/schema.org\",\"@graph\":[{\"@type\":\"Article\",\"@id\":\"https:\/\/portosma.com.br\/index.php\/2022\/09\/27\/plataforma-odfjell-500-anos-de-experiencia-em-vela-fazendo-historia-sob-um-mesmo-teto\/#article\",\"isPartOf\":{\"@id\":\"https:\/\/portosma.com.br\/index.php\/2022\/09\/27\/plataforma-odfjell-500-anos-de-experiencia-em-vela-fazendo-historia-sob-um-mesmo-teto\/\"},\"author\":{\"name\":\"admin\",\"@id\":\"https:\/\/portosma.com.br\/#\/schema\/person\/fb92dfe283ab47293259c87c813d8623\"},\"headline\":\"PLATAFORMA ODFJELL &#8211; 500 anos de experi\u00eancia em vela fazendo hist\u00f3ria sob um mesmo teto\",\"datePublished\":\"2022-09-27T14:11:11+00:00\",\"dateModified\":\"2023-02-06T14:39:28+00:00\",\"mainEntityOfPage\":{\"@id\":\"https:\/\/portosma.com.br\/index.php\/2022\/09\/27\/plataforma-odfjell-500-anos-de-experiencia-em-vela-fazendo-historia-sob-um-mesmo-teto\/\"},\"wordCount\":1070,\"publisher\":{\"@id\":\"https:\/\/portosma.com.br\/#organization\"},\"image\":{\"@id\":\"https:\/\/portosma.com.br\/index.php\/2022\/09\/27\/plataforma-odfjell-500-anos-de-experiencia-em-vela-fazendo-historia-sob-um-mesmo-teto\/#primaryimage\"},\"thumbnailUrl\":\"https:\/\/portosma.com.br\/wp-content\/uploads\/2023\/02\/FOTO-OFDJEL-1.jpg\",\"articleSection\":[\"Not\u00edcias\"],\"inLanguage\":\"pt-BR\"},{\"@type\":\"WebPage\",\"@id\":\"https:\/\/portosma.com.br\/index.php\/2022\/09\/27\/plataforma-odfjell-500-anos-de-experiencia-em-vela-fazendo-historia-sob-um-mesmo-teto\/\",\"url\":\"https:\/\/portosma.com.br\/index.php\/2022\/09\/27\/plataforma-odfjell-500-anos-de-experiencia-em-vela-fazendo-historia-sob-um-mesmo-teto\/\",\"name\":\"PLATAFORMA ODFJELL - 500 anos de experi\u00eancia em vela fazendo hist\u00f3ria sob um mesmo teto - Portosma\",\"isPartOf\":{\"@id\":\"https:\/\/portosma.com.br\/#website\"},\"primaryImageOfPage\":{\"@id\":\"https:\/\/portosma.com.br\/index.php\/2022\/09\/27\/plataforma-odfjell-500-anos-de-experiencia-em-vela-fazendo-historia-sob-um-mesmo-teto\/#primaryimage\"},\"image\":{\"@id\":\"https:\/\/portosma.com.br\/index.php\/2022\/09\/27\/plataforma-odfjell-500-anos-de-experiencia-em-vela-fazendo-historia-sob-um-mesmo-teto\/#primaryimage\"},\"thumbnailUrl\":\"https:\/\/portosma.com.br\/wp-content\/uploads\/2023\/02\/FOTO-OFDJEL-1.jpg\",\"datePublished\":\"2022-09-27T14:11:11+00:00\",\"dateModified\":\"2023-02-06T14:39:28+00:00\",\"breadcrumb\":{\"@id\":\"https:\/\/portosma.com.br\/index.php\/2022\/09\/27\/plataforma-odfjell-500-anos-de-experiencia-em-vela-fazendo-historia-sob-um-mesmo-teto\/#breadcrumb\"},\"inLanguage\":\"pt-BR\",\"potentialAction\":[{\"@type\":\"ReadAction\",\"target\":[\"https:\/\/portosma.com.br\/index.php\/2022\/09\/27\/plataforma-odfjell-500-anos-de-experiencia-em-vela-fazendo-historia-sob-um-mesmo-teto\/\"]}]},{\"@type\":\"ImageObject\",\"inLanguage\":\"pt-BR\",\"@id\":\"https:\/\/portosma.com.br\/index.php\/2022\/09\/27\/plataforma-odfjell-500-anos-de-experiencia-em-vela-fazendo-historia-sob-um-mesmo-teto\/#primaryimage\",\"url\":\"https:\/\/portosma.com.br\/wp-content\/uploads\/2023\/02\/FOTO-OFDJEL-1.jpg\",\"contentUrl\":\"https:\/\/portosma.com.br\/wp-content\/uploads\/2023\/02\/FOTO-OFDJEL-1.jpg\",\"width\":900,\"height\":549},{\"@type\":\"BreadcrumbList\",\"@id\":\"https:\/\/portosma.com.br\/index.php\/2022\/09\/27\/plataforma-odfjell-500-anos-de-experiencia-em-vela-fazendo-historia-sob-um-mesmo-teto\/#breadcrumb\",\"itemListElement\":[{\"@type\":\"ListItem\",\"position\":1,\"name\":\"In\u00edcio\",\"item\":\"https:\/\/portosma.com.br\/\"},{\"@type\":\"ListItem\",\"position\":2,\"name\":\"PLATAFORMA ODFJELL &#8211; 500 anos de experi\u00eancia em vela fazendo hist\u00f3ria sob um mesmo teto\"}]},{\"@type\":\"WebSite\",\"@id\":\"https:\/\/portosma.com.br\/#website\",\"url\":\"https:\/\/portosma.com.br\/\",\"name\":\"Portosma\",\"description\":\"Um site de not\u00edcias\",\"publisher\":{\"@id\":\"https:\/\/portosma.com.br\/#organization\"},\"potentialAction\":[{\"@type\":\"SearchAction\",\"target\":{\"@type\":\"EntryPoint\",\"urlTemplate\":\"https:\/\/portosma.com.br\/?s={search_term_string}\"},\"query-input\":\"required name=search_term_string\"}],\"inLanguage\":\"pt-BR\"},{\"@type\":\"Organization\",\"@id\":\"https:\/\/portosma.com.br\/#organization\",\"name\":\"Portosma\",\"alternateName\":\"Portosma\",\"url\":\"https:\/\/portosma.com.br\/\",\"logo\":{\"@type\":\"ImageObject\",\"inLanguage\":\"pt-BR\",\"@id\":\"https:\/\/portosma.com.br\/#\/schema\/logo\/image\/\",\"url\":\"https:\/\/portosma.com.br\/wp-content\/uploads\/2026\/03\/cropped-AD-PORTOSMA.jpg\",\"contentUrl\":\"https:\/\/portosma.com.br\/wp-content\/uploads\/2026\/03\/cropped-AD-PORTOSMA.jpg\",\"width\":400,\"height\":115,\"caption\":\"Portosma\"},\"image\":{\"@id\":\"https:\/\/portosma.com.br\/#\/schema\/logo\/image\/\"}},{\"@type\":\"Person\",\"@id\":\"https:\/\/portosma.com.br\/#\/schema\/person\/fb92dfe283ab47293259c87c813d8623\",\"name\":\"admin\",\"sameAs\":[\"https:\/\/portosma.com.br\"],\"url\":\"https:\/\/portosma.com.br\/index.php\/author\/portosma\/\"}]}<\/script>\n<!-- \/ Yoast SEO plugin. -->","yoast_head_json":{"title":"PLATAFORMA ODFJELL - 500 anos de experi\u00eancia em vela fazendo hist\u00f3ria sob um mesmo teto - Portosma","robots":{"index":"index","follow":"follow","max-snippet":"max-snippet:-1","max-image-preview":"max-image-preview:large","max-video-preview":"max-video-preview:-1"},"canonical":"https:\/\/portosma.com.br\/index.php\/2022\/09\/27\/plataforma-odfjell-500-anos-de-experiencia-em-vela-fazendo-historia-sob-um-mesmo-teto\/","og_locale":"pt_BR","og_type":"article","og_title":"PLATAFORMA ODFJELL - 500 anos de experi\u00eancia em vela fazendo hist\u00f3ria sob um mesmo teto - Portosma","og_description":"20 depois eles voltaram a se reunir como oficiais de topo em Odfjell, onde permaneceram at\u00e9 Sigurd Ole se aposentar em 2020 e Jan Ove agora em 2022.","og_url":"https:\/\/portosma.com.br\/index.php\/2022\/09\/27\/plataforma-odfjell-500-anos-de-experiencia-em-vela-fazendo-historia-sob-um-mesmo-teto\/","og_site_name":"Portosma","article_published_time":"2022-09-27T14:11:11+00:00","article_modified_time":"2023-02-06T14:39:28+00:00","og_image":[{"url":"https:\/\/portosma.com.br\/wp-content\/uploads\/2023\/02\/FOTO-OFDJEL-1.jpg"}],"author":"admin","twitter_card":"summary_large_image","twitter_misc":{"Escrito por":"admin","Est. tempo de leitura":"5 minutos"},"schema":{"@context":"https:\/\/schema.org","@graph":[{"@type":"Article","@id":"https:\/\/portosma.com.br\/index.php\/2022\/09\/27\/plataforma-odfjell-500-anos-de-experiencia-em-vela-fazendo-historia-sob-um-mesmo-teto\/#article","isPartOf":{"@id":"https:\/\/portosma.com.br\/index.php\/2022\/09\/27\/plataforma-odfjell-500-anos-de-experiencia-em-vela-fazendo-historia-sob-um-mesmo-teto\/"},"author":{"name":"admin","@id":"https:\/\/portosma.com.br\/#\/schema\/person\/fb92dfe283ab47293259c87c813d8623"},"headline":"PLATAFORMA ODFJELL &#8211; 500 anos de experi\u00eancia em vela fazendo hist\u00f3ria sob um mesmo teto","datePublished":"2022-09-27T14:11:11+00:00","dateModified":"2023-02-06T14:39:28+00:00","mainEntityOfPage":{"@id":"https:\/\/portosma.com.br\/index.php\/2022\/09\/27\/plataforma-odfjell-500-anos-de-experiencia-em-vela-fazendo-historia-sob-um-mesmo-teto\/"},"wordCount":1070,"publisher":{"@id":"https:\/\/portosma.com.br\/#organization"},"image":{"@id":"https:\/\/portosma.com.br\/index.php\/2022\/09\/27\/plataforma-odfjell-500-anos-de-experiencia-em-vela-fazendo-historia-sob-um-mesmo-teto\/#primaryimage"},"thumbnailUrl":"https:\/\/portosma.com.br\/wp-content\/uploads\/2023\/02\/FOTO-OFDJEL-1.jpg","articleSection":["Not\u00edcias"],"inLanguage":"pt-BR"},{"@type":"WebPage","@id":"https:\/\/portosma.com.br\/index.php\/2022\/09\/27\/plataforma-odfjell-500-anos-de-experiencia-em-vela-fazendo-historia-sob-um-mesmo-teto\/","url":"https:\/\/portosma.com.br\/index.php\/2022\/09\/27\/plataforma-odfjell-500-anos-de-experiencia-em-vela-fazendo-historia-sob-um-mesmo-teto\/","name":"PLATAFORMA ODFJELL - 500 anos de experi\u00eancia em vela fazendo hist\u00f3ria sob um mesmo teto - Portosma","isPartOf":{"@id":"https:\/\/portosma.com.br\/#website"},"primaryImageOfPage":{"@id":"https:\/\/portosma.com.br\/index.php\/2022\/09\/27\/plataforma-odfjell-500-anos-de-experiencia-em-vela-fazendo-historia-sob-um-mesmo-teto\/#primaryimage"},"image":{"@id":"https:\/\/portosma.com.br\/index.php\/2022\/09\/27\/plataforma-odfjell-500-anos-de-experiencia-em-vela-fazendo-historia-sob-um-mesmo-teto\/#primaryimage"},"thumbnailUrl":"https:\/\/portosma.com.br\/wp-content\/uploads\/2023\/02\/FOTO-OFDJEL-1.jpg","datePublished":"2022-09-27T14:11:11+00:00","dateModified":"2023-02-06T14:39:28+00:00","breadcrumb":{"@id":"https:\/\/portosma.com.br\/index.php\/2022\/09\/27\/plataforma-odfjell-500-anos-de-experiencia-em-vela-fazendo-historia-sob-um-mesmo-teto\/#breadcrumb"},"inLanguage":"pt-BR","potentialAction":[{"@type":"ReadAction","target":["https:\/\/portosma.com.br\/index.php\/2022\/09\/27\/plataforma-odfjell-500-anos-de-experiencia-em-vela-fazendo-historia-sob-um-mesmo-teto\/"]}]},{"@type":"ImageObject","inLanguage":"pt-BR","@id":"https:\/\/portosma.com.br\/index.php\/2022\/09\/27\/plataforma-odfjell-500-anos-de-experiencia-em-vela-fazendo-historia-sob-um-mesmo-teto\/#primaryimage","url":"https:\/\/portosma.com.br\/wp-content\/uploads\/2023\/02\/FOTO-OFDJEL-1.jpg","contentUrl":"https:\/\/portosma.com.br\/wp-content\/uploads\/2023\/02\/FOTO-OFDJEL-1.jpg","width":900,"height":549},{"@type":"BreadcrumbList","@id":"https:\/\/portosma.com.br\/index.php\/2022\/09\/27\/plataforma-odfjell-500-anos-de-experiencia-em-vela-fazendo-historia-sob-um-mesmo-teto\/#breadcrumb","itemListElement":[{"@type":"ListItem","position":1,"name":"In\u00edcio","item":"https:\/\/portosma.com.br\/"},{"@type":"ListItem","position":2,"name":"PLATAFORMA ODFJELL &#8211; 500 anos de experi\u00eancia em vela fazendo hist\u00f3ria sob um mesmo teto"}]},{"@type":"WebSite","@id":"https:\/\/portosma.com.br\/#website","url":"https:\/\/portosma.com.br\/","name":"Portosma","description":"Um site de not\u00edcias","publisher":{"@id":"https:\/\/portosma.com.br\/#organization"},"potentialAction":[{"@type":"SearchAction","target":{"@type":"EntryPoint","urlTemplate":"https:\/\/portosma.com.br\/?s={search_term_string}"},"query-input":"required name=search_term_string"}],"inLanguage":"pt-BR"},{"@type":"Organization","@id":"https:\/\/portosma.com.br\/#organization","name":"Portosma","alternateName":"Portosma","url":"https:\/\/portosma.com.br\/","logo":{"@type":"ImageObject","inLanguage":"pt-BR","@id":"https:\/\/portosma.com.br\/#\/schema\/logo\/image\/","url":"https:\/\/portosma.com.br\/wp-content\/uploads\/2026\/03\/cropped-AD-PORTOSMA.jpg","contentUrl":"https:\/\/portosma.com.br\/wp-content\/uploads\/2026\/03\/cropped-AD-PORTOSMA.jpg","width":400,"height":115,"caption":"Portosma"},"image":{"@id":"https:\/\/portosma.com.br\/#\/schema\/logo\/image\/"}},{"@type":"Person","@id":"https:\/\/portosma.com.br\/#\/schema\/person\/fb92dfe283ab47293259c87c813d8623","name":"admin","sameAs":["https:\/\/portosma.com.br"],"url":"https:\/\/portosma.com.br\/index.php\/author\/portosma\/"}]}},"_links":{"self":[{"href":"https:\/\/portosma.com.br\/index.php\/wp-json\/wp\/v2\/posts\/3914","targetHints":{"allow":["GET"]}}],"collection":[{"href":"https:\/\/portosma.com.br\/index.php\/wp-json\/wp\/v2\/posts"}],"about":[{"href":"https:\/\/portosma.com.br\/index.php\/wp-json\/wp\/v2\/types\/post"}],"author":[{"embeddable":true,"href":"https:\/\/portosma.com.br\/index.php\/wp-json\/wp\/v2\/users\/1"}],"replies":[{"embeddable":true,"href":"https:\/\/portosma.com.br\/index.php\/wp-json\/wp\/v2\/comments?post=3914"}],"version-history":[{"count":1,"href":"https:\/\/portosma.com.br\/index.php\/wp-json\/wp\/v2\/posts\/3914\/revisions"}],"predecessor-version":[{"id":3916,"href":"https:\/\/portosma.com.br\/index.php\/wp-json\/wp\/v2\/posts\/3914\/revisions\/3916"}],"wp:attachment":[{"href":"https:\/\/portosma.com.br\/index.php\/wp-json\/wp\/v2\/media?parent=3914"}],"wp:term":[{"taxonomy":"category","embeddable":true,"href":"https:\/\/portosma.com.br\/index.php\/wp-json\/wp\/v2\/categories?post=3914"},{"taxonomy":"post_tag","embeddable":true,"href":"https:\/\/portosma.com.br\/index.php\/wp-json\/wp\/v2\/tags?post=3914"}],"curies":[{"name":"wp","href":"https:\/\/api.w.org\/{rel}","templated":true}]}}