{"id":29910,"date":"2026-04-30T23:43:29","date_gmt":"2026-04-30T23:43:29","guid":{"rendered":"https:\/\/portosma.com.br\/?p=29910"},"modified":"2026-05-01T00:18:43","modified_gmt":"2026-05-01T00:18:43","slug":"trem-de-minerio-da-vale-descarrila-na-regiao-de-acailandia","status":"publish","type":"post","link":"https:\/\/portosma.com.br\/index.php\/2026\/04\/30\/trem-de-minerio-da-vale-descarrila-na-regiao-de-acailandia\/","title":{"rendered":"Trem de min\u00e9rio da empresa Vale descarrila na regi\u00e3o de Alto Alegre"},"content":{"rendered":"<h4><span style=\"color: #808080;\"><em><strong>Apesar da gravidade do acidente n\u00e3o houve feridos. Em Nota, a Vale informou apenas o cancelamento por dois dias das viagens do Trem de Passageiro.<\/strong><\/em><\/span><\/h4>\n<p>Um descarrilamento do trem de min\u00e9rio, pertencente a mineradora Vale, na ferrovia de Caraj\u00e1s, &nbsp;ocorreu na manh\u00e3 desta quinta-feira, 30, provocou um grave acidente na regi\u00e3o pr\u00f3xima das cidades de Auzil\u00e2ndia, Alto Alegre do Pindar\u00e9 e A\u00e7ail\u00e2ndia, no estado do Maranh\u00e3o.<\/p>\n<p>Ainda sem uma explica\u00e7\u00e3o t\u00e9cnica, e oficial, pelas causas do ocorrido, o acidente foi confirmado por moradores dessas localidades que publicaram v\u00eddeos do ocorrido nas redes sociais. Nas imagens, um amontoado de vag\u00f5es quebrados, trilhos retorcidos, e uma quantidade significativa de min\u00e9rio de ferro derramado sobre a linha ferrovi\u00e1ria, provocando a imediata interdi\u00e7\u00e3o da Estrada de Ferro nos dois sentidos. Tanto S\u00e3o Lu\u00eds Parauapebas, quando Parauapebas S\u00e3o Lu\u00eds. Apesar dos danos materiais, e dos preju\u00edzos, n\u00e3o existe nenhuma informa\u00e7\u00e3o sobre feridos.&nbsp;<img fetchpriority=\"high\" decoding=\"async\" class=\"alignnone wp-image-29913 size-full\" src=\"https:\/\/portosma.com.br\/wp-content\/uploads\/2026\/04\/MINERIO.TRES_.jpg\" alt=\"\" width=\"900\" height=\"590\" srcset=\"https:\/\/portosma.com.br\/wp-content\/uploads\/2026\/04\/MINERIO.TRES_.jpg 900w, https:\/\/portosma.com.br\/wp-content\/uploads\/2026\/04\/MINERIO.TRES_-300x197.jpg 300w, https:\/\/portosma.com.br\/wp-content\/uploads\/2026\/04\/MINERIO.TRES_-768x503.jpg 768w\" sizes=\"(max-width: 900px) 100vw, 900px\" \/><\/p>\n<p>Como consequ\u00eancia do acidente, a mineradora cancelou toda a opera\u00e7\u00e3o da ferrovia. Tanto dos trens de min\u00e9rios, quanto do Trem de Passageiro. A empresa, em nota a imprensa, n\u00e3o desmentiu nem confirmou o acidente e se limitou, apenas, a informar a interrup\u00e7\u00e3o das viagens do Trem de Passageiro. \u201cA Vale informa que a circula\u00e7\u00e3o do trem de passageiros est\u00e1 suspensa nesta quinta-feira (30\/4), no sentido de S\u00e3o Lu\u00eds (MA) para Parauapebas (PA), e seguir\u00e1 suspensa na sexta-feira (01\/5) de Parauapebas para S\u00e3o Lu\u00eds por motivos operacionais\u201d. Onde se l\u00ea, \u201cmotivos operacionais\u201d, leia-se, \u201cat\u00e9 que a ferrovia esteja liberada dos escombros causados pelo acidente.<\/p>\n<p>O acidente aconteceu nas primeiras horas da manh\u00e3, na localidade de Auzil\u00e2ndia, em uma \u00e1rea pr\u00f3xima a A\u00e7ail\u00e2ndia, Maranh\u00e3o. Houve descarrilamento e tombamento de vag\u00f5es de min\u00e9rio de ferro, bloqueando a Estrada de Ferro Caraj\u00e1s.<\/p>\n<p>O que se sabe \u00e9 que equipes da Vale e do Corpo de Bombeiros atuaram no isolamento da \u00e1rea na tentativa de preservar as informa\u00e7\u00f5es t\u00e9cnicas que possam esclarecer os motivos do m\u00faltiplo descarrilamento. As causas do sinistro est\u00e3o sob investiga\u00e7\u00e3o e o transporte de carga e de passageiros na regi\u00e3o foi afetado.<\/p>\n<p>A suspens\u00e3o do servi\u00e7o impacta diretamente passageiros que utilizam o trem como meio de transporte entre os estados do Maranh\u00e3o e Par\u00e1. A Vale informou que os clientes que n\u00e3o conseguiram embarcar poder\u00e3o remarcar suas passagens sem custo adicional ou solicitar o reembolso integral do valor pago, dentro do prazo de at\u00e9 30 dias. Para atendimento e mais &nbsp;&nbsp;&nbsp;informa\u00e7\u00f5es, a empresa disponibilizou o canal telef\u00f4nico 0800 285 7000.<\/p>\n<p><img decoding=\"async\" class=\"alignnone wp-image-29912 size-full\" src=\"https:\/\/portosma.com.br\/wp-content\/uploads\/2026\/04\/MINERIO.jpg\" alt=\"\" width=\"900\" height=\"227\" srcset=\"https:\/\/portosma.com.br\/wp-content\/uploads\/2026\/04\/MINERIO.jpg 900w, https:\/\/portosma.com.br\/wp-content\/uploads\/2026\/04\/MINERIO-300x76.jpg 300w, https:\/\/portosma.com.br\/wp-content\/uploads\/2026\/04\/MINERIO-768x194.jpg 768w\" sizes=\"(max-width: 900px) 100vw, 900px\" \/><\/p>\n<p>Apesar do esfor\u00e7o de imprensa em obter dados concretos do acidente, a mineradora liberou apenas a seguinte:<\/p>\n<p><strong>NOTA OFICIAL<\/strong><\/p>\n<p><em>A Vale informa que a circula\u00e7\u00e3o do trem de passageiros est\u00e1 suspensa nesta quinta-feira (30\/4), no sentido de S\u00e3o Lu\u00eds (MA) para Parauapebas (PA), e seguir\u00e1 suspensa na sexta-feira (01\/5) de Parauapebas para S\u00e3o Lu\u00eds por motivos operacionais. <\/em><\/p>\n<p><em>Os passageiros que n\u00e3o conseguiram embarcar podem remarcar o bilhete de forma gratuita ou pedir o reembolso do valor investido na compra no prazo de at\u00e9 30 dias. Para mais informa\u00e7\u00f5es sobre os bilhetes, eles podem acionar o canal de atendimentos 0800 285 7000.<\/em><\/p>\n","protected":false},"excerpt":{"rendered":"<p>Apesar da gravidade do acidente n\u00e3o houve feridos. Em Nota, a Vale informou apenas o cancelamento por dois dias das viagens do Trem de Passageiro.<\/p>\n","protected":false},"author":1,"featured_media":29911,"comment_status":"closed","ping_status":"open","sticky":false,"template":"","format":"standard","meta":{"_editorskit_title_hidden":false,"_editorskit_reading_time":0,"_editorskit_is_block_options_detached":false,"_editorskit_block_options_position":"{}","ngg_post_thumbnail":0,"footnotes":""},"categories":[1],"tags":[],"class_list":["post-29910","post","type-post","status-publish","format-standard","has-post-thumbnail","hentry","category-noticias"],"yoast_head":"<!-- This site is optimized with the Yoast SEO plugin v22.5 - https:\/\/yoast.com\/wordpress\/plugins\/seo\/ -->\n<title>Trem de min\u00e9rio da empresa Vale descarrila na regi\u00e3o de Alto Alegre - Portosma<\/title>\n<meta name=\"robots\" content=\"index, follow, max-snippet:-1, max-image-preview:large, max-video-preview:-1\" \/>\n<link rel=\"canonical\" href=\"https:\/\/portosma.com.br\/index.php\/2026\/04\/30\/trem-de-minerio-da-vale-descarrila-na-regiao-de-acailandia\/\" \/>\n<meta property=\"og:locale\" content=\"pt_BR\" \/>\n<meta property=\"og:type\" content=\"article\" \/>\n<meta property=\"og:title\" content=\"Trem de min\u00e9rio da empresa Vale descarrila na regi\u00e3o de Alto Alegre - Portosma\" \/>\n<meta property=\"og:description\" content=\"Apesar da gravidade do acidente n\u00e3o houve feridos. Em Nota, a Vale informou apenas o cancelamento por dois dias das viagens do Trem de Passageiro.\" \/>\n<meta property=\"og:url\" content=\"https:\/\/portosma.com.br\/index.php\/2026\/04\/30\/trem-de-minerio-da-vale-descarrila-na-regiao-de-acailandia\/\" \/>\n<meta property=\"og:site_name\" content=\"Portosma\" \/>\n<meta property=\"article:published_time\" content=\"2026-04-30T23:43:29+00:00\" \/>\n<meta property=\"article:modified_time\" content=\"2026-05-01T00:18:43+00:00\" \/>\n<meta property=\"og:image\" content=\"https:\/\/portosma.com.br\/wp-content\/uploads\/2026\/04\/MINERIO-2.jpg\" \/>\n\t<meta property=\"og:image:width\" content=\"1200\" \/>\n\t<meta property=\"og:image:height\" content=\"499\" \/>\n\t<meta property=\"og:image:type\" content=\"image\/jpeg\" \/>\n<meta name=\"author\" content=\"admin\" \/>\n<meta name=\"twitter:card\" content=\"summary_large_image\" \/>\n<meta name=\"twitter:label1\" content=\"Escrito por\" \/>\n\t<meta name=\"twitter:data1\" content=\"admin\" \/>\n\t<meta name=\"twitter:label2\" content=\"Est. tempo de leitura\" \/>\n\t<meta name=\"twitter:data2\" content=\"4 minutos\" \/>\n<script type=\"application\/ld+json\" class=\"yoast-schema-graph\">{\"@context\":\"https:\/\/schema.org\",\"@graph\":[{\"@type\":\"Article\",\"@id\":\"https:\/\/portosma.com.br\/index.php\/2026\/04\/30\/trem-de-minerio-da-vale-descarrila-na-regiao-de-acailandia\/#article\",\"isPartOf\":{\"@id\":\"https:\/\/portosma.com.br\/index.php\/2026\/04\/30\/trem-de-minerio-da-vale-descarrila-na-regiao-de-acailandia\/\"},\"author\":{\"name\":\"admin\",\"@id\":\"https:\/\/portosma.com.br\/#\/schema\/person\/fb92dfe283ab47293259c87c813d8623\"},\"headline\":\"Trem de min\u00e9rio da empresa Vale descarrila na regi\u00e3o de Alto Alegre\",\"datePublished\":\"2026-04-30T23:43:29+00:00\",\"dateModified\":\"2026-05-01T00:18:43+00:00\",\"mainEntityOfPage\":{\"@id\":\"https:\/\/portosma.com.br\/index.php\/2026\/04\/30\/trem-de-minerio-da-vale-descarrila-na-regiao-de-acailandia\/\"},\"wordCount\":574,\"publisher\":{\"@id\":\"https:\/\/portosma.com.br\/#organization\"},\"image\":{\"@id\":\"https:\/\/portosma.com.br\/index.php\/2026\/04\/30\/trem-de-minerio-da-vale-descarrila-na-regiao-de-acailandia\/#primaryimage\"},\"thumbnailUrl\":\"https:\/\/portosma.com.br\/wp-content\/uploads\/2026\/04\/MINERIO-2.jpg\",\"articleSection\":[\"Not\u00edcias\"],\"inLanguage\":\"pt-BR\"},{\"@type\":\"WebPage\",\"@id\":\"https:\/\/portosma.com.br\/index.php\/2026\/04\/30\/trem-de-minerio-da-vale-descarrila-na-regiao-de-acailandia\/\",\"url\":\"https:\/\/portosma.com.br\/index.php\/2026\/04\/30\/trem-de-minerio-da-vale-descarrila-na-regiao-de-acailandia\/\",\"name\":\"Trem de min\u00e9rio da empresa Vale descarrila na regi\u00e3o de Alto Alegre - Portosma\",\"isPartOf\":{\"@id\":\"https:\/\/portosma.com.br\/#website\"},\"primaryImageOfPage\":{\"@id\":\"https:\/\/portosma.com.br\/index.php\/2026\/04\/30\/trem-de-minerio-da-vale-descarrila-na-regiao-de-acailandia\/#primaryimage\"},\"image\":{\"@id\":\"https:\/\/portosma.com.br\/index.php\/2026\/04\/30\/trem-de-minerio-da-vale-descarrila-na-regiao-de-acailandia\/#primaryimage\"},\"thumbnailUrl\":\"https:\/\/portosma.com.br\/wp-content\/uploads\/2026\/04\/MINERIO-2.jpg\",\"datePublished\":\"2026-04-30T23:43:29+00:00\",\"dateModified\":\"2026-05-01T00:18:43+00:00\",\"breadcrumb\":{\"@id\":\"https:\/\/portosma.com.br\/index.php\/2026\/04\/30\/trem-de-minerio-da-vale-descarrila-na-regiao-de-acailandia\/#breadcrumb\"},\"inLanguage\":\"pt-BR\",\"potentialAction\":[{\"@type\":\"ReadAction\",\"target\":[\"https:\/\/portosma.com.br\/index.php\/2026\/04\/30\/trem-de-minerio-da-vale-descarrila-na-regiao-de-acailandia\/\"]}]},{\"@type\":\"ImageObject\",\"inLanguage\":\"pt-BR\",\"@id\":\"https:\/\/portosma.com.br\/index.php\/2026\/04\/30\/trem-de-minerio-da-vale-descarrila-na-regiao-de-acailandia\/#primaryimage\",\"url\":\"https:\/\/portosma.com.br\/wp-content\/uploads\/2026\/04\/MINERIO-2.jpg\",\"contentUrl\":\"https:\/\/portosma.com.br\/wp-content\/uploads\/2026\/04\/MINERIO-2.jpg\",\"width\":1200,\"height\":499},{\"@type\":\"BreadcrumbList\",\"@id\":\"https:\/\/portosma.com.br\/index.php\/2026\/04\/30\/trem-de-minerio-da-vale-descarrila-na-regiao-de-acailandia\/#breadcrumb\",\"itemListElement\":[{\"@type\":\"ListItem\",\"position\":1,\"name\":\"In\u00edcio\",\"item\":\"https:\/\/portosma.com.br\/\"},{\"@type\":\"ListItem\",\"position\":2,\"name\":\"Trem de min\u00e9rio da empresa Vale descarrila na regi\u00e3o de Alto Alegre\"}]},{\"@type\":\"WebSite\",\"@id\":\"https:\/\/portosma.com.br\/#website\",\"url\":\"https:\/\/portosma.com.br\/\",\"name\":\"Portosma\",\"description\":\"Um site de not\u00edcias\",\"publisher\":{\"@id\":\"https:\/\/portosma.com.br\/#organization\"},\"potentialAction\":[{\"@type\":\"SearchAction\",\"target\":{\"@type\":\"EntryPoint\",\"urlTemplate\":\"https:\/\/portosma.com.br\/?s={search_term_string}\"},\"query-input\":\"required name=search_term_string\"}],\"inLanguage\":\"pt-BR\"},{\"@type\":\"Organization\",\"@id\":\"https:\/\/portosma.com.br\/#organization\",\"name\":\"Portosma\",\"alternateName\":\"Portosma\",\"url\":\"https:\/\/portosma.com.br\/\",\"logo\":{\"@type\":\"ImageObject\",\"inLanguage\":\"pt-BR\",\"@id\":\"https:\/\/portosma.com.br\/#\/schema\/logo\/image\/\",\"url\":\"https:\/\/portosma.com.br\/wp-content\/uploads\/2026\/03\/cropped-AD-PORTOSMA.jpg\",\"contentUrl\":\"https:\/\/portosma.com.br\/wp-content\/uploads\/2026\/03\/cropped-AD-PORTOSMA.jpg\",\"width\":400,\"height\":115,\"caption\":\"Portosma\"},\"image\":{\"@id\":\"https:\/\/portosma.com.br\/#\/schema\/logo\/image\/\"}},{\"@type\":\"Person\",\"@id\":\"https:\/\/portosma.com.br\/#\/schema\/person\/fb92dfe283ab47293259c87c813d8623\",\"name\":\"admin\",\"sameAs\":[\"https:\/\/portosma.com.br\"],\"url\":\"https:\/\/portosma.com.br\/index.php\/author\/portosma\/\"}]}<\/script>\n<!-- \/ Yoast SEO plugin. -->","yoast_head_json":{"title":"Trem de min\u00e9rio da empresa Vale descarrila na regi\u00e3o de Alto Alegre - Portosma","robots":{"index":"index","follow":"follow","max-snippet":"max-snippet:-1","max-image-preview":"max-image-preview:large","max-video-preview":"max-video-preview:-1"},"canonical":"https:\/\/portosma.com.br\/index.php\/2026\/04\/30\/trem-de-minerio-da-vale-descarrila-na-regiao-de-acailandia\/","og_locale":"pt_BR","og_type":"article","og_title":"Trem de min\u00e9rio da empresa Vale descarrila na regi\u00e3o de Alto Alegre - Portosma","og_description":"Apesar da gravidade do acidente n\u00e3o houve feridos. Em Nota, a Vale informou apenas o cancelamento por dois dias das viagens do Trem de Passageiro.","og_url":"https:\/\/portosma.com.br\/index.php\/2026\/04\/30\/trem-de-minerio-da-vale-descarrila-na-regiao-de-acailandia\/","og_site_name":"Portosma","article_published_time":"2026-04-30T23:43:29+00:00","article_modified_time":"2026-05-01T00:18:43+00:00","og_image":[{"width":1200,"height":499,"url":"https:\/\/portosma.com.br\/wp-content\/uploads\/2026\/04\/MINERIO-2.jpg","type":"image\/jpeg"}],"author":"admin","twitter_card":"summary_large_image","twitter_misc":{"Escrito por":"admin","Est. tempo de leitura":"4 minutos"},"schema":{"@context":"https:\/\/schema.org","@graph":[{"@type":"Article","@id":"https:\/\/portosma.com.br\/index.php\/2026\/04\/30\/trem-de-minerio-da-vale-descarrila-na-regiao-de-acailandia\/#article","isPartOf":{"@id":"https:\/\/portosma.com.br\/index.php\/2026\/04\/30\/trem-de-minerio-da-vale-descarrila-na-regiao-de-acailandia\/"},"author":{"name":"admin","@id":"https:\/\/portosma.com.br\/#\/schema\/person\/fb92dfe283ab47293259c87c813d8623"},"headline":"Trem de min\u00e9rio da empresa Vale descarrila na regi\u00e3o de Alto Alegre","datePublished":"2026-04-30T23:43:29+00:00","dateModified":"2026-05-01T00:18:43+00:00","mainEntityOfPage":{"@id":"https:\/\/portosma.com.br\/index.php\/2026\/04\/30\/trem-de-minerio-da-vale-descarrila-na-regiao-de-acailandia\/"},"wordCount":574,"publisher":{"@id":"https:\/\/portosma.com.br\/#organization"},"image":{"@id":"https:\/\/portosma.com.br\/index.php\/2026\/04\/30\/trem-de-minerio-da-vale-descarrila-na-regiao-de-acailandia\/#primaryimage"},"thumbnailUrl":"https:\/\/portosma.com.br\/wp-content\/uploads\/2026\/04\/MINERIO-2.jpg","articleSection":["Not\u00edcias"],"inLanguage":"pt-BR"},{"@type":"WebPage","@id":"https:\/\/portosma.com.br\/index.php\/2026\/04\/30\/trem-de-minerio-da-vale-descarrila-na-regiao-de-acailandia\/","url":"https:\/\/portosma.com.br\/index.php\/2026\/04\/30\/trem-de-minerio-da-vale-descarrila-na-regiao-de-acailandia\/","name":"Trem de min\u00e9rio da empresa Vale descarrila na regi\u00e3o de Alto Alegre - Portosma","isPartOf":{"@id":"https:\/\/portosma.com.br\/#website"},"primaryImageOfPage":{"@id":"https:\/\/portosma.com.br\/index.php\/2026\/04\/30\/trem-de-minerio-da-vale-descarrila-na-regiao-de-acailandia\/#primaryimage"},"image":{"@id":"https:\/\/portosma.com.br\/index.php\/2026\/04\/30\/trem-de-minerio-da-vale-descarrila-na-regiao-de-acailandia\/#primaryimage"},"thumbnailUrl":"https:\/\/portosma.com.br\/wp-content\/uploads\/2026\/04\/MINERIO-2.jpg","datePublished":"2026-04-30T23:43:29+00:00","dateModified":"2026-05-01T00:18:43+00:00","breadcrumb":{"@id":"https:\/\/portosma.com.br\/index.php\/2026\/04\/30\/trem-de-minerio-da-vale-descarrila-na-regiao-de-acailandia\/#breadcrumb"},"inLanguage":"pt-BR","potentialAction":[{"@type":"ReadAction","target":["https:\/\/portosma.com.br\/index.php\/2026\/04\/30\/trem-de-minerio-da-vale-descarrila-na-regiao-de-acailandia\/"]}]},{"@type":"ImageObject","inLanguage":"pt-BR","@id":"https:\/\/portosma.com.br\/index.php\/2026\/04\/30\/trem-de-minerio-da-vale-descarrila-na-regiao-de-acailandia\/#primaryimage","url":"https:\/\/portosma.com.br\/wp-content\/uploads\/2026\/04\/MINERIO-2.jpg","contentUrl":"https:\/\/portosma.com.br\/wp-content\/uploads\/2026\/04\/MINERIO-2.jpg","width":1200,"height":499},{"@type":"BreadcrumbList","@id":"https:\/\/portosma.com.br\/index.php\/2026\/04\/30\/trem-de-minerio-da-vale-descarrila-na-regiao-de-acailandia\/#breadcrumb","itemListElement":[{"@type":"ListItem","position":1,"name":"In\u00edcio","item":"https:\/\/portosma.com.br\/"},{"@type":"ListItem","position":2,"name":"Trem de min\u00e9rio da empresa Vale descarrila na regi\u00e3o de Alto Alegre"}]},{"@type":"WebSite","@id":"https:\/\/portosma.com.br\/#website","url":"https:\/\/portosma.com.br\/","name":"Portosma","description":"Um site de not\u00edcias","publisher":{"@id":"https:\/\/portosma.com.br\/#organization"},"potentialAction":[{"@type":"SearchAction","target":{"@type":"EntryPoint","urlTemplate":"https:\/\/portosma.com.br\/?s={search_term_string}"},"query-input":"required name=search_term_string"}],"inLanguage":"pt-BR"},{"@type":"Organization","@id":"https:\/\/portosma.com.br\/#organization","name":"Portosma","alternateName":"Portosma","url":"https:\/\/portosma.com.br\/","logo":{"@type":"ImageObject","inLanguage":"pt-BR","@id":"https:\/\/portosma.com.br\/#\/schema\/logo\/image\/","url":"https:\/\/portosma.com.br\/wp-content\/uploads\/2026\/03\/cropped-AD-PORTOSMA.jpg","contentUrl":"https:\/\/portosma.com.br\/wp-content\/uploads\/2026\/03\/cropped-AD-PORTOSMA.jpg","width":400,"height":115,"caption":"Portosma"},"image":{"@id":"https:\/\/portosma.com.br\/#\/schema\/logo\/image\/"}},{"@type":"Person","@id":"https:\/\/portosma.com.br\/#\/schema\/person\/fb92dfe283ab47293259c87c813d8623","name":"admin","sameAs":["https:\/\/portosma.com.br"],"url":"https:\/\/portosma.com.br\/index.php\/author\/portosma\/"}]}},"_links":{"self":[{"href":"https:\/\/portosma.com.br\/index.php\/wp-json\/wp\/v2\/posts\/29910","targetHints":{"allow":["GET"]}}],"collection":[{"href":"https:\/\/portosma.com.br\/index.php\/wp-json\/wp\/v2\/posts"}],"about":[{"href":"https:\/\/portosma.com.br\/index.php\/wp-json\/wp\/v2\/types\/post"}],"author":[{"embeddable":true,"href":"https:\/\/portosma.com.br\/index.php\/wp-json\/wp\/v2\/users\/1"}],"replies":[{"embeddable":true,"href":"https:\/\/portosma.com.br\/index.php\/wp-json\/wp\/v2\/comments?post=29910"}],"version-history":[{"count":7,"href":"https:\/\/portosma.com.br\/index.php\/wp-json\/wp\/v2\/posts\/29910\/revisions"}],"predecessor-version":[{"id":29921,"href":"https:\/\/portosma.com.br\/index.php\/wp-json\/wp\/v2\/posts\/29910\/revisions\/29921"}],"wp:featuredmedia":[{"embeddable":true,"href":"https:\/\/portosma.com.br\/index.php\/wp-json\/wp\/v2\/media\/29911"}],"wp:attachment":[{"href":"https:\/\/portosma.com.br\/index.php\/wp-json\/wp\/v2\/media?parent=29910"}],"wp:term":[{"taxonomy":"category","embeddable":true,"href":"https:\/\/portosma.com.br\/index.php\/wp-json\/wp\/v2\/categories?post=29910"},{"taxonomy":"post_tag","embeddable":true,"href":"https:\/\/portosma.com.br\/index.php\/wp-json\/wp\/v2\/tags?post=29910"}],"curies":[{"name":"wp","href":"https:\/\/api.w.org\/{rel}","templated":true}]}}