{"id":28827,"date":"2026-03-12T12:18:26","date_gmt":"2026-03-12T12:18:26","guid":{"rendered":"https:\/\/portosma.com.br\/?p=28827"},"modified":"2026-03-12T12:20:40","modified_gmt":"2026-03-12T12:20:40","slug":"vli-registra-aumento-de-10-no-transporte-corredor-norte","status":"publish","type":"post","link":"https:\/\/portosma.com.br\/index.php\/2026\/03\/12\/vli-registra-aumento-de-10-no-transporte-corredor-norte\/","title":{"rendered":"VLI registra um aumento de 10% no transporte no Corredor Norte"},"content":{"rendered":"<p>A VLI registrou aumento de cerca de 10% no volume de soja transportado no Corredor Norte da companhia, ao longo de 2025. No total, foram movimentadas 9,0 bilh\u00f5es de TKU \u2013 medida que considera o volume e a dist\u00e2ncia percorrida \u2013 da commodity, contra 8,2 bilh\u00f5es TKU em 2024. O total representa um salto de 67% desde 2020, demonstrando for\u00e7a do sistema integrado da companhia na regi\u00e3o e sua import\u00e2ncia para apoiar o crescimento do agroneg\u00f3cio brasileiro. O Corredor Norte liga os estados do Maranh\u00e3o e do Tocantins e capta cargas de toda a regi\u00e3o do Matopiba.<\/p>\n<p>\u201cOs resultados crescentes da VLI na regi\u00e3o refletem o nosso compromisso com a excel\u00eancia operacional, planejamento e seguran\u00e7a das opera\u00e7\u00f5es. A infraestrutura \u00e9 essencial para permitir que o Brasil permane\u00e7a em posi\u00e7\u00e3o de destaque no abastecimento global de commodities, contribuindo para o fortalecimento da economia nacional\u201d, afirma Gabriel Fonseca, gerente geral Comercial para gr\u00e3os e fertilizantes na VLI.<\/p>\n<p>Al\u00e9m da soja, o Corredor Norte da VLI movimenta cargas como combust\u00edveis, milho, farelo de milho e de soja, celulose e ferro gusa.&nbsp; Considerando todas as commodities movimentadas, em um per\u00edodo de dez anos, entre 2015 e 2024, os volumes transportados pela companhia na regi\u00e3o passaram de 5,8 bilh\u00f5es de TKU para 14,4 bilh\u00f5es, um crescimento de quase 150%.<\/p>\n<p>Para auxiliar no escoamento das cargas, o Corredor Norte conta com composi\u00e7\u00f5es de at\u00e9 240 vag\u00f5es, em um modelo operacional chamado tricotol, com tr\u00eas blocos de 80 vag\u00f5es puxados, cada um, por uma locomotiva. Com sua capacidade massiva, o trem \u00e9 capaz de transportar at\u00e9 30 mil toneladas de uma s\u00f3 vez, o que representa um salto de produtividade e efici\u00eancia para o escoamento da safra da regi\u00e3o.<\/p>\n<p>O impacto do tricotrol vai al\u00e9m da capacidade de carga. Ele se destaca ainda pela efici\u00eancia energ\u00e9tica e por contribuir para a redu\u00e7\u00e3o de emiss\u00f5es de gases de efeito estufa. O trem possui um \u00edndice de emiss\u00e3o de 2,85 kg de CO2 por litro de diesel, uma marca 12% menor em compara\u00e7\u00e3o com a m\u00e9dia de 3,2 kg dos modelos convencionais.<\/p>\n<p><strong>Safra 2026<\/strong> &#8211; O sistema integrado da VLI j\u00e1 est\u00e1 em plena movimenta\u00e7\u00e3o para os embarques destinados \u00e0 exporta\u00e7\u00e3o de soja da safra 2026. A principal commodity agr\u00edcola exportada no pa\u00eds \u00e9 transportada nos corredores log\u00edsticos de maior movimenta\u00e7\u00e3o da companhia: Sudeste e Leste, que utilizam a Ferrovia Centro-Atl\u00e2ntica para acessar o Porto de Santos e o sistema portu\u00e1rio do Esp\u00edrito Santo, respectivamente; e Norte.<\/p>\n<p>\u201cA concentra\u00e7\u00e3o da colheita no primeiro trimestre aumenta a press\u00e3o sobre o transporte, especialmente nas rotas mais longas. A integra\u00e7\u00e3o entre ferrovias, terminais e portos traz mais previsibilidade e efici\u00eancia para o cliente justamente no per\u00edodo de maior disputa log\u00edstica, contribuindo para que o gr\u00e3o chegue aos portos com confiabilidade, al\u00e9m de serem menos poluentes\u201d, afirma Fonseca. <em>Na foto da capa, o&nbsp; Terminal Portu\u00e1rio de S\u00e3o Lu\u00eds (TPSL) \u00e9 a ponta de embarque da VLI no Corredor Norte.<\/em><\/p>\n","protected":false},"excerpt":{"rendered":"<p>Volume movimentado ao longo de 2025 foi de 9,0 bilh\u00f5es de TKU.\u00a0Composi\u00e7\u00f5es graneleiras  de trem com at\u00e9 240 vag\u00f5es j\u00e1 movimentam a safra 2026.<\/p>\n","protected":false},"author":1,"featured_media":28828,"comment_status":"closed","ping_status":"open","sticky":false,"template":"","format":"standard","meta":{"_editorskit_title_hidden":false,"_editorskit_reading_time":0,"_editorskit_is_block_options_detached":false,"_editorskit_block_options_position":"{}","ngg_post_thumbnail":0,"footnotes":""},"categories":[1],"tags":[],"class_list":["post-28827","post","type-post","status-publish","format-standard","has-post-thumbnail","hentry","category-noticias"],"yoast_head":"<!-- This site is optimized with the Yoast SEO plugin v22.5 - https:\/\/yoast.com\/wordpress\/plugins\/seo\/ -->\n<title>VLI registra um aumento de 10% no transporte no Corredor Norte - Portosma<\/title>\n<meta name=\"robots\" content=\"index, follow, max-snippet:-1, max-image-preview:large, max-video-preview:-1\" \/>\n<link rel=\"canonical\" href=\"https:\/\/portosma.com.br\/index.php\/2026\/03\/12\/vli-registra-aumento-de-10-no-transporte-corredor-norte\/\" \/>\n<meta property=\"og:locale\" content=\"pt_BR\" \/>\n<meta property=\"og:type\" content=\"article\" \/>\n<meta property=\"og:title\" content=\"VLI registra um aumento de 10% no transporte no Corredor Norte - Portosma\" \/>\n<meta property=\"og:description\" content=\"Volume movimentado ao longo de 2025 foi de 9,0 bilh\u00f5es de TKU.\u00a0Composi\u00e7\u00f5es graneleiras de trem com at\u00e9 240 vag\u00f5es j\u00e1 movimentam a safra 2026.\" \/>\n<meta property=\"og:url\" content=\"https:\/\/portosma.com.br\/index.php\/2026\/03\/12\/vli-registra-aumento-de-10-no-transporte-corredor-norte\/\" \/>\n<meta property=\"og:site_name\" content=\"Portosma\" \/>\n<meta property=\"article:published_time\" content=\"2026-03-12T12:18:26+00:00\" \/>\n<meta property=\"article:modified_time\" content=\"2026-03-12T12:20:40+00:00\" \/>\n<meta property=\"og:image\" content=\"https:\/\/portosma.com.br\/wp-content\/uploads\/2026\/03\/CN-VLI-ITAQUI.jpg\" \/>\n\t<meta property=\"og:image:width\" content=\"1200\" \/>\n\t<meta property=\"og:image:height\" content=\"501\" \/>\n\t<meta property=\"og:image:type\" content=\"image\/jpeg\" \/>\n<meta name=\"author\" content=\"admin\" \/>\n<meta name=\"twitter:card\" content=\"summary_large_image\" \/>\n<meta name=\"twitter:label1\" content=\"Escrito por\" \/>\n\t<meta name=\"twitter:data1\" content=\"admin\" \/>\n\t<meta name=\"twitter:label2\" content=\"Est. tempo de leitura\" \/>\n\t<meta name=\"twitter:data2\" content=\"3 minutos\" \/>\n<script type=\"application\/ld+json\" class=\"yoast-schema-graph\">{\"@context\":\"https:\/\/schema.org\",\"@graph\":[{\"@type\":\"Article\",\"@id\":\"https:\/\/portosma.com.br\/index.php\/2026\/03\/12\/vli-registra-aumento-de-10-no-transporte-corredor-norte\/#article\",\"isPartOf\":{\"@id\":\"https:\/\/portosma.com.br\/index.php\/2026\/03\/12\/vli-registra-aumento-de-10-no-transporte-corredor-norte\/\"},\"author\":{\"name\":\"admin\",\"@id\":\"https:\/\/portosma.com.br\/#\/schema\/person\/fb92dfe283ab47293259c87c813d8623\"},\"headline\":\"VLI registra um aumento de 10% no transporte no Corredor Norte\",\"datePublished\":\"2026-03-12T12:18:26+00:00\",\"dateModified\":\"2026-03-12T12:20:40+00:00\",\"mainEntityOfPage\":{\"@id\":\"https:\/\/portosma.com.br\/index.php\/2026\/03\/12\/vli-registra-aumento-de-10-no-transporte-corredor-norte\/\"},\"wordCount\":527,\"publisher\":{\"@id\":\"https:\/\/portosma.com.br\/#organization\"},\"image\":{\"@id\":\"https:\/\/portosma.com.br\/index.php\/2026\/03\/12\/vli-registra-aumento-de-10-no-transporte-corredor-norte\/#primaryimage\"},\"thumbnailUrl\":\"https:\/\/portosma.com.br\/wp-content\/uploads\/2026\/03\/CN-VLI-ITAQUI.jpg\",\"articleSection\":[\"Not\u00edcias\"],\"inLanguage\":\"pt-BR\"},{\"@type\":\"WebPage\",\"@id\":\"https:\/\/portosma.com.br\/index.php\/2026\/03\/12\/vli-registra-aumento-de-10-no-transporte-corredor-norte\/\",\"url\":\"https:\/\/portosma.com.br\/index.php\/2026\/03\/12\/vli-registra-aumento-de-10-no-transporte-corredor-norte\/\",\"name\":\"VLI registra um aumento de 10% no transporte no Corredor Norte - Portosma\",\"isPartOf\":{\"@id\":\"https:\/\/portosma.com.br\/#website\"},\"primaryImageOfPage\":{\"@id\":\"https:\/\/portosma.com.br\/index.php\/2026\/03\/12\/vli-registra-aumento-de-10-no-transporte-corredor-norte\/#primaryimage\"},\"image\":{\"@id\":\"https:\/\/portosma.com.br\/index.php\/2026\/03\/12\/vli-registra-aumento-de-10-no-transporte-corredor-norte\/#primaryimage\"},\"thumbnailUrl\":\"https:\/\/portosma.com.br\/wp-content\/uploads\/2026\/03\/CN-VLI-ITAQUI.jpg\",\"datePublished\":\"2026-03-12T12:18:26+00:00\",\"dateModified\":\"2026-03-12T12:20:40+00:00\",\"breadcrumb\":{\"@id\":\"https:\/\/portosma.com.br\/index.php\/2026\/03\/12\/vli-registra-aumento-de-10-no-transporte-corredor-norte\/#breadcrumb\"},\"inLanguage\":\"pt-BR\",\"potentialAction\":[{\"@type\":\"ReadAction\",\"target\":[\"https:\/\/portosma.com.br\/index.php\/2026\/03\/12\/vli-registra-aumento-de-10-no-transporte-corredor-norte\/\"]}]},{\"@type\":\"ImageObject\",\"inLanguage\":\"pt-BR\",\"@id\":\"https:\/\/portosma.com.br\/index.php\/2026\/03\/12\/vli-registra-aumento-de-10-no-transporte-corredor-norte\/#primaryimage\",\"url\":\"https:\/\/portosma.com.br\/wp-content\/uploads\/2026\/03\/CN-VLI-ITAQUI.jpg\",\"contentUrl\":\"https:\/\/portosma.com.br\/wp-content\/uploads\/2026\/03\/CN-VLI-ITAQUI.jpg\",\"width\":1200,\"height\":501,\"caption\":\"Sao Luis_MA, 24 de maio de 2014 Corporativo \/ VLI Producao de banco de imagens para a VLI, empresa de logistica que integra ferrovias, portos e terminais com ativos proprios e de terceiros. Imagens produzidas na unidade de Sao Luis no Maranhao cuja operacao e no Porto de Itaqui. Foto: NIDIN SANCHES \/ Divulgacao\"},{\"@type\":\"BreadcrumbList\",\"@id\":\"https:\/\/portosma.com.br\/index.php\/2026\/03\/12\/vli-registra-aumento-de-10-no-transporte-corredor-norte\/#breadcrumb\",\"itemListElement\":[{\"@type\":\"ListItem\",\"position\":1,\"name\":\"In\u00edcio\",\"item\":\"https:\/\/portosma.com.br\/\"},{\"@type\":\"ListItem\",\"position\":2,\"name\":\"VLI registra um aumento de 10% no transporte no Corredor Norte\"}]},{\"@type\":\"WebSite\",\"@id\":\"https:\/\/portosma.com.br\/#website\",\"url\":\"https:\/\/portosma.com.br\/\",\"name\":\"Portosma\",\"description\":\"Um site de not\u00edcias\",\"publisher\":{\"@id\":\"https:\/\/portosma.com.br\/#organization\"},\"potentialAction\":[{\"@type\":\"SearchAction\",\"target\":{\"@type\":\"EntryPoint\",\"urlTemplate\":\"https:\/\/portosma.com.br\/?s={search_term_string}\"},\"query-input\":\"required name=search_term_string\"}],\"inLanguage\":\"pt-BR\"},{\"@type\":\"Organization\",\"@id\":\"https:\/\/portosma.com.br\/#organization\",\"name\":\"Portosma\",\"alternateName\":\"Portosma\",\"url\":\"https:\/\/portosma.com.br\/\",\"logo\":{\"@type\":\"ImageObject\",\"inLanguage\":\"pt-BR\",\"@id\":\"https:\/\/portosma.com.br\/#\/schema\/logo\/image\/\",\"url\":\"https:\/\/portosma.com.br\/wp-content\/uploads\/2026\/03\/cropped-AD-PORTOSMA.jpg\",\"contentUrl\":\"https:\/\/portosma.com.br\/wp-content\/uploads\/2026\/03\/cropped-AD-PORTOSMA.jpg\",\"width\":400,\"height\":115,\"caption\":\"Portosma\"},\"image\":{\"@id\":\"https:\/\/portosma.com.br\/#\/schema\/logo\/image\/\"}},{\"@type\":\"Person\",\"@id\":\"https:\/\/portosma.com.br\/#\/schema\/person\/fb92dfe283ab47293259c87c813d8623\",\"name\":\"admin\",\"sameAs\":[\"https:\/\/portosma.com.br\"],\"url\":\"https:\/\/portosma.com.br\/index.php\/author\/portosma\/\"}]}<\/script>\n<!-- \/ Yoast SEO plugin. -->","yoast_head_json":{"title":"VLI registra um aumento de 10% no transporte no Corredor Norte - Portosma","robots":{"index":"index","follow":"follow","max-snippet":"max-snippet:-1","max-image-preview":"max-image-preview:large","max-video-preview":"max-video-preview:-1"},"canonical":"https:\/\/portosma.com.br\/index.php\/2026\/03\/12\/vli-registra-aumento-de-10-no-transporte-corredor-norte\/","og_locale":"pt_BR","og_type":"article","og_title":"VLI registra um aumento de 10% no transporte no Corredor Norte - Portosma","og_description":"Volume movimentado ao longo de 2025 foi de 9,0 bilh\u00f5es de TKU.\u00a0Composi\u00e7\u00f5es graneleiras de trem com at\u00e9 240 vag\u00f5es j\u00e1 movimentam a safra 2026.","og_url":"https:\/\/portosma.com.br\/index.php\/2026\/03\/12\/vli-registra-aumento-de-10-no-transporte-corredor-norte\/","og_site_name":"Portosma","article_published_time":"2026-03-12T12:18:26+00:00","article_modified_time":"2026-03-12T12:20:40+00:00","og_image":[{"width":1200,"height":501,"url":"https:\/\/portosma.com.br\/wp-content\/uploads\/2026\/03\/CN-VLI-ITAQUI.jpg","type":"image\/jpeg"}],"author":"admin","twitter_card":"summary_large_image","twitter_misc":{"Escrito por":"admin","Est. tempo de leitura":"3 minutos"},"schema":{"@context":"https:\/\/schema.org","@graph":[{"@type":"Article","@id":"https:\/\/portosma.com.br\/index.php\/2026\/03\/12\/vli-registra-aumento-de-10-no-transporte-corredor-norte\/#article","isPartOf":{"@id":"https:\/\/portosma.com.br\/index.php\/2026\/03\/12\/vli-registra-aumento-de-10-no-transporte-corredor-norte\/"},"author":{"name":"admin","@id":"https:\/\/portosma.com.br\/#\/schema\/person\/fb92dfe283ab47293259c87c813d8623"},"headline":"VLI registra um aumento de 10% no transporte no Corredor Norte","datePublished":"2026-03-12T12:18:26+00:00","dateModified":"2026-03-12T12:20:40+00:00","mainEntityOfPage":{"@id":"https:\/\/portosma.com.br\/index.php\/2026\/03\/12\/vli-registra-aumento-de-10-no-transporte-corredor-norte\/"},"wordCount":527,"publisher":{"@id":"https:\/\/portosma.com.br\/#organization"},"image":{"@id":"https:\/\/portosma.com.br\/index.php\/2026\/03\/12\/vli-registra-aumento-de-10-no-transporte-corredor-norte\/#primaryimage"},"thumbnailUrl":"https:\/\/portosma.com.br\/wp-content\/uploads\/2026\/03\/CN-VLI-ITAQUI.jpg","articleSection":["Not\u00edcias"],"inLanguage":"pt-BR"},{"@type":"WebPage","@id":"https:\/\/portosma.com.br\/index.php\/2026\/03\/12\/vli-registra-aumento-de-10-no-transporte-corredor-norte\/","url":"https:\/\/portosma.com.br\/index.php\/2026\/03\/12\/vli-registra-aumento-de-10-no-transporte-corredor-norte\/","name":"VLI registra um aumento de 10% no transporte no Corredor Norte - Portosma","isPartOf":{"@id":"https:\/\/portosma.com.br\/#website"},"primaryImageOfPage":{"@id":"https:\/\/portosma.com.br\/index.php\/2026\/03\/12\/vli-registra-aumento-de-10-no-transporte-corredor-norte\/#primaryimage"},"image":{"@id":"https:\/\/portosma.com.br\/index.php\/2026\/03\/12\/vli-registra-aumento-de-10-no-transporte-corredor-norte\/#primaryimage"},"thumbnailUrl":"https:\/\/portosma.com.br\/wp-content\/uploads\/2026\/03\/CN-VLI-ITAQUI.jpg","datePublished":"2026-03-12T12:18:26+00:00","dateModified":"2026-03-12T12:20:40+00:00","breadcrumb":{"@id":"https:\/\/portosma.com.br\/index.php\/2026\/03\/12\/vli-registra-aumento-de-10-no-transporte-corredor-norte\/#breadcrumb"},"inLanguage":"pt-BR","potentialAction":[{"@type":"ReadAction","target":["https:\/\/portosma.com.br\/index.php\/2026\/03\/12\/vli-registra-aumento-de-10-no-transporte-corredor-norte\/"]}]},{"@type":"ImageObject","inLanguage":"pt-BR","@id":"https:\/\/portosma.com.br\/index.php\/2026\/03\/12\/vli-registra-aumento-de-10-no-transporte-corredor-norte\/#primaryimage","url":"https:\/\/portosma.com.br\/wp-content\/uploads\/2026\/03\/CN-VLI-ITAQUI.jpg","contentUrl":"https:\/\/portosma.com.br\/wp-content\/uploads\/2026\/03\/CN-VLI-ITAQUI.jpg","width":1200,"height":501,"caption":"Sao Luis_MA, 24 de maio de 2014 Corporativo \/ VLI Producao de banco de imagens para a VLI, empresa de logistica que integra ferrovias, portos e terminais com ativos proprios e de terceiros. Imagens produzidas na unidade de Sao Luis no Maranhao cuja operacao e no Porto de Itaqui. Foto: NIDIN SANCHES \/ Divulgacao"},{"@type":"BreadcrumbList","@id":"https:\/\/portosma.com.br\/index.php\/2026\/03\/12\/vli-registra-aumento-de-10-no-transporte-corredor-norte\/#breadcrumb","itemListElement":[{"@type":"ListItem","position":1,"name":"In\u00edcio","item":"https:\/\/portosma.com.br\/"},{"@type":"ListItem","position":2,"name":"VLI registra um aumento de 10% no transporte no Corredor Norte"}]},{"@type":"WebSite","@id":"https:\/\/portosma.com.br\/#website","url":"https:\/\/portosma.com.br\/","name":"Portosma","description":"Um site de not\u00edcias","publisher":{"@id":"https:\/\/portosma.com.br\/#organization"},"potentialAction":[{"@type":"SearchAction","target":{"@type":"EntryPoint","urlTemplate":"https:\/\/portosma.com.br\/?s={search_term_string}"},"query-input":"required name=search_term_string"}],"inLanguage":"pt-BR"},{"@type":"Organization","@id":"https:\/\/portosma.com.br\/#organization","name":"Portosma","alternateName":"Portosma","url":"https:\/\/portosma.com.br\/","logo":{"@type":"ImageObject","inLanguage":"pt-BR","@id":"https:\/\/portosma.com.br\/#\/schema\/logo\/image\/","url":"https:\/\/portosma.com.br\/wp-content\/uploads\/2026\/03\/cropped-AD-PORTOSMA.jpg","contentUrl":"https:\/\/portosma.com.br\/wp-content\/uploads\/2026\/03\/cropped-AD-PORTOSMA.jpg","width":400,"height":115,"caption":"Portosma"},"image":{"@id":"https:\/\/portosma.com.br\/#\/schema\/logo\/image\/"}},{"@type":"Person","@id":"https:\/\/portosma.com.br\/#\/schema\/person\/fb92dfe283ab47293259c87c813d8623","name":"admin","sameAs":["https:\/\/portosma.com.br"],"url":"https:\/\/portosma.com.br\/index.php\/author\/portosma\/"}]}},"_links":{"self":[{"href":"https:\/\/portosma.com.br\/index.php\/wp-json\/wp\/v2\/posts\/28827","targetHints":{"allow":["GET"]}}],"collection":[{"href":"https:\/\/portosma.com.br\/index.php\/wp-json\/wp\/v2\/posts"}],"about":[{"href":"https:\/\/portosma.com.br\/index.php\/wp-json\/wp\/v2\/types\/post"}],"author":[{"embeddable":true,"href":"https:\/\/portosma.com.br\/index.php\/wp-json\/wp\/v2\/users\/1"}],"replies":[{"embeddable":true,"href":"https:\/\/portosma.com.br\/index.php\/wp-json\/wp\/v2\/comments?post=28827"}],"version-history":[{"count":4,"href":"https:\/\/portosma.com.br\/index.php\/wp-json\/wp\/v2\/posts\/28827\/revisions"}],"predecessor-version":[{"id":28832,"href":"https:\/\/portosma.com.br\/index.php\/wp-json\/wp\/v2\/posts\/28827\/revisions\/28832"}],"wp:featuredmedia":[{"embeddable":true,"href":"https:\/\/portosma.com.br\/index.php\/wp-json\/wp\/v2\/media\/28828"}],"wp:attachment":[{"href":"https:\/\/portosma.com.br\/index.php\/wp-json\/wp\/v2\/media?parent=28827"}],"wp:term":[{"taxonomy":"category","embeddable":true,"href":"https:\/\/portosma.com.br\/index.php\/wp-json\/wp\/v2\/categories?post=28827"},{"taxonomy":"post_tag","embeddable":true,"href":"https:\/\/portosma.com.br\/index.php\/wp-json\/wp\/v2\/tags?post=28827"}],"curies":[{"name":"wp","href":"https:\/\/api.w.org\/{rel}","templated":true}]}}