{"id":28605,"date":"2026-03-05T14:51:46","date_gmt":"2026-03-05T14:51:46","guid":{"rendered":"https:\/\/portosma.com.br\/?p=28605"},"modified":"2026-03-08T02:39:56","modified_gmt":"2026-03-08T02:39:56","slug":"sao-luis-sedia-o-iv-workshop-de-combustiveis-e-seus-derivados","status":"publish","type":"post","link":"https:\/\/portosma.com.br\/index.php\/2026\/03\/05\/sao-luis-sedia-o-iv-workshop-de-combustiveis-e-seus-derivados\/","title":{"rendered":"S\u00e3o Lu\u00eds sedia o IV Workshop de combust\u00edveis e seus derivados"},"content":{"rendered":"<p>Um dos eventos mais esperados pelo setor de combust\u00edveis no estado do Maranh\u00e3o, o IV Workshop Sindcombustivel, aconteceu na \u00faltima sexta-feira, no Vila Reale Buffet, e reuniu dezenas de convidados, filiados, empres\u00e1rios e representantes do setor e seus derivados. Com o tema \u201cConhecimento, conex\u00e3o e oportunidades em S\u00e3o Lu\u00eds\u201d, o evento foi marcado por grandes palestras e exposi\u00e7\u00e3o de stands, numa programa\u00e7\u00e3o que se iniciou \u00e0s 8h da manh\u00e3 e encerrou somente \u00e0s 18, com um coquetel.<\/p>\n<figure id=\"attachment_28651\" aria-describedby=\"caption-attachment-28651\" style=\"width: 900px\" class=\"wp-caption alignnone\"><img fetchpriority=\"high\" decoding=\"async\" class=\"wp-image-28651 size-full\" src=\"https:\/\/portosma.com.br\/wp-content\/uploads\/2026\/03\/SINDCOM-04.jpg\" alt=\"\" width=\"900\" height=\"554\" srcset=\"https:\/\/portosma.com.br\/wp-content\/uploads\/2026\/03\/SINDCOM-04.jpg 900w, https:\/\/portosma.com.br\/wp-content\/uploads\/2026\/03\/SINDCOM-04-300x185.jpg 300w, https:\/\/portosma.com.br\/wp-content\/uploads\/2026\/03\/SINDCOM-04-768x473.jpg 768w\" sizes=\"(max-width: 900px) 100vw, 900px\" \/><figcaption id=\"caption-attachment-28651\" class=\"wp-caption-text\"><span style=\"color: #800000;\"><em><strong>A presidente do Sindcombust\u00edvel, Magn\u00f3lia Rolim, entre Fernando Santos e Leopoldo.<\/strong><\/em><\/span><\/figcaption><\/figure>\n<p>Promovido pelo Sindcombust\u00edveis, o workshop foi considerado um grande sucesso pelos participantes, reuniu revendedores, parceiros e especialistas do setor em um dia marcado por conhecimento, networking e troca de experi\u00eancias. A programa\u00e7\u00e3o diversificada contou com palestras relevantes, pain\u00e9is estrat\u00e9gicos sobre o futuro do etanol e momentos de intera\u00e7\u00e3o entre os participantes. A iniciativa refor\u00e7ou a import\u00e2ncia do fortalecimento do setor e proporcionou conte\u00fado de alto n\u00edvel para os profissionais presentes.<\/p>\n<p>Um dos itens mais expressivos de todo evento foi o lan\u00e7amento portif\u00f3lio SINDCOMBUST\u00cdVEIS-MA VANTAGENS, produtos e servi\u00e7os com valores exclusivos para todo o segmento, \u201cuma ferramenta que promete aumentar a competitividade e melhorar a gest\u00e3o dos empreendedores neste segmento de mercado\u201d, explicou Magn\u00f3lia Rolim, atual presidente do Sindcombust\u00edveis.<\/p>\n<p>Destaque tamb\u00e9m para as palestras \u201cOnde est\u00e1 o dinheiro do meu posto?\u201d, \u201cProcessos regulat\u00f3rios: mercado consumidor\u201d e \u201cDo comum ao extraordin\u00e1rio. O atendimento que transforma em resultados\u201d, proferidas pelos especialistas Arlindo Pichillau, Raphael Costa, Lu\u00eds Martins, e Diogo Locatelli. Confira a seguir fotos do evento.<\/p>\n<p><img decoding=\"async\" class=\"alignnone wp-image-28652 size-full\" src=\"https:\/\/portosma.com.br\/wp-content\/uploads\/2026\/03\/SINDCOM-05.jpg\" alt=\"\" width=\"900\" height=\"726\" srcset=\"https:\/\/portosma.com.br\/wp-content\/uploads\/2026\/03\/SINDCOM-05.jpg 900w, https:\/\/portosma.com.br\/wp-content\/uploads\/2026\/03\/SINDCOM-05-300x242.jpg 300w, https:\/\/portosma.com.br\/wp-content\/uploads\/2026\/03\/SINDCOM-05-768x620.jpg 768w\" sizes=\"(max-width: 900px) 100vw, 900px\" \/><\/p>\n<p><img decoding=\"async\" class=\"alignnone wp-image-28648 size-full\" src=\"https:\/\/portosma.com.br\/wp-content\/uploads\/2026\/03\/SINDCOM-01.jpg\" alt=\"\" width=\"900\" height=\"487\" srcset=\"https:\/\/portosma.com.br\/wp-content\/uploads\/2026\/03\/SINDCOM-01.jpg 900w, https:\/\/portosma.com.br\/wp-content\/uploads\/2026\/03\/SINDCOM-01-300x162.jpg 300w, https:\/\/portosma.com.br\/wp-content\/uploads\/2026\/03\/SINDCOM-01-768x416.jpg 768w\" sizes=\"(max-width: 900px) 100vw, 900px\" \/><\/p>\n<p><img loading=\"lazy\" decoding=\"async\" class=\"alignnone wp-image-28649 size-full\" src=\"https:\/\/portosma.com.br\/wp-content\/uploads\/2026\/03\/SINDCOM-02.jpg\" alt=\"\" width=\"900\" height=\"583\" srcset=\"https:\/\/portosma.com.br\/wp-content\/uploads\/2026\/03\/SINDCOM-02.jpg 900w, https:\/\/portosma.com.br\/wp-content\/uploads\/2026\/03\/SINDCOM-02-300x194.jpg 300w, https:\/\/portosma.com.br\/wp-content\/uploads\/2026\/03\/SINDCOM-02-768x497.jpg 768w\" sizes=\"(max-width: 900px) 100vw, 900px\" \/><\/p>\n<figure id=\"attachment_28653\" aria-describedby=\"caption-attachment-28653\" style=\"width: 900px\" class=\"wp-caption alignnone\"><img loading=\"lazy\" decoding=\"async\" class=\"wp-image-28653 size-full\" src=\"https:\/\/portosma.com.br\/wp-content\/uploads\/2026\/03\/SINDCOM-06.jpg\" alt=\"\" width=\"900\" height=\"374\" srcset=\"https:\/\/portosma.com.br\/wp-content\/uploads\/2026\/03\/SINDCOM-06.jpg 900w, https:\/\/portosma.com.br\/wp-content\/uploads\/2026\/03\/SINDCOM-06-300x125.jpg 300w, https:\/\/portosma.com.br\/wp-content\/uploads\/2026\/03\/SINDCOM-06-768x319.jpg 768w\" sizes=\"(max-width: 900px) 100vw, 900px\" \/><figcaption id=\"caption-attachment-28653\" class=\"wp-caption-text\"><span style=\"color: #800000;\"><em><strong>Na foto, Braulio, da Imetro, a engenheira Gabriela, Fernando Santos, Rog\u00e9rio da Iveste Maranh\u00e3o, Domingos, ex-presidente do Sindcombust\u00edveis, Aur\u00e9lio, Victor Santos e Breno.<\/strong><\/em><\/span><\/figcaption><\/figure>\n<p><img loading=\"lazy\" decoding=\"async\" class=\"alignnone wp-image-28650 size-full\" src=\"https:\/\/portosma.com.br\/wp-content\/uploads\/2026\/03\/SINDCOM-03.jpg\" alt=\"\" width=\"900\" height=\"396\" srcset=\"https:\/\/portosma.com.br\/wp-content\/uploads\/2026\/03\/SINDCOM-03.jpg 900w, https:\/\/portosma.com.br\/wp-content\/uploads\/2026\/03\/SINDCOM-03-300x132.jpg 300w, https:\/\/portosma.com.br\/wp-content\/uploads\/2026\/03\/SINDCOM-03-768x338.jpg 768w\" sizes=\"(max-width: 900px) 100vw, 900px\" \/>&nbsp;<img loading=\"lazy\" decoding=\"async\" class=\"alignnone wp-image-28654 size-full\" src=\"https:\/\/portosma.com.br\/wp-content\/uploads\/2026\/03\/SINDCOM-07.jpg\" alt=\"\" width=\"900\" height=\"591\" srcset=\"https:\/\/portosma.com.br\/wp-content\/uploads\/2026\/03\/SINDCOM-07.jpg 900w, https:\/\/portosma.com.br\/wp-content\/uploads\/2026\/03\/SINDCOM-07-300x197.jpg 300w, https:\/\/portosma.com.br\/wp-content\/uploads\/2026\/03\/SINDCOM-07-768x504.jpg 768w\" sizes=\"(max-width: 900px) 100vw, 900px\" \/><\/p>\n<p><img loading=\"lazy\" decoding=\"async\" class=\"alignnone wp-image-28606\" src=\"https:\/\/portosma.com.br\/wp-content\/uploads\/2026\/03\/BIOCOMBUSTIVEL-300x126.jpg\" alt=\"\" width=\"900\" height=\"377\" srcset=\"https:\/\/portosma.com.br\/wp-content\/uploads\/2026\/03\/BIOCOMBUSTIVEL-300x126.jpg 300w, https:\/\/portosma.com.br\/wp-content\/uploads\/2026\/03\/BIOCOMBUSTIVEL-1024x429.jpg 1024w, https:\/\/portosma.com.br\/wp-content\/uploads\/2026\/03\/BIOCOMBUSTIVEL-768x322.jpg 768w, https:\/\/portosma.com.br\/wp-content\/uploads\/2026\/03\/BIOCOMBUSTIVEL.jpg 1200w\" sizes=\"(max-width: 900px) 100vw, 900px\" \/><\/p>\n","protected":false},"excerpt":{"rendered":"<p>O evento foi considerado um sucesso, com destaques para a qualidade das palestras e a exposi\u00e7\u00e3o de stands de empresas parceiras.<\/p>\n","protected":false},"author":1,"featured_media":28647,"comment_status":"closed","ping_status":"open","sticky":false,"template":"","format":"standard","meta":{"_editorskit_title_hidden":false,"_editorskit_reading_time":0,"_editorskit_is_block_options_detached":false,"_editorskit_block_options_position":"{}","ngg_post_thumbnail":0,"footnotes":""},"categories":[1],"tags":[],"class_list":["post-28605","post","type-post","status-publish","format-standard","has-post-thumbnail","hentry","category-noticias"],"yoast_head":"<!-- This site is optimized with the Yoast SEO plugin v22.5 - https:\/\/yoast.com\/wordpress\/plugins\/seo\/ -->\n<title>S\u00e3o Lu\u00eds sedia o IV Workshop de combust\u00edveis e seus derivados - Portosma<\/title>\n<meta name=\"robots\" content=\"index, follow, max-snippet:-1, max-image-preview:large, max-video-preview:-1\" \/>\n<link rel=\"canonical\" href=\"https:\/\/portosma.com.br\/index.php\/2026\/03\/05\/sao-luis-sedia-o-iv-workshop-de-combustiveis-e-seus-derivados\/\" \/>\n<meta property=\"og:locale\" content=\"pt_BR\" \/>\n<meta property=\"og:type\" content=\"article\" \/>\n<meta property=\"og:title\" content=\"S\u00e3o Lu\u00eds sedia o IV Workshop de combust\u00edveis e seus derivados - Portosma\" \/>\n<meta property=\"og:description\" content=\"O evento foi considerado um sucesso, com destaques para a qualidade das palestras e a exposi\u00e7\u00e3o de stands de empresas parceiras.\" \/>\n<meta property=\"og:url\" content=\"https:\/\/portosma.com.br\/index.php\/2026\/03\/05\/sao-luis-sedia-o-iv-workshop-de-combustiveis-e-seus-derivados\/\" \/>\n<meta property=\"og:site_name\" content=\"Portosma\" \/>\n<meta property=\"article:published_time\" content=\"2026-03-05T14:51:46+00:00\" \/>\n<meta property=\"article:modified_time\" content=\"2026-03-08T02:39:56+00:00\" \/>\n<meta property=\"og:image\" content=\"https:\/\/portosma.com.br\/wp-content\/uploads\/2026\/03\/SINDCOM-CAPA.jpg\" \/>\n\t<meta property=\"og:image:width\" content=\"1200\" \/>\n\t<meta property=\"og:image:height\" content=\"505\" \/>\n\t<meta property=\"og:image:type\" content=\"image\/jpeg\" \/>\n<meta name=\"author\" content=\"admin\" \/>\n<meta name=\"twitter:card\" content=\"summary_large_image\" \/>\n<meta name=\"twitter:label1\" content=\"Escrito por\" \/>\n\t<meta name=\"twitter:data1\" content=\"admin\" \/>\n\t<meta name=\"twitter:label2\" content=\"Est. tempo de leitura\" \/>\n\t<meta name=\"twitter:data2\" content=\"4 minutos\" \/>\n<script type=\"application\/ld+json\" class=\"yoast-schema-graph\">{\"@context\":\"https:\/\/schema.org\",\"@graph\":[{\"@type\":\"Article\",\"@id\":\"https:\/\/portosma.com.br\/index.php\/2026\/03\/05\/sao-luis-sedia-o-iv-workshop-de-combustiveis-e-seus-derivados\/#article\",\"isPartOf\":{\"@id\":\"https:\/\/portosma.com.br\/index.php\/2026\/03\/05\/sao-luis-sedia-o-iv-workshop-de-combustiveis-e-seus-derivados\/\"},\"author\":{\"name\":\"admin\",\"@id\":\"https:\/\/portosma.com.br\/#\/schema\/person\/fb92dfe283ab47293259c87c813d8623\"},\"headline\":\"S\u00e3o Lu\u00eds sedia o IV Workshop de combust\u00edveis e seus derivados\",\"datePublished\":\"2026-03-05T14:51:46+00:00\",\"dateModified\":\"2026-03-08T02:39:56+00:00\",\"mainEntityOfPage\":{\"@id\":\"https:\/\/portosma.com.br\/index.php\/2026\/03\/05\/sao-luis-sedia-o-iv-workshop-de-combustiveis-e-seus-derivados\/\"},\"wordCount\":337,\"publisher\":{\"@id\":\"https:\/\/portosma.com.br\/#organization\"},\"image\":{\"@id\":\"https:\/\/portosma.com.br\/index.php\/2026\/03\/05\/sao-luis-sedia-o-iv-workshop-de-combustiveis-e-seus-derivados\/#primaryimage\"},\"thumbnailUrl\":\"https:\/\/portosma.com.br\/wp-content\/uploads\/2026\/03\/SINDCOM-CAPA.jpg\",\"articleSection\":[\"Not\u00edcias\"],\"inLanguage\":\"pt-BR\"},{\"@type\":\"WebPage\",\"@id\":\"https:\/\/portosma.com.br\/index.php\/2026\/03\/05\/sao-luis-sedia-o-iv-workshop-de-combustiveis-e-seus-derivados\/\",\"url\":\"https:\/\/portosma.com.br\/index.php\/2026\/03\/05\/sao-luis-sedia-o-iv-workshop-de-combustiveis-e-seus-derivados\/\",\"name\":\"S\u00e3o Lu\u00eds sedia o IV Workshop de combust\u00edveis e seus derivados - Portosma\",\"isPartOf\":{\"@id\":\"https:\/\/portosma.com.br\/#website\"},\"primaryImageOfPage\":{\"@id\":\"https:\/\/portosma.com.br\/index.php\/2026\/03\/05\/sao-luis-sedia-o-iv-workshop-de-combustiveis-e-seus-derivados\/#primaryimage\"},\"image\":{\"@id\":\"https:\/\/portosma.com.br\/index.php\/2026\/03\/05\/sao-luis-sedia-o-iv-workshop-de-combustiveis-e-seus-derivados\/#primaryimage\"},\"thumbnailUrl\":\"https:\/\/portosma.com.br\/wp-content\/uploads\/2026\/03\/SINDCOM-CAPA.jpg\",\"datePublished\":\"2026-03-05T14:51:46+00:00\",\"dateModified\":\"2026-03-08T02:39:56+00:00\",\"breadcrumb\":{\"@id\":\"https:\/\/portosma.com.br\/index.php\/2026\/03\/05\/sao-luis-sedia-o-iv-workshop-de-combustiveis-e-seus-derivados\/#breadcrumb\"},\"inLanguage\":\"pt-BR\",\"potentialAction\":[{\"@type\":\"ReadAction\",\"target\":[\"https:\/\/portosma.com.br\/index.php\/2026\/03\/05\/sao-luis-sedia-o-iv-workshop-de-combustiveis-e-seus-derivados\/\"]}]},{\"@type\":\"ImageObject\",\"inLanguage\":\"pt-BR\",\"@id\":\"https:\/\/portosma.com.br\/index.php\/2026\/03\/05\/sao-luis-sedia-o-iv-workshop-de-combustiveis-e-seus-derivados\/#primaryimage\",\"url\":\"https:\/\/portosma.com.br\/wp-content\/uploads\/2026\/03\/SINDCOM-CAPA.jpg\",\"contentUrl\":\"https:\/\/portosma.com.br\/wp-content\/uploads\/2026\/03\/SINDCOM-CAPA.jpg\",\"width\":1200,\"height\":505},{\"@type\":\"BreadcrumbList\",\"@id\":\"https:\/\/portosma.com.br\/index.php\/2026\/03\/05\/sao-luis-sedia-o-iv-workshop-de-combustiveis-e-seus-derivados\/#breadcrumb\",\"itemListElement\":[{\"@type\":\"ListItem\",\"position\":1,\"name\":\"In\u00edcio\",\"item\":\"https:\/\/portosma.com.br\/\"},{\"@type\":\"ListItem\",\"position\":2,\"name\":\"S\u00e3o Lu\u00eds sedia o IV Workshop de combust\u00edveis e seus derivados\"}]},{\"@type\":\"WebSite\",\"@id\":\"https:\/\/portosma.com.br\/#website\",\"url\":\"https:\/\/portosma.com.br\/\",\"name\":\"Portosma\",\"description\":\"Um site de not\u00edcias\",\"publisher\":{\"@id\":\"https:\/\/portosma.com.br\/#organization\"},\"potentialAction\":[{\"@type\":\"SearchAction\",\"target\":{\"@type\":\"EntryPoint\",\"urlTemplate\":\"https:\/\/portosma.com.br\/?s={search_term_string}\"},\"query-input\":\"required name=search_term_string\"}],\"inLanguage\":\"pt-BR\"},{\"@type\":\"Organization\",\"@id\":\"https:\/\/portosma.com.br\/#organization\",\"name\":\"Portosma\",\"alternateName\":\"Portosma\",\"url\":\"https:\/\/portosma.com.br\/\",\"logo\":{\"@type\":\"ImageObject\",\"inLanguage\":\"pt-BR\",\"@id\":\"https:\/\/portosma.com.br\/#\/schema\/logo\/image\/\",\"url\":\"https:\/\/portosma.com.br\/wp-content\/uploads\/2026\/03\/cropped-AD-PORTOSMA.jpg\",\"contentUrl\":\"https:\/\/portosma.com.br\/wp-content\/uploads\/2026\/03\/cropped-AD-PORTOSMA.jpg\",\"width\":400,\"height\":115,\"caption\":\"Portosma\"},\"image\":{\"@id\":\"https:\/\/portosma.com.br\/#\/schema\/logo\/image\/\"}},{\"@type\":\"Person\",\"@id\":\"https:\/\/portosma.com.br\/#\/schema\/person\/fb92dfe283ab47293259c87c813d8623\",\"name\":\"admin\",\"sameAs\":[\"https:\/\/portosma.com.br\"],\"url\":\"https:\/\/portosma.com.br\/index.php\/author\/portosma\/\"}]}<\/script>\n<!-- \/ Yoast SEO plugin. -->","yoast_head_json":{"title":"S\u00e3o Lu\u00eds sedia o IV Workshop de combust\u00edveis e seus derivados - Portosma","robots":{"index":"index","follow":"follow","max-snippet":"max-snippet:-1","max-image-preview":"max-image-preview:large","max-video-preview":"max-video-preview:-1"},"canonical":"https:\/\/portosma.com.br\/index.php\/2026\/03\/05\/sao-luis-sedia-o-iv-workshop-de-combustiveis-e-seus-derivados\/","og_locale":"pt_BR","og_type":"article","og_title":"S\u00e3o Lu\u00eds sedia o IV Workshop de combust\u00edveis e seus derivados - Portosma","og_description":"O evento foi considerado um sucesso, com destaques para a qualidade das palestras e a exposi\u00e7\u00e3o de stands de empresas parceiras.","og_url":"https:\/\/portosma.com.br\/index.php\/2026\/03\/05\/sao-luis-sedia-o-iv-workshop-de-combustiveis-e-seus-derivados\/","og_site_name":"Portosma","article_published_time":"2026-03-05T14:51:46+00:00","article_modified_time":"2026-03-08T02:39:56+00:00","og_image":[{"width":1200,"height":505,"url":"https:\/\/portosma.com.br\/wp-content\/uploads\/2026\/03\/SINDCOM-CAPA.jpg","type":"image\/jpeg"}],"author":"admin","twitter_card":"summary_large_image","twitter_misc":{"Escrito por":"admin","Est. tempo de leitura":"4 minutos"},"schema":{"@context":"https:\/\/schema.org","@graph":[{"@type":"Article","@id":"https:\/\/portosma.com.br\/index.php\/2026\/03\/05\/sao-luis-sedia-o-iv-workshop-de-combustiveis-e-seus-derivados\/#article","isPartOf":{"@id":"https:\/\/portosma.com.br\/index.php\/2026\/03\/05\/sao-luis-sedia-o-iv-workshop-de-combustiveis-e-seus-derivados\/"},"author":{"name":"admin","@id":"https:\/\/portosma.com.br\/#\/schema\/person\/fb92dfe283ab47293259c87c813d8623"},"headline":"S\u00e3o Lu\u00eds sedia o IV Workshop de combust\u00edveis e seus derivados","datePublished":"2026-03-05T14:51:46+00:00","dateModified":"2026-03-08T02:39:56+00:00","mainEntityOfPage":{"@id":"https:\/\/portosma.com.br\/index.php\/2026\/03\/05\/sao-luis-sedia-o-iv-workshop-de-combustiveis-e-seus-derivados\/"},"wordCount":337,"publisher":{"@id":"https:\/\/portosma.com.br\/#organization"},"image":{"@id":"https:\/\/portosma.com.br\/index.php\/2026\/03\/05\/sao-luis-sedia-o-iv-workshop-de-combustiveis-e-seus-derivados\/#primaryimage"},"thumbnailUrl":"https:\/\/portosma.com.br\/wp-content\/uploads\/2026\/03\/SINDCOM-CAPA.jpg","articleSection":["Not\u00edcias"],"inLanguage":"pt-BR"},{"@type":"WebPage","@id":"https:\/\/portosma.com.br\/index.php\/2026\/03\/05\/sao-luis-sedia-o-iv-workshop-de-combustiveis-e-seus-derivados\/","url":"https:\/\/portosma.com.br\/index.php\/2026\/03\/05\/sao-luis-sedia-o-iv-workshop-de-combustiveis-e-seus-derivados\/","name":"S\u00e3o Lu\u00eds sedia o IV Workshop de combust\u00edveis e seus derivados - Portosma","isPartOf":{"@id":"https:\/\/portosma.com.br\/#website"},"primaryImageOfPage":{"@id":"https:\/\/portosma.com.br\/index.php\/2026\/03\/05\/sao-luis-sedia-o-iv-workshop-de-combustiveis-e-seus-derivados\/#primaryimage"},"image":{"@id":"https:\/\/portosma.com.br\/index.php\/2026\/03\/05\/sao-luis-sedia-o-iv-workshop-de-combustiveis-e-seus-derivados\/#primaryimage"},"thumbnailUrl":"https:\/\/portosma.com.br\/wp-content\/uploads\/2026\/03\/SINDCOM-CAPA.jpg","datePublished":"2026-03-05T14:51:46+00:00","dateModified":"2026-03-08T02:39:56+00:00","breadcrumb":{"@id":"https:\/\/portosma.com.br\/index.php\/2026\/03\/05\/sao-luis-sedia-o-iv-workshop-de-combustiveis-e-seus-derivados\/#breadcrumb"},"inLanguage":"pt-BR","potentialAction":[{"@type":"ReadAction","target":["https:\/\/portosma.com.br\/index.php\/2026\/03\/05\/sao-luis-sedia-o-iv-workshop-de-combustiveis-e-seus-derivados\/"]}]},{"@type":"ImageObject","inLanguage":"pt-BR","@id":"https:\/\/portosma.com.br\/index.php\/2026\/03\/05\/sao-luis-sedia-o-iv-workshop-de-combustiveis-e-seus-derivados\/#primaryimage","url":"https:\/\/portosma.com.br\/wp-content\/uploads\/2026\/03\/SINDCOM-CAPA.jpg","contentUrl":"https:\/\/portosma.com.br\/wp-content\/uploads\/2026\/03\/SINDCOM-CAPA.jpg","width":1200,"height":505},{"@type":"BreadcrumbList","@id":"https:\/\/portosma.com.br\/index.php\/2026\/03\/05\/sao-luis-sedia-o-iv-workshop-de-combustiveis-e-seus-derivados\/#breadcrumb","itemListElement":[{"@type":"ListItem","position":1,"name":"In\u00edcio","item":"https:\/\/portosma.com.br\/"},{"@type":"ListItem","position":2,"name":"S\u00e3o Lu\u00eds sedia o IV Workshop de combust\u00edveis e seus derivados"}]},{"@type":"WebSite","@id":"https:\/\/portosma.com.br\/#website","url":"https:\/\/portosma.com.br\/","name":"Portosma","description":"Um site de not\u00edcias","publisher":{"@id":"https:\/\/portosma.com.br\/#organization"},"potentialAction":[{"@type":"SearchAction","target":{"@type":"EntryPoint","urlTemplate":"https:\/\/portosma.com.br\/?s={search_term_string}"},"query-input":"required name=search_term_string"}],"inLanguage":"pt-BR"},{"@type":"Organization","@id":"https:\/\/portosma.com.br\/#organization","name":"Portosma","alternateName":"Portosma","url":"https:\/\/portosma.com.br\/","logo":{"@type":"ImageObject","inLanguage":"pt-BR","@id":"https:\/\/portosma.com.br\/#\/schema\/logo\/image\/","url":"https:\/\/portosma.com.br\/wp-content\/uploads\/2026\/03\/cropped-AD-PORTOSMA.jpg","contentUrl":"https:\/\/portosma.com.br\/wp-content\/uploads\/2026\/03\/cropped-AD-PORTOSMA.jpg","width":400,"height":115,"caption":"Portosma"},"image":{"@id":"https:\/\/portosma.com.br\/#\/schema\/logo\/image\/"}},{"@type":"Person","@id":"https:\/\/portosma.com.br\/#\/schema\/person\/fb92dfe283ab47293259c87c813d8623","name":"admin","sameAs":["https:\/\/portosma.com.br"],"url":"https:\/\/portosma.com.br\/index.php\/author\/portosma\/"}]}},"_links":{"self":[{"href":"https:\/\/portosma.com.br\/index.php\/wp-json\/wp\/v2\/posts\/28605","targetHints":{"allow":["GET"]}}],"collection":[{"href":"https:\/\/portosma.com.br\/index.php\/wp-json\/wp\/v2\/posts"}],"about":[{"href":"https:\/\/portosma.com.br\/index.php\/wp-json\/wp\/v2\/types\/post"}],"author":[{"embeddable":true,"href":"https:\/\/portosma.com.br\/index.php\/wp-json\/wp\/v2\/users\/1"}],"replies":[{"embeddable":true,"href":"https:\/\/portosma.com.br\/index.php\/wp-json\/wp\/v2\/comments?post=28605"}],"version-history":[{"count":9,"href":"https:\/\/portosma.com.br\/index.php\/wp-json\/wp\/v2\/posts\/28605\/revisions"}],"predecessor-version":[{"id":28666,"href":"https:\/\/portosma.com.br\/index.php\/wp-json\/wp\/v2\/posts\/28605\/revisions\/28666"}],"wp:featuredmedia":[{"embeddable":true,"href":"https:\/\/portosma.com.br\/index.php\/wp-json\/wp\/v2\/media\/28647"}],"wp:attachment":[{"href":"https:\/\/portosma.com.br\/index.php\/wp-json\/wp\/v2\/media?parent=28605"}],"wp:term":[{"taxonomy":"category","embeddable":true,"href":"https:\/\/portosma.com.br\/index.php\/wp-json\/wp\/v2\/categories?post=28605"},{"taxonomy":"post_tag","embeddable":true,"href":"https:\/\/portosma.com.br\/index.php\/wp-json\/wp\/v2\/tags?post=28605"}],"curies":[{"name":"wp","href":"https:\/\/api.w.org\/{rel}","templated":true}]}}