{"id":27614,"date":"2026-01-08T19:58:10","date_gmt":"2026-01-08T19:58:10","guid":{"rendered":"https:\/\/portosma.com.br\/?p=27614"},"modified":"2026-01-08T20:41:51","modified_gmt":"2026-01-08T20:41:51","slug":"centro-de-comunicacao-da-marinha-tem-um-novo-comandante","status":"publish","type":"post","link":"https:\/\/portosma.com.br\/index.php\/2026\/01\/08\/centro-de-comunicacao-da-marinha-tem-um-novo-comandante\/","title":{"rendered":"Centro de Comunica\u00e7\u00e3o da Marinha tem um novo comandante"},"content":{"rendered":"<figure id=\"attachment_27617\" aria-describedby=\"caption-attachment-27617\" style=\"width: 300px\" class=\"wp-caption alignleft\"><img fetchpriority=\"high\" decoding=\"async\" class=\"wp-image-27617 size-medium\" src=\"https:\/\/portosma.com.br\/wp-content\/uploads\/2026\/01\/BUNNKER-02-300x199.jpg\" alt=\"\" width=\"300\" height=\"199\" srcset=\"https:\/\/portosma.com.br\/wp-content\/uploads\/2026\/01\/BUNNKER-02-300x199.jpg 300w, https:\/\/portosma.com.br\/wp-content\/uploads\/2026\/01\/BUNNKER-02.jpg 585w\" sizes=\"(max-width: 300px) 100vw, 300px\" \/><figcaption id=\"caption-attachment-27617\" class=\"wp-caption-text\"><strong><span style=\"color: #800000;\"><em>O Comandante Olsen, com o CA substitu\u00eddo, S\u00e9rgio Renato Pavoni.<\/em><\/span><\/strong><\/figcaption><\/figure>\n<p>Em solenidade realizada no \u00faltimo dia 7 de janeiro, na Esplanada dos Minist\u00e9rios, Sal\u00e3o Almirante Benjamin Sodr\u00e9, em Bras\u00edlia, e presidida pelo Comandante da Marinha, o Almirante de Esquadra Marcos Sampaio Olsen, foi feita a cerim\u00f4nia de transmiss\u00e3o de cargo para o Comando do Centro de Comunica\u00e7\u00e3o Estrat\u00e9gica da Marinha.<\/p>\n<p>Na oportunidade, o Vice-Almirante Vagner Belarmino de Oliveira assumiu em substitui\u00e7\u00e3o ao Contra-Almirante S\u00e9rgio Renato Pagano Pavoni, que encerrou sua carreira ativa na corpora\u00e7\u00e3o e ingressou para o quadro de oficiais da reserva. A cerim\u00f4nia teve car\u00e1ter reservado apenas para oficiais da comunica\u00e7\u00e3o, representantes de outras for\u00e7as e convidados especiais. A empresa Bunker One, por exemplo, esteve presente representada pelo seu diretor Carlos Cordovil.<\/p>\n<figure id=\"attachment_27615\" aria-describedby=\"caption-attachment-27615\" style=\"width: 900px\" class=\"wp-caption alignnone\"><img decoding=\"async\" class=\"wp-image-27615 size-full\" src=\"https:\/\/portosma.com.br\/wp-content\/uploads\/2026\/01\/BUNNKER-01.jpg\" alt=\"\" width=\"900\" height=\"675\" srcset=\"https:\/\/portosma.com.br\/wp-content\/uploads\/2026\/01\/BUNNKER-01.jpg 900w, https:\/\/portosma.com.br\/wp-content\/uploads\/2026\/01\/BUNNKER-01-300x225.jpg 300w, https:\/\/portosma.com.br\/wp-content\/uploads\/2026\/01\/BUNNKER-01-768x576.jpg 768w\" sizes=\"(max-width: 900px) 100vw, 900px\" \/><figcaption id=\"caption-attachment-27615\" class=\"wp-caption-text\"><strong><span style=\"color: #993300;\"><em>Carlos Cordovil, da Bunker One, com o Vice-Almirante empossado, Vagner Belarmino de Oliveira e o Comandante Marcelo Felipe Alexandre.<\/em><\/span><\/strong><\/figcaption><\/figure>\n<p><strong>O QUE \u00c9<\/strong> &#8211; O Centro de Comunica\u00e7\u00e3o Estrat\u00e9gica da Marinha, anteriormente conhecido como Centro de Comunica\u00e7\u00e3o Social da Marinha, \u00e9 o \u00f3rg\u00e3o respons\u00e1vel por gerenciar a imagem e a informa\u00e7\u00e3o da For\u00e7a, atuando como fonte oficial de not\u00edcias para a imprensa e sociedade, produzindo conte\u00fado jornal\u00edstico via Ag\u00eancia Marinha de Not\u00edcias, e divulgando as a\u00e7\u00f5es da Marinha para alcan\u00e7ar seus objetivos estrat\u00e9gicos, sendo um suporte direto ao Comandante da Marinha.<\/p>\n<p><strong>Entre as suas principais atividades se destacam:<\/strong><\/p>\n<p><em>*** Assessoria de Imprensa: Lida com a imprensa nacional e estrangeira, sendo fonte prim\u00e1ria de not\u00edcias sobre Defesa, diplomacia naval e seguran\u00e7a mar\u00edtima.<\/em><\/p>\n<p><em>*** Produ\u00e7\u00e3o de Conte\u00fado: Gera not\u00edcias, artigos e materiais para a Ag\u00eancia Marinha de Not\u00edcias e outros canais.<\/em><\/p>\n<p><em>*** Divulga\u00e7\u00e3o Institucional: Aumenta a visibilidade da Marinha, mostrando \u00e0 sociedade o que a For\u00e7a realiza e seus objetivos.<\/em><\/p>\n<p><em>*** Relacionamento com o P\u00fablico: Desenvolve campanhas como a &#8220;Vem pra Marinha&#8221; para engajar jovens interessados na carreira naval.<\/em><\/p>\n<p><em>*** Cultura Anal\u00edtica: Fomenta o uso de dados e an\u00e1lise para aprimorar a comunica\u00e7\u00e3o.<\/em><\/p>\n<p><strong>Comunica\u00e7\u00e3o Estrat\u00e9gica:<\/strong> O Centro tamb\u00e9m alinha as suas a\u00e7\u00f5es de comunica\u00e7\u00e3o com o Plano Estrat\u00e9gico da Marinha (PEM 2040), utilizando ferramentas tecnol\u00f3gicas e capacita\u00e7\u00e3o para informar p\u00fablicos diversos, como na divulga\u00e7\u00e3o do conceito &#8220;Amaz\u00f4nia Azul&#8221;.<\/p>\n<p>Em resumo, o CCEM \u00e9 o c\u00e9rebro da comunica\u00e7\u00e3o da Marinha, transformando sua estrat\u00e9gia e atividades em informa\u00e7\u00e3o acess\u00edvel e confi\u00e1vel para o p\u00fablico e a m\u00eddia.<\/p>\n<p><strong>Estrutura:<\/strong><\/p>\n<p>CCEM: \u00d3rg\u00e3o central em Bras\u00edlia.<br \/>\nCCEM-RIO: Unidade no Rio de Janeiro.<br \/>\nAg\u00eancia Marinha de Not\u00edcias (AgMN): Canal jornal\u00edstico vinculado ao CCSM\/CCEM.<\/p>\n","protected":false},"excerpt":{"rendered":"<p>Em solenidade realizada no \u00faltimo dia 7, o Almirante de Esquadra Marcos Sampaio Olsen, empossou o VA Belarmino como o novo chefe da CCEM.<\/p>\n","protected":false},"author":1,"featured_media":27616,"comment_status":"closed","ping_status":"open","sticky":false,"template":"","format":"standard","meta":{"_editorskit_title_hidden":false,"_editorskit_reading_time":0,"_editorskit_is_block_options_detached":false,"_editorskit_block_options_position":"{}","ngg_post_thumbnail":0,"footnotes":""},"categories":[1],"tags":[],"class_list":["post-27614","post","type-post","status-publish","format-standard","has-post-thumbnail","hentry","category-noticias"],"yoast_head":"<!-- This site is optimized with the Yoast SEO plugin v22.5 - https:\/\/yoast.com\/wordpress\/plugins\/seo\/ -->\n<title>Centro de Comunica\u00e7\u00e3o da Marinha tem um novo comandante - Portosma<\/title>\n<meta name=\"robots\" content=\"index, follow, max-snippet:-1, max-image-preview:large, max-video-preview:-1\" \/>\n<link rel=\"canonical\" href=\"https:\/\/portosma.com.br\/index.php\/2026\/01\/08\/centro-de-comunicacao-da-marinha-tem-um-novo-comandante\/\" \/>\n<meta property=\"og:locale\" content=\"pt_BR\" \/>\n<meta property=\"og:type\" content=\"article\" \/>\n<meta property=\"og:title\" content=\"Centro de Comunica\u00e7\u00e3o da Marinha tem um novo comandante - Portosma\" \/>\n<meta property=\"og:description\" content=\"Em solenidade realizada no \u00faltimo dia 7, o Almirante de Esquadra Marcos Sampaio Olsen, empossou o VA Belarmino como o novo chefe da CCEM.\" \/>\n<meta property=\"og:url\" content=\"https:\/\/portosma.com.br\/index.php\/2026\/01\/08\/centro-de-comunicacao-da-marinha-tem-um-novo-comandante\/\" \/>\n<meta property=\"og:site_name\" content=\"Portosma\" \/>\n<meta property=\"article:published_time\" content=\"2026-01-08T19:58:10+00:00\" \/>\n<meta property=\"article:modified_time\" content=\"2026-01-08T20:41:51+00:00\" \/>\n<meta property=\"og:image\" content=\"https:\/\/portosma.com.br\/wp-content\/uploads\/2026\/01\/NAVIOSDAMARINHA.jpg\" \/>\n\t<meta property=\"og:image:width\" content=\"1200\" \/>\n\t<meta property=\"og:image:height\" content=\"500\" \/>\n\t<meta property=\"og:image:type\" content=\"image\/jpeg\" \/>\n<meta name=\"author\" content=\"admin\" \/>\n<meta name=\"twitter:card\" content=\"summary_large_image\" \/>\n<meta name=\"twitter:label1\" content=\"Escrito por\" \/>\n\t<meta name=\"twitter:data1\" content=\"admin\" \/>\n\t<meta name=\"twitter:label2\" content=\"Est. tempo de leitura\" \/>\n\t<meta name=\"twitter:data2\" content=\"3 minutos\" \/>\n<script type=\"application\/ld+json\" class=\"yoast-schema-graph\">{\"@context\":\"https:\/\/schema.org\",\"@graph\":[{\"@type\":\"Article\",\"@id\":\"https:\/\/portosma.com.br\/index.php\/2026\/01\/08\/centro-de-comunicacao-da-marinha-tem-um-novo-comandante\/#article\",\"isPartOf\":{\"@id\":\"https:\/\/portosma.com.br\/index.php\/2026\/01\/08\/centro-de-comunicacao-da-marinha-tem-um-novo-comandante\/\"},\"author\":{\"name\":\"admin\",\"@id\":\"https:\/\/portosma.com.br\/#\/schema\/person\/fb92dfe283ab47293259c87c813d8623\"},\"headline\":\"Centro de Comunica\u00e7\u00e3o da Marinha tem um novo comandante\",\"datePublished\":\"2026-01-08T19:58:10+00:00\",\"dateModified\":\"2026-01-08T20:41:51+00:00\",\"mainEntityOfPage\":{\"@id\":\"https:\/\/portosma.com.br\/index.php\/2026\/01\/08\/centro-de-comunicacao-da-marinha-tem-um-novo-comandante\/\"},\"wordCount\":482,\"publisher\":{\"@id\":\"https:\/\/portosma.com.br\/#organization\"},\"image\":{\"@id\":\"https:\/\/portosma.com.br\/index.php\/2026\/01\/08\/centro-de-comunicacao-da-marinha-tem-um-novo-comandante\/#primaryimage\"},\"thumbnailUrl\":\"https:\/\/portosma.com.br\/wp-content\/uploads\/2026\/01\/NAVIOSDAMARINHA.jpg\",\"articleSection\":[\"Not\u00edcias\"],\"inLanguage\":\"pt-BR\"},{\"@type\":\"WebPage\",\"@id\":\"https:\/\/portosma.com.br\/index.php\/2026\/01\/08\/centro-de-comunicacao-da-marinha-tem-um-novo-comandante\/\",\"url\":\"https:\/\/portosma.com.br\/index.php\/2026\/01\/08\/centro-de-comunicacao-da-marinha-tem-um-novo-comandante\/\",\"name\":\"Centro de Comunica\u00e7\u00e3o da Marinha tem um novo comandante - Portosma\",\"isPartOf\":{\"@id\":\"https:\/\/portosma.com.br\/#website\"},\"primaryImageOfPage\":{\"@id\":\"https:\/\/portosma.com.br\/index.php\/2026\/01\/08\/centro-de-comunicacao-da-marinha-tem-um-novo-comandante\/#primaryimage\"},\"image\":{\"@id\":\"https:\/\/portosma.com.br\/index.php\/2026\/01\/08\/centro-de-comunicacao-da-marinha-tem-um-novo-comandante\/#primaryimage\"},\"thumbnailUrl\":\"https:\/\/portosma.com.br\/wp-content\/uploads\/2026\/01\/NAVIOSDAMARINHA.jpg\",\"datePublished\":\"2026-01-08T19:58:10+00:00\",\"dateModified\":\"2026-01-08T20:41:51+00:00\",\"breadcrumb\":{\"@id\":\"https:\/\/portosma.com.br\/index.php\/2026\/01\/08\/centro-de-comunicacao-da-marinha-tem-um-novo-comandante\/#breadcrumb\"},\"inLanguage\":\"pt-BR\",\"potentialAction\":[{\"@type\":\"ReadAction\",\"target\":[\"https:\/\/portosma.com.br\/index.php\/2026\/01\/08\/centro-de-comunicacao-da-marinha-tem-um-novo-comandante\/\"]}]},{\"@type\":\"ImageObject\",\"inLanguage\":\"pt-BR\",\"@id\":\"https:\/\/portosma.com.br\/index.php\/2026\/01\/08\/centro-de-comunicacao-da-marinha-tem-um-novo-comandante\/#primaryimage\",\"url\":\"https:\/\/portosma.com.br\/wp-content\/uploads\/2026\/01\/NAVIOSDAMARINHA.jpg\",\"contentUrl\":\"https:\/\/portosma.com.br\/wp-content\/uploads\/2026\/01\/NAVIOSDAMARINHA.jpg\",\"width\":1200,\"height\":500},{\"@type\":\"BreadcrumbList\",\"@id\":\"https:\/\/portosma.com.br\/index.php\/2026\/01\/08\/centro-de-comunicacao-da-marinha-tem-um-novo-comandante\/#breadcrumb\",\"itemListElement\":[{\"@type\":\"ListItem\",\"position\":1,\"name\":\"In\u00edcio\",\"item\":\"https:\/\/portosma.com.br\/\"},{\"@type\":\"ListItem\",\"position\":2,\"name\":\"Centro de Comunica\u00e7\u00e3o da Marinha tem um novo comandante\"}]},{\"@type\":\"WebSite\",\"@id\":\"https:\/\/portosma.com.br\/#website\",\"url\":\"https:\/\/portosma.com.br\/\",\"name\":\"Portosma\",\"description\":\"Um site de not\u00edcias\",\"publisher\":{\"@id\":\"https:\/\/portosma.com.br\/#organization\"},\"potentialAction\":[{\"@type\":\"SearchAction\",\"target\":{\"@type\":\"EntryPoint\",\"urlTemplate\":\"https:\/\/portosma.com.br\/?s={search_term_string}\"},\"query-input\":\"required name=search_term_string\"}],\"inLanguage\":\"pt-BR\"},{\"@type\":\"Organization\",\"@id\":\"https:\/\/portosma.com.br\/#organization\",\"name\":\"Portosma\",\"alternateName\":\"Portosma\",\"url\":\"https:\/\/portosma.com.br\/\",\"logo\":{\"@type\":\"ImageObject\",\"inLanguage\":\"pt-BR\",\"@id\":\"https:\/\/portosma.com.br\/#\/schema\/logo\/image\/\",\"url\":\"https:\/\/portosma.com.br\/wp-content\/uploads\/2026\/03\/cropped-AD-PORTOSMA.jpg\",\"contentUrl\":\"https:\/\/portosma.com.br\/wp-content\/uploads\/2026\/03\/cropped-AD-PORTOSMA.jpg\",\"width\":400,\"height\":115,\"caption\":\"Portosma\"},\"image\":{\"@id\":\"https:\/\/portosma.com.br\/#\/schema\/logo\/image\/\"}},{\"@type\":\"Person\",\"@id\":\"https:\/\/portosma.com.br\/#\/schema\/person\/fb92dfe283ab47293259c87c813d8623\",\"name\":\"admin\",\"sameAs\":[\"https:\/\/portosma.com.br\"],\"url\":\"https:\/\/portosma.com.br\/index.php\/author\/portosma\/\"}]}<\/script>\n<!-- \/ Yoast SEO plugin. -->","yoast_head_json":{"title":"Centro de Comunica\u00e7\u00e3o da Marinha tem um novo comandante - Portosma","robots":{"index":"index","follow":"follow","max-snippet":"max-snippet:-1","max-image-preview":"max-image-preview:large","max-video-preview":"max-video-preview:-1"},"canonical":"https:\/\/portosma.com.br\/index.php\/2026\/01\/08\/centro-de-comunicacao-da-marinha-tem-um-novo-comandante\/","og_locale":"pt_BR","og_type":"article","og_title":"Centro de Comunica\u00e7\u00e3o da Marinha tem um novo comandante - Portosma","og_description":"Em solenidade realizada no \u00faltimo dia 7, o Almirante de Esquadra Marcos Sampaio Olsen, empossou o VA Belarmino como o novo chefe da CCEM.","og_url":"https:\/\/portosma.com.br\/index.php\/2026\/01\/08\/centro-de-comunicacao-da-marinha-tem-um-novo-comandante\/","og_site_name":"Portosma","article_published_time":"2026-01-08T19:58:10+00:00","article_modified_time":"2026-01-08T20:41:51+00:00","og_image":[{"width":1200,"height":500,"url":"https:\/\/portosma.com.br\/wp-content\/uploads\/2026\/01\/NAVIOSDAMARINHA.jpg","type":"image\/jpeg"}],"author":"admin","twitter_card":"summary_large_image","twitter_misc":{"Escrito por":"admin","Est. tempo de leitura":"3 minutos"},"schema":{"@context":"https:\/\/schema.org","@graph":[{"@type":"Article","@id":"https:\/\/portosma.com.br\/index.php\/2026\/01\/08\/centro-de-comunicacao-da-marinha-tem-um-novo-comandante\/#article","isPartOf":{"@id":"https:\/\/portosma.com.br\/index.php\/2026\/01\/08\/centro-de-comunicacao-da-marinha-tem-um-novo-comandante\/"},"author":{"name":"admin","@id":"https:\/\/portosma.com.br\/#\/schema\/person\/fb92dfe283ab47293259c87c813d8623"},"headline":"Centro de Comunica\u00e7\u00e3o da Marinha tem um novo comandante","datePublished":"2026-01-08T19:58:10+00:00","dateModified":"2026-01-08T20:41:51+00:00","mainEntityOfPage":{"@id":"https:\/\/portosma.com.br\/index.php\/2026\/01\/08\/centro-de-comunicacao-da-marinha-tem-um-novo-comandante\/"},"wordCount":482,"publisher":{"@id":"https:\/\/portosma.com.br\/#organization"},"image":{"@id":"https:\/\/portosma.com.br\/index.php\/2026\/01\/08\/centro-de-comunicacao-da-marinha-tem-um-novo-comandante\/#primaryimage"},"thumbnailUrl":"https:\/\/portosma.com.br\/wp-content\/uploads\/2026\/01\/NAVIOSDAMARINHA.jpg","articleSection":["Not\u00edcias"],"inLanguage":"pt-BR"},{"@type":"WebPage","@id":"https:\/\/portosma.com.br\/index.php\/2026\/01\/08\/centro-de-comunicacao-da-marinha-tem-um-novo-comandante\/","url":"https:\/\/portosma.com.br\/index.php\/2026\/01\/08\/centro-de-comunicacao-da-marinha-tem-um-novo-comandante\/","name":"Centro de Comunica\u00e7\u00e3o da Marinha tem um novo comandante - Portosma","isPartOf":{"@id":"https:\/\/portosma.com.br\/#website"},"primaryImageOfPage":{"@id":"https:\/\/portosma.com.br\/index.php\/2026\/01\/08\/centro-de-comunicacao-da-marinha-tem-um-novo-comandante\/#primaryimage"},"image":{"@id":"https:\/\/portosma.com.br\/index.php\/2026\/01\/08\/centro-de-comunicacao-da-marinha-tem-um-novo-comandante\/#primaryimage"},"thumbnailUrl":"https:\/\/portosma.com.br\/wp-content\/uploads\/2026\/01\/NAVIOSDAMARINHA.jpg","datePublished":"2026-01-08T19:58:10+00:00","dateModified":"2026-01-08T20:41:51+00:00","breadcrumb":{"@id":"https:\/\/portosma.com.br\/index.php\/2026\/01\/08\/centro-de-comunicacao-da-marinha-tem-um-novo-comandante\/#breadcrumb"},"inLanguage":"pt-BR","potentialAction":[{"@type":"ReadAction","target":["https:\/\/portosma.com.br\/index.php\/2026\/01\/08\/centro-de-comunicacao-da-marinha-tem-um-novo-comandante\/"]}]},{"@type":"ImageObject","inLanguage":"pt-BR","@id":"https:\/\/portosma.com.br\/index.php\/2026\/01\/08\/centro-de-comunicacao-da-marinha-tem-um-novo-comandante\/#primaryimage","url":"https:\/\/portosma.com.br\/wp-content\/uploads\/2026\/01\/NAVIOSDAMARINHA.jpg","contentUrl":"https:\/\/portosma.com.br\/wp-content\/uploads\/2026\/01\/NAVIOSDAMARINHA.jpg","width":1200,"height":500},{"@type":"BreadcrumbList","@id":"https:\/\/portosma.com.br\/index.php\/2026\/01\/08\/centro-de-comunicacao-da-marinha-tem-um-novo-comandante\/#breadcrumb","itemListElement":[{"@type":"ListItem","position":1,"name":"In\u00edcio","item":"https:\/\/portosma.com.br\/"},{"@type":"ListItem","position":2,"name":"Centro de Comunica\u00e7\u00e3o da Marinha tem um novo comandante"}]},{"@type":"WebSite","@id":"https:\/\/portosma.com.br\/#website","url":"https:\/\/portosma.com.br\/","name":"Portosma","description":"Um site de not\u00edcias","publisher":{"@id":"https:\/\/portosma.com.br\/#organization"},"potentialAction":[{"@type":"SearchAction","target":{"@type":"EntryPoint","urlTemplate":"https:\/\/portosma.com.br\/?s={search_term_string}"},"query-input":"required name=search_term_string"}],"inLanguage":"pt-BR"},{"@type":"Organization","@id":"https:\/\/portosma.com.br\/#organization","name":"Portosma","alternateName":"Portosma","url":"https:\/\/portosma.com.br\/","logo":{"@type":"ImageObject","inLanguage":"pt-BR","@id":"https:\/\/portosma.com.br\/#\/schema\/logo\/image\/","url":"https:\/\/portosma.com.br\/wp-content\/uploads\/2026\/03\/cropped-AD-PORTOSMA.jpg","contentUrl":"https:\/\/portosma.com.br\/wp-content\/uploads\/2026\/03\/cropped-AD-PORTOSMA.jpg","width":400,"height":115,"caption":"Portosma"},"image":{"@id":"https:\/\/portosma.com.br\/#\/schema\/logo\/image\/"}},{"@type":"Person","@id":"https:\/\/portosma.com.br\/#\/schema\/person\/fb92dfe283ab47293259c87c813d8623","name":"admin","sameAs":["https:\/\/portosma.com.br"],"url":"https:\/\/portosma.com.br\/index.php\/author\/portosma\/"}]}},"_links":{"self":[{"href":"https:\/\/portosma.com.br\/index.php\/wp-json\/wp\/v2\/posts\/27614","targetHints":{"allow":["GET"]}}],"collection":[{"href":"https:\/\/portosma.com.br\/index.php\/wp-json\/wp\/v2\/posts"}],"about":[{"href":"https:\/\/portosma.com.br\/index.php\/wp-json\/wp\/v2\/types\/post"}],"author":[{"embeddable":true,"href":"https:\/\/portosma.com.br\/index.php\/wp-json\/wp\/v2\/users\/1"}],"replies":[{"embeddable":true,"href":"https:\/\/portosma.com.br\/index.php\/wp-json\/wp\/v2\/comments?post=27614"}],"version-history":[{"count":12,"href":"https:\/\/portosma.com.br\/index.php\/wp-json\/wp\/v2\/posts\/27614\/revisions"}],"predecessor-version":[{"id":27631,"href":"https:\/\/portosma.com.br\/index.php\/wp-json\/wp\/v2\/posts\/27614\/revisions\/27631"}],"wp:featuredmedia":[{"embeddable":true,"href":"https:\/\/portosma.com.br\/index.php\/wp-json\/wp\/v2\/media\/27616"}],"wp:attachment":[{"href":"https:\/\/portosma.com.br\/index.php\/wp-json\/wp\/v2\/media?parent=27614"}],"wp:term":[{"taxonomy":"category","embeddable":true,"href":"https:\/\/portosma.com.br\/index.php\/wp-json\/wp\/v2\/categories?post=27614"},{"taxonomy":"post_tag","embeddable":true,"href":"https:\/\/portosma.com.br\/index.php\/wp-json\/wp\/v2\/tags?post=27614"}],"curies":[{"name":"wp","href":"https:\/\/api.w.org\/{rel}","templated":true}]}}