{"id":27034,"date":"2025-12-10T23:09:04","date_gmt":"2025-12-10T23:09:04","guid":{"rendered":"https:\/\/portosma.com.br\/?p=27034"},"modified":"2025-12-10T23:09:15","modified_gmt":"2025-12-10T23:09:15","slug":"cargas-conteinerizadas-atingem-recorde-historico-diz-antaq","status":"publish","type":"post","link":"https:\/\/portosma.com.br\/index.php\/2025\/12\/10\/cargas-conteinerizadas-atingem-recorde-historico-diz-antaq\/","title":{"rendered":"Cargas conteinerizadas atingem recorde hist\u00f3rico, diz Antaq"},"content":{"rendered":"<p>A movimenta\u00e7\u00e3o de cargas conteinerizadas alcan\u00e7ou, em outubro, o maior volume j\u00e1 registrado na s\u00e9rie hist\u00f3rica, consolidando o ritmo robusto de crescimento desse perfil de carga, que vem apresentando altas consecutivas ao longo de 2025. Foram movimentados 15,3 milh\u00f5es de cont\u00eaineres no m\u00eas, segundo os dados do Estat\u00edstico Aquavi\u00e1rio da Ag\u00eancia Nacional de Transportes Aquavi\u00e1rios (ANTAQ). Isso representa uma alta de 11,62% em rela\u00e7\u00e3o ao mesmo per\u00edodo do ano passado. A movimenta\u00e7\u00e3o em TEUs foi de 1,4 milh\u00e3o. Desse total, 1 milh\u00e3o de toneladas foram movimentadas em longo curso e 0,4 milh\u00e3o por cabotagem.<\/p>\n<p><strong>Movimenta\u00e7\u00e3o total &#8211; <\/strong>Batendo mais um recorde, os portos brasileiros movimentaram 1,16 bilh\u00e3o de toneladas de cargas no acumulado entre janeiro e outubro, marca que segue a tend\u00eancia de alta do ano. O valor representa um aumento de 4,03% em compara\u00e7\u00e3o com o mesmo per\u00edodo do ano passado. Em outubro, a movimenta\u00e7\u00e3o total do setor foi de 121,5 milh\u00f5es (+9,8%). O n\u00famero tamb\u00e9m foi o maior para o m\u00eas na s\u00e9rie hist\u00f3rica. As cargas que tiveram a maior movimenta\u00e7\u00e3o no d\u00e9cimo m\u00eas do ano foram: coque de petr\u00f3leo, com movimenta\u00e7\u00e3o de 0,72 milh\u00e3o de toneladas e crescimento de 130,69%; soja que atingiu movimenta\u00e7\u00e3o de 6,96 milh\u00f5es e alta de 39,42%; e milho que movimentou 7,89 milh\u00f5es e avan\u00e7ou 26,15%.<\/p>\n<p><strong>Cargas e navega\u00e7\u00e3o<\/strong> &#8211; Ao longo do m\u00eas de outubro tamb\u00e9m houve recorde na movimenta\u00e7\u00e3o de graneis s\u00f3lidos, com 73 milh\u00f5es e crescimento de 11,38%. Foram movimentados 28,1 milh\u00f5es de toneladas de gran\u00e9is l\u00edquidos no d\u00e9cimo m\u00eas do ano, um crescimento de 10,82%, enquanto carga geral movimentou 5,1 milh\u00f5es (-15,63%). Outros recordes aconteceram nas navega\u00e7\u00f5es de longo curso, cabotagem e interior. O primeiro foi respons\u00e1vel pela movimenta\u00e7\u00e3o de 89,9 milh\u00f5es de toneladas de cargas, um aumento de 7,66%; a movimenta\u00e7\u00e3o de cabotagem atingiu 25,6 milh\u00f5es de toneladas, um crescimento de 9,75%; e a navega\u00e7\u00e3o interior movimentou 5,9 milh\u00f5es de toneladas, uma alta de 57,7%.<\/p>\n<p><strong>Portos P\u00fablicos<\/strong> &#8211; Os portos p\u00fablicos movimentaram 42,8 milh\u00f5es de toneladas de cargas em outubro de 2025. O n\u00famero representa aumento de 3,43% em compara\u00e7\u00e3o com o mesmo per\u00edodo do ano anterior. Entre os 20 portos p\u00fablicos que mais movimentam no pa\u00eds, o com maior crescimento percentual no d\u00e9cimo m\u00eas do ano foi o Porto de Santar\u00e9m (PA). O aumento foi de 57,98%, em compara\u00e7\u00e3o com outubro de 2024, e a movimenta\u00e7\u00e3o atingiu 1,1 milh\u00e3o de toneladas.<\/p>\n<p><strong>Terminais Privados<\/strong> &#8211; Nos terminais autorizados houve um crescimento de 13,62% na movimenta\u00e7\u00e3o em rela\u00e7\u00e3o a outubro do ano passado. O setor movimentou 78,7 milh\u00f5es de toneladas de cargas. Entre os 20 TUPs que mais movimentaram em setembro, o com o maior crescimento de movimenta\u00e7\u00e3o, comparado ao mesmo m\u00eas do ano passado[1] , \u00e9 o Terminal de Petr\u00f3leo Tpet\/Toil &#8211; A\u00e7u (RJ) com uma alta de 85,52%. O terminal movimentou 5,3 milh\u00f5es de toneladas de cargas.<\/p>\n<p>&nbsp;<\/p>\n<p>FONTE:<br \/>\nAssessoria de Comunica\u00e7\u00e3o da ANTAQ<\/p>\n","protected":false},"excerpt":{"rendered":"<p>Acumulado da movimenta\u00e7\u00e3o total do ano tamb\u00e9m apresentou crescimento acima da m\u00e9dia, tanto em portos p\u00fablico quanto em portos privados.<\/p>\n","protected":false},"author":1,"featured_media":27035,"comment_status":"closed","ping_status":"open","sticky":false,"template":"","format":"standard","meta":{"_editorskit_title_hidden":false,"_editorskit_reading_time":0,"_editorskit_is_block_options_detached":false,"_editorskit_block_options_position":"{}","ngg_post_thumbnail":0,"footnotes":""},"categories":[1],"tags":[],"class_list":["post-27034","post","type-post","status-publish","format-standard","has-post-thumbnail","hentry","category-noticias"],"yoast_head":"<!-- This site is optimized with the Yoast SEO plugin v22.5 - https:\/\/yoast.com\/wordpress\/plugins\/seo\/ -->\n<title>Cargas conteinerizadas atingem recorde hist\u00f3rico, diz Antaq - Portosma<\/title>\n<meta name=\"robots\" content=\"index, follow, max-snippet:-1, max-image-preview:large, max-video-preview:-1\" \/>\n<link rel=\"canonical\" href=\"https:\/\/portosma.com.br\/index.php\/2025\/12\/10\/cargas-conteinerizadas-atingem-recorde-historico-diz-antaq\/\" \/>\n<meta property=\"og:locale\" content=\"pt_BR\" \/>\n<meta property=\"og:type\" content=\"article\" \/>\n<meta property=\"og:title\" content=\"Cargas conteinerizadas atingem recorde hist\u00f3rico, diz Antaq - Portosma\" \/>\n<meta property=\"og:description\" content=\"Acumulado da movimenta\u00e7\u00e3o total do ano tamb\u00e9m apresentou crescimento acima da m\u00e9dia, tanto em portos p\u00fablico quanto em portos privados.\" \/>\n<meta property=\"og:url\" content=\"https:\/\/portosma.com.br\/index.php\/2025\/12\/10\/cargas-conteinerizadas-atingem-recorde-historico-diz-antaq\/\" \/>\n<meta property=\"og:site_name\" content=\"Portosma\" \/>\n<meta property=\"article:published_time\" content=\"2025-12-10T23:09:04+00:00\" \/>\n<meta property=\"article:modified_time\" content=\"2025-12-10T23:09:15+00:00\" \/>\n<meta property=\"og:image\" content=\"https:\/\/portosma.com.br\/wp-content\/uploads\/2025\/12\/CONTEINER.jpg\" \/>\n\t<meta property=\"og:image:width\" content=\"1200\" \/>\n\t<meta property=\"og:image:height\" content=\"504\" \/>\n\t<meta property=\"og:image:type\" content=\"image\/jpeg\" \/>\n<meta name=\"author\" content=\"admin\" \/>\n<meta name=\"twitter:card\" content=\"summary_large_image\" \/>\n<meta name=\"twitter:label1\" content=\"Escrito por\" \/>\n\t<meta name=\"twitter:data1\" content=\"admin\" \/>\n\t<meta name=\"twitter:label2\" content=\"Est. tempo de leitura\" \/>\n\t<meta name=\"twitter:data2\" content=\"3 minutos\" \/>\n<script type=\"application\/ld+json\" class=\"yoast-schema-graph\">{\"@context\":\"https:\/\/schema.org\",\"@graph\":[{\"@type\":\"Article\",\"@id\":\"https:\/\/portosma.com.br\/index.php\/2025\/12\/10\/cargas-conteinerizadas-atingem-recorde-historico-diz-antaq\/#article\",\"isPartOf\":{\"@id\":\"https:\/\/portosma.com.br\/index.php\/2025\/12\/10\/cargas-conteinerizadas-atingem-recorde-historico-diz-antaq\/\"},\"author\":{\"name\":\"admin\",\"@id\":\"https:\/\/portosma.com.br\/#\/schema\/person\/fb92dfe283ab47293259c87c813d8623\"},\"headline\":\"Cargas conteinerizadas atingem recorde hist\u00f3rico, diz Antaq\",\"datePublished\":\"2025-12-10T23:09:04+00:00\",\"dateModified\":\"2025-12-10T23:09:15+00:00\",\"mainEntityOfPage\":{\"@id\":\"https:\/\/portosma.com.br\/index.php\/2025\/12\/10\/cargas-conteinerizadas-atingem-recorde-historico-diz-antaq\/\"},\"wordCount\":527,\"publisher\":{\"@id\":\"https:\/\/portosma.com.br\/#organization\"},\"image\":{\"@id\":\"https:\/\/portosma.com.br\/index.php\/2025\/12\/10\/cargas-conteinerizadas-atingem-recorde-historico-diz-antaq\/#primaryimage\"},\"thumbnailUrl\":\"https:\/\/portosma.com.br\/wp-content\/uploads\/2025\/12\/CONTEINER.jpg\",\"articleSection\":[\"Not\u00edcias\"],\"inLanguage\":\"pt-BR\"},{\"@type\":\"WebPage\",\"@id\":\"https:\/\/portosma.com.br\/index.php\/2025\/12\/10\/cargas-conteinerizadas-atingem-recorde-historico-diz-antaq\/\",\"url\":\"https:\/\/portosma.com.br\/index.php\/2025\/12\/10\/cargas-conteinerizadas-atingem-recorde-historico-diz-antaq\/\",\"name\":\"Cargas conteinerizadas atingem recorde hist\u00f3rico, diz Antaq - Portosma\",\"isPartOf\":{\"@id\":\"https:\/\/portosma.com.br\/#website\"},\"primaryImageOfPage\":{\"@id\":\"https:\/\/portosma.com.br\/index.php\/2025\/12\/10\/cargas-conteinerizadas-atingem-recorde-historico-diz-antaq\/#primaryimage\"},\"image\":{\"@id\":\"https:\/\/portosma.com.br\/index.php\/2025\/12\/10\/cargas-conteinerizadas-atingem-recorde-historico-diz-antaq\/#primaryimage\"},\"thumbnailUrl\":\"https:\/\/portosma.com.br\/wp-content\/uploads\/2025\/12\/CONTEINER.jpg\",\"datePublished\":\"2025-12-10T23:09:04+00:00\",\"dateModified\":\"2025-12-10T23:09:15+00:00\",\"breadcrumb\":{\"@id\":\"https:\/\/portosma.com.br\/index.php\/2025\/12\/10\/cargas-conteinerizadas-atingem-recorde-historico-diz-antaq\/#breadcrumb\"},\"inLanguage\":\"pt-BR\",\"potentialAction\":[{\"@type\":\"ReadAction\",\"target\":[\"https:\/\/portosma.com.br\/index.php\/2025\/12\/10\/cargas-conteinerizadas-atingem-recorde-historico-diz-antaq\/\"]}]},{\"@type\":\"ImageObject\",\"inLanguage\":\"pt-BR\",\"@id\":\"https:\/\/portosma.com.br\/index.php\/2025\/12\/10\/cargas-conteinerizadas-atingem-recorde-historico-diz-antaq\/#primaryimage\",\"url\":\"https:\/\/portosma.com.br\/wp-content\/uploads\/2025\/12\/CONTEINER.jpg\",\"contentUrl\":\"https:\/\/portosma.com.br\/wp-content\/uploads\/2025\/12\/CONTEINER.jpg\",\"width\":1200,\"height\":504},{\"@type\":\"BreadcrumbList\",\"@id\":\"https:\/\/portosma.com.br\/index.php\/2025\/12\/10\/cargas-conteinerizadas-atingem-recorde-historico-diz-antaq\/#breadcrumb\",\"itemListElement\":[{\"@type\":\"ListItem\",\"position\":1,\"name\":\"In\u00edcio\",\"item\":\"https:\/\/portosma.com.br\/\"},{\"@type\":\"ListItem\",\"position\":2,\"name\":\"Cargas conteinerizadas atingem recorde hist\u00f3rico, diz Antaq\"}]},{\"@type\":\"WebSite\",\"@id\":\"https:\/\/portosma.com.br\/#website\",\"url\":\"https:\/\/portosma.com.br\/\",\"name\":\"Portosma\",\"description\":\"Um site de not\u00edcias\",\"publisher\":{\"@id\":\"https:\/\/portosma.com.br\/#organization\"},\"potentialAction\":[{\"@type\":\"SearchAction\",\"target\":{\"@type\":\"EntryPoint\",\"urlTemplate\":\"https:\/\/portosma.com.br\/?s={search_term_string}\"},\"query-input\":\"required name=search_term_string\"}],\"inLanguage\":\"pt-BR\"},{\"@type\":\"Organization\",\"@id\":\"https:\/\/portosma.com.br\/#organization\",\"name\":\"Portosma\",\"alternateName\":\"Portosma\",\"url\":\"https:\/\/portosma.com.br\/\",\"logo\":{\"@type\":\"ImageObject\",\"inLanguage\":\"pt-BR\",\"@id\":\"https:\/\/portosma.com.br\/#\/schema\/logo\/image\/\",\"url\":\"https:\/\/portosma.com.br\/wp-content\/uploads\/2026\/03\/cropped-AD-PORTOSMA.jpg\",\"contentUrl\":\"https:\/\/portosma.com.br\/wp-content\/uploads\/2026\/03\/cropped-AD-PORTOSMA.jpg\",\"width\":400,\"height\":115,\"caption\":\"Portosma\"},\"image\":{\"@id\":\"https:\/\/portosma.com.br\/#\/schema\/logo\/image\/\"}},{\"@type\":\"Person\",\"@id\":\"https:\/\/portosma.com.br\/#\/schema\/person\/fb92dfe283ab47293259c87c813d8623\",\"name\":\"admin\",\"sameAs\":[\"https:\/\/portosma.com.br\"],\"url\":\"https:\/\/portosma.com.br\/index.php\/author\/portosma\/\"}]}<\/script>\n<!-- \/ Yoast SEO plugin. -->","yoast_head_json":{"title":"Cargas conteinerizadas atingem recorde hist\u00f3rico, diz Antaq - Portosma","robots":{"index":"index","follow":"follow","max-snippet":"max-snippet:-1","max-image-preview":"max-image-preview:large","max-video-preview":"max-video-preview:-1"},"canonical":"https:\/\/portosma.com.br\/index.php\/2025\/12\/10\/cargas-conteinerizadas-atingem-recorde-historico-diz-antaq\/","og_locale":"pt_BR","og_type":"article","og_title":"Cargas conteinerizadas atingem recorde hist\u00f3rico, diz Antaq - Portosma","og_description":"Acumulado da movimenta\u00e7\u00e3o total do ano tamb\u00e9m apresentou crescimento acima da m\u00e9dia, tanto em portos p\u00fablico quanto em portos privados.","og_url":"https:\/\/portosma.com.br\/index.php\/2025\/12\/10\/cargas-conteinerizadas-atingem-recorde-historico-diz-antaq\/","og_site_name":"Portosma","article_published_time":"2025-12-10T23:09:04+00:00","article_modified_time":"2025-12-10T23:09:15+00:00","og_image":[{"width":1200,"height":504,"url":"https:\/\/portosma.com.br\/wp-content\/uploads\/2025\/12\/CONTEINER.jpg","type":"image\/jpeg"}],"author":"admin","twitter_card":"summary_large_image","twitter_misc":{"Escrito por":"admin","Est. tempo de leitura":"3 minutos"},"schema":{"@context":"https:\/\/schema.org","@graph":[{"@type":"Article","@id":"https:\/\/portosma.com.br\/index.php\/2025\/12\/10\/cargas-conteinerizadas-atingem-recorde-historico-diz-antaq\/#article","isPartOf":{"@id":"https:\/\/portosma.com.br\/index.php\/2025\/12\/10\/cargas-conteinerizadas-atingem-recorde-historico-diz-antaq\/"},"author":{"name":"admin","@id":"https:\/\/portosma.com.br\/#\/schema\/person\/fb92dfe283ab47293259c87c813d8623"},"headline":"Cargas conteinerizadas atingem recorde hist\u00f3rico, diz Antaq","datePublished":"2025-12-10T23:09:04+00:00","dateModified":"2025-12-10T23:09:15+00:00","mainEntityOfPage":{"@id":"https:\/\/portosma.com.br\/index.php\/2025\/12\/10\/cargas-conteinerizadas-atingem-recorde-historico-diz-antaq\/"},"wordCount":527,"publisher":{"@id":"https:\/\/portosma.com.br\/#organization"},"image":{"@id":"https:\/\/portosma.com.br\/index.php\/2025\/12\/10\/cargas-conteinerizadas-atingem-recorde-historico-diz-antaq\/#primaryimage"},"thumbnailUrl":"https:\/\/portosma.com.br\/wp-content\/uploads\/2025\/12\/CONTEINER.jpg","articleSection":["Not\u00edcias"],"inLanguage":"pt-BR"},{"@type":"WebPage","@id":"https:\/\/portosma.com.br\/index.php\/2025\/12\/10\/cargas-conteinerizadas-atingem-recorde-historico-diz-antaq\/","url":"https:\/\/portosma.com.br\/index.php\/2025\/12\/10\/cargas-conteinerizadas-atingem-recorde-historico-diz-antaq\/","name":"Cargas conteinerizadas atingem recorde hist\u00f3rico, diz Antaq - Portosma","isPartOf":{"@id":"https:\/\/portosma.com.br\/#website"},"primaryImageOfPage":{"@id":"https:\/\/portosma.com.br\/index.php\/2025\/12\/10\/cargas-conteinerizadas-atingem-recorde-historico-diz-antaq\/#primaryimage"},"image":{"@id":"https:\/\/portosma.com.br\/index.php\/2025\/12\/10\/cargas-conteinerizadas-atingem-recorde-historico-diz-antaq\/#primaryimage"},"thumbnailUrl":"https:\/\/portosma.com.br\/wp-content\/uploads\/2025\/12\/CONTEINER.jpg","datePublished":"2025-12-10T23:09:04+00:00","dateModified":"2025-12-10T23:09:15+00:00","breadcrumb":{"@id":"https:\/\/portosma.com.br\/index.php\/2025\/12\/10\/cargas-conteinerizadas-atingem-recorde-historico-diz-antaq\/#breadcrumb"},"inLanguage":"pt-BR","potentialAction":[{"@type":"ReadAction","target":["https:\/\/portosma.com.br\/index.php\/2025\/12\/10\/cargas-conteinerizadas-atingem-recorde-historico-diz-antaq\/"]}]},{"@type":"ImageObject","inLanguage":"pt-BR","@id":"https:\/\/portosma.com.br\/index.php\/2025\/12\/10\/cargas-conteinerizadas-atingem-recorde-historico-diz-antaq\/#primaryimage","url":"https:\/\/portosma.com.br\/wp-content\/uploads\/2025\/12\/CONTEINER.jpg","contentUrl":"https:\/\/portosma.com.br\/wp-content\/uploads\/2025\/12\/CONTEINER.jpg","width":1200,"height":504},{"@type":"BreadcrumbList","@id":"https:\/\/portosma.com.br\/index.php\/2025\/12\/10\/cargas-conteinerizadas-atingem-recorde-historico-diz-antaq\/#breadcrumb","itemListElement":[{"@type":"ListItem","position":1,"name":"In\u00edcio","item":"https:\/\/portosma.com.br\/"},{"@type":"ListItem","position":2,"name":"Cargas conteinerizadas atingem recorde hist\u00f3rico, diz Antaq"}]},{"@type":"WebSite","@id":"https:\/\/portosma.com.br\/#website","url":"https:\/\/portosma.com.br\/","name":"Portosma","description":"Um site de not\u00edcias","publisher":{"@id":"https:\/\/portosma.com.br\/#organization"},"potentialAction":[{"@type":"SearchAction","target":{"@type":"EntryPoint","urlTemplate":"https:\/\/portosma.com.br\/?s={search_term_string}"},"query-input":"required name=search_term_string"}],"inLanguage":"pt-BR"},{"@type":"Organization","@id":"https:\/\/portosma.com.br\/#organization","name":"Portosma","alternateName":"Portosma","url":"https:\/\/portosma.com.br\/","logo":{"@type":"ImageObject","inLanguage":"pt-BR","@id":"https:\/\/portosma.com.br\/#\/schema\/logo\/image\/","url":"https:\/\/portosma.com.br\/wp-content\/uploads\/2026\/03\/cropped-AD-PORTOSMA.jpg","contentUrl":"https:\/\/portosma.com.br\/wp-content\/uploads\/2026\/03\/cropped-AD-PORTOSMA.jpg","width":400,"height":115,"caption":"Portosma"},"image":{"@id":"https:\/\/portosma.com.br\/#\/schema\/logo\/image\/"}},{"@type":"Person","@id":"https:\/\/portosma.com.br\/#\/schema\/person\/fb92dfe283ab47293259c87c813d8623","name":"admin","sameAs":["https:\/\/portosma.com.br"],"url":"https:\/\/portosma.com.br\/index.php\/author\/portosma\/"}]}},"_links":{"self":[{"href":"https:\/\/portosma.com.br\/index.php\/wp-json\/wp\/v2\/posts\/27034","targetHints":{"allow":["GET"]}}],"collection":[{"href":"https:\/\/portosma.com.br\/index.php\/wp-json\/wp\/v2\/posts"}],"about":[{"href":"https:\/\/portosma.com.br\/index.php\/wp-json\/wp\/v2\/types\/post"}],"author":[{"embeddable":true,"href":"https:\/\/portosma.com.br\/index.php\/wp-json\/wp\/v2\/users\/1"}],"replies":[{"embeddable":true,"href":"https:\/\/portosma.com.br\/index.php\/wp-json\/wp\/v2\/comments?post=27034"}],"version-history":[{"count":1,"href":"https:\/\/portosma.com.br\/index.php\/wp-json\/wp\/v2\/posts\/27034\/revisions"}],"predecessor-version":[{"id":27036,"href":"https:\/\/portosma.com.br\/index.php\/wp-json\/wp\/v2\/posts\/27034\/revisions\/27036"}],"wp:featuredmedia":[{"embeddable":true,"href":"https:\/\/portosma.com.br\/index.php\/wp-json\/wp\/v2\/media\/27035"}],"wp:attachment":[{"href":"https:\/\/portosma.com.br\/index.php\/wp-json\/wp\/v2\/media?parent=27034"}],"wp:term":[{"taxonomy":"category","embeddable":true,"href":"https:\/\/portosma.com.br\/index.php\/wp-json\/wp\/v2\/categories?post=27034"},{"taxonomy":"post_tag","embeddable":true,"href":"https:\/\/portosma.com.br\/index.php\/wp-json\/wp\/v2\/tags?post=27034"}],"curies":[{"name":"wp","href":"https:\/\/api.w.org\/{rel}","templated":true}]}}