{"id":26895,"date":"2025-12-04T14:34:29","date_gmt":"2025-12-04T14:34:29","guid":{"rendered":"https:\/\/portosma.com.br\/?p=26895"},"modified":"2025-12-05T18:15:11","modified_gmt":"2025-12-05T18:15:11","slug":"conexao-sustentavel-alumar-promove-arte-e-educacao-ambiental","status":"publish","type":"post","link":"https:\/\/portosma.com.br\/index.php\/2025\/12\/04\/conexao-sustentavel-alumar-promove-arte-e-educacao-ambiental\/","title":{"rendered":"Conex\u00e3o Sustent\u00e1vel Alumar promove arte e educa\u00e7\u00e3o ambiental"},"content":{"rendered":"<h4><span style=\"color: #333333;\"><em><strong>Projeto fortaleceu o acesso \u00e0 cultura e \u00e0 educa\u00e7\u00e3o ambiental nas comunidades da regi\u00e3o, beneficiando mais de 4 mil pessoas na zona rural de S\u00e3o Lu\u00eds.<\/strong><\/em><\/span><\/h4>\n<p>O projeto Conex\u00e3o Sustent\u00e1vel Alumar finalizou sua passagem pela zona rural com grande sucesso. Ao longo de 7 dias de programa\u00e7\u00e3o, mais de 4 mil pessoas de diversas comunidades da regi\u00e3o e de todas as idades participaram das atividades gratuitas que levaram arte, cultura e sensibiliza\u00e7\u00e3o ambiental para as comunidades. Em Pedrinhas, primeiro local a receber a iniciativa, a arena montada especialmente para o evento transformou o territ\u00f3rio em um verdadeiro polo cultural. Na sequ\u00eancia, o projeto seguiu para a Estiva, tamb\u00e9m na zona rural, onde repetiu o sucesso de p\u00fablico, refor\u00e7ando a import\u00e2ncia de levar iniciativas culturais para regi\u00f5es mais afastadas dos centros urbanos.<\/p>\n<figure id=\"attachment_26898\" aria-describedby=\"caption-attachment-26898\" style=\"width: 900px\" class=\"wp-caption alignnone\"><img fetchpriority=\"high\" decoding=\"async\" class=\"wp-image-26898 size-full\" src=\"https:\/\/portosma.com.br\/wp-content\/uploads\/2025\/12\/PROJETO-UM.jpg\" alt=\"\" width=\"900\" height=\"600\" srcset=\"https:\/\/portosma.com.br\/wp-content\/uploads\/2025\/12\/PROJETO-UM.jpg 900w, https:\/\/portosma.com.br\/wp-content\/uploads\/2025\/12\/PROJETO-UM-300x200.jpg 300w, https:\/\/portosma.com.br\/wp-content\/uploads\/2025\/12\/PROJETO-UM-768x512.jpg 768w\" sizes=\"(max-width: 900px) 100vw, 900px\" \/><figcaption id=\"caption-attachment-26898\" class=\"wp-caption-text\"><span style=\"color: #800000;\"><em><strong>Espet\u00e1culo \u201cBenedito, Aben\u00e7oado e Bendizido\u201d, da Companhia Mamulengo Fuzu\u00ea.<\/strong><\/em><\/span><\/figcaption><\/figure>\n<p>&nbsp;Para o professor Fernando Saraiva, coordenador da UEB Jos\u00e9 Gon\u00e7alves do Amaral Raposo, a a\u00e7\u00e3o teve impacto direto na forma\u00e7\u00e3o dos estudantes: \u201c\u00c9 importante tirar os alunos da sala de aula, do conte\u00fado te\u00f3rico, e mostrar a pr\u00e1tica, al\u00e9m de debater a preserva\u00e7\u00e3o do meio ambiente. Muitos estudantes passam grande parte do tempo no celular e n\u00e3o t\u00eam acesso direto ao teatro, \u00e0 m\u00fasica e \u00e0 arte de modo geral. Proporcionar esse contato \u00e9 essencial para ampliar o conhecimento deles\u201d, destacou.<\/p>\n<p>Patrocinado pela Alumar e realizado pela Magma Cultura, o Conex\u00e3o Sustent\u00e1vel ofertou ao longo da semana 23 apresenta\u00e7\u00f5es teatrais, cinco oficinas de reciclagem e duas palestras com funcion\u00e1rios(as) da Alumar, refor\u00e7ando a proposta de unir educa\u00e7\u00e3o, cultura e sustentabilidade em um mesmo movimento. Com a forte ades\u00e3o, especialmente do p\u00fablico escolar, e o impacto positivo na comunidade, o projeto consolida sua relev\u00e2ncia e deixa um legado de aprendizado e inspira\u00e7\u00e3o para a popula\u00e7\u00e3o da zona rural.<\/p>\n<figure id=\"attachment_26897\" aria-describedby=\"caption-attachment-26897\" style=\"width: 900px\" class=\"wp-caption alignnone\"><img decoding=\"async\" class=\"wp-image-26897 size-full\" src=\"https:\/\/portosma.com.br\/wp-content\/uploads\/2025\/12\/PROJETO-DOIS.jpg\" alt=\"\" width=\"900\" height=\"600\" srcset=\"https:\/\/portosma.com.br\/wp-content\/uploads\/2025\/12\/PROJETO-DOIS.jpg 900w, https:\/\/portosma.com.br\/wp-content\/uploads\/2025\/12\/PROJETO-DOIS-300x200.jpg 300w, https:\/\/portosma.com.br\/wp-content\/uploads\/2025\/12\/PROJETO-DOIS-768x512.jpg 768w\" sizes=\"(max-width: 900px) 100vw, 900px\" \/><figcaption id=\"caption-attachment-26897\" class=\"wp-caption-text\"><span style=\"color: #800000;\"><em><strong>Projeto Conex\u00e3o Sustent\u00e1vel leva espet\u00e1culos para a zona rural de S\u00e3o Lu\u00eds.<\/strong><\/em><\/span><\/figcaption><\/figure>\n<p><strong>Sobre a Alumar &#8211; <\/strong><em>O Cons\u00f3rcio de Alum\u00ednio do Maranh\u00e3o &#8211; Alumar \u00e9 um dos maiores complexos industriais de produ\u00e7\u00e3o de alumina e alum\u00ednio do mundo. Inaugurado em julho de 1984, \u00e9 formado pelas empresas Alcoa, Rio Tinto e South32 e desempenha um papel importante no Maranh\u00e3o. Cerca de 86% de seus funcion\u00e1rios s\u00e3o maranhenses, al\u00e9m de contar com centenas de fornecedores locais. <\/em><\/p>\n<p><em>O sistema de gest\u00e3o da Alumar \u00e9 integrado e engloba gest\u00f5es de qualidade, sa\u00fade, seguran\u00e7a e meio ambiente estabelecido com base nas normas NBR ISO 9001, NBR ISO 14001 e NBR ISO 45001. Em 2019, obteve a certifica\u00e7\u00e3o ASI (Aluminium Stewardship Initiative), o mais importante Selo de Sustentabilidade na cadeia de valor do alum\u00ednio.<\/em><\/p>\n<figure id=\"attachment_26921\" aria-describedby=\"caption-attachment-26921\" style=\"width: 900px\" class=\"wp-caption alignnone\"><img decoding=\"async\" class=\"wp-image-26921 size-full\" src=\"https:\/\/portosma.com.br\/wp-content\/uploads\/2025\/12\/SUSTENTEN.jpg\" alt=\"\" width=\"900\" height=\"477\" srcset=\"https:\/\/portosma.com.br\/wp-content\/uploads\/2025\/12\/SUSTENTEN.jpg 900w, https:\/\/portosma.com.br\/wp-content\/uploads\/2025\/12\/SUSTENTEN-300x159.jpg 300w, https:\/\/portosma.com.br\/wp-content\/uploads\/2025\/12\/SUSTENTEN-768x407.jpg 768w\" sizes=\"(max-width: 900px) 100vw, 900px\" \/><figcaption id=\"caption-attachment-26921\" class=\"wp-caption-text\"><span style=\"color: #800000;\"><em><strong>Espet\u00e1culos do Conex\u00e3o Sustent\u00e1vel encantam p\u00fablico infantil formado por escolas da zona rural<\/strong><\/em><\/span><\/figcaption><\/figure>\n<p>&nbsp;<\/p>\n<p><span style=\"color: #808080;\"><em><strong>FONTE:<\/strong><\/em><\/span><br \/>\n<span style=\"color: #808080;\"><em><strong>AMG Comunica\u00e7\u00f5es<\/strong><\/em><\/span><\/p>\n","protected":false},"excerpt":{"rendered":"<p>Projeto fortaleceu o acesso \u00e0 cultura e \u00e0 educa\u00e7\u00e3o ambiental nas comunidades da regi\u00e3o, beneficiando mais de 4 mil pessoas na zona rural de S\u00e3o Lu\u00eds.<\/p>\n","protected":false},"author":1,"featured_media":26896,"comment_status":"closed","ping_status":"open","sticky":false,"template":"","format":"standard","meta":{"_editorskit_title_hidden":false,"_editorskit_reading_time":0,"_editorskit_is_block_options_detached":false,"_editorskit_block_options_position":"{}","ngg_post_thumbnail":0,"footnotes":""},"categories":[1],"tags":[],"class_list":["post-26895","post","type-post","status-publish","format-standard","has-post-thumbnail","hentry","category-noticias"],"yoast_head":"<!-- This site is optimized with the Yoast SEO plugin v22.5 - https:\/\/yoast.com\/wordpress\/plugins\/seo\/ -->\n<title>Conex\u00e3o Sustent\u00e1vel Alumar promove arte e educa\u00e7\u00e3o ambiental - Portosma<\/title>\n<meta name=\"robots\" content=\"index, follow, max-snippet:-1, max-image-preview:large, max-video-preview:-1\" \/>\n<link rel=\"canonical\" href=\"https:\/\/portosma.com.br\/index.php\/2025\/12\/04\/conexao-sustentavel-alumar-promove-arte-e-educacao-ambiental\/\" \/>\n<meta property=\"og:locale\" content=\"pt_BR\" \/>\n<meta property=\"og:type\" content=\"article\" \/>\n<meta property=\"og:title\" content=\"Conex\u00e3o Sustent\u00e1vel Alumar promove arte e educa\u00e7\u00e3o ambiental - Portosma\" \/>\n<meta property=\"og:description\" content=\"Projeto fortaleceu o acesso \u00e0 cultura e \u00e0 educa\u00e7\u00e3o ambiental nas comunidades da regi\u00e3o, beneficiando mais de 4 mil pessoas na zona rural de S\u00e3o Lu\u00eds.\" \/>\n<meta property=\"og:url\" content=\"https:\/\/portosma.com.br\/index.php\/2025\/12\/04\/conexao-sustentavel-alumar-promove-arte-e-educacao-ambiental\/\" \/>\n<meta property=\"og:site_name\" content=\"Portosma\" \/>\n<meta property=\"article:published_time\" content=\"2025-12-04T14:34:29+00:00\" \/>\n<meta property=\"article:modified_time\" content=\"2025-12-05T18:15:11+00:00\" \/>\n<meta property=\"og:image\" content=\"https:\/\/portosma.com.br\/wp-content\/uploads\/2025\/12\/PROJETO-CAPA.jpg\" \/>\n\t<meta property=\"og:image:width\" content=\"1200\" \/>\n\t<meta property=\"og:image:height\" content=\"499\" \/>\n\t<meta property=\"og:image:type\" content=\"image\/jpeg\" \/>\n<meta name=\"author\" content=\"admin\" \/>\n<meta name=\"twitter:card\" content=\"summary_large_image\" \/>\n<meta name=\"twitter:label1\" content=\"Escrito por\" \/>\n\t<meta name=\"twitter:data1\" content=\"admin\" \/>\n\t<meta name=\"twitter:label2\" content=\"Est. tempo de leitura\" \/>\n\t<meta name=\"twitter:data2\" content=\"4 minutos\" \/>\n<script type=\"application\/ld+json\" class=\"yoast-schema-graph\">{\"@context\":\"https:\/\/schema.org\",\"@graph\":[{\"@type\":\"Article\",\"@id\":\"https:\/\/portosma.com.br\/index.php\/2025\/12\/04\/conexao-sustentavel-alumar-promove-arte-e-educacao-ambiental\/#article\",\"isPartOf\":{\"@id\":\"https:\/\/portosma.com.br\/index.php\/2025\/12\/04\/conexao-sustentavel-alumar-promove-arte-e-educacao-ambiental\/\"},\"author\":{\"name\":\"admin\",\"@id\":\"https:\/\/portosma.com.br\/#\/schema\/person\/fb92dfe283ab47293259c87c813d8623\"},\"headline\":\"Conex\u00e3o Sustent\u00e1vel Alumar promove arte e educa\u00e7\u00e3o ambiental\",\"datePublished\":\"2025-12-04T14:34:29+00:00\",\"dateModified\":\"2025-12-05T18:15:11+00:00\",\"mainEntityOfPage\":{\"@id\":\"https:\/\/portosma.com.br\/index.php\/2025\/12\/04\/conexao-sustentavel-alumar-promove-arte-e-educacao-ambiental\/\"},\"wordCount\":523,\"publisher\":{\"@id\":\"https:\/\/portosma.com.br\/#organization\"},\"image\":{\"@id\":\"https:\/\/portosma.com.br\/index.php\/2025\/12\/04\/conexao-sustentavel-alumar-promove-arte-e-educacao-ambiental\/#primaryimage\"},\"thumbnailUrl\":\"https:\/\/portosma.com.br\/wp-content\/uploads\/2025\/12\/PROJETO-CAPA.jpg\",\"articleSection\":[\"Not\u00edcias\"],\"inLanguage\":\"pt-BR\"},{\"@type\":\"WebPage\",\"@id\":\"https:\/\/portosma.com.br\/index.php\/2025\/12\/04\/conexao-sustentavel-alumar-promove-arte-e-educacao-ambiental\/\",\"url\":\"https:\/\/portosma.com.br\/index.php\/2025\/12\/04\/conexao-sustentavel-alumar-promove-arte-e-educacao-ambiental\/\",\"name\":\"Conex\u00e3o Sustent\u00e1vel Alumar promove arte e educa\u00e7\u00e3o ambiental - Portosma\",\"isPartOf\":{\"@id\":\"https:\/\/portosma.com.br\/#website\"},\"primaryImageOfPage\":{\"@id\":\"https:\/\/portosma.com.br\/index.php\/2025\/12\/04\/conexao-sustentavel-alumar-promove-arte-e-educacao-ambiental\/#primaryimage\"},\"image\":{\"@id\":\"https:\/\/portosma.com.br\/index.php\/2025\/12\/04\/conexao-sustentavel-alumar-promove-arte-e-educacao-ambiental\/#primaryimage\"},\"thumbnailUrl\":\"https:\/\/portosma.com.br\/wp-content\/uploads\/2025\/12\/PROJETO-CAPA.jpg\",\"datePublished\":\"2025-12-04T14:34:29+00:00\",\"dateModified\":\"2025-12-05T18:15:11+00:00\",\"breadcrumb\":{\"@id\":\"https:\/\/portosma.com.br\/index.php\/2025\/12\/04\/conexao-sustentavel-alumar-promove-arte-e-educacao-ambiental\/#breadcrumb\"},\"inLanguage\":\"pt-BR\",\"potentialAction\":[{\"@type\":\"ReadAction\",\"target\":[\"https:\/\/portosma.com.br\/index.php\/2025\/12\/04\/conexao-sustentavel-alumar-promove-arte-e-educacao-ambiental\/\"]}]},{\"@type\":\"ImageObject\",\"inLanguage\":\"pt-BR\",\"@id\":\"https:\/\/portosma.com.br\/index.php\/2025\/12\/04\/conexao-sustentavel-alumar-promove-arte-e-educacao-ambiental\/#primaryimage\",\"url\":\"https:\/\/portosma.com.br\/wp-content\/uploads\/2025\/12\/PROJETO-CAPA.jpg\",\"contentUrl\":\"https:\/\/portosma.com.br\/wp-content\/uploads\/2025\/12\/PROJETO-CAPA.jpg\",\"width\":1200,\"height\":499},{\"@type\":\"BreadcrumbList\",\"@id\":\"https:\/\/portosma.com.br\/index.php\/2025\/12\/04\/conexao-sustentavel-alumar-promove-arte-e-educacao-ambiental\/#breadcrumb\",\"itemListElement\":[{\"@type\":\"ListItem\",\"position\":1,\"name\":\"In\u00edcio\",\"item\":\"https:\/\/portosma.com.br\/\"},{\"@type\":\"ListItem\",\"position\":2,\"name\":\"Conex\u00e3o Sustent\u00e1vel Alumar promove arte e educa\u00e7\u00e3o ambiental\"}]},{\"@type\":\"WebSite\",\"@id\":\"https:\/\/portosma.com.br\/#website\",\"url\":\"https:\/\/portosma.com.br\/\",\"name\":\"Portosma\",\"description\":\"Um site de not\u00edcias\",\"publisher\":{\"@id\":\"https:\/\/portosma.com.br\/#organization\"},\"potentialAction\":[{\"@type\":\"SearchAction\",\"target\":{\"@type\":\"EntryPoint\",\"urlTemplate\":\"https:\/\/portosma.com.br\/?s={search_term_string}\"},\"query-input\":\"required name=search_term_string\"}],\"inLanguage\":\"pt-BR\"},{\"@type\":\"Organization\",\"@id\":\"https:\/\/portosma.com.br\/#organization\",\"name\":\"Portosma\",\"alternateName\":\"Portosma\",\"url\":\"https:\/\/portosma.com.br\/\",\"logo\":{\"@type\":\"ImageObject\",\"inLanguage\":\"pt-BR\",\"@id\":\"https:\/\/portosma.com.br\/#\/schema\/logo\/image\/\",\"url\":\"https:\/\/portosma.com.br\/wp-content\/uploads\/2026\/03\/cropped-AD-PORTOSMA.jpg\",\"contentUrl\":\"https:\/\/portosma.com.br\/wp-content\/uploads\/2026\/03\/cropped-AD-PORTOSMA.jpg\",\"width\":400,\"height\":115,\"caption\":\"Portosma\"},\"image\":{\"@id\":\"https:\/\/portosma.com.br\/#\/schema\/logo\/image\/\"}},{\"@type\":\"Person\",\"@id\":\"https:\/\/portosma.com.br\/#\/schema\/person\/fb92dfe283ab47293259c87c813d8623\",\"name\":\"admin\",\"sameAs\":[\"https:\/\/portosma.com.br\"],\"url\":\"https:\/\/portosma.com.br\/index.php\/author\/portosma\/\"}]}<\/script>\n<!-- \/ Yoast SEO plugin. -->","yoast_head_json":{"title":"Conex\u00e3o Sustent\u00e1vel Alumar promove arte e educa\u00e7\u00e3o ambiental - Portosma","robots":{"index":"index","follow":"follow","max-snippet":"max-snippet:-1","max-image-preview":"max-image-preview:large","max-video-preview":"max-video-preview:-1"},"canonical":"https:\/\/portosma.com.br\/index.php\/2025\/12\/04\/conexao-sustentavel-alumar-promove-arte-e-educacao-ambiental\/","og_locale":"pt_BR","og_type":"article","og_title":"Conex\u00e3o Sustent\u00e1vel Alumar promove arte e educa\u00e7\u00e3o ambiental - Portosma","og_description":"Projeto fortaleceu o acesso \u00e0 cultura e \u00e0 educa\u00e7\u00e3o ambiental nas comunidades da regi\u00e3o, beneficiando mais de 4 mil pessoas na zona rural de S\u00e3o Lu\u00eds.","og_url":"https:\/\/portosma.com.br\/index.php\/2025\/12\/04\/conexao-sustentavel-alumar-promove-arte-e-educacao-ambiental\/","og_site_name":"Portosma","article_published_time":"2025-12-04T14:34:29+00:00","article_modified_time":"2025-12-05T18:15:11+00:00","og_image":[{"width":1200,"height":499,"url":"https:\/\/portosma.com.br\/wp-content\/uploads\/2025\/12\/PROJETO-CAPA.jpg","type":"image\/jpeg"}],"author":"admin","twitter_card":"summary_large_image","twitter_misc":{"Escrito por":"admin","Est. tempo de leitura":"4 minutos"},"schema":{"@context":"https:\/\/schema.org","@graph":[{"@type":"Article","@id":"https:\/\/portosma.com.br\/index.php\/2025\/12\/04\/conexao-sustentavel-alumar-promove-arte-e-educacao-ambiental\/#article","isPartOf":{"@id":"https:\/\/portosma.com.br\/index.php\/2025\/12\/04\/conexao-sustentavel-alumar-promove-arte-e-educacao-ambiental\/"},"author":{"name":"admin","@id":"https:\/\/portosma.com.br\/#\/schema\/person\/fb92dfe283ab47293259c87c813d8623"},"headline":"Conex\u00e3o Sustent\u00e1vel Alumar promove arte e educa\u00e7\u00e3o ambiental","datePublished":"2025-12-04T14:34:29+00:00","dateModified":"2025-12-05T18:15:11+00:00","mainEntityOfPage":{"@id":"https:\/\/portosma.com.br\/index.php\/2025\/12\/04\/conexao-sustentavel-alumar-promove-arte-e-educacao-ambiental\/"},"wordCount":523,"publisher":{"@id":"https:\/\/portosma.com.br\/#organization"},"image":{"@id":"https:\/\/portosma.com.br\/index.php\/2025\/12\/04\/conexao-sustentavel-alumar-promove-arte-e-educacao-ambiental\/#primaryimage"},"thumbnailUrl":"https:\/\/portosma.com.br\/wp-content\/uploads\/2025\/12\/PROJETO-CAPA.jpg","articleSection":["Not\u00edcias"],"inLanguage":"pt-BR"},{"@type":"WebPage","@id":"https:\/\/portosma.com.br\/index.php\/2025\/12\/04\/conexao-sustentavel-alumar-promove-arte-e-educacao-ambiental\/","url":"https:\/\/portosma.com.br\/index.php\/2025\/12\/04\/conexao-sustentavel-alumar-promove-arte-e-educacao-ambiental\/","name":"Conex\u00e3o Sustent\u00e1vel Alumar promove arte e educa\u00e7\u00e3o ambiental - Portosma","isPartOf":{"@id":"https:\/\/portosma.com.br\/#website"},"primaryImageOfPage":{"@id":"https:\/\/portosma.com.br\/index.php\/2025\/12\/04\/conexao-sustentavel-alumar-promove-arte-e-educacao-ambiental\/#primaryimage"},"image":{"@id":"https:\/\/portosma.com.br\/index.php\/2025\/12\/04\/conexao-sustentavel-alumar-promove-arte-e-educacao-ambiental\/#primaryimage"},"thumbnailUrl":"https:\/\/portosma.com.br\/wp-content\/uploads\/2025\/12\/PROJETO-CAPA.jpg","datePublished":"2025-12-04T14:34:29+00:00","dateModified":"2025-12-05T18:15:11+00:00","breadcrumb":{"@id":"https:\/\/portosma.com.br\/index.php\/2025\/12\/04\/conexao-sustentavel-alumar-promove-arte-e-educacao-ambiental\/#breadcrumb"},"inLanguage":"pt-BR","potentialAction":[{"@type":"ReadAction","target":["https:\/\/portosma.com.br\/index.php\/2025\/12\/04\/conexao-sustentavel-alumar-promove-arte-e-educacao-ambiental\/"]}]},{"@type":"ImageObject","inLanguage":"pt-BR","@id":"https:\/\/portosma.com.br\/index.php\/2025\/12\/04\/conexao-sustentavel-alumar-promove-arte-e-educacao-ambiental\/#primaryimage","url":"https:\/\/portosma.com.br\/wp-content\/uploads\/2025\/12\/PROJETO-CAPA.jpg","contentUrl":"https:\/\/portosma.com.br\/wp-content\/uploads\/2025\/12\/PROJETO-CAPA.jpg","width":1200,"height":499},{"@type":"BreadcrumbList","@id":"https:\/\/portosma.com.br\/index.php\/2025\/12\/04\/conexao-sustentavel-alumar-promove-arte-e-educacao-ambiental\/#breadcrumb","itemListElement":[{"@type":"ListItem","position":1,"name":"In\u00edcio","item":"https:\/\/portosma.com.br\/"},{"@type":"ListItem","position":2,"name":"Conex\u00e3o Sustent\u00e1vel Alumar promove arte e educa\u00e7\u00e3o ambiental"}]},{"@type":"WebSite","@id":"https:\/\/portosma.com.br\/#website","url":"https:\/\/portosma.com.br\/","name":"Portosma","description":"Um site de not\u00edcias","publisher":{"@id":"https:\/\/portosma.com.br\/#organization"},"potentialAction":[{"@type":"SearchAction","target":{"@type":"EntryPoint","urlTemplate":"https:\/\/portosma.com.br\/?s={search_term_string}"},"query-input":"required name=search_term_string"}],"inLanguage":"pt-BR"},{"@type":"Organization","@id":"https:\/\/portosma.com.br\/#organization","name":"Portosma","alternateName":"Portosma","url":"https:\/\/portosma.com.br\/","logo":{"@type":"ImageObject","inLanguage":"pt-BR","@id":"https:\/\/portosma.com.br\/#\/schema\/logo\/image\/","url":"https:\/\/portosma.com.br\/wp-content\/uploads\/2026\/03\/cropped-AD-PORTOSMA.jpg","contentUrl":"https:\/\/portosma.com.br\/wp-content\/uploads\/2026\/03\/cropped-AD-PORTOSMA.jpg","width":400,"height":115,"caption":"Portosma"},"image":{"@id":"https:\/\/portosma.com.br\/#\/schema\/logo\/image\/"}},{"@type":"Person","@id":"https:\/\/portosma.com.br\/#\/schema\/person\/fb92dfe283ab47293259c87c813d8623","name":"admin","sameAs":["https:\/\/portosma.com.br"],"url":"https:\/\/portosma.com.br\/index.php\/author\/portosma\/"}]}},"_links":{"self":[{"href":"https:\/\/portosma.com.br\/index.php\/wp-json\/wp\/v2\/posts\/26895","targetHints":{"allow":["GET"]}}],"collection":[{"href":"https:\/\/portosma.com.br\/index.php\/wp-json\/wp\/v2\/posts"}],"about":[{"href":"https:\/\/portosma.com.br\/index.php\/wp-json\/wp\/v2\/types\/post"}],"author":[{"embeddable":true,"href":"https:\/\/portosma.com.br\/index.php\/wp-json\/wp\/v2\/users\/1"}],"replies":[{"embeddable":true,"href":"https:\/\/portosma.com.br\/index.php\/wp-json\/wp\/v2\/comments?post=26895"}],"version-history":[{"count":6,"href":"https:\/\/portosma.com.br\/index.php\/wp-json\/wp\/v2\/posts\/26895\/revisions"}],"predecessor-version":[{"id":26923,"href":"https:\/\/portosma.com.br\/index.php\/wp-json\/wp\/v2\/posts\/26895\/revisions\/26923"}],"wp:featuredmedia":[{"embeddable":true,"href":"https:\/\/portosma.com.br\/index.php\/wp-json\/wp\/v2\/media\/26896"}],"wp:attachment":[{"href":"https:\/\/portosma.com.br\/index.php\/wp-json\/wp\/v2\/media?parent=26895"}],"wp:term":[{"taxonomy":"category","embeddable":true,"href":"https:\/\/portosma.com.br\/index.php\/wp-json\/wp\/v2\/categories?post=26895"},{"taxonomy":"post_tag","embeddable":true,"href":"https:\/\/portosma.com.br\/index.php\/wp-json\/wp\/v2\/tags?post=26895"}],"curies":[{"name":"wp","href":"https:\/\/api.w.org\/{rel}","templated":true}]}}