{"id":25713,"date":"2025-10-16T18:48:32","date_gmt":"2025-10-16T18:48:32","guid":{"rendered":"https:\/\/portosma.com.br\/?p=25713"},"modified":"2025-10-16T19:09:53","modified_gmt":"2025-10-16T19:09:53","slug":"porto-do-itaqui-recebe-o-maior-navio-de-guerra-da-marinha","status":"publish","type":"post","link":"https:\/\/portosma.com.br\/index.php\/2025\/10\/16\/porto-do-itaqui-recebe-o-maior-navio-de-guerra-da-marinha\/","title":{"rendered":"Porto do Itaqui recebe o maior navio de guerra da Marinha"},"content":{"rendered":"<p><span style=\"color: #333333;\"><em><strong>O Navio-Aer\u00f3dromo \u201cAtl\u00e2ntico\u201d Capit\u00e2nia da Esquadra Brasileira, recebeu convidados especiais para a &#8220;Cerim\u00f4nia \u00e0 Bandeira Narrado ao Por do Sol\u201d<\/strong><\/em><\/span><\/p>\n<p>Depois de participar da primeira etapa da Opera\u00e7\u00e3o Atlas, atracando no porto de Bel\u00e9m, para miss\u00f5es de apoio a COP30 com desembarques de v\u00e1rios ve\u00edculos, fuzileiros e equipamentos log\u00edsticos, o Navio-Aer\u00f3dromo Multiprop\u00f3sito (NAM) \u201cAtl\u00e2ntico\u201d, Capit\u00e2nia da Esquadra brasileira, viajou at\u00e9 o Maranh\u00e3o, onde atracou, pela primeira vez no porto do Itaqui, desde a sua incorpora\u00e7\u00e3o a Marinha do Brasil no ano de 2018. A atra\u00e7\u00e3o aconteceu no dia 11 de outubro para cumprimento de uma programa\u00e7\u00e3o que incluiu visita\u00e7\u00e3o p\u00fablica, e recep\u00e7\u00e3o a autoridades, soamarinos, empres\u00e1rios e convidados especiais. Tendo como Comandante o Capit\u00e3o de Mar e Guerra Jos\u00e9 Paulo, o NHA foi recebido no Maranh\u00e3o pelos diretores da Emap, empresa Maranhense de administra\u00e7\u00e3o Portu\u00e1ria e o Capit\u00e3o do Portos do Maranh\u00e3o, CMG Ademar Augusto Sim\u00f5es J\u00fanior.<\/p>\n<p><img fetchpriority=\"high\" decoding=\"async\" class=\"alignnone wp-image-25735 size-full\" src=\"https:\/\/portosma.com.br\/wp-content\/uploads\/2025\/10\/ATLANTICO-17.jpg\" alt=\"\" width=\"900\" height=\"573\" srcset=\"https:\/\/portosma.com.br\/wp-content\/uploads\/2025\/10\/ATLANTICO-17.jpg 900w, https:\/\/portosma.com.br\/wp-content\/uploads\/2025\/10\/ATLANTICO-17-300x191.jpg 300w, https:\/\/portosma.com.br\/wp-content\/uploads\/2025\/10\/ATLANTICO-17-768x489.jpg 768w\" sizes=\"(max-width: 900px) 100vw, 900px\" \/><\/p>\n<p>O momento in\u00e9dito marca uma nova etapa da Opera\u00e7\u00e3o \u201cAtlas\u201d, exerc\u00edcio conjunto coordenado pelo Minist\u00e9rio da Defesa, que testa a capacidade das For\u00e7as Armadas em projetar poder, integrar meios e atuar de forma coordenada em todo territ\u00f3rio nacional. Ap\u00f3s cumprir o desembarque de mais de 400 toneladas de material estrat\u00e9gico e 83 viaturas das tr\u00eas For\u00e7as, em Bel\u00e9m (PA), o NAM \u201cAtl\u00e2ntico\u201d prosseguiu at\u00e9 a capital do Maranh\u00e3o na fase denominada \u201cA\u00e7\u00f5es Decisivas\u201d, executando exerc\u00edcios e manobras entre os meios navais e aeronavais. Uma delas, conhecida como \u201cleap frog\u201d, \u00e9 a aproxima\u00e7\u00e3o entre navios.<\/p>\n<p><img decoding=\"async\" class=\"alignnone wp-image-25730 size-full\" src=\"https:\/\/portosma.com.br\/wp-content\/uploads\/2025\/10\/ATLANTICO-11.jpg\" alt=\"\" width=\"900\" height=\"506\" srcset=\"https:\/\/portosma.com.br\/wp-content\/uploads\/2025\/10\/ATLANTICO-11.jpg 900w, https:\/\/portosma.com.br\/wp-content\/uploads\/2025\/10\/ATLANTICO-11-300x169.jpg 300w, https:\/\/portosma.com.br\/wp-content\/uploads\/2025\/10\/ATLANTICO-11-768x432.jpg 768w\" sizes=\"(max-width: 900px) 100vw, 900px\" \/><\/p>\n<p>Cerca de mil militares chegaram ao Maranh\u00e3o a bordo do NAM \u201cAtl\u00e2ntico\u201d. Essa nova etapa da opera\u00e7\u00e3o permite avaliar aspectos log\u00edsticos, operacionais e de interoperabilidade com outras For\u00e7as, comprovando a prontid\u00e3o da Marinha para atuar com efici\u00eancia, inclusive em \u00e1reas de infraestrutura desafiadora, como a regi\u00e3o Amaz\u00f4nica. Um dos exerc\u00edcios realizados foi a Qualifica\u00e7\u00e3o e Requalifica\u00e7\u00e3o em Pouso a Bordo (QRPB) com os pilotos do Segundo Esquadr\u00e3o de Helic\u00f3pteros de Emprego Geral. Para o Comandante da 1\u00aa Divis\u00e3o da Esquadra, Contra-Almirante Ant\u00f4nio Braz de Souza, todas as fases da miss\u00e3o desempenham um papel importante: \u201cCada milha navegada nessa opera\u00e7\u00e3o demonstra a capacidade da Marinha de projetar poder naval e de sustentar for\u00e7as em regi\u00f5es estrat\u00e9gicas do Pa\u00eds, atuando de forma integrada com o Ex\u00e9rcito Brasileiro e a For\u00e7a A\u00e9rea Brasileira para garantir presen\u00e7a, interoperabilidade e prontid\u00e3o em qualquer cen\u00e1rio.\u201d<\/p>\n<p><img decoding=\"async\" class=\"alignnone wp-image-25726 size-full\" src=\"https:\/\/portosma.com.br\/wp-content\/uploads\/2025\/10\/ATLANTICO-07.jpg\" alt=\"\" width=\"900\" height=\"534\" srcset=\"https:\/\/portosma.com.br\/wp-content\/uploads\/2025\/10\/ATLANTICO-07.jpg 900w, https:\/\/portosma.com.br\/wp-content\/uploads\/2025\/10\/ATLANTICO-07-300x178.jpg 300w, https:\/\/portosma.com.br\/wp-content\/uploads\/2025\/10\/ATLANTICO-07-768x456.jpg 768w\" sizes=\"(max-width: 900px) 100vw, 900px\" \/><\/p>\n<p>Na \u00faltima ter\u00e7a-feira, 14\/10, retornou a Bel\u00e9m, onde dever\u00e1 continuar atuando no apoio \u00e0 Confer\u00eancia das Na\u00e7\u00f5es Unidas sobre as Mudan\u00e7as Clim\u00e1ticas de 2025, tudo isso no escopo do Comando Operacional Conjunto Marajoara, criado pelo Minist\u00e9rio da Defesa.<\/p>\n<p>As fotos a seguir mostram a participa\u00e7\u00e3o das entidades maranhense, como Soamar, Emap, Syngamar, Vale, G-5, Exercito, Aeron\u00e1utica, &nbsp;GMS, Servimar, Praticagem, Alumar, Smart, Ipom e autoridades militares e convidados especiais durante a \u201cCerim\u00f4nia \u00e0 Bandeira Narrado ao Por do Sol\u201d, presidida pelo Comandante da Primeira Divis\u00e3o de Esquadra, o Contra-Almirante Ant\u00f4nio Braz de Souza.<\/p>\n<p><img loading=\"lazy\" decoding=\"async\" class=\"alignnone wp-image-25741 size-full\" src=\"https:\/\/portosma.com.br\/wp-content\/uploads\/2025\/10\/ATLANTICO-23.jpg\" alt=\"\" width=\"900\" height=\"589\" srcset=\"https:\/\/portosma.com.br\/wp-content\/uploads\/2025\/10\/ATLANTICO-23.jpg 900w, https:\/\/portosma.com.br\/wp-content\/uploads\/2025\/10\/ATLANTICO-23-300x196.jpg 300w, https:\/\/portosma.com.br\/wp-content\/uploads\/2025\/10\/ATLANTICO-23-768x503.jpg 768w\" sizes=\"(max-width: 900px) 100vw, 900px\" \/><\/p>\n<p><img loading=\"lazy\" decoding=\"async\" class=\"alignnone wp-image-25740 size-full\" src=\"https:\/\/portosma.com.br\/wp-content\/uploads\/2025\/10\/ATLANTICO-22.jpg\" alt=\"\" width=\"900\" height=\"648\" srcset=\"https:\/\/portosma.com.br\/wp-content\/uploads\/2025\/10\/ATLANTICO-22.jpg 900w, https:\/\/portosma.com.br\/wp-content\/uploads\/2025\/10\/ATLANTICO-22-300x216.jpg 300w, https:\/\/portosma.com.br\/wp-content\/uploads\/2025\/10\/ATLANTICO-22-768x553.jpg 768w\" sizes=\"(max-width: 900px) 100vw, 900px\" \/><\/p>\n<p><img loading=\"lazy\" decoding=\"async\" class=\"alignnone wp-image-25739 size-full\" src=\"https:\/\/portosma.com.br\/wp-content\/uploads\/2025\/10\/ATLANTICO-21.jpg\" alt=\"\" width=\"900\" height=\"632\" srcset=\"https:\/\/portosma.com.br\/wp-content\/uploads\/2025\/10\/ATLANTICO-21.jpg 900w, https:\/\/portosma.com.br\/wp-content\/uploads\/2025\/10\/ATLANTICO-21-300x211.jpg 300w, https:\/\/portosma.com.br\/wp-content\/uploads\/2025\/10\/ATLANTICO-21-768x539.jpg 768w\" sizes=\"(max-width: 900px) 100vw, 900px\" \/><\/p>\n<p><img loading=\"lazy\" decoding=\"async\" class=\"alignnone wp-image-25738 size-full\" src=\"https:\/\/portosma.com.br\/wp-content\/uploads\/2025\/10\/ATLANTICO-20.jpg\" alt=\"\" width=\"900\" height=\"664\" srcset=\"https:\/\/portosma.com.br\/wp-content\/uploads\/2025\/10\/ATLANTICO-20.jpg 900w, https:\/\/portosma.com.br\/wp-content\/uploads\/2025\/10\/ATLANTICO-20-300x221.jpg 300w, https:\/\/portosma.com.br\/wp-content\/uploads\/2025\/10\/ATLANTICO-20-768x567.jpg 768w\" sizes=\"(max-width: 900px) 100vw, 900px\" \/><\/p>\n<p><img loading=\"lazy\" decoding=\"async\" class=\"alignnone wp-image-25737 size-full\" src=\"https:\/\/portosma.com.br\/wp-content\/uploads\/2025\/10\/ATLANTICO-19.jpg\" alt=\"\" width=\"900\" height=\"585\" srcset=\"https:\/\/portosma.com.br\/wp-content\/uploads\/2025\/10\/ATLANTICO-19.jpg 900w, https:\/\/portosma.com.br\/wp-content\/uploads\/2025\/10\/ATLANTICO-19-300x195.jpg 300w, https:\/\/portosma.com.br\/wp-content\/uploads\/2025\/10\/ATLANTICO-19-768x499.jpg 768w\" sizes=\"(max-width: 900px) 100vw, 900px\" \/><\/p>\n<p><img loading=\"lazy\" decoding=\"async\" class=\"alignnone wp-image-25749 size-full\" src=\"https:\/\/portosma.com.br\/wp-content\/uploads\/2025\/10\/ATLANTICO-31.jpg\" alt=\"\" width=\"900\" height=\"559\" srcset=\"https:\/\/portosma.com.br\/wp-content\/uploads\/2025\/10\/ATLANTICO-31.jpg 900w, https:\/\/portosma.com.br\/wp-content\/uploads\/2025\/10\/ATLANTICO-31-300x186.jpg 300w, https:\/\/portosma.com.br\/wp-content\/uploads\/2025\/10\/ATLANTICO-31-768x477.jpg 768w\" sizes=\"(max-width: 900px) 100vw, 900px\" \/> <img loading=\"lazy\" decoding=\"async\" class=\"alignnone wp-image-25748 size-full\" src=\"https:\/\/portosma.com.br\/wp-content\/uploads\/2025\/10\/ATLANTICO-30.jpg\" alt=\"\" width=\"900\" height=\"561\" srcset=\"https:\/\/portosma.com.br\/wp-content\/uploads\/2025\/10\/ATLANTICO-30.jpg 900w, https:\/\/portosma.com.br\/wp-content\/uploads\/2025\/10\/ATLANTICO-30-300x187.jpg 300w, https:\/\/portosma.com.br\/wp-content\/uploads\/2025\/10\/ATLANTICO-30-768x479.jpg 768w\" sizes=\"(max-width: 900px) 100vw, 900px\" \/><\/p>\n<p><img loading=\"lazy\" decoding=\"async\" class=\"alignnone wp-image-25747 size-full\" src=\"https:\/\/portosma.com.br\/wp-content\/uploads\/2025\/10\/ATLANTICO-29.jpg\" alt=\"\" width=\"900\" height=\"517\" srcset=\"https:\/\/portosma.com.br\/wp-content\/uploads\/2025\/10\/ATLANTICO-29.jpg 900w, https:\/\/portosma.com.br\/wp-content\/uploads\/2025\/10\/ATLANTICO-29-300x172.jpg 300w, https:\/\/portosma.com.br\/wp-content\/uploads\/2025\/10\/ATLANTICO-29-768x441.jpg 768w\" sizes=\"(max-width: 900px) 100vw, 900px\" \/> <img loading=\"lazy\" decoding=\"async\" class=\"alignnone wp-image-25746 size-full\" src=\"https:\/\/portosma.com.br\/wp-content\/uploads\/2025\/10\/ATLANTICO-28.jpg\" alt=\"\" width=\"900\" height=\"597\" srcset=\"https:\/\/portosma.com.br\/wp-content\/uploads\/2025\/10\/ATLANTICO-28.jpg 900w, https:\/\/portosma.com.br\/wp-content\/uploads\/2025\/10\/ATLANTICO-28-300x199.jpg 300w, https:\/\/portosma.com.br\/wp-content\/uploads\/2025\/10\/ATLANTICO-28-768x509.jpg 768w\" sizes=\"(max-width: 900px) 100vw, 900px\" \/><\/p>\n<p><img loading=\"lazy\" decoding=\"async\" class=\"alignnone wp-image-25745 size-full\" src=\"https:\/\/portosma.com.br\/wp-content\/uploads\/2025\/10\/ATLANTICO-27.jpg\" alt=\"\" width=\"900\" height=\"577\" srcset=\"https:\/\/portosma.com.br\/wp-content\/uploads\/2025\/10\/ATLANTICO-27.jpg 900w, https:\/\/portosma.com.br\/wp-content\/uploads\/2025\/10\/ATLANTICO-27-300x192.jpg 300w, https:\/\/portosma.com.br\/wp-content\/uploads\/2025\/10\/ATLANTICO-27-768x492.jpg 768w\" sizes=\"(max-width: 900px) 100vw, 900px\" \/> <img loading=\"lazy\" decoding=\"async\" class=\"alignnone wp-image-25744 size-full\" src=\"https:\/\/portosma.com.br\/wp-content\/uploads\/2025\/10\/ATLANTICO-26.jpg\" alt=\"\" width=\"900\" height=\"593\" srcset=\"https:\/\/portosma.com.br\/wp-content\/uploads\/2025\/10\/ATLANTICO-26.jpg 900w, https:\/\/portosma.com.br\/wp-content\/uploads\/2025\/10\/ATLANTICO-26-300x198.jpg 300w, https:\/\/portosma.com.br\/wp-content\/uploads\/2025\/10\/ATLANTICO-26-768x506.jpg 768w\" sizes=\"(max-width: 900px) 100vw, 900px\" \/><\/p>\n<p><img loading=\"lazy\" decoding=\"async\" class=\"alignnone wp-image-25743 size-full\" src=\"https:\/\/portosma.com.br\/wp-content\/uploads\/2025\/10\/ATLANTICO-25.jpg\" alt=\"\" width=\"900\" height=\"536\" srcset=\"https:\/\/portosma.com.br\/wp-content\/uploads\/2025\/10\/ATLANTICO-25.jpg 900w, https:\/\/portosma.com.br\/wp-content\/uploads\/2025\/10\/ATLANTICO-25-300x179.jpg 300w, https:\/\/portosma.com.br\/wp-content\/uploads\/2025\/10\/ATLANTICO-25-768x457.jpg 768w\" sizes=\"(max-width: 900px) 100vw, 900px\" \/><\/p>\n<p><img loading=\"lazy\" decoding=\"async\" class=\"alignnone wp-image-25742 size-full\" src=\"https:\/\/portosma.com.br\/wp-content\/uploads\/2025\/10\/ATLANTICO-24.jpg\" alt=\"\" width=\"900\" height=\"670\" srcset=\"https:\/\/portosma.com.br\/wp-content\/uploads\/2025\/10\/ATLANTICO-24.jpg 900w, https:\/\/portosma.com.br\/wp-content\/uploads\/2025\/10\/ATLANTICO-24-300x223.jpg 300w, https:\/\/portosma.com.br\/wp-content\/uploads\/2025\/10\/ATLANTICO-24-768x572.jpg 768w\" sizes=\"(max-width: 900px) 100vw, 900px\" \/><br \/>\n&nbsp; &nbsp;<img loading=\"lazy\" decoding=\"async\" class=\"alignnone wp-image-25736 size-full\" src=\"https:\/\/portosma.com.br\/wp-content\/uploads\/2025\/10\/ATLANTICO-18.jpg\" alt=\"\" width=\"900\" height=\"440\" srcset=\"https:\/\/portosma.com.br\/wp-content\/uploads\/2025\/10\/ATLANTICO-18.jpg 900w, https:\/\/portosma.com.br\/wp-content\/uploads\/2025\/10\/ATLANTICO-18-300x147.jpg 300w, https:\/\/portosma.com.br\/wp-content\/uploads\/2025\/10\/ATLANTICO-18-768x375.jpg 768w\" sizes=\"(max-width: 900px) 100vw, 900px\" \/> &nbsp;<img loading=\"lazy\" decoding=\"async\" class=\"alignnone wp-image-25734 size-full\" src=\"https:\/\/portosma.com.br\/wp-content\/uploads\/2025\/10\/ATLANTICO-16.jpg\" alt=\"\" width=\"900\" height=\"646\" srcset=\"https:\/\/portosma.com.br\/wp-content\/uploads\/2025\/10\/ATLANTICO-16.jpg 900w, https:\/\/portosma.com.br\/wp-content\/uploads\/2025\/10\/ATLANTICO-16-300x215.jpg 300w, https:\/\/portosma.com.br\/wp-content\/uploads\/2025\/10\/ATLANTICO-16-768x551.jpg 768w\" sizes=\"(max-width: 900px) 100vw, 900px\" \/><\/p>\n<p><img loading=\"lazy\" decoding=\"async\" class=\"alignnone wp-image-25733 size-full\" src=\"https:\/\/portosma.com.br\/wp-content\/uploads\/2025\/10\/ATLANTICO-15.jpg\" alt=\"\" width=\"900\" height=\"678\" srcset=\"https:\/\/portosma.com.br\/wp-content\/uploads\/2025\/10\/ATLANTICO-15.jpg 900w, https:\/\/portosma.com.br\/wp-content\/uploads\/2025\/10\/ATLANTICO-15-300x226.jpg 300w, https:\/\/portosma.com.br\/wp-content\/uploads\/2025\/10\/ATLANTICO-15-768x579.jpg 768w\" sizes=\"(max-width: 900px) 100vw, 900px\" \/><\/p>\n<p><img loading=\"lazy\" decoding=\"async\" class=\"alignnone wp-image-25732 size-full\" src=\"https:\/\/portosma.com.br\/wp-content\/uploads\/2025\/10\/ATLANTICO-14.jpg\" alt=\"\" width=\"900\" height=\"451\" srcset=\"https:\/\/portosma.com.br\/wp-content\/uploads\/2025\/10\/ATLANTICO-14.jpg 900w, https:\/\/portosma.com.br\/wp-content\/uploads\/2025\/10\/ATLANTICO-14-300x150.jpg 300w, https:\/\/portosma.com.br\/wp-content\/uploads\/2025\/10\/ATLANTICO-14-768x385.jpg 768w\" sizes=\"(max-width: 900px) 100vw, 900px\" \/><\/p>\n<p><img loading=\"lazy\" decoding=\"async\" class=\"alignnone wp-image-25731\" src=\"https:\/\/portosma.com.br\/wp-content\/uploads\/2025\/10\/ATLANTICO-13-300x225.jpg\" alt=\"\" width=\"900\" height=\"675\" srcset=\"https:\/\/portosma.com.br\/wp-content\/uploads\/2025\/10\/ATLANTICO-13-300x225.jpg 300w, https:\/\/portosma.com.br\/wp-content\/uploads\/2025\/10\/ATLANTICO-13-1024x768.jpg 1024w, https:\/\/portosma.com.br\/wp-content\/uploads\/2025\/10\/ATLANTICO-13-768x576.jpg 768w, https:\/\/portosma.com.br\/wp-content\/uploads\/2025\/10\/ATLANTICO-13.jpg 1280w\" sizes=\"(max-width: 900px) 100vw, 900px\" \/> &nbsp;<img loading=\"lazy\" decoding=\"async\" class=\"alignnone wp-image-25729 size-full\" src=\"https:\/\/portosma.com.br\/wp-content\/uploads\/2025\/10\/ATLANTICO-10.jpg\" alt=\"\" width=\"900\" height=\"578\" srcset=\"https:\/\/portosma.com.br\/wp-content\/uploads\/2025\/10\/ATLANTICO-10.jpg 900w, https:\/\/portosma.com.br\/wp-content\/uploads\/2025\/10\/ATLANTICO-10-300x193.jpg 300w, https:\/\/portosma.com.br\/wp-content\/uploads\/2025\/10\/ATLANTICO-10-768x493.jpg 768w\" sizes=\"(max-width: 900px) 100vw, 900px\" \/><\/p>\n<p><img loading=\"lazy\" decoding=\"async\" class=\"alignnone wp-image-25728 size-full\" src=\"https:\/\/portosma.com.br\/wp-content\/uploads\/2025\/10\/ATLANTICO-09.jpg\" alt=\"\" width=\"900\" height=\"453\" srcset=\"https:\/\/portosma.com.br\/wp-content\/uploads\/2025\/10\/ATLANTICO-09.jpg 900w, https:\/\/portosma.com.br\/wp-content\/uploads\/2025\/10\/ATLANTICO-09-300x151.jpg 300w, https:\/\/portosma.com.br\/wp-content\/uploads\/2025\/10\/ATLANTICO-09-768x387.jpg 768w\" sizes=\"(max-width: 900px) 100vw, 900px\" \/><\/p>\n<p><img loading=\"lazy\" decoding=\"async\" class=\"alignnone wp-image-25727 size-full\" src=\"https:\/\/portosma.com.br\/wp-content\/uploads\/2025\/10\/ATLANTICO-08.jpg\" alt=\"\" width=\"900\" height=\"675\" srcset=\"https:\/\/portosma.com.br\/wp-content\/uploads\/2025\/10\/ATLANTICO-08.jpg 900w, https:\/\/portosma.com.br\/wp-content\/uploads\/2025\/10\/ATLANTICO-08-300x225.jpg 300w, https:\/\/portosma.com.br\/wp-content\/uploads\/2025\/10\/ATLANTICO-08-768x576.jpg 768w\" sizes=\"(max-width: 900px) 100vw, 900px\" \/><\/p>\n<p><span style=\"color: #999999;\"><em><strong>Fonte: Ag\u00eancia Marinha de Not\u00edcias<br \/>\nFotos: Marcos Tadashi, Alexandre Gomes, Coreixas e Tamara Vi\u00e9gas<\/strong><\/em><\/span><\/p>\n<h4><span style=\"color: #800000;\"><strong>Navio-Aer\u00f3dromo Multiprop\u00f3sito (NAM) \u201cAtl\u00e2ntico\u201d<\/strong><\/span><\/h4>\n<p>O Navio, atual Capit\u00e2nia da Esquadra, \u00e9 projetado para as tarefas de Controle de \u00e1reas mar\u00edtimas, proje\u00e7\u00e3o de poder sobre terra, pelo mar e ar. \u00c9 apropriado, tamb\u00e9m, para miss\u00f5es de car\u00e1ter humanit\u00e1rio, aux\u00edlio a v\u00edtimas de desastres naturais, de evacua\u00e7\u00e3o de pessoal e em opera\u00e7\u00f5es de manuten\u00e7\u00e3o de paz.<\/p>\n<p><img loading=\"lazy\" decoding=\"async\" class=\"alignnone wp-image-25724 size-full\" src=\"https:\/\/portosma.com.br\/wp-content\/uploads\/2025\/10\/ATLANTICO-05.jpg\" alt=\"\" width=\"900\" height=\"599\" srcset=\"https:\/\/portosma.com.br\/wp-content\/uploads\/2025\/10\/ATLANTICO-05.jpg 900w, https:\/\/portosma.com.br\/wp-content\/uploads\/2025\/10\/ATLANTICO-05-300x200.jpg 300w, https:\/\/portosma.com.br\/wp-content\/uploads\/2025\/10\/ATLANTICO-05-768x511.jpg 768w\" sizes=\"(max-width: 900px) 100vw, 900px\" \/><\/p>\n<p><strong>Hist\u00f3ria &#8211;<\/strong> No seu hist\u00f3rico de servi\u00e7o, constam opera\u00e7\u00f5es navais em apoio a a\u00e7\u00f5es humanit\u00e1rias no Kosovo e na Am\u00e9rica Central. No ano 2000, participou da Opera\u00e7\u00e3o Palliser, na Serra Leoa. Logo em seguida, operou no Oriente M\u00e9dio, no grupo de combate do HMS Illustrious na Guerra do Iraque. Em 2009, foi deslocado para a \u00c1sia, novamente em opera\u00e7\u00f5es navais e apoio a a\u00e7\u00f5es humanit\u00e1rias.<\/p>\n<p>Em 2011, participou da Opera\u00e7\u00e3o Unified Protector, na L\u00edbia. No ano seguinte, retornou \u00e0 Inglaterra para reformas e, posteriormente, participou de opera\u00e7\u00f5es navais, no \u00e2mbito da Organiza\u00e7\u00e3o do Tratado do Atl\u00e2ntico Norte. Em 2017, participou da opera\u00e7\u00e3o Ruman, por meio de opera\u00e7\u00f5es navais em apoio a a\u00e7\u00f5es humanit\u00e1rias nas ilhas do Caribe, afetadas pelo furac\u00e3o Irma.<\/p>\n<p>O nome Atl\u00e2ntico remete a saga das Grandes Navega\u00e7\u00f5es, que proporcionaram, entre outros not\u00e1veis feitos da Escola de Sagres, o descobrimento do Brasil. Adicionalmente, atesta a relev\u00e2ncia desse espa\u00e7o oce\u00e2nico na conforma\u00e7\u00e3o da na\u00e7\u00e3o brasileira, em todos os per\u00edodos de sua hist\u00f3ria.<strong>&nbsp;<\/strong><\/p>\n<p><img loading=\"lazy\" decoding=\"async\" class=\"alignnone wp-image-25723 size-full\" src=\"https:\/\/portosma.com.br\/wp-content\/uploads\/2025\/10\/ATLANTICO-04.jpg\" alt=\"\" width=\"900\" height=\"599\" srcset=\"https:\/\/portosma.com.br\/wp-content\/uploads\/2025\/10\/ATLANTICO-04.jpg 900w, https:\/\/portosma.com.br\/wp-content\/uploads\/2025\/10\/ATLANTICO-04-300x200.jpg 300w, https:\/\/portosma.com.br\/wp-content\/uploads\/2025\/10\/ATLANTICO-04-768x511.jpg 768w\" sizes=\"(max-width: 900px) 100vw, 900px\" \/><strong>&nbsp;<\/strong><\/p>\n<ul>\n<li><strong> Nome:<\/strong> O nome completo e oficial \u00e9 Navio-Aer\u00f3dromo Multiprop\u00f3sito Atl\u00e2ntico, com a identifica\u00e7\u00e3o A-140.<\/li>\n<li><strong> Hist\u00f3ria:<\/strong> Originalmente, ele foi constru\u00eddo para a Marinha Real Brit\u00e2nica onde serviu com o nome de HMS Ocean entre 1998 e 1018. Em 2018 foi comprado pela Marinha do Brasil para substituir o antigo porta-avi\u00f5es S\u00e3o Paulo.<\/li>\n<li><strong> Fun\u00e7\u00f5es:<\/strong> A designa\u00e7\u00e3o &#8220;multiprop\u00f3sito&#8221; se deve \u00e0s suas diversas capacidades, que incluem:<\/li>\n<li><strong> Porta-helic\u00f3pteros:<\/strong> \u00c9 capaz de operar com diversas aeronaves de asa rotativa.<\/li>\n<li><strong> Transporte de tropas:<\/strong> Pode transportar fuzileiros navais e equipamentos para opera\u00e7\u00f5es anf\u00edbias.<\/li>\n<li><strong> Assist\u00eancia humanit\u00e1ria:<\/strong> Atua em miss\u00f5es de ajuda em caso de desastres.<\/li>\n<li><strong> Centro de comando e controle:<\/strong> Serve como plataforma para<\/li>\n<li><strong> Compra e moderniza\u00e7\u00e3o:<\/strong> O navio foi adquirido pelo Brasil em 2018 e passou por moderniza\u00e7\u00f5es para se adaptar \u00e0s necessidades da Marinha brasileira.<\/li>\n<li><img loading=\"lazy\" decoding=\"async\" class=\"alignnone wp-image-25725 size-full\" src=\"https:\/\/portosma.com.br\/wp-content\/uploads\/2025\/10\/ATLANTICO-06.jpg\" alt=\"\" width=\"900\" height=\"599\" srcset=\"https:\/\/portosma.com.br\/wp-content\/uploads\/2025\/10\/ATLANTICO-06.jpg 900w, https:\/\/portosma.com.br\/wp-content\/uploads\/2025\/10\/ATLANTICO-06-300x200.jpg 300w, https:\/\/portosma.com.br\/wp-content\/uploads\/2025\/10\/ATLANTICO-06-768x511.jpg 768w\" sizes=\"(max-width: 900px) 100vw, 900px\" \/><\/li>\n<\/ul>\n<p><strong>Capacidade multiprop\u00f3sito:<\/strong> Sua designa\u00e7\u00e3o como &#8220;multiprop\u00f3sito&#8221; reflete a capacidade de realizar diversas fun\u00e7\u00f5es, incluindo:<\/p>\n<ul>\n<li><strong> Opera\u00e7\u00f5es com aeronaves<\/strong>: Pode operar helic\u00f3pteros de diferentes tamanhos e modelos.<\/li>\n<li><strong> Proje\u00e7\u00e3o de poder:<\/strong> Possui capacidade anf\u00edbia para projetar for\u00e7as militares em terra.<\/li>\n<li><strong> Ajuda humanit\u00e1ria:<\/strong> \u00c9 usado em miss\u00f5es de ajuda humanit\u00e1ria, como visto em opera\u00e7\u00f5es recentes no Brasil.<\/li>\n<li><strong> Maior da Am\u00e9rica Latina:<\/strong> \u00c9 considerado o maior navio de guerra da Am\u00e9rica Latina.<\/li>\n<\/ul>\n<p><img loading=\"lazy\" decoding=\"async\" class=\"alignnone wp-image-25721 size-full\" src=\"https:\/\/portosma.com.br\/wp-content\/uploads\/2025\/10\/ATLANTICO-02.jpg\" alt=\"\" width=\"900\" height=\"538\" srcset=\"https:\/\/portosma.com.br\/wp-content\/uploads\/2025\/10\/ATLANTICO-02.jpg 900w, https:\/\/portosma.com.br\/wp-content\/uploads\/2025\/10\/ATLANTICO-02-300x179.jpg 300w, https:\/\/portosma.com.br\/wp-content\/uploads\/2025\/10\/ATLANTICO-02-768x459.jpg 768w\" sizes=\"(max-width: 900px) 100vw, 900px\" \/><\/p>\n<p>Vers\u00e1til, o NAM Atl\u00e2ntico j\u00e1 foi empregado nas mais diferentes opera\u00e7\u00f5es desde que come\u00e7ou a navegar em 1998. De constru\u00e7\u00e3o brit\u00e2nica, o navio teve como nome HMS Ocean at\u00e9 ser comprado por US$ 117 milh\u00f5es pelo governo brasileiro, em 2018.<\/p>\n<p>** <strong>Comprimento total:<\/strong> 203,43 m<\/p>\n<p>** <strong>Deslocamento carregado:<\/strong> 21.578 t<\/p>\n<p><strong>** Velocidade m\u00e1xima mantida prevista em projeto:<\/strong> 18,0 n\u00f3s (33,3 km\/h)<\/p>\n<p>** <strong>Raio de a\u00e7\u00e3o:<\/strong> 8.000 milhas n\u00e1uticas;<\/p>\n<p><strong>** Acomoda\u00e7\u00e3o para tropa: 806<\/strong> Fuzileiros Navais<\/p>\n<p><strong>** Total de aeronaves embarcadas:<\/strong> 18 helic\u00f3pteros.<\/p>\n","protected":false},"excerpt":{"rendered":"<p>Navio-Aer\u00f3dromo \u201cAtl\u00e2ntico\u201d Capit\u00e2nia da Esquadra Brasileira, recebeu convidados especiais para a &#8220;Cerim\u00f4nia \u00e0 Bandeira Narrado ao Por do Sol\u201d<\/p>\n","protected":false},"author":1,"featured_media":25714,"comment_status":"closed","ping_status":"open","sticky":false,"template":"","format":"standard","meta":{"_editorskit_title_hidden":false,"_editorskit_reading_time":0,"_editorskit_is_block_options_detached":false,"_editorskit_block_options_position":"{}","ngg_post_thumbnail":0,"footnotes":""},"categories":[1],"tags":[],"class_list":["post-25713","post","type-post","status-publish","format-standard","has-post-thumbnail","hentry","category-noticias"],"yoast_head":"<!-- This site is optimized with the Yoast SEO plugin v22.5 - https:\/\/yoast.com\/wordpress\/plugins\/seo\/ -->\n<title>Porto do Itaqui recebe o maior navio de guerra da Marinha - Portosma<\/title>\n<meta name=\"robots\" content=\"index, follow, max-snippet:-1, max-image-preview:large, max-video-preview:-1\" \/>\n<link rel=\"canonical\" href=\"https:\/\/portosma.com.br\/index.php\/2025\/10\/16\/porto-do-itaqui-recebe-o-maior-navio-de-guerra-da-marinha\/\" \/>\n<meta property=\"og:locale\" content=\"pt_BR\" \/>\n<meta property=\"og:type\" content=\"article\" \/>\n<meta property=\"og:title\" content=\"Porto do Itaqui recebe o maior navio de guerra da Marinha - Portosma\" \/>\n<meta property=\"og:description\" content=\"Navio-Aer\u00f3dromo \u201cAtl\u00e2ntico\u201d Capit\u00e2nia da Esquadra Brasileira, recebeu convidados especiais para a &quot;Cerim\u00f4nia \u00e0 Bandeira Narrado ao Por do Sol\u201d\" \/>\n<meta property=\"og:url\" content=\"https:\/\/portosma.com.br\/index.php\/2025\/10\/16\/porto-do-itaqui-recebe-o-maior-navio-de-guerra-da-marinha\/\" \/>\n<meta property=\"og:site_name\" content=\"Portosma\" \/>\n<meta property=\"article:published_time\" content=\"2025-10-16T18:48:32+00:00\" \/>\n<meta property=\"article:modified_time\" content=\"2025-10-16T19:09:53+00:00\" \/>\n<meta property=\"og:image\" content=\"https:\/\/portosma.com.br\/wp-content\/uploads\/2025\/10\/ATLANTICO-CAPA-DOIS.jpg\" \/>\n\t<meta property=\"og:image:width\" content=\"1200\" \/>\n\t<meta property=\"og:image:height\" content=\"499\" \/>\n\t<meta property=\"og:image:type\" content=\"image\/jpeg\" \/>\n<meta name=\"author\" content=\"admin\" \/>\n<meta name=\"twitter:card\" content=\"summary_large_image\" \/>\n<meta name=\"twitter:label1\" content=\"Escrito por\" \/>\n\t<meta name=\"twitter:data1\" content=\"admin\" \/>\n\t<meta name=\"twitter:label2\" content=\"Est. tempo de leitura\" \/>\n\t<meta name=\"twitter:data2\" content=\"12 minutos\" \/>\n<script type=\"application\/ld+json\" class=\"yoast-schema-graph\">{\"@context\":\"https:\/\/schema.org\",\"@graph\":[{\"@type\":\"Article\",\"@id\":\"https:\/\/portosma.com.br\/index.php\/2025\/10\/16\/porto-do-itaqui-recebe-o-maior-navio-de-guerra-da-marinha\/#article\",\"isPartOf\":{\"@id\":\"https:\/\/portosma.com.br\/index.php\/2025\/10\/16\/porto-do-itaqui-recebe-o-maior-navio-de-guerra-da-marinha\/\"},\"author\":{\"name\":\"admin\",\"@id\":\"https:\/\/portosma.com.br\/#\/schema\/person\/fb92dfe283ab47293259c87c813d8623\"},\"headline\":\"Porto do Itaqui recebe o maior navio de guerra da Marinha\",\"datePublished\":\"2025-10-16T18:48:32+00:00\",\"dateModified\":\"2025-10-16T19:09:53+00:00\",\"mainEntityOfPage\":{\"@id\":\"https:\/\/portosma.com.br\/index.php\/2025\/10\/16\/porto-do-itaqui-recebe-o-maior-navio-de-guerra-da-marinha\/\"},\"wordCount\":1142,\"publisher\":{\"@id\":\"https:\/\/portosma.com.br\/#organization\"},\"image\":{\"@id\":\"https:\/\/portosma.com.br\/index.php\/2025\/10\/16\/porto-do-itaqui-recebe-o-maior-navio-de-guerra-da-marinha\/#primaryimage\"},\"thumbnailUrl\":\"https:\/\/portosma.com.br\/wp-content\/uploads\/2025\/10\/ATLANTICO-CAPA-DOIS.jpg\",\"articleSection\":[\"Not\u00edcias\"],\"inLanguage\":\"pt-BR\"},{\"@type\":\"WebPage\",\"@id\":\"https:\/\/portosma.com.br\/index.php\/2025\/10\/16\/porto-do-itaqui-recebe-o-maior-navio-de-guerra-da-marinha\/\",\"url\":\"https:\/\/portosma.com.br\/index.php\/2025\/10\/16\/porto-do-itaqui-recebe-o-maior-navio-de-guerra-da-marinha\/\",\"name\":\"Porto do Itaqui recebe o maior navio de guerra da Marinha - Portosma\",\"isPartOf\":{\"@id\":\"https:\/\/portosma.com.br\/#website\"},\"primaryImageOfPage\":{\"@id\":\"https:\/\/portosma.com.br\/index.php\/2025\/10\/16\/porto-do-itaqui-recebe-o-maior-navio-de-guerra-da-marinha\/#primaryimage\"},\"image\":{\"@id\":\"https:\/\/portosma.com.br\/index.php\/2025\/10\/16\/porto-do-itaqui-recebe-o-maior-navio-de-guerra-da-marinha\/#primaryimage\"},\"thumbnailUrl\":\"https:\/\/portosma.com.br\/wp-content\/uploads\/2025\/10\/ATLANTICO-CAPA-DOIS.jpg\",\"datePublished\":\"2025-10-16T18:48:32+00:00\",\"dateModified\":\"2025-10-16T19:09:53+00:00\",\"breadcrumb\":{\"@id\":\"https:\/\/portosma.com.br\/index.php\/2025\/10\/16\/porto-do-itaqui-recebe-o-maior-navio-de-guerra-da-marinha\/#breadcrumb\"},\"inLanguage\":\"pt-BR\",\"potentialAction\":[{\"@type\":\"ReadAction\",\"target\":[\"https:\/\/portosma.com.br\/index.php\/2025\/10\/16\/porto-do-itaqui-recebe-o-maior-navio-de-guerra-da-marinha\/\"]}]},{\"@type\":\"ImageObject\",\"inLanguage\":\"pt-BR\",\"@id\":\"https:\/\/portosma.com.br\/index.php\/2025\/10\/16\/porto-do-itaqui-recebe-o-maior-navio-de-guerra-da-marinha\/#primaryimage\",\"url\":\"https:\/\/portosma.com.br\/wp-content\/uploads\/2025\/10\/ATLANTICO-CAPA-DOIS.jpg\",\"contentUrl\":\"https:\/\/portosma.com.br\/wp-content\/uploads\/2025\/10\/ATLANTICO-CAPA-DOIS.jpg\",\"width\":1200,\"height\":499},{\"@type\":\"BreadcrumbList\",\"@id\":\"https:\/\/portosma.com.br\/index.php\/2025\/10\/16\/porto-do-itaqui-recebe-o-maior-navio-de-guerra-da-marinha\/#breadcrumb\",\"itemListElement\":[{\"@type\":\"ListItem\",\"position\":1,\"name\":\"In\u00edcio\",\"item\":\"https:\/\/portosma.com.br\/\"},{\"@type\":\"ListItem\",\"position\":2,\"name\":\"Porto do Itaqui recebe o maior navio de guerra da Marinha\"}]},{\"@type\":\"WebSite\",\"@id\":\"https:\/\/portosma.com.br\/#website\",\"url\":\"https:\/\/portosma.com.br\/\",\"name\":\"Portosma\",\"description\":\"Um site de not\u00edcias\",\"publisher\":{\"@id\":\"https:\/\/portosma.com.br\/#organization\"},\"potentialAction\":[{\"@type\":\"SearchAction\",\"target\":{\"@type\":\"EntryPoint\",\"urlTemplate\":\"https:\/\/portosma.com.br\/?s={search_term_string}\"},\"query-input\":\"required name=search_term_string\"}],\"inLanguage\":\"pt-BR\"},{\"@type\":\"Organization\",\"@id\":\"https:\/\/portosma.com.br\/#organization\",\"name\":\"Portosma\",\"alternateName\":\"Portosma\",\"url\":\"https:\/\/portosma.com.br\/\",\"logo\":{\"@type\":\"ImageObject\",\"inLanguage\":\"pt-BR\",\"@id\":\"https:\/\/portosma.com.br\/#\/schema\/logo\/image\/\",\"url\":\"https:\/\/portosma.com.br\/wp-content\/uploads\/2026\/03\/cropped-AD-PORTOSMA.jpg\",\"contentUrl\":\"https:\/\/portosma.com.br\/wp-content\/uploads\/2026\/03\/cropped-AD-PORTOSMA.jpg\",\"width\":400,\"height\":115,\"caption\":\"Portosma\"},\"image\":{\"@id\":\"https:\/\/portosma.com.br\/#\/schema\/logo\/image\/\"}},{\"@type\":\"Person\",\"@id\":\"https:\/\/portosma.com.br\/#\/schema\/person\/fb92dfe283ab47293259c87c813d8623\",\"name\":\"admin\",\"sameAs\":[\"https:\/\/portosma.com.br\"],\"url\":\"https:\/\/portosma.com.br\/index.php\/author\/portosma\/\"}]}<\/script>\n<!-- \/ Yoast SEO plugin. -->","yoast_head_json":{"title":"Porto do Itaqui recebe o maior navio de guerra da Marinha - Portosma","robots":{"index":"index","follow":"follow","max-snippet":"max-snippet:-1","max-image-preview":"max-image-preview:large","max-video-preview":"max-video-preview:-1"},"canonical":"https:\/\/portosma.com.br\/index.php\/2025\/10\/16\/porto-do-itaqui-recebe-o-maior-navio-de-guerra-da-marinha\/","og_locale":"pt_BR","og_type":"article","og_title":"Porto do Itaqui recebe o maior navio de guerra da Marinha - Portosma","og_description":"Navio-Aer\u00f3dromo \u201cAtl\u00e2ntico\u201d Capit\u00e2nia da Esquadra Brasileira, recebeu convidados especiais para a \"Cerim\u00f4nia \u00e0 Bandeira Narrado ao Por do Sol\u201d","og_url":"https:\/\/portosma.com.br\/index.php\/2025\/10\/16\/porto-do-itaqui-recebe-o-maior-navio-de-guerra-da-marinha\/","og_site_name":"Portosma","article_published_time":"2025-10-16T18:48:32+00:00","article_modified_time":"2025-10-16T19:09:53+00:00","og_image":[{"width":1200,"height":499,"url":"https:\/\/portosma.com.br\/wp-content\/uploads\/2025\/10\/ATLANTICO-CAPA-DOIS.jpg","type":"image\/jpeg"}],"author":"admin","twitter_card":"summary_large_image","twitter_misc":{"Escrito por":"admin","Est. tempo de leitura":"12 minutos"},"schema":{"@context":"https:\/\/schema.org","@graph":[{"@type":"Article","@id":"https:\/\/portosma.com.br\/index.php\/2025\/10\/16\/porto-do-itaqui-recebe-o-maior-navio-de-guerra-da-marinha\/#article","isPartOf":{"@id":"https:\/\/portosma.com.br\/index.php\/2025\/10\/16\/porto-do-itaqui-recebe-o-maior-navio-de-guerra-da-marinha\/"},"author":{"name":"admin","@id":"https:\/\/portosma.com.br\/#\/schema\/person\/fb92dfe283ab47293259c87c813d8623"},"headline":"Porto do Itaqui recebe o maior navio de guerra da Marinha","datePublished":"2025-10-16T18:48:32+00:00","dateModified":"2025-10-16T19:09:53+00:00","mainEntityOfPage":{"@id":"https:\/\/portosma.com.br\/index.php\/2025\/10\/16\/porto-do-itaqui-recebe-o-maior-navio-de-guerra-da-marinha\/"},"wordCount":1142,"publisher":{"@id":"https:\/\/portosma.com.br\/#organization"},"image":{"@id":"https:\/\/portosma.com.br\/index.php\/2025\/10\/16\/porto-do-itaqui-recebe-o-maior-navio-de-guerra-da-marinha\/#primaryimage"},"thumbnailUrl":"https:\/\/portosma.com.br\/wp-content\/uploads\/2025\/10\/ATLANTICO-CAPA-DOIS.jpg","articleSection":["Not\u00edcias"],"inLanguage":"pt-BR"},{"@type":"WebPage","@id":"https:\/\/portosma.com.br\/index.php\/2025\/10\/16\/porto-do-itaqui-recebe-o-maior-navio-de-guerra-da-marinha\/","url":"https:\/\/portosma.com.br\/index.php\/2025\/10\/16\/porto-do-itaqui-recebe-o-maior-navio-de-guerra-da-marinha\/","name":"Porto do Itaqui recebe o maior navio de guerra da Marinha - Portosma","isPartOf":{"@id":"https:\/\/portosma.com.br\/#website"},"primaryImageOfPage":{"@id":"https:\/\/portosma.com.br\/index.php\/2025\/10\/16\/porto-do-itaqui-recebe-o-maior-navio-de-guerra-da-marinha\/#primaryimage"},"image":{"@id":"https:\/\/portosma.com.br\/index.php\/2025\/10\/16\/porto-do-itaqui-recebe-o-maior-navio-de-guerra-da-marinha\/#primaryimage"},"thumbnailUrl":"https:\/\/portosma.com.br\/wp-content\/uploads\/2025\/10\/ATLANTICO-CAPA-DOIS.jpg","datePublished":"2025-10-16T18:48:32+00:00","dateModified":"2025-10-16T19:09:53+00:00","breadcrumb":{"@id":"https:\/\/portosma.com.br\/index.php\/2025\/10\/16\/porto-do-itaqui-recebe-o-maior-navio-de-guerra-da-marinha\/#breadcrumb"},"inLanguage":"pt-BR","potentialAction":[{"@type":"ReadAction","target":["https:\/\/portosma.com.br\/index.php\/2025\/10\/16\/porto-do-itaqui-recebe-o-maior-navio-de-guerra-da-marinha\/"]}]},{"@type":"ImageObject","inLanguage":"pt-BR","@id":"https:\/\/portosma.com.br\/index.php\/2025\/10\/16\/porto-do-itaqui-recebe-o-maior-navio-de-guerra-da-marinha\/#primaryimage","url":"https:\/\/portosma.com.br\/wp-content\/uploads\/2025\/10\/ATLANTICO-CAPA-DOIS.jpg","contentUrl":"https:\/\/portosma.com.br\/wp-content\/uploads\/2025\/10\/ATLANTICO-CAPA-DOIS.jpg","width":1200,"height":499},{"@type":"BreadcrumbList","@id":"https:\/\/portosma.com.br\/index.php\/2025\/10\/16\/porto-do-itaqui-recebe-o-maior-navio-de-guerra-da-marinha\/#breadcrumb","itemListElement":[{"@type":"ListItem","position":1,"name":"In\u00edcio","item":"https:\/\/portosma.com.br\/"},{"@type":"ListItem","position":2,"name":"Porto do Itaqui recebe o maior navio de guerra da Marinha"}]},{"@type":"WebSite","@id":"https:\/\/portosma.com.br\/#website","url":"https:\/\/portosma.com.br\/","name":"Portosma","description":"Um site de not\u00edcias","publisher":{"@id":"https:\/\/portosma.com.br\/#organization"},"potentialAction":[{"@type":"SearchAction","target":{"@type":"EntryPoint","urlTemplate":"https:\/\/portosma.com.br\/?s={search_term_string}"},"query-input":"required name=search_term_string"}],"inLanguage":"pt-BR"},{"@type":"Organization","@id":"https:\/\/portosma.com.br\/#organization","name":"Portosma","alternateName":"Portosma","url":"https:\/\/portosma.com.br\/","logo":{"@type":"ImageObject","inLanguage":"pt-BR","@id":"https:\/\/portosma.com.br\/#\/schema\/logo\/image\/","url":"https:\/\/portosma.com.br\/wp-content\/uploads\/2026\/03\/cropped-AD-PORTOSMA.jpg","contentUrl":"https:\/\/portosma.com.br\/wp-content\/uploads\/2026\/03\/cropped-AD-PORTOSMA.jpg","width":400,"height":115,"caption":"Portosma"},"image":{"@id":"https:\/\/portosma.com.br\/#\/schema\/logo\/image\/"}},{"@type":"Person","@id":"https:\/\/portosma.com.br\/#\/schema\/person\/fb92dfe283ab47293259c87c813d8623","name":"admin","sameAs":["https:\/\/portosma.com.br"],"url":"https:\/\/portosma.com.br\/index.php\/author\/portosma\/"}]}},"_links":{"self":[{"href":"https:\/\/portosma.com.br\/index.php\/wp-json\/wp\/v2\/posts\/25713","targetHints":{"allow":["GET"]}}],"collection":[{"href":"https:\/\/portosma.com.br\/index.php\/wp-json\/wp\/v2\/posts"}],"about":[{"href":"https:\/\/portosma.com.br\/index.php\/wp-json\/wp\/v2\/types\/post"}],"author":[{"embeddable":true,"href":"https:\/\/portosma.com.br\/index.php\/wp-json\/wp\/v2\/users\/1"}],"replies":[{"embeddable":true,"href":"https:\/\/portosma.com.br\/index.php\/wp-json\/wp\/v2\/comments?post=25713"}],"version-history":[{"count":7,"href":"https:\/\/portosma.com.br\/index.php\/wp-json\/wp\/v2\/posts\/25713\/revisions"}],"predecessor-version":[{"id":25751,"href":"https:\/\/portosma.com.br\/index.php\/wp-json\/wp\/v2\/posts\/25713\/revisions\/25751"}],"wp:featuredmedia":[{"embeddable":true,"href":"https:\/\/portosma.com.br\/index.php\/wp-json\/wp\/v2\/media\/25714"}],"wp:attachment":[{"href":"https:\/\/portosma.com.br\/index.php\/wp-json\/wp\/v2\/media?parent=25713"}],"wp:term":[{"taxonomy":"category","embeddable":true,"href":"https:\/\/portosma.com.br\/index.php\/wp-json\/wp\/v2\/categories?post=25713"},{"taxonomy":"post_tag","embeddable":true,"href":"https:\/\/portosma.com.br\/index.php\/wp-json\/wp\/v2\/tags?post=25713"}],"curies":[{"name":"wp","href":"https:\/\/api.w.org\/{rel}","templated":true}]}}