{"id":24948,"date":"2025-09-13T11:54:50","date_gmt":"2025-09-13T11:54:50","guid":{"rendered":"https:\/\/portosma.com.br\/?p=24948"},"modified":"2025-09-13T11:56:14","modified_gmt":"2025-09-13T11:56:14","slug":"porto-do-itaqui-registra-movimentacao-historica-em-agosto","status":"publish","type":"post","link":"https:\/\/portosma.com.br\/index.php\/2025\/09\/13\/porto-do-itaqui-registra-movimentacao-historica-em-agosto\/","title":{"rendered":"O porto do Itaqui registra uma movimenta\u00e7\u00e3o hist\u00f3rica em agosto"},"content":{"rendered":"<p>O m\u00eas de agosto de 2025 entrou para a hist\u00f3ria do Porto do Itaqui como o per\u00edodo de maior movimenta\u00e7\u00e3o mensal de todos os tempos. Com 3,85 milh\u00f5es de toneladas movimentadas, o porto superou em 7% o desempenho de agosto de 2024 e ficou 8,9% acima da meta planejada para o m\u00eas. Em julho deste ano, o Itaqui j\u00e1 tinha alcan\u00e7ado o melhor recorde da sua hist\u00f3ria, fato que comprova a evolu\u00e7\u00e3o das opera\u00e7\u00f5es a cada m\u00eas.<\/p>\n<p>No acumulado de 2025 (janeiro a agosto), o porto j\u00e1 movimentou 24,9 milh\u00f5es de toneladas, crescimento de 8% em rela\u00e7\u00e3o ao mesmo per\u00edodo de 2024 e 5% acima do planejado. \u201cO desempenho cont\u00ednuo do Itaqui reflete a efici\u00eancia das opera\u00e7\u00f5es e o compromisso de profissionais que constroem esse porto com excel\u00eancia todos os dias. Juntos, seguimos conectando o Maranh\u00e3o ao mundo e fortalecendo nosso papel estrat\u00e9gico\u201d, explicou a presidente em exerc\u00edcio do Porto do Itaqui, Isa Mary Mendon\u00e7a.<\/p>\n<p><strong>Soja em destaque<\/strong> &#8211; A movimenta\u00e7\u00e3o de gran\u00e9is s\u00f3lidos ganhou destaque, ultrapassando a marca de 3 milh\u00f5es de toneladas. O principal produto respons\u00e1vel por esse desempenho foi a soja (+9%), com 1,73 milh\u00e3o de toneladas movimentadas. Outros produtos como fertilizantes (+21%), ferro gusa (+ 9%) e cobre (+ 10%) tamb\u00e9m contribu\u00edram para o resultado.<\/p>\n<p><strong>Gran\u00e9is l\u00edquidos em alta<\/strong> &#8211;&nbsp; O segmento de gran\u00e9is l\u00edquidos teve um desempenho expressivo, com 751 mil toneladas movimentadas, sendo 12% acima de agosto de 2024 e 8,7% acima do planejado. S\u00f3 de mercado entreposto, foram 345 mil toneladas, representando um crescimento de 116% em rela\u00e7\u00e3o ao ano anterior. As opera\u00e7\u00f5es ship-to-ship nos ber\u00e7os 106 e 108 foram fundamentais para esse resultado. &#8220;Superamos todas as expectativas em agosto. Da beira do cais aos setores administrativos, cada fluxo interno \u00e9 monitorado com organiza\u00e7\u00e3o para chegarmos a esse n\u00famero. \u00c9 a busca cont\u00ednua por excel\u00eancia que impulsiona o avan\u00e7o do porto&#8221;, destacou o diretor de opera\u00e7\u00f5es do Itaqui, Carlos Frisoli.<\/p>\n<p><img fetchpriority=\"high\" decoding=\"async\" class=\"alignnone wp-image-24950 size-full\" src=\"https:\/\/portosma.com.br\/wp-content\/uploads\/2025\/09\/AGOSTO-DOIS.jpg\" alt=\"\" width=\"900\" height=\"583\" srcset=\"https:\/\/portosma.com.br\/wp-content\/uploads\/2025\/09\/AGOSTO-DOIS.jpg 900w, https:\/\/portosma.com.br\/wp-content\/uploads\/2025\/09\/AGOSTO-DOIS-300x194.jpg 300w, https:\/\/portosma.com.br\/wp-content\/uploads\/2025\/09\/AGOSTO-DOIS-768x497.jpg 768w\" sizes=\"(max-width: 900px) 100vw, 900px\" \/><\/p>\n<h4><strong>Movimenta\u00e7\u00e3o por Tipo de Carga \u2013 Agosto <\/strong><\/h4>\n<p><span style=\"color: #800000;\"><strong>SOJA <\/strong><\/span><\/p>\n<p>* ** Movimentado no m\u00eas: 1.729.798 toneladas<br \/>\n* ** Acumulado no ano: 12.506.218 toneladas<br \/>\n* ** Varia\u00e7\u00e3o: 9% a mais em rela\u00e7\u00e3o ao ano anterior<\/p>\n<p><span style=\"color: #800000;\"><strong>FERTILIZANTES <\/strong><\/span><\/p>\n<p>* ** Movimentado no m\u00eas: 448.517 toneladas<br \/>\n* ** Acumulado no ano: 2.820.006 toneladas<br \/>\n* ** Varia\u00e7\u00e3o: 21% a mais em rela\u00e7\u00e3o ao ano anterior&nbsp;<\/p>\n<p><span style=\"color: #800000;\"><strong>MILHO <\/strong><\/span><\/p>\n<p>* ** Movimentado no m\u00eas: 591.548 toneladas<br \/>\n* ** Acumulado no ano: 1.093.350 toneladas<\/p>\n<p><span style=\"color: #800000;\"><strong>COBRE <\/strong><\/span><\/p>\n<p>* ** Movimentado no m\u00eas: 81.594 toneladas<br \/>\n* ** Acumulado no ano: 611.499 toneladas<br \/>\n* ** Varia\u00e7\u00e3o: 10% a mais em rela\u00e7\u00e3o ao ano anterior&nbsp;<\/p>\n<p><span style=\"color: #800000;\"><strong>FERRO GUSA <\/strong><\/span><\/p>\n<p>* ** Movimentado no m\u00eas: 58.977 toneladas<br \/>\n* ** Acumulado no ano: 426.890 toneladas<br \/>\n* ** Varia\u00e7\u00e3o: 9% a mais em rela\u00e7\u00e3o ao ano anterior<\/p>\n","protected":false},"excerpt":{"rendered":"<p>Com 3,85 milh\u00f5es de toneladas operacionalizadas, o Complexo Portu\u00e1rio do Itaqui registra a sua maior movimenta\u00e7\u00e3o mensal de todos os tempos.<\/p>\n","protected":false},"author":1,"featured_media":24949,"comment_status":"closed","ping_status":"open","sticky":false,"template":"","format":"standard","meta":{"_editorskit_title_hidden":false,"_editorskit_reading_time":0,"_editorskit_is_block_options_detached":false,"_editorskit_block_options_position":"{}","ngg_post_thumbnail":0,"footnotes":""},"categories":[1],"tags":[],"class_list":["post-24948","post","type-post","status-publish","format-standard","has-post-thumbnail","hentry","category-noticias"],"yoast_head":"<!-- This site is optimized with the Yoast SEO plugin v22.5 - https:\/\/yoast.com\/wordpress\/plugins\/seo\/ -->\n<title>O porto do Itaqui registra uma movimenta\u00e7\u00e3o hist\u00f3rica em agosto - Portosma<\/title>\n<meta name=\"robots\" content=\"index, follow, max-snippet:-1, max-image-preview:large, max-video-preview:-1\" \/>\n<link rel=\"canonical\" href=\"https:\/\/portosma.com.br\/index.php\/2025\/09\/13\/porto-do-itaqui-registra-movimentacao-historica-em-agosto\/\" \/>\n<meta property=\"og:locale\" content=\"pt_BR\" \/>\n<meta property=\"og:type\" content=\"article\" \/>\n<meta property=\"og:title\" content=\"O porto do Itaqui registra uma movimenta\u00e7\u00e3o hist\u00f3rica em agosto - Portosma\" \/>\n<meta property=\"og:description\" content=\"Com 3,85 milh\u00f5es de toneladas operacionalizadas, o Complexo Portu\u00e1rio do Itaqui registra a sua maior movimenta\u00e7\u00e3o mensal de todos os tempos.\" \/>\n<meta property=\"og:url\" content=\"https:\/\/portosma.com.br\/index.php\/2025\/09\/13\/porto-do-itaqui-registra-movimentacao-historica-em-agosto\/\" \/>\n<meta property=\"og:site_name\" content=\"Portosma\" \/>\n<meta property=\"article:published_time\" content=\"2025-09-13T11:54:50+00:00\" \/>\n<meta property=\"article:modified_time\" content=\"2025-09-13T11:56:14+00:00\" \/>\n<meta property=\"og:image\" content=\"https:\/\/portosma.com.br\/wp-content\/uploads\/2025\/09\/AGOSTO-UM.jpg\" \/>\n\t<meta property=\"og:image:width\" content=\"1200\" \/>\n\t<meta property=\"og:image:height\" content=\"547\" \/>\n\t<meta property=\"og:image:type\" content=\"image\/jpeg\" \/>\n<meta name=\"author\" content=\"admin\" \/>\n<meta name=\"twitter:card\" content=\"summary_large_image\" \/>\n<meta name=\"twitter:label1\" content=\"Escrito por\" \/>\n\t<meta name=\"twitter:data1\" content=\"admin\" \/>\n\t<meta name=\"twitter:label2\" content=\"Est. tempo de leitura\" \/>\n\t<meta name=\"twitter:data2\" content=\"3 minutos\" \/>\n<script type=\"application\/ld+json\" class=\"yoast-schema-graph\">{\"@context\":\"https:\/\/schema.org\",\"@graph\":[{\"@type\":\"Article\",\"@id\":\"https:\/\/portosma.com.br\/index.php\/2025\/09\/13\/porto-do-itaqui-registra-movimentacao-historica-em-agosto\/#article\",\"isPartOf\":{\"@id\":\"https:\/\/portosma.com.br\/index.php\/2025\/09\/13\/porto-do-itaqui-registra-movimentacao-historica-em-agosto\/\"},\"author\":{\"name\":\"admin\",\"@id\":\"https:\/\/portosma.com.br\/#\/schema\/person\/fb92dfe283ab47293259c87c813d8623\"},\"headline\":\"O porto do Itaqui registra uma movimenta\u00e7\u00e3o hist\u00f3rica em agosto\",\"datePublished\":\"2025-09-13T11:54:50+00:00\",\"dateModified\":\"2025-09-13T11:56:14+00:00\",\"mainEntityOfPage\":{\"@id\":\"https:\/\/portosma.com.br\/index.php\/2025\/09\/13\/porto-do-itaqui-registra-movimentacao-historica-em-agosto\/\"},\"wordCount\":445,\"publisher\":{\"@id\":\"https:\/\/portosma.com.br\/#organization\"},\"image\":{\"@id\":\"https:\/\/portosma.com.br\/index.php\/2025\/09\/13\/porto-do-itaqui-registra-movimentacao-historica-em-agosto\/#primaryimage\"},\"thumbnailUrl\":\"https:\/\/portosma.com.br\/wp-content\/uploads\/2025\/09\/AGOSTO-UM.jpg\",\"articleSection\":[\"Not\u00edcias\"],\"inLanguage\":\"pt-BR\"},{\"@type\":\"WebPage\",\"@id\":\"https:\/\/portosma.com.br\/index.php\/2025\/09\/13\/porto-do-itaqui-registra-movimentacao-historica-em-agosto\/\",\"url\":\"https:\/\/portosma.com.br\/index.php\/2025\/09\/13\/porto-do-itaqui-registra-movimentacao-historica-em-agosto\/\",\"name\":\"O porto do Itaqui registra uma movimenta\u00e7\u00e3o hist\u00f3rica em agosto - Portosma\",\"isPartOf\":{\"@id\":\"https:\/\/portosma.com.br\/#website\"},\"primaryImageOfPage\":{\"@id\":\"https:\/\/portosma.com.br\/index.php\/2025\/09\/13\/porto-do-itaqui-registra-movimentacao-historica-em-agosto\/#primaryimage\"},\"image\":{\"@id\":\"https:\/\/portosma.com.br\/index.php\/2025\/09\/13\/porto-do-itaqui-registra-movimentacao-historica-em-agosto\/#primaryimage\"},\"thumbnailUrl\":\"https:\/\/portosma.com.br\/wp-content\/uploads\/2025\/09\/AGOSTO-UM.jpg\",\"datePublished\":\"2025-09-13T11:54:50+00:00\",\"dateModified\":\"2025-09-13T11:56:14+00:00\",\"breadcrumb\":{\"@id\":\"https:\/\/portosma.com.br\/index.php\/2025\/09\/13\/porto-do-itaqui-registra-movimentacao-historica-em-agosto\/#breadcrumb\"},\"inLanguage\":\"pt-BR\",\"potentialAction\":[{\"@type\":\"ReadAction\",\"target\":[\"https:\/\/portosma.com.br\/index.php\/2025\/09\/13\/porto-do-itaqui-registra-movimentacao-historica-em-agosto\/\"]}]},{\"@type\":\"ImageObject\",\"inLanguage\":\"pt-BR\",\"@id\":\"https:\/\/portosma.com.br\/index.php\/2025\/09\/13\/porto-do-itaqui-registra-movimentacao-historica-em-agosto\/#primaryimage\",\"url\":\"https:\/\/portosma.com.br\/wp-content\/uploads\/2025\/09\/AGOSTO-UM.jpg\",\"contentUrl\":\"https:\/\/portosma.com.br\/wp-content\/uploads\/2025\/09\/AGOSTO-UM.jpg\",\"width\":1200,\"height\":547},{\"@type\":\"BreadcrumbList\",\"@id\":\"https:\/\/portosma.com.br\/index.php\/2025\/09\/13\/porto-do-itaqui-registra-movimentacao-historica-em-agosto\/#breadcrumb\",\"itemListElement\":[{\"@type\":\"ListItem\",\"position\":1,\"name\":\"In\u00edcio\",\"item\":\"https:\/\/portosma.com.br\/\"},{\"@type\":\"ListItem\",\"position\":2,\"name\":\"O porto do Itaqui registra uma movimenta\u00e7\u00e3o hist\u00f3rica em agosto\"}]},{\"@type\":\"WebSite\",\"@id\":\"https:\/\/portosma.com.br\/#website\",\"url\":\"https:\/\/portosma.com.br\/\",\"name\":\"Portosma\",\"description\":\"Um site de not\u00edcias\",\"publisher\":{\"@id\":\"https:\/\/portosma.com.br\/#organization\"},\"potentialAction\":[{\"@type\":\"SearchAction\",\"target\":{\"@type\":\"EntryPoint\",\"urlTemplate\":\"https:\/\/portosma.com.br\/?s={search_term_string}\"},\"query-input\":\"required name=search_term_string\"}],\"inLanguage\":\"pt-BR\"},{\"@type\":\"Organization\",\"@id\":\"https:\/\/portosma.com.br\/#organization\",\"name\":\"Portosma\",\"alternateName\":\"Portosma\",\"url\":\"https:\/\/portosma.com.br\/\",\"logo\":{\"@type\":\"ImageObject\",\"inLanguage\":\"pt-BR\",\"@id\":\"https:\/\/portosma.com.br\/#\/schema\/logo\/image\/\",\"url\":\"https:\/\/portosma.com.br\/wp-content\/uploads\/2026\/03\/cropped-AD-PORTOSMA.jpg\",\"contentUrl\":\"https:\/\/portosma.com.br\/wp-content\/uploads\/2026\/03\/cropped-AD-PORTOSMA.jpg\",\"width\":400,\"height\":115,\"caption\":\"Portosma\"},\"image\":{\"@id\":\"https:\/\/portosma.com.br\/#\/schema\/logo\/image\/\"}},{\"@type\":\"Person\",\"@id\":\"https:\/\/portosma.com.br\/#\/schema\/person\/fb92dfe283ab47293259c87c813d8623\",\"name\":\"admin\",\"sameAs\":[\"https:\/\/portosma.com.br\"],\"url\":\"https:\/\/portosma.com.br\/index.php\/author\/portosma\/\"}]}<\/script>\n<!-- \/ Yoast SEO plugin. -->","yoast_head_json":{"title":"O porto do Itaqui registra uma movimenta\u00e7\u00e3o hist\u00f3rica em agosto - Portosma","robots":{"index":"index","follow":"follow","max-snippet":"max-snippet:-1","max-image-preview":"max-image-preview:large","max-video-preview":"max-video-preview:-1"},"canonical":"https:\/\/portosma.com.br\/index.php\/2025\/09\/13\/porto-do-itaqui-registra-movimentacao-historica-em-agosto\/","og_locale":"pt_BR","og_type":"article","og_title":"O porto do Itaqui registra uma movimenta\u00e7\u00e3o hist\u00f3rica em agosto - Portosma","og_description":"Com 3,85 milh\u00f5es de toneladas operacionalizadas, o Complexo Portu\u00e1rio do Itaqui registra a sua maior movimenta\u00e7\u00e3o mensal de todos os tempos.","og_url":"https:\/\/portosma.com.br\/index.php\/2025\/09\/13\/porto-do-itaqui-registra-movimentacao-historica-em-agosto\/","og_site_name":"Portosma","article_published_time":"2025-09-13T11:54:50+00:00","article_modified_time":"2025-09-13T11:56:14+00:00","og_image":[{"width":1200,"height":547,"url":"https:\/\/portosma.com.br\/wp-content\/uploads\/2025\/09\/AGOSTO-UM.jpg","type":"image\/jpeg"}],"author":"admin","twitter_card":"summary_large_image","twitter_misc":{"Escrito por":"admin","Est. tempo de leitura":"3 minutos"},"schema":{"@context":"https:\/\/schema.org","@graph":[{"@type":"Article","@id":"https:\/\/portosma.com.br\/index.php\/2025\/09\/13\/porto-do-itaqui-registra-movimentacao-historica-em-agosto\/#article","isPartOf":{"@id":"https:\/\/portosma.com.br\/index.php\/2025\/09\/13\/porto-do-itaqui-registra-movimentacao-historica-em-agosto\/"},"author":{"name":"admin","@id":"https:\/\/portosma.com.br\/#\/schema\/person\/fb92dfe283ab47293259c87c813d8623"},"headline":"O porto do Itaqui registra uma movimenta\u00e7\u00e3o hist\u00f3rica em agosto","datePublished":"2025-09-13T11:54:50+00:00","dateModified":"2025-09-13T11:56:14+00:00","mainEntityOfPage":{"@id":"https:\/\/portosma.com.br\/index.php\/2025\/09\/13\/porto-do-itaqui-registra-movimentacao-historica-em-agosto\/"},"wordCount":445,"publisher":{"@id":"https:\/\/portosma.com.br\/#organization"},"image":{"@id":"https:\/\/portosma.com.br\/index.php\/2025\/09\/13\/porto-do-itaqui-registra-movimentacao-historica-em-agosto\/#primaryimage"},"thumbnailUrl":"https:\/\/portosma.com.br\/wp-content\/uploads\/2025\/09\/AGOSTO-UM.jpg","articleSection":["Not\u00edcias"],"inLanguage":"pt-BR"},{"@type":"WebPage","@id":"https:\/\/portosma.com.br\/index.php\/2025\/09\/13\/porto-do-itaqui-registra-movimentacao-historica-em-agosto\/","url":"https:\/\/portosma.com.br\/index.php\/2025\/09\/13\/porto-do-itaqui-registra-movimentacao-historica-em-agosto\/","name":"O porto do Itaqui registra uma movimenta\u00e7\u00e3o hist\u00f3rica em agosto - Portosma","isPartOf":{"@id":"https:\/\/portosma.com.br\/#website"},"primaryImageOfPage":{"@id":"https:\/\/portosma.com.br\/index.php\/2025\/09\/13\/porto-do-itaqui-registra-movimentacao-historica-em-agosto\/#primaryimage"},"image":{"@id":"https:\/\/portosma.com.br\/index.php\/2025\/09\/13\/porto-do-itaqui-registra-movimentacao-historica-em-agosto\/#primaryimage"},"thumbnailUrl":"https:\/\/portosma.com.br\/wp-content\/uploads\/2025\/09\/AGOSTO-UM.jpg","datePublished":"2025-09-13T11:54:50+00:00","dateModified":"2025-09-13T11:56:14+00:00","breadcrumb":{"@id":"https:\/\/portosma.com.br\/index.php\/2025\/09\/13\/porto-do-itaqui-registra-movimentacao-historica-em-agosto\/#breadcrumb"},"inLanguage":"pt-BR","potentialAction":[{"@type":"ReadAction","target":["https:\/\/portosma.com.br\/index.php\/2025\/09\/13\/porto-do-itaqui-registra-movimentacao-historica-em-agosto\/"]}]},{"@type":"ImageObject","inLanguage":"pt-BR","@id":"https:\/\/portosma.com.br\/index.php\/2025\/09\/13\/porto-do-itaqui-registra-movimentacao-historica-em-agosto\/#primaryimage","url":"https:\/\/portosma.com.br\/wp-content\/uploads\/2025\/09\/AGOSTO-UM.jpg","contentUrl":"https:\/\/portosma.com.br\/wp-content\/uploads\/2025\/09\/AGOSTO-UM.jpg","width":1200,"height":547},{"@type":"BreadcrumbList","@id":"https:\/\/portosma.com.br\/index.php\/2025\/09\/13\/porto-do-itaqui-registra-movimentacao-historica-em-agosto\/#breadcrumb","itemListElement":[{"@type":"ListItem","position":1,"name":"In\u00edcio","item":"https:\/\/portosma.com.br\/"},{"@type":"ListItem","position":2,"name":"O porto do Itaqui registra uma movimenta\u00e7\u00e3o hist\u00f3rica em agosto"}]},{"@type":"WebSite","@id":"https:\/\/portosma.com.br\/#website","url":"https:\/\/portosma.com.br\/","name":"Portosma","description":"Um site de not\u00edcias","publisher":{"@id":"https:\/\/portosma.com.br\/#organization"},"potentialAction":[{"@type":"SearchAction","target":{"@type":"EntryPoint","urlTemplate":"https:\/\/portosma.com.br\/?s={search_term_string}"},"query-input":"required name=search_term_string"}],"inLanguage":"pt-BR"},{"@type":"Organization","@id":"https:\/\/portosma.com.br\/#organization","name":"Portosma","alternateName":"Portosma","url":"https:\/\/portosma.com.br\/","logo":{"@type":"ImageObject","inLanguage":"pt-BR","@id":"https:\/\/portosma.com.br\/#\/schema\/logo\/image\/","url":"https:\/\/portosma.com.br\/wp-content\/uploads\/2026\/03\/cropped-AD-PORTOSMA.jpg","contentUrl":"https:\/\/portosma.com.br\/wp-content\/uploads\/2026\/03\/cropped-AD-PORTOSMA.jpg","width":400,"height":115,"caption":"Portosma"},"image":{"@id":"https:\/\/portosma.com.br\/#\/schema\/logo\/image\/"}},{"@type":"Person","@id":"https:\/\/portosma.com.br\/#\/schema\/person\/fb92dfe283ab47293259c87c813d8623","name":"admin","sameAs":["https:\/\/portosma.com.br"],"url":"https:\/\/portosma.com.br\/index.php\/author\/portosma\/"}]}},"_links":{"self":[{"href":"https:\/\/portosma.com.br\/index.php\/wp-json\/wp\/v2\/posts\/24948","targetHints":{"allow":["GET"]}}],"collection":[{"href":"https:\/\/portosma.com.br\/index.php\/wp-json\/wp\/v2\/posts"}],"about":[{"href":"https:\/\/portosma.com.br\/index.php\/wp-json\/wp\/v2\/types\/post"}],"author":[{"embeddable":true,"href":"https:\/\/portosma.com.br\/index.php\/wp-json\/wp\/v2\/users\/1"}],"replies":[{"embeddable":true,"href":"https:\/\/portosma.com.br\/index.php\/wp-json\/wp\/v2\/comments?post=24948"}],"version-history":[{"count":3,"href":"https:\/\/portosma.com.br\/index.php\/wp-json\/wp\/v2\/posts\/24948\/revisions"}],"predecessor-version":[{"id":24953,"href":"https:\/\/portosma.com.br\/index.php\/wp-json\/wp\/v2\/posts\/24948\/revisions\/24953"}],"wp:featuredmedia":[{"embeddable":true,"href":"https:\/\/portosma.com.br\/index.php\/wp-json\/wp\/v2\/media\/24949"}],"wp:attachment":[{"href":"https:\/\/portosma.com.br\/index.php\/wp-json\/wp\/v2\/media?parent=24948"}],"wp:term":[{"taxonomy":"category","embeddable":true,"href":"https:\/\/portosma.com.br\/index.php\/wp-json\/wp\/v2\/categories?post=24948"},{"taxonomy":"post_tag","embeddable":true,"href":"https:\/\/portosma.com.br\/index.php\/wp-json\/wp\/v2\/tags?post=24948"}],"curies":[{"name":"wp","href":"https:\/\/api.w.org\/{rel}","templated":true}]}}