{"id":24410,"date":"2025-08-16T12:40:31","date_gmt":"2025-08-16T12:40:31","guid":{"rendered":"https:\/\/portosma.com.br\/?p=24410"},"modified":"2025-08-16T12:44:41","modified_gmt":"2025-08-16T12:44:41","slug":"vli-recebe-premio-de-inovacao-juridica-da-associacao-brasileira-de-lawtechs-e-legaltechs","status":"publish","type":"post","link":"https:\/\/portosma.com.br\/index.php\/2025\/08\/16\/vli-recebe-premio-de-inovacao-juridica-da-associacao-brasileira-de-lawtechs-e-legaltechs\/","title":{"rendered":"VLI recebe pr\u00eamio de inova\u00e7\u00e3o jur\u00eddica da ABL e Legaltechs"},"content":{"rendered":"<p>A VLI \u2013 companhia de solu\u00e7\u00f5es log\u00edsticas que opera ferrovias, portos e terminais \u2013 conquista, pela terceira vez, a premia\u00e7\u00e3o de inova\u00e7\u00e3o jur\u00eddica da Associa\u00e7\u00e3o Brasileira de Lawtechs e Legaltechs (AB2L), uma institui\u00e7\u00e3o do mercado com mais de 600 associados, que tem o prop\u00f3sito de conectar o universo jur\u00eddico com a nova realidade do Direito 4.0. Esta premia\u00e7\u00e3o reconhece a VLI como uma empresa que fomentam um mercado jur\u00eddico colaborativo, eficiente, digital e integrado \u00e0s novas tecnologias. A cerim\u00f4nia de entrega aconteceu nessa quarta-feira (13), em S\u00e3o Paulo, no final do AB2L Lawtech Experience 2025, o maior congresso de inova\u00e7\u00e3o jur\u00eddica do pa\u00eds, que est\u00e1 em sua 4\u00aa edi\u00e7\u00e3o.<\/p>\n<p>A premia\u00e7\u00e3o foi realizada em formato de certificado, v\u00e1lido por um ano e baseado em quatro pilares: Inova\u00e7\u00e3o Jur\u00eddica, Gest\u00e3o de Pessoas, Efici\u00eancia Jur\u00eddica e Parceiro do Neg\u00f3cio. Para receber a certifica\u00e7\u00e3o, a VLI comprovou objetivamente pr\u00e1ticas em Gest\u00e3o Jur\u00eddica Inovadora, Cultura Jur\u00eddica Inovadora e Tecnologia Jur\u00eddica Inovadora.&nbsp; A certifica\u00e7\u00e3o, criada pela AB2L em 2022, tem o objetivo de disseminar, em todo o Brasil, as melhores pr\u00e1ticas para a inova\u00e7\u00e3o no mercado jur\u00eddico.<\/p>\n<p>A gerente-geral do Jur\u00eddico da VLI, Priscila Soares, destaca que ter esse reconhecimento pela terceira vez reflete o compromisso da companhia com a transforma\u00e7\u00e3o e sua excel\u00eancia no ecossistema jur\u00eddico. \u201cTemos um time de alta capacidade t\u00e9cnica e muito engajado. Implementamos e provocamos pr\u00e1ticas jur\u00eddicas inovadoras a todo o tempo, com o objetivo de sermos uma \u00e1rea que contribui efetivamente para as melhores decis\u00f5es da empresa, trazendo dados eficazes e estrat\u00e9gicos. Acreditamos que a \u00e1rea jur\u00eddica precisa ser protagonista no neg\u00f3cio, alinhada aos objetivos corporativos de efici\u00eancia, e a inova\u00e7\u00e3o \u00e9 parte fundamental dessa jornada\u201d, afirma.<\/p>\n<h4><strong><span style=\"color: #800000;\">Sala de apoio \u00e0 amamenta\u00e7\u00e3o ajuda colaboradoras da VLI a conciliar trabalho e maternidade.&nbsp;No Agosto Dourado, a\u00e7\u00f5es que incentivam o aleitamento ganham ainda mais destaque<\/span><\/strong><\/h4>\n<p><img fetchpriority=\"high\" decoding=\"async\" class=\"wp-image-24412 size-full alignleft\" src=\"https:\/\/portosma.com.br\/wp-content\/uploads\/2025\/08\/VLIABV3.jpg\" alt=\"\" width=\"380\" height=\"550\" srcset=\"https:\/\/portosma.com.br\/wp-content\/uploads\/2025\/08\/VLIABV3.jpg 380w, https:\/\/portosma.com.br\/wp-content\/uploads\/2025\/08\/VLIABV3-207x300.jpg 207w\" sizes=\"(max-width: 380px) 100vw, 380px\" \/>De segunda a sexta-feira, duas vezes ao dia, Larissa Jansen Borges segue at\u00e9 a sala de apoio \u00e0 amamenta\u00e7\u00e3o do Terminal Portu\u00e1rio S\u00e3o Lu\u00eds (TPSL), da VLI, onde realiza a ordenha e garante a alimenta\u00e7\u00e3o da filha Liz Sophia, de apenas 1 ano. O local, pensado para acolher colaboradoras em fase de amamenta\u00e7\u00e3o, funciona como um apoio \u00e0 maternidade dentro do ambiente de trabalho. Um verdadeiro \u201ccantinho da mam\u00e3e\u201d, o espa\u00e7o oferece estrutura adequada para armazenar o leite, que \u00e9 levado por Larissa ao fim do expediente.<\/p>\n<p>Larissa atua como operadora multimodal II na VLI, que \u00e9 uma companhia de solu\u00e7\u00f5es log\u00edsticas que opera ferrovias, terminais e portos. Desde o retorno ao trabalho, ela usa a sala nos hor\u00e1rios das 12h e 17h. \u201cSaber que poderia usar o espa\u00e7o me deixou mais tranquila para voltar ao trabalho\u201d, conta Larissa.<\/p>\n<p>O retorno dela foi gradual, ap\u00f3s sua licen\u00e7a-maternidade, respeitando seu tempo de adapta\u00e7\u00e3o e sem abrir m\u00e3o do v\u00ednculo com a filha. \u201cTodos entendem que \u00e9 um pouco dif\u00edcil. Mas a sala contribuiu para me deixar mais tranquila no trabalho\u201d, refor\u00e7a. As colaboradoras que utilizam o espa\u00e7o tamb\u00e9m recebem um kit de transporte com bolsa t\u00e9rmica e frascos para armazenar o leite.<\/p>\n<p>Iniciativas como essa refor\u00e7am o incentivo \u00e0 amamenta\u00e7\u00e3o, cuja campanha de conscientiza\u00e7\u00e3o ganha maior visibilidade com o Agosto Dourado, que tem por objetivo propagar os benef\u00edcios do aleitamento materno durante o m\u00eas.&nbsp; No Brasil, a campanha do Agosto Dourado foi institu\u00edda pela Lei Federal n\u00ba 13.345, de 12 de abril de 2017, e a cor \u201cdourada\u201d foi escolhida para represent\u00e1-la devido ao tom que simboliza o padr\u00e3o ouro de qualidade do leite humano.<\/p>\n<p><span style=\"color: #800000;\"><strong>Estrutura que acolhe &#8211;&nbsp;<\/strong><\/span>O espa\u00e7o de apoio \u00e0 amamenta\u00e7\u00e3o do TPSL foi inaugurado em 2022 e, desde ent\u00e3o, se consolidou como um suporte essencial para m\u00e3es que desejam manter o aleitamento mesmo ap\u00f3s o fim da licen\u00e7a-maternidade. A sala \u00e9 climatizada e equipada com freezer para armazenamento, conforme as diretrizes do Minist\u00e9rio da Sa\u00fade, poltrona, bancada e pia para higieniza\u00e7\u00e3o das m\u00e3os e utens\u00edlios. O espa\u00e7o funciona 24 horas por dia, sete dias por semana, e pode ser utilizado por colaboradoras da VLI e funcion\u00e1rias de empresas parceiras.<\/p>\n<p>Respons\u00e1vel pela sala, a supervisora de Sa\u00fade da VLI, enfermeira Jessica Bentes Abdon, explica que o planejamento \u00e9 essencial para manter o aleitamento durante o expediente. \u201c\u00c9 importante que a m\u00e3e saiba por quanto tempo ficar\u00e1 fora de casa. Assim, pode iniciar um processo de superest\u00edmulo da mama. Quanto mais a mulher drena o leite, mais o corpo produz, criando o estoque necess\u00e1rio para a crian\u00e7a consumir na sua aus\u00eancia. Esse processo \u00e9 chamado de rotina de extra\u00e7\u00e3o, e a sala oferece o ambiente ideal para isso\u201d, afirma Jessica.<\/p>\n<p>Al\u00e9m da estrutura f\u00edsica, a empresa oferece o programa Gestar, que acompanha colaboradoras desde a gesta\u00e7\u00e3o at\u00e9 os primeiros meses do beb\u00ea. Entre os benef\u00edcios, est\u00e3o: desmamadeira manual, bolsa t\u00e9rmica para transporte do leite, potes de vidro e orienta\u00e7\u00e3o especializada sobre extra\u00e7\u00e3o e conserva\u00e7\u00e3o do leite materno.<\/p>\n<p>A iniciativa integra o conjunto de pr\u00e1ticas da VLI voltadas ao cuidado com a maternidade. Al\u00e9m de S\u00e3o Lu\u00eds, outras unidades tamb\u00e9m contam com esse tipo de sala, como Imperatriz (MA), Palmeirante e Porto Nacional (TO), e Pec\u00e9m (CE).<\/p>\n<p>&nbsp;<\/p>\n<p><span style=\"color: #999999;\"><em><strong>FONTE:<\/strong><\/em><\/span><br \/>\n<span style=\"color: #999999;\"><em><strong>wcomunicacao.com<\/strong><\/em><\/span><\/p>\n","protected":false},"excerpt":{"rendered":"<p>A cerim\u00f4nia de entrega dos certificados ocorreu nesta quarta-feira (13), em S\u00e3o Paulo, durante o maior congresso de inova\u00e7\u00e3o jur\u00eddica do Brasil.<\/p>\n","protected":false},"author":1,"featured_media":24411,"comment_status":"closed","ping_status":"open","sticky":false,"template":"","format":"standard","meta":{"_editorskit_title_hidden":false,"_editorskit_reading_time":0,"_editorskit_is_block_options_detached":false,"_editorskit_block_options_position":"{}","ngg_post_thumbnail":0,"footnotes":""},"categories":[1],"tags":[],"class_list":["post-24410","post","type-post","status-publish","format-standard","has-post-thumbnail","hentry","category-noticias"],"yoast_head":"<!-- This site is optimized with the Yoast SEO plugin v22.5 - https:\/\/yoast.com\/wordpress\/plugins\/seo\/ -->\n<title>VLI recebe pr\u00eamio de inova\u00e7\u00e3o jur\u00eddica da ABL e Legaltechs - Portosma<\/title>\n<meta name=\"robots\" content=\"index, follow, max-snippet:-1, max-image-preview:large, max-video-preview:-1\" \/>\n<link rel=\"canonical\" href=\"https:\/\/portosma.com.br\/index.php\/2025\/08\/16\/vli-recebe-premio-de-inovacao-juridica-da-associacao-brasileira-de-lawtechs-e-legaltechs\/\" \/>\n<meta property=\"og:locale\" content=\"pt_BR\" \/>\n<meta property=\"og:type\" content=\"article\" \/>\n<meta property=\"og:title\" content=\"VLI recebe pr\u00eamio de inova\u00e7\u00e3o jur\u00eddica da ABL e Legaltechs - Portosma\" \/>\n<meta property=\"og:description\" content=\"A cerim\u00f4nia de entrega dos certificados ocorreu nesta quarta-feira (13), em S\u00e3o Paulo, durante o maior congresso de inova\u00e7\u00e3o jur\u00eddica do Brasil.\" \/>\n<meta property=\"og:url\" content=\"https:\/\/portosma.com.br\/index.php\/2025\/08\/16\/vli-recebe-premio-de-inovacao-juridica-da-associacao-brasileira-de-lawtechs-e-legaltechs\/\" \/>\n<meta property=\"og:site_name\" content=\"Portosma\" \/>\n<meta property=\"article:published_time\" content=\"2025-08-16T12:40:31+00:00\" \/>\n<meta property=\"article:modified_time\" content=\"2025-08-16T12:44:41+00:00\" \/>\n<meta property=\"og:image\" content=\"https:\/\/portosma.com.br\/wp-content\/uploads\/2025\/08\/VLIABV2.jpg\" \/>\n\t<meta property=\"og:image:width\" content=\"1200\" \/>\n\t<meta property=\"og:image:height\" content=\"507\" \/>\n\t<meta property=\"og:image:type\" content=\"image\/jpeg\" \/>\n<meta name=\"author\" content=\"admin\" \/>\n<meta name=\"twitter:card\" content=\"summary_large_image\" \/>\n<meta name=\"twitter:label1\" content=\"Escrito por\" \/>\n\t<meta name=\"twitter:data1\" content=\"admin\" \/>\n\t<meta name=\"twitter:label2\" content=\"Est. tempo de leitura\" \/>\n\t<meta name=\"twitter:data2\" content=\"6 minutos\" \/>\n<script type=\"application\/ld+json\" class=\"yoast-schema-graph\">{\"@context\":\"https:\/\/schema.org\",\"@graph\":[{\"@type\":\"Article\",\"@id\":\"https:\/\/portosma.com.br\/index.php\/2025\/08\/16\/vli-recebe-premio-de-inovacao-juridica-da-associacao-brasileira-de-lawtechs-e-legaltechs\/#article\",\"isPartOf\":{\"@id\":\"https:\/\/portosma.com.br\/index.php\/2025\/08\/16\/vli-recebe-premio-de-inovacao-juridica-da-associacao-brasileira-de-lawtechs-e-legaltechs\/\"},\"author\":{\"name\":\"admin\",\"@id\":\"https:\/\/portosma.com.br\/#\/schema\/person\/fb92dfe283ab47293259c87c813d8623\"},\"headline\":\"VLI recebe pr\u00eamio de inova\u00e7\u00e3o jur\u00eddica da ABL e Legaltechs\",\"datePublished\":\"2025-08-16T12:40:31+00:00\",\"dateModified\":\"2025-08-16T12:44:41+00:00\",\"mainEntityOfPage\":{\"@id\":\"https:\/\/portosma.com.br\/index.php\/2025\/08\/16\/vli-recebe-premio-de-inovacao-juridica-da-associacao-brasileira-de-lawtechs-e-legaltechs\/\"},\"wordCount\":955,\"publisher\":{\"@id\":\"https:\/\/portosma.com.br\/#organization\"},\"image\":{\"@id\":\"https:\/\/portosma.com.br\/index.php\/2025\/08\/16\/vli-recebe-premio-de-inovacao-juridica-da-associacao-brasileira-de-lawtechs-e-legaltechs\/#primaryimage\"},\"thumbnailUrl\":\"https:\/\/portosma.com.br\/wp-content\/uploads\/2025\/08\/VLIABV2.jpg\",\"articleSection\":[\"Not\u00edcias\"],\"inLanguage\":\"pt-BR\"},{\"@type\":\"WebPage\",\"@id\":\"https:\/\/portosma.com.br\/index.php\/2025\/08\/16\/vli-recebe-premio-de-inovacao-juridica-da-associacao-brasileira-de-lawtechs-e-legaltechs\/\",\"url\":\"https:\/\/portosma.com.br\/index.php\/2025\/08\/16\/vli-recebe-premio-de-inovacao-juridica-da-associacao-brasileira-de-lawtechs-e-legaltechs\/\",\"name\":\"VLI recebe pr\u00eamio de inova\u00e7\u00e3o jur\u00eddica da ABL e Legaltechs - Portosma\",\"isPartOf\":{\"@id\":\"https:\/\/portosma.com.br\/#website\"},\"primaryImageOfPage\":{\"@id\":\"https:\/\/portosma.com.br\/index.php\/2025\/08\/16\/vli-recebe-premio-de-inovacao-juridica-da-associacao-brasileira-de-lawtechs-e-legaltechs\/#primaryimage\"},\"image\":{\"@id\":\"https:\/\/portosma.com.br\/index.php\/2025\/08\/16\/vli-recebe-premio-de-inovacao-juridica-da-associacao-brasileira-de-lawtechs-e-legaltechs\/#primaryimage\"},\"thumbnailUrl\":\"https:\/\/portosma.com.br\/wp-content\/uploads\/2025\/08\/VLIABV2.jpg\",\"datePublished\":\"2025-08-16T12:40:31+00:00\",\"dateModified\":\"2025-08-16T12:44:41+00:00\",\"breadcrumb\":{\"@id\":\"https:\/\/portosma.com.br\/index.php\/2025\/08\/16\/vli-recebe-premio-de-inovacao-juridica-da-associacao-brasileira-de-lawtechs-e-legaltechs\/#breadcrumb\"},\"inLanguage\":\"pt-BR\",\"potentialAction\":[{\"@type\":\"ReadAction\",\"target\":[\"https:\/\/portosma.com.br\/index.php\/2025\/08\/16\/vli-recebe-premio-de-inovacao-juridica-da-associacao-brasileira-de-lawtechs-e-legaltechs\/\"]}]},{\"@type\":\"ImageObject\",\"inLanguage\":\"pt-BR\",\"@id\":\"https:\/\/portosma.com.br\/index.php\/2025\/08\/16\/vli-recebe-premio-de-inovacao-juridica-da-associacao-brasileira-de-lawtechs-e-legaltechs\/#primaryimage\",\"url\":\"https:\/\/portosma.com.br\/wp-content\/uploads\/2025\/08\/VLIABV2.jpg\",\"contentUrl\":\"https:\/\/portosma.com.br\/wp-content\/uploads\/2025\/08\/VLIABV2.jpg\",\"width\":1200,\"height\":507},{\"@type\":\"BreadcrumbList\",\"@id\":\"https:\/\/portosma.com.br\/index.php\/2025\/08\/16\/vli-recebe-premio-de-inovacao-juridica-da-associacao-brasileira-de-lawtechs-e-legaltechs\/#breadcrumb\",\"itemListElement\":[{\"@type\":\"ListItem\",\"position\":1,\"name\":\"In\u00edcio\",\"item\":\"https:\/\/portosma.com.br\/\"},{\"@type\":\"ListItem\",\"position\":2,\"name\":\"VLI recebe pr\u00eamio de inova\u00e7\u00e3o jur\u00eddica da ABL e Legaltechs\"}]},{\"@type\":\"WebSite\",\"@id\":\"https:\/\/portosma.com.br\/#website\",\"url\":\"https:\/\/portosma.com.br\/\",\"name\":\"Portosma\",\"description\":\"Um site de not\u00edcias\",\"publisher\":{\"@id\":\"https:\/\/portosma.com.br\/#organization\"},\"potentialAction\":[{\"@type\":\"SearchAction\",\"target\":{\"@type\":\"EntryPoint\",\"urlTemplate\":\"https:\/\/portosma.com.br\/?s={search_term_string}\"},\"query-input\":\"required name=search_term_string\"}],\"inLanguage\":\"pt-BR\"},{\"@type\":\"Organization\",\"@id\":\"https:\/\/portosma.com.br\/#organization\",\"name\":\"Portosma\",\"alternateName\":\"Portosma\",\"url\":\"https:\/\/portosma.com.br\/\",\"logo\":{\"@type\":\"ImageObject\",\"inLanguage\":\"pt-BR\",\"@id\":\"https:\/\/portosma.com.br\/#\/schema\/logo\/image\/\",\"url\":\"https:\/\/portosma.com.br\/wp-content\/uploads\/2026\/03\/cropped-AD-PORTOSMA.jpg\",\"contentUrl\":\"https:\/\/portosma.com.br\/wp-content\/uploads\/2026\/03\/cropped-AD-PORTOSMA.jpg\",\"width\":400,\"height\":115,\"caption\":\"Portosma\"},\"image\":{\"@id\":\"https:\/\/portosma.com.br\/#\/schema\/logo\/image\/\"}},{\"@type\":\"Person\",\"@id\":\"https:\/\/portosma.com.br\/#\/schema\/person\/fb92dfe283ab47293259c87c813d8623\",\"name\":\"admin\",\"sameAs\":[\"https:\/\/portosma.com.br\"],\"url\":\"https:\/\/portosma.com.br\/index.php\/author\/portosma\/\"}]}<\/script>\n<!-- \/ Yoast SEO plugin. -->","yoast_head_json":{"title":"VLI recebe pr\u00eamio de inova\u00e7\u00e3o jur\u00eddica da ABL e Legaltechs - Portosma","robots":{"index":"index","follow":"follow","max-snippet":"max-snippet:-1","max-image-preview":"max-image-preview:large","max-video-preview":"max-video-preview:-1"},"canonical":"https:\/\/portosma.com.br\/index.php\/2025\/08\/16\/vli-recebe-premio-de-inovacao-juridica-da-associacao-brasileira-de-lawtechs-e-legaltechs\/","og_locale":"pt_BR","og_type":"article","og_title":"VLI recebe pr\u00eamio de inova\u00e7\u00e3o jur\u00eddica da ABL e Legaltechs - Portosma","og_description":"A cerim\u00f4nia de entrega dos certificados ocorreu nesta quarta-feira (13), em S\u00e3o Paulo, durante o maior congresso de inova\u00e7\u00e3o jur\u00eddica do Brasil.","og_url":"https:\/\/portosma.com.br\/index.php\/2025\/08\/16\/vli-recebe-premio-de-inovacao-juridica-da-associacao-brasileira-de-lawtechs-e-legaltechs\/","og_site_name":"Portosma","article_published_time":"2025-08-16T12:40:31+00:00","article_modified_time":"2025-08-16T12:44:41+00:00","og_image":[{"width":1200,"height":507,"url":"https:\/\/portosma.com.br\/wp-content\/uploads\/2025\/08\/VLIABV2.jpg","type":"image\/jpeg"}],"author":"admin","twitter_card":"summary_large_image","twitter_misc":{"Escrito por":"admin","Est. tempo de leitura":"6 minutos"},"schema":{"@context":"https:\/\/schema.org","@graph":[{"@type":"Article","@id":"https:\/\/portosma.com.br\/index.php\/2025\/08\/16\/vli-recebe-premio-de-inovacao-juridica-da-associacao-brasileira-de-lawtechs-e-legaltechs\/#article","isPartOf":{"@id":"https:\/\/portosma.com.br\/index.php\/2025\/08\/16\/vli-recebe-premio-de-inovacao-juridica-da-associacao-brasileira-de-lawtechs-e-legaltechs\/"},"author":{"name":"admin","@id":"https:\/\/portosma.com.br\/#\/schema\/person\/fb92dfe283ab47293259c87c813d8623"},"headline":"VLI recebe pr\u00eamio de inova\u00e7\u00e3o jur\u00eddica da ABL e Legaltechs","datePublished":"2025-08-16T12:40:31+00:00","dateModified":"2025-08-16T12:44:41+00:00","mainEntityOfPage":{"@id":"https:\/\/portosma.com.br\/index.php\/2025\/08\/16\/vli-recebe-premio-de-inovacao-juridica-da-associacao-brasileira-de-lawtechs-e-legaltechs\/"},"wordCount":955,"publisher":{"@id":"https:\/\/portosma.com.br\/#organization"},"image":{"@id":"https:\/\/portosma.com.br\/index.php\/2025\/08\/16\/vli-recebe-premio-de-inovacao-juridica-da-associacao-brasileira-de-lawtechs-e-legaltechs\/#primaryimage"},"thumbnailUrl":"https:\/\/portosma.com.br\/wp-content\/uploads\/2025\/08\/VLIABV2.jpg","articleSection":["Not\u00edcias"],"inLanguage":"pt-BR"},{"@type":"WebPage","@id":"https:\/\/portosma.com.br\/index.php\/2025\/08\/16\/vli-recebe-premio-de-inovacao-juridica-da-associacao-brasileira-de-lawtechs-e-legaltechs\/","url":"https:\/\/portosma.com.br\/index.php\/2025\/08\/16\/vli-recebe-premio-de-inovacao-juridica-da-associacao-brasileira-de-lawtechs-e-legaltechs\/","name":"VLI recebe pr\u00eamio de inova\u00e7\u00e3o jur\u00eddica da ABL e Legaltechs - Portosma","isPartOf":{"@id":"https:\/\/portosma.com.br\/#website"},"primaryImageOfPage":{"@id":"https:\/\/portosma.com.br\/index.php\/2025\/08\/16\/vli-recebe-premio-de-inovacao-juridica-da-associacao-brasileira-de-lawtechs-e-legaltechs\/#primaryimage"},"image":{"@id":"https:\/\/portosma.com.br\/index.php\/2025\/08\/16\/vli-recebe-premio-de-inovacao-juridica-da-associacao-brasileira-de-lawtechs-e-legaltechs\/#primaryimage"},"thumbnailUrl":"https:\/\/portosma.com.br\/wp-content\/uploads\/2025\/08\/VLIABV2.jpg","datePublished":"2025-08-16T12:40:31+00:00","dateModified":"2025-08-16T12:44:41+00:00","breadcrumb":{"@id":"https:\/\/portosma.com.br\/index.php\/2025\/08\/16\/vli-recebe-premio-de-inovacao-juridica-da-associacao-brasileira-de-lawtechs-e-legaltechs\/#breadcrumb"},"inLanguage":"pt-BR","potentialAction":[{"@type":"ReadAction","target":["https:\/\/portosma.com.br\/index.php\/2025\/08\/16\/vli-recebe-premio-de-inovacao-juridica-da-associacao-brasileira-de-lawtechs-e-legaltechs\/"]}]},{"@type":"ImageObject","inLanguage":"pt-BR","@id":"https:\/\/portosma.com.br\/index.php\/2025\/08\/16\/vli-recebe-premio-de-inovacao-juridica-da-associacao-brasileira-de-lawtechs-e-legaltechs\/#primaryimage","url":"https:\/\/portosma.com.br\/wp-content\/uploads\/2025\/08\/VLIABV2.jpg","contentUrl":"https:\/\/portosma.com.br\/wp-content\/uploads\/2025\/08\/VLIABV2.jpg","width":1200,"height":507},{"@type":"BreadcrumbList","@id":"https:\/\/portosma.com.br\/index.php\/2025\/08\/16\/vli-recebe-premio-de-inovacao-juridica-da-associacao-brasileira-de-lawtechs-e-legaltechs\/#breadcrumb","itemListElement":[{"@type":"ListItem","position":1,"name":"In\u00edcio","item":"https:\/\/portosma.com.br\/"},{"@type":"ListItem","position":2,"name":"VLI recebe pr\u00eamio de inova\u00e7\u00e3o jur\u00eddica da ABL e Legaltechs"}]},{"@type":"WebSite","@id":"https:\/\/portosma.com.br\/#website","url":"https:\/\/portosma.com.br\/","name":"Portosma","description":"Um site de not\u00edcias","publisher":{"@id":"https:\/\/portosma.com.br\/#organization"},"potentialAction":[{"@type":"SearchAction","target":{"@type":"EntryPoint","urlTemplate":"https:\/\/portosma.com.br\/?s={search_term_string}"},"query-input":"required name=search_term_string"}],"inLanguage":"pt-BR"},{"@type":"Organization","@id":"https:\/\/portosma.com.br\/#organization","name":"Portosma","alternateName":"Portosma","url":"https:\/\/portosma.com.br\/","logo":{"@type":"ImageObject","inLanguage":"pt-BR","@id":"https:\/\/portosma.com.br\/#\/schema\/logo\/image\/","url":"https:\/\/portosma.com.br\/wp-content\/uploads\/2026\/03\/cropped-AD-PORTOSMA.jpg","contentUrl":"https:\/\/portosma.com.br\/wp-content\/uploads\/2026\/03\/cropped-AD-PORTOSMA.jpg","width":400,"height":115,"caption":"Portosma"},"image":{"@id":"https:\/\/portosma.com.br\/#\/schema\/logo\/image\/"}},{"@type":"Person","@id":"https:\/\/portosma.com.br\/#\/schema\/person\/fb92dfe283ab47293259c87c813d8623","name":"admin","sameAs":["https:\/\/portosma.com.br"],"url":"https:\/\/portosma.com.br\/index.php\/author\/portosma\/"}]}},"_links":{"self":[{"href":"https:\/\/portosma.com.br\/index.php\/wp-json\/wp\/v2\/posts\/24410","targetHints":{"allow":["GET"]}}],"collection":[{"href":"https:\/\/portosma.com.br\/index.php\/wp-json\/wp\/v2\/posts"}],"about":[{"href":"https:\/\/portosma.com.br\/index.php\/wp-json\/wp\/v2\/types\/post"}],"author":[{"embeddable":true,"href":"https:\/\/portosma.com.br\/index.php\/wp-json\/wp\/v2\/users\/1"}],"replies":[{"embeddable":true,"href":"https:\/\/portosma.com.br\/index.php\/wp-json\/wp\/v2\/comments?post=24410"}],"version-history":[{"count":5,"href":"https:\/\/portosma.com.br\/index.php\/wp-json\/wp\/v2\/posts\/24410\/revisions"}],"predecessor-version":[{"id":24417,"href":"https:\/\/portosma.com.br\/index.php\/wp-json\/wp\/v2\/posts\/24410\/revisions\/24417"}],"wp:featuredmedia":[{"embeddable":true,"href":"https:\/\/portosma.com.br\/index.php\/wp-json\/wp\/v2\/media\/24411"}],"wp:attachment":[{"href":"https:\/\/portosma.com.br\/index.php\/wp-json\/wp\/v2\/media?parent=24410"}],"wp:term":[{"taxonomy":"category","embeddable":true,"href":"https:\/\/portosma.com.br\/index.php\/wp-json\/wp\/v2\/categories?post=24410"},{"taxonomy":"post_tag","embeddable":true,"href":"https:\/\/portosma.com.br\/index.php\/wp-json\/wp\/v2\/tags?post=24410"}],"curies":[{"name":"wp","href":"https:\/\/api.w.org\/{rel}","templated":true}]}}