{"id":23441,"date":"2025-07-02T19:19:07","date_gmt":"2025-07-02T19:19:07","guid":{"rendered":"https:\/\/portosma.com.br\/?p=23441"},"modified":"2025-07-02T19:21:00","modified_gmt":"2025-07-02T19:21:00","slug":"graneis-solidos-e-liquidos-atingem-maior-movimentacao-para-o-mes-de-abril","status":"publish","type":"post","link":"https:\/\/portosma.com.br\/index.php\/2025\/07\/02\/graneis-solidos-e-liquidos-atingem-maior-movimentacao-para-o-mes-de-abril\/","title":{"rendered":"Gran\u00e9is s\u00f3lidos e l\u00edquidos atingem maior movimenta\u00e7\u00e3o em abril"},"content":{"rendered":"<p>Os portos brasileiros movimentaram o maior volume para o m\u00eas de abril, chegando a 107,6 milh\u00f5es de toneladas de cargas, um crescimento de 1,12%. Esse \u00e9 o segundo m\u00eas seguido de recorde mensal na movimenta\u00e7\u00e3o portu\u00e1ria total. Os dados do Estat\u00edstico Aquavi\u00e1rio da Ag\u00eancia Nacional de Transportes Aquavi\u00e1rios (ANTAQ) tamb\u00e9m mostram um outro recorde para o m\u00eas de abril: as movimenta\u00e7\u00f5es de gran\u00e9is s\u00f3lidos e l\u00edquidos.<\/p>\n<p>Foram movimentados 65,1 milh\u00f5es de toneladas de gran\u00e9is s\u00f3lidos no quarto m\u00eas do ano, um crescimento de 2,27%; e 25,7 milh\u00f5es de gran\u00e9is l\u00edquidos, um aumento de 1,94%. Por sua vez, carga geral atingiu 5,2 milh\u00f5es de toneladas, uma alta de 6,8%. A movimenta\u00e7\u00e3o de cont\u00eainer foi de 11,5 milh\u00f5es de toneladas (-8,54%) \u2013 isso representa 1,1 milh\u00e3o de TEUs. Desse total, 8,3 milh\u00f5es de toneladas foram movimentadas em longo curso e 3,2 milh\u00f5es por cabotagem.<\/p>\n<p><strong>Mercadoria e navega\u00e7\u00e3o<\/strong> &#8211; Ao longo do m\u00eas de abril, as cargas que tiveram o maior destaque percentual foram: Madeira com crescimento de 82,46% e movimenta\u00e7\u00e3o de 0,6 milh\u00e3o de toneladas; Fertilizantes que atingiu uma alta de 20,13% e movimenta\u00e7\u00e3o de 3,3 milh\u00f5es; e Sal que avan\u00e7ou 16,62% e movimentou 0,7 milh\u00e3o de toneladas. Em rela\u00e7\u00e3o \u00e0 navega\u00e7\u00e3o a movimenta\u00e7\u00e3o de cargas de longo curso foi de 76,6 milh\u00f5es de toneladas no quarto m\u00eas de 2025 (+1,71%), a cabotagem chegou a 23,3 milh\u00f5es (-0,26%) e a navega\u00e7\u00e3o interior movimentou 7,6 milh\u00f5es de toneladas de cargas (-0,07%).<\/p>\n<p><strong>Portos P\u00fablicos<\/strong> &#8211; Os portos p\u00fablicos movimentaram 37,8 milh\u00f5es de toneladas de cargas em abril de 2025. O n\u00famero representa um decr\u00e9scimo de 3,79% em compara\u00e7\u00e3o com o mesmo per\u00edodo do ano anterior. Entre os 20 portos p\u00fablicos que mais movimentam no pa\u00eds, o com maior crescimento percentual no quarto m\u00eas do ano foi o Porto de Areia Branca (RN). O aumento foi de 82,32%, em compara\u00e7\u00e3o com abril de 2024, e a movimenta\u00e7\u00e3o atingiu 0,4 milh\u00e3o de toneladas.<\/p>\n<p><strong>Terminais Privados<\/strong> &#8211; Nos terminais autorizados houve um crescimento de 4% na movimenta\u00e7\u00e3o em rela\u00e7\u00e3o a abril do ano passado. O setor movimentou 69,8 milh\u00f5es de toneladas de cargas. Entre os 20 TUPs que mais movimentaram em abril, o com o maior crescimento de movimenta\u00e7\u00e3o, comparado ao mesmo m\u00eas do ano passado, \u00e9 o Terminal Mar\u00edtimo Ponta Ubu (ES) com uma alta de 62,4%. O terminal movimentou 1,3 milh\u00e3o de toneladas de cargas.<\/p>\n<p><a href=\"http:\/\/Estat\u00edstico Aquavi\u00e1rio 2023\"><strong>Painel Estat\u00edstico<\/strong><\/a> &#8211; O Painel Estat\u00edstico da ANTAQ pode ser acessado via smartphones e tablets, dispon\u00edvel no site da Ag\u00eancia. Na consulta eletr\u00f4nica podem ser checados dados de transporte de longo curso, cabotagem, vias interiores, al\u00e9m da movimenta\u00e7\u00e3o portu\u00e1ria de cont\u00eaineres.<\/p>\n<p>&nbsp;<\/p>\n<p><span style=\"color: #999999;\"><em><strong>FONTE<\/strong><\/em><\/span><br \/>\n<span style=\"color: #999999;\"><em><strong>Assessoria de Comunica\u00e7\u00e3o e Cerimonial<\/strong><\/em><\/span><\/p>\n","protected":false},"excerpt":{"rendered":"<p>Movimenta\u00e7\u00e3o portu\u00e1ria tamb\u00e9m atingiu recorde pelo segundo m\u00eas consecutivo, segundo dados da Antaq, tanto nos portos p\u00fablicos, quanto privados.<\/p>\n","protected":false},"author":1,"featured_media":23442,"comment_status":"closed","ping_status":"open","sticky":false,"template":"","format":"standard","meta":{"_editorskit_title_hidden":false,"_editorskit_reading_time":0,"_editorskit_is_block_options_detached":false,"_editorskit_block_options_position":"{}","ngg_post_thumbnail":0,"footnotes":""},"categories":[1],"tags":[],"class_list":["post-23441","post","type-post","status-publish","format-standard","has-post-thumbnail","hentry","category-noticias"],"yoast_head":"<!-- This site is optimized with the Yoast SEO plugin v22.5 - https:\/\/yoast.com\/wordpress\/plugins\/seo\/ -->\n<title>Gran\u00e9is s\u00f3lidos e l\u00edquidos atingem maior movimenta\u00e7\u00e3o em abril - Portosma<\/title>\n<meta name=\"robots\" content=\"index, follow, max-snippet:-1, max-image-preview:large, max-video-preview:-1\" \/>\n<link rel=\"canonical\" href=\"https:\/\/portosma.com.br\/index.php\/2025\/07\/02\/graneis-solidos-e-liquidos-atingem-maior-movimentacao-para-o-mes-de-abril\/\" \/>\n<meta property=\"og:locale\" content=\"pt_BR\" \/>\n<meta property=\"og:type\" content=\"article\" \/>\n<meta property=\"og:title\" content=\"Gran\u00e9is s\u00f3lidos e l\u00edquidos atingem maior movimenta\u00e7\u00e3o em abril - Portosma\" \/>\n<meta property=\"og:description\" content=\"Movimenta\u00e7\u00e3o portu\u00e1ria tamb\u00e9m atingiu recorde pelo segundo m\u00eas consecutivo, segundo dados da Antaq, tanto nos portos p\u00fablicos, quanto privados.\" \/>\n<meta property=\"og:url\" content=\"https:\/\/portosma.com.br\/index.php\/2025\/07\/02\/graneis-solidos-e-liquidos-atingem-maior-movimentacao-para-o-mes-de-abril\/\" \/>\n<meta property=\"og:site_name\" content=\"Portosma\" \/>\n<meta property=\"article:published_time\" content=\"2025-07-02T19:19:07+00:00\" \/>\n<meta property=\"article:modified_time\" content=\"2025-07-02T19:21:00+00:00\" \/>\n<meta property=\"og:image\" content=\"https:\/\/portosma.com.br\/wp-content\/uploads\/2025\/07\/GRANEIS.jpg\" \/>\n\t<meta property=\"og:image:width\" content=\"1200\" \/>\n\t<meta property=\"og:image:height\" content=\"502\" \/>\n\t<meta property=\"og:image:type\" content=\"image\/jpeg\" \/>\n<meta name=\"author\" content=\"admin\" \/>\n<meta name=\"twitter:card\" content=\"summary_large_image\" \/>\n<meta name=\"twitter:label1\" content=\"Escrito por\" \/>\n\t<meta name=\"twitter:data1\" content=\"admin\" \/>\n\t<meta name=\"twitter:label2\" content=\"Est. tempo de leitura\" \/>\n\t<meta name=\"twitter:data2\" content=\"3 minutos\" \/>\n<script type=\"application\/ld+json\" class=\"yoast-schema-graph\">{\"@context\":\"https:\/\/schema.org\",\"@graph\":[{\"@type\":\"Article\",\"@id\":\"https:\/\/portosma.com.br\/index.php\/2025\/07\/02\/graneis-solidos-e-liquidos-atingem-maior-movimentacao-para-o-mes-de-abril\/#article\",\"isPartOf\":{\"@id\":\"https:\/\/portosma.com.br\/index.php\/2025\/07\/02\/graneis-solidos-e-liquidos-atingem-maior-movimentacao-para-o-mes-de-abril\/\"},\"author\":{\"name\":\"admin\",\"@id\":\"https:\/\/portosma.com.br\/#\/schema\/person\/fb92dfe283ab47293259c87c813d8623\"},\"headline\":\"Gran\u00e9is s\u00f3lidos e l\u00edquidos atingem maior movimenta\u00e7\u00e3o em abril\",\"datePublished\":\"2025-07-02T19:19:07+00:00\",\"dateModified\":\"2025-07-02T19:21:00+00:00\",\"mainEntityOfPage\":{\"@id\":\"https:\/\/portosma.com.br\/index.php\/2025\/07\/02\/graneis-solidos-e-liquidos-atingem-maior-movimentacao-para-o-mes-de-abril\/\"},\"wordCount\":487,\"publisher\":{\"@id\":\"https:\/\/portosma.com.br\/#organization\"},\"image\":{\"@id\":\"https:\/\/portosma.com.br\/index.php\/2025\/07\/02\/graneis-solidos-e-liquidos-atingem-maior-movimentacao-para-o-mes-de-abril\/#primaryimage\"},\"thumbnailUrl\":\"https:\/\/portosma.com.br\/wp-content\/uploads\/2025\/07\/GRANEIS.jpg\",\"articleSection\":[\"Not\u00edcias\"],\"inLanguage\":\"pt-BR\"},{\"@type\":\"WebPage\",\"@id\":\"https:\/\/portosma.com.br\/index.php\/2025\/07\/02\/graneis-solidos-e-liquidos-atingem-maior-movimentacao-para-o-mes-de-abril\/\",\"url\":\"https:\/\/portosma.com.br\/index.php\/2025\/07\/02\/graneis-solidos-e-liquidos-atingem-maior-movimentacao-para-o-mes-de-abril\/\",\"name\":\"Gran\u00e9is s\u00f3lidos e l\u00edquidos atingem maior movimenta\u00e7\u00e3o em abril - Portosma\",\"isPartOf\":{\"@id\":\"https:\/\/portosma.com.br\/#website\"},\"primaryImageOfPage\":{\"@id\":\"https:\/\/portosma.com.br\/index.php\/2025\/07\/02\/graneis-solidos-e-liquidos-atingem-maior-movimentacao-para-o-mes-de-abril\/#primaryimage\"},\"image\":{\"@id\":\"https:\/\/portosma.com.br\/index.php\/2025\/07\/02\/graneis-solidos-e-liquidos-atingem-maior-movimentacao-para-o-mes-de-abril\/#primaryimage\"},\"thumbnailUrl\":\"https:\/\/portosma.com.br\/wp-content\/uploads\/2025\/07\/GRANEIS.jpg\",\"datePublished\":\"2025-07-02T19:19:07+00:00\",\"dateModified\":\"2025-07-02T19:21:00+00:00\",\"breadcrumb\":{\"@id\":\"https:\/\/portosma.com.br\/index.php\/2025\/07\/02\/graneis-solidos-e-liquidos-atingem-maior-movimentacao-para-o-mes-de-abril\/#breadcrumb\"},\"inLanguage\":\"pt-BR\",\"potentialAction\":[{\"@type\":\"ReadAction\",\"target\":[\"https:\/\/portosma.com.br\/index.php\/2025\/07\/02\/graneis-solidos-e-liquidos-atingem-maior-movimentacao-para-o-mes-de-abril\/\"]}]},{\"@type\":\"ImageObject\",\"inLanguage\":\"pt-BR\",\"@id\":\"https:\/\/portosma.com.br\/index.php\/2025\/07\/02\/graneis-solidos-e-liquidos-atingem-maior-movimentacao-para-o-mes-de-abril\/#primaryimage\",\"url\":\"https:\/\/portosma.com.br\/wp-content\/uploads\/2025\/07\/GRANEIS.jpg\",\"contentUrl\":\"https:\/\/portosma.com.br\/wp-content\/uploads\/2025\/07\/GRANEIS.jpg\",\"width\":1200,\"height\":502},{\"@type\":\"BreadcrumbList\",\"@id\":\"https:\/\/portosma.com.br\/index.php\/2025\/07\/02\/graneis-solidos-e-liquidos-atingem-maior-movimentacao-para-o-mes-de-abril\/#breadcrumb\",\"itemListElement\":[{\"@type\":\"ListItem\",\"position\":1,\"name\":\"In\u00edcio\",\"item\":\"https:\/\/portosma.com.br\/\"},{\"@type\":\"ListItem\",\"position\":2,\"name\":\"Gran\u00e9is s\u00f3lidos e l\u00edquidos atingem maior movimenta\u00e7\u00e3o em abril\"}]},{\"@type\":\"WebSite\",\"@id\":\"https:\/\/portosma.com.br\/#website\",\"url\":\"https:\/\/portosma.com.br\/\",\"name\":\"Portosma\",\"description\":\"Um site de not\u00edcias\",\"publisher\":{\"@id\":\"https:\/\/portosma.com.br\/#organization\"},\"potentialAction\":[{\"@type\":\"SearchAction\",\"target\":{\"@type\":\"EntryPoint\",\"urlTemplate\":\"https:\/\/portosma.com.br\/?s={search_term_string}\"},\"query-input\":\"required name=search_term_string\"}],\"inLanguage\":\"pt-BR\"},{\"@type\":\"Organization\",\"@id\":\"https:\/\/portosma.com.br\/#organization\",\"name\":\"Portosma\",\"alternateName\":\"Portosma\",\"url\":\"https:\/\/portosma.com.br\/\",\"logo\":{\"@type\":\"ImageObject\",\"inLanguage\":\"pt-BR\",\"@id\":\"https:\/\/portosma.com.br\/#\/schema\/logo\/image\/\",\"url\":\"https:\/\/portosma.com.br\/wp-content\/uploads\/2026\/03\/cropped-AD-PORTOSMA.jpg\",\"contentUrl\":\"https:\/\/portosma.com.br\/wp-content\/uploads\/2026\/03\/cropped-AD-PORTOSMA.jpg\",\"width\":400,\"height\":115,\"caption\":\"Portosma\"},\"image\":{\"@id\":\"https:\/\/portosma.com.br\/#\/schema\/logo\/image\/\"}},{\"@type\":\"Person\",\"@id\":\"https:\/\/portosma.com.br\/#\/schema\/person\/fb92dfe283ab47293259c87c813d8623\",\"name\":\"admin\",\"sameAs\":[\"https:\/\/portosma.com.br\"],\"url\":\"https:\/\/portosma.com.br\/index.php\/author\/portosma\/\"}]}<\/script>\n<!-- \/ Yoast SEO plugin. -->","yoast_head_json":{"title":"Gran\u00e9is s\u00f3lidos e l\u00edquidos atingem maior movimenta\u00e7\u00e3o em abril - Portosma","robots":{"index":"index","follow":"follow","max-snippet":"max-snippet:-1","max-image-preview":"max-image-preview:large","max-video-preview":"max-video-preview:-1"},"canonical":"https:\/\/portosma.com.br\/index.php\/2025\/07\/02\/graneis-solidos-e-liquidos-atingem-maior-movimentacao-para-o-mes-de-abril\/","og_locale":"pt_BR","og_type":"article","og_title":"Gran\u00e9is s\u00f3lidos e l\u00edquidos atingem maior movimenta\u00e7\u00e3o em abril - Portosma","og_description":"Movimenta\u00e7\u00e3o portu\u00e1ria tamb\u00e9m atingiu recorde pelo segundo m\u00eas consecutivo, segundo dados da Antaq, tanto nos portos p\u00fablicos, quanto privados.","og_url":"https:\/\/portosma.com.br\/index.php\/2025\/07\/02\/graneis-solidos-e-liquidos-atingem-maior-movimentacao-para-o-mes-de-abril\/","og_site_name":"Portosma","article_published_time":"2025-07-02T19:19:07+00:00","article_modified_time":"2025-07-02T19:21:00+00:00","og_image":[{"width":1200,"height":502,"url":"https:\/\/portosma.com.br\/wp-content\/uploads\/2025\/07\/GRANEIS.jpg","type":"image\/jpeg"}],"author":"admin","twitter_card":"summary_large_image","twitter_misc":{"Escrito por":"admin","Est. tempo de leitura":"3 minutos"},"schema":{"@context":"https:\/\/schema.org","@graph":[{"@type":"Article","@id":"https:\/\/portosma.com.br\/index.php\/2025\/07\/02\/graneis-solidos-e-liquidos-atingem-maior-movimentacao-para-o-mes-de-abril\/#article","isPartOf":{"@id":"https:\/\/portosma.com.br\/index.php\/2025\/07\/02\/graneis-solidos-e-liquidos-atingem-maior-movimentacao-para-o-mes-de-abril\/"},"author":{"name":"admin","@id":"https:\/\/portosma.com.br\/#\/schema\/person\/fb92dfe283ab47293259c87c813d8623"},"headline":"Gran\u00e9is s\u00f3lidos e l\u00edquidos atingem maior movimenta\u00e7\u00e3o em abril","datePublished":"2025-07-02T19:19:07+00:00","dateModified":"2025-07-02T19:21:00+00:00","mainEntityOfPage":{"@id":"https:\/\/portosma.com.br\/index.php\/2025\/07\/02\/graneis-solidos-e-liquidos-atingem-maior-movimentacao-para-o-mes-de-abril\/"},"wordCount":487,"publisher":{"@id":"https:\/\/portosma.com.br\/#organization"},"image":{"@id":"https:\/\/portosma.com.br\/index.php\/2025\/07\/02\/graneis-solidos-e-liquidos-atingem-maior-movimentacao-para-o-mes-de-abril\/#primaryimage"},"thumbnailUrl":"https:\/\/portosma.com.br\/wp-content\/uploads\/2025\/07\/GRANEIS.jpg","articleSection":["Not\u00edcias"],"inLanguage":"pt-BR"},{"@type":"WebPage","@id":"https:\/\/portosma.com.br\/index.php\/2025\/07\/02\/graneis-solidos-e-liquidos-atingem-maior-movimentacao-para-o-mes-de-abril\/","url":"https:\/\/portosma.com.br\/index.php\/2025\/07\/02\/graneis-solidos-e-liquidos-atingem-maior-movimentacao-para-o-mes-de-abril\/","name":"Gran\u00e9is s\u00f3lidos e l\u00edquidos atingem maior movimenta\u00e7\u00e3o em abril - Portosma","isPartOf":{"@id":"https:\/\/portosma.com.br\/#website"},"primaryImageOfPage":{"@id":"https:\/\/portosma.com.br\/index.php\/2025\/07\/02\/graneis-solidos-e-liquidos-atingem-maior-movimentacao-para-o-mes-de-abril\/#primaryimage"},"image":{"@id":"https:\/\/portosma.com.br\/index.php\/2025\/07\/02\/graneis-solidos-e-liquidos-atingem-maior-movimentacao-para-o-mes-de-abril\/#primaryimage"},"thumbnailUrl":"https:\/\/portosma.com.br\/wp-content\/uploads\/2025\/07\/GRANEIS.jpg","datePublished":"2025-07-02T19:19:07+00:00","dateModified":"2025-07-02T19:21:00+00:00","breadcrumb":{"@id":"https:\/\/portosma.com.br\/index.php\/2025\/07\/02\/graneis-solidos-e-liquidos-atingem-maior-movimentacao-para-o-mes-de-abril\/#breadcrumb"},"inLanguage":"pt-BR","potentialAction":[{"@type":"ReadAction","target":["https:\/\/portosma.com.br\/index.php\/2025\/07\/02\/graneis-solidos-e-liquidos-atingem-maior-movimentacao-para-o-mes-de-abril\/"]}]},{"@type":"ImageObject","inLanguage":"pt-BR","@id":"https:\/\/portosma.com.br\/index.php\/2025\/07\/02\/graneis-solidos-e-liquidos-atingem-maior-movimentacao-para-o-mes-de-abril\/#primaryimage","url":"https:\/\/portosma.com.br\/wp-content\/uploads\/2025\/07\/GRANEIS.jpg","contentUrl":"https:\/\/portosma.com.br\/wp-content\/uploads\/2025\/07\/GRANEIS.jpg","width":1200,"height":502},{"@type":"BreadcrumbList","@id":"https:\/\/portosma.com.br\/index.php\/2025\/07\/02\/graneis-solidos-e-liquidos-atingem-maior-movimentacao-para-o-mes-de-abril\/#breadcrumb","itemListElement":[{"@type":"ListItem","position":1,"name":"In\u00edcio","item":"https:\/\/portosma.com.br\/"},{"@type":"ListItem","position":2,"name":"Gran\u00e9is s\u00f3lidos e l\u00edquidos atingem maior movimenta\u00e7\u00e3o em abril"}]},{"@type":"WebSite","@id":"https:\/\/portosma.com.br\/#website","url":"https:\/\/portosma.com.br\/","name":"Portosma","description":"Um site de not\u00edcias","publisher":{"@id":"https:\/\/portosma.com.br\/#organization"},"potentialAction":[{"@type":"SearchAction","target":{"@type":"EntryPoint","urlTemplate":"https:\/\/portosma.com.br\/?s={search_term_string}"},"query-input":"required name=search_term_string"}],"inLanguage":"pt-BR"},{"@type":"Organization","@id":"https:\/\/portosma.com.br\/#organization","name":"Portosma","alternateName":"Portosma","url":"https:\/\/portosma.com.br\/","logo":{"@type":"ImageObject","inLanguage":"pt-BR","@id":"https:\/\/portosma.com.br\/#\/schema\/logo\/image\/","url":"https:\/\/portosma.com.br\/wp-content\/uploads\/2026\/03\/cropped-AD-PORTOSMA.jpg","contentUrl":"https:\/\/portosma.com.br\/wp-content\/uploads\/2026\/03\/cropped-AD-PORTOSMA.jpg","width":400,"height":115,"caption":"Portosma"},"image":{"@id":"https:\/\/portosma.com.br\/#\/schema\/logo\/image\/"}},{"@type":"Person","@id":"https:\/\/portosma.com.br\/#\/schema\/person\/fb92dfe283ab47293259c87c813d8623","name":"admin","sameAs":["https:\/\/portosma.com.br"],"url":"https:\/\/portosma.com.br\/index.php\/author\/portosma\/"}]}},"_links":{"self":[{"href":"https:\/\/portosma.com.br\/index.php\/wp-json\/wp\/v2\/posts\/23441","targetHints":{"allow":["GET"]}}],"collection":[{"href":"https:\/\/portosma.com.br\/index.php\/wp-json\/wp\/v2\/posts"}],"about":[{"href":"https:\/\/portosma.com.br\/index.php\/wp-json\/wp\/v2\/types\/post"}],"author":[{"embeddable":true,"href":"https:\/\/portosma.com.br\/index.php\/wp-json\/wp\/v2\/users\/1"}],"replies":[{"embeddable":true,"href":"https:\/\/portosma.com.br\/index.php\/wp-json\/wp\/v2\/comments?post=23441"}],"version-history":[{"count":4,"href":"https:\/\/portosma.com.br\/index.php\/wp-json\/wp\/v2\/posts\/23441\/revisions"}],"predecessor-version":[{"id":23446,"href":"https:\/\/portosma.com.br\/index.php\/wp-json\/wp\/v2\/posts\/23441\/revisions\/23446"}],"wp:featuredmedia":[{"embeddable":true,"href":"https:\/\/portosma.com.br\/index.php\/wp-json\/wp\/v2\/media\/23442"}],"wp:attachment":[{"href":"https:\/\/portosma.com.br\/index.php\/wp-json\/wp\/v2\/media?parent=23441"}],"wp:term":[{"taxonomy":"category","embeddable":true,"href":"https:\/\/portosma.com.br\/index.php\/wp-json\/wp\/v2\/categories?post=23441"},{"taxonomy":"post_tag","embeddable":true,"href":"https:\/\/portosma.com.br\/index.php\/wp-json\/wp\/v2\/tags?post=23441"}],"curies":[{"name":"wp","href":"https:\/\/api.w.org\/{rel}","templated":true}]}}