{"id":22938,"date":"2025-06-12T13:09:51","date_gmt":"2025-06-12T13:09:51","guid":{"rendered":"https:\/\/portosma.com.br\/?p=22938"},"modified":"2025-06-12T13:12:12","modified_gmt":"2025-06-12T13:12:12","slug":"relatorio-de-sustentabilidade-da-vli-estabelece-novos-compromissos-esg","status":"publish","type":"post","link":"https:\/\/portosma.com.br\/index.php\/2025\/06\/12\/relatorio-de-sustentabilidade-da-vli-estabelece-novos-compromissos-esg\/","title":{"rendered":"Relat\u00f3rio Sustentabilidade da VLI estabelece novos compromissos"},"content":{"rendered":"<p>A VLI \u2013 companhia de solu\u00e7\u00f5es log\u00edsticas que opera ferrovias, portos e terminais \u2013 anuncia a cria\u00e7\u00e3o de dois novos compromissos p\u00fablicos para sua agenda ESG, refor\u00e7ando seu engajamento com a sustentabilidade e o desenvolvimento do pa\u00eds. A partir dos novos compromissos, que se somam aos esfor\u00e7os j\u00e1 em curso, a VLI passa a buscar o aumento do impacto social nas comunidades onde a companhia est\u00e1 inserida. Os novos compromissos s\u00e3o um dos destaques do Relat\u00f3rio de Sustentabilidade 2024 da VLI, que acaba de ser publicado e pode ser acessado na \u00edntegra pelo link: Relat\u00f3rio de Sustentabilidade VLI 2024 &#8211; VLI.&nbsp; O documento mostra, ainda, a evolu\u00e7\u00e3o das metas ESG assumidas pela companhia em 2021, quando lan\u00e7ou sua agenda de impacto 2030.<\/p>\n<p>\u201cA VLI trabalha com intencionalidade e de forma estruturada para ser refer\u00eancia em sustentabilidade no seu segmento. A maturidade dos compromissos p\u00fablicos assumidos em 2021 nos permite adicionar novos passos nessa jornada de transforma\u00e7\u00e3o, o que tamb\u00e9m indica nosso desejo de seguir em constante evolu\u00e7\u00e3o, com base nos aprendizados adquiridos ao longo dos anos. A VLI tem como prop\u00f3sito transformar a log\u00edstica do Brasil e acreditamos que a gera\u00e7\u00e3o de legado para a sociedade e o meio ambiente seja parte integrante desse processo\u201d, afirma a diretora-executiva de Gente, Servi\u00e7os e Sustentabilidade da VLI, Rute Melo Ara\u00fajo.<\/p>\n<p><img fetchpriority=\"high\" decoding=\"async\" class=\"alignnone wp-image-22940 size-full\" src=\"https:\/\/portosma.com.br\/wp-content\/uploads\/2025\/06\/CAPA-3.jpg\" alt=\"\" width=\"900\" height=\"674\" srcset=\"https:\/\/portosma.com.br\/wp-content\/uploads\/2025\/06\/CAPA-3.jpg 900w, https:\/\/portosma.com.br\/wp-content\/uploads\/2025\/06\/CAPA-3-300x225.jpg 300w, https:\/\/portosma.com.br\/wp-content\/uploads\/2025\/06\/CAPA-3-768x575.jpg 768w\" sizes=\"(max-width: 900px) 100vw, 900px\" \/><\/p>\n<p><strong>Os novos compromissos p\u00fablicos<\/strong> &#8211; Como novo compromisso p\u00fablico, a VLI assume a meta de ampliar suas iniciativas sociais, beneficiando 150 mil pessoas em pelo menos 35 munic\u00edpios de atua\u00e7\u00e3o. Desta forma, a companhia fortalece seu relacionamento com as comunidades, ao mesmo tempo em que contribui para o desenvolvimento social e econ\u00f4mico das regi\u00f5es onde opera.<\/p>\n<p>A VLI tamb\u00e9m estabeleceu um novo compromisso relacionado \u00e0 gest\u00e3o de res\u00edduos, visando reduzir em 15% a taxa de gera\u00e7\u00e3o de res\u00edduos de rotina. Por fim, foi atualizado o compromisso relacionado \u00e0 cadeia de valor, em que a VLI se compromete a avaliar fornecedores em aspectos ESG e de integridade corporativa, para promover uma cadeia ainda mais sustent\u00e1vel e \u00e9tica.<\/p>\n<p><strong>Compromissos anteriores<\/strong> &#8211; Em 2021, como parte de sua agenda ESG, a VLI assumiu compromissos p\u00fablicos que continuam vigentes: a redu\u00e7\u00e3o de 15% de emiss\u00e3o de gases do efeito estufa por tonelada transportada at\u00e9 2030 e o alcance de 30% de mulheres em cargos de lideran\u00e7a at\u00e9 2025.<\/p>\n<p>Na ocasi\u00e3o, a VLI tamb\u00e9m estabeleceu o compromisso de alcan\u00e7ar e manter o \u00edndice de 60% de contrata\u00e7\u00e3o de fornecedores locais e a reduzir em 20% o consumo de \u00e1gua nova nas opera\u00e7\u00f5es. Nesses casos, as metas j\u00e1 foram cumpridas antecipadamente e a companhia segue trabalhando na intensifica\u00e7\u00e3o desses pilares.<\/p>\n<p><img decoding=\"async\" class=\"wp-image-22941 size-medium alignleft\" src=\"https:\/\/portosma.com.br\/wp-content\/uploads\/2025\/06\/CAPA-2-300x200.jpg\" alt=\"\" width=\"300\" height=\"200\" srcset=\"https:\/\/portosma.com.br\/wp-content\/uploads\/2025\/06\/CAPA-2-300x200.jpg 300w, https:\/\/portosma.com.br\/wp-content\/uploads\/2025\/06\/CAPA-2-768x512.jpg 768w, https:\/\/portosma.com.br\/wp-content\/uploads\/2025\/06\/CAPA-2.jpg 900w\" sizes=\"(max-width: 300px) 100vw, 300px\" \/><\/p>\n<p><strong>Sobre a VLI<\/strong> &#8211; <em>A VLI tem o compromisso de apoiar a transforma\u00e7\u00e3o da log\u00edstica no pa\u00eds, por meio da integra\u00e7\u00e3o de servi\u00e7os em portos, ferrovias e terminais. A empresa engloba as ferrovias Norte Sul (FNS) e Centro-Atl\u00e2ntica (FCA), al\u00e9m de terminais intermodais, que unem o carregamento e o descarregamento de produtos ao transporte ferrovi\u00e1rio, e terminais portu\u00e1rios situados em eixos estrat\u00e9gicos da costa brasileira, tais como em Santos (SP), S\u00e3o Lu\u00eds (MA) e Vit\u00f3ria (ES). Ela transporta as riquezas do Brasil por rotas que passam pelas regi\u00f5es Norte, Nordeste, Sudeste e Centro-Oeste. A companhia est\u00e1 entre as 50 melhores empresas para trabalhar no pa\u00eds, reconhecimento concedido pela consultoria global Great Place to Work (GPTW). E, por cinco anos consecutivos, a VLI est\u00e1 entre as tr\u00eas companhias mais inovadoras do setor de Transporte e Log\u00edstica no ranking do Valor Inova\u00e7\u00e3o.<\/em><\/p>\n<p>&nbsp;<\/p>\n<p><span style=\"color: #999999;\"><em><strong>&nbsp;Fonte:<\/strong><\/em><\/span><br \/>\n<span style=\"color: #999999;\"><em><strong>WComunica\u00e7\u00e3o &#8211; Assessoria de Imprensa e Consultoria<\/strong><\/em><\/span><\/p>\n","protected":false},"excerpt":{"rendered":"<p>Novos desafios preveem a redu\u00e7\u00e3o de res\u00edduos de rotina e o alcance de 150 mil pessoas com projetos em comunidades onde a companhia atua.<\/p>\n","protected":false},"author":1,"featured_media":22939,"comment_status":"closed","ping_status":"open","sticky":false,"template":"","format":"standard","meta":{"_editorskit_title_hidden":false,"_editorskit_reading_time":0,"_editorskit_is_block_options_detached":false,"_editorskit_block_options_position":"{}","ngg_post_thumbnail":0,"footnotes":""},"categories":[1],"tags":[],"class_list":["post-22938","post","type-post","status-publish","format-standard","has-post-thumbnail","hentry","category-noticias"],"yoast_head":"<!-- This site is optimized with the Yoast SEO plugin v22.5 - https:\/\/yoast.com\/wordpress\/plugins\/seo\/ -->\n<title>Relat\u00f3rio Sustentabilidade da VLI estabelece novos compromissos - Portosma<\/title>\n<meta name=\"robots\" content=\"index, follow, max-snippet:-1, max-image-preview:large, max-video-preview:-1\" \/>\n<link rel=\"canonical\" href=\"https:\/\/portosma.com.br\/index.php\/2025\/06\/12\/relatorio-de-sustentabilidade-da-vli-estabelece-novos-compromissos-esg\/\" \/>\n<meta property=\"og:locale\" content=\"pt_BR\" \/>\n<meta property=\"og:type\" content=\"article\" \/>\n<meta property=\"og:title\" content=\"Relat\u00f3rio Sustentabilidade da VLI estabelece novos compromissos - Portosma\" \/>\n<meta property=\"og:description\" content=\"Novos desafios preveem a redu\u00e7\u00e3o de res\u00edduos de rotina e o alcance de 150 mil pessoas com projetos em comunidades onde a companhia atua.\" \/>\n<meta property=\"og:url\" content=\"https:\/\/portosma.com.br\/index.php\/2025\/06\/12\/relatorio-de-sustentabilidade-da-vli-estabelece-novos-compromissos-esg\/\" \/>\n<meta property=\"og:site_name\" content=\"Portosma\" \/>\n<meta property=\"article:published_time\" content=\"2025-06-12T13:09:51+00:00\" \/>\n<meta property=\"article:modified_time\" content=\"2025-06-12T13:12:12+00:00\" \/>\n<meta property=\"og:image\" content=\"https:\/\/portosma.com.br\/wp-content\/uploads\/2025\/06\/CAPA-1.jpg\" \/>\n\t<meta property=\"og:image:width\" content=\"1200\" \/>\n\t<meta property=\"og:image:height\" content=\"505\" \/>\n\t<meta property=\"og:image:type\" content=\"image\/jpeg\" \/>\n<meta name=\"author\" content=\"admin\" \/>\n<meta name=\"twitter:card\" content=\"summary_large_image\" \/>\n<meta name=\"twitter:label1\" content=\"Escrito por\" \/>\n\t<meta name=\"twitter:data1\" content=\"admin\" \/>\n\t<meta name=\"twitter:label2\" content=\"Est. tempo de leitura\" \/>\n\t<meta name=\"twitter:data2\" content=\"4 minutos\" \/>\n<script type=\"application\/ld+json\" class=\"yoast-schema-graph\">{\"@context\":\"https:\/\/schema.org\",\"@graph\":[{\"@type\":\"Article\",\"@id\":\"https:\/\/portosma.com.br\/index.php\/2025\/06\/12\/relatorio-de-sustentabilidade-da-vli-estabelece-novos-compromissos-esg\/#article\",\"isPartOf\":{\"@id\":\"https:\/\/portosma.com.br\/index.php\/2025\/06\/12\/relatorio-de-sustentabilidade-da-vli-estabelece-novos-compromissos-esg\/\"},\"author\":{\"name\":\"admin\",\"@id\":\"https:\/\/portosma.com.br\/#\/schema\/person\/fb92dfe283ab47293259c87c813d8623\"},\"headline\":\"Relat\u00f3rio Sustentabilidade da VLI estabelece novos compromissos\",\"datePublished\":\"2025-06-12T13:09:51+00:00\",\"dateModified\":\"2025-06-12T13:12:12+00:00\",\"mainEntityOfPage\":{\"@id\":\"https:\/\/portosma.com.br\/index.php\/2025\/06\/12\/relatorio-de-sustentabilidade-da-vli-estabelece-novos-compromissos-esg\/\"},\"wordCount\":634,\"publisher\":{\"@id\":\"https:\/\/portosma.com.br\/#organization\"},\"image\":{\"@id\":\"https:\/\/portosma.com.br\/index.php\/2025\/06\/12\/relatorio-de-sustentabilidade-da-vli-estabelece-novos-compromissos-esg\/#primaryimage\"},\"thumbnailUrl\":\"https:\/\/portosma.com.br\/wp-content\/uploads\/2025\/06\/CAPA-1.jpg\",\"articleSection\":[\"Not\u00edcias\"],\"inLanguage\":\"pt-BR\"},{\"@type\":\"WebPage\",\"@id\":\"https:\/\/portosma.com.br\/index.php\/2025\/06\/12\/relatorio-de-sustentabilidade-da-vli-estabelece-novos-compromissos-esg\/\",\"url\":\"https:\/\/portosma.com.br\/index.php\/2025\/06\/12\/relatorio-de-sustentabilidade-da-vli-estabelece-novos-compromissos-esg\/\",\"name\":\"Relat\u00f3rio Sustentabilidade da VLI estabelece novos compromissos - Portosma\",\"isPartOf\":{\"@id\":\"https:\/\/portosma.com.br\/#website\"},\"primaryImageOfPage\":{\"@id\":\"https:\/\/portosma.com.br\/index.php\/2025\/06\/12\/relatorio-de-sustentabilidade-da-vli-estabelece-novos-compromissos-esg\/#primaryimage\"},\"image\":{\"@id\":\"https:\/\/portosma.com.br\/index.php\/2025\/06\/12\/relatorio-de-sustentabilidade-da-vli-estabelece-novos-compromissos-esg\/#primaryimage\"},\"thumbnailUrl\":\"https:\/\/portosma.com.br\/wp-content\/uploads\/2025\/06\/CAPA-1.jpg\",\"datePublished\":\"2025-06-12T13:09:51+00:00\",\"dateModified\":\"2025-06-12T13:12:12+00:00\",\"breadcrumb\":{\"@id\":\"https:\/\/portosma.com.br\/index.php\/2025\/06\/12\/relatorio-de-sustentabilidade-da-vli-estabelece-novos-compromissos-esg\/#breadcrumb\"},\"inLanguage\":\"pt-BR\",\"potentialAction\":[{\"@type\":\"ReadAction\",\"target\":[\"https:\/\/portosma.com.br\/index.php\/2025\/06\/12\/relatorio-de-sustentabilidade-da-vli-estabelece-novos-compromissos-esg\/\"]}]},{\"@type\":\"ImageObject\",\"inLanguage\":\"pt-BR\",\"@id\":\"https:\/\/portosma.com.br\/index.php\/2025\/06\/12\/relatorio-de-sustentabilidade-da-vli-estabelece-novos-compromissos-esg\/#primaryimage\",\"url\":\"https:\/\/portosma.com.br\/wp-content\/uploads\/2025\/06\/CAPA-1.jpg\",\"contentUrl\":\"https:\/\/portosma.com.br\/wp-content\/uploads\/2025\/06\/CAPA-1.jpg\",\"width\":1200,\"height\":505},{\"@type\":\"BreadcrumbList\",\"@id\":\"https:\/\/portosma.com.br\/index.php\/2025\/06\/12\/relatorio-de-sustentabilidade-da-vli-estabelece-novos-compromissos-esg\/#breadcrumb\",\"itemListElement\":[{\"@type\":\"ListItem\",\"position\":1,\"name\":\"In\u00edcio\",\"item\":\"https:\/\/portosma.com.br\/\"},{\"@type\":\"ListItem\",\"position\":2,\"name\":\"Relat\u00f3rio Sustentabilidade da VLI estabelece novos compromissos\"}]},{\"@type\":\"WebSite\",\"@id\":\"https:\/\/portosma.com.br\/#website\",\"url\":\"https:\/\/portosma.com.br\/\",\"name\":\"Portosma\",\"description\":\"Um site de not\u00edcias\",\"publisher\":{\"@id\":\"https:\/\/portosma.com.br\/#organization\"},\"potentialAction\":[{\"@type\":\"SearchAction\",\"target\":{\"@type\":\"EntryPoint\",\"urlTemplate\":\"https:\/\/portosma.com.br\/?s={search_term_string}\"},\"query-input\":\"required name=search_term_string\"}],\"inLanguage\":\"pt-BR\"},{\"@type\":\"Organization\",\"@id\":\"https:\/\/portosma.com.br\/#organization\",\"name\":\"Portosma\",\"alternateName\":\"Portosma\",\"url\":\"https:\/\/portosma.com.br\/\",\"logo\":{\"@type\":\"ImageObject\",\"inLanguage\":\"pt-BR\",\"@id\":\"https:\/\/portosma.com.br\/#\/schema\/logo\/image\/\",\"url\":\"https:\/\/portosma.com.br\/wp-content\/uploads\/2026\/03\/cropped-AD-PORTOSMA.jpg\",\"contentUrl\":\"https:\/\/portosma.com.br\/wp-content\/uploads\/2026\/03\/cropped-AD-PORTOSMA.jpg\",\"width\":400,\"height\":115,\"caption\":\"Portosma\"},\"image\":{\"@id\":\"https:\/\/portosma.com.br\/#\/schema\/logo\/image\/\"}},{\"@type\":\"Person\",\"@id\":\"https:\/\/portosma.com.br\/#\/schema\/person\/fb92dfe283ab47293259c87c813d8623\",\"name\":\"admin\",\"sameAs\":[\"https:\/\/portosma.com.br\"],\"url\":\"https:\/\/portosma.com.br\/index.php\/author\/portosma\/\"}]}<\/script>\n<!-- \/ Yoast SEO plugin. -->","yoast_head_json":{"title":"Relat\u00f3rio Sustentabilidade da VLI estabelece novos compromissos - Portosma","robots":{"index":"index","follow":"follow","max-snippet":"max-snippet:-1","max-image-preview":"max-image-preview:large","max-video-preview":"max-video-preview:-1"},"canonical":"https:\/\/portosma.com.br\/index.php\/2025\/06\/12\/relatorio-de-sustentabilidade-da-vli-estabelece-novos-compromissos-esg\/","og_locale":"pt_BR","og_type":"article","og_title":"Relat\u00f3rio Sustentabilidade da VLI estabelece novos compromissos - Portosma","og_description":"Novos desafios preveem a redu\u00e7\u00e3o de res\u00edduos de rotina e o alcance de 150 mil pessoas com projetos em comunidades onde a companhia atua.","og_url":"https:\/\/portosma.com.br\/index.php\/2025\/06\/12\/relatorio-de-sustentabilidade-da-vli-estabelece-novos-compromissos-esg\/","og_site_name":"Portosma","article_published_time":"2025-06-12T13:09:51+00:00","article_modified_time":"2025-06-12T13:12:12+00:00","og_image":[{"width":1200,"height":505,"url":"https:\/\/portosma.com.br\/wp-content\/uploads\/2025\/06\/CAPA-1.jpg","type":"image\/jpeg"}],"author":"admin","twitter_card":"summary_large_image","twitter_misc":{"Escrito por":"admin","Est. tempo de leitura":"4 minutos"},"schema":{"@context":"https:\/\/schema.org","@graph":[{"@type":"Article","@id":"https:\/\/portosma.com.br\/index.php\/2025\/06\/12\/relatorio-de-sustentabilidade-da-vli-estabelece-novos-compromissos-esg\/#article","isPartOf":{"@id":"https:\/\/portosma.com.br\/index.php\/2025\/06\/12\/relatorio-de-sustentabilidade-da-vli-estabelece-novos-compromissos-esg\/"},"author":{"name":"admin","@id":"https:\/\/portosma.com.br\/#\/schema\/person\/fb92dfe283ab47293259c87c813d8623"},"headline":"Relat\u00f3rio Sustentabilidade da VLI estabelece novos compromissos","datePublished":"2025-06-12T13:09:51+00:00","dateModified":"2025-06-12T13:12:12+00:00","mainEntityOfPage":{"@id":"https:\/\/portosma.com.br\/index.php\/2025\/06\/12\/relatorio-de-sustentabilidade-da-vli-estabelece-novos-compromissos-esg\/"},"wordCount":634,"publisher":{"@id":"https:\/\/portosma.com.br\/#organization"},"image":{"@id":"https:\/\/portosma.com.br\/index.php\/2025\/06\/12\/relatorio-de-sustentabilidade-da-vli-estabelece-novos-compromissos-esg\/#primaryimage"},"thumbnailUrl":"https:\/\/portosma.com.br\/wp-content\/uploads\/2025\/06\/CAPA-1.jpg","articleSection":["Not\u00edcias"],"inLanguage":"pt-BR"},{"@type":"WebPage","@id":"https:\/\/portosma.com.br\/index.php\/2025\/06\/12\/relatorio-de-sustentabilidade-da-vli-estabelece-novos-compromissos-esg\/","url":"https:\/\/portosma.com.br\/index.php\/2025\/06\/12\/relatorio-de-sustentabilidade-da-vli-estabelece-novos-compromissos-esg\/","name":"Relat\u00f3rio Sustentabilidade da VLI estabelece novos compromissos - Portosma","isPartOf":{"@id":"https:\/\/portosma.com.br\/#website"},"primaryImageOfPage":{"@id":"https:\/\/portosma.com.br\/index.php\/2025\/06\/12\/relatorio-de-sustentabilidade-da-vli-estabelece-novos-compromissos-esg\/#primaryimage"},"image":{"@id":"https:\/\/portosma.com.br\/index.php\/2025\/06\/12\/relatorio-de-sustentabilidade-da-vli-estabelece-novos-compromissos-esg\/#primaryimage"},"thumbnailUrl":"https:\/\/portosma.com.br\/wp-content\/uploads\/2025\/06\/CAPA-1.jpg","datePublished":"2025-06-12T13:09:51+00:00","dateModified":"2025-06-12T13:12:12+00:00","breadcrumb":{"@id":"https:\/\/portosma.com.br\/index.php\/2025\/06\/12\/relatorio-de-sustentabilidade-da-vli-estabelece-novos-compromissos-esg\/#breadcrumb"},"inLanguage":"pt-BR","potentialAction":[{"@type":"ReadAction","target":["https:\/\/portosma.com.br\/index.php\/2025\/06\/12\/relatorio-de-sustentabilidade-da-vli-estabelece-novos-compromissos-esg\/"]}]},{"@type":"ImageObject","inLanguage":"pt-BR","@id":"https:\/\/portosma.com.br\/index.php\/2025\/06\/12\/relatorio-de-sustentabilidade-da-vli-estabelece-novos-compromissos-esg\/#primaryimage","url":"https:\/\/portosma.com.br\/wp-content\/uploads\/2025\/06\/CAPA-1.jpg","contentUrl":"https:\/\/portosma.com.br\/wp-content\/uploads\/2025\/06\/CAPA-1.jpg","width":1200,"height":505},{"@type":"BreadcrumbList","@id":"https:\/\/portosma.com.br\/index.php\/2025\/06\/12\/relatorio-de-sustentabilidade-da-vli-estabelece-novos-compromissos-esg\/#breadcrumb","itemListElement":[{"@type":"ListItem","position":1,"name":"In\u00edcio","item":"https:\/\/portosma.com.br\/"},{"@type":"ListItem","position":2,"name":"Relat\u00f3rio Sustentabilidade da VLI estabelece novos compromissos"}]},{"@type":"WebSite","@id":"https:\/\/portosma.com.br\/#website","url":"https:\/\/portosma.com.br\/","name":"Portosma","description":"Um site de not\u00edcias","publisher":{"@id":"https:\/\/portosma.com.br\/#organization"},"potentialAction":[{"@type":"SearchAction","target":{"@type":"EntryPoint","urlTemplate":"https:\/\/portosma.com.br\/?s={search_term_string}"},"query-input":"required name=search_term_string"}],"inLanguage":"pt-BR"},{"@type":"Organization","@id":"https:\/\/portosma.com.br\/#organization","name":"Portosma","alternateName":"Portosma","url":"https:\/\/portosma.com.br\/","logo":{"@type":"ImageObject","inLanguage":"pt-BR","@id":"https:\/\/portosma.com.br\/#\/schema\/logo\/image\/","url":"https:\/\/portosma.com.br\/wp-content\/uploads\/2026\/03\/cropped-AD-PORTOSMA.jpg","contentUrl":"https:\/\/portosma.com.br\/wp-content\/uploads\/2026\/03\/cropped-AD-PORTOSMA.jpg","width":400,"height":115,"caption":"Portosma"},"image":{"@id":"https:\/\/portosma.com.br\/#\/schema\/logo\/image\/"}},{"@type":"Person","@id":"https:\/\/portosma.com.br\/#\/schema\/person\/fb92dfe283ab47293259c87c813d8623","name":"admin","sameAs":["https:\/\/portosma.com.br"],"url":"https:\/\/portosma.com.br\/index.php\/author\/portosma\/"}]}},"_links":{"self":[{"href":"https:\/\/portosma.com.br\/index.php\/wp-json\/wp\/v2\/posts\/22938","targetHints":{"allow":["GET"]}}],"collection":[{"href":"https:\/\/portosma.com.br\/index.php\/wp-json\/wp\/v2\/posts"}],"about":[{"href":"https:\/\/portosma.com.br\/index.php\/wp-json\/wp\/v2\/types\/post"}],"author":[{"embeddable":true,"href":"https:\/\/portosma.com.br\/index.php\/wp-json\/wp\/v2\/users\/1"}],"replies":[{"embeddable":true,"href":"https:\/\/portosma.com.br\/index.php\/wp-json\/wp\/v2\/comments?post=22938"}],"version-history":[{"count":4,"href":"https:\/\/portosma.com.br\/index.php\/wp-json\/wp\/v2\/posts\/22938\/revisions"}],"predecessor-version":[{"id":22945,"href":"https:\/\/portosma.com.br\/index.php\/wp-json\/wp\/v2\/posts\/22938\/revisions\/22945"}],"wp:featuredmedia":[{"embeddable":true,"href":"https:\/\/portosma.com.br\/index.php\/wp-json\/wp\/v2\/media\/22939"}],"wp:attachment":[{"href":"https:\/\/portosma.com.br\/index.php\/wp-json\/wp\/v2\/media?parent=22938"}],"wp:term":[{"taxonomy":"category","embeddable":true,"href":"https:\/\/portosma.com.br\/index.php\/wp-json\/wp\/v2\/categories?post=22938"},{"taxonomy":"post_tag","embeddable":true,"href":"https:\/\/portosma.com.br\/index.php\/wp-json\/wp\/v2\/tags?post=22938"}],"curies":[{"name":"wp","href":"https:\/\/api.w.org\/{rel}","templated":true}]}}