{"id":22762,"date":"2025-06-03T19:22:34","date_gmt":"2025-06-03T19:22:34","guid":{"rendered":"https:\/\/portosma.com.br\/?p=22762"},"modified":"2025-06-04T01:06:29","modified_gmt":"2025-06-04T01:06:29","slug":"soamar-do-maranhao-elege-diretoria-para-o-bienio-2025-2027","status":"publish","type":"post","link":"https:\/\/portosma.com.br\/index.php\/2025\/06\/03\/soamar-do-maranhao-elege-diretoria-para-o-bienio-2025-2027\/","title":{"rendered":"Soamar do Maranh\u00e3o elege diretoria para o bi\u00eanio 2025\/2027"},"content":{"rendered":"<h4><span style=\"color: #808080;\"><em>Eleito por aclama\u00e7\u00e3o, por se tratar de chapa \u00fanica, o atual presidente, S\u00edlvio L\u00facio de Oliveira Aguiar foi reconduzido para mais um mandato.<\/em><\/span><\/h4>\n<p>A Sociedade dos Amigos da Marinha do Maranh\u00e3o, realizou no \u00faltimo s\u00e1bado, 31 de maio de 2025, uma Assembleia Ordin\u00e1ria para a escolha de sua nova diretoria para o bi\u00eanio 2025\/207. Segundo consta no Edital, \u201cO Presidente do Conselho Superior da Sociedade de Amigos da Marinha no Estado do Maranh\u00e3o, CMG Ademar Augusto Sim\u00f5es J\u00fanior, Capit\u00e3o dos Portos do Estado do Maranh\u00e3o, &nbsp;no uso das atribui\u00e7\u00f5es que lhe confere o Estatuto da Entidade, convocou a todos os associados, quites com suas obriga\u00e7\u00f5es estatut\u00e1rias, para Assembleia Ordin\u00e1ria a realizar-se na sala de reuni\u00e3o da SOAMAR-MA, sito \u00e0 Avenida Jos\u00e9 Sarney, s\/n &#8211; Jenipapeiro, em S\u00e3o Luis-MA, no seguinte dia e hor\u00e1rio: Sess\u00e3o Plen\u00e1ria \u00danica das 09h00 \u00e0 09h30min do dia 31 de maio de 2025, para apresenta\u00e7\u00e3o e aprova\u00e7\u00e3o do Relat\u00f3rio da Presta\u00e7\u00e3o de contas anual da Diretoria Executiva do Exerc\u00edcio de 2024 e das 09h30min \u00e0s 10h do mesmo dia, para elei\u00e7\u00e3o e posse da Diretoria Executiva, Conselhos Deliberativo e Fiscal, para tratar das seguintes Ordeens do dia\u201d.<\/p>\n<p>Na pauta, aprova\u00e7\u00e3o do Relat\u00f3rio da Presta\u00e7\u00e3o de contas Anual da Diretoria Executiva do Exerc\u00edcio de 2024; Elei\u00e7\u00e3o da Diretoria Executiva, e Conselhos Deliberativo e Fiscal, para o Bi\u00eanio de 2025 a 2027; e posse da Diretoria Executiva, e Conselhos Deliberativo e Fiscal, eleitos para o Bi\u00eanio de 2025 a 2027.<\/p>\n<p>A elei\u00e7\u00e3o, por ter apenas uma chapa registrada, foi feita por aclama\u00e7\u00e3o, sendo dada como vencedora a denominada \u201cAlmirante Manoel In\u00e1cio Belfort Vieira, que tem como presidente o senhor S\u00edlvio L\u00facio Oliveira Aguiar, atual presidente e, portanto, sendo reeleito para continuar a frente da entidade m\u00e1xima dos soamarinos do Maranh\u00e3o.<\/p>\n<p>O Capit\u00e3o dos Portos ao abrir os trabalhos, aproveitou a oportunidade para enaltecer o papel da Soamar que caminha sempre ao lado da Marinha e, tamb\u00e9m, agradecer a acolhida que teve em terras maranhenses quando as sua chegada em S\u00e3o Lu\u00eds para ser o Comandante da Capitania dos Portos do Estado. Em seguida o atual presidente leu a presta\u00e7\u00e3o de contas de sua gest\u00e3o anterior, sendo prontamente aprovada e, s\u00f3 ent\u00e3o, coube ao presidente do Conselho Administrativo, Ronildo Soares Jos\u00e9 de Carvalho, declarar como eleitos, e empossados, os novos diretores.<\/p>\n<p>A nova diretoria eleita para os pr\u00f3ximos dois anos \u2013 2025\/2027 &#8211; tem os seguintes membros:<\/p>\n<p><strong>DIRETORIA EXECUTIVA<\/strong><\/p>\n<p>*** Presidente: Silvio Lucio de Oliveira Aguiar<br \/>\n*** 1\u00ba Vice-Presidente: Luiz In\u00e1cio Corr\u00eaa Filho<br \/>\n*** 2\u00ba Vice-Presidente: Rog\u00e9rio Ferreira da Silva<br \/>\n*** 1\u00ba Diretor Secret\u00e1rio: Ricardo Cortes Monteiro da Silva<br \/>\n*** 1\u00ba Diretor Tesoureiro: Alfredo Ant\u00f4nio Silva Sousa<br \/>\n*** Diretor de Divulga\u00e7\u00e3o: Ricardo Reis Rebelo<br \/>\n*** 1\u00ba Diretor Social: Tamara N\u00fabia Duarte Bacurau<br \/>\n*** 1\u00ba Diretor Cultural: Marcio Costa Fernandes Vaz dos Santos<br \/>\n*** Diretor de Patrim\u00f4nio: Lidia Plueger Pereira dos Santos<br \/>\n*** Diretor Jur\u00eddico: Luis Augusto de Miranda Guterres Filho<\/p>\n<p><strong>CONSELHO DELIBERATIVO (<span style=\"color: #999999;\">TITULARES<\/span>)<\/strong><br \/>\n*** Ricardo Miccuci dos Santos<br \/>\n*** Ronildo Jos\u00e9 Soares de Carvalho<br \/>\n*** Orson Ant\u00f4nio Feres Moraes R\u00eago<br \/>\n*** Jos\u00e9 Gon\u00e7alves dos Santos Filho<\/p>\n<p><strong>CONSELHO DELIBERATIVO (<span style=\"color: #999999;\">SUPLENTES<\/span>)<\/strong><br \/>\n*** Carlos Eduardo Marques Cardoso<br \/>\n*** Luiz Carlos Cantanhede Fernandes<br \/>\n*** Jos\u00e9 Roberto Taranto<\/p>\n<p><strong>CONSELHO FISCAL (<span style=\"color: #999999;\">TITULARES<\/span>)<\/strong><br \/>\n*** Carlos Brand\u00e3o de Albuquerque Alves<br \/>\n*** Pedro Jean Souza Vieira<br \/>\n*** Eduardo de Carvalho Lago Filho<\/p>\n<p><strong>CONSELHO FISCAL (<span style=\"color: #999999;\">SUPLENTES<\/span>)<\/strong><br \/>\n*** Maycon Douglas Silva Melo<br \/>\n*** Marta Monteiro Aguiar<br \/>\n*** Carlos Renato Benzi de Silva Zamprogno<\/p>\n<p><span style=\"color: #0000ff;\"><strong>CONFIRA AS FOTOS<\/strong><\/span><\/p>\n<p><img fetchpriority=\"high\" decoding=\"async\" class=\"alignnone wp-image-22768 size-full\" src=\"https:\/\/portosma.com.br\/wp-content\/uploads\/2025\/06\/AGUIAR-14.jpg\" alt=\"\" width=\"900\" height=\"548\" srcset=\"https:\/\/portosma.com.br\/wp-content\/uploads\/2025\/06\/AGUIAR-14.jpg 900w, https:\/\/portosma.com.br\/wp-content\/uploads\/2025\/06\/AGUIAR-14-300x183.jpg 300w, https:\/\/portosma.com.br\/wp-content\/uploads\/2025\/06\/AGUIAR-14-768x468.jpg 768w\" sizes=\"(max-width: 900px) 100vw, 900px\" \/><\/p>\n<p><img decoding=\"async\" class=\"alignnone wp-image-22767 size-full\" src=\"https:\/\/portosma.com.br\/wp-content\/uploads\/2025\/06\/AGUIAR-13.jpg\" alt=\"\" width=\"900\" height=\"479\" srcset=\"https:\/\/portosma.com.br\/wp-content\/uploads\/2025\/06\/AGUIAR-13.jpg 900w, https:\/\/portosma.com.br\/wp-content\/uploads\/2025\/06\/AGUIAR-13-300x160.jpg 300w, https:\/\/portosma.com.br\/wp-content\/uploads\/2025\/06\/AGUIAR-13-768x409.jpg 768w\" sizes=\"(max-width: 900px) 100vw, 900px\" \/><\/p>\n<p><img decoding=\"async\" class=\"alignnone wp-image-22764 size-full\" src=\"https:\/\/portosma.com.br\/wp-content\/uploads\/2025\/06\/AGUIAR-10.jpg\" alt=\"\" width=\"900\" height=\"382\" srcset=\"https:\/\/portosma.com.br\/wp-content\/uploads\/2025\/06\/AGUIAR-10.jpg 900w, https:\/\/portosma.com.br\/wp-content\/uploads\/2025\/06\/AGUIAR-10-300x127.jpg 300w, https:\/\/portosma.com.br\/wp-content\/uploads\/2025\/06\/AGUIAR-10-768x326.jpg 768w\" sizes=\"(max-width: 900px) 100vw, 900px\" \/> &nbsp;<img loading=\"lazy\" decoding=\"async\" class=\"alignnone wp-image-22766 size-full\" src=\"https:\/\/portosma.com.br\/wp-content\/uploads\/2025\/06\/AGUIAR-12.jpg\" alt=\"\" width=\"900\" height=\"472\" srcset=\"https:\/\/portosma.com.br\/wp-content\/uploads\/2025\/06\/AGUIAR-12.jpg 900w, https:\/\/portosma.com.br\/wp-content\/uploads\/2025\/06\/AGUIAR-12-300x157.jpg 300w, https:\/\/portosma.com.br\/wp-content\/uploads\/2025\/06\/AGUIAR-12-768x403.jpg 768w\" sizes=\"(max-width: 900px) 100vw, 900px\" \/> &nbsp;&nbsp; <img loading=\"lazy\" decoding=\"async\" class=\"alignnone wp-image-22765 size-full\" src=\"https:\/\/portosma.com.br\/wp-content\/uploads\/2025\/06\/AGUIAR-11.jpg\" alt=\"\" width=\"900\" height=\"484\" srcset=\"https:\/\/portosma.com.br\/wp-content\/uploads\/2025\/06\/AGUIAR-11.jpg 900w, https:\/\/portosma.com.br\/wp-content\/uploads\/2025\/06\/AGUIAR-11-300x161.jpg 300w, https:\/\/portosma.com.br\/wp-content\/uploads\/2025\/06\/AGUIAR-11-768x413.jpg 768w\" sizes=\"(max-width: 900px) 100vw, 900px\" \/>&nbsp;<img loading=\"lazy\" decoding=\"async\" class=\"alignnone wp-image-22771 size-full\" src=\"https:\/\/portosma.com.br\/wp-content\/uploads\/2025\/06\/AGUIAR-17.jpg\" alt=\"\" width=\"900\" height=\"519\" srcset=\"https:\/\/portosma.com.br\/wp-content\/uploads\/2025\/06\/AGUIAR-17.jpg 900w, https:\/\/portosma.com.br\/wp-content\/uploads\/2025\/06\/AGUIAR-17-300x173.jpg 300w, https:\/\/portosma.com.br\/wp-content\/uploads\/2025\/06\/AGUIAR-17-768x443.jpg 768w\" sizes=\"(max-width: 900px) 100vw, 900px\" \/><\/p>\n<p><img loading=\"lazy\" decoding=\"async\" class=\"alignnone wp-image-22770 size-full\" src=\"https:\/\/portosma.com.br\/wp-content\/uploads\/2025\/06\/AGUIAR-16.jpg\" alt=\"\" width=\"900\" height=\"553\" srcset=\"https:\/\/portosma.com.br\/wp-content\/uploads\/2025\/06\/AGUIAR-16.jpg 900w, https:\/\/portosma.com.br\/wp-content\/uploads\/2025\/06\/AGUIAR-16-300x184.jpg 300w, https:\/\/portosma.com.br\/wp-content\/uploads\/2025\/06\/AGUIAR-16-768x472.jpg 768w\" sizes=\"(max-width: 900px) 100vw, 900px\" \/><\/p>\n","protected":false},"excerpt":{"rendered":"<p>Eleito por aclama\u00e7\u00e3o, por se tratar de chapa \u00fanica, o atual presidente, S\u00edlvio L\u00facio de Oliveira Aguiar foi reconduzido para mais um mandato.<\/p>\n","protected":false},"author":1,"featured_media":22763,"comment_status":"closed","ping_status":"open","sticky":false,"template":"","format":"standard","meta":{"_editorskit_title_hidden":false,"_editorskit_reading_time":0,"_editorskit_is_block_options_detached":false,"_editorskit_block_options_position":"{}","ngg_post_thumbnail":0,"footnotes":""},"categories":[1],"tags":[],"class_list":["post-22762","post","type-post","status-publish","format-standard","has-post-thumbnail","hentry","category-noticias"],"yoast_head":"<!-- This site is optimized with the Yoast SEO plugin v22.5 - https:\/\/yoast.com\/wordpress\/plugins\/seo\/ -->\n<title>Soamar do Maranh\u00e3o elege diretoria para o bi\u00eanio 2025\/2027 - Portosma<\/title>\n<meta name=\"robots\" content=\"index, follow, max-snippet:-1, max-image-preview:large, max-video-preview:-1\" \/>\n<link rel=\"canonical\" href=\"https:\/\/portosma.com.br\/index.php\/2025\/06\/03\/soamar-do-maranhao-elege-diretoria-para-o-bienio-2025-2027\/\" \/>\n<meta property=\"og:locale\" content=\"pt_BR\" \/>\n<meta property=\"og:type\" content=\"article\" \/>\n<meta property=\"og:title\" content=\"Soamar do Maranh\u00e3o elege diretoria para o bi\u00eanio 2025\/2027 - Portosma\" \/>\n<meta property=\"og:description\" content=\"Eleito por aclama\u00e7\u00e3o, por se tratar de chapa \u00fanica, o atual presidente, S\u00edlvio L\u00facio de Oliveira Aguiar foi reconduzido para mais um mandato.\" \/>\n<meta property=\"og:url\" content=\"https:\/\/portosma.com.br\/index.php\/2025\/06\/03\/soamar-do-maranhao-elege-diretoria-para-o-bienio-2025-2027\/\" \/>\n<meta property=\"og:site_name\" content=\"Portosma\" \/>\n<meta property=\"article:published_time\" content=\"2025-06-03T19:22:34+00:00\" \/>\n<meta property=\"article:modified_time\" content=\"2025-06-04T01:06:29+00:00\" \/>\n<meta property=\"og:image\" content=\"https:\/\/portosma.com.br\/wp-content\/uploads\/2025\/06\/AGUIAR-CAPA-2.jpg\" \/>\n\t<meta property=\"og:image:width\" content=\"1200\" \/>\n\t<meta property=\"og:image:height\" content=\"504\" \/>\n\t<meta property=\"og:image:type\" content=\"image\/jpeg\" \/>\n<meta name=\"author\" content=\"admin\" \/>\n<meta name=\"twitter:card\" content=\"summary_large_image\" \/>\n<meta name=\"twitter:label1\" content=\"Escrito por\" \/>\n\t<meta name=\"twitter:data1\" content=\"admin\" \/>\n\t<meta name=\"twitter:label2\" content=\"Est. tempo de leitura\" \/>\n\t<meta name=\"twitter:data2\" content=\"5 minutos\" \/>\n<script type=\"application\/ld+json\" class=\"yoast-schema-graph\">{\"@context\":\"https:\/\/schema.org\",\"@graph\":[{\"@type\":\"Article\",\"@id\":\"https:\/\/portosma.com.br\/index.php\/2025\/06\/03\/soamar-do-maranhao-elege-diretoria-para-o-bienio-2025-2027\/#article\",\"isPartOf\":{\"@id\":\"https:\/\/portosma.com.br\/index.php\/2025\/06\/03\/soamar-do-maranhao-elege-diretoria-para-o-bienio-2025-2027\/\"},\"author\":{\"name\":\"admin\",\"@id\":\"https:\/\/portosma.com.br\/#\/schema\/person\/fb92dfe283ab47293259c87c813d8623\"},\"headline\":\"Soamar do Maranh\u00e3o elege diretoria para o bi\u00eanio 2025\/2027\",\"datePublished\":\"2025-06-03T19:22:34+00:00\",\"dateModified\":\"2025-06-04T01:06:29+00:00\",\"mainEntityOfPage\":{\"@id\":\"https:\/\/portosma.com.br\/index.php\/2025\/06\/03\/soamar-do-maranhao-elege-diretoria-para-o-bienio-2025-2027\/\"},\"wordCount\":602,\"publisher\":{\"@id\":\"https:\/\/portosma.com.br\/#organization\"},\"image\":{\"@id\":\"https:\/\/portosma.com.br\/index.php\/2025\/06\/03\/soamar-do-maranhao-elege-diretoria-para-o-bienio-2025-2027\/#primaryimage\"},\"thumbnailUrl\":\"https:\/\/portosma.com.br\/wp-content\/uploads\/2025\/06\/AGUIAR-CAPA-2.jpg\",\"articleSection\":[\"Not\u00edcias\"],\"inLanguage\":\"pt-BR\"},{\"@type\":\"WebPage\",\"@id\":\"https:\/\/portosma.com.br\/index.php\/2025\/06\/03\/soamar-do-maranhao-elege-diretoria-para-o-bienio-2025-2027\/\",\"url\":\"https:\/\/portosma.com.br\/index.php\/2025\/06\/03\/soamar-do-maranhao-elege-diretoria-para-o-bienio-2025-2027\/\",\"name\":\"Soamar do Maranh\u00e3o elege diretoria para o bi\u00eanio 2025\/2027 - Portosma\",\"isPartOf\":{\"@id\":\"https:\/\/portosma.com.br\/#website\"},\"primaryImageOfPage\":{\"@id\":\"https:\/\/portosma.com.br\/index.php\/2025\/06\/03\/soamar-do-maranhao-elege-diretoria-para-o-bienio-2025-2027\/#primaryimage\"},\"image\":{\"@id\":\"https:\/\/portosma.com.br\/index.php\/2025\/06\/03\/soamar-do-maranhao-elege-diretoria-para-o-bienio-2025-2027\/#primaryimage\"},\"thumbnailUrl\":\"https:\/\/portosma.com.br\/wp-content\/uploads\/2025\/06\/AGUIAR-CAPA-2.jpg\",\"datePublished\":\"2025-06-03T19:22:34+00:00\",\"dateModified\":\"2025-06-04T01:06:29+00:00\",\"breadcrumb\":{\"@id\":\"https:\/\/portosma.com.br\/index.php\/2025\/06\/03\/soamar-do-maranhao-elege-diretoria-para-o-bienio-2025-2027\/#breadcrumb\"},\"inLanguage\":\"pt-BR\",\"potentialAction\":[{\"@type\":\"ReadAction\",\"target\":[\"https:\/\/portosma.com.br\/index.php\/2025\/06\/03\/soamar-do-maranhao-elege-diretoria-para-o-bienio-2025-2027\/\"]}]},{\"@type\":\"ImageObject\",\"inLanguage\":\"pt-BR\",\"@id\":\"https:\/\/portosma.com.br\/index.php\/2025\/06\/03\/soamar-do-maranhao-elege-diretoria-para-o-bienio-2025-2027\/#primaryimage\",\"url\":\"https:\/\/portosma.com.br\/wp-content\/uploads\/2025\/06\/AGUIAR-CAPA-2.jpg\",\"contentUrl\":\"https:\/\/portosma.com.br\/wp-content\/uploads\/2025\/06\/AGUIAR-CAPA-2.jpg\",\"width\":1200,\"height\":504},{\"@type\":\"BreadcrumbList\",\"@id\":\"https:\/\/portosma.com.br\/index.php\/2025\/06\/03\/soamar-do-maranhao-elege-diretoria-para-o-bienio-2025-2027\/#breadcrumb\",\"itemListElement\":[{\"@type\":\"ListItem\",\"position\":1,\"name\":\"In\u00edcio\",\"item\":\"https:\/\/portosma.com.br\/\"},{\"@type\":\"ListItem\",\"position\":2,\"name\":\"Soamar do Maranh\u00e3o elege diretoria para o bi\u00eanio 2025\/2027\"}]},{\"@type\":\"WebSite\",\"@id\":\"https:\/\/portosma.com.br\/#website\",\"url\":\"https:\/\/portosma.com.br\/\",\"name\":\"Portosma\",\"description\":\"Um site de not\u00edcias\",\"publisher\":{\"@id\":\"https:\/\/portosma.com.br\/#organization\"},\"potentialAction\":[{\"@type\":\"SearchAction\",\"target\":{\"@type\":\"EntryPoint\",\"urlTemplate\":\"https:\/\/portosma.com.br\/?s={search_term_string}\"},\"query-input\":\"required name=search_term_string\"}],\"inLanguage\":\"pt-BR\"},{\"@type\":\"Organization\",\"@id\":\"https:\/\/portosma.com.br\/#organization\",\"name\":\"Portosma\",\"alternateName\":\"Portosma\",\"url\":\"https:\/\/portosma.com.br\/\",\"logo\":{\"@type\":\"ImageObject\",\"inLanguage\":\"pt-BR\",\"@id\":\"https:\/\/portosma.com.br\/#\/schema\/logo\/image\/\",\"url\":\"https:\/\/portosma.com.br\/wp-content\/uploads\/2026\/03\/cropped-AD-PORTOSMA.jpg\",\"contentUrl\":\"https:\/\/portosma.com.br\/wp-content\/uploads\/2026\/03\/cropped-AD-PORTOSMA.jpg\",\"width\":400,\"height\":115,\"caption\":\"Portosma\"},\"image\":{\"@id\":\"https:\/\/portosma.com.br\/#\/schema\/logo\/image\/\"}},{\"@type\":\"Person\",\"@id\":\"https:\/\/portosma.com.br\/#\/schema\/person\/fb92dfe283ab47293259c87c813d8623\",\"name\":\"admin\",\"sameAs\":[\"https:\/\/portosma.com.br\"],\"url\":\"https:\/\/portosma.com.br\/index.php\/author\/portosma\/\"}]}<\/script>\n<!-- \/ Yoast SEO plugin. -->","yoast_head_json":{"title":"Soamar do Maranh\u00e3o elege diretoria para o bi\u00eanio 2025\/2027 - Portosma","robots":{"index":"index","follow":"follow","max-snippet":"max-snippet:-1","max-image-preview":"max-image-preview:large","max-video-preview":"max-video-preview:-1"},"canonical":"https:\/\/portosma.com.br\/index.php\/2025\/06\/03\/soamar-do-maranhao-elege-diretoria-para-o-bienio-2025-2027\/","og_locale":"pt_BR","og_type":"article","og_title":"Soamar do Maranh\u00e3o elege diretoria para o bi\u00eanio 2025\/2027 - Portosma","og_description":"Eleito por aclama\u00e7\u00e3o, por se tratar de chapa \u00fanica, o atual presidente, S\u00edlvio L\u00facio de Oliveira Aguiar foi reconduzido para mais um mandato.","og_url":"https:\/\/portosma.com.br\/index.php\/2025\/06\/03\/soamar-do-maranhao-elege-diretoria-para-o-bienio-2025-2027\/","og_site_name":"Portosma","article_published_time":"2025-06-03T19:22:34+00:00","article_modified_time":"2025-06-04T01:06:29+00:00","og_image":[{"width":1200,"height":504,"url":"https:\/\/portosma.com.br\/wp-content\/uploads\/2025\/06\/AGUIAR-CAPA-2.jpg","type":"image\/jpeg"}],"author":"admin","twitter_card":"summary_large_image","twitter_misc":{"Escrito por":"admin","Est. tempo de leitura":"5 minutos"},"schema":{"@context":"https:\/\/schema.org","@graph":[{"@type":"Article","@id":"https:\/\/portosma.com.br\/index.php\/2025\/06\/03\/soamar-do-maranhao-elege-diretoria-para-o-bienio-2025-2027\/#article","isPartOf":{"@id":"https:\/\/portosma.com.br\/index.php\/2025\/06\/03\/soamar-do-maranhao-elege-diretoria-para-o-bienio-2025-2027\/"},"author":{"name":"admin","@id":"https:\/\/portosma.com.br\/#\/schema\/person\/fb92dfe283ab47293259c87c813d8623"},"headline":"Soamar do Maranh\u00e3o elege diretoria para o bi\u00eanio 2025\/2027","datePublished":"2025-06-03T19:22:34+00:00","dateModified":"2025-06-04T01:06:29+00:00","mainEntityOfPage":{"@id":"https:\/\/portosma.com.br\/index.php\/2025\/06\/03\/soamar-do-maranhao-elege-diretoria-para-o-bienio-2025-2027\/"},"wordCount":602,"publisher":{"@id":"https:\/\/portosma.com.br\/#organization"},"image":{"@id":"https:\/\/portosma.com.br\/index.php\/2025\/06\/03\/soamar-do-maranhao-elege-diretoria-para-o-bienio-2025-2027\/#primaryimage"},"thumbnailUrl":"https:\/\/portosma.com.br\/wp-content\/uploads\/2025\/06\/AGUIAR-CAPA-2.jpg","articleSection":["Not\u00edcias"],"inLanguage":"pt-BR"},{"@type":"WebPage","@id":"https:\/\/portosma.com.br\/index.php\/2025\/06\/03\/soamar-do-maranhao-elege-diretoria-para-o-bienio-2025-2027\/","url":"https:\/\/portosma.com.br\/index.php\/2025\/06\/03\/soamar-do-maranhao-elege-diretoria-para-o-bienio-2025-2027\/","name":"Soamar do Maranh\u00e3o elege diretoria para o bi\u00eanio 2025\/2027 - Portosma","isPartOf":{"@id":"https:\/\/portosma.com.br\/#website"},"primaryImageOfPage":{"@id":"https:\/\/portosma.com.br\/index.php\/2025\/06\/03\/soamar-do-maranhao-elege-diretoria-para-o-bienio-2025-2027\/#primaryimage"},"image":{"@id":"https:\/\/portosma.com.br\/index.php\/2025\/06\/03\/soamar-do-maranhao-elege-diretoria-para-o-bienio-2025-2027\/#primaryimage"},"thumbnailUrl":"https:\/\/portosma.com.br\/wp-content\/uploads\/2025\/06\/AGUIAR-CAPA-2.jpg","datePublished":"2025-06-03T19:22:34+00:00","dateModified":"2025-06-04T01:06:29+00:00","breadcrumb":{"@id":"https:\/\/portosma.com.br\/index.php\/2025\/06\/03\/soamar-do-maranhao-elege-diretoria-para-o-bienio-2025-2027\/#breadcrumb"},"inLanguage":"pt-BR","potentialAction":[{"@type":"ReadAction","target":["https:\/\/portosma.com.br\/index.php\/2025\/06\/03\/soamar-do-maranhao-elege-diretoria-para-o-bienio-2025-2027\/"]}]},{"@type":"ImageObject","inLanguage":"pt-BR","@id":"https:\/\/portosma.com.br\/index.php\/2025\/06\/03\/soamar-do-maranhao-elege-diretoria-para-o-bienio-2025-2027\/#primaryimage","url":"https:\/\/portosma.com.br\/wp-content\/uploads\/2025\/06\/AGUIAR-CAPA-2.jpg","contentUrl":"https:\/\/portosma.com.br\/wp-content\/uploads\/2025\/06\/AGUIAR-CAPA-2.jpg","width":1200,"height":504},{"@type":"BreadcrumbList","@id":"https:\/\/portosma.com.br\/index.php\/2025\/06\/03\/soamar-do-maranhao-elege-diretoria-para-o-bienio-2025-2027\/#breadcrumb","itemListElement":[{"@type":"ListItem","position":1,"name":"In\u00edcio","item":"https:\/\/portosma.com.br\/"},{"@type":"ListItem","position":2,"name":"Soamar do Maranh\u00e3o elege diretoria para o bi\u00eanio 2025\/2027"}]},{"@type":"WebSite","@id":"https:\/\/portosma.com.br\/#website","url":"https:\/\/portosma.com.br\/","name":"Portosma","description":"Um site de not\u00edcias","publisher":{"@id":"https:\/\/portosma.com.br\/#organization"},"potentialAction":[{"@type":"SearchAction","target":{"@type":"EntryPoint","urlTemplate":"https:\/\/portosma.com.br\/?s={search_term_string}"},"query-input":"required name=search_term_string"}],"inLanguage":"pt-BR"},{"@type":"Organization","@id":"https:\/\/portosma.com.br\/#organization","name":"Portosma","alternateName":"Portosma","url":"https:\/\/portosma.com.br\/","logo":{"@type":"ImageObject","inLanguage":"pt-BR","@id":"https:\/\/portosma.com.br\/#\/schema\/logo\/image\/","url":"https:\/\/portosma.com.br\/wp-content\/uploads\/2026\/03\/cropped-AD-PORTOSMA.jpg","contentUrl":"https:\/\/portosma.com.br\/wp-content\/uploads\/2026\/03\/cropped-AD-PORTOSMA.jpg","width":400,"height":115,"caption":"Portosma"},"image":{"@id":"https:\/\/portosma.com.br\/#\/schema\/logo\/image\/"}},{"@type":"Person","@id":"https:\/\/portosma.com.br\/#\/schema\/person\/fb92dfe283ab47293259c87c813d8623","name":"admin","sameAs":["https:\/\/portosma.com.br"],"url":"https:\/\/portosma.com.br\/index.php\/author\/portosma\/"}]}},"_links":{"self":[{"href":"https:\/\/portosma.com.br\/index.php\/wp-json\/wp\/v2\/posts\/22762","targetHints":{"allow":["GET"]}}],"collection":[{"href":"https:\/\/portosma.com.br\/index.php\/wp-json\/wp\/v2\/posts"}],"about":[{"href":"https:\/\/portosma.com.br\/index.php\/wp-json\/wp\/v2\/types\/post"}],"author":[{"embeddable":true,"href":"https:\/\/portosma.com.br\/index.php\/wp-json\/wp\/v2\/users\/1"}],"replies":[{"embeddable":true,"href":"https:\/\/portosma.com.br\/index.php\/wp-json\/wp\/v2\/comments?post=22762"}],"version-history":[{"count":4,"href":"https:\/\/portosma.com.br\/index.php\/wp-json\/wp\/v2\/posts\/22762\/revisions"}],"predecessor-version":[{"id":22782,"href":"https:\/\/portosma.com.br\/index.php\/wp-json\/wp\/v2\/posts\/22762\/revisions\/22782"}],"wp:featuredmedia":[{"embeddable":true,"href":"https:\/\/portosma.com.br\/index.php\/wp-json\/wp\/v2\/media\/22763"}],"wp:attachment":[{"href":"https:\/\/portosma.com.br\/index.php\/wp-json\/wp\/v2\/media?parent=22762"}],"wp:term":[{"taxonomy":"category","embeddable":true,"href":"https:\/\/portosma.com.br\/index.php\/wp-json\/wp\/v2\/categories?post=22762"},{"taxonomy":"post_tag","embeddable":true,"href":"https:\/\/portosma.com.br\/index.php\/wp-json\/wp\/v2\/tags?post=22762"}],"curies":[{"name":"wp","href":"https:\/\/api.w.org\/{rel}","templated":true}]}}