{"id":22755,"date":"2025-06-03T13:03:53","date_gmt":"2025-06-03T13:03:53","guid":{"rendered":"https:\/\/portosma.com.br\/?p=22755"},"modified":"2025-06-03T13:03:53","modified_gmt":"2025-06-03T13:03:53","slug":"vli-e-a-nova-mantenedora-do-centro-das-industrias-do-maranhao","status":"publish","type":"post","link":"https:\/\/portosma.com.br\/index.php\/2025\/06\/03\/vli-e-a-nova-mantenedora-do-centro-das-industrias-do-maranhao\/","title":{"rendered":"VLI \u00e9 a nova mantenedora do Centro das Ind\u00fastrias do Maranh\u00e3o"},"content":{"rendered":"<p>A VLI, companhia de solu\u00e7\u00f5es log\u00edsticas que opera ferrovias, portos e terminais, agora \u00e9 associada e mantenedora do Centro das Ind\u00fastrias do Estado do Maranh\u00e3o (Ciema). A entrada da empresa no grupo refor\u00e7a o compromisso com o fortalecimento da ind\u00fastria maranhense e com o desenvolvimento socioecon\u00f4mico do estado. A formaliza\u00e7\u00e3o da associa\u00e7\u00e3o ocorreu durante reuni\u00e3o extraordin\u00e1ria da diretoria do Ciema, realizada no finam do \u00faltimo m\u00eas, na sede da Federa\u00e7\u00e3o das Ind\u00fastrias do Estado do Maranh\u00e3o (Fiema), em S\u00e3o Lu\u00eds. A VLI foi representada no encontro pela gerente de Relacionamento Institucional da companhia, Rachel Jord\u00e3o.<\/p>\n<p>\u201cA VLI \u00e9 parceira do desenvolvimento do Maranh\u00e3o, por meio das atividades que desempenhamos no estado, por meio da opera\u00e7\u00e3o no Corredor Norte da Companhia. Unindo for\u00e7as com empresas que compartilham desse mesmo prop\u00f3sito de transforma\u00e7\u00e3o e desenvolvimento, acreditamos que podemos conseguir um impacto positivo ainda mais forte \u201d, destaca Rachel.<\/p>\n<p>A associa\u00e7\u00e3o ao Ciema fortalece a atua\u00e7\u00e3o institucional da companhia, especialmente em pautas relacionadas \u00e0 ind\u00fastria e \u00e0 infraestrutura. Como mantenedora, a VLI passa a ter direito a voto nas delibera\u00e7\u00f5es do Centro, participando ativamente das decis\u00f5es estrat\u00e9gicas.<\/p>\n<p><img fetchpriority=\"high\" decoding=\"async\" class=\"alignnone wp-image-22757 size-full\" src=\"https:\/\/portosma.com.br\/wp-content\/uploads\/2025\/06\/GERENTE-VLI-2.jpg\" alt=\"\" width=\"900\" height=\"560\" srcset=\"https:\/\/portosma.com.br\/wp-content\/uploads\/2025\/06\/GERENTE-VLI-2.jpg 900w, https:\/\/portosma.com.br\/wp-content\/uploads\/2025\/06\/GERENTE-VLI-2-300x187.jpg 300w, https:\/\/portosma.com.br\/wp-content\/uploads\/2025\/06\/GERENTE-VLI-2-768x478.jpg 768w\" sizes=\"(max-width: 900px) 100vw, 900px\" \/><\/p>\n<p>O Ciema \u00e9 uma entidade civil sem fins lucrativos, apartid\u00e1ria, fundada em 1967 e reativada em 2022. A institui\u00e7\u00e3o atua em defesa dos interesses da ind\u00fastria maranhense, promovendo debates mensais sobre temas como meio ambiente, infraestrutura, legisla\u00e7\u00e3o e pol\u00edticas p\u00fablicas. Na foto, a gerente de RI da VLI, Rachel Jord\u00e3o, no evento do Ciema.<\/p>\n<p><strong>VLI no Maranh\u00e3o<\/strong> &#8211; <em>A VLI opera no Maranh\u00e3o, por meio do Corredor Norte, que inclui o tramo norte da Ferrovia Norte Sul (FNS), uma concess\u00e3o da VLI, e a Estrada de Ferro Caraj\u00e1s, por onde as composi\u00e7\u00f5es da companhia trafegam por direito de passagem para alcan\u00e7ar o sistema portu\u00e1rio de S\u00e3o Lu\u00eds. O corredor conta tamb\u00e9m com o Terminal Integrador de Porto Franco e com uma oficina ferrovi\u00e1ria instalada em Imperatriz. Pela sua import\u00e2ncia e efici\u00eancia, a FNS foi reconhecida no pr\u00eamio Maiores do Transporte &amp; Melhores do Transporte 2024 como a melhor ferrovia de carga do Brasil.<\/em><\/p>\n<p><strong>Sobre a VLI &#8211; <\/strong><em>A VLI tem o compromisso de apoiar a transforma\u00e7\u00e3o da log\u00edstica no pa\u00eds, por meio da integra\u00e7\u00e3o de servi\u00e7os em portos, ferrovias e terminais. A empresa engloba as ferrovias Norte Sul (FNS) e Centro-Atl\u00e2ntica (FCA), al\u00e9m de terminais intermodais, que unem o carregamento e o descarregamento de produtos ao transporte ferrovi\u00e1rio, e terminais portu\u00e1rios situados em eixos estrat\u00e9gicos da costa brasileira, tais como em Santos (SP), S\u00e3o Lu\u00eds (MA) e Vit\u00f3ria (ES). Ela transporta as riquezas do Brasil por rotas que passam pelas regi\u00f5es Norte, Nordeste, Sudeste e Centro-Oeste. A companhia est\u00e1 entre as 50 melhores empresas para trabalhar no pa\u00eds, reconhecimento concedido pela consultoria global Great Place to Work (GPTW). E, por cinco anos consecutivos, a VLI est\u00e1 entre as tr\u00eas companhias mais inovadoras do setor de Transporte e Log\u00edstica no ranking do Valor Inova\u00e7\u00e3o.<\/em><\/p>\n","protected":false},"excerpt":{"rendered":"<p>A associa\u00e7\u00e3o ao Ciema fortalece a atua\u00e7\u00e3o institucional da companhia, especialmente em pautas relacionadas \u00e0 ind\u00fastria e \u00e0 infraestrutura.<\/p>\n","protected":false},"author":1,"featured_media":22756,"comment_status":"closed","ping_status":"open","sticky":false,"template":"","format":"standard","meta":{"_editorskit_title_hidden":false,"_editorskit_reading_time":0,"_editorskit_is_block_options_detached":false,"_editorskit_block_options_position":"{}","ngg_post_thumbnail":0,"footnotes":""},"categories":[1],"tags":[],"class_list":["post-22755","post","type-post","status-publish","format-standard","has-post-thumbnail","hentry","category-noticias"],"yoast_head":"<!-- This site is optimized with the Yoast SEO plugin v22.5 - https:\/\/yoast.com\/wordpress\/plugins\/seo\/ -->\n<title>VLI \u00e9 a nova mantenedora do Centro das Ind\u00fastrias do Maranh\u00e3o - Portosma<\/title>\n<meta name=\"robots\" content=\"index, follow, max-snippet:-1, max-image-preview:large, max-video-preview:-1\" \/>\n<link rel=\"canonical\" href=\"https:\/\/portosma.com.br\/index.php\/2025\/06\/03\/vli-e-a-nova-mantenedora-do-centro-das-industrias-do-maranhao\/\" \/>\n<meta property=\"og:locale\" content=\"pt_BR\" \/>\n<meta property=\"og:type\" content=\"article\" \/>\n<meta property=\"og:title\" content=\"VLI \u00e9 a nova mantenedora do Centro das Ind\u00fastrias do Maranh\u00e3o - Portosma\" \/>\n<meta property=\"og:description\" content=\"A associa\u00e7\u00e3o ao Ciema fortalece a atua\u00e7\u00e3o institucional da companhia, especialmente em pautas relacionadas \u00e0 ind\u00fastria e \u00e0 infraestrutura.\" \/>\n<meta property=\"og:url\" content=\"https:\/\/portosma.com.br\/index.php\/2025\/06\/03\/vli-e-a-nova-mantenedora-do-centro-das-industrias-do-maranhao\/\" \/>\n<meta property=\"og:site_name\" content=\"Portosma\" \/>\n<meta property=\"article:published_time\" content=\"2025-06-03T13:03:53+00:00\" \/>\n<meta property=\"og:image\" content=\"https:\/\/portosma.com.br\/wp-content\/uploads\/2025\/06\/GERENTE-VLI.jpg\" \/>\n\t<meta property=\"og:image:width\" content=\"1200\" \/>\n\t<meta property=\"og:image:height\" content=\"498\" \/>\n\t<meta property=\"og:image:type\" content=\"image\/jpeg\" \/>\n<meta name=\"author\" content=\"admin\" \/>\n<meta name=\"twitter:card\" content=\"summary_large_image\" \/>\n<meta name=\"twitter:label1\" content=\"Escrito por\" \/>\n\t<meta name=\"twitter:data1\" content=\"admin\" \/>\n\t<meta name=\"twitter:label2\" content=\"Est. tempo de leitura\" \/>\n\t<meta name=\"twitter:data2\" content=\"4 minutos\" \/>\n<script type=\"application\/ld+json\" class=\"yoast-schema-graph\">{\"@context\":\"https:\/\/schema.org\",\"@graph\":[{\"@type\":\"Article\",\"@id\":\"https:\/\/portosma.com.br\/index.php\/2025\/06\/03\/vli-e-a-nova-mantenedora-do-centro-das-industrias-do-maranhao\/#article\",\"isPartOf\":{\"@id\":\"https:\/\/portosma.com.br\/index.php\/2025\/06\/03\/vli-e-a-nova-mantenedora-do-centro-das-industrias-do-maranhao\/\"},\"author\":{\"name\":\"admin\",\"@id\":\"https:\/\/portosma.com.br\/#\/schema\/person\/fb92dfe283ab47293259c87c813d8623\"},\"headline\":\"VLI \u00e9 a nova mantenedora do Centro das Ind\u00fastrias do Maranh\u00e3o\",\"datePublished\":\"2025-06-03T13:03:53+00:00\",\"dateModified\":\"2025-06-03T13:03:53+00:00\",\"mainEntityOfPage\":{\"@id\":\"https:\/\/portosma.com.br\/index.php\/2025\/06\/03\/vli-e-a-nova-mantenedora-do-centro-das-industrias-do-maranhao\/\"},\"wordCount\":547,\"publisher\":{\"@id\":\"https:\/\/portosma.com.br\/#organization\"},\"image\":{\"@id\":\"https:\/\/portosma.com.br\/index.php\/2025\/06\/03\/vli-e-a-nova-mantenedora-do-centro-das-industrias-do-maranhao\/#primaryimage\"},\"thumbnailUrl\":\"https:\/\/portosma.com.br\/wp-content\/uploads\/2025\/06\/GERENTE-VLI.jpg\",\"articleSection\":[\"Not\u00edcias\"],\"inLanguage\":\"pt-BR\"},{\"@type\":\"WebPage\",\"@id\":\"https:\/\/portosma.com.br\/index.php\/2025\/06\/03\/vli-e-a-nova-mantenedora-do-centro-das-industrias-do-maranhao\/\",\"url\":\"https:\/\/portosma.com.br\/index.php\/2025\/06\/03\/vli-e-a-nova-mantenedora-do-centro-das-industrias-do-maranhao\/\",\"name\":\"VLI \u00e9 a nova mantenedora do Centro das Ind\u00fastrias do Maranh\u00e3o - Portosma\",\"isPartOf\":{\"@id\":\"https:\/\/portosma.com.br\/#website\"},\"primaryImageOfPage\":{\"@id\":\"https:\/\/portosma.com.br\/index.php\/2025\/06\/03\/vli-e-a-nova-mantenedora-do-centro-das-industrias-do-maranhao\/#primaryimage\"},\"image\":{\"@id\":\"https:\/\/portosma.com.br\/index.php\/2025\/06\/03\/vli-e-a-nova-mantenedora-do-centro-das-industrias-do-maranhao\/#primaryimage\"},\"thumbnailUrl\":\"https:\/\/portosma.com.br\/wp-content\/uploads\/2025\/06\/GERENTE-VLI.jpg\",\"datePublished\":\"2025-06-03T13:03:53+00:00\",\"dateModified\":\"2025-06-03T13:03:53+00:00\",\"breadcrumb\":{\"@id\":\"https:\/\/portosma.com.br\/index.php\/2025\/06\/03\/vli-e-a-nova-mantenedora-do-centro-das-industrias-do-maranhao\/#breadcrumb\"},\"inLanguage\":\"pt-BR\",\"potentialAction\":[{\"@type\":\"ReadAction\",\"target\":[\"https:\/\/portosma.com.br\/index.php\/2025\/06\/03\/vli-e-a-nova-mantenedora-do-centro-das-industrias-do-maranhao\/\"]}]},{\"@type\":\"ImageObject\",\"inLanguage\":\"pt-BR\",\"@id\":\"https:\/\/portosma.com.br\/index.php\/2025\/06\/03\/vli-e-a-nova-mantenedora-do-centro-das-industrias-do-maranhao\/#primaryimage\",\"url\":\"https:\/\/portosma.com.br\/wp-content\/uploads\/2025\/06\/GERENTE-VLI.jpg\",\"contentUrl\":\"https:\/\/portosma.com.br\/wp-content\/uploads\/2025\/06\/GERENTE-VLI.jpg\",\"width\":1200,\"height\":498},{\"@type\":\"BreadcrumbList\",\"@id\":\"https:\/\/portosma.com.br\/index.php\/2025\/06\/03\/vli-e-a-nova-mantenedora-do-centro-das-industrias-do-maranhao\/#breadcrumb\",\"itemListElement\":[{\"@type\":\"ListItem\",\"position\":1,\"name\":\"In\u00edcio\",\"item\":\"https:\/\/portosma.com.br\/\"},{\"@type\":\"ListItem\",\"position\":2,\"name\":\"VLI \u00e9 a nova mantenedora do Centro das Ind\u00fastrias do Maranh\u00e3o\"}]},{\"@type\":\"WebSite\",\"@id\":\"https:\/\/portosma.com.br\/#website\",\"url\":\"https:\/\/portosma.com.br\/\",\"name\":\"Portosma\",\"description\":\"Um site de not\u00edcias\",\"publisher\":{\"@id\":\"https:\/\/portosma.com.br\/#organization\"},\"potentialAction\":[{\"@type\":\"SearchAction\",\"target\":{\"@type\":\"EntryPoint\",\"urlTemplate\":\"https:\/\/portosma.com.br\/?s={search_term_string}\"},\"query-input\":\"required name=search_term_string\"}],\"inLanguage\":\"pt-BR\"},{\"@type\":\"Organization\",\"@id\":\"https:\/\/portosma.com.br\/#organization\",\"name\":\"Portosma\",\"alternateName\":\"Portosma\",\"url\":\"https:\/\/portosma.com.br\/\",\"logo\":{\"@type\":\"ImageObject\",\"inLanguage\":\"pt-BR\",\"@id\":\"https:\/\/portosma.com.br\/#\/schema\/logo\/image\/\",\"url\":\"https:\/\/portosma.com.br\/wp-content\/uploads\/2026\/03\/cropped-AD-PORTOSMA.jpg\",\"contentUrl\":\"https:\/\/portosma.com.br\/wp-content\/uploads\/2026\/03\/cropped-AD-PORTOSMA.jpg\",\"width\":400,\"height\":115,\"caption\":\"Portosma\"},\"image\":{\"@id\":\"https:\/\/portosma.com.br\/#\/schema\/logo\/image\/\"}},{\"@type\":\"Person\",\"@id\":\"https:\/\/portosma.com.br\/#\/schema\/person\/fb92dfe283ab47293259c87c813d8623\",\"name\":\"admin\",\"sameAs\":[\"https:\/\/portosma.com.br\"],\"url\":\"https:\/\/portosma.com.br\/index.php\/author\/portosma\/\"}]}<\/script>\n<!-- \/ Yoast SEO plugin. -->","yoast_head_json":{"title":"VLI \u00e9 a nova mantenedora do Centro das Ind\u00fastrias do Maranh\u00e3o - Portosma","robots":{"index":"index","follow":"follow","max-snippet":"max-snippet:-1","max-image-preview":"max-image-preview:large","max-video-preview":"max-video-preview:-1"},"canonical":"https:\/\/portosma.com.br\/index.php\/2025\/06\/03\/vli-e-a-nova-mantenedora-do-centro-das-industrias-do-maranhao\/","og_locale":"pt_BR","og_type":"article","og_title":"VLI \u00e9 a nova mantenedora do Centro das Ind\u00fastrias do Maranh\u00e3o - Portosma","og_description":"A associa\u00e7\u00e3o ao Ciema fortalece a atua\u00e7\u00e3o institucional da companhia, especialmente em pautas relacionadas \u00e0 ind\u00fastria e \u00e0 infraestrutura.","og_url":"https:\/\/portosma.com.br\/index.php\/2025\/06\/03\/vli-e-a-nova-mantenedora-do-centro-das-industrias-do-maranhao\/","og_site_name":"Portosma","article_published_time":"2025-06-03T13:03:53+00:00","og_image":[{"width":1200,"height":498,"url":"https:\/\/portosma.com.br\/wp-content\/uploads\/2025\/06\/GERENTE-VLI.jpg","type":"image\/jpeg"}],"author":"admin","twitter_card":"summary_large_image","twitter_misc":{"Escrito por":"admin","Est. tempo de leitura":"4 minutos"},"schema":{"@context":"https:\/\/schema.org","@graph":[{"@type":"Article","@id":"https:\/\/portosma.com.br\/index.php\/2025\/06\/03\/vli-e-a-nova-mantenedora-do-centro-das-industrias-do-maranhao\/#article","isPartOf":{"@id":"https:\/\/portosma.com.br\/index.php\/2025\/06\/03\/vli-e-a-nova-mantenedora-do-centro-das-industrias-do-maranhao\/"},"author":{"name":"admin","@id":"https:\/\/portosma.com.br\/#\/schema\/person\/fb92dfe283ab47293259c87c813d8623"},"headline":"VLI \u00e9 a nova mantenedora do Centro das Ind\u00fastrias do Maranh\u00e3o","datePublished":"2025-06-03T13:03:53+00:00","dateModified":"2025-06-03T13:03:53+00:00","mainEntityOfPage":{"@id":"https:\/\/portosma.com.br\/index.php\/2025\/06\/03\/vli-e-a-nova-mantenedora-do-centro-das-industrias-do-maranhao\/"},"wordCount":547,"publisher":{"@id":"https:\/\/portosma.com.br\/#organization"},"image":{"@id":"https:\/\/portosma.com.br\/index.php\/2025\/06\/03\/vli-e-a-nova-mantenedora-do-centro-das-industrias-do-maranhao\/#primaryimage"},"thumbnailUrl":"https:\/\/portosma.com.br\/wp-content\/uploads\/2025\/06\/GERENTE-VLI.jpg","articleSection":["Not\u00edcias"],"inLanguage":"pt-BR"},{"@type":"WebPage","@id":"https:\/\/portosma.com.br\/index.php\/2025\/06\/03\/vli-e-a-nova-mantenedora-do-centro-das-industrias-do-maranhao\/","url":"https:\/\/portosma.com.br\/index.php\/2025\/06\/03\/vli-e-a-nova-mantenedora-do-centro-das-industrias-do-maranhao\/","name":"VLI \u00e9 a nova mantenedora do Centro das Ind\u00fastrias do Maranh\u00e3o - Portosma","isPartOf":{"@id":"https:\/\/portosma.com.br\/#website"},"primaryImageOfPage":{"@id":"https:\/\/portosma.com.br\/index.php\/2025\/06\/03\/vli-e-a-nova-mantenedora-do-centro-das-industrias-do-maranhao\/#primaryimage"},"image":{"@id":"https:\/\/portosma.com.br\/index.php\/2025\/06\/03\/vli-e-a-nova-mantenedora-do-centro-das-industrias-do-maranhao\/#primaryimage"},"thumbnailUrl":"https:\/\/portosma.com.br\/wp-content\/uploads\/2025\/06\/GERENTE-VLI.jpg","datePublished":"2025-06-03T13:03:53+00:00","dateModified":"2025-06-03T13:03:53+00:00","breadcrumb":{"@id":"https:\/\/portosma.com.br\/index.php\/2025\/06\/03\/vli-e-a-nova-mantenedora-do-centro-das-industrias-do-maranhao\/#breadcrumb"},"inLanguage":"pt-BR","potentialAction":[{"@type":"ReadAction","target":["https:\/\/portosma.com.br\/index.php\/2025\/06\/03\/vli-e-a-nova-mantenedora-do-centro-das-industrias-do-maranhao\/"]}]},{"@type":"ImageObject","inLanguage":"pt-BR","@id":"https:\/\/portosma.com.br\/index.php\/2025\/06\/03\/vli-e-a-nova-mantenedora-do-centro-das-industrias-do-maranhao\/#primaryimage","url":"https:\/\/portosma.com.br\/wp-content\/uploads\/2025\/06\/GERENTE-VLI.jpg","contentUrl":"https:\/\/portosma.com.br\/wp-content\/uploads\/2025\/06\/GERENTE-VLI.jpg","width":1200,"height":498},{"@type":"BreadcrumbList","@id":"https:\/\/portosma.com.br\/index.php\/2025\/06\/03\/vli-e-a-nova-mantenedora-do-centro-das-industrias-do-maranhao\/#breadcrumb","itemListElement":[{"@type":"ListItem","position":1,"name":"In\u00edcio","item":"https:\/\/portosma.com.br\/"},{"@type":"ListItem","position":2,"name":"VLI \u00e9 a nova mantenedora do Centro das Ind\u00fastrias do Maranh\u00e3o"}]},{"@type":"WebSite","@id":"https:\/\/portosma.com.br\/#website","url":"https:\/\/portosma.com.br\/","name":"Portosma","description":"Um site de not\u00edcias","publisher":{"@id":"https:\/\/portosma.com.br\/#organization"},"potentialAction":[{"@type":"SearchAction","target":{"@type":"EntryPoint","urlTemplate":"https:\/\/portosma.com.br\/?s={search_term_string}"},"query-input":"required name=search_term_string"}],"inLanguage":"pt-BR"},{"@type":"Organization","@id":"https:\/\/portosma.com.br\/#organization","name":"Portosma","alternateName":"Portosma","url":"https:\/\/portosma.com.br\/","logo":{"@type":"ImageObject","inLanguage":"pt-BR","@id":"https:\/\/portosma.com.br\/#\/schema\/logo\/image\/","url":"https:\/\/portosma.com.br\/wp-content\/uploads\/2026\/03\/cropped-AD-PORTOSMA.jpg","contentUrl":"https:\/\/portosma.com.br\/wp-content\/uploads\/2026\/03\/cropped-AD-PORTOSMA.jpg","width":400,"height":115,"caption":"Portosma"},"image":{"@id":"https:\/\/portosma.com.br\/#\/schema\/logo\/image\/"}},{"@type":"Person","@id":"https:\/\/portosma.com.br\/#\/schema\/person\/fb92dfe283ab47293259c87c813d8623","name":"admin","sameAs":["https:\/\/portosma.com.br"],"url":"https:\/\/portosma.com.br\/index.php\/author\/portosma\/"}]}},"_links":{"self":[{"href":"https:\/\/portosma.com.br\/index.php\/wp-json\/wp\/v2\/posts\/22755","targetHints":{"allow":["GET"]}}],"collection":[{"href":"https:\/\/portosma.com.br\/index.php\/wp-json\/wp\/v2\/posts"}],"about":[{"href":"https:\/\/portosma.com.br\/index.php\/wp-json\/wp\/v2\/types\/post"}],"author":[{"embeddable":true,"href":"https:\/\/portosma.com.br\/index.php\/wp-json\/wp\/v2\/users\/1"}],"replies":[{"embeddable":true,"href":"https:\/\/portosma.com.br\/index.php\/wp-json\/wp\/v2\/comments?post=22755"}],"version-history":[{"count":1,"href":"https:\/\/portosma.com.br\/index.php\/wp-json\/wp\/v2\/posts\/22755\/revisions"}],"predecessor-version":[{"id":22758,"href":"https:\/\/portosma.com.br\/index.php\/wp-json\/wp\/v2\/posts\/22755\/revisions\/22758"}],"wp:featuredmedia":[{"embeddable":true,"href":"https:\/\/portosma.com.br\/index.php\/wp-json\/wp\/v2\/media\/22756"}],"wp:attachment":[{"href":"https:\/\/portosma.com.br\/index.php\/wp-json\/wp\/v2\/media?parent=22755"}],"wp:term":[{"taxonomy":"category","embeddable":true,"href":"https:\/\/portosma.com.br\/index.php\/wp-json\/wp\/v2\/categories?post=22755"},{"taxonomy":"post_tag","embeddable":true,"href":"https:\/\/portosma.com.br\/index.php\/wp-json\/wp\/v2\/tags?post=22755"}],"curies":[{"name":"wp","href":"https:\/\/api.w.org\/{rel}","templated":true}]}}