{"id":22309,"date":"2025-05-14T18:41:52","date_gmt":"2025-05-14T18:41:52","guid":{"rendered":"https:\/\/portosma.com.br\/?p=22309"},"modified":"2025-05-14T18:53:21","modified_gmt":"2025-05-14T18:53:21","slug":"missao-internacional-da-ibi-coloca-o-brasil-no-mundo-da-inovacao","status":"publish","type":"post","link":"https:\/\/portosma.com.br\/index.php\/2025\/05\/14\/missao-internacional-da-ibi-coloca-o-brasil-no-mundo-da-inovacao\/","title":{"rendered":"Miss\u00e3o Internacional da IBI coloca o Brasil no mundo da inova\u00e7\u00e3o"},"content":{"rendered":"<h4><span style=\"color: #808080;\"><em><strong>Delega\u00e7\u00e3o visita Alemanha e Dinamarca, estuda maior t\u00fanel submerso do mundo e fortalece preparo t\u00e9cnico para a execu\u00e7\u00e3o do T\u00fanel Santos-Guaruj\u00e1.<\/strong><\/em><\/span><\/h4>\n<p>Chegou ao fim nesta sexta-feira (9), a miss\u00e3o internacional organizada pela Frente Parlamentar Mista de Portos e Aeroportos (FPPA) e pela Frente Parlamentar da Liga\u00e7\u00e3o Seca Santos-Guaruj\u00e1 (FPLS), que levou uma comitiva brasileira \u00e0 Alemanha e \u00e0 Dinamarca para estudar de perto o T\u00fanel Fehmarnbelt \u2014 o maior t\u00fanel submerso do mundo em constru\u00e7\u00e3o. A miss\u00e3o, promovida sem recursos p\u00fablicos, marca um passo decisivo na moderniza\u00e7\u00e3o da infraestrutura log\u00edstica brasileira e teve como foco principal o avan\u00e7o t\u00e9cnico do projeto do T\u00fanel Santos-Guaruj\u00e1 (SP). Por cinco dias, 45 representantes dos poderes Legislativo, Executivo, Judici\u00e1rio, setor empresarial e \u00f3rg\u00e3os de controle participaram de uma imers\u00e3o estrat\u00e9gica com visitas a obras, reuni\u00f5es com autoridades e empresas l\u00edderes no setor de infraestrutura de transportes.<\/p>\n<p>O ponto alto da comitiva foi a visita\u00e7\u00e3o aos dois lados da constru\u00e7\u00e3o do T\u00fanel Fehmarnbelt estudando m\u00f3dulos de concreto gigantes, com 217 metros de comprimento e 73.000 mil toneladas, produzidos em docas secas e depois submersos no Mar B\u00e1ltico. O projeto de 18 km e \u20ac 7,4 bilh\u00f5es conectar\u00e1 diretamente Alemanha e Dinamarca por rodovia e ferrovia, transformando o mapa log\u00edstico da Europa. A obra europeia tem caracter\u00edsticas t\u00e9cnicas semelhantes \u00e0s previstas para o T\u00fanel Santos-Guaruj\u00e1, que tamb\u00e9m ser\u00e1 submerso e utilizar\u00e1 m\u00f3dulos pr\u00e9-fabricados. O modelo de engenharia, o processo construtivo e os protocolos de sustentabilidade europeus servir\u00e3o como refer\u00eancia direta para o Brasil.<\/p>\n<p>Durante a visita \u00e0 sede do Governo de Hamburgo, os representantes da miss\u00e3o internacional FPPA\/FPLS e IBI se reuniram com o Secret\u00e1rio de Estado Jan P\u00f6rksen para discutir os impactos da obra que ligar\u00e1 a Dinamarca \u00e0 Alemanha por meio de um t\u00fanel submerso \u2014 um marco para a mobilidade e a log\u00edstica europeia. Hamburgo abriga o maior porto da Alemanha e o terceiro maior da Europa, e a troca de experi\u00eancias com quem j\u00e1 enfrenta desafios semelhantes \u00e9 fundamental para inspirar solu\u00e7\u00f5es no Brasil.<\/p>\n<p><strong>Balan\u00e7o da Miss\u00e3o Internacional &#8211; <\/strong>A miss\u00e3o come\u00e7ou com uma reuni\u00e3o com o secret\u00e1rio de Estado do governo de Hamburgo, Alemanha, Jan P\u00f6rksen. Na ocasi\u00e3o, Paulo Alexandre renovou o convite para que o secret\u00e1rio visitasse o Brasil, em especial o Porto de Santos, com o objetivo de firmar um acordo de coopera\u00e7\u00e3o com o Instituto Brasileiro de Infraestrutura (IBI), que permitir\u00e1 uma troca ainda maior de experi\u00eancias e aplica\u00e7\u00e3o pr\u00e1tica de solu\u00e7\u00f5es adotadas em Hamburgo, tanto durante quanto ap\u00f3s a constru\u00e7\u00e3o do t\u00fanel. O pol\u00edtico confirmou que vir\u00e1 ao Brasil. Para o deputado Beto Pereira (PSDB-MS), a agenda foi essencial: &#8220;O parlamento precisa antecipar os desafios dessa obra estrat\u00e9gica. Conhecer as dores de um projeto semelhante \u00e9 uma forma de preparar o Brasil, especialmente no campo legislativo.&#8221; Ao passar por Hamburgo, terceira maior cidade portu\u00e1ria da Europa, a delega\u00e7\u00e3o estudou os impactos log\u00edsticos e urbanos provocados pela constru\u00e7\u00e3o do t\u00fanel na regi\u00e3o. &#8220;Estamos vendo na pr\u00e1tica como o governo local se preparou para lidar com as mudan\u00e7as na mobilidade, na log\u00edstica de cargas e no dia a dia da popula\u00e7\u00e3o. Tudo isso nos ajuda a antecipar problemas e pensar em solu\u00e7\u00f5es mais eficientes para o nosso projeto&#8221;, explica o deputado Paulo Alexandre Barbosa (PSDB-SP), presidente da FFPA e FPLS.<\/p>\n<figure id=\"attachment_22313\" aria-describedby=\"caption-attachment-22313\" style=\"width: 380px\" class=\"wp-caption alignleft\"><img fetchpriority=\"high\" decoding=\"async\" class=\"wp-image-22313\" src=\"https:\/\/portosma.com.br\/wp-content\/uploads\/2025\/05\/IBI-3.jpg\" alt=\"\" width=\"380\" height=\"507\" srcset=\"https:\/\/portosma.com.br\/wp-content\/uploads\/2025\/05\/IBI-3.jpg 480w, https:\/\/portosma.com.br\/wp-content\/uploads\/2025\/05\/IBI-3-225x300.jpg 225w\" sizes=\"(max-width: 380px) 100vw, 380px\" \/><figcaption id=\"caption-attachment-22313\" class=\"wp-caption-text\"><span style=\"color: #800000;\"><em><strong>Carlos Augusto Codovil, executivo da Bunker One, uma das empresas participantes da comitiva, com Leonardo Ferreira Fernandes, Embaixador do Brasil na Dinamarca e Litu\u00e2nia.<\/strong><\/em><\/span><\/figcaption><\/figure>\n<p><strong>Articula\u00e7\u00e3o institucional e aprendizado t\u00e9cnico &#8211; <\/strong>O diretor-presidente do Instituto Brasil Infraestrutura (IBI), M\u00e1rio Povia, ressaltou a articula\u00e7\u00e3o in\u00e9dita da miss\u00e3o: &#8220;Esses encontros mostram a uni\u00e3o em torno de um projeto muito interessante, idealizado pelo deputado Paulo Alexandre Barbosa. Est\u00e3o aqui os prefeitos das municipalidades, o governo do estado com o vice-governador, ministros dos tribunais de contas e do trabalho, parlamentares e empres\u00e1rios. \u00c9 um esfor\u00e7o coletivo para tirar do papel, efetivamente, o T\u00fanel Santos-Guaruj\u00e1.&#8221; Povia enfatizou que os avan\u00e7os v\u00e3o al\u00e9m da liga\u00e7\u00e3o seca. &#8220;Temos tamb\u00e9m o Aeroporto de Guaruj\u00e1, a licita\u00e7\u00e3o do terminal de cont\u00eaineres, o terminal de passageiros \u2014 tudo isso vai ser transformador para a regi\u00e3o, trazendo desenvolvimento socioecon\u00f4mico.&#8221;<\/p>\n<p>O Diretor diretor-presidente do Instituto brasileiro de Infraestrutura (IBI), M\u00e1rio Povia, classificou a miss\u00e3o internacional Alemanha-Dinamarca como experi\u00eancia impar. A viagem teve como objetivo estudar de perto o projeto e obras do T\u00fanel Fehmarnbelt, que ser\u00e1 o maior t\u00fanel submerso do mundo, ligando dois pa\u00edses europeus. &#8220;Esta experi\u00eancia impar de conhecermos as dificuldades e oportunidades de se implementar uma obra desta envergadura. Vamos viver este exemplo l\u00e1 em Santos, que ser\u00e1 onde instalaremos o primeiro empreendimento deste quilate. A tecnologia planejada para o nosso t\u00fanel est\u00e1 muito alinhada com o que vimos aqui. Por isso a import\u00e2ncia de estar aqui vendo o que deu certo e o que n\u00e3o deu e nos prepararmos&#8221;, disse.<\/p>\n<p>Ele parabenizou tamb\u00e9m o presidente da Frente Parlamentar Mista de Portos e Aeroportos (FPPA), por levar \u00e0 miss\u00e3o os principais atores envolvidos no processo de constru\u00e7\u00e3o do primeiro T\u00fanel submerso brasileiro. &#8220;O deputado trouxe aqui praticamente todos os players, os prefeitos das municipalidades, o governo do estado, o vice-governador aqui conosco,&nbsp; abrilhantando esse encontro, ministros do Tribunal de Contas, do Tribunal de Trabalho, parlamentares, al\u00e9m de empres\u00e1rios. Vamos conhecer a tecnologia, vamos conhecer algo que \u00e9 mais tang\u00edvel, considerando uma licita\u00e7\u00e3o que se avizinha e que \u00e9 um esfor\u00e7o coletivo para tirar do papel, efetivamente, o T\u00fanel Santos-Guaruj\u00e1&#8221;, falou.<\/p>\n<p><img decoding=\"async\" class=\"alignnone wp-image-22312 size-full\" src=\"https:\/\/portosma.com.br\/wp-content\/uploads\/2025\/05\/IBI-2.jpg\" alt=\"\" width=\"900\" height=\"465\" srcset=\"https:\/\/portosma.com.br\/wp-content\/uploads\/2025\/05\/IBI-2.jpg 900w, https:\/\/portosma.com.br\/wp-content\/uploads\/2025\/05\/IBI-2-300x155.jpg 300w, https:\/\/portosma.com.br\/wp-content\/uploads\/2025\/05\/IBI-2-768x397.jpg 768w\" sizes=\"(max-width: 900px) 100vw, 900px\" \/><\/p>\n<p><span style=\"color: #800000;\"><strong>AGENDA INTENSA<\/strong><\/span><\/p>\n<p><em><strong>***<\/strong> Reuni\u00e3o com a presid\u00eancia mundial da MSC para fortalecer a temporada de cruzeiros e promover a gera\u00e7\u00e3o de empregos na Baixada Santista (SP). Agenda pontual do Prefeito de Santos, Rog\u00e9rio Santos, e do ex-prefeito de Santos, o deputado Paulo Alexandre Barbosa.&nbsp;<\/em><\/p>\n<p><em><strong>***<\/strong> Na Alemanha \u2013 Jantar com autoridades e in\u00edcio oficial da miss\u00e3o; Reuni\u00e3o com o secret\u00e1rio de Estado da cidade alem\u00e3, Jan P\u00f6rksen, para discutir aspectos fundamentais relacionados \u00e0 integra\u00e7\u00e3o porto-cidade, como o impacto da nova infraestrutura no tr\u00e1fego urbano, na log\u00edstica de cargas e na rotina dos moradores e visita ao canteiro de obras do Fehmarnbelt, que ser\u00e1 o maior t\u00fanel submerso do mundo. A tecnologia deve ser aplicada no projeto da Baixada Santista (SP).<\/em><\/p>\n<p><em><strong>***<\/strong> Na Su\u00e9cia \u2013 A comitiva conheceu a Ponte de \u00d8resund, que liga a Su\u00e9cia \u00e0 Dinamarca, e visitou a ilha artificial de Peberholm, criada com o material da dragagem da obra e onde funciona o centro de manuten\u00e7\u00e3o da ponte.<\/em><\/p>\n<p><em><strong>***<\/strong> Na Dinamarca, reuni\u00e3o no parlamento dinamarqu\u00eas e na Maersk para fortalecer o setor portu\u00e1rio e log\u00edstico brasileiro. A Maersk \u00e9 uma das maiores operadoras portu\u00e1rias do mundo, com presen\u00e7a em 135 pa\u00edses e atua\u00e7\u00e3o em 374 portos ao redor do mundo.<\/em><\/p>\n<p>&nbsp;<\/p>\n<p><span style=\"color: #999999;\"><em><strong>Fonte:<\/strong><\/em><\/span><br \/>\n<span style=\"color: #999999;\"><em><strong>IBI &#8211; Instituto Brasil Infraestrutura<\/strong><\/em><\/span><\/p>\n","protected":false},"excerpt":{"rendered":"<p>Delega\u00e7\u00e3o visita Alemanha e Dinamarca, estuda maior t\u00fanel submerso do mundo e fortalece preparo t\u00e9cnico para a execu\u00e7\u00e3o do T\u00fanel Santos-Guaruj\u00e1.<\/p>\n","protected":false},"author":1,"featured_media":22311,"comment_status":"closed","ping_status":"open","sticky":false,"template":"","format":"standard","meta":{"_editorskit_title_hidden":false,"_editorskit_reading_time":0,"_editorskit_is_block_options_detached":false,"_editorskit_block_options_position":"{}","ngg_post_thumbnail":0,"footnotes":""},"categories":[1],"tags":[],"class_list":["post-22309","post","type-post","status-publish","format-standard","has-post-thumbnail","hentry","category-noticias"],"yoast_head":"<!-- This site is optimized with the Yoast SEO plugin v22.5 - https:\/\/yoast.com\/wordpress\/plugins\/seo\/ -->\n<title>Miss\u00e3o Internacional da IBI coloca o Brasil no mundo da inova\u00e7\u00e3o - Portosma<\/title>\n<meta name=\"robots\" content=\"index, follow, max-snippet:-1, max-image-preview:large, max-video-preview:-1\" \/>\n<link rel=\"canonical\" href=\"https:\/\/portosma.com.br\/index.php\/2025\/05\/14\/missao-internacional-da-ibi-coloca-o-brasil-no-mundo-da-inovacao\/\" \/>\n<meta property=\"og:locale\" content=\"pt_BR\" \/>\n<meta property=\"og:type\" content=\"article\" \/>\n<meta property=\"og:title\" content=\"Miss\u00e3o Internacional da IBI coloca o Brasil no mundo da inova\u00e7\u00e3o - Portosma\" \/>\n<meta property=\"og:description\" content=\"Delega\u00e7\u00e3o visita Alemanha e Dinamarca, estuda maior t\u00fanel submerso do mundo e fortalece preparo t\u00e9cnico para a execu\u00e7\u00e3o do T\u00fanel Santos-Guaruj\u00e1.\" \/>\n<meta property=\"og:url\" content=\"https:\/\/portosma.com.br\/index.php\/2025\/05\/14\/missao-internacional-da-ibi-coloca-o-brasil-no-mundo-da-inovacao\/\" \/>\n<meta property=\"og:site_name\" content=\"Portosma\" \/>\n<meta property=\"article:published_time\" content=\"2025-05-14T18:41:52+00:00\" \/>\n<meta property=\"article:modified_time\" content=\"2025-05-14T18:53:21+00:00\" \/>\n<meta property=\"og:image\" content=\"https:\/\/portosma.com.br\/wp-content\/uploads\/2025\/05\/IBI-1.jpg\" \/>\n\t<meta property=\"og:image:width\" content=\"1200\" \/>\n\t<meta property=\"og:image:height\" content=\"504\" \/>\n\t<meta property=\"og:image:type\" content=\"image\/jpeg\" \/>\n<meta name=\"author\" content=\"admin\" \/>\n<meta name=\"twitter:card\" content=\"summary_large_image\" \/>\n<meta name=\"twitter:label1\" content=\"Escrito por\" \/>\n\t<meta name=\"twitter:data1\" content=\"admin\" \/>\n\t<meta name=\"twitter:label2\" content=\"Est. tempo de leitura\" \/>\n\t<meta name=\"twitter:data2\" content=\"7 minutos\" \/>\n<script type=\"application\/ld+json\" class=\"yoast-schema-graph\">{\"@context\":\"https:\/\/schema.org\",\"@graph\":[{\"@type\":\"Article\",\"@id\":\"https:\/\/portosma.com.br\/index.php\/2025\/05\/14\/missao-internacional-da-ibi-coloca-o-brasil-no-mundo-da-inovacao\/#article\",\"isPartOf\":{\"@id\":\"https:\/\/portosma.com.br\/index.php\/2025\/05\/14\/missao-internacional-da-ibi-coloca-o-brasil-no-mundo-da-inovacao\/\"},\"author\":{\"name\":\"admin\",\"@id\":\"https:\/\/portosma.com.br\/#\/schema\/person\/fb92dfe283ab47293259c87c813d8623\"},\"headline\":\"Miss\u00e3o Internacional da IBI coloca o Brasil no mundo da inova\u00e7\u00e3o\",\"datePublished\":\"2025-05-14T18:41:52+00:00\",\"dateModified\":\"2025-05-14T18:53:21+00:00\",\"mainEntityOfPage\":{\"@id\":\"https:\/\/portosma.com.br\/index.php\/2025\/05\/14\/missao-internacional-da-ibi-coloca-o-brasil-no-mundo-da-inovacao\/\"},\"wordCount\":1233,\"publisher\":{\"@id\":\"https:\/\/portosma.com.br\/#organization\"},\"image\":{\"@id\":\"https:\/\/portosma.com.br\/index.php\/2025\/05\/14\/missao-internacional-da-ibi-coloca-o-brasil-no-mundo-da-inovacao\/#primaryimage\"},\"thumbnailUrl\":\"https:\/\/portosma.com.br\/wp-content\/uploads\/2025\/05\/IBI-1.jpg\",\"articleSection\":[\"Not\u00edcias\"],\"inLanguage\":\"pt-BR\"},{\"@type\":\"WebPage\",\"@id\":\"https:\/\/portosma.com.br\/index.php\/2025\/05\/14\/missao-internacional-da-ibi-coloca-o-brasil-no-mundo-da-inovacao\/\",\"url\":\"https:\/\/portosma.com.br\/index.php\/2025\/05\/14\/missao-internacional-da-ibi-coloca-o-brasil-no-mundo-da-inovacao\/\",\"name\":\"Miss\u00e3o Internacional da IBI coloca o Brasil no mundo da inova\u00e7\u00e3o - Portosma\",\"isPartOf\":{\"@id\":\"https:\/\/portosma.com.br\/#website\"},\"primaryImageOfPage\":{\"@id\":\"https:\/\/portosma.com.br\/index.php\/2025\/05\/14\/missao-internacional-da-ibi-coloca-o-brasil-no-mundo-da-inovacao\/#primaryimage\"},\"image\":{\"@id\":\"https:\/\/portosma.com.br\/index.php\/2025\/05\/14\/missao-internacional-da-ibi-coloca-o-brasil-no-mundo-da-inovacao\/#primaryimage\"},\"thumbnailUrl\":\"https:\/\/portosma.com.br\/wp-content\/uploads\/2025\/05\/IBI-1.jpg\",\"datePublished\":\"2025-05-14T18:41:52+00:00\",\"dateModified\":\"2025-05-14T18:53:21+00:00\",\"breadcrumb\":{\"@id\":\"https:\/\/portosma.com.br\/index.php\/2025\/05\/14\/missao-internacional-da-ibi-coloca-o-brasil-no-mundo-da-inovacao\/#breadcrumb\"},\"inLanguage\":\"pt-BR\",\"potentialAction\":[{\"@type\":\"ReadAction\",\"target\":[\"https:\/\/portosma.com.br\/index.php\/2025\/05\/14\/missao-internacional-da-ibi-coloca-o-brasil-no-mundo-da-inovacao\/\"]}]},{\"@type\":\"ImageObject\",\"inLanguage\":\"pt-BR\",\"@id\":\"https:\/\/portosma.com.br\/index.php\/2025\/05\/14\/missao-internacional-da-ibi-coloca-o-brasil-no-mundo-da-inovacao\/#primaryimage\",\"url\":\"https:\/\/portosma.com.br\/wp-content\/uploads\/2025\/05\/IBI-1.jpg\",\"contentUrl\":\"https:\/\/portosma.com.br\/wp-content\/uploads\/2025\/05\/IBI-1.jpg\",\"width\":1200,\"height\":504},{\"@type\":\"BreadcrumbList\",\"@id\":\"https:\/\/portosma.com.br\/index.php\/2025\/05\/14\/missao-internacional-da-ibi-coloca-o-brasil-no-mundo-da-inovacao\/#breadcrumb\",\"itemListElement\":[{\"@type\":\"ListItem\",\"position\":1,\"name\":\"In\u00edcio\",\"item\":\"https:\/\/portosma.com.br\/\"},{\"@type\":\"ListItem\",\"position\":2,\"name\":\"Miss\u00e3o Internacional da IBI coloca o Brasil no mundo da inova\u00e7\u00e3o\"}]},{\"@type\":\"WebSite\",\"@id\":\"https:\/\/portosma.com.br\/#website\",\"url\":\"https:\/\/portosma.com.br\/\",\"name\":\"Portosma\",\"description\":\"Um site de not\u00edcias\",\"publisher\":{\"@id\":\"https:\/\/portosma.com.br\/#organization\"},\"potentialAction\":[{\"@type\":\"SearchAction\",\"target\":{\"@type\":\"EntryPoint\",\"urlTemplate\":\"https:\/\/portosma.com.br\/?s={search_term_string}\"},\"query-input\":\"required name=search_term_string\"}],\"inLanguage\":\"pt-BR\"},{\"@type\":\"Organization\",\"@id\":\"https:\/\/portosma.com.br\/#organization\",\"name\":\"Portosma\",\"alternateName\":\"Portosma\",\"url\":\"https:\/\/portosma.com.br\/\",\"logo\":{\"@type\":\"ImageObject\",\"inLanguage\":\"pt-BR\",\"@id\":\"https:\/\/portosma.com.br\/#\/schema\/logo\/image\/\",\"url\":\"https:\/\/portosma.com.br\/wp-content\/uploads\/2026\/03\/cropped-AD-PORTOSMA.jpg\",\"contentUrl\":\"https:\/\/portosma.com.br\/wp-content\/uploads\/2026\/03\/cropped-AD-PORTOSMA.jpg\",\"width\":400,\"height\":115,\"caption\":\"Portosma\"},\"image\":{\"@id\":\"https:\/\/portosma.com.br\/#\/schema\/logo\/image\/\"}},{\"@type\":\"Person\",\"@id\":\"https:\/\/portosma.com.br\/#\/schema\/person\/fb92dfe283ab47293259c87c813d8623\",\"name\":\"admin\",\"sameAs\":[\"https:\/\/portosma.com.br\"],\"url\":\"https:\/\/portosma.com.br\/index.php\/author\/portosma\/\"}]}<\/script>\n<!-- \/ Yoast SEO plugin. -->","yoast_head_json":{"title":"Miss\u00e3o Internacional da IBI coloca o Brasil no mundo da inova\u00e7\u00e3o - Portosma","robots":{"index":"index","follow":"follow","max-snippet":"max-snippet:-1","max-image-preview":"max-image-preview:large","max-video-preview":"max-video-preview:-1"},"canonical":"https:\/\/portosma.com.br\/index.php\/2025\/05\/14\/missao-internacional-da-ibi-coloca-o-brasil-no-mundo-da-inovacao\/","og_locale":"pt_BR","og_type":"article","og_title":"Miss\u00e3o Internacional da IBI coloca o Brasil no mundo da inova\u00e7\u00e3o - Portosma","og_description":"Delega\u00e7\u00e3o visita Alemanha e Dinamarca, estuda maior t\u00fanel submerso do mundo e fortalece preparo t\u00e9cnico para a execu\u00e7\u00e3o do T\u00fanel Santos-Guaruj\u00e1.","og_url":"https:\/\/portosma.com.br\/index.php\/2025\/05\/14\/missao-internacional-da-ibi-coloca-o-brasil-no-mundo-da-inovacao\/","og_site_name":"Portosma","article_published_time":"2025-05-14T18:41:52+00:00","article_modified_time":"2025-05-14T18:53:21+00:00","og_image":[{"width":1200,"height":504,"url":"https:\/\/portosma.com.br\/wp-content\/uploads\/2025\/05\/IBI-1.jpg","type":"image\/jpeg"}],"author":"admin","twitter_card":"summary_large_image","twitter_misc":{"Escrito por":"admin","Est. tempo de leitura":"7 minutos"},"schema":{"@context":"https:\/\/schema.org","@graph":[{"@type":"Article","@id":"https:\/\/portosma.com.br\/index.php\/2025\/05\/14\/missao-internacional-da-ibi-coloca-o-brasil-no-mundo-da-inovacao\/#article","isPartOf":{"@id":"https:\/\/portosma.com.br\/index.php\/2025\/05\/14\/missao-internacional-da-ibi-coloca-o-brasil-no-mundo-da-inovacao\/"},"author":{"name":"admin","@id":"https:\/\/portosma.com.br\/#\/schema\/person\/fb92dfe283ab47293259c87c813d8623"},"headline":"Miss\u00e3o Internacional da IBI coloca o Brasil no mundo da inova\u00e7\u00e3o","datePublished":"2025-05-14T18:41:52+00:00","dateModified":"2025-05-14T18:53:21+00:00","mainEntityOfPage":{"@id":"https:\/\/portosma.com.br\/index.php\/2025\/05\/14\/missao-internacional-da-ibi-coloca-o-brasil-no-mundo-da-inovacao\/"},"wordCount":1233,"publisher":{"@id":"https:\/\/portosma.com.br\/#organization"},"image":{"@id":"https:\/\/portosma.com.br\/index.php\/2025\/05\/14\/missao-internacional-da-ibi-coloca-o-brasil-no-mundo-da-inovacao\/#primaryimage"},"thumbnailUrl":"https:\/\/portosma.com.br\/wp-content\/uploads\/2025\/05\/IBI-1.jpg","articleSection":["Not\u00edcias"],"inLanguage":"pt-BR"},{"@type":"WebPage","@id":"https:\/\/portosma.com.br\/index.php\/2025\/05\/14\/missao-internacional-da-ibi-coloca-o-brasil-no-mundo-da-inovacao\/","url":"https:\/\/portosma.com.br\/index.php\/2025\/05\/14\/missao-internacional-da-ibi-coloca-o-brasil-no-mundo-da-inovacao\/","name":"Miss\u00e3o Internacional da IBI coloca o Brasil no mundo da inova\u00e7\u00e3o - Portosma","isPartOf":{"@id":"https:\/\/portosma.com.br\/#website"},"primaryImageOfPage":{"@id":"https:\/\/portosma.com.br\/index.php\/2025\/05\/14\/missao-internacional-da-ibi-coloca-o-brasil-no-mundo-da-inovacao\/#primaryimage"},"image":{"@id":"https:\/\/portosma.com.br\/index.php\/2025\/05\/14\/missao-internacional-da-ibi-coloca-o-brasil-no-mundo-da-inovacao\/#primaryimage"},"thumbnailUrl":"https:\/\/portosma.com.br\/wp-content\/uploads\/2025\/05\/IBI-1.jpg","datePublished":"2025-05-14T18:41:52+00:00","dateModified":"2025-05-14T18:53:21+00:00","breadcrumb":{"@id":"https:\/\/portosma.com.br\/index.php\/2025\/05\/14\/missao-internacional-da-ibi-coloca-o-brasil-no-mundo-da-inovacao\/#breadcrumb"},"inLanguage":"pt-BR","potentialAction":[{"@type":"ReadAction","target":["https:\/\/portosma.com.br\/index.php\/2025\/05\/14\/missao-internacional-da-ibi-coloca-o-brasil-no-mundo-da-inovacao\/"]}]},{"@type":"ImageObject","inLanguage":"pt-BR","@id":"https:\/\/portosma.com.br\/index.php\/2025\/05\/14\/missao-internacional-da-ibi-coloca-o-brasil-no-mundo-da-inovacao\/#primaryimage","url":"https:\/\/portosma.com.br\/wp-content\/uploads\/2025\/05\/IBI-1.jpg","contentUrl":"https:\/\/portosma.com.br\/wp-content\/uploads\/2025\/05\/IBI-1.jpg","width":1200,"height":504},{"@type":"BreadcrumbList","@id":"https:\/\/portosma.com.br\/index.php\/2025\/05\/14\/missao-internacional-da-ibi-coloca-o-brasil-no-mundo-da-inovacao\/#breadcrumb","itemListElement":[{"@type":"ListItem","position":1,"name":"In\u00edcio","item":"https:\/\/portosma.com.br\/"},{"@type":"ListItem","position":2,"name":"Miss\u00e3o Internacional da IBI coloca o Brasil no mundo da inova\u00e7\u00e3o"}]},{"@type":"WebSite","@id":"https:\/\/portosma.com.br\/#website","url":"https:\/\/portosma.com.br\/","name":"Portosma","description":"Um site de not\u00edcias","publisher":{"@id":"https:\/\/portosma.com.br\/#organization"},"potentialAction":[{"@type":"SearchAction","target":{"@type":"EntryPoint","urlTemplate":"https:\/\/portosma.com.br\/?s={search_term_string}"},"query-input":"required name=search_term_string"}],"inLanguage":"pt-BR"},{"@type":"Organization","@id":"https:\/\/portosma.com.br\/#organization","name":"Portosma","alternateName":"Portosma","url":"https:\/\/portosma.com.br\/","logo":{"@type":"ImageObject","inLanguage":"pt-BR","@id":"https:\/\/portosma.com.br\/#\/schema\/logo\/image\/","url":"https:\/\/portosma.com.br\/wp-content\/uploads\/2026\/03\/cropped-AD-PORTOSMA.jpg","contentUrl":"https:\/\/portosma.com.br\/wp-content\/uploads\/2026\/03\/cropped-AD-PORTOSMA.jpg","width":400,"height":115,"caption":"Portosma"},"image":{"@id":"https:\/\/portosma.com.br\/#\/schema\/logo\/image\/"}},{"@type":"Person","@id":"https:\/\/portosma.com.br\/#\/schema\/person\/fb92dfe283ab47293259c87c813d8623","name":"admin","sameAs":["https:\/\/portosma.com.br"],"url":"https:\/\/portosma.com.br\/index.php\/author\/portosma\/"}]}},"_links":{"self":[{"href":"https:\/\/portosma.com.br\/index.php\/wp-json\/wp\/v2\/posts\/22309","targetHints":{"allow":["GET"]}}],"collection":[{"href":"https:\/\/portosma.com.br\/index.php\/wp-json\/wp\/v2\/posts"}],"about":[{"href":"https:\/\/portosma.com.br\/index.php\/wp-json\/wp\/v2\/types\/post"}],"author":[{"embeddable":true,"href":"https:\/\/portosma.com.br\/index.php\/wp-json\/wp\/v2\/users\/1"}],"replies":[{"embeddable":true,"href":"https:\/\/portosma.com.br\/index.php\/wp-json\/wp\/v2\/comments?post=22309"}],"version-history":[{"count":7,"href":"https:\/\/portosma.com.br\/index.php\/wp-json\/wp\/v2\/posts\/22309\/revisions"}],"predecessor-version":[{"id":22320,"href":"https:\/\/portosma.com.br\/index.php\/wp-json\/wp\/v2\/posts\/22309\/revisions\/22320"}],"wp:featuredmedia":[{"embeddable":true,"href":"https:\/\/portosma.com.br\/index.php\/wp-json\/wp\/v2\/media\/22311"}],"wp:attachment":[{"href":"https:\/\/portosma.com.br\/index.php\/wp-json\/wp\/v2\/media?parent=22309"}],"wp:term":[{"taxonomy":"category","embeddable":true,"href":"https:\/\/portosma.com.br\/index.php\/wp-json\/wp\/v2\/categories?post=22309"},{"taxonomy":"post_tag","embeddable":true,"href":"https:\/\/portosma.com.br\/index.php\/wp-json\/wp\/v2\/tags?post=22309"}],"curies":[{"name":"wp","href":"https:\/\/api.w.org\/{rel}","templated":true}]}}