{"id":22287,"date":"2025-05-13T19:07:32","date_gmt":"2025-05-13T19:07:32","guid":{"rendered":"https:\/\/portosma.com.br\/?p=22287"},"modified":"2025-05-13T19:07:32","modified_gmt":"2025-05-13T19:07:32","slug":"vli-promove-acoes-educativas-de-seguranca-no-transito-e-na-ferrovia","status":"publish","type":"post","link":"https:\/\/portosma.com.br\/index.php\/2025\/05\/13\/vli-promove-acoes-educativas-de-seguranca-no-transito-e-na-ferrovia\/","title":{"rendered":"VLI promove a\u00e7\u00f5es educativas de seguran\u00e7a no tr\u00e2nsito e na ferrovia"},"content":{"rendered":"<p>Em alus\u00e3o ao movimento Maio Amarelo, dedicado \u00e0 conscientiza\u00e7\u00e3o para um tr\u00e2nsito mais seguro, a VLI \u2013 companhia de solu\u00e7\u00f5es log\u00edsticas que integra ferrovias, portos e terminais \u2013 est\u00e1 intensificando suas a\u00e7\u00f5es de sensibiliza\u00e7\u00e3o nas regi\u00f5es onde atua. A proposta \u00e9 refor\u00e7ar o compromisso da empresa com a seguran\u00e7a e incentivar comportamentos mais respons\u00e1veis na intera\u00e7\u00e3o com a ferrovia.<\/p>\n<p>Na manh\u00e3 da \u00faltima quarta-feira (7), a VLI participou de uma a\u00e7\u00e3o educativa na \u00e1rea Itaqui-Bacanga, em S\u00e3o Lu\u00eds, organizada pela equipe de Educa\u00e7\u00e3o para o Tr\u00e2nsito da Prefeitura Municipal. Com o tema \u201cDesacelere \u2013 seu bem maior \u00e9 a vida\u201d, a campanha abordou cerca de 300 pessoas \u2013 entre motoristas, motociclistas e pedestres \u2013 nas proximidades da faixa de pedestres do bairro Anjo da Guarda.<\/p>\n<p>J\u00e1 no dia 6 de maio, a VLI marcou presen\u00e7a na cerim\u00f4nia de abertura da campanha Maio Amarelo em Imperatriz, no Maranh\u00e3o. O evento, realizado na Escola Paulo Freire, contou com a participa\u00e7\u00e3o de autoridades locais como o prefeito Rildo Amaral, o secret\u00e1rio de Infraestrutura Ricardo Seidel, o sargento Sales da Superintend\u00eancia Municipal de Tr\u00e2nsito, al\u00e9m de representantes da Pol\u00edcia Rodovi\u00e1ria Federal, Corpo de Bombeiros, Per\u00edcia Criminal, Guarda Municipal e outras institui\u00e7\u00f5es.<\/p>\n<p><img fetchpriority=\"high\" decoding=\"async\" class=\"alignnone wp-image-22290 size-full\" src=\"https:\/\/portosma.com.br\/wp-content\/uploads\/2025\/05\/AMARELO-UM.jpg\" alt=\"\" width=\"900\" height=\"413\" srcset=\"https:\/\/portosma.com.br\/wp-content\/uploads\/2025\/05\/AMARELO-UM.jpg 900w, https:\/\/portosma.com.br\/wp-content\/uploads\/2025\/05\/AMARELO-UM-300x138.jpg 300w, https:\/\/portosma.com.br\/wp-content\/uploads\/2025\/05\/AMARELO-UM-768x352.jpg 768w\" sizes=\"(max-width: 900px) 100vw, 900px\" \/><\/p>\n<p>Durante a a\u00e7\u00e3o, a equipe da VLI distribuiu panfletos com orienta\u00e7\u00f5es de seguran\u00e7a, kits com lixeira para carro e aromatizantes para ve\u00edculos, e interagiu com os participantes do evento, que reuniu cerca de 200 pessoas.<\/p>\n<p>A\u00e7\u00f5es semelhantes continuar\u00e3o a ocorrer neste m\u00eas, em alus\u00e3o ao Movimento \u201cMaio Amarelo\u201d, que tem a Organiza\u00e7\u00e3o Mundial da Sa\u00fade (OMS) como principal promotor e incentivador e que este ano traz o tema: \u201cDesacelere, seu bem maior \u00e9 a vida\u201d. A meta da OMS \u00e9 reduzir, no m\u00ednimo, 50% de mortes e les\u00f5es a pessoas no tr\u00e2nsito, at\u00e9 o ano de 2030.<\/p>\n<p>Orienta\u00e7\u00f5es para motoristas e pedestres estarem sempre em seguran\u00e7a na intera\u00e7\u00e3o com a linha do trem:<\/p>\n<ul>\n<li>Ao atravessar a linha f\u00e9rrea: pare, olhe e escute! Respeite a sinaliza\u00e7\u00e3o;<\/li>\n<li>Compreenda os sinais e os avisos de seguran\u00e7a;<\/li>\n<li>Nunca pare sobre os trilhos;<\/li>\n<li>Fique alerta! \u00c9 comum se distrair, principalmente ouvindo m\u00fasica ou com o celular;<\/li>\n<li>Compreenda os sinais e os avisos de seguran\u00e7a;<\/li>\n<li>N\u00e3o estacione o seu carro pr\u00f3ximo \u00e0 ferrovia;<\/li>\n<li>N\u00e3o pule nos engates dos vag\u00f5es:<\/li>\n<li>N\u00e3o ande ou brinque sobre os trilhos.<\/li>\n<\/ul>\n<p><img decoding=\"async\" class=\"alignnone wp-image-22289 size-full\" src=\"https:\/\/portosma.com.br\/wp-content\/uploads\/2025\/05\/AMARELO-DOIS.jpg\" alt=\"\" width=\"900\" height=\"394\" srcset=\"https:\/\/portosma.com.br\/wp-content\/uploads\/2025\/05\/AMARELO-DOIS.jpg 900w, https:\/\/portosma.com.br\/wp-content\/uploads\/2025\/05\/AMARELO-DOIS-300x131.jpg 300w, https:\/\/portosma.com.br\/wp-content\/uploads\/2025\/05\/AMARELO-DOIS-768x336.jpg 768w\" sizes=\"(max-width: 900px) 100vw, 900px\" \/><\/p>\n","protected":false},"excerpt":{"rendered":"<p>A\u00e7\u00f5es em S\u00e3o Lu\u00eds e Imperatriz a empresa destacou o Maio Amarelo refor\u00e7ando a import\u00e2ncia da preven\u00e7\u00e3o de acidentes e do respeito \u00e0 vida.<\/p>\n","protected":false},"author":1,"featured_media":22288,"comment_status":"closed","ping_status":"open","sticky":false,"template":"","format":"standard","meta":{"_editorskit_title_hidden":false,"_editorskit_reading_time":0,"_editorskit_is_block_options_detached":false,"_editorskit_block_options_position":"{}","ngg_post_thumbnail":0,"footnotes":""},"categories":[1],"tags":[],"class_list":["post-22287","post","type-post","status-publish","format-standard","has-post-thumbnail","hentry","category-noticias"],"yoast_head":"<!-- This site is optimized with the Yoast SEO plugin v22.5 - https:\/\/yoast.com\/wordpress\/plugins\/seo\/ -->\n<title>VLI promove a\u00e7\u00f5es educativas de seguran\u00e7a no tr\u00e2nsito e na ferrovia - Portosma<\/title>\n<meta name=\"robots\" content=\"index, follow, max-snippet:-1, max-image-preview:large, max-video-preview:-1\" \/>\n<link rel=\"canonical\" href=\"https:\/\/portosma.com.br\/index.php\/2025\/05\/13\/vli-promove-acoes-educativas-de-seguranca-no-transito-e-na-ferrovia\/\" \/>\n<meta property=\"og:locale\" content=\"pt_BR\" \/>\n<meta property=\"og:type\" content=\"article\" \/>\n<meta property=\"og:title\" content=\"VLI promove a\u00e7\u00f5es educativas de seguran\u00e7a no tr\u00e2nsito e na ferrovia - Portosma\" \/>\n<meta property=\"og:description\" content=\"A\u00e7\u00f5es em S\u00e3o Lu\u00eds e Imperatriz a empresa destacou o Maio Amarelo refor\u00e7ando a import\u00e2ncia da preven\u00e7\u00e3o de acidentes e do respeito \u00e0 vida.\" \/>\n<meta property=\"og:url\" content=\"https:\/\/portosma.com.br\/index.php\/2025\/05\/13\/vli-promove-acoes-educativas-de-seguranca-no-transito-e-na-ferrovia\/\" \/>\n<meta property=\"og:site_name\" content=\"Portosma\" \/>\n<meta property=\"article:published_time\" content=\"2025-05-13T19:07:32+00:00\" \/>\n<meta property=\"og:image\" content=\"https:\/\/portosma.com.br\/wp-content\/uploads\/2025\/05\/AMARELO-TRES.jpg\" \/>\n\t<meta property=\"og:image:width\" content=\"1200\" \/>\n\t<meta property=\"og:image:height\" content=\"503\" \/>\n\t<meta property=\"og:image:type\" content=\"image\/jpeg\" \/>\n<meta name=\"author\" content=\"admin\" \/>\n<meta name=\"twitter:card\" content=\"summary_large_image\" \/>\n<meta name=\"twitter:label1\" content=\"Escrito por\" \/>\n\t<meta name=\"twitter:data1\" content=\"admin\" \/>\n\t<meta name=\"twitter:label2\" content=\"Est. tempo de leitura\" \/>\n\t<meta name=\"twitter:data2\" content=\"3 minutos\" \/>\n<script type=\"application\/ld+json\" class=\"yoast-schema-graph\">{\"@context\":\"https:\/\/schema.org\",\"@graph\":[{\"@type\":\"Article\",\"@id\":\"https:\/\/portosma.com.br\/index.php\/2025\/05\/13\/vli-promove-acoes-educativas-de-seguranca-no-transito-e-na-ferrovia\/#article\",\"isPartOf\":{\"@id\":\"https:\/\/portosma.com.br\/index.php\/2025\/05\/13\/vli-promove-acoes-educativas-de-seguranca-no-transito-e-na-ferrovia\/\"},\"author\":{\"name\":\"admin\",\"@id\":\"https:\/\/portosma.com.br\/#\/schema\/person\/fb92dfe283ab47293259c87c813d8623\"},\"headline\":\"VLI promove a\u00e7\u00f5es educativas de seguran\u00e7a no tr\u00e2nsito e na ferrovia\",\"datePublished\":\"2025-05-13T19:07:32+00:00\",\"dateModified\":\"2025-05-13T19:07:32+00:00\",\"mainEntityOfPage\":{\"@id\":\"https:\/\/portosma.com.br\/index.php\/2025\/05\/13\/vli-promove-acoes-educativas-de-seguranca-no-transito-e-na-ferrovia\/\"},\"wordCount\":428,\"publisher\":{\"@id\":\"https:\/\/portosma.com.br\/#organization\"},\"image\":{\"@id\":\"https:\/\/portosma.com.br\/index.php\/2025\/05\/13\/vli-promove-acoes-educativas-de-seguranca-no-transito-e-na-ferrovia\/#primaryimage\"},\"thumbnailUrl\":\"https:\/\/portosma.com.br\/wp-content\/uploads\/2025\/05\/AMARELO-TRES.jpg\",\"articleSection\":[\"Not\u00edcias\"],\"inLanguage\":\"pt-BR\"},{\"@type\":\"WebPage\",\"@id\":\"https:\/\/portosma.com.br\/index.php\/2025\/05\/13\/vli-promove-acoes-educativas-de-seguranca-no-transito-e-na-ferrovia\/\",\"url\":\"https:\/\/portosma.com.br\/index.php\/2025\/05\/13\/vli-promove-acoes-educativas-de-seguranca-no-transito-e-na-ferrovia\/\",\"name\":\"VLI promove a\u00e7\u00f5es educativas de seguran\u00e7a no tr\u00e2nsito e na ferrovia - Portosma\",\"isPartOf\":{\"@id\":\"https:\/\/portosma.com.br\/#website\"},\"primaryImageOfPage\":{\"@id\":\"https:\/\/portosma.com.br\/index.php\/2025\/05\/13\/vli-promove-acoes-educativas-de-seguranca-no-transito-e-na-ferrovia\/#primaryimage\"},\"image\":{\"@id\":\"https:\/\/portosma.com.br\/index.php\/2025\/05\/13\/vli-promove-acoes-educativas-de-seguranca-no-transito-e-na-ferrovia\/#primaryimage\"},\"thumbnailUrl\":\"https:\/\/portosma.com.br\/wp-content\/uploads\/2025\/05\/AMARELO-TRES.jpg\",\"datePublished\":\"2025-05-13T19:07:32+00:00\",\"dateModified\":\"2025-05-13T19:07:32+00:00\",\"breadcrumb\":{\"@id\":\"https:\/\/portosma.com.br\/index.php\/2025\/05\/13\/vli-promove-acoes-educativas-de-seguranca-no-transito-e-na-ferrovia\/#breadcrumb\"},\"inLanguage\":\"pt-BR\",\"potentialAction\":[{\"@type\":\"ReadAction\",\"target\":[\"https:\/\/portosma.com.br\/index.php\/2025\/05\/13\/vli-promove-acoes-educativas-de-seguranca-no-transito-e-na-ferrovia\/\"]}]},{\"@type\":\"ImageObject\",\"inLanguage\":\"pt-BR\",\"@id\":\"https:\/\/portosma.com.br\/index.php\/2025\/05\/13\/vli-promove-acoes-educativas-de-seguranca-no-transito-e-na-ferrovia\/#primaryimage\",\"url\":\"https:\/\/portosma.com.br\/wp-content\/uploads\/2025\/05\/AMARELO-TRES.jpg\",\"contentUrl\":\"https:\/\/portosma.com.br\/wp-content\/uploads\/2025\/05\/AMARELO-TRES.jpg\",\"width\":1200,\"height\":503},{\"@type\":\"BreadcrumbList\",\"@id\":\"https:\/\/portosma.com.br\/index.php\/2025\/05\/13\/vli-promove-acoes-educativas-de-seguranca-no-transito-e-na-ferrovia\/#breadcrumb\",\"itemListElement\":[{\"@type\":\"ListItem\",\"position\":1,\"name\":\"In\u00edcio\",\"item\":\"https:\/\/portosma.com.br\/\"},{\"@type\":\"ListItem\",\"position\":2,\"name\":\"VLI promove a\u00e7\u00f5es educativas de seguran\u00e7a no tr\u00e2nsito e na ferrovia\"}]},{\"@type\":\"WebSite\",\"@id\":\"https:\/\/portosma.com.br\/#website\",\"url\":\"https:\/\/portosma.com.br\/\",\"name\":\"Portosma\",\"description\":\"Um site de not\u00edcias\",\"publisher\":{\"@id\":\"https:\/\/portosma.com.br\/#organization\"},\"potentialAction\":[{\"@type\":\"SearchAction\",\"target\":{\"@type\":\"EntryPoint\",\"urlTemplate\":\"https:\/\/portosma.com.br\/?s={search_term_string}\"},\"query-input\":\"required name=search_term_string\"}],\"inLanguage\":\"pt-BR\"},{\"@type\":\"Organization\",\"@id\":\"https:\/\/portosma.com.br\/#organization\",\"name\":\"Portosma\",\"alternateName\":\"Portosma\",\"url\":\"https:\/\/portosma.com.br\/\",\"logo\":{\"@type\":\"ImageObject\",\"inLanguage\":\"pt-BR\",\"@id\":\"https:\/\/portosma.com.br\/#\/schema\/logo\/image\/\",\"url\":\"https:\/\/portosma.com.br\/wp-content\/uploads\/2026\/03\/cropped-AD-PORTOSMA.jpg\",\"contentUrl\":\"https:\/\/portosma.com.br\/wp-content\/uploads\/2026\/03\/cropped-AD-PORTOSMA.jpg\",\"width\":400,\"height\":115,\"caption\":\"Portosma\"},\"image\":{\"@id\":\"https:\/\/portosma.com.br\/#\/schema\/logo\/image\/\"}},{\"@type\":\"Person\",\"@id\":\"https:\/\/portosma.com.br\/#\/schema\/person\/fb92dfe283ab47293259c87c813d8623\",\"name\":\"admin\",\"sameAs\":[\"https:\/\/portosma.com.br\"],\"url\":\"https:\/\/portosma.com.br\/index.php\/author\/portosma\/\"}]}<\/script>\n<!-- \/ Yoast SEO plugin. -->","yoast_head_json":{"title":"VLI promove a\u00e7\u00f5es educativas de seguran\u00e7a no tr\u00e2nsito e na ferrovia - Portosma","robots":{"index":"index","follow":"follow","max-snippet":"max-snippet:-1","max-image-preview":"max-image-preview:large","max-video-preview":"max-video-preview:-1"},"canonical":"https:\/\/portosma.com.br\/index.php\/2025\/05\/13\/vli-promove-acoes-educativas-de-seguranca-no-transito-e-na-ferrovia\/","og_locale":"pt_BR","og_type":"article","og_title":"VLI promove a\u00e7\u00f5es educativas de seguran\u00e7a no tr\u00e2nsito e na ferrovia - Portosma","og_description":"A\u00e7\u00f5es em S\u00e3o Lu\u00eds e Imperatriz a empresa destacou o Maio Amarelo refor\u00e7ando a import\u00e2ncia da preven\u00e7\u00e3o de acidentes e do respeito \u00e0 vida.","og_url":"https:\/\/portosma.com.br\/index.php\/2025\/05\/13\/vli-promove-acoes-educativas-de-seguranca-no-transito-e-na-ferrovia\/","og_site_name":"Portosma","article_published_time":"2025-05-13T19:07:32+00:00","og_image":[{"width":1200,"height":503,"url":"https:\/\/portosma.com.br\/wp-content\/uploads\/2025\/05\/AMARELO-TRES.jpg","type":"image\/jpeg"}],"author":"admin","twitter_card":"summary_large_image","twitter_misc":{"Escrito por":"admin","Est. tempo de leitura":"3 minutos"},"schema":{"@context":"https:\/\/schema.org","@graph":[{"@type":"Article","@id":"https:\/\/portosma.com.br\/index.php\/2025\/05\/13\/vli-promove-acoes-educativas-de-seguranca-no-transito-e-na-ferrovia\/#article","isPartOf":{"@id":"https:\/\/portosma.com.br\/index.php\/2025\/05\/13\/vli-promove-acoes-educativas-de-seguranca-no-transito-e-na-ferrovia\/"},"author":{"name":"admin","@id":"https:\/\/portosma.com.br\/#\/schema\/person\/fb92dfe283ab47293259c87c813d8623"},"headline":"VLI promove a\u00e7\u00f5es educativas de seguran\u00e7a no tr\u00e2nsito e na ferrovia","datePublished":"2025-05-13T19:07:32+00:00","dateModified":"2025-05-13T19:07:32+00:00","mainEntityOfPage":{"@id":"https:\/\/portosma.com.br\/index.php\/2025\/05\/13\/vli-promove-acoes-educativas-de-seguranca-no-transito-e-na-ferrovia\/"},"wordCount":428,"publisher":{"@id":"https:\/\/portosma.com.br\/#organization"},"image":{"@id":"https:\/\/portosma.com.br\/index.php\/2025\/05\/13\/vli-promove-acoes-educativas-de-seguranca-no-transito-e-na-ferrovia\/#primaryimage"},"thumbnailUrl":"https:\/\/portosma.com.br\/wp-content\/uploads\/2025\/05\/AMARELO-TRES.jpg","articleSection":["Not\u00edcias"],"inLanguage":"pt-BR"},{"@type":"WebPage","@id":"https:\/\/portosma.com.br\/index.php\/2025\/05\/13\/vli-promove-acoes-educativas-de-seguranca-no-transito-e-na-ferrovia\/","url":"https:\/\/portosma.com.br\/index.php\/2025\/05\/13\/vli-promove-acoes-educativas-de-seguranca-no-transito-e-na-ferrovia\/","name":"VLI promove a\u00e7\u00f5es educativas de seguran\u00e7a no tr\u00e2nsito e na ferrovia - Portosma","isPartOf":{"@id":"https:\/\/portosma.com.br\/#website"},"primaryImageOfPage":{"@id":"https:\/\/portosma.com.br\/index.php\/2025\/05\/13\/vli-promove-acoes-educativas-de-seguranca-no-transito-e-na-ferrovia\/#primaryimage"},"image":{"@id":"https:\/\/portosma.com.br\/index.php\/2025\/05\/13\/vli-promove-acoes-educativas-de-seguranca-no-transito-e-na-ferrovia\/#primaryimage"},"thumbnailUrl":"https:\/\/portosma.com.br\/wp-content\/uploads\/2025\/05\/AMARELO-TRES.jpg","datePublished":"2025-05-13T19:07:32+00:00","dateModified":"2025-05-13T19:07:32+00:00","breadcrumb":{"@id":"https:\/\/portosma.com.br\/index.php\/2025\/05\/13\/vli-promove-acoes-educativas-de-seguranca-no-transito-e-na-ferrovia\/#breadcrumb"},"inLanguage":"pt-BR","potentialAction":[{"@type":"ReadAction","target":["https:\/\/portosma.com.br\/index.php\/2025\/05\/13\/vli-promove-acoes-educativas-de-seguranca-no-transito-e-na-ferrovia\/"]}]},{"@type":"ImageObject","inLanguage":"pt-BR","@id":"https:\/\/portosma.com.br\/index.php\/2025\/05\/13\/vli-promove-acoes-educativas-de-seguranca-no-transito-e-na-ferrovia\/#primaryimage","url":"https:\/\/portosma.com.br\/wp-content\/uploads\/2025\/05\/AMARELO-TRES.jpg","contentUrl":"https:\/\/portosma.com.br\/wp-content\/uploads\/2025\/05\/AMARELO-TRES.jpg","width":1200,"height":503},{"@type":"BreadcrumbList","@id":"https:\/\/portosma.com.br\/index.php\/2025\/05\/13\/vli-promove-acoes-educativas-de-seguranca-no-transito-e-na-ferrovia\/#breadcrumb","itemListElement":[{"@type":"ListItem","position":1,"name":"In\u00edcio","item":"https:\/\/portosma.com.br\/"},{"@type":"ListItem","position":2,"name":"VLI promove a\u00e7\u00f5es educativas de seguran\u00e7a no tr\u00e2nsito e na ferrovia"}]},{"@type":"WebSite","@id":"https:\/\/portosma.com.br\/#website","url":"https:\/\/portosma.com.br\/","name":"Portosma","description":"Um site de not\u00edcias","publisher":{"@id":"https:\/\/portosma.com.br\/#organization"},"potentialAction":[{"@type":"SearchAction","target":{"@type":"EntryPoint","urlTemplate":"https:\/\/portosma.com.br\/?s={search_term_string}"},"query-input":"required name=search_term_string"}],"inLanguage":"pt-BR"},{"@type":"Organization","@id":"https:\/\/portosma.com.br\/#organization","name":"Portosma","alternateName":"Portosma","url":"https:\/\/portosma.com.br\/","logo":{"@type":"ImageObject","inLanguage":"pt-BR","@id":"https:\/\/portosma.com.br\/#\/schema\/logo\/image\/","url":"https:\/\/portosma.com.br\/wp-content\/uploads\/2026\/03\/cropped-AD-PORTOSMA.jpg","contentUrl":"https:\/\/portosma.com.br\/wp-content\/uploads\/2026\/03\/cropped-AD-PORTOSMA.jpg","width":400,"height":115,"caption":"Portosma"},"image":{"@id":"https:\/\/portosma.com.br\/#\/schema\/logo\/image\/"}},{"@type":"Person","@id":"https:\/\/portosma.com.br\/#\/schema\/person\/fb92dfe283ab47293259c87c813d8623","name":"admin","sameAs":["https:\/\/portosma.com.br"],"url":"https:\/\/portosma.com.br\/index.php\/author\/portosma\/"}]}},"_links":{"self":[{"href":"https:\/\/portosma.com.br\/index.php\/wp-json\/wp\/v2\/posts\/22287","targetHints":{"allow":["GET"]}}],"collection":[{"href":"https:\/\/portosma.com.br\/index.php\/wp-json\/wp\/v2\/posts"}],"about":[{"href":"https:\/\/portosma.com.br\/index.php\/wp-json\/wp\/v2\/types\/post"}],"author":[{"embeddable":true,"href":"https:\/\/portosma.com.br\/index.php\/wp-json\/wp\/v2\/users\/1"}],"replies":[{"embeddable":true,"href":"https:\/\/portosma.com.br\/index.php\/wp-json\/wp\/v2\/comments?post=22287"}],"version-history":[{"count":1,"href":"https:\/\/portosma.com.br\/index.php\/wp-json\/wp\/v2\/posts\/22287\/revisions"}],"predecessor-version":[{"id":22291,"href":"https:\/\/portosma.com.br\/index.php\/wp-json\/wp\/v2\/posts\/22287\/revisions\/22291"}],"wp:featuredmedia":[{"embeddable":true,"href":"https:\/\/portosma.com.br\/index.php\/wp-json\/wp\/v2\/media\/22288"}],"wp:attachment":[{"href":"https:\/\/portosma.com.br\/index.php\/wp-json\/wp\/v2\/media?parent=22287"}],"wp:term":[{"taxonomy":"category","embeddable":true,"href":"https:\/\/portosma.com.br\/index.php\/wp-json\/wp\/v2\/categories?post=22287"},{"taxonomy":"post_tag","embeddable":true,"href":"https:\/\/portosma.com.br\/index.php\/wp-json\/wp\/v2\/tags?post=22287"}],"curies":[{"name":"wp","href":"https:\/\/api.w.org\/{rel}","templated":true}]}}