{"id":22002,"date":"2025-04-28T14:16:23","date_gmt":"2025-04-28T14:16:23","guid":{"rendered":"https:\/\/portosma.com.br\/?p=22002"},"modified":"2025-04-28T14:17:21","modified_gmt":"2025-04-28T14:17:21","slug":"vli-assina-pacto-sustentavel-com-o-ministerio-de-portos-e-aeroportos","status":"publish","type":"post","link":"https:\/\/portosma.com.br\/index.php\/2025\/04\/28\/vli-assina-pacto-sustentavel-com-o-ministerio-de-portos-e-aeroportos\/","title":{"rendered":"VLI assina Pacto Sustent\u00e1vel com Minist\u00e9rio de Portos e Aeroportos"},"content":{"rendered":"<h4><span style=\"color: #808080;\"><em><strong>O objetivo da proposta \u00e9 incentivar pr\u00e1ticas sustent\u00e1veis, promover a transpar\u00eancia e fortalecer a inclus\u00e3o social<\/strong><\/em><\/span><\/h4>\n<p>A VLI \u2013 companhia de solu\u00e7\u00f5es log\u00edsticas que opera ferrovias, portos e terminais \u2013 assinou, na tarde desta ter\u00e7a-feira (22), o Pacto pela Sustentabilidade do Minist\u00e9rio de Portos e Aeroportos (MPor). O evento, realizado pela companhia durante a feira Intermodal, na cidade de S\u00e3o Paulo, contou com a presen\u00e7a do CEO da VLI, F\u00e1bio Marchiori; da diretora-executiva de Gente, Servi\u00e7os e Sustentabilidade da companhia, Rute Melo Ara\u00fajo; da secret\u00e1ria executiva do Minist\u00e9rio, Mariana Pescatori, que est\u00e1 como ministra interina, bem como de outras autoridades. O intuito do pacto \u00e9 incentivar pr\u00e1ticas sustent\u00e1veis, promover a transpar\u00eancia e fortalecer a inclus\u00e3o social tanto pela iniciativa privada, quanto pelo setor p\u00fablico, em portos, aeroportos e hidrovias.<\/p>\n<p>O compromisso assumido pela VLI \u00e9 aderente \u00e0 jornada ESG da companhia, que tem como aspira\u00e7\u00e3o ser refer\u00eancia em sustentabilidade no segmento em que atua. A VLI tem uma agenda ESG que inclui compromissos p\u00fablicos assumidos em 2021 e trabalha fortemente o tema em sua cultura corporativa e em pr\u00e1ticas sustent\u00e1veis nos pilares ambiental, social e de governan\u00e7a.<\/p>\n<p>\u201cA jornada ESG da VLI \u00e9 realizada de forma intencional, por meio de metas e indicadores v\u00e1lidos para toda a lideran\u00e7a da companhia. A ades\u00e3o ao Pacto de Sustentabilidade do Minist\u00e9rio dos Portos e Aeroportos \u00e9 um exemplo de que acreditamos no poder das conex\u00f5es para transformar a log\u00edstica e para termos um Brasil sustent\u00e1vel\u201d, explica Rute Melo Ara\u00fajo, diretora-executiva de Gente, Servi\u00e7os e Sustentabilidade da VLI.<\/p>\n<p><strong>Reconhecimento p\u00fablico<\/strong> &#8211; O MPor conceder\u00e1, ainda neste ano, um selo de reconhecimento p\u00fablico para as empresas que participam da proposta, com n\u00edveis que refletem o grau de engajamento. O selo ouro, por exemplo, ser\u00e1 concedido \u00e0quelas que apresentarem ao menos 10 a\u00e7\u00f5es distribu\u00eddas entre os tr\u00eas eixos da pol\u00edtica (ambiental, social e de governan\u00e7a), al\u00e9m de estabelecerem metas autodefinidas nos eixos ambiental e social e aderirem ao Programa Brasileiro GHG Protocol. Al\u00e9m disso, quem tiver compromisso com as boas pr\u00e1ticas ambientais ter\u00e1 os seus projetos priorizados dentro do Minist\u00e9rio da Infraestrutura, fazendo com que sua tramita\u00e7\u00e3o seja mais c\u00e9lebre, conforme a diretora do Programa de Sustentabilidade do Minist\u00e9rio, Larissa Amorim.<\/p>\n<p><img fetchpriority=\"high\" decoding=\"async\" class=\"wp-image-22004 size-full\" src=\"https:\/\/portosma.com.br\/wp-content\/uploads\/2025\/04\/PACTO-2.jpg\" alt=\"\" width=\"900\" height=\"600\" srcset=\"https:\/\/portosma.com.br\/wp-content\/uploads\/2025\/04\/PACTO-2.jpg 900w, https:\/\/portosma.com.br\/wp-content\/uploads\/2025\/04\/PACTO-2-300x200.jpg 300w, https:\/\/portosma.com.br\/wp-content\/uploads\/2025\/04\/PACTO-2-768x512.jpg 768w\" sizes=\"(max-width: 900px) 100vw, 900px\" \/><\/p>\n<p><img decoding=\"async\" class=\"wp-image-22005 size-full\" src=\"https:\/\/portosma.com.br\/wp-content\/uploads\/2025\/04\/PACTO-3.jpg\" alt=\"\" width=\"900\" height=\"600\" srcset=\"https:\/\/portosma.com.br\/wp-content\/uploads\/2025\/04\/PACTO-3.jpg 900w, https:\/\/portosma.com.br\/wp-content\/uploads\/2025\/04\/PACTO-3-300x200.jpg 300w, https:\/\/portosma.com.br\/wp-content\/uploads\/2025\/04\/PACTO-3-768x512.jpg 768w\" sizes=\"(max-width: 900px) 100vw, 900px\" \/><\/p>\n<p><span style=\"color: #993300;\"><strong><em>As fotos mostram o momento da Assinatura do Pacto de Sustentabilidade<br \/>\n<\/em><\/strong><\/span><br \/>\n<span style=\"color: #808080;\"><strong><em>Credito: VLI_Bruno-Figueiredo<\/em><\/strong><\/span><\/p>\n<p><span style=\"color: #808080;\"><strong><em>Fonte:<br \/>\nWComunica\u00e7\u00e3o &#8211; Assessoria e Consultoria<\/em><\/strong><\/span><\/p>\n","protected":false},"excerpt":{"rendered":"<p>O intuito do pacto \u00e9 incentivar pr\u00e1ticas sustent\u00e1veis, promover a transpar\u00eancia e fortalecer a inclus\u00e3o social tanto em portos, aeroportos e hidrovias.<\/p>\n","protected":false},"author":1,"featured_media":22003,"comment_status":"closed","ping_status":"open","sticky":false,"template":"","format":"standard","meta":{"_editorskit_title_hidden":false,"_editorskit_reading_time":0,"_editorskit_is_block_options_detached":false,"_editorskit_block_options_position":"{}","ngg_post_thumbnail":0,"footnotes":""},"categories":[1],"tags":[],"class_list":["post-22002","post","type-post","status-publish","format-standard","has-post-thumbnail","hentry","category-noticias"],"yoast_head":"<!-- This site is optimized with the Yoast SEO plugin v22.5 - https:\/\/yoast.com\/wordpress\/plugins\/seo\/ -->\n<title>VLI assina Pacto Sustent\u00e1vel com Minist\u00e9rio de Portos e Aeroportos - Portosma<\/title>\n<meta name=\"robots\" content=\"index, follow, max-snippet:-1, max-image-preview:large, max-video-preview:-1\" \/>\n<link rel=\"canonical\" href=\"https:\/\/portosma.com.br\/index.php\/2025\/04\/28\/vli-assina-pacto-sustentavel-com-o-ministerio-de-portos-e-aeroportos\/\" \/>\n<meta property=\"og:locale\" content=\"pt_BR\" \/>\n<meta property=\"og:type\" content=\"article\" \/>\n<meta property=\"og:title\" content=\"VLI assina Pacto Sustent\u00e1vel com Minist\u00e9rio de Portos e Aeroportos - Portosma\" \/>\n<meta property=\"og:description\" content=\"O intuito do pacto \u00e9 incentivar pr\u00e1ticas sustent\u00e1veis, promover a transpar\u00eancia e fortalecer a inclus\u00e3o social tanto em portos, aeroportos e hidrovias.\" \/>\n<meta property=\"og:url\" content=\"https:\/\/portosma.com.br\/index.php\/2025\/04\/28\/vli-assina-pacto-sustentavel-com-o-ministerio-de-portos-e-aeroportos\/\" \/>\n<meta property=\"og:site_name\" content=\"Portosma\" \/>\n<meta property=\"article:published_time\" content=\"2025-04-28T14:16:23+00:00\" \/>\n<meta property=\"article:modified_time\" content=\"2025-04-28T14:17:21+00:00\" \/>\n<meta property=\"og:image\" content=\"https:\/\/portosma.com.br\/wp-content\/uploads\/2025\/04\/PACTO-1.jpg\" \/>\n\t<meta property=\"og:image:width\" content=\"1200\" \/>\n\t<meta property=\"og:image:height\" content=\"502\" \/>\n\t<meta property=\"og:image:type\" content=\"image\/jpeg\" \/>\n<meta name=\"author\" content=\"admin\" \/>\n<meta name=\"twitter:card\" content=\"summary_large_image\" \/>\n<meta name=\"twitter:label1\" content=\"Escrito por\" \/>\n\t<meta name=\"twitter:data1\" content=\"admin\" \/>\n\t<meta name=\"twitter:label2\" content=\"Est. tempo de leitura\" \/>\n\t<meta name=\"twitter:data2\" content=\"3 minutos\" \/>\n<script type=\"application\/ld+json\" class=\"yoast-schema-graph\">{\"@context\":\"https:\/\/schema.org\",\"@graph\":[{\"@type\":\"Article\",\"@id\":\"https:\/\/portosma.com.br\/index.php\/2025\/04\/28\/vli-assina-pacto-sustentavel-com-o-ministerio-de-portos-e-aeroportos\/#article\",\"isPartOf\":{\"@id\":\"https:\/\/portosma.com.br\/index.php\/2025\/04\/28\/vli-assina-pacto-sustentavel-com-o-ministerio-de-portos-e-aeroportos\/\"},\"author\":{\"name\":\"admin\",\"@id\":\"https:\/\/portosma.com.br\/#\/schema\/person\/fb92dfe283ab47293259c87c813d8623\"},\"headline\":\"VLI assina Pacto Sustent\u00e1vel com Minist\u00e9rio de Portos e Aeroportos\",\"datePublished\":\"2025-04-28T14:16:23+00:00\",\"dateModified\":\"2025-04-28T14:17:21+00:00\",\"mainEntityOfPage\":{\"@id\":\"https:\/\/portosma.com.br\/index.php\/2025\/04\/28\/vli-assina-pacto-sustentavel-com-o-ministerio-de-portos-e-aeroportos\/\"},\"wordCount\":437,\"publisher\":{\"@id\":\"https:\/\/portosma.com.br\/#organization\"},\"image\":{\"@id\":\"https:\/\/portosma.com.br\/index.php\/2025\/04\/28\/vli-assina-pacto-sustentavel-com-o-ministerio-de-portos-e-aeroportos\/#primaryimage\"},\"thumbnailUrl\":\"https:\/\/portosma.com.br\/wp-content\/uploads\/2025\/04\/PACTO-1.jpg\",\"articleSection\":[\"Not\u00edcias\"],\"inLanguage\":\"pt-BR\"},{\"@type\":\"WebPage\",\"@id\":\"https:\/\/portosma.com.br\/index.php\/2025\/04\/28\/vli-assina-pacto-sustentavel-com-o-ministerio-de-portos-e-aeroportos\/\",\"url\":\"https:\/\/portosma.com.br\/index.php\/2025\/04\/28\/vli-assina-pacto-sustentavel-com-o-ministerio-de-portos-e-aeroportos\/\",\"name\":\"VLI assina Pacto Sustent\u00e1vel com Minist\u00e9rio de Portos e Aeroportos - Portosma\",\"isPartOf\":{\"@id\":\"https:\/\/portosma.com.br\/#website\"},\"primaryImageOfPage\":{\"@id\":\"https:\/\/portosma.com.br\/index.php\/2025\/04\/28\/vli-assina-pacto-sustentavel-com-o-ministerio-de-portos-e-aeroportos\/#primaryimage\"},\"image\":{\"@id\":\"https:\/\/portosma.com.br\/index.php\/2025\/04\/28\/vli-assina-pacto-sustentavel-com-o-ministerio-de-portos-e-aeroportos\/#primaryimage\"},\"thumbnailUrl\":\"https:\/\/portosma.com.br\/wp-content\/uploads\/2025\/04\/PACTO-1.jpg\",\"datePublished\":\"2025-04-28T14:16:23+00:00\",\"dateModified\":\"2025-04-28T14:17:21+00:00\",\"breadcrumb\":{\"@id\":\"https:\/\/portosma.com.br\/index.php\/2025\/04\/28\/vli-assina-pacto-sustentavel-com-o-ministerio-de-portos-e-aeroportos\/#breadcrumb\"},\"inLanguage\":\"pt-BR\",\"potentialAction\":[{\"@type\":\"ReadAction\",\"target\":[\"https:\/\/portosma.com.br\/index.php\/2025\/04\/28\/vli-assina-pacto-sustentavel-com-o-ministerio-de-portos-e-aeroportos\/\"]}]},{\"@type\":\"ImageObject\",\"inLanguage\":\"pt-BR\",\"@id\":\"https:\/\/portosma.com.br\/index.php\/2025\/04\/28\/vli-assina-pacto-sustentavel-com-o-ministerio-de-portos-e-aeroportos\/#primaryimage\",\"url\":\"https:\/\/portosma.com.br\/wp-content\/uploads\/2025\/04\/PACTO-1.jpg\",\"contentUrl\":\"https:\/\/portosma.com.br\/wp-content\/uploads\/2025\/04\/PACTO-1.jpg\",\"width\":1200,\"height\":502,\"caption\":\"22 de Abril de 2025 - S\u00c3O PAULO \/ SP VLI - INTERMODAL Foto: Bruno Figueiredo \/ \u00c1rea de Servi\u00e7o \/ VLI\"},{\"@type\":\"BreadcrumbList\",\"@id\":\"https:\/\/portosma.com.br\/index.php\/2025\/04\/28\/vli-assina-pacto-sustentavel-com-o-ministerio-de-portos-e-aeroportos\/#breadcrumb\",\"itemListElement\":[{\"@type\":\"ListItem\",\"position\":1,\"name\":\"In\u00edcio\",\"item\":\"https:\/\/portosma.com.br\/\"},{\"@type\":\"ListItem\",\"position\":2,\"name\":\"VLI assina Pacto Sustent\u00e1vel com Minist\u00e9rio de Portos e Aeroportos\"}]},{\"@type\":\"WebSite\",\"@id\":\"https:\/\/portosma.com.br\/#website\",\"url\":\"https:\/\/portosma.com.br\/\",\"name\":\"Portosma\",\"description\":\"Um site de not\u00edcias\",\"publisher\":{\"@id\":\"https:\/\/portosma.com.br\/#organization\"},\"potentialAction\":[{\"@type\":\"SearchAction\",\"target\":{\"@type\":\"EntryPoint\",\"urlTemplate\":\"https:\/\/portosma.com.br\/?s={search_term_string}\"},\"query-input\":\"required name=search_term_string\"}],\"inLanguage\":\"pt-BR\"},{\"@type\":\"Organization\",\"@id\":\"https:\/\/portosma.com.br\/#organization\",\"name\":\"Portosma\",\"alternateName\":\"Portosma\",\"url\":\"https:\/\/portosma.com.br\/\",\"logo\":{\"@type\":\"ImageObject\",\"inLanguage\":\"pt-BR\",\"@id\":\"https:\/\/portosma.com.br\/#\/schema\/logo\/image\/\",\"url\":\"https:\/\/portosma.com.br\/wp-content\/uploads\/2026\/03\/cropped-AD-PORTOSMA.jpg\",\"contentUrl\":\"https:\/\/portosma.com.br\/wp-content\/uploads\/2026\/03\/cropped-AD-PORTOSMA.jpg\",\"width\":400,\"height\":115,\"caption\":\"Portosma\"},\"image\":{\"@id\":\"https:\/\/portosma.com.br\/#\/schema\/logo\/image\/\"}},{\"@type\":\"Person\",\"@id\":\"https:\/\/portosma.com.br\/#\/schema\/person\/fb92dfe283ab47293259c87c813d8623\",\"name\":\"admin\",\"sameAs\":[\"https:\/\/portosma.com.br\"],\"url\":\"https:\/\/portosma.com.br\/index.php\/author\/portosma\/\"}]}<\/script>\n<!-- \/ Yoast SEO plugin. -->","yoast_head_json":{"title":"VLI assina Pacto Sustent\u00e1vel com Minist\u00e9rio de Portos e Aeroportos - Portosma","robots":{"index":"index","follow":"follow","max-snippet":"max-snippet:-1","max-image-preview":"max-image-preview:large","max-video-preview":"max-video-preview:-1"},"canonical":"https:\/\/portosma.com.br\/index.php\/2025\/04\/28\/vli-assina-pacto-sustentavel-com-o-ministerio-de-portos-e-aeroportos\/","og_locale":"pt_BR","og_type":"article","og_title":"VLI assina Pacto Sustent\u00e1vel com Minist\u00e9rio de Portos e Aeroportos - Portosma","og_description":"O intuito do pacto \u00e9 incentivar pr\u00e1ticas sustent\u00e1veis, promover a transpar\u00eancia e fortalecer a inclus\u00e3o social tanto em portos, aeroportos e hidrovias.","og_url":"https:\/\/portosma.com.br\/index.php\/2025\/04\/28\/vli-assina-pacto-sustentavel-com-o-ministerio-de-portos-e-aeroportos\/","og_site_name":"Portosma","article_published_time":"2025-04-28T14:16:23+00:00","article_modified_time":"2025-04-28T14:17:21+00:00","og_image":[{"width":1200,"height":502,"url":"https:\/\/portosma.com.br\/wp-content\/uploads\/2025\/04\/PACTO-1.jpg","type":"image\/jpeg"}],"author":"admin","twitter_card":"summary_large_image","twitter_misc":{"Escrito por":"admin","Est. tempo de leitura":"3 minutos"},"schema":{"@context":"https:\/\/schema.org","@graph":[{"@type":"Article","@id":"https:\/\/portosma.com.br\/index.php\/2025\/04\/28\/vli-assina-pacto-sustentavel-com-o-ministerio-de-portos-e-aeroportos\/#article","isPartOf":{"@id":"https:\/\/portosma.com.br\/index.php\/2025\/04\/28\/vli-assina-pacto-sustentavel-com-o-ministerio-de-portos-e-aeroportos\/"},"author":{"name":"admin","@id":"https:\/\/portosma.com.br\/#\/schema\/person\/fb92dfe283ab47293259c87c813d8623"},"headline":"VLI assina Pacto Sustent\u00e1vel com Minist\u00e9rio de Portos e Aeroportos","datePublished":"2025-04-28T14:16:23+00:00","dateModified":"2025-04-28T14:17:21+00:00","mainEntityOfPage":{"@id":"https:\/\/portosma.com.br\/index.php\/2025\/04\/28\/vli-assina-pacto-sustentavel-com-o-ministerio-de-portos-e-aeroportos\/"},"wordCount":437,"publisher":{"@id":"https:\/\/portosma.com.br\/#organization"},"image":{"@id":"https:\/\/portosma.com.br\/index.php\/2025\/04\/28\/vli-assina-pacto-sustentavel-com-o-ministerio-de-portos-e-aeroportos\/#primaryimage"},"thumbnailUrl":"https:\/\/portosma.com.br\/wp-content\/uploads\/2025\/04\/PACTO-1.jpg","articleSection":["Not\u00edcias"],"inLanguage":"pt-BR"},{"@type":"WebPage","@id":"https:\/\/portosma.com.br\/index.php\/2025\/04\/28\/vli-assina-pacto-sustentavel-com-o-ministerio-de-portos-e-aeroportos\/","url":"https:\/\/portosma.com.br\/index.php\/2025\/04\/28\/vli-assina-pacto-sustentavel-com-o-ministerio-de-portos-e-aeroportos\/","name":"VLI assina Pacto Sustent\u00e1vel com Minist\u00e9rio de Portos e Aeroportos - Portosma","isPartOf":{"@id":"https:\/\/portosma.com.br\/#website"},"primaryImageOfPage":{"@id":"https:\/\/portosma.com.br\/index.php\/2025\/04\/28\/vli-assina-pacto-sustentavel-com-o-ministerio-de-portos-e-aeroportos\/#primaryimage"},"image":{"@id":"https:\/\/portosma.com.br\/index.php\/2025\/04\/28\/vli-assina-pacto-sustentavel-com-o-ministerio-de-portos-e-aeroportos\/#primaryimage"},"thumbnailUrl":"https:\/\/portosma.com.br\/wp-content\/uploads\/2025\/04\/PACTO-1.jpg","datePublished":"2025-04-28T14:16:23+00:00","dateModified":"2025-04-28T14:17:21+00:00","breadcrumb":{"@id":"https:\/\/portosma.com.br\/index.php\/2025\/04\/28\/vli-assina-pacto-sustentavel-com-o-ministerio-de-portos-e-aeroportos\/#breadcrumb"},"inLanguage":"pt-BR","potentialAction":[{"@type":"ReadAction","target":["https:\/\/portosma.com.br\/index.php\/2025\/04\/28\/vli-assina-pacto-sustentavel-com-o-ministerio-de-portos-e-aeroportos\/"]}]},{"@type":"ImageObject","inLanguage":"pt-BR","@id":"https:\/\/portosma.com.br\/index.php\/2025\/04\/28\/vli-assina-pacto-sustentavel-com-o-ministerio-de-portos-e-aeroportos\/#primaryimage","url":"https:\/\/portosma.com.br\/wp-content\/uploads\/2025\/04\/PACTO-1.jpg","contentUrl":"https:\/\/portosma.com.br\/wp-content\/uploads\/2025\/04\/PACTO-1.jpg","width":1200,"height":502,"caption":"22 de Abril de 2025 - S\u00c3O PAULO \/ SP VLI - INTERMODAL Foto: Bruno Figueiredo \/ \u00c1rea de Servi\u00e7o \/ VLI"},{"@type":"BreadcrumbList","@id":"https:\/\/portosma.com.br\/index.php\/2025\/04\/28\/vli-assina-pacto-sustentavel-com-o-ministerio-de-portos-e-aeroportos\/#breadcrumb","itemListElement":[{"@type":"ListItem","position":1,"name":"In\u00edcio","item":"https:\/\/portosma.com.br\/"},{"@type":"ListItem","position":2,"name":"VLI assina Pacto Sustent\u00e1vel com Minist\u00e9rio de Portos e Aeroportos"}]},{"@type":"WebSite","@id":"https:\/\/portosma.com.br\/#website","url":"https:\/\/portosma.com.br\/","name":"Portosma","description":"Um site de not\u00edcias","publisher":{"@id":"https:\/\/portosma.com.br\/#organization"},"potentialAction":[{"@type":"SearchAction","target":{"@type":"EntryPoint","urlTemplate":"https:\/\/portosma.com.br\/?s={search_term_string}"},"query-input":"required name=search_term_string"}],"inLanguage":"pt-BR"},{"@type":"Organization","@id":"https:\/\/portosma.com.br\/#organization","name":"Portosma","alternateName":"Portosma","url":"https:\/\/portosma.com.br\/","logo":{"@type":"ImageObject","inLanguage":"pt-BR","@id":"https:\/\/portosma.com.br\/#\/schema\/logo\/image\/","url":"https:\/\/portosma.com.br\/wp-content\/uploads\/2026\/03\/cropped-AD-PORTOSMA.jpg","contentUrl":"https:\/\/portosma.com.br\/wp-content\/uploads\/2026\/03\/cropped-AD-PORTOSMA.jpg","width":400,"height":115,"caption":"Portosma"},"image":{"@id":"https:\/\/portosma.com.br\/#\/schema\/logo\/image\/"}},{"@type":"Person","@id":"https:\/\/portosma.com.br\/#\/schema\/person\/fb92dfe283ab47293259c87c813d8623","name":"admin","sameAs":["https:\/\/portosma.com.br"],"url":"https:\/\/portosma.com.br\/index.php\/author\/portosma\/"}]}},"_links":{"self":[{"href":"https:\/\/portosma.com.br\/index.php\/wp-json\/wp\/v2\/posts\/22002","targetHints":{"allow":["GET"]}}],"collection":[{"href":"https:\/\/portosma.com.br\/index.php\/wp-json\/wp\/v2\/posts"}],"about":[{"href":"https:\/\/portosma.com.br\/index.php\/wp-json\/wp\/v2\/types\/post"}],"author":[{"embeddable":true,"href":"https:\/\/portosma.com.br\/index.php\/wp-json\/wp\/v2\/users\/1"}],"replies":[{"embeddable":true,"href":"https:\/\/portosma.com.br\/index.php\/wp-json\/wp\/v2\/comments?post=22002"}],"version-history":[{"count":2,"href":"https:\/\/portosma.com.br\/index.php\/wp-json\/wp\/v2\/posts\/22002\/revisions"}],"predecessor-version":[{"id":22007,"href":"https:\/\/portosma.com.br\/index.php\/wp-json\/wp\/v2\/posts\/22002\/revisions\/22007"}],"wp:featuredmedia":[{"embeddable":true,"href":"https:\/\/portosma.com.br\/index.php\/wp-json\/wp\/v2\/media\/22003"}],"wp:attachment":[{"href":"https:\/\/portosma.com.br\/index.php\/wp-json\/wp\/v2\/media?parent=22002"}],"wp:term":[{"taxonomy":"category","embeddable":true,"href":"https:\/\/portosma.com.br\/index.php\/wp-json\/wp\/v2\/categories?post=22002"},{"taxonomy":"post_tag","embeddable":true,"href":"https:\/\/portosma.com.br\/index.php\/wp-json\/wp\/v2\/tags?post=22002"}],"curies":[{"name":"wp","href":"https:\/\/api.w.org\/{rel}","templated":true}]}}