{"id":21914,"date":"2025-05-14T18:47:49","date_gmt":"2025-05-14T18:47:49","guid":{"rendered":"https:\/\/portosma.com.br\/?p=21914"},"modified":"2025-05-15T22:42:44","modified_gmt":"2025-05-15T22:42:44","slug":"vli-abre-mais-de-100-vagas-de-estagio-para-cursos-superiores-e-de-ensino-tecnico","status":"publish","type":"post","link":"https:\/\/portosma.com.br\/index.php\/2025\/05\/14\/vli-abre-mais-de-100-vagas-de-estagio-para-cursos-superiores-e-de-ensino-tecnico\/","title":{"rendered":"VLI prorroga prazo de inscri\u00e7\u00e3o para seu Programa de Est\u00e1gio 2025"},"content":{"rendered":"<h4><em>As inscri\u00e7\u00f5es para a sele\u00e7\u00e3o de mais de 100 estagi\u00e1rios de cursos superiores e ensino t\u00e9cnico agora podem ser feitas at\u00e9 22 de maio.<\/em><\/h4>\n<p>A VLI \u2013 companhia de solu\u00e7\u00f5es log\u00edsticas que opera ferrovias, portos e terminais \u2013 abriu, no \u00falrimo dia 22 de abril as inscri\u00e7\u00f5es para seu Programa de Est\u00e1gio 2025. Ao todo s\u00e3o mais de 100 vagas para estudantes de todos os cursos superiores e ensino t\u00e9cnico. Os selecionados atuar\u00e3o a partir de agosto em diversas localidades onde a companhia atua por meio da Ferrovia Centro-Atl\u00e2ntica e tramo norte da Ferrovia Norte Sul (FNS), al\u00e9m de terminais portu\u00e1rios e intermodais instalados em regi\u00f5es estrat\u00e9gicas do pa\u00eds. Os interessados devem se inscrever no site https:\/\/www.vli-logistica.com.br\/estagio-2025\/ at\u00e9 o dia 22 de maio e o processo seletivo ser\u00e1 totalmente digital.<\/p>\n<p><img fetchpriority=\"high\" decoding=\"async\" class=\"alignnone wp-image-22354 size-full\" src=\"https:\/\/portosma.com.br\/wp-content\/uploads\/2025\/05\/estagio.jpg\" alt=\"\" width=\"900\" height=\"534\" srcset=\"https:\/\/portosma.com.br\/wp-content\/uploads\/2025\/05\/estagio.jpg 900w, https:\/\/portosma.com.br\/wp-content\/uploads\/2025\/05\/estagio-300x178.jpg 300w, https:\/\/portosma.com.br\/wp-content\/uploads\/2025\/05\/estagio-768x456.jpg 768w\" sizes=\"(max-width: 900px) 100vw, 900px\" \/><\/p>\n<p>As oportunidades para os alunos de ensino superior s\u00e3o para os estados da Bahia, Maranh\u00e3o, Minas Gerais, S\u00e3o Paulo, Sergipe e Tocantins. Para se candidatar, quem faz bacharelado ou licenciatura precisa estar nos dois \u00faltimos anos de forma\u00e7\u00e3o e ter disponibilidade para estagiar por um per\u00edodo m\u00ednimo de um ano e, no m\u00e1ximo, dois anos. A jornada do est\u00e1gio para os cursos superiores \u00e9 de seis horas di\u00e1rias.<\/p>\n<p>Por sua vez, os estudantes do ensino m\u00e9dio t\u00e9cnico precisam estar no terceiro ano de forma\u00e7\u00e3o, ter mais de 18 anos, al\u00e9m de disponibilidade para atuar presencialmente na VLI, na localidade selecionada, por quatro ou seis horas. A carga hor\u00e1ria ser\u00e1 definida conforme os cursos t\u00e9cnicos. As vagas s\u00e3o para Bahia, Esp\u00edrito Santo, Maranh\u00e3o, Minas Gerais, S\u00e3o Paulo e Tocantins.<\/p>\n<p>Os novos estagi\u00e1rios ter\u00e3o como benef\u00edcios: vale-refei\u00e7\u00e3o (oferecido nas unidades onde n\u00e3o h\u00e1 refeit\u00f3rio); vale-transporte e\/ou \u00f4nibus fretado (dependendo da localiza\u00e7\u00e3o em que ir\u00e1 trabalhar); assist\u00eancia m\u00e9dica e odontol\u00f3gica; Wellhub (plataforma de academias, com foco em sua sa\u00fade e bem-estar); cesta de Natal; seguro de vida; Bem Cuidar Sa\u00fade Mental; kit maternidade; al\u00e9m de uma rede de descontos em v\u00e1rias lojas, restaurantes, sal\u00f5es e outros.<\/p>\n<p>A gerente de Desenvolvimento Organizacional da VLI, Carla Campos, afirma que a companhia valoriza a diversidade, estimulando o ingresso de mulheres, pessoas negras e com defici\u00eancia (PCDs). \u201cFomentamos a diversidade e ofertamos um ambiente seguro de trabalho. Procuramos pessoas que queiram aprender e buscar novos desafios. Al\u00e9m disso, \u00e9 preciso que todos estejam dispostos a, em conjunto conosco, ajudar a transformar a log\u00edstica do Brasil\u201d, ressalta.<\/p>\n<p><strong><img decoding=\"async\" class=\"size-full wp-image-21916 alignleft\" src=\"https:\/\/portosma.com.br\/wp-content\/uploads\/2025\/04\/ESTAGIO-2.jpg\" alt=\"\" width=\"260\" height=\"173\">Sobre a VLI<\/strong> &#8211; <em>A VLI tem o compromisso de apoiar a transforma\u00e7\u00e3o da log\u00edstica no pa\u00eds, por meio da integra\u00e7\u00e3o de servi\u00e7os em portos, ferrovias e terminais. A empresa engloba as ferrovias Norte Sul (FNS) e Centro-Atl\u00e2ntica (FCA), al\u00e9m de terminais intermodais, que unem o carregamento e o descarregamento de produtos ao transporte ferrovi\u00e1rio, e terminais portu\u00e1rios situados em eixos estrat\u00e9gicos da costa brasileira, tais como em Santos (SP), S\u00e3o Lu\u00eds (MA) e Vit\u00f3ria (ES). Ela transporta as riquezas do Brasil por rotas que passam pelas regi\u00f5es Norte, Nordeste, Sudeste e Centro-Oeste. A companhia est\u00e1 entre as 50 melhores empresas para trabalhar no pa\u00eds, reconhecimento concedido pela consultoria global Great Place to Work (GPTW). E, por cinco anos consecutivos, a VLI est\u00e1 entre as tr\u00eas companhias mais inovadoras do setor de Transporte e Log\u00edstica no ranking do Valor Inova\u00e7\u00e3o.<\/em><\/p>\n<p>&nbsp;<\/p>\n<p><span style=\"color: #999999;\"><em><strong>Fonte:<\/strong><\/em><\/span><br \/>\n<span style=\"color: #999999;\"><em><strong>WComunica\u00e7\u00e3o &#8211; Assessoria de Imprensa e Consultoria<\/strong><\/em><\/span><\/p>\n","protected":false},"excerpt":{"rendered":"<p>As inscri\u00e7\u00f5es podem ser feitas pelos alunos interessados at\u00e9 o pr\u00f3ximo dia 22 de maio e toda a sele\u00e7\u00e3o, para as mais de 100 vagas, ser\u00e1 digital.<\/p>\n","protected":false},"author":1,"featured_media":21915,"comment_status":"closed","ping_status":"open","sticky":false,"template":"","format":"standard","meta":{"_editorskit_title_hidden":false,"_editorskit_reading_time":0,"_editorskit_is_block_options_detached":false,"_editorskit_block_options_position":"{}","ngg_post_thumbnail":0,"footnotes":""},"categories":[1],"tags":[],"class_list":["post-21914","post","type-post","status-publish","format-standard","has-post-thumbnail","hentry","category-noticias"],"yoast_head":"<!-- This site is optimized with the Yoast SEO plugin v22.5 - https:\/\/yoast.com\/wordpress\/plugins\/seo\/ -->\n<title>VLI prorroga prazo de inscri\u00e7\u00e3o para seu Programa de Est\u00e1gio 2025 - Portosma<\/title>\n<meta name=\"robots\" content=\"index, follow, max-snippet:-1, max-image-preview:large, max-video-preview:-1\" \/>\n<link rel=\"canonical\" href=\"https:\/\/portosma.com.br\/index.php\/2025\/05\/14\/vli-abre-mais-de-100-vagas-de-estagio-para-cursos-superiores-e-de-ensino-tecnico\/\" \/>\n<meta property=\"og:locale\" content=\"pt_BR\" \/>\n<meta property=\"og:type\" content=\"article\" \/>\n<meta property=\"og:title\" content=\"VLI prorroga prazo de inscri\u00e7\u00e3o para seu Programa de Est\u00e1gio 2025 - Portosma\" \/>\n<meta property=\"og:description\" content=\"As inscri\u00e7\u00f5es podem ser feitas pelos alunos interessados at\u00e9 o pr\u00f3ximo dia 22 de maio e toda a sele\u00e7\u00e3o, para as mais de 100 vagas, ser\u00e1 digital.\" \/>\n<meta property=\"og:url\" content=\"https:\/\/portosma.com.br\/index.php\/2025\/05\/14\/vli-abre-mais-de-100-vagas-de-estagio-para-cursos-superiores-e-de-ensino-tecnico\/\" \/>\n<meta property=\"og:site_name\" content=\"Portosma\" \/>\n<meta property=\"article:published_time\" content=\"2025-05-14T18:47:49+00:00\" \/>\n<meta property=\"article:modified_time\" content=\"2025-05-15T22:42:44+00:00\" \/>\n<meta property=\"og:image\" content=\"https:\/\/portosma.com.br\/wp-content\/uploads\/2025\/04\/ESTAGIO-1.jpg\" \/>\n\t<meta property=\"og:image:width\" content=\"1200\" \/>\n\t<meta property=\"og:image:height\" content=\"500\" \/>\n\t<meta property=\"og:image:type\" content=\"image\/jpeg\" \/>\n<meta name=\"author\" content=\"admin\" \/>\n<meta name=\"twitter:card\" content=\"summary_large_image\" \/>\n<meta name=\"twitter:label1\" content=\"Escrito por\" \/>\n\t<meta name=\"twitter:data1\" content=\"admin\" \/>\n\t<meta name=\"twitter:label2\" content=\"Est. tempo de leitura\" \/>\n\t<meta name=\"twitter:data2\" content=\"4 minutos\" \/>\n<script type=\"application\/ld+json\" class=\"yoast-schema-graph\">{\"@context\":\"https:\/\/schema.org\",\"@graph\":[{\"@type\":\"Article\",\"@id\":\"https:\/\/portosma.com.br\/index.php\/2025\/05\/14\/vli-abre-mais-de-100-vagas-de-estagio-para-cursos-superiores-e-de-ensino-tecnico\/#article\",\"isPartOf\":{\"@id\":\"https:\/\/portosma.com.br\/index.php\/2025\/05\/14\/vli-abre-mais-de-100-vagas-de-estagio-para-cursos-superiores-e-de-ensino-tecnico\/\"},\"author\":{\"name\":\"admin\",\"@id\":\"https:\/\/portosma.com.br\/#\/schema\/person\/fb92dfe283ab47293259c87c813d8623\"},\"headline\":\"VLI prorroga prazo de inscri\u00e7\u00e3o para seu Programa de Est\u00e1gio 2025\",\"datePublished\":\"2025-05-14T18:47:49+00:00\",\"dateModified\":\"2025-05-15T22:42:44+00:00\",\"mainEntityOfPage\":{\"@id\":\"https:\/\/portosma.com.br\/index.php\/2025\/05\/14\/vli-abre-mais-de-100-vagas-de-estagio-para-cursos-superiores-e-de-ensino-tecnico\/\"},\"wordCount\":617,\"publisher\":{\"@id\":\"https:\/\/portosma.com.br\/#organization\"},\"image\":{\"@id\":\"https:\/\/portosma.com.br\/index.php\/2025\/05\/14\/vli-abre-mais-de-100-vagas-de-estagio-para-cursos-superiores-e-de-ensino-tecnico\/#primaryimage\"},\"thumbnailUrl\":\"https:\/\/portosma.com.br\/wp-content\/uploads\/2025\/04\/ESTAGIO-1.jpg\",\"articleSection\":[\"Not\u00edcias\"],\"inLanguage\":\"pt-BR\"},{\"@type\":\"WebPage\",\"@id\":\"https:\/\/portosma.com.br\/index.php\/2025\/05\/14\/vli-abre-mais-de-100-vagas-de-estagio-para-cursos-superiores-e-de-ensino-tecnico\/\",\"url\":\"https:\/\/portosma.com.br\/index.php\/2025\/05\/14\/vli-abre-mais-de-100-vagas-de-estagio-para-cursos-superiores-e-de-ensino-tecnico\/\",\"name\":\"VLI prorroga prazo de inscri\u00e7\u00e3o para seu Programa de Est\u00e1gio 2025 - Portosma\",\"isPartOf\":{\"@id\":\"https:\/\/portosma.com.br\/#website\"},\"primaryImageOfPage\":{\"@id\":\"https:\/\/portosma.com.br\/index.php\/2025\/05\/14\/vli-abre-mais-de-100-vagas-de-estagio-para-cursos-superiores-e-de-ensino-tecnico\/#primaryimage\"},\"image\":{\"@id\":\"https:\/\/portosma.com.br\/index.php\/2025\/05\/14\/vli-abre-mais-de-100-vagas-de-estagio-para-cursos-superiores-e-de-ensino-tecnico\/#primaryimage\"},\"thumbnailUrl\":\"https:\/\/portosma.com.br\/wp-content\/uploads\/2025\/04\/ESTAGIO-1.jpg\",\"datePublished\":\"2025-05-14T18:47:49+00:00\",\"dateModified\":\"2025-05-15T22:42:44+00:00\",\"breadcrumb\":{\"@id\":\"https:\/\/portosma.com.br\/index.php\/2025\/05\/14\/vli-abre-mais-de-100-vagas-de-estagio-para-cursos-superiores-e-de-ensino-tecnico\/#breadcrumb\"},\"inLanguage\":\"pt-BR\",\"potentialAction\":[{\"@type\":\"ReadAction\",\"target\":[\"https:\/\/portosma.com.br\/index.php\/2025\/05\/14\/vli-abre-mais-de-100-vagas-de-estagio-para-cursos-superiores-e-de-ensino-tecnico\/\"]}]},{\"@type\":\"ImageObject\",\"inLanguage\":\"pt-BR\",\"@id\":\"https:\/\/portosma.com.br\/index.php\/2025\/05\/14\/vli-abre-mais-de-100-vagas-de-estagio-para-cursos-superiores-e-de-ensino-tecnico\/#primaryimage\",\"url\":\"https:\/\/portosma.com.br\/wp-content\/uploads\/2025\/04\/ESTAGIO-1.jpg\",\"contentUrl\":\"https:\/\/portosma.com.br\/wp-content\/uploads\/2025\/04\/ESTAGIO-1.jpg\",\"width\":1200,\"height\":500},{\"@type\":\"BreadcrumbList\",\"@id\":\"https:\/\/portosma.com.br\/index.php\/2025\/05\/14\/vli-abre-mais-de-100-vagas-de-estagio-para-cursos-superiores-e-de-ensino-tecnico\/#breadcrumb\",\"itemListElement\":[{\"@type\":\"ListItem\",\"position\":1,\"name\":\"In\u00edcio\",\"item\":\"https:\/\/portosma.com.br\/\"},{\"@type\":\"ListItem\",\"position\":2,\"name\":\"VLI prorroga prazo de inscri\u00e7\u00e3o para seu Programa de Est\u00e1gio 2025\"}]},{\"@type\":\"WebSite\",\"@id\":\"https:\/\/portosma.com.br\/#website\",\"url\":\"https:\/\/portosma.com.br\/\",\"name\":\"Portosma\",\"description\":\"Um site de not\u00edcias\",\"publisher\":{\"@id\":\"https:\/\/portosma.com.br\/#organization\"},\"potentialAction\":[{\"@type\":\"SearchAction\",\"target\":{\"@type\":\"EntryPoint\",\"urlTemplate\":\"https:\/\/portosma.com.br\/?s={search_term_string}\"},\"query-input\":\"required name=search_term_string\"}],\"inLanguage\":\"pt-BR\"},{\"@type\":\"Organization\",\"@id\":\"https:\/\/portosma.com.br\/#organization\",\"name\":\"Portosma\",\"alternateName\":\"Portosma\",\"url\":\"https:\/\/portosma.com.br\/\",\"logo\":{\"@type\":\"ImageObject\",\"inLanguage\":\"pt-BR\",\"@id\":\"https:\/\/portosma.com.br\/#\/schema\/logo\/image\/\",\"url\":\"https:\/\/portosma.com.br\/wp-content\/uploads\/2026\/03\/cropped-AD-PORTOSMA.jpg\",\"contentUrl\":\"https:\/\/portosma.com.br\/wp-content\/uploads\/2026\/03\/cropped-AD-PORTOSMA.jpg\",\"width\":400,\"height\":115,\"caption\":\"Portosma\"},\"image\":{\"@id\":\"https:\/\/portosma.com.br\/#\/schema\/logo\/image\/\"}},{\"@type\":\"Person\",\"@id\":\"https:\/\/portosma.com.br\/#\/schema\/person\/fb92dfe283ab47293259c87c813d8623\",\"name\":\"admin\",\"sameAs\":[\"https:\/\/portosma.com.br\"],\"url\":\"https:\/\/portosma.com.br\/index.php\/author\/portosma\/\"}]}<\/script>\n<!-- \/ Yoast SEO plugin. -->","yoast_head_json":{"title":"VLI prorroga prazo de inscri\u00e7\u00e3o para seu Programa de Est\u00e1gio 2025 - Portosma","robots":{"index":"index","follow":"follow","max-snippet":"max-snippet:-1","max-image-preview":"max-image-preview:large","max-video-preview":"max-video-preview:-1"},"canonical":"https:\/\/portosma.com.br\/index.php\/2025\/05\/14\/vli-abre-mais-de-100-vagas-de-estagio-para-cursos-superiores-e-de-ensino-tecnico\/","og_locale":"pt_BR","og_type":"article","og_title":"VLI prorroga prazo de inscri\u00e7\u00e3o para seu Programa de Est\u00e1gio 2025 - Portosma","og_description":"As inscri\u00e7\u00f5es podem ser feitas pelos alunos interessados at\u00e9 o pr\u00f3ximo dia 22 de maio e toda a sele\u00e7\u00e3o, para as mais de 100 vagas, ser\u00e1 digital.","og_url":"https:\/\/portosma.com.br\/index.php\/2025\/05\/14\/vli-abre-mais-de-100-vagas-de-estagio-para-cursos-superiores-e-de-ensino-tecnico\/","og_site_name":"Portosma","article_published_time":"2025-05-14T18:47:49+00:00","article_modified_time":"2025-05-15T22:42:44+00:00","og_image":[{"width":1200,"height":500,"url":"https:\/\/portosma.com.br\/wp-content\/uploads\/2025\/04\/ESTAGIO-1.jpg","type":"image\/jpeg"}],"author":"admin","twitter_card":"summary_large_image","twitter_misc":{"Escrito por":"admin","Est. tempo de leitura":"4 minutos"},"schema":{"@context":"https:\/\/schema.org","@graph":[{"@type":"Article","@id":"https:\/\/portosma.com.br\/index.php\/2025\/05\/14\/vli-abre-mais-de-100-vagas-de-estagio-para-cursos-superiores-e-de-ensino-tecnico\/#article","isPartOf":{"@id":"https:\/\/portosma.com.br\/index.php\/2025\/05\/14\/vli-abre-mais-de-100-vagas-de-estagio-para-cursos-superiores-e-de-ensino-tecnico\/"},"author":{"name":"admin","@id":"https:\/\/portosma.com.br\/#\/schema\/person\/fb92dfe283ab47293259c87c813d8623"},"headline":"VLI prorroga prazo de inscri\u00e7\u00e3o para seu Programa de Est\u00e1gio 2025","datePublished":"2025-05-14T18:47:49+00:00","dateModified":"2025-05-15T22:42:44+00:00","mainEntityOfPage":{"@id":"https:\/\/portosma.com.br\/index.php\/2025\/05\/14\/vli-abre-mais-de-100-vagas-de-estagio-para-cursos-superiores-e-de-ensino-tecnico\/"},"wordCount":617,"publisher":{"@id":"https:\/\/portosma.com.br\/#organization"},"image":{"@id":"https:\/\/portosma.com.br\/index.php\/2025\/05\/14\/vli-abre-mais-de-100-vagas-de-estagio-para-cursos-superiores-e-de-ensino-tecnico\/#primaryimage"},"thumbnailUrl":"https:\/\/portosma.com.br\/wp-content\/uploads\/2025\/04\/ESTAGIO-1.jpg","articleSection":["Not\u00edcias"],"inLanguage":"pt-BR"},{"@type":"WebPage","@id":"https:\/\/portosma.com.br\/index.php\/2025\/05\/14\/vli-abre-mais-de-100-vagas-de-estagio-para-cursos-superiores-e-de-ensino-tecnico\/","url":"https:\/\/portosma.com.br\/index.php\/2025\/05\/14\/vli-abre-mais-de-100-vagas-de-estagio-para-cursos-superiores-e-de-ensino-tecnico\/","name":"VLI prorroga prazo de inscri\u00e7\u00e3o para seu Programa de Est\u00e1gio 2025 - Portosma","isPartOf":{"@id":"https:\/\/portosma.com.br\/#website"},"primaryImageOfPage":{"@id":"https:\/\/portosma.com.br\/index.php\/2025\/05\/14\/vli-abre-mais-de-100-vagas-de-estagio-para-cursos-superiores-e-de-ensino-tecnico\/#primaryimage"},"image":{"@id":"https:\/\/portosma.com.br\/index.php\/2025\/05\/14\/vli-abre-mais-de-100-vagas-de-estagio-para-cursos-superiores-e-de-ensino-tecnico\/#primaryimage"},"thumbnailUrl":"https:\/\/portosma.com.br\/wp-content\/uploads\/2025\/04\/ESTAGIO-1.jpg","datePublished":"2025-05-14T18:47:49+00:00","dateModified":"2025-05-15T22:42:44+00:00","breadcrumb":{"@id":"https:\/\/portosma.com.br\/index.php\/2025\/05\/14\/vli-abre-mais-de-100-vagas-de-estagio-para-cursos-superiores-e-de-ensino-tecnico\/#breadcrumb"},"inLanguage":"pt-BR","potentialAction":[{"@type":"ReadAction","target":["https:\/\/portosma.com.br\/index.php\/2025\/05\/14\/vli-abre-mais-de-100-vagas-de-estagio-para-cursos-superiores-e-de-ensino-tecnico\/"]}]},{"@type":"ImageObject","inLanguage":"pt-BR","@id":"https:\/\/portosma.com.br\/index.php\/2025\/05\/14\/vli-abre-mais-de-100-vagas-de-estagio-para-cursos-superiores-e-de-ensino-tecnico\/#primaryimage","url":"https:\/\/portosma.com.br\/wp-content\/uploads\/2025\/04\/ESTAGIO-1.jpg","contentUrl":"https:\/\/portosma.com.br\/wp-content\/uploads\/2025\/04\/ESTAGIO-1.jpg","width":1200,"height":500},{"@type":"BreadcrumbList","@id":"https:\/\/portosma.com.br\/index.php\/2025\/05\/14\/vli-abre-mais-de-100-vagas-de-estagio-para-cursos-superiores-e-de-ensino-tecnico\/#breadcrumb","itemListElement":[{"@type":"ListItem","position":1,"name":"In\u00edcio","item":"https:\/\/portosma.com.br\/"},{"@type":"ListItem","position":2,"name":"VLI prorroga prazo de inscri\u00e7\u00e3o para seu Programa de Est\u00e1gio 2025"}]},{"@type":"WebSite","@id":"https:\/\/portosma.com.br\/#website","url":"https:\/\/portosma.com.br\/","name":"Portosma","description":"Um site de not\u00edcias","publisher":{"@id":"https:\/\/portosma.com.br\/#organization"},"potentialAction":[{"@type":"SearchAction","target":{"@type":"EntryPoint","urlTemplate":"https:\/\/portosma.com.br\/?s={search_term_string}"},"query-input":"required name=search_term_string"}],"inLanguage":"pt-BR"},{"@type":"Organization","@id":"https:\/\/portosma.com.br\/#organization","name":"Portosma","alternateName":"Portosma","url":"https:\/\/portosma.com.br\/","logo":{"@type":"ImageObject","inLanguage":"pt-BR","@id":"https:\/\/portosma.com.br\/#\/schema\/logo\/image\/","url":"https:\/\/portosma.com.br\/wp-content\/uploads\/2026\/03\/cropped-AD-PORTOSMA.jpg","contentUrl":"https:\/\/portosma.com.br\/wp-content\/uploads\/2026\/03\/cropped-AD-PORTOSMA.jpg","width":400,"height":115,"caption":"Portosma"},"image":{"@id":"https:\/\/portosma.com.br\/#\/schema\/logo\/image\/"}},{"@type":"Person","@id":"https:\/\/portosma.com.br\/#\/schema\/person\/fb92dfe283ab47293259c87c813d8623","name":"admin","sameAs":["https:\/\/portosma.com.br"],"url":"https:\/\/portosma.com.br\/index.php\/author\/portosma\/"}]}},"_links":{"self":[{"href":"https:\/\/portosma.com.br\/index.php\/wp-json\/wp\/v2\/posts\/21914","targetHints":{"allow":["GET"]}}],"collection":[{"href":"https:\/\/portosma.com.br\/index.php\/wp-json\/wp\/v2\/posts"}],"about":[{"href":"https:\/\/portosma.com.br\/index.php\/wp-json\/wp\/v2\/types\/post"}],"author":[{"embeddable":true,"href":"https:\/\/portosma.com.br\/index.php\/wp-json\/wp\/v2\/users\/1"}],"replies":[{"embeddable":true,"href":"https:\/\/portosma.com.br\/index.php\/wp-json\/wp\/v2\/comments?post=21914"}],"version-history":[{"count":9,"href":"https:\/\/portosma.com.br\/index.php\/wp-json\/wp\/v2\/posts\/21914\/revisions"}],"predecessor-version":[{"id":22355,"href":"https:\/\/portosma.com.br\/index.php\/wp-json\/wp\/v2\/posts\/21914\/revisions\/22355"}],"wp:featuredmedia":[{"embeddable":true,"href":"https:\/\/portosma.com.br\/index.php\/wp-json\/wp\/v2\/media\/21915"}],"wp:attachment":[{"href":"https:\/\/portosma.com.br\/index.php\/wp-json\/wp\/v2\/media?parent=21914"}],"wp:term":[{"taxonomy":"category","embeddable":true,"href":"https:\/\/portosma.com.br\/index.php\/wp-json\/wp\/v2\/categories?post=21914"},{"taxonomy":"post_tag","embeddable":true,"href":"https:\/\/portosma.com.br\/index.php\/wp-json\/wp\/v2\/tags?post=21914"}],"curies":[{"name":"wp","href":"https:\/\/api.w.org\/{rel}","templated":true}]}}