{"id":21861,"date":"2025-04-21T19:02:37","date_gmt":"2025-04-21T19:02:37","guid":{"rendered":"https:\/\/portosma.com.br\/?p=21861"},"modified":"2025-04-22T12:17:16","modified_gmt":"2025-04-22T12:17:16","slug":"grupo-de-escoteiros-18tao-realiza-tradiconal-acao-social-da-pasco","status":"publish","type":"post","link":"https:\/\/portosma.com.br\/index.php\/2025\/04\/21\/grupo-de-escoteiros-18tao-realiza-tradiconal-acao-social-da-pasco\/","title":{"rendered":"Grupo de Escoteiros do mar realiza tradicional a\u00e7\u00e3o social da P\u00e1scoa"},"content":{"rendered":"<p>Grupo Escoteiro do Mar 18tao, realizou sua Atividade de P\u00e1scoa neste s\u00e1bado 19\/4, com as fam\u00edlias e escoteiros na Pra\u00e7a da Roseira, no Anjo da Guarda, e encerrou a mesma com doa\u00e7\u00e3o de Cestas B\u00e1sicas, recebidas do Volunt\u00e1rios VALE, representados por Patr\u00edcia Zaqueu e entregue as Fam\u00edlias Carentes da comunidade e da periferia do bairro. Al\u00e9m das entregues no local do evento, algumas outras foram entregues pelos membros de voluntariados nas pr\u00f3prias resid\u00eancias de alguns beneficiados. Nesta atividade, apenas a Diretoria Presidente do 19T\u00e3o, senhora Telma Aniquites, se fez presente, os outros membros do Grupo n\u00e3o puderam participar por conta de viagens do feriado prolongado de P\u00e1scoa e Tiradentes.<\/p>\n<p><img fetchpriority=\"high\" decoding=\"async\" class=\"alignnone wp-image-21883 size-full\" src=\"https:\/\/portosma.com.br\/wp-content\/uploads\/2025\/04\/ANIQUITES.jpg\" alt=\"\" width=\"900\" height=\"786\" srcset=\"https:\/\/portosma.com.br\/wp-content\/uploads\/2025\/04\/ANIQUITES.jpg 900w, https:\/\/portosma.com.br\/wp-content\/uploads\/2025\/04\/ANIQUITES-300x262.jpg 300w, https:\/\/portosma.com.br\/wp-content\/uploads\/2025\/04\/ANIQUITES-768x671.jpg 768w\" sizes=\"(max-width: 900px) 100vw, 900px\" \/><\/p>\n<p>Como em todas as atividades o Grupo de Escoteiros do Mar 18T\u00e3o conta com a ajuda de empresas parceiras. Desta vez, um agradecimento especial a Rodoporto,&nbsp; na pessoa do seu Diretor Secret\u00e1rio Cristian Barros, que fez toda a log\u00edstica, garantindo assim o sucesso e a pr\u00f3pria realiza\u00e7\u00e3o de mais uma atividade social voluntariada do grupo. Um agradecimento especial tamb\u00e9m ao portal de not\u00edcias <a href=\"http:\/\/www.portosma.com.br\">www.portosma.com.br<\/a> que sempre se disp\u00f5e a divulga\u00e7\u00e3o das Atividades escoteiras. Al\u00e9m das Cestas, foi distribu\u00eddo aos Lobinhos, Escoteiros e Seniores, lanche, pipoca e Ovo de P\u00e1scoa.<\/p>\n<p><a href=\"https:\/\/portosma.com.br\/index.php\/pagina-especial-de-escotismo\/\"><img decoding=\"async\" class=\"alignnone wp-image-21850 size-full\" src=\"https:\/\/portosma.com.br\/wp-content\/uploads\/2025\/04\/PASCOATAO-09.jpg\" alt=\"\" width=\"900\" height=\"523\" srcset=\"https:\/\/portosma.com.br\/wp-content\/uploads\/2025\/04\/PASCOATAO-09.jpg 900w, https:\/\/portosma.com.br\/wp-content\/uploads\/2025\/04\/PASCOATAO-09-300x174.jpg 300w, https:\/\/portosma.com.br\/wp-content\/uploads\/2025\/04\/PASCOATAO-09-768x446.jpg 768w\" sizes=\"(max-width: 900px) 100vw, 900px\" \/><\/a><\/p>\n<h5>Clique na foto acima para ver reportagem completa e a cobertura fotogr\u00e1fica do evento.<\/h5>\n","protected":false},"excerpt":{"rendered":"<p>O evento aconteceu neste s\u00e1bado 19\/4, na Pra\u00e7a da Roseira, no Anjo da Guarda, com direito a lanche, ovos e cestas b\u00e1sicas aos escoteiros e familiares.<\/p>\n","protected":false},"author":1,"featured_media":21862,"comment_status":"closed","ping_status":"open","sticky":false,"template":"","format":"standard","meta":{"_editorskit_title_hidden":false,"_editorskit_reading_time":0,"_editorskit_is_block_options_detached":false,"_editorskit_block_options_position":"{}","ngg_post_thumbnail":0,"footnotes":""},"categories":[1],"tags":[],"class_list":["post-21861","post","type-post","status-publish","format-standard","has-post-thumbnail","hentry","category-noticias"],"yoast_head":"<!-- This site is optimized with the Yoast SEO plugin v22.5 - https:\/\/yoast.com\/wordpress\/plugins\/seo\/ -->\n<title>Grupo de Escoteiros do mar realiza tradicional a\u00e7\u00e3o social da P\u00e1scoa - Portosma<\/title>\n<meta name=\"robots\" content=\"index, follow, max-snippet:-1, max-image-preview:large, max-video-preview:-1\" \/>\n<link rel=\"canonical\" href=\"https:\/\/portosma.com.br\/index.php\/2025\/04\/21\/grupo-de-escoteiros-18tao-realiza-tradiconal-acao-social-da-pasco\/\" \/>\n<meta property=\"og:locale\" content=\"pt_BR\" \/>\n<meta property=\"og:type\" content=\"article\" \/>\n<meta property=\"og:title\" content=\"Grupo de Escoteiros do mar realiza tradicional a\u00e7\u00e3o social da P\u00e1scoa - Portosma\" \/>\n<meta property=\"og:description\" content=\"O evento aconteceu neste s\u00e1bado 19\/4, na Pra\u00e7a da Roseira, no Anjo da Guarda, com direito a lanche, ovos e cestas b\u00e1sicas aos escoteiros e familiares.\" \/>\n<meta property=\"og:url\" content=\"https:\/\/portosma.com.br\/index.php\/2025\/04\/21\/grupo-de-escoteiros-18tao-realiza-tradiconal-acao-social-da-pasco\/\" \/>\n<meta property=\"og:site_name\" content=\"Portosma\" \/>\n<meta property=\"article:published_time\" content=\"2025-04-21T19:02:37+00:00\" \/>\n<meta property=\"article:modified_time\" content=\"2025-04-22T12:17:16+00:00\" \/>\n<meta property=\"og:image\" content=\"https:\/\/portosma.com.br\/wp-content\/uploads\/2025\/04\/PASCOATAO-CAPA.jpg\" \/>\n\t<meta property=\"og:image:width\" content=\"1200\" \/>\n\t<meta property=\"og:image:height\" content=\"504\" \/>\n\t<meta property=\"og:image:type\" content=\"image\/jpeg\" \/>\n<meta name=\"author\" content=\"admin\" \/>\n<meta name=\"twitter:card\" content=\"summary_large_image\" \/>\n<meta name=\"twitter:label1\" content=\"Escrito por\" \/>\n\t<meta name=\"twitter:data1\" content=\"admin\" \/>\n\t<meta name=\"twitter:label2\" content=\"Est. tempo de leitura\" \/>\n\t<meta name=\"twitter:data2\" content=\"2 minutos\" \/>\n<script type=\"application\/ld+json\" class=\"yoast-schema-graph\">{\"@context\":\"https:\/\/schema.org\",\"@graph\":[{\"@type\":\"Article\",\"@id\":\"https:\/\/portosma.com.br\/index.php\/2025\/04\/21\/grupo-de-escoteiros-18tao-realiza-tradiconal-acao-social-da-pasco\/#article\",\"isPartOf\":{\"@id\":\"https:\/\/portosma.com.br\/index.php\/2025\/04\/21\/grupo-de-escoteiros-18tao-realiza-tradiconal-acao-social-da-pasco\/\"},\"author\":{\"name\":\"admin\",\"@id\":\"https:\/\/portosma.com.br\/#\/schema\/person\/fb92dfe283ab47293259c87c813d8623\"},\"headline\":\"Grupo de Escoteiros do mar realiza tradicional a\u00e7\u00e3o social da P\u00e1scoa\",\"datePublished\":\"2025-04-21T19:02:37+00:00\",\"dateModified\":\"2025-04-22T12:17:16+00:00\",\"mainEntityOfPage\":{\"@id\":\"https:\/\/portosma.com.br\/index.php\/2025\/04\/21\/grupo-de-escoteiros-18tao-realiza-tradiconal-acao-social-da-pasco\/\"},\"wordCount\":256,\"publisher\":{\"@id\":\"https:\/\/portosma.com.br\/#organization\"},\"image\":{\"@id\":\"https:\/\/portosma.com.br\/index.php\/2025\/04\/21\/grupo-de-escoteiros-18tao-realiza-tradiconal-acao-social-da-pasco\/#primaryimage\"},\"thumbnailUrl\":\"https:\/\/portosma.com.br\/wp-content\/uploads\/2025\/04\/PASCOATAO-CAPA.jpg\",\"articleSection\":[\"Not\u00edcias\"],\"inLanguage\":\"pt-BR\"},{\"@type\":\"WebPage\",\"@id\":\"https:\/\/portosma.com.br\/index.php\/2025\/04\/21\/grupo-de-escoteiros-18tao-realiza-tradiconal-acao-social-da-pasco\/\",\"url\":\"https:\/\/portosma.com.br\/index.php\/2025\/04\/21\/grupo-de-escoteiros-18tao-realiza-tradiconal-acao-social-da-pasco\/\",\"name\":\"Grupo de Escoteiros do mar realiza tradicional a\u00e7\u00e3o social da P\u00e1scoa - Portosma\",\"isPartOf\":{\"@id\":\"https:\/\/portosma.com.br\/#website\"},\"primaryImageOfPage\":{\"@id\":\"https:\/\/portosma.com.br\/index.php\/2025\/04\/21\/grupo-de-escoteiros-18tao-realiza-tradiconal-acao-social-da-pasco\/#primaryimage\"},\"image\":{\"@id\":\"https:\/\/portosma.com.br\/index.php\/2025\/04\/21\/grupo-de-escoteiros-18tao-realiza-tradiconal-acao-social-da-pasco\/#primaryimage\"},\"thumbnailUrl\":\"https:\/\/portosma.com.br\/wp-content\/uploads\/2025\/04\/PASCOATAO-CAPA.jpg\",\"datePublished\":\"2025-04-21T19:02:37+00:00\",\"dateModified\":\"2025-04-22T12:17:16+00:00\",\"breadcrumb\":{\"@id\":\"https:\/\/portosma.com.br\/index.php\/2025\/04\/21\/grupo-de-escoteiros-18tao-realiza-tradiconal-acao-social-da-pasco\/#breadcrumb\"},\"inLanguage\":\"pt-BR\",\"potentialAction\":[{\"@type\":\"ReadAction\",\"target\":[\"https:\/\/portosma.com.br\/index.php\/2025\/04\/21\/grupo-de-escoteiros-18tao-realiza-tradiconal-acao-social-da-pasco\/\"]}]},{\"@type\":\"ImageObject\",\"inLanguage\":\"pt-BR\",\"@id\":\"https:\/\/portosma.com.br\/index.php\/2025\/04\/21\/grupo-de-escoteiros-18tao-realiza-tradiconal-acao-social-da-pasco\/#primaryimage\",\"url\":\"https:\/\/portosma.com.br\/wp-content\/uploads\/2025\/04\/PASCOATAO-CAPA.jpg\",\"contentUrl\":\"https:\/\/portosma.com.br\/wp-content\/uploads\/2025\/04\/PASCOATAO-CAPA.jpg\",\"width\":1200,\"height\":504},{\"@type\":\"BreadcrumbList\",\"@id\":\"https:\/\/portosma.com.br\/index.php\/2025\/04\/21\/grupo-de-escoteiros-18tao-realiza-tradiconal-acao-social-da-pasco\/#breadcrumb\",\"itemListElement\":[{\"@type\":\"ListItem\",\"position\":1,\"name\":\"In\u00edcio\",\"item\":\"https:\/\/portosma.com.br\/\"},{\"@type\":\"ListItem\",\"position\":2,\"name\":\"Grupo de Escoteiros do mar realiza tradicional a\u00e7\u00e3o social da P\u00e1scoa\"}]},{\"@type\":\"WebSite\",\"@id\":\"https:\/\/portosma.com.br\/#website\",\"url\":\"https:\/\/portosma.com.br\/\",\"name\":\"Portosma\",\"description\":\"Um site de not\u00edcias\",\"publisher\":{\"@id\":\"https:\/\/portosma.com.br\/#organization\"},\"potentialAction\":[{\"@type\":\"SearchAction\",\"target\":{\"@type\":\"EntryPoint\",\"urlTemplate\":\"https:\/\/portosma.com.br\/?s={search_term_string}\"},\"query-input\":\"required name=search_term_string\"}],\"inLanguage\":\"pt-BR\"},{\"@type\":\"Organization\",\"@id\":\"https:\/\/portosma.com.br\/#organization\",\"name\":\"Portosma\",\"alternateName\":\"Portosma\",\"url\":\"https:\/\/portosma.com.br\/\",\"logo\":{\"@type\":\"ImageObject\",\"inLanguage\":\"pt-BR\",\"@id\":\"https:\/\/portosma.com.br\/#\/schema\/logo\/image\/\",\"url\":\"https:\/\/portosma.com.br\/wp-content\/uploads\/2026\/03\/cropped-AD-PORTOSMA.jpg\",\"contentUrl\":\"https:\/\/portosma.com.br\/wp-content\/uploads\/2026\/03\/cropped-AD-PORTOSMA.jpg\",\"width\":400,\"height\":115,\"caption\":\"Portosma\"},\"image\":{\"@id\":\"https:\/\/portosma.com.br\/#\/schema\/logo\/image\/\"}},{\"@type\":\"Person\",\"@id\":\"https:\/\/portosma.com.br\/#\/schema\/person\/fb92dfe283ab47293259c87c813d8623\",\"name\":\"admin\",\"sameAs\":[\"https:\/\/portosma.com.br\"],\"url\":\"https:\/\/portosma.com.br\/index.php\/author\/portosma\/\"}]}<\/script>\n<!-- \/ Yoast SEO plugin. -->","yoast_head_json":{"title":"Grupo de Escoteiros do mar realiza tradicional a\u00e7\u00e3o social da P\u00e1scoa - Portosma","robots":{"index":"index","follow":"follow","max-snippet":"max-snippet:-1","max-image-preview":"max-image-preview:large","max-video-preview":"max-video-preview:-1"},"canonical":"https:\/\/portosma.com.br\/index.php\/2025\/04\/21\/grupo-de-escoteiros-18tao-realiza-tradiconal-acao-social-da-pasco\/","og_locale":"pt_BR","og_type":"article","og_title":"Grupo de Escoteiros do mar realiza tradicional a\u00e7\u00e3o social da P\u00e1scoa - Portosma","og_description":"O evento aconteceu neste s\u00e1bado 19\/4, na Pra\u00e7a da Roseira, no Anjo da Guarda, com direito a lanche, ovos e cestas b\u00e1sicas aos escoteiros e familiares.","og_url":"https:\/\/portosma.com.br\/index.php\/2025\/04\/21\/grupo-de-escoteiros-18tao-realiza-tradiconal-acao-social-da-pasco\/","og_site_name":"Portosma","article_published_time":"2025-04-21T19:02:37+00:00","article_modified_time":"2025-04-22T12:17:16+00:00","og_image":[{"width":1200,"height":504,"url":"https:\/\/portosma.com.br\/wp-content\/uploads\/2025\/04\/PASCOATAO-CAPA.jpg","type":"image\/jpeg"}],"author":"admin","twitter_card":"summary_large_image","twitter_misc":{"Escrito por":"admin","Est. tempo de leitura":"2 minutos"},"schema":{"@context":"https:\/\/schema.org","@graph":[{"@type":"Article","@id":"https:\/\/portosma.com.br\/index.php\/2025\/04\/21\/grupo-de-escoteiros-18tao-realiza-tradiconal-acao-social-da-pasco\/#article","isPartOf":{"@id":"https:\/\/portosma.com.br\/index.php\/2025\/04\/21\/grupo-de-escoteiros-18tao-realiza-tradiconal-acao-social-da-pasco\/"},"author":{"name":"admin","@id":"https:\/\/portosma.com.br\/#\/schema\/person\/fb92dfe283ab47293259c87c813d8623"},"headline":"Grupo de Escoteiros do mar realiza tradicional a\u00e7\u00e3o social da P\u00e1scoa","datePublished":"2025-04-21T19:02:37+00:00","dateModified":"2025-04-22T12:17:16+00:00","mainEntityOfPage":{"@id":"https:\/\/portosma.com.br\/index.php\/2025\/04\/21\/grupo-de-escoteiros-18tao-realiza-tradiconal-acao-social-da-pasco\/"},"wordCount":256,"publisher":{"@id":"https:\/\/portosma.com.br\/#organization"},"image":{"@id":"https:\/\/portosma.com.br\/index.php\/2025\/04\/21\/grupo-de-escoteiros-18tao-realiza-tradiconal-acao-social-da-pasco\/#primaryimage"},"thumbnailUrl":"https:\/\/portosma.com.br\/wp-content\/uploads\/2025\/04\/PASCOATAO-CAPA.jpg","articleSection":["Not\u00edcias"],"inLanguage":"pt-BR"},{"@type":"WebPage","@id":"https:\/\/portosma.com.br\/index.php\/2025\/04\/21\/grupo-de-escoteiros-18tao-realiza-tradiconal-acao-social-da-pasco\/","url":"https:\/\/portosma.com.br\/index.php\/2025\/04\/21\/grupo-de-escoteiros-18tao-realiza-tradiconal-acao-social-da-pasco\/","name":"Grupo de Escoteiros do mar realiza tradicional a\u00e7\u00e3o social da P\u00e1scoa - Portosma","isPartOf":{"@id":"https:\/\/portosma.com.br\/#website"},"primaryImageOfPage":{"@id":"https:\/\/portosma.com.br\/index.php\/2025\/04\/21\/grupo-de-escoteiros-18tao-realiza-tradiconal-acao-social-da-pasco\/#primaryimage"},"image":{"@id":"https:\/\/portosma.com.br\/index.php\/2025\/04\/21\/grupo-de-escoteiros-18tao-realiza-tradiconal-acao-social-da-pasco\/#primaryimage"},"thumbnailUrl":"https:\/\/portosma.com.br\/wp-content\/uploads\/2025\/04\/PASCOATAO-CAPA.jpg","datePublished":"2025-04-21T19:02:37+00:00","dateModified":"2025-04-22T12:17:16+00:00","breadcrumb":{"@id":"https:\/\/portosma.com.br\/index.php\/2025\/04\/21\/grupo-de-escoteiros-18tao-realiza-tradiconal-acao-social-da-pasco\/#breadcrumb"},"inLanguage":"pt-BR","potentialAction":[{"@type":"ReadAction","target":["https:\/\/portosma.com.br\/index.php\/2025\/04\/21\/grupo-de-escoteiros-18tao-realiza-tradiconal-acao-social-da-pasco\/"]}]},{"@type":"ImageObject","inLanguage":"pt-BR","@id":"https:\/\/portosma.com.br\/index.php\/2025\/04\/21\/grupo-de-escoteiros-18tao-realiza-tradiconal-acao-social-da-pasco\/#primaryimage","url":"https:\/\/portosma.com.br\/wp-content\/uploads\/2025\/04\/PASCOATAO-CAPA.jpg","contentUrl":"https:\/\/portosma.com.br\/wp-content\/uploads\/2025\/04\/PASCOATAO-CAPA.jpg","width":1200,"height":504},{"@type":"BreadcrumbList","@id":"https:\/\/portosma.com.br\/index.php\/2025\/04\/21\/grupo-de-escoteiros-18tao-realiza-tradiconal-acao-social-da-pasco\/#breadcrumb","itemListElement":[{"@type":"ListItem","position":1,"name":"In\u00edcio","item":"https:\/\/portosma.com.br\/"},{"@type":"ListItem","position":2,"name":"Grupo de Escoteiros do mar realiza tradicional a\u00e7\u00e3o social da P\u00e1scoa"}]},{"@type":"WebSite","@id":"https:\/\/portosma.com.br\/#website","url":"https:\/\/portosma.com.br\/","name":"Portosma","description":"Um site de not\u00edcias","publisher":{"@id":"https:\/\/portosma.com.br\/#organization"},"potentialAction":[{"@type":"SearchAction","target":{"@type":"EntryPoint","urlTemplate":"https:\/\/portosma.com.br\/?s={search_term_string}"},"query-input":"required name=search_term_string"}],"inLanguage":"pt-BR"},{"@type":"Organization","@id":"https:\/\/portosma.com.br\/#organization","name":"Portosma","alternateName":"Portosma","url":"https:\/\/portosma.com.br\/","logo":{"@type":"ImageObject","inLanguage":"pt-BR","@id":"https:\/\/portosma.com.br\/#\/schema\/logo\/image\/","url":"https:\/\/portosma.com.br\/wp-content\/uploads\/2026\/03\/cropped-AD-PORTOSMA.jpg","contentUrl":"https:\/\/portosma.com.br\/wp-content\/uploads\/2026\/03\/cropped-AD-PORTOSMA.jpg","width":400,"height":115,"caption":"Portosma"},"image":{"@id":"https:\/\/portosma.com.br\/#\/schema\/logo\/image\/"}},{"@type":"Person","@id":"https:\/\/portosma.com.br\/#\/schema\/person\/fb92dfe283ab47293259c87c813d8623","name":"admin","sameAs":["https:\/\/portosma.com.br"],"url":"https:\/\/portosma.com.br\/index.php\/author\/portosma\/"}]}},"_links":{"self":[{"href":"https:\/\/portosma.com.br\/index.php\/wp-json\/wp\/v2\/posts\/21861","targetHints":{"allow":["GET"]}}],"collection":[{"href":"https:\/\/portosma.com.br\/index.php\/wp-json\/wp\/v2\/posts"}],"about":[{"href":"https:\/\/portosma.com.br\/index.php\/wp-json\/wp\/v2\/types\/post"}],"author":[{"embeddable":true,"href":"https:\/\/portosma.com.br\/index.php\/wp-json\/wp\/v2\/users\/1"}],"replies":[{"embeddable":true,"href":"https:\/\/portosma.com.br\/index.php\/wp-json\/wp\/v2\/comments?post=21861"}],"version-history":[{"count":7,"href":"https:\/\/portosma.com.br\/index.php\/wp-json\/wp\/v2\/posts\/21861\/revisions"}],"predecessor-version":[{"id":21886,"href":"https:\/\/portosma.com.br\/index.php\/wp-json\/wp\/v2\/posts\/21861\/revisions\/21886"}],"wp:featuredmedia":[{"embeddable":true,"href":"https:\/\/portosma.com.br\/index.php\/wp-json\/wp\/v2\/media\/21862"}],"wp:attachment":[{"href":"https:\/\/portosma.com.br\/index.php\/wp-json\/wp\/v2\/media?parent=21861"}],"wp:term":[{"taxonomy":"category","embeddable":true,"href":"https:\/\/portosma.com.br\/index.php\/wp-json\/wp\/v2\/categories?post=21861"},{"taxonomy":"post_tag","embeddable":true,"href":"https:\/\/portosma.com.br\/index.php\/wp-json\/wp\/v2\/tags?post=21861"}],"curies":[{"name":"wp","href":"https:\/\/api.w.org\/{rel}","templated":true}]}}