{"id":21758,"date":"2025-04-16T13:11:10","date_gmt":"2025-04-16T13:11:10","guid":{"rendered":"https:\/\/portosma.com.br\/?p=21758"},"modified":"2025-04-16T13:12:55","modified_gmt":"2025-04-16T13:12:55","slug":"vli-promove-acoes-em-comunidades-visando-preservacao-da-agua","status":"publish","type":"post","link":"https:\/\/portosma.com.br\/index.php\/2025\/04\/16\/vli-promove-acoes-em-comunidades-visando-preservacao-da-agua\/","title":{"rendered":"VLI realiza a\u00e7\u00f5es em comunidades visando preserva\u00e7\u00e3o da \u00e1gua"},"content":{"rendered":"<h4><span style=\"color: #808080;\"><em><strong>Atividades inclu\u00edram palestras, din\u00e2micas interativas e reuni\u00f5es com comunidades e poder p\u00fablico, com foco na preserva\u00e7\u00e3o dos recursos h\u00eddricos<\/strong><\/em><\/span><\/h4>\n<p>Com foco na preserva\u00e7\u00e3o dos recursos h\u00eddricos e no incentivo a pr\u00e1ticas sustent\u00e1veis, a VLI \u2014 empresa de solu\u00e7\u00f5es log\u00edsticas que opera ferrovias, portos e terminais \u2014 realizou, entre os dias 31 de mar\u00e7o e 5 de abril, uma s\u00e9rie de atividades educativas em munic\u00edpios do Maranh\u00e3o. As a\u00e7\u00f5es fazem parte do \u201cPrograma de Educa\u00e7\u00e3o Ambiental (PEA) \u2013 Atitude Ambiental\u201d e envolveram colaboradores da companhia, lideran\u00e7as locais e representantes do poder p\u00fablico. A programa\u00e7\u00e3o passou por cidades como Jo\u00e3o Lisboa, Porto Franco e Imperatriz, com palestras, din\u00e2micas interativas e rodas de conversa sobre o uso consciente da \u00e1gua, gest\u00e3o de res\u00edduos e arboriza\u00e7\u00e3o urbana. Em Imperatriz, cerca de 137 empregados da VLI participaram de atividades voltadas \u00e0 sensibiliza\u00e7\u00e3o ambiental dentro das unidades operacionais da empresa.<\/p>\n<p>\u201cA VLI tem um papel importante na promo\u00e7\u00e3o da conscientiza\u00e7\u00e3o sobre o uso respons\u00e1vel da \u00e1gua, tanto em suas opera\u00e7\u00f5es quanto nas comunidades onde est\u00e1 presente. Al\u00e9m de fomentar discuss\u00f5es sobre a preserva\u00e7\u00e3o dos recursos h\u00eddricos, estamos apresentando as a\u00e7\u00f5es previstas para 2025 com o objetivo de ampliar ainda mais o impacto positivo dessas iniciativas\u201d, aponta Daniella Francisca Soares Silva Leite, analista de Responsabilidade Social da VLI. As atividades tamb\u00e9m inclu\u00edram reuni\u00f5es com representantes das secretarias municipais, al\u00e9m de visitas t\u00e9cnicas. Em Porto Franco, por exemplo, a visita ao ponto de coleta do Projeto Novo Trilho teve como objetivo refor\u00e7ar a import\u00e2ncia da coleta seletiva e do engajamento da popula\u00e7\u00e3o especialmente em \u00e1reas rurais com a reciclagem.<\/p>\n<p>O encerramento da programa\u00e7\u00e3o aconteceu na Vila Davi II, em Imperatriz, com a\u00e7\u00f5es voltadas \u00e0s comunidades de A\u00e7ail\u00e2ndia e Porto Franco. Al\u00e9m de orienta\u00e7\u00f5es sobre seguran\u00e7a ferrovi\u00e1ria, moradores participaram da constru\u00e7\u00e3o coletiva das pr\u00f3ximas etapas do programa ambiental da empresa para 2025. A iniciativa ampliou a conscientiza\u00e7\u00e3o ambiental e refor\u00e7ou o compromisso da VLI com a sustentabilidade e o desenvolvimento das comunidades onde atua.<\/p>\n<p><img fetchpriority=\"high\" decoding=\"async\" class=\"wp-image-21754\" src=\"https:\/\/portosma.com.br\/wp-content\/uploads\/2025\/04\/FOTO-2-300x136.jpg\" alt=\"\" width=\"900\" height=\"409\" srcset=\"https:\/\/portosma.com.br\/wp-content\/uploads\/2025\/04\/FOTO-2-300x136.jpg 300w, https:\/\/portosma.com.br\/wp-content\/uploads\/2025\/04\/FOTO-2-1024x465.jpg 1024w, https:\/\/portosma.com.br\/wp-content\/uploads\/2025\/04\/FOTO-2-768x349.jpg 768w, https:\/\/portosma.com.br\/wp-content\/uploads\/2025\/04\/FOTO-2.jpg 1200w\" sizes=\"(max-width: 900px) 100vw, 900px\" \/><\/p>\n<p><img decoding=\"async\" class=\"wp-image-21753 size-full\" src=\"https:\/\/portosma.com.br\/wp-content\/uploads\/2025\/04\/foto-1.jpg\" alt=\"\" width=\"900\" height=\"548\" srcset=\"https:\/\/portosma.com.br\/wp-content\/uploads\/2025\/04\/foto-1.jpg 900w, https:\/\/portosma.com.br\/wp-content\/uploads\/2025\/04\/foto-1-300x183.jpg 300w, https:\/\/portosma.com.br\/wp-content\/uploads\/2025\/04\/foto-1-768x468.jpg 768w\" sizes=\"(max-width: 900px) 100vw, 900px\" \/><\/p>\n<p><img decoding=\"async\" class=\"wp-image-21755 size-full\" style=\"font-size: 16px;\" src=\"https:\/\/portosma.com.br\/wp-content\/uploads\/2025\/04\/FOTO-4.jpg\" alt=\"\" width=\"900\" height=\"413\" srcset=\"https:\/\/portosma.com.br\/wp-content\/uploads\/2025\/04\/FOTO-4.jpg 900w, https:\/\/portosma.com.br\/wp-content\/uploads\/2025\/04\/FOTO-4-300x138.jpg 300w, https:\/\/portosma.com.br\/wp-content\/uploads\/2025\/04\/FOTO-4-768x352.jpg 768w\" sizes=\"(max-width: 900px) 100vw, 900px\" \/><\/p>\n<p><img loading=\"lazy\" decoding=\"async\" class=\"alignnone wp-image-21756 size-full\" style=\"font-size: 16px;\" src=\"https:\/\/portosma.com.br\/wp-content\/uploads\/2025\/04\/FOTO-5.jpg\" alt=\"\" width=\"900\" height=\"417\" srcset=\"https:\/\/portosma.com.br\/wp-content\/uploads\/2025\/04\/FOTO-5.jpg 900w, https:\/\/portosma.com.br\/wp-content\/uploads\/2025\/04\/FOTO-5-300x139.jpg 300w, https:\/\/portosma.com.br\/wp-content\/uploads\/2025\/04\/FOTO-5-768x356.jpg 768w\" sizes=\"(max-width: 900px) 100vw, 900px\" \/><\/p>\n<p><strong>LEGENDAS DAS FOTOS:<\/strong><br \/>\nJo\u00e3o Lisboa \u2014 <span style=\"color: #800000;\"><em><strong>Reuni\u00e3o na Secretaria de Meio Ambiente com representantes municipais.<\/strong><\/em><\/span><br \/>\nPorto Franco \u2014 <span style=\"color: #800000;\"><strong>Realiza\u00e7\u00e3o do PEAT com a comunidade local.<\/strong><\/span><br \/>\nPorto Franco \u2014 <span style=\"color: #800000;\"><em><strong>Dona Osmarina Bezerra, presidente da Associa\u00e7\u00e3o de Moradores da Comunidade P\u00f4r do Sol.<\/strong><\/em><\/span><br \/>\nPorto Franco \u2014 <span style=\"color: #800000;\"><em><strong>Reuni\u00e3o na Secretaria Municipal de Produ\u00e7\u00e3o Agr\u00edcola e Meio Ambiente com representantes do poder p\u00fablico, lideran\u00e7as comunit\u00e1rias e a empresa VLI.<\/strong><\/em><\/span><br \/>\nImperatriz \u2014 <em><span style=\"color: #800000;\"><strong>A\u00e7\u00e3o de sensibiliza\u00e7\u00e3o ambiental reuniu cerca de 110 empregados na unidade da VLI, como parte da campanha da \u00e1gua.<\/strong><\/span><\/em><br \/>\n<span style=\"color: #800000;\"><strong><em>Na foto da capa o encerramento do PEAT com as equipes de via permanente de A\u00e7ail\u00e2ndia e de Porto Franco.<\/em><\/strong><\/span><\/p>\n<p><strong>Sobre a VLI<\/strong> &#8211; <em>A VLI tem o compromisso de apoiar a transforma\u00e7\u00e3o da log\u00edstica no pa\u00eds, por meio da integra\u00e7\u00e3o de servi\u00e7os em portos, ferrovias e terminais. A empresa engloba as ferrovias Norte Sul (FNS) e Centro-Atl\u00e2ntica (FCA), al\u00e9m de terminais intermodais, que unem o carregamento e o descarregamento de produtos ao transporte ferrovi\u00e1rio, e terminais portu\u00e1rios situados em eixos estrat\u00e9gicos da costa brasileira, tais como em Santos (SP), S\u00e3o Lu\u00eds (MA) e Vit\u00f3ria (ES). Ela transporta as riquezas do Brasil por rotas que passam pelas regi\u00f5es Norte, Nordeste, Sudeste e Centro-Oeste. A companhia est\u00e1 entre as 50 melhores empresas para trabalhar no pa\u00eds, reconhecimento concedido pela consultoria global Great Place to Work (GPTW). E, por cinco anos consecutivos, a VLI est\u00e1 entre as tr\u00eas companhias mais inovadoras do setor de Transporte e Log\u00edstica no ranking do Valor Inova\u00e7\u00e3o.<\/em><\/p>\n<p><span style=\"color: #999999;\"><em><strong><br \/>\nFONTE:<\/strong><\/em><\/span><br \/>\n<span style=\"color: #999999;\"><em><strong>WComunica\u00e7\u00e3o<\/strong><\/em><\/span><\/p>\n","protected":false},"excerpt":{"rendered":"<p>Atividades inclu\u00edram palestras, din\u00e2micas interativas e reuni\u00f5es com comunidades e poder p\u00fablico, com foco na preserva\u00e7\u00e3o dos recursos h\u00eddricos<\/p>\n","protected":false},"author":1,"featured_media":21752,"comment_status":"closed","ping_status":"open","sticky":false,"template":"","format":"standard","meta":{"_editorskit_title_hidden":false,"_editorskit_reading_time":0,"_editorskit_is_block_options_detached":false,"_editorskit_block_options_position":"{}","ngg_post_thumbnail":0,"footnotes":""},"categories":[1],"tags":[],"class_list":["post-21758","post","type-post","status-publish","format-standard","has-post-thumbnail","hentry","category-noticias"],"yoast_head":"<!-- This site is optimized with the Yoast SEO plugin v22.5 - https:\/\/yoast.com\/wordpress\/plugins\/seo\/ -->\n<title>VLI realiza a\u00e7\u00f5es em comunidades visando preserva\u00e7\u00e3o da \u00e1gua - Portosma<\/title>\n<meta name=\"robots\" content=\"index, follow, max-snippet:-1, max-image-preview:large, max-video-preview:-1\" \/>\n<link rel=\"canonical\" href=\"https:\/\/portosma.com.br\/index.php\/2025\/04\/16\/vli-promove-acoes-em-comunidades-visando-preservacao-da-agua\/\" \/>\n<meta property=\"og:locale\" content=\"pt_BR\" \/>\n<meta property=\"og:type\" content=\"article\" \/>\n<meta property=\"og:title\" content=\"VLI realiza a\u00e7\u00f5es em comunidades visando preserva\u00e7\u00e3o da \u00e1gua - Portosma\" \/>\n<meta property=\"og:description\" content=\"Atividades inclu\u00edram palestras, din\u00e2micas interativas e reuni\u00f5es com comunidades e poder p\u00fablico, com foco na preserva\u00e7\u00e3o dos recursos h\u00eddricos\" \/>\n<meta property=\"og:url\" content=\"https:\/\/portosma.com.br\/index.php\/2025\/04\/16\/vli-promove-acoes-em-comunidades-visando-preservacao-da-agua\/\" \/>\n<meta property=\"og:site_name\" content=\"Portosma\" \/>\n<meta property=\"article:published_time\" content=\"2025-04-16T13:11:10+00:00\" \/>\n<meta property=\"article:modified_time\" content=\"2025-04-16T13:12:55+00:00\" \/>\n<meta property=\"og:image\" content=\"https:\/\/portosma.com.br\/wp-content\/uploads\/2025\/04\/FOTO-6.jpg\" \/>\n\t<meta property=\"og:image:width\" content=\"1200\" \/>\n\t<meta property=\"og:image:height\" content=\"503\" \/>\n\t<meta property=\"og:image:type\" content=\"image\/jpeg\" \/>\n<meta name=\"author\" content=\"admin\" \/>\n<meta name=\"twitter:card\" content=\"summary_large_image\" \/>\n<meta name=\"twitter:label1\" content=\"Escrito por\" \/>\n\t<meta name=\"twitter:data1\" content=\"admin\" \/>\n\t<meta name=\"twitter:label2\" content=\"Est. tempo de leitura\" \/>\n\t<meta name=\"twitter:data2\" content=\"5 minutos\" \/>\n<script type=\"application\/ld+json\" class=\"yoast-schema-graph\">{\"@context\":\"https:\/\/schema.org\",\"@graph\":[{\"@type\":\"Article\",\"@id\":\"https:\/\/portosma.com.br\/index.php\/2025\/04\/16\/vli-promove-acoes-em-comunidades-visando-preservacao-da-agua\/#article\",\"isPartOf\":{\"@id\":\"https:\/\/portosma.com.br\/index.php\/2025\/04\/16\/vli-promove-acoes-em-comunidades-visando-preservacao-da-agua\/\"},\"author\":{\"name\":\"admin\",\"@id\":\"https:\/\/portosma.com.br\/#\/schema\/person\/fb92dfe283ab47293259c87c813d8623\"},\"headline\":\"VLI realiza a\u00e7\u00f5es em comunidades visando preserva\u00e7\u00e3o da \u00e1gua\",\"datePublished\":\"2025-04-16T13:11:10+00:00\",\"dateModified\":\"2025-04-16T13:12:55+00:00\",\"mainEntityOfPage\":{\"@id\":\"https:\/\/portosma.com.br\/index.php\/2025\/04\/16\/vli-promove-acoes-em-comunidades-visando-preservacao-da-agua\/\"},\"wordCount\":658,\"publisher\":{\"@id\":\"https:\/\/portosma.com.br\/#organization\"},\"image\":{\"@id\":\"https:\/\/portosma.com.br\/index.php\/2025\/04\/16\/vli-promove-acoes-em-comunidades-visando-preservacao-da-agua\/#primaryimage\"},\"thumbnailUrl\":\"https:\/\/portosma.com.br\/wp-content\/uploads\/2025\/04\/FOTO-6.jpg\",\"articleSection\":[\"Not\u00edcias\"],\"inLanguage\":\"pt-BR\"},{\"@type\":\"WebPage\",\"@id\":\"https:\/\/portosma.com.br\/index.php\/2025\/04\/16\/vli-promove-acoes-em-comunidades-visando-preservacao-da-agua\/\",\"url\":\"https:\/\/portosma.com.br\/index.php\/2025\/04\/16\/vli-promove-acoes-em-comunidades-visando-preservacao-da-agua\/\",\"name\":\"VLI realiza a\u00e7\u00f5es em comunidades visando preserva\u00e7\u00e3o da \u00e1gua - Portosma\",\"isPartOf\":{\"@id\":\"https:\/\/portosma.com.br\/#website\"},\"primaryImageOfPage\":{\"@id\":\"https:\/\/portosma.com.br\/index.php\/2025\/04\/16\/vli-promove-acoes-em-comunidades-visando-preservacao-da-agua\/#primaryimage\"},\"image\":{\"@id\":\"https:\/\/portosma.com.br\/index.php\/2025\/04\/16\/vli-promove-acoes-em-comunidades-visando-preservacao-da-agua\/#primaryimage\"},\"thumbnailUrl\":\"https:\/\/portosma.com.br\/wp-content\/uploads\/2025\/04\/FOTO-6.jpg\",\"datePublished\":\"2025-04-16T13:11:10+00:00\",\"dateModified\":\"2025-04-16T13:12:55+00:00\",\"breadcrumb\":{\"@id\":\"https:\/\/portosma.com.br\/index.php\/2025\/04\/16\/vli-promove-acoes-em-comunidades-visando-preservacao-da-agua\/#breadcrumb\"},\"inLanguage\":\"pt-BR\",\"potentialAction\":[{\"@type\":\"ReadAction\",\"target\":[\"https:\/\/portosma.com.br\/index.php\/2025\/04\/16\/vli-promove-acoes-em-comunidades-visando-preservacao-da-agua\/\"]}]},{\"@type\":\"ImageObject\",\"inLanguage\":\"pt-BR\",\"@id\":\"https:\/\/portosma.com.br\/index.php\/2025\/04\/16\/vli-promove-acoes-em-comunidades-visando-preservacao-da-agua\/#primaryimage\",\"url\":\"https:\/\/portosma.com.br\/wp-content\/uploads\/2025\/04\/FOTO-6.jpg\",\"contentUrl\":\"https:\/\/portosma.com.br\/wp-content\/uploads\/2025\/04\/FOTO-6.jpg\",\"width\":1200,\"height\":503},{\"@type\":\"BreadcrumbList\",\"@id\":\"https:\/\/portosma.com.br\/index.php\/2025\/04\/16\/vli-promove-acoes-em-comunidades-visando-preservacao-da-agua\/#breadcrumb\",\"itemListElement\":[{\"@type\":\"ListItem\",\"position\":1,\"name\":\"In\u00edcio\",\"item\":\"https:\/\/portosma.com.br\/\"},{\"@type\":\"ListItem\",\"position\":2,\"name\":\"VLI realiza a\u00e7\u00f5es em comunidades visando preserva\u00e7\u00e3o da \u00e1gua\"}]},{\"@type\":\"WebSite\",\"@id\":\"https:\/\/portosma.com.br\/#website\",\"url\":\"https:\/\/portosma.com.br\/\",\"name\":\"Portosma\",\"description\":\"Um site de not\u00edcias\",\"publisher\":{\"@id\":\"https:\/\/portosma.com.br\/#organization\"},\"potentialAction\":[{\"@type\":\"SearchAction\",\"target\":{\"@type\":\"EntryPoint\",\"urlTemplate\":\"https:\/\/portosma.com.br\/?s={search_term_string}\"},\"query-input\":\"required name=search_term_string\"}],\"inLanguage\":\"pt-BR\"},{\"@type\":\"Organization\",\"@id\":\"https:\/\/portosma.com.br\/#organization\",\"name\":\"Portosma\",\"alternateName\":\"Portosma\",\"url\":\"https:\/\/portosma.com.br\/\",\"logo\":{\"@type\":\"ImageObject\",\"inLanguage\":\"pt-BR\",\"@id\":\"https:\/\/portosma.com.br\/#\/schema\/logo\/image\/\",\"url\":\"https:\/\/portosma.com.br\/wp-content\/uploads\/2026\/03\/cropped-AD-PORTOSMA.jpg\",\"contentUrl\":\"https:\/\/portosma.com.br\/wp-content\/uploads\/2026\/03\/cropped-AD-PORTOSMA.jpg\",\"width\":400,\"height\":115,\"caption\":\"Portosma\"},\"image\":{\"@id\":\"https:\/\/portosma.com.br\/#\/schema\/logo\/image\/\"}},{\"@type\":\"Person\",\"@id\":\"https:\/\/portosma.com.br\/#\/schema\/person\/fb92dfe283ab47293259c87c813d8623\",\"name\":\"admin\",\"sameAs\":[\"https:\/\/portosma.com.br\"],\"url\":\"https:\/\/portosma.com.br\/index.php\/author\/portosma\/\"}]}<\/script>\n<!-- \/ Yoast SEO plugin. -->","yoast_head_json":{"title":"VLI realiza a\u00e7\u00f5es em comunidades visando preserva\u00e7\u00e3o da \u00e1gua - Portosma","robots":{"index":"index","follow":"follow","max-snippet":"max-snippet:-1","max-image-preview":"max-image-preview:large","max-video-preview":"max-video-preview:-1"},"canonical":"https:\/\/portosma.com.br\/index.php\/2025\/04\/16\/vli-promove-acoes-em-comunidades-visando-preservacao-da-agua\/","og_locale":"pt_BR","og_type":"article","og_title":"VLI realiza a\u00e7\u00f5es em comunidades visando preserva\u00e7\u00e3o da \u00e1gua - Portosma","og_description":"Atividades inclu\u00edram palestras, din\u00e2micas interativas e reuni\u00f5es com comunidades e poder p\u00fablico, com foco na preserva\u00e7\u00e3o dos recursos h\u00eddricos","og_url":"https:\/\/portosma.com.br\/index.php\/2025\/04\/16\/vli-promove-acoes-em-comunidades-visando-preservacao-da-agua\/","og_site_name":"Portosma","article_published_time":"2025-04-16T13:11:10+00:00","article_modified_time":"2025-04-16T13:12:55+00:00","og_image":[{"width":1200,"height":503,"url":"https:\/\/portosma.com.br\/wp-content\/uploads\/2025\/04\/FOTO-6.jpg","type":"image\/jpeg"}],"author":"admin","twitter_card":"summary_large_image","twitter_misc":{"Escrito por":"admin","Est. tempo de leitura":"5 minutos"},"schema":{"@context":"https:\/\/schema.org","@graph":[{"@type":"Article","@id":"https:\/\/portosma.com.br\/index.php\/2025\/04\/16\/vli-promove-acoes-em-comunidades-visando-preservacao-da-agua\/#article","isPartOf":{"@id":"https:\/\/portosma.com.br\/index.php\/2025\/04\/16\/vli-promove-acoes-em-comunidades-visando-preservacao-da-agua\/"},"author":{"name":"admin","@id":"https:\/\/portosma.com.br\/#\/schema\/person\/fb92dfe283ab47293259c87c813d8623"},"headline":"VLI realiza a\u00e7\u00f5es em comunidades visando preserva\u00e7\u00e3o da \u00e1gua","datePublished":"2025-04-16T13:11:10+00:00","dateModified":"2025-04-16T13:12:55+00:00","mainEntityOfPage":{"@id":"https:\/\/portosma.com.br\/index.php\/2025\/04\/16\/vli-promove-acoes-em-comunidades-visando-preservacao-da-agua\/"},"wordCount":658,"publisher":{"@id":"https:\/\/portosma.com.br\/#organization"},"image":{"@id":"https:\/\/portosma.com.br\/index.php\/2025\/04\/16\/vli-promove-acoes-em-comunidades-visando-preservacao-da-agua\/#primaryimage"},"thumbnailUrl":"https:\/\/portosma.com.br\/wp-content\/uploads\/2025\/04\/FOTO-6.jpg","articleSection":["Not\u00edcias"],"inLanguage":"pt-BR"},{"@type":"WebPage","@id":"https:\/\/portosma.com.br\/index.php\/2025\/04\/16\/vli-promove-acoes-em-comunidades-visando-preservacao-da-agua\/","url":"https:\/\/portosma.com.br\/index.php\/2025\/04\/16\/vli-promove-acoes-em-comunidades-visando-preservacao-da-agua\/","name":"VLI realiza a\u00e7\u00f5es em comunidades visando preserva\u00e7\u00e3o da \u00e1gua - Portosma","isPartOf":{"@id":"https:\/\/portosma.com.br\/#website"},"primaryImageOfPage":{"@id":"https:\/\/portosma.com.br\/index.php\/2025\/04\/16\/vli-promove-acoes-em-comunidades-visando-preservacao-da-agua\/#primaryimage"},"image":{"@id":"https:\/\/portosma.com.br\/index.php\/2025\/04\/16\/vli-promove-acoes-em-comunidades-visando-preservacao-da-agua\/#primaryimage"},"thumbnailUrl":"https:\/\/portosma.com.br\/wp-content\/uploads\/2025\/04\/FOTO-6.jpg","datePublished":"2025-04-16T13:11:10+00:00","dateModified":"2025-04-16T13:12:55+00:00","breadcrumb":{"@id":"https:\/\/portosma.com.br\/index.php\/2025\/04\/16\/vli-promove-acoes-em-comunidades-visando-preservacao-da-agua\/#breadcrumb"},"inLanguage":"pt-BR","potentialAction":[{"@type":"ReadAction","target":["https:\/\/portosma.com.br\/index.php\/2025\/04\/16\/vli-promove-acoes-em-comunidades-visando-preservacao-da-agua\/"]}]},{"@type":"ImageObject","inLanguage":"pt-BR","@id":"https:\/\/portosma.com.br\/index.php\/2025\/04\/16\/vli-promove-acoes-em-comunidades-visando-preservacao-da-agua\/#primaryimage","url":"https:\/\/portosma.com.br\/wp-content\/uploads\/2025\/04\/FOTO-6.jpg","contentUrl":"https:\/\/portosma.com.br\/wp-content\/uploads\/2025\/04\/FOTO-6.jpg","width":1200,"height":503},{"@type":"BreadcrumbList","@id":"https:\/\/portosma.com.br\/index.php\/2025\/04\/16\/vli-promove-acoes-em-comunidades-visando-preservacao-da-agua\/#breadcrumb","itemListElement":[{"@type":"ListItem","position":1,"name":"In\u00edcio","item":"https:\/\/portosma.com.br\/"},{"@type":"ListItem","position":2,"name":"VLI realiza a\u00e7\u00f5es em comunidades visando preserva\u00e7\u00e3o da \u00e1gua"}]},{"@type":"WebSite","@id":"https:\/\/portosma.com.br\/#website","url":"https:\/\/portosma.com.br\/","name":"Portosma","description":"Um site de not\u00edcias","publisher":{"@id":"https:\/\/portosma.com.br\/#organization"},"potentialAction":[{"@type":"SearchAction","target":{"@type":"EntryPoint","urlTemplate":"https:\/\/portosma.com.br\/?s={search_term_string}"},"query-input":"required name=search_term_string"}],"inLanguage":"pt-BR"},{"@type":"Organization","@id":"https:\/\/portosma.com.br\/#organization","name":"Portosma","alternateName":"Portosma","url":"https:\/\/portosma.com.br\/","logo":{"@type":"ImageObject","inLanguage":"pt-BR","@id":"https:\/\/portosma.com.br\/#\/schema\/logo\/image\/","url":"https:\/\/portosma.com.br\/wp-content\/uploads\/2026\/03\/cropped-AD-PORTOSMA.jpg","contentUrl":"https:\/\/portosma.com.br\/wp-content\/uploads\/2026\/03\/cropped-AD-PORTOSMA.jpg","width":400,"height":115,"caption":"Portosma"},"image":{"@id":"https:\/\/portosma.com.br\/#\/schema\/logo\/image\/"}},{"@type":"Person","@id":"https:\/\/portosma.com.br\/#\/schema\/person\/fb92dfe283ab47293259c87c813d8623","name":"admin","sameAs":["https:\/\/portosma.com.br"],"url":"https:\/\/portosma.com.br\/index.php\/author\/portosma\/"}]}},"_links":{"self":[{"href":"https:\/\/portosma.com.br\/index.php\/wp-json\/wp\/v2\/posts\/21758","targetHints":{"allow":["GET"]}}],"collection":[{"href":"https:\/\/portosma.com.br\/index.php\/wp-json\/wp\/v2\/posts"}],"about":[{"href":"https:\/\/portosma.com.br\/index.php\/wp-json\/wp\/v2\/types\/post"}],"author":[{"embeddable":true,"href":"https:\/\/portosma.com.br\/index.php\/wp-json\/wp\/v2\/users\/1"}],"replies":[{"embeddable":true,"href":"https:\/\/portosma.com.br\/index.php\/wp-json\/wp\/v2\/comments?post=21758"}],"version-history":[{"count":4,"href":"https:\/\/portosma.com.br\/index.php\/wp-json\/wp\/v2\/posts\/21758\/revisions"}],"predecessor-version":[{"id":21762,"href":"https:\/\/portosma.com.br\/index.php\/wp-json\/wp\/v2\/posts\/21758\/revisions\/21762"}],"wp:featuredmedia":[{"embeddable":true,"href":"https:\/\/portosma.com.br\/index.php\/wp-json\/wp\/v2\/media\/21752"}],"wp:attachment":[{"href":"https:\/\/portosma.com.br\/index.php\/wp-json\/wp\/v2\/media?parent=21758"}],"wp:term":[{"taxonomy":"category","embeddable":true,"href":"https:\/\/portosma.com.br\/index.php\/wp-json\/wp\/v2\/categories?post=21758"},{"taxonomy":"post_tag","embeddable":true,"href":"https:\/\/portosma.com.br\/index.php\/wp-json\/wp\/v2\/tags?post=21758"}],"curies":[{"name":"wp","href":"https:\/\/api.w.org\/{rel}","templated":true}]}}