{"id":21480,"date":"2025-04-04T22:05:58","date_gmt":"2025-04-04T22:05:58","guid":{"rendered":"https:\/\/portosma.com.br\/?p=21480"},"modified":"2025-04-04T22:07:53","modified_gmt":"2025-04-04T22:07:53","slug":"antt-debate-sobre-a-resolucao-do-chamamento-publico-de-ferrovias","status":"publish","type":"post","link":"https:\/\/portosma.com.br\/index.php\/2025\/04\/04\/antt-debate-sobre-a-resolucao-do-chamamento-publico-de-ferrovias\/","title":{"rendered":"ANTT debate sobre a Resolu\u00e7\u00e3o do Chamamento P\u00fablico de Ferrovias"},"content":{"rendered":"<div id=\"viewlet-above-content-body\">\n<h4 id=\"media\"><em><span style=\"color: #808080;\">Evento discute o futuro da explora\u00e7\u00e3o ferrovi\u00e1ria no Brasil e lan\u00e7a a Reuni\u00e3o Participativa para chamamento de novos trechos ferrovi\u00e1rios.<\/span><\/em><\/h4>\n<\/div>\n<div id=\"content-core\">\n<div id=\"parent-fieldname-text\" class=\"\">\n<p>A Ag\u00eancia Nacional de Transportes Terrestres (ANTT) convida para o evento Novos Caminhos Ferrovi\u00e1rios: Debate sobre a Resolu\u00e7\u00e3o do Chamamento P\u00fablico de Ferrovias, que ser\u00e1 realizado no dia 15 de abril de 2025, no audit\u00f3rio do edif\u00edcio-sede da ANTT, em Bras\u00edlia-DF. O evento ser\u00e1 um espa\u00e7o dedicado \u00e0 apresenta\u00e7\u00e3o da Resolu\u00e7\u00e3o do Chamamento P\u00fablico de Ferrovias, abordando a explora\u00e7\u00e3o indireta de ferrovias federais por meio de outorga por autoriza\u00e7\u00e3o e promovendo o lan\u00e7amento da Reuni\u00e3o Participativa para chamamento dos trechos ferrovi\u00e1rios de interesse.<\/p>\n<p>A Resolu\u00e7\u00e3o traz mais clareza, seguran\u00e7a jur\u00eddica e efici\u00eancia ao processo de outorga, em conson\u00e2ncia com o Marco Legal das Ferrovias e as pol\u00edticas p\u00fablicas voltadas \u00e0 amplia\u00e7\u00e3o da participa\u00e7\u00e3o privada no setor ferrovi\u00e1rio. As inscri\u00e7\u00f5es podem ser realizadas at\u00e9 o dia 11 de abril. Clique aqui para se inscrever.<\/p>\n<p><strong>Programa\u00e7\u00e3o<\/strong><\/p>\n<p>14h00 \u2013 Credenciamento<br \/>\n14h30 \u2013 Abertura:<br \/>\n*** Guilherme Sampaio &#8211; Diretor-Geral da ANTT<br \/>\n*** Lucas Asfor &#8211; Diretor da ANTT<br \/>\n*** Felipe Queiroz &#8211; Diretor da ANTT<br \/>\n*** Leonardo Ribeiro &#8211; Secret\u00e1rio Nacional de Transporte Ferrovi\u00e1rio \u2013 SNTF<br \/>\n*** Alessandro Baumgartner &#8211; Superintendente de Transporte Ferrovi\u00e1rio da ANIN<br \/>\n*** Luiz Henrique Teixeira Baldez &#8211; Presidente da ANUT<\/p>\n<p><strong>15h00 &#8211; Painel 1 &#8211; Hist\u00f3rico, Processo Normativo e Projetos Eleg\u00edveis<\/strong><\/p>\n<p>Palestrantes:<br \/>\n*** Jean Mafra &#8211; Assessor-T\u00e9cnico da Diretoria Lucas Asfor da ANTT<br \/>\n*** H\u00e9lio Roberto Sousa &#8211; Diretor de Outorgas Ferrovi\u00e1rias da SNTF<\/p>\n<p><strong>15h30 &#8211; Painel 2: Habilita\u00e7\u00e3o para o Chamamento P\u00fablico e Contrato de Autoriza\u00e7\u00e3o<\/strong><\/p>\n<p>Palestrantes:<br \/>\n*** Fernando Feitosa &#8211; Gerente de Regula\u00e7\u00e3o Ferrovi\u00e1ria da ANTT<br \/>\n*** Gilson Matos &#8211; Assessor-T\u00e9cnico da Diretoria Geral da ANTT<\/p>\n<p><strong>16h00 &#8211; An\u00fancio SUFER<\/strong><\/p>\n<p>Lan\u00e7amento da Reuni\u00e3o Participativa<br \/>\n*** Alessandro Baumgartner &#8211; Superintendente de Transporte Ferrovi\u00e1rio da ANTT<\/p>\n<p><strong>16h15 &#8211; Perguntas e Respostas<\/strong><\/p>\n<p><strong>17h00 \u2013 Encerramento<\/strong><\/p>\n<h4><strong>Servi\u00e7o<\/strong><\/h4>\n<p>Novos Caminhos Ferrovi\u00e1rios: Debate sobre a Resolu\u00e7\u00e3o do Chamamento P\u00fablico de Ferrovias<\/p>\n<p>Data: 15 de abril de 2025<\/p>\n<p>Hor\u00e1rio: 14h \u00e0s 17h;<\/p>\n<p>Local: Audit\u00f3rio do edif\u00edcio-sede da ANTT, Bras\u00edlia-DF<\/p>\n<p>Inscri\u00e7\u00f5es: <a href=\"https:\/\/forms.office.com\/pages\/responsepage.aspx?id=3um7h5Ko3kykZoj5gvvEkBR-Do0buSJMt15P5r37xYVUQUJQVFdLN0FVMlpNWTZHUUVKSFdBSTZHMS4u&amp;route=shorturl\">Formul\u00e1rio de Inscri\u00e7\u00e3o<\/a><\/p>\n<\/div>\n<\/div>\n","protected":false},"excerpt":{"rendered":"<p>Evento discute o futuro da explora\u00e7\u00e3o ferrovi\u00e1ria no Brasil e lan\u00e7a a Reuni\u00e3o Participativa para chamamento de novos trechos ferrovi\u00e1rios no Brasil.<\/p>\n","protected":false},"author":1,"featured_media":21481,"comment_status":"closed","ping_status":"open","sticky":false,"template":"","format":"standard","meta":{"_editorskit_title_hidden":false,"_editorskit_reading_time":0,"_editorskit_is_block_options_detached":false,"_editorskit_block_options_position":"{}","ngg_post_thumbnail":0,"footnotes":""},"categories":[1],"tags":[],"class_list":["post-21480","post","type-post","status-publish","format-standard","has-post-thumbnail","hentry","category-noticias"],"yoast_head":"<!-- This site is optimized with the Yoast SEO plugin v22.5 - https:\/\/yoast.com\/wordpress\/plugins\/seo\/ -->\n<title>ANTT debate sobre a Resolu\u00e7\u00e3o do Chamamento P\u00fablico de Ferrovias - Portosma<\/title>\n<meta name=\"robots\" content=\"index, follow, max-snippet:-1, max-image-preview:large, max-video-preview:-1\" \/>\n<link rel=\"canonical\" href=\"https:\/\/portosma.com.br\/index.php\/2025\/04\/04\/antt-debate-sobre-a-resolucao-do-chamamento-publico-de-ferrovias\/\" \/>\n<meta property=\"og:locale\" content=\"pt_BR\" \/>\n<meta property=\"og:type\" content=\"article\" \/>\n<meta property=\"og:title\" content=\"ANTT debate sobre a Resolu\u00e7\u00e3o do Chamamento P\u00fablico de Ferrovias - Portosma\" \/>\n<meta property=\"og:description\" content=\"Evento discute o futuro da explora\u00e7\u00e3o ferrovi\u00e1ria no Brasil e lan\u00e7a a Reuni\u00e3o Participativa para chamamento de novos trechos ferrovi\u00e1rios no Brasil.\" \/>\n<meta property=\"og:url\" content=\"https:\/\/portosma.com.br\/index.php\/2025\/04\/04\/antt-debate-sobre-a-resolucao-do-chamamento-publico-de-ferrovias\/\" \/>\n<meta property=\"og:site_name\" content=\"Portosma\" \/>\n<meta property=\"article:published_time\" content=\"2025-04-04T22:05:58+00:00\" \/>\n<meta property=\"article:modified_time\" content=\"2025-04-04T22:07:53+00:00\" \/>\n<meta property=\"og:image\" content=\"https:\/\/portosma.com.br\/wp-content\/uploads\/2025\/04\/FERROVIAAAAAAAS.jpg\" \/>\n\t<meta property=\"og:image:width\" content=\"1200\" \/>\n\t<meta property=\"og:image:height\" content=\"506\" \/>\n\t<meta property=\"og:image:type\" content=\"image\/jpeg\" \/>\n<meta name=\"author\" content=\"admin\" \/>\n<meta name=\"twitter:card\" content=\"summary_large_image\" \/>\n<meta name=\"twitter:label1\" content=\"Escrito por\" \/>\n\t<meta name=\"twitter:data1\" content=\"admin\" \/>\n\t<meta name=\"twitter:label2\" content=\"Est. tempo de leitura\" \/>\n\t<meta name=\"twitter:data2\" content=\"2 minutos\" \/>\n<script type=\"application\/ld+json\" class=\"yoast-schema-graph\">{\"@context\":\"https:\/\/schema.org\",\"@graph\":[{\"@type\":\"Article\",\"@id\":\"https:\/\/portosma.com.br\/index.php\/2025\/04\/04\/antt-debate-sobre-a-resolucao-do-chamamento-publico-de-ferrovias\/#article\",\"isPartOf\":{\"@id\":\"https:\/\/portosma.com.br\/index.php\/2025\/04\/04\/antt-debate-sobre-a-resolucao-do-chamamento-publico-de-ferrovias\/\"},\"author\":{\"name\":\"admin\",\"@id\":\"https:\/\/portosma.com.br\/#\/schema\/person\/fb92dfe283ab47293259c87c813d8623\"},\"headline\":\"ANTT debate sobre a Resolu\u00e7\u00e3o do Chamamento P\u00fablico de Ferrovias\",\"datePublished\":\"2025-04-04T22:05:58+00:00\",\"dateModified\":\"2025-04-04T22:07:53+00:00\",\"mainEntityOfPage\":{\"@id\":\"https:\/\/portosma.com.br\/index.php\/2025\/04\/04\/antt-debate-sobre-a-resolucao-do-chamamento-publico-de-ferrovias\/\"},\"wordCount\":389,\"publisher\":{\"@id\":\"https:\/\/portosma.com.br\/#organization\"},\"image\":{\"@id\":\"https:\/\/portosma.com.br\/index.php\/2025\/04\/04\/antt-debate-sobre-a-resolucao-do-chamamento-publico-de-ferrovias\/#primaryimage\"},\"thumbnailUrl\":\"https:\/\/portosma.com.br\/wp-content\/uploads\/2025\/04\/FERROVIAAAAAAAS.jpg\",\"articleSection\":[\"Not\u00edcias\"],\"inLanguage\":\"pt-BR\"},{\"@type\":\"WebPage\",\"@id\":\"https:\/\/portosma.com.br\/index.php\/2025\/04\/04\/antt-debate-sobre-a-resolucao-do-chamamento-publico-de-ferrovias\/\",\"url\":\"https:\/\/portosma.com.br\/index.php\/2025\/04\/04\/antt-debate-sobre-a-resolucao-do-chamamento-publico-de-ferrovias\/\",\"name\":\"ANTT debate sobre a Resolu\u00e7\u00e3o do Chamamento P\u00fablico de Ferrovias - Portosma\",\"isPartOf\":{\"@id\":\"https:\/\/portosma.com.br\/#website\"},\"primaryImageOfPage\":{\"@id\":\"https:\/\/portosma.com.br\/index.php\/2025\/04\/04\/antt-debate-sobre-a-resolucao-do-chamamento-publico-de-ferrovias\/#primaryimage\"},\"image\":{\"@id\":\"https:\/\/portosma.com.br\/index.php\/2025\/04\/04\/antt-debate-sobre-a-resolucao-do-chamamento-publico-de-ferrovias\/#primaryimage\"},\"thumbnailUrl\":\"https:\/\/portosma.com.br\/wp-content\/uploads\/2025\/04\/FERROVIAAAAAAAS.jpg\",\"datePublished\":\"2025-04-04T22:05:58+00:00\",\"dateModified\":\"2025-04-04T22:07:53+00:00\",\"breadcrumb\":{\"@id\":\"https:\/\/portosma.com.br\/index.php\/2025\/04\/04\/antt-debate-sobre-a-resolucao-do-chamamento-publico-de-ferrovias\/#breadcrumb\"},\"inLanguage\":\"pt-BR\",\"potentialAction\":[{\"@type\":\"ReadAction\",\"target\":[\"https:\/\/portosma.com.br\/index.php\/2025\/04\/04\/antt-debate-sobre-a-resolucao-do-chamamento-publico-de-ferrovias\/\"]}]},{\"@type\":\"ImageObject\",\"inLanguage\":\"pt-BR\",\"@id\":\"https:\/\/portosma.com.br\/index.php\/2025\/04\/04\/antt-debate-sobre-a-resolucao-do-chamamento-publico-de-ferrovias\/#primaryimage\",\"url\":\"https:\/\/portosma.com.br\/wp-content\/uploads\/2025\/04\/FERROVIAAAAAAAS.jpg\",\"contentUrl\":\"https:\/\/portosma.com.br\/wp-content\/uploads\/2025\/04\/FERROVIAAAAAAAS.jpg\",\"width\":1200,\"height\":506},{\"@type\":\"BreadcrumbList\",\"@id\":\"https:\/\/portosma.com.br\/index.php\/2025\/04\/04\/antt-debate-sobre-a-resolucao-do-chamamento-publico-de-ferrovias\/#breadcrumb\",\"itemListElement\":[{\"@type\":\"ListItem\",\"position\":1,\"name\":\"In\u00edcio\",\"item\":\"https:\/\/portosma.com.br\/\"},{\"@type\":\"ListItem\",\"position\":2,\"name\":\"ANTT debate sobre a Resolu\u00e7\u00e3o do Chamamento P\u00fablico de Ferrovias\"}]},{\"@type\":\"WebSite\",\"@id\":\"https:\/\/portosma.com.br\/#website\",\"url\":\"https:\/\/portosma.com.br\/\",\"name\":\"Portosma\",\"description\":\"Um site de not\u00edcias\",\"publisher\":{\"@id\":\"https:\/\/portosma.com.br\/#organization\"},\"potentialAction\":[{\"@type\":\"SearchAction\",\"target\":{\"@type\":\"EntryPoint\",\"urlTemplate\":\"https:\/\/portosma.com.br\/?s={search_term_string}\"},\"query-input\":\"required name=search_term_string\"}],\"inLanguage\":\"pt-BR\"},{\"@type\":\"Organization\",\"@id\":\"https:\/\/portosma.com.br\/#organization\",\"name\":\"Portosma\",\"alternateName\":\"Portosma\",\"url\":\"https:\/\/portosma.com.br\/\",\"logo\":{\"@type\":\"ImageObject\",\"inLanguage\":\"pt-BR\",\"@id\":\"https:\/\/portosma.com.br\/#\/schema\/logo\/image\/\",\"url\":\"https:\/\/portosma.com.br\/wp-content\/uploads\/2026\/03\/cropped-AD-PORTOSMA.jpg\",\"contentUrl\":\"https:\/\/portosma.com.br\/wp-content\/uploads\/2026\/03\/cropped-AD-PORTOSMA.jpg\",\"width\":400,\"height\":115,\"caption\":\"Portosma\"},\"image\":{\"@id\":\"https:\/\/portosma.com.br\/#\/schema\/logo\/image\/\"}},{\"@type\":\"Person\",\"@id\":\"https:\/\/portosma.com.br\/#\/schema\/person\/fb92dfe283ab47293259c87c813d8623\",\"name\":\"admin\",\"sameAs\":[\"https:\/\/portosma.com.br\"],\"url\":\"https:\/\/portosma.com.br\/index.php\/author\/portosma\/\"}]}<\/script>\n<!-- \/ Yoast SEO plugin. -->","yoast_head_json":{"title":"ANTT debate sobre a Resolu\u00e7\u00e3o do Chamamento P\u00fablico de Ferrovias - Portosma","robots":{"index":"index","follow":"follow","max-snippet":"max-snippet:-1","max-image-preview":"max-image-preview:large","max-video-preview":"max-video-preview:-1"},"canonical":"https:\/\/portosma.com.br\/index.php\/2025\/04\/04\/antt-debate-sobre-a-resolucao-do-chamamento-publico-de-ferrovias\/","og_locale":"pt_BR","og_type":"article","og_title":"ANTT debate sobre a Resolu\u00e7\u00e3o do Chamamento P\u00fablico de Ferrovias - Portosma","og_description":"Evento discute o futuro da explora\u00e7\u00e3o ferrovi\u00e1ria no Brasil e lan\u00e7a a Reuni\u00e3o Participativa para chamamento de novos trechos ferrovi\u00e1rios no Brasil.","og_url":"https:\/\/portosma.com.br\/index.php\/2025\/04\/04\/antt-debate-sobre-a-resolucao-do-chamamento-publico-de-ferrovias\/","og_site_name":"Portosma","article_published_time":"2025-04-04T22:05:58+00:00","article_modified_time":"2025-04-04T22:07:53+00:00","og_image":[{"width":1200,"height":506,"url":"https:\/\/portosma.com.br\/wp-content\/uploads\/2025\/04\/FERROVIAAAAAAAS.jpg","type":"image\/jpeg"}],"author":"admin","twitter_card":"summary_large_image","twitter_misc":{"Escrito por":"admin","Est. tempo de leitura":"2 minutos"},"schema":{"@context":"https:\/\/schema.org","@graph":[{"@type":"Article","@id":"https:\/\/portosma.com.br\/index.php\/2025\/04\/04\/antt-debate-sobre-a-resolucao-do-chamamento-publico-de-ferrovias\/#article","isPartOf":{"@id":"https:\/\/portosma.com.br\/index.php\/2025\/04\/04\/antt-debate-sobre-a-resolucao-do-chamamento-publico-de-ferrovias\/"},"author":{"name":"admin","@id":"https:\/\/portosma.com.br\/#\/schema\/person\/fb92dfe283ab47293259c87c813d8623"},"headline":"ANTT debate sobre a Resolu\u00e7\u00e3o do Chamamento P\u00fablico de Ferrovias","datePublished":"2025-04-04T22:05:58+00:00","dateModified":"2025-04-04T22:07:53+00:00","mainEntityOfPage":{"@id":"https:\/\/portosma.com.br\/index.php\/2025\/04\/04\/antt-debate-sobre-a-resolucao-do-chamamento-publico-de-ferrovias\/"},"wordCount":389,"publisher":{"@id":"https:\/\/portosma.com.br\/#organization"},"image":{"@id":"https:\/\/portosma.com.br\/index.php\/2025\/04\/04\/antt-debate-sobre-a-resolucao-do-chamamento-publico-de-ferrovias\/#primaryimage"},"thumbnailUrl":"https:\/\/portosma.com.br\/wp-content\/uploads\/2025\/04\/FERROVIAAAAAAAS.jpg","articleSection":["Not\u00edcias"],"inLanguage":"pt-BR"},{"@type":"WebPage","@id":"https:\/\/portosma.com.br\/index.php\/2025\/04\/04\/antt-debate-sobre-a-resolucao-do-chamamento-publico-de-ferrovias\/","url":"https:\/\/portosma.com.br\/index.php\/2025\/04\/04\/antt-debate-sobre-a-resolucao-do-chamamento-publico-de-ferrovias\/","name":"ANTT debate sobre a Resolu\u00e7\u00e3o do Chamamento P\u00fablico de Ferrovias - Portosma","isPartOf":{"@id":"https:\/\/portosma.com.br\/#website"},"primaryImageOfPage":{"@id":"https:\/\/portosma.com.br\/index.php\/2025\/04\/04\/antt-debate-sobre-a-resolucao-do-chamamento-publico-de-ferrovias\/#primaryimage"},"image":{"@id":"https:\/\/portosma.com.br\/index.php\/2025\/04\/04\/antt-debate-sobre-a-resolucao-do-chamamento-publico-de-ferrovias\/#primaryimage"},"thumbnailUrl":"https:\/\/portosma.com.br\/wp-content\/uploads\/2025\/04\/FERROVIAAAAAAAS.jpg","datePublished":"2025-04-04T22:05:58+00:00","dateModified":"2025-04-04T22:07:53+00:00","breadcrumb":{"@id":"https:\/\/portosma.com.br\/index.php\/2025\/04\/04\/antt-debate-sobre-a-resolucao-do-chamamento-publico-de-ferrovias\/#breadcrumb"},"inLanguage":"pt-BR","potentialAction":[{"@type":"ReadAction","target":["https:\/\/portosma.com.br\/index.php\/2025\/04\/04\/antt-debate-sobre-a-resolucao-do-chamamento-publico-de-ferrovias\/"]}]},{"@type":"ImageObject","inLanguage":"pt-BR","@id":"https:\/\/portosma.com.br\/index.php\/2025\/04\/04\/antt-debate-sobre-a-resolucao-do-chamamento-publico-de-ferrovias\/#primaryimage","url":"https:\/\/portosma.com.br\/wp-content\/uploads\/2025\/04\/FERROVIAAAAAAAS.jpg","contentUrl":"https:\/\/portosma.com.br\/wp-content\/uploads\/2025\/04\/FERROVIAAAAAAAS.jpg","width":1200,"height":506},{"@type":"BreadcrumbList","@id":"https:\/\/portosma.com.br\/index.php\/2025\/04\/04\/antt-debate-sobre-a-resolucao-do-chamamento-publico-de-ferrovias\/#breadcrumb","itemListElement":[{"@type":"ListItem","position":1,"name":"In\u00edcio","item":"https:\/\/portosma.com.br\/"},{"@type":"ListItem","position":2,"name":"ANTT debate sobre a Resolu\u00e7\u00e3o do Chamamento P\u00fablico de Ferrovias"}]},{"@type":"WebSite","@id":"https:\/\/portosma.com.br\/#website","url":"https:\/\/portosma.com.br\/","name":"Portosma","description":"Um site de not\u00edcias","publisher":{"@id":"https:\/\/portosma.com.br\/#organization"},"potentialAction":[{"@type":"SearchAction","target":{"@type":"EntryPoint","urlTemplate":"https:\/\/portosma.com.br\/?s={search_term_string}"},"query-input":"required name=search_term_string"}],"inLanguage":"pt-BR"},{"@type":"Organization","@id":"https:\/\/portosma.com.br\/#organization","name":"Portosma","alternateName":"Portosma","url":"https:\/\/portosma.com.br\/","logo":{"@type":"ImageObject","inLanguage":"pt-BR","@id":"https:\/\/portosma.com.br\/#\/schema\/logo\/image\/","url":"https:\/\/portosma.com.br\/wp-content\/uploads\/2026\/03\/cropped-AD-PORTOSMA.jpg","contentUrl":"https:\/\/portosma.com.br\/wp-content\/uploads\/2026\/03\/cropped-AD-PORTOSMA.jpg","width":400,"height":115,"caption":"Portosma"},"image":{"@id":"https:\/\/portosma.com.br\/#\/schema\/logo\/image\/"}},{"@type":"Person","@id":"https:\/\/portosma.com.br\/#\/schema\/person\/fb92dfe283ab47293259c87c813d8623","name":"admin","sameAs":["https:\/\/portosma.com.br"],"url":"https:\/\/portosma.com.br\/index.php\/author\/portosma\/"}]}},"_links":{"self":[{"href":"https:\/\/portosma.com.br\/index.php\/wp-json\/wp\/v2\/posts\/21480","targetHints":{"allow":["GET"]}}],"collection":[{"href":"https:\/\/portosma.com.br\/index.php\/wp-json\/wp\/v2\/posts"}],"about":[{"href":"https:\/\/portosma.com.br\/index.php\/wp-json\/wp\/v2\/types\/post"}],"author":[{"embeddable":true,"href":"https:\/\/portosma.com.br\/index.php\/wp-json\/wp\/v2\/users\/1"}],"replies":[{"embeddable":true,"href":"https:\/\/portosma.com.br\/index.php\/wp-json\/wp\/v2\/comments?post=21480"}],"version-history":[{"count":5,"href":"https:\/\/portosma.com.br\/index.php\/wp-json\/wp\/v2\/posts\/21480\/revisions"}],"predecessor-version":[{"id":21486,"href":"https:\/\/portosma.com.br\/index.php\/wp-json\/wp\/v2\/posts\/21480\/revisions\/21486"}],"wp:featuredmedia":[{"embeddable":true,"href":"https:\/\/portosma.com.br\/index.php\/wp-json\/wp\/v2\/media\/21481"}],"wp:attachment":[{"href":"https:\/\/portosma.com.br\/index.php\/wp-json\/wp\/v2\/media?parent=21480"}],"wp:term":[{"taxonomy":"category","embeddable":true,"href":"https:\/\/portosma.com.br\/index.php\/wp-json\/wp\/v2\/categories?post=21480"},{"taxonomy":"post_tag","embeddable":true,"href":"https:\/\/portosma.com.br\/index.php\/wp-json\/wp\/v2\/tags?post=21480"}],"curies":[{"name":"wp","href":"https:\/\/api.w.org\/{rel}","templated":true}]}}